{"id":9996,"date":"2025-09-12T16:17:17","date_gmt":"2025-09-12T14:17:17","guid":{"rendered":"https:\/\/vieassociative.be\/actualites\/bresil-bolsonaro-condamne-a-plus-de-27-ans-de-prison\/"},"modified":"2025-09-12T16:17:17","modified_gmt":"2025-09-12T14:17:17","slug":"bresil-bolsonaro-condamne-a-plus-de-27-ans-de-prison","status":"publish","type":"post","link":"https:\/\/vieassociative.be\/actualites\/bresil-bolsonaro-condamne-a-plus-de-27-ans-de-prison\/","title":{"rendered":"Br\u00e9sil: Bolsonaro condamn\u00e9 \u00e0 plus de 27 ans de prison"},"content":{"rendered":"<p><strong>L&rsquo;ancien pr\u00e9sident du Br\u00e9sil, Jair Bolsonaro, a \u00e9t\u00e9 condamn\u00e9 \u00e0 plus de 27 ans de prison pour une tentative de prison de coup d&rsquo;\u00c9tat. La majorit\u00e9 des cinq chambres de la Cour f\u00e9d\u00e9rale supr\u00eame ont parl\u00e9 \u00e0 l&rsquo;homme de 70 ans. Cela fait de Bolsonaro le premier ex-pr\u00e9sident du Br\u00e9sil \u00e0 \u00eatre condamn\u00e9 pour avoir tent\u00e9 de renverser.<\/strong><\/p>\n<p><span id=\"more-424379\"><\/span>Bolsonaro lui-m\u00eame n&rsquo;\u00e9tait pas personnellement apparu sur le quai. Depuis le d\u00e9but du mois d&rsquo;ao\u00fbt, il est en r\u00e9sidence surveill\u00e9e pour violation. Le verdict \u00e9tait initialement pr\u00e9vu vendredi. \u00c9tant donn\u00e9 qu&rsquo;un appel peut encore \u00eatre d\u00e9pos\u00e9 \u00e0 la Cour supr\u00eame, la peine de prison n&rsquo;est pas imm\u00e9diatement impos\u00e9e. Selon les experts, il est peu probable de contester le jugement.<\/p>\n<p><strong>&#8211; Plans de garniture apr\u00e8s la d\u00e9faite des \u00e9lections:<\/strong> Selon le bureau du procureur et le juge, Bolsonaro avait pr\u00e9vu un coup d&rsquo;\u00c9tat pour le gouvernement de son successeur gauche Luiz In\u00e1cio Lula da Silva apr\u00e8s sa d\u00e9faite \u00e9lectorale \u00e0 la fin de 2022 et des alli\u00e9s. L&rsquo;objectif \u00e9tait d&rsquo;imposer un \u00e9tat d&rsquo;urgence et d&rsquo;appliquer de nouvelles \u00e9lections &#8211; mais Bolsonaro n&rsquo;a pas remport\u00e9 le soutien des dirigeants militaires.<\/p>\n<div id=\"attachment_424381\" class=\"wp-caption alignleft\" style=\"max-width: 300px\"><img decoding=\"async\" class=\"wp-image-424381 size-medium\" src=\"https:\/\/vieassociative.be\/actualites\/wp-content\/uploads\/2025\/09\/Bresil-Bolsonaro-condamne-a-plus-de-27-ans-de-prison.jpg\" alt=\"\" width=\"300\" height=\"150\"><\/div>\n<p>Le 8 janvier 2023, quelques jours apr\u00e8s la fin de Lula, les disciples du politicien l\u00e9gal ont pris d&rsquo;assaut le Congr\u00e8s, la Cour supr\u00eame et le palais pr\u00e9sidentiel \u00e0 Bras\u00edlia. M\u00eame si Bolsonaro n&rsquo;\u00e9tait pas au Br\u00e9sil lui-m\u00eame ce jour-l\u00e0, mais aux \u00c9tats-Unis, le tribunal l&rsquo;accuse d&rsquo;une participation indirecte aux \u00e9v\u00e9nements. En outre, Bolsonaro aurait connu des plans de meurtre contre Lula, le vice-pr\u00e9sident Geraldo Alckmin et le juge Alexandre de Moraes.<\/p>\n<p>La d\u00e9fense de Bolsonaro a rejet\u00e9 les all\u00e9gations tout au long de la proc\u00e9dure et a fait valoir qu&rsquo;il n&rsquo;y avait aucune preuve valable de la participation de Bolsonaro \u00e0 un plan de surveillance. Ses avocats ont parl\u00e9 d&rsquo;un \u00abprocessus politique\u00bb dans lequel son client n&rsquo;avait aucune chance. Ils ont fait r\u00e9f\u00e9rence au plus haut juge Moraes, qui a jou\u00e9 \u00e0 la fois un r\u00f4le central dans l&rsquo;enqu\u00eate et a \u00e9t\u00e9 mentionn\u00e9 comme un objectif pr\u00e9sum\u00e9 des plans du coup d&rsquo;\u00c9tat. Le tribunal \u00e9tait donc in\u00e9vitable.<\/p>\n<p>Bolsonaro a non seulement \u00e9t\u00e9 reconnu coupable de tentatives de coupons, mais aussi pour l&rsquo;abolition violente de l&rsquo;\u00c9tat constitutionnel d\u00e9mocratique, de la participation \u00e0 une association p\u00e9nale, des actifs culturels prot\u00e9g\u00e9s par des dommages et des dommages mat\u00e9riels. En outre, sept membres militaires et anciens de haut rang ont \u00e9galement \u00e9t\u00e9 condamn\u00e9s, notamment le ministre de la d\u00e9fense Paulo S\u00e9rgio Nogueira, la pelouse marine Almir Garnier et Bolsonaros, alors consultante en s\u00e9curit\u00e9 Augusto Heleno.<\/p>\n<div id=\"attachment_424383\" class=\"wp-caption alignleft\" style=\"max-width: 300px\"><img fetchpriority=\"high\" decoding=\"async\" class=\"wp-image-424383 size-medium\" src=\"https:\/\/vieassociative.be\/actualites\/wp-content\/uploads\/2025\/09\/1757686637_809_Bresil-Bolsonaro-condamne-a-plus-de-27-ans-de-prison.jpg\" alt=\"\" width=\"300\" height=\"200\"><\/div>\n<p><strong>&#8211; Jugement des juges:<\/strong> Le juge Moraes a d\u00e9crit Bolsonaro comme le \u00ab\u00a0chef d&rsquo;une organisation criminelle\u00a0\u00bb et a \u00e9num\u00e9r\u00e9 en d\u00e9tail de nombreuses preuves de la tentative de trop se d\u00e9rouler. Il s&rsquo;agit notamment des attaques publiques contre le syst\u00e8me \u00e9lectoral, des r\u00e9unions minist\u00e9rielles secr\u00e8tes, des r\u00e9unions avec des ambassadeurs et des conceptions d&rsquo;une baisse de renversement ainsi que des \u00e9meutes violentes du 8 janvier. \u00ab\u00a0Ce n&rsquo;\u00e9tait pas un dimanche dans le parc, pas un voyage \u00e0 Disneyland\u00a0\u00bb, a d\u00e9clar\u00e9 Moraes concernant la temp\u00eate sur les b\u00e2timents du gouvernement.<\/p>\n<p>Quatre des cinq juges ont vot\u00e9 pour une condamnation de Bolsonaro, seul le juge Luiz Fux a vot\u00e9 pour un acquittement, car selon lui, la preuve ne donnerait pas la preuve de l&rsquo;accusation d&rsquo;une tentative de prison de coup d&rsquo;\u00c9tat.<\/p>\n<p>\u00c9tant donn\u00e9 que la proc\u00e9dure est n\u00e9goci\u00e9e devant la Cour supr\u00eame, il n&rsquo;y a pas de cas plus \u00e9lev\u00e9. Selon des experts, un nouvel examen des litiges individuels dans la pl\u00e9ni\u00e8re avec onze juges n&rsquo;aurait \u00e9t\u00e9 possible que dans au moins deux voix diff\u00e9rentes. Les avocats de Bolsonaro peuvent contester des ambigu\u00eft\u00e9s officielles dans le jugement &#8211; des changements plus importants dans le contenu sont peu probables. Ce n&rsquo;est que lorsqu&rsquo;il est d\u00e9cid\u00e9 que le jugement devient d\u00e9finitif et ex\u00e9cutoire. (DPA)<\/p>\n","protected":false},"excerpt":{"rendered":"<p>L&rsquo;ancien pr\u00e9sident du Br\u00e9sil, Jair Bolsonaro, a \u00e9t\u00e9 condamn\u00e9 \u00e0 plus de 27 ans de prison pour une tentative de prison de coup d&rsquo;\u00c9tat. La<\/p>\n","protected":false},"author":1,"featured_media":9997,"comment_status":"","ping_status":"","sticky":false,"template":"","format":"standard","meta":{"footnotes":""},"categories":[298],"tags":[584,8520,8519,4139,4140],"class_list":["post-9996","post","type-post","status-publish","format-standard","has-post-thumbnail","hentry","category-belgique","tag-ans","tag-bolsonaro","tag-bresil","tag-condamne","tag-prison","generate-columns","tablet-grid-50","mobile-grid-100","grid-parent","grid-33"],"yoast_head":"<!-- This site is optimized with the Yoast SEO plugin v24.0 - https:\/\/yoast.com\/wordpress\/plugins\/seo\/ -->\n<title>Br\u00e9sil: Bolsonaro condamn\u00e9 \u00e0 plus de 27 ans de prison | Vie Associative<\/title>\n<meta name=\"robots\" content=\"index, follow, max-snippet:-1, max-image-preview:large, max-video-preview:-1\" \/>\n<link rel=\"canonical\" href=\"https:\/\/vieassociative.be\/actualites\/bresil-bolsonaro-condamne-a-plus-de-27-ans-de-prison\/\" \/>\n<meta property=\"og:locale\" content=\"fr_FR\" \/>\n<meta property=\"og:type\" content=\"article\" \/>\n<meta property=\"og:title\" content=\"Br\u00e9sil: Bolsonaro condamn\u00e9 \u00e0 plus de 27 ans de prison | Vie Associative\" \/>\n<meta property=\"og:description\" content=\"L&rsquo;ancien pr\u00e9sident du Br\u00e9sil, Jair Bolsonaro, a \u00e9t\u00e9 condamn\u00e9 \u00e0 plus de 27 ans de prison pour une tentative de prison de coup d&rsquo;\u00c9tat. La\" \/>\n<meta property=\"og:url\" content=\"https:\/\/vieassociative.be\/actualites\/bresil-bolsonaro-condamne-a-plus-de-27-ans-de-prison\/\" \/>\n<meta property=\"og:site_name\" content=\"Vie Associative\" \/>\n<meta property=\"article:published_time\" content=\"2025-09-12T14:17:17+00:00\" \/>\n<meta property=\"og:image\" content=\"https:\/\/vieassociative.be\/actualites\/wp-content\/uploads\/2024\/09\/header_backgroundk-01-e1726694325946.png\" \/>\n\t<meta property=\"og:image:width\" content=\"279\" \/>\n\t<meta property=\"og:image:height\" content=\"92\" \/>\n\t<meta property=\"og:image:type\" content=\"image\/png\" \/>\n<meta name=\"author\" content=\"Julien\" \/>\n<meta name=\"twitter:card\" content=\"summary_large_image\" \/>\n<meta name=\"twitter:label1\" content=\"\u00c9crit par\" \/>\n\t<meta name=\"twitter:data1\" content=\"Julien\" \/>\n\t<meta name=\"twitter:label2\" content=\"Dur\u00e9e de lecture est.\" \/>\n\t<meta name=\"twitter:data2\" content=\"3 minutes\" \/>\n<script type=\"application\/ld+json\" class=\"yoast-schema-graph\">{\"@context\":\"https:\/\/schema.org\",\"@graph\":[{\"@type\":\"Article\",\"@id\":\"https:\/\/vieassociative.be\/actualites\/bresil-bolsonaro-condamne-a-plus-de-27-ans-de-prison\/#article\",\"isPartOf\":{\"@id\":\"https:\/\/vieassociative.be\/actualites\/bresil-bolsonaro-condamne-a-plus-de-27-ans-de-prison\/\"},\"author\":{\"name\":\"Julien\",\"@id\":\"https:\/\/vieassociative.be\/actualites\/#\/schema\/person\/b87ac4f82f9d4e7b7cec7395b679edc4\"},\"headline\":\"Br\u00e9sil: Bolsonaro condamn\u00e9 \u00e0 plus de 27 ans de prison\",\"datePublished\":\"2025-09-12T14:17:17+00:00\",\"dateModified\":\"2025-09-12T14:17:17+00:00\",\"mainEntityOfPage\":{\"@id\":\"https:\/\/vieassociative.be\/actualites\/bresil-bolsonaro-condamne-a-plus-de-27-ans-de-prison\/\"},\"wordCount\":734,\"publisher\":{\"@id\":\"https:\/\/vieassociative.be\/actualites\/#organization\"},\"image\":{\"@id\":\"https:\/\/vieassociative.be\/actualites\/bresil-bolsonaro-condamne-a-plus-de-27-ans-de-prison\/#primaryimage\"},\"thumbnailUrl\":\"https:\/\/vieassociative.be\/actualites\/wp-content\/uploads\/2025\/09\/1757686638_Bresil-Bolsonaro-condamne-a-plus-de-27-ans-de-prison.jpg\",\"keywords\":[\"ans\",\"Bolsonaro\",\"Br\u00e9sil\",\"condamn\u00e9\",\"prison\"],\"articleSection\":[\"Belgique\"],\"inLanguage\":\"fr-BE\"},{\"@type\":\"WebPage\",\"@id\":\"https:\/\/vieassociative.be\/actualites\/bresil-bolsonaro-condamne-a-plus-de-27-ans-de-prison\/\",\"url\":\"https:\/\/vieassociative.be\/actualites\/bresil-bolsonaro-condamne-a-plus-de-27-ans-de-prison\/\",\"name\":\"Br\u00e9sil: Bolsonaro condamn\u00e9 \u00e0 plus de 27 ans de prison | Vie Associative\",\"isPartOf\":{\"@id\":\"https:\/\/vieassociative.be\/actualites\/#website\"},\"primaryImageOfPage\":{\"@id\":\"https:\/\/vieassociative.be\/actualites\/bresil-bolsonaro-condamne-a-plus-de-27-ans-de-prison\/#primaryimage\"},\"image\":{\"@id\":\"https:\/\/vieassociative.be\/actualites\/bresil-bolsonaro-condamne-a-plus-de-27-ans-de-prison\/#primaryimage\"},\"thumbnailUrl\":\"https:\/\/vieassociative.be\/actualites\/wp-content\/uploads\/2025\/09\/1757686638_Bresil-Bolsonaro-condamne-a-plus-de-27-ans-de-prison.jpg\",\"datePublished\":\"2025-09-12T14:17:17+00:00\",\"dateModified\":\"2025-09-12T14:17:17+00:00\",\"breadcrumb\":{\"@id\":\"https:\/\/vieassociative.be\/actualites\/bresil-bolsonaro-condamne-a-plus-de-27-ans-de-prison\/#breadcrumb\"},\"inLanguage\":\"fr-BE\",\"potentialAction\":[{\"@type\":\"ReadAction\",\"target\":[\"https:\/\/vieassociative.be\/actualites\/bresil-bolsonaro-condamne-a-plus-de-27-ans-de-prison\/\"]}]},{\"@type\":\"ImageObject\",\"inLanguage\":\"fr-BE\",\"@id\":\"https:\/\/vieassociative.be\/actualites\/bresil-bolsonaro-condamne-a-plus-de-27-ans-de-prison\/#primaryimage\",\"url\":\"https:\/\/vieassociative.be\/actualites\/wp-content\/uploads\/2025\/09\/1757686638_Bresil-Bolsonaro-condamne-a-plus-de-27-ans-de-prison.jpg\",\"contentUrl\":\"https:\/\/vieassociative.be\/actualites\/wp-content\/uploads\/2025\/09\/1757686638_Bresil-Bolsonaro-condamne-a-plus-de-27-ans-de-prison.jpg\",\"width\":1200,\"height\":802,\"caption\":\"Br\u00e9sil: Bolsonaro condamn\u00e9 \u00e0 plus de 27 ans de prison\"},{\"@type\":\"BreadcrumbList\",\"@id\":\"https:\/\/vieassociative.be\/actualites\/bresil-bolsonaro-condamne-a-plus-de-27-ans-de-prison\/#breadcrumb\",\"itemListElement\":[{\"@type\":\"ListItem\",\"position\":1,\"name\":\"Accueil\",\"item\":\"https:\/\/vieassociative.be\/actualites\/\"},{\"@type\":\"ListItem\",\"position\":2,\"name\":\"Br\u00e9sil: Bolsonaro condamn\u00e9 \u00e0 plus de 27 ans de prison\"}]},{\"@type\":\"WebSite\",\"@id\":\"https:\/\/vieassociative.be\/actualites\/#website\",\"url\":\"https:\/\/vieassociative.be\/actualites\/\",\"name\":\"Vie Associative\",\"description\":\"\",\"publisher\":{\"@id\":\"https:\/\/vieassociative.be\/actualites\/#organization\"},\"potentialAction\":[{\"@type\":\"SearchAction\",\"target\":{\"@type\":\"EntryPoint\",\"urlTemplate\":\"https:\/\/vieassociative.be\/actualites\/?s={search_term_string}\"},\"query-input\":{\"@type\":\"PropertyValueSpecification\",\"valueRequired\":true,\"valueName\":\"search_term_string\"}}],\"inLanguage\":\"fr-BE\"},{\"@type\":\"Organization\",\"@id\":\"https:\/\/vieassociative.be\/actualites\/#organization\",\"name\":\"Vie Associative\",\"url\":\"https:\/\/vieassociative.be\/actualites\/\",\"logo\":{\"@type\":\"ImageObject\",\"inLanguage\":\"fr-BE\",\"@id\":\"https:\/\/vieassociative.be\/actualites\/#\/schema\/logo\/image\/\",\"url\":\"https:\/\/vieassociative.be\/actualites\/wp-content\/uploads\/2024\/09\/cropped-vieassociative_favicon.ico.png\",\"contentUrl\":\"https:\/\/vieassociative.be\/actualites\/wp-content\/uploads\/2024\/09\/cropped-vieassociative_favicon.ico.png\",\"width\":512,\"height\":512,\"caption\":\"Vie Associative\"},\"image\":{\"@id\":\"https:\/\/vieassociative.be\/actualites\/#\/schema\/logo\/image\/\"}},{\"@type\":\"Person\",\"@id\":\"https:\/\/vieassociative.be\/actualites\/#\/schema\/person\/b87ac4f82f9d4e7b7cec7395b679edc4\",\"name\":\"Julien\",\"image\":{\"@type\":\"ImageObject\",\"inLanguage\":\"fr-BE\",\"@id\":\"https:\/\/vieassociative.be\/actualites\/#\/schema\/person\/image\/\",\"url\":\"https:\/\/vieassociative.be\/actualites\/wp-content\/uploads\/2024\/09\/vie-associative-1-150x150.jpg\",\"contentUrl\":\"https:\/\/vieassociative.be\/actualites\/wp-content\/uploads\/2024\/09\/vie-associative-1-150x150.jpg\",\"caption\":\"Julien\"},\"description\":\"Je suis Julien, r\u00e9dacteur pour Vie Associative. Passionn\u00e9 par le monde associatif depuis plus de 10 ans, j'ai \u00e0 c\u0153ur de partager des histoires inspirantes et de mettre en lumi\u00e8re les initiatives locales. Mon objectif est de sensibiliser et d'encourager l'engagement communautaire \u00e0 travers mes articles.\",\"sameAs\":[\"https:\/\/vieassociative.be\/\"]}]}<\/script>\n<!-- \/ Yoast SEO plugin. -->","yoast_head_json":{"title":"Br\u00e9sil: Bolsonaro condamn\u00e9 \u00e0 plus de 27 ans de prison | Vie Associative","robots":{"index":"index","follow":"follow","max-snippet":"max-snippet:-1","max-image-preview":"max-image-preview:large","max-video-preview":"max-video-preview:-1"},"canonical":"https:\/\/vieassociative.be\/actualites\/bresil-bolsonaro-condamne-a-plus-de-27-ans-de-prison\/","og_locale":"fr_FR","og_type":"article","og_title":"Br\u00e9sil: Bolsonaro condamn\u00e9 \u00e0 plus de 27 ans de prison | Vie Associative","og_description":"L&rsquo;ancien pr\u00e9sident du Br\u00e9sil, Jair Bolsonaro, a \u00e9t\u00e9 condamn\u00e9 \u00e0 plus de 27 ans de prison pour une tentative de prison de coup d&rsquo;\u00c9tat. La","og_url":"https:\/\/vieassociative.be\/actualites\/bresil-bolsonaro-condamne-a-plus-de-27-ans-de-prison\/","og_site_name":"Vie Associative","article_published_time":"2025-09-12T14:17:17+00:00","og_image":[{"width":279,"height":92,"url":"https:\/\/vieassociative.be\/actualites\/wp-content\/uploads\/2024\/09\/header_backgroundk-01-e1726694325946.png","type":"image\/png"}],"author":"Julien","twitter_card":"summary_large_image","twitter_misc":{"\u00c9crit par":"Julien","Dur\u00e9e de lecture est.":"3 minutes"},"schema":{"@context":"https:\/\/schema.org","@graph":[{"@type":"Article","@id":"https:\/\/vieassociative.be\/actualites\/bresil-bolsonaro-condamne-a-plus-de-27-ans-de-prison\/#article","isPartOf":{"@id":"https:\/\/vieassociative.be\/actualites\/bresil-bolsonaro-condamne-a-plus-de-27-ans-de-prison\/"},"author":{"name":"Julien","@id":"https:\/\/vieassociative.be\/actualites\/#\/schema\/person\/b87ac4f82f9d4e7b7cec7395b679edc4"},"headline":"Br\u00e9sil: Bolsonaro condamn\u00e9 \u00e0 plus de 27 ans de prison","datePublished":"2025-09-12T14:17:17+00:00","dateModified":"2025-09-12T14:17:17+00:00","mainEntityOfPage":{"@id":"https:\/\/vieassociative.be\/actualites\/bresil-bolsonaro-condamne-a-plus-de-27-ans-de-prison\/"},"wordCount":734,"publisher":{"@id":"https:\/\/vieassociative.be\/actualites\/#organization"},"image":{"@id":"https:\/\/vieassociative.be\/actualites\/bresil-bolsonaro-condamne-a-plus-de-27-ans-de-prison\/#primaryimage"},"thumbnailUrl":"https:\/\/vieassociative.be\/actualites\/wp-content\/uploads\/2025\/09\/1757686638_Bresil-Bolsonaro-condamne-a-plus-de-27-ans-de-prison.jpg","keywords":["ans","Bolsonaro","Br\u00e9sil","condamn\u00e9","prison"],"articleSection":["Belgique"],"inLanguage":"fr-BE"},{"@type":"WebPage","@id":"https:\/\/vieassociative.be\/actualites\/bresil-bolsonaro-condamne-a-plus-de-27-ans-de-prison\/","url":"https:\/\/vieassociative.be\/actualites\/bresil-bolsonaro-condamne-a-plus-de-27-ans-de-prison\/","name":"Br\u00e9sil: Bolsonaro condamn\u00e9 \u00e0 plus de 27 ans de prison | Vie Associative","isPartOf":{"@id":"https:\/\/vieassociative.be\/actualites\/#website"},"primaryImageOfPage":{"@id":"https:\/\/vieassociative.be\/actualites\/bresil-bolsonaro-condamne-a-plus-de-27-ans-de-prison\/#primaryimage"},"image":{"@id":"https:\/\/vieassociative.be\/actualites\/bresil-bolsonaro-condamne-a-plus-de-27-ans-de-prison\/#primaryimage"},"thumbnailUrl":"https:\/\/vieassociative.be\/actualites\/wp-content\/uploads\/2025\/09\/1757686638_Bresil-Bolsonaro-condamne-a-plus-de-27-ans-de-prison.jpg","datePublished":"2025-09-12T14:17:17+00:00","dateModified":"2025-09-12T14:17:17+00:00","breadcrumb":{"@id":"https:\/\/vieassociative.be\/actualites\/bresil-bolsonaro-condamne-a-plus-de-27-ans-de-prison\/#breadcrumb"},"inLanguage":"fr-BE","potentialAction":[{"@type":"ReadAction","target":["https:\/\/vieassociative.be\/actualites\/bresil-bolsonaro-condamne-a-plus-de-27-ans-de-prison\/"]}]},{"@type":"ImageObject","inLanguage":"fr-BE","@id":"https:\/\/vieassociative.be\/actualites\/bresil-bolsonaro-condamne-a-plus-de-27-ans-de-prison\/#primaryimage","url":"https:\/\/vieassociative.be\/actualites\/wp-content\/uploads\/2025\/09\/1757686638_Bresil-Bolsonaro-condamne-a-plus-de-27-ans-de-prison.jpg","contentUrl":"https:\/\/vieassociative.be\/actualites\/wp-content\/uploads\/2025\/09\/1757686638_Bresil-Bolsonaro-condamne-a-plus-de-27-ans-de-prison.jpg","width":1200,"height":802,"caption":"Br\u00e9sil: Bolsonaro condamn\u00e9 \u00e0 plus de 27 ans de prison"},{"@type":"BreadcrumbList","@id":"https:\/\/vieassociative.be\/actualites\/bresil-bolsonaro-condamne-a-plus-de-27-ans-de-prison\/#breadcrumb","itemListElement":[{"@type":"ListItem","position":1,"name":"Accueil","item":"https:\/\/vieassociative.be\/actualites\/"},{"@type":"ListItem","position":2,"name":"Br\u00e9sil: Bolsonaro condamn\u00e9 \u00e0 plus de 27 ans de prison"}]},{"@type":"WebSite","@id":"https:\/\/vieassociative.be\/actualites\/#website","url":"https:\/\/vieassociative.be\/actualites\/","name":"Vie Associative","description":"","publisher":{"@id":"https:\/\/vieassociative.be\/actualites\/#organization"},"potentialAction":[{"@type":"SearchAction","target":{"@type":"EntryPoint","urlTemplate":"https:\/\/vieassociative.be\/actualites\/?s={search_term_string}"},"query-input":{"@type":"PropertyValueSpecification","valueRequired":true,"valueName":"search_term_string"}}],"inLanguage":"fr-BE"},{"@type":"Organization","@id":"https:\/\/vieassociative.be\/actualites\/#organization","name":"Vie Associative","url":"https:\/\/vieassociative.be\/actualites\/","logo":{"@type":"ImageObject","inLanguage":"fr-BE","@id":"https:\/\/vieassociative.be\/actualites\/#\/schema\/logo\/image\/","url":"https:\/\/vieassociative.be\/actualites\/wp-content\/uploads\/2024\/09\/cropped-vieassociative_favicon.ico.png","contentUrl":"https:\/\/vieassociative.be\/actualites\/wp-content\/uploads\/2024\/09\/cropped-vieassociative_favicon.ico.png","width":512,"height":512,"caption":"Vie Associative"},"image":{"@id":"https:\/\/vieassociative.be\/actualites\/#\/schema\/logo\/image\/"}},{"@type":"Person","@id":"https:\/\/vieassociative.be\/actualites\/#\/schema\/person\/b87ac4f82f9d4e7b7cec7395b679edc4","name":"Julien","image":{"@type":"ImageObject","inLanguage":"fr-BE","@id":"https:\/\/vieassociative.be\/actualites\/#\/schema\/person\/image\/","url":"https:\/\/vieassociative.be\/actualites\/wp-content\/uploads\/2024\/09\/vie-associative-1-150x150.jpg","contentUrl":"https:\/\/vieassociative.be\/actualites\/wp-content\/uploads\/2024\/09\/vie-associative-1-150x150.jpg","caption":"Julien"},"description":"Je suis Julien, r\u00e9dacteur pour Vie Associative. Passionn\u00e9 par le monde associatif depuis plus de 10 ans, j'ai \u00e0 c\u0153ur de partager des histoires inspirantes et de mettre en lumi\u00e8re les initiatives locales. Mon objectif est de sensibiliser et d'encourager l'engagement communautaire \u00e0 travers mes articles.","sameAs":["https:\/\/vieassociative.be\/"]}]}},"_links":{"self":[{"href":"https:\/\/vieassociative.be\/actualites\/wp-json\/wp\/v2\/posts\/9996"}],"collection":[{"href":"https:\/\/vieassociative.be\/actualites\/wp-json\/wp\/v2\/posts"}],"about":[{"href":"https:\/\/vieassociative.be\/actualites\/wp-json\/wp\/v2\/types\/post"}],"author":[{"embeddable":true,"href":"https:\/\/vieassociative.be\/actualites\/wp-json\/wp\/v2\/users\/1"}],"replies":[{"embeddable":true,"href":"https:\/\/vieassociative.be\/actualites\/wp-json\/wp\/v2\/comments?post=9996"}],"version-history":[{"count":0,"href":"https:\/\/vieassociative.be\/actualites\/wp-json\/wp\/v2\/posts\/9996\/revisions"}],"wp:featuredmedia":[{"embeddable":true,"href":"https:\/\/vieassociative.be\/actualites\/wp-json\/wp\/v2\/media\/9997"}],"wp:attachment":[{"href":"https:\/\/vieassociative.be\/actualites\/wp-json\/wp\/v2\/media?parent=9996"}],"wp:term":[{"taxonomy":"category","embeddable":true,"href":"https:\/\/vieassociative.be\/actualites\/wp-json\/wp\/v2\/categories?post=9996"},{"taxonomy":"post_tag","embeddable":true,"href":"https:\/\/vieassociative.be\/actualites\/wp-json\/wp\/v2\/tags?post=9996"}],"curies":[{"name":"wp","href":"https:\/\/api.w.org\/{rel}","templated":true}]}}