{"id":9994,"date":"2025-09-12T15:20:16","date_gmt":"2025-09-12T13:20:16","guid":{"rendered":"https:\/\/vieassociative.be\/actualites\/la-lumiere-du-paper-pro-move-remarquable-est-censee-etre-sombre-mais-vous-pouvez-le-rendre-plus-brillant\/"},"modified":"2025-09-12T15:20:16","modified_gmt":"2025-09-12T13:20:16","slug":"la-lumiere-du-paper-pro-move-remarquable-est-censee-etre-sombre-mais-vous-pouvez-le-rendre-plus-brillant","status":"publish","type":"post","link":"https:\/\/vieassociative.be\/actualites\/la-lumiere-du-paper-pro-move-remarquable-est-censee-etre-sombre-mais-vous-pouvez-le-rendre-plus-brillant\/","title":{"rendered":"La lumi\u00e8re du Paper Pro Move remarquable est cens\u00e9e \u00eatre sombre, mais vous pouvez le rendre plus brillant"},"content":{"rendered":"<div class=\"mt-4 leading-6 md:mb-8\">Une mise \u00e0 jour logicielle a ajout\u00e9 un nouveau param\u00e8tre de luminosit\u00e9 pour le Paper Pro et le nouveau Paper Pro Move.<\/div>\n<p><\/p>\n<p><em>Saviez-vous que vous pouvez personnaliser Google pour filtrer les ordures? Prendre ces \u00e9tapes<\/em><em>  Pour de meilleurs r\u00e9sultats de recherche, notamment en ajoutant mon travail chez Vie Associative comme source pr\u00e9f\u00e9r\u00e9e<\/em><em>.<\/em><\/p>\n<hr>\n<p>J&rsquo;ai examin\u00e9 suffisamment de cahiers num\u00e9riques au cours de la derni\u00e8re ann\u00e9e que ma femme a commenc\u00e9 \u00e0 rouler des yeux sur moi chaque fois que je dois signer pour un forfait, et de ce vaste lot, le Remarkable Paper Pro et son fr\u00e8re plus r\u00e9cent et plus petit, le remarquable Paper Pro Move est parmi les plus impressionnants.<\/p>\n<p>Je souhaite juste que les \u00e9crans de ces deux appareils de productivit\u00e9 en pain \u00e9lectronique Premium E-Ink \u00e9taient un peu plus indulgents \u00e0 mes yeux d&rsquo;\u00e2ge moyen &#8211; et gr\u00e2ce \u00e0 une mise \u00e0 jour logicielle plus t\u00f4t cette ann\u00e9e, elles peuvent l&rsquo;\u00eatre.<\/p>\n<div class=\"mx-auto mb-12 mt-5 w-full max-w-3xl rounded-md border-2 border-gray-100 p-3 shadow-md md:px-7 md:pb-7 md:pt-5\" id=\"related-video\">\n<div class=\"mb-3 flex items-center md:mb-5\">\n        <img decoding=\"async\" class=\"mr-4 mt-0 h-10 w-10 md:mr-5 md:h-12 md:w-12\" src=\"https:\/\/vieassociative.be\/actualites\/wp-content\/uploads\/2025\/08\/1754414314_422_Les-brins-du-NYT-daujourdhui-indiquent-et-repondent-pour-le.jpg\" alt=\"Logo Lifehacker\"><\/p><\/div>\n<div class=\"aspect-video w-full overflow-hidden rounded-md\">\n<div id=\"video-container-01K4Z0RBAKTW3PPHEXN4QRNXB6\"><\/div>\n<\/p><\/div>\n<\/div>\n<h2 id=\"dim-by-design\">Dim by Design<\/h2>\n<p>Dans mes critiques \u00e0 la fois du Paper Pro et du Paper Pro Move, j&rsquo;ai not\u00e9 que leurs feux avant int\u00e9gr\u00e9s sont trop faibles pour \u00eatre tr\u00e8s utiles. (Contrairement au r\u00e9tro-\u00e9clairage sur une tablette LED, les appareils E-Ink sont illumin\u00e9s par une couche d&rsquo;\u00e9clairage prise en sandwich entre le verre ext\u00e9rieur et l&rsquo;affichage int\u00e9rieur qui se refl\u00e8te.) Bien que remarquable ne publie pas le nombre, \u00e0 pleine puissance, la lumi\u00e8re avant illumine \u00e0 environ 3 \u00e0 4 nits, selon les testeurs sur Reddit. En revanche, les \u00e9clairs avant du Scribe Kindle concurrent et Box Note Air 4C peuvent devenir beaucoup plus lumineux &#8211; jusqu&rsquo;\u00e0 94 nits. (Pour r\u00e9f\u00e9rence, l&rsquo;\u00e9cran de mon ordinateur portable M1 MacBook Air pics \u00e0 400 nits.)<\/p>\n<p>Selon un communiqu\u00e9 que j&rsquo;ai re\u00e7u de Remarkable, cependant, il s&rsquo;av\u00e8re que c&rsquo;\u00e9tait une d\u00e9cision intentionnelle &#8211; une limitation cuite dans la conception du produit. <\/p>\n<p>\u00ab\u00a0La lumi\u00e8re est con\u00e7ue principalement pour \u00e9clairer doucement la page lorsque la lumi\u00e8re ambiante est faible &#8211; par exemple, dans une salle de conf\u00e9rence sombre ou la nuit &#8211; sans compromettre la dur\u00e9e de vie de la batterie ou l&rsquo;exp\u00e9rience naturelle de papier\u00a0\u00bb, a d\u00e9clar\u00e9 Remarkable dans une r\u00e9ponse par courrier \u00e9lectronique aux questions. \u00abPendant le d\u00e9veloppement, nous avons test\u00e9 de mani\u00e8re approfondie \u00e0 travers les niveaux de luminosit\u00e9 et les environnements, et nous avons intentionnellement plafonn\u00e9 la luminosit\u00e9 maximale pour trouver le bon \u00e9quilibre entre la visibilit\u00e9, le confort et la consommation de batterie.<\/p>\n<p>J&rsquo;appr\u00e9cie la r\u00e9flexion &#8211; la fatigue oculaire r\u00e9duite et la dur\u00e9e de vie de la batterie plus longue figurent certainement parmi les principaux avantages offerts par E-ink sur une tablette traditionnelle, mais je pense que les choses ont \u00e9t\u00e9 un peu \u00e9loign\u00e9es. De mani\u00e8re coh\u00e9rente pendant mes tests, j&rsquo;ai trouv\u00e9 que les deux tablettes remarquables \u00e9taient trop sombres pour lire facilement \u00e0 moins que j&rsquo;\u00e9tais dans une pi\u00e8ce avec beaucoup de lumi\u00e8re naturelle ou une lampe voisine. Le r\u00e9glage de la lumi\u00e8re avant en maximum n&rsquo;a presque aucune diff\u00e9rence. M\u00eame dans une pi\u00e8ce totalement sombre, je me suis toujours retrouv\u00e9 \u00e0 plisser les yeux ou \u00e0 rapprocher l&rsquo;appareil pr\u00e8s de mon visage pour lire plus petit.<\/p>\n<h2 id=\"a-recent-software-update-gives-you-more-options\">Une r\u00e9cente mise \u00e0 jour logicielle vous donne plus d&rsquo;options<\/h2>\n<div class=\"eloquent-imagery-image\">\n<div class=\"flex justify-center\">\n                    <img decoding=\"async\" class=\"border border-gray-100\" src=\"https:\/\/vieassociative.be\/actualites\/wp-content\/uploads\/2025\/09\/La-lumiere-du-Paper-Pro-Move-remarquable-est-censee-etre.png\" alt=\"Le r\u00e9glage du menu pour augmenter la luminosit\u00e9 de la lumi\u00e8re avant, avec un avertissement qu'il r\u00e9duira la dur\u00e9e de vie de la batterie et la saturation des couleurs.\" width=\"2000\" height=\"1125\" loading=\"lazy\"  >\n            <\/div>\n<\/p><\/div>\n<p>Il semble que je n&rsquo;\u00e9tais pas le seul d\u00e9\u00e7u de la fonctionnalit\u00e9. Il y a un an, peu de temps apr\u00e8s la sortie de Paper Pro, Redditors partageait des conseils pour modifier le code du syst\u00e8me d&rsquo;exploitation afin de supprimer les limites d&rsquo;\u00e9clairage bas\u00e9es sur un logiciel. Le volume des commentaires des utilisateurs a finalement incit\u00e9 l&rsquo;entreprise \u00e0 repenser sa d\u00e9cision de conception, en quelque sorte: Bien que les limites pr\u00e9c\u00e9dentes restent, une mise \u00e0 jour logicielle plus t\u00f4t cette ann\u00e9e (apr\u00e8s la publication de mon examen du Paper Pro) a introduit un nouveau param\u00e8tre pour stimuler la luminosit\u00e9.<\/p>\n<p>\u00ab\u00a0Apr\u00e8s le lancement, nous avons entendu des utilisateurs qui voulaient l&rsquo;option de plus de luminosit\u00e9 dans certaines situations\u00a0\u00bb, a d\u00e9clar\u00e9 Remarkable. \u00ab\u00a0En r\u00e9ponse, nous avons ajout\u00e9 la bascule (extra brillante) dans les param\u00e8tres d&rsquo;affichage, ce qui permet aux utilisateurs d&rsquo;augmenter la luminosit\u00e9 maximale au-del\u00e0 de la plage par d\u00e9faut. Cela permet aux gens de choisir ce qui leur semble correct tout en pr\u00e9servant notre intention de conception d&rsquo;origine.\u00a0\u00bb<\/p>\n<p>Pour l&rsquo;essayer, ouvrez <strong>Param\u00e8tres<\/strong> Menu sur votre remarquable Paper Pro ou Paper Pro Move and Appuyez <strong>Afficher<\/strong>puis appuyez sur le curseur pour allumer <strong>Extra-brillant<\/strong>. (Vous verrez un avertissement que le faire \u00ab\u00a0drainera la batterie plus rapidement que la normale.\u00a0\u00bb)<\/p>\n<div class=\"eloquent-imagery-image\">\n<div class=\"flex justify-center\">\n                    <img decoding=\"async\" class=\"border border-gray-100\" src=\"https:\/\/vieassociative.be\/actualites\/wp-content\/uploads\/2025\/09\/1757683216_316_La-lumiere-du-Paper-Pro-Move-remarquable-est-censee-etre.png\" alt=\"TRA Bright Mode activ\u00e9, par rapport \u00e0 un scribe Kindle \u00e0 la luminosit\u00e9 maximale.\" width=\"2000\" height=\"1125\" loading=\"lazy\"  >\n            <\/div>\n<\/p><\/div>\n<p>L&rsquo;effet n&rsquo;est pas aussi dramatique que je m&rsquo;y attendais &#8211; comme vous pouvez le voir ci-dessus, il est encore beaucoup plus sombre qu&rsquo;un scribe Kindle \u00e0 la luminosit\u00e9 maximale &#8211; mais il am\u00e9liore la lisibilit\u00e9 au moins quelque peu dans les conditions d\u00e9crites ci-dessus. La photo en haut de cet article est une comparaison c\u00f4te \u00e0 c\u00f4te montrant \u00e0 quel point les appareils peuvent \u00eatre brillants avec et sans la nouvelle option activ\u00e9e, et vous pouvez le voir en action dans cette vid\u00e9o de l&rsquo;utilisateur YouTube @HowTotechStuff.<\/p>\n<p>Comme l&rsquo;a not\u00e9 la soci\u00e9t\u00e9, une lumi\u00e8re plus lumineuse drainera en effet la batterie plus rapidement. Selon la vid\u00e9o de @ howtotechstuff, lors des tests, sa fuite de batterie est pass\u00e9e de 4% de l&rsquo;heure \u00e0 8% de l&rsquo;heure dans des conditions d&rsquo;utilisation similaires. Honn\u00eatement, c&rsquo;est un succ\u00e8s assez important pour une augmentation aussi mod\u00e9r\u00e9e de la luminosit\u00e9, mais cela peut en valoir la peine si cela rend l&rsquo;appareil plus utilisable pour vous.<\/p>\n<h2 id=\"is-a-front-light-even-necessary-on-a-digital-notebook\">Une lumi\u00e8re avant est-elle m\u00eame n\u00e9cessaire sur un cahier num\u00e9rique?<\/h2>\n<p>Bien que je trouve encore plus d&rsquo;utilit\u00e9 dans l&rsquo;\u00e9clairage plus lumineux des autres appareils que j&rsquo;ai test\u00e9s, il convient de noter qu&rsquo;un certain nombre de cahiers E-Ink que j&rsquo;ai \u00e9crits, y compris le Boox Note de 13,3 pouces Max, le Viwoods Aipaper et mon pr\u00e9f\u00e9r\u00e9, le supernote Manta &#8211; pour un \u00e9clairage avant avant enti\u00e8rement. <\/p>\n<p>L&rsquo;ajout d&rsquo;\u00e9clairage \u00e0 un dispositif E-Ink est toujours un compromis (mais pas autant que l&rsquo;ajout de couleur) &#8211; l&rsquo;insertion d&rsquo;une couche l\u00e9g\u00e8re dans la pile d&rsquo;affichage peut avoir un impact sur la clart\u00e9 et la distance entre l&rsquo;\u00e9cran ext\u00e9rieur et l&rsquo;affichage int\u00e9rieur en enceinte E, et l&rsquo;\u00e9criture ressemble plus \u00e0 un stylo et \u00e0 du papier lorsque cette distance est aussi petite que possible. Les appareils sans lumi\u00e8re peuvent \u00e9galement \u00eatre plus minces, bien que ce soit un facteur beaucoup moins important si vous me demandez; Au-del\u00e0 d&rsquo;un certain point, les comprim\u00e9s de liais \u00e9lectronique trop minces peuvent devenir assez fragiles. <\/p>\n<p>Si le Paper Pro et Paper Pro Move n&rsquo;incluaient pas du tout de lumi\u00e8re avant, ce seraient toujours d&rsquo;excellents appareils. Celui-ci est l\u00e0, mais trop faible pour de nombreux utilisateurs, ne le rend pas ennuyeux, mais ce param\u00e8tre relativement nouveau aide. <\/p>\n","protected":false},"excerpt":{"rendered":"<p>Une mise \u00e0 jour logicielle a ajout\u00e9 un nouveau param\u00e8tre de luminosit\u00e9 pour le Paper Pro et le nouveau Paper Pro Move. Saviez-vous que vous<\/p>\n","protected":false},"author":1,"featured_media":9995,"comment_status":"","ping_status":"","sticky":false,"template":"","format":"standard","meta":{"footnotes":""},"categories":[13],"tags":[3416,8518,76,23,7330,156,8516,8515,5,630,8517,465,3863,4],"class_list":["post-9994","post","type-post","status-publish","format-standard","has-post-thumbnail","hentry","category-technologie","tag-brillant","tag-censee","tag-est","tag-etre","tag-lumiere","tag-mais","tag-move","tag-paper","tag-pouvez","tag-pro","tag-remarquable","tag-rendre","tag-sombre","tag-vous","generate-columns","tablet-grid-50","mobile-grid-100","grid-parent","grid-33"],"yoast_head":"<!-- This site is optimized with the Yoast SEO plugin v24.0 - https:\/\/yoast.com\/wordpress\/plugins\/seo\/ -->\n<title>La lumi\u00e8re du Paper Pro Move remarquable est cens\u00e9e \u00eatre sombre, mais vous pouvez le rendre plus brillant | Vie Associative<\/title>\n<meta name=\"robots\" content=\"index, follow, max-snippet:-1, max-image-preview:large, max-video-preview:-1\" \/>\n<link rel=\"canonical\" href=\"https:\/\/vieassociative.be\/actualites\/la-lumiere-du-paper-pro-move-remarquable-est-censee-etre-sombre-mais-vous-pouvez-le-rendre-plus-brillant\/\" \/>\n<meta property=\"og:locale\" content=\"fr_FR\" \/>\n<meta property=\"og:type\" content=\"article\" \/>\n<meta property=\"og:title\" content=\"La lumi\u00e8re du Paper Pro Move remarquable est cens\u00e9e \u00eatre sombre, mais vous pouvez le rendre plus brillant | Vie Associative\" \/>\n<meta property=\"og:description\" content=\"Une mise \u00e0 jour logicielle a ajout\u00e9 un nouveau param\u00e8tre de luminosit\u00e9 pour le Paper Pro et le nouveau Paper Pro Move. Saviez-vous que vous\" \/>\n<meta property=\"og:url\" content=\"https:\/\/vieassociative.be\/actualites\/la-lumiere-du-paper-pro-move-remarquable-est-censee-etre-sombre-mais-vous-pouvez-le-rendre-plus-brillant\/\" \/>\n<meta property=\"og:site_name\" content=\"Vie Associative\" \/>\n<meta property=\"article:published_time\" content=\"2025-09-12T13:20:16+00:00\" \/>\n<meta property=\"og:image\" content=\"https:\/\/vieassociative.be\/actualites\/wp-content\/uploads\/2025\/08\/1754414314_422_Les-brins-du-NYT-daujourdhui-indiquent-et-repondent-pour-le.jpg\" \/>\n<meta name=\"author\" content=\"Julien\" \/>\n<meta name=\"twitter:card\" content=\"summary_large_image\" \/>\n<meta name=\"twitter:label1\" content=\"\u00c9crit par\" \/>\n\t<meta name=\"twitter:data1\" content=\"Julien\" \/>\n\t<meta name=\"twitter:label2\" content=\"Dur\u00e9e de lecture est.\" \/>\n\t<meta name=\"twitter:data2\" content=\"6 minutes\" \/>\n<script type=\"application\/ld+json\" class=\"yoast-schema-graph\">{\"@context\":\"https:\/\/schema.org\",\"@graph\":[{\"@type\":\"Article\",\"@id\":\"https:\/\/vieassociative.be\/actualites\/la-lumiere-du-paper-pro-move-remarquable-est-censee-etre-sombre-mais-vous-pouvez-le-rendre-plus-brillant\/#article\",\"isPartOf\":{\"@id\":\"https:\/\/vieassociative.be\/actualites\/la-lumiere-du-paper-pro-move-remarquable-est-censee-etre-sombre-mais-vous-pouvez-le-rendre-plus-brillant\/\"},\"author\":{\"name\":\"Julien\",\"@id\":\"https:\/\/vieassociative.be\/actualites\/#\/schema\/person\/b87ac4f82f9d4e7b7cec7395b679edc4\"},\"headline\":\"La lumi\u00e8re du Paper Pro Move remarquable est cens\u00e9e \u00eatre sombre, mais vous pouvez le rendre plus brillant\",\"datePublished\":\"2025-09-12T13:20:16+00:00\",\"dateModified\":\"2025-09-12T13:20:16+00:00\",\"mainEntityOfPage\":{\"@id\":\"https:\/\/vieassociative.be\/actualites\/la-lumiere-du-paper-pro-move-remarquable-est-censee-etre-sombre-mais-vous-pouvez-le-rendre-plus-brillant\/\"},\"wordCount\":1240,\"publisher\":{\"@id\":\"https:\/\/vieassociative.be\/actualites\/#organization\"},\"image\":{\"@id\":\"https:\/\/vieassociative.be\/actualites\/la-lumiere-du-paper-pro-move-remarquable-est-censee-etre-sombre-mais-vous-pouvez-le-rendre-plus-brillant\/#primaryimage\"},\"thumbnailUrl\":\"https:\/\/vieassociative.be\/actualites\/wp-content\/uploads\/2025\/09\/1757683217_La-lumiere-du-Paper-Pro-Move-remarquable-est-censee-etre.png\",\"keywords\":[\"brillant\",\"cens\u00e9e\",\"est\",\"\u00eatre\",\"lumi\u00e8re\",\"mais\",\"Move\",\"Paper\",\"pouvez\",\"Pro\",\"remarquable\",\"rendre\",\"sombre\",\"Vous\"],\"articleSection\":[\"Technologie\"],\"inLanguage\":\"fr-BE\"},{\"@type\":\"WebPage\",\"@id\":\"https:\/\/vieassociative.be\/actualites\/la-lumiere-du-paper-pro-move-remarquable-est-censee-etre-sombre-mais-vous-pouvez-le-rendre-plus-brillant\/\",\"url\":\"https:\/\/vieassociative.be\/actualites\/la-lumiere-du-paper-pro-move-remarquable-est-censee-etre-sombre-mais-vous-pouvez-le-rendre-plus-brillant\/\",\"name\":\"La lumi\u00e8re du Paper Pro Move remarquable est cens\u00e9e \u00eatre sombre, mais vous pouvez le rendre plus brillant | Vie Associative\",\"isPartOf\":{\"@id\":\"https:\/\/vieassociative.be\/actualites\/#website\"},\"primaryImageOfPage\":{\"@id\":\"https:\/\/vieassociative.be\/actualites\/la-lumiere-du-paper-pro-move-remarquable-est-censee-etre-sombre-mais-vous-pouvez-le-rendre-plus-brillant\/#primaryimage\"},\"image\":{\"@id\":\"https:\/\/vieassociative.be\/actualites\/la-lumiere-du-paper-pro-move-remarquable-est-censee-etre-sombre-mais-vous-pouvez-le-rendre-plus-brillant\/#primaryimage\"},\"thumbnailUrl\":\"https:\/\/vieassociative.be\/actualites\/wp-content\/uploads\/2025\/09\/1757683217_La-lumiere-du-Paper-Pro-Move-remarquable-est-censee-etre.png\",\"datePublished\":\"2025-09-12T13:20:16+00:00\",\"dateModified\":\"2025-09-12T13:20:16+00:00\",\"breadcrumb\":{\"@id\":\"https:\/\/vieassociative.be\/actualites\/la-lumiere-du-paper-pro-move-remarquable-est-censee-etre-sombre-mais-vous-pouvez-le-rendre-plus-brillant\/#breadcrumb\"},\"inLanguage\":\"fr-BE\",\"potentialAction\":[{\"@type\":\"ReadAction\",\"target\":[\"https:\/\/vieassociative.be\/actualites\/la-lumiere-du-paper-pro-move-remarquable-est-censee-etre-sombre-mais-vous-pouvez-le-rendre-plus-brillant\/\"]}]},{\"@type\":\"ImageObject\",\"inLanguage\":\"fr-BE\",\"@id\":\"https:\/\/vieassociative.be\/actualites\/la-lumiere-du-paper-pro-move-remarquable-est-censee-etre-sombre-mais-vous-pouvez-le-rendre-plus-brillant\/#primaryimage\",\"url\":\"https:\/\/vieassociative.be\/actualites\/wp-content\/uploads\/2025\/09\/1757683217_La-lumiere-du-Paper-Pro-Move-remarquable-est-censee-etre.png\",\"contentUrl\":\"https:\/\/vieassociative.be\/actualites\/wp-content\/uploads\/2025\/09\/1757683217_La-lumiere-du-Paper-Pro-Move-remarquable-est-censee-etre.png\",\"width\":1200,\"height\":675,\"caption\":\"La lumi\u00e8re du Paper Pro Move remarquable est cens\u00e9e \u00eatre sombre, mais vous pouvez le rendre plus brillant\"},{\"@type\":\"BreadcrumbList\",\"@id\":\"https:\/\/vieassociative.be\/actualites\/la-lumiere-du-paper-pro-move-remarquable-est-censee-etre-sombre-mais-vous-pouvez-le-rendre-plus-brillant\/#breadcrumb\",\"itemListElement\":[{\"@type\":\"ListItem\",\"position\":1,\"name\":\"Accueil\",\"item\":\"https:\/\/vieassociative.be\/actualites\/\"},{\"@type\":\"ListItem\",\"position\":2,\"name\":\"La lumi\u00e8re du Paper Pro Move remarquable est cens\u00e9e \u00eatre sombre, mais vous pouvez le rendre plus brillant\"}]},{\"@type\":\"WebSite\",\"@id\":\"https:\/\/vieassociative.be\/actualites\/#website\",\"url\":\"https:\/\/vieassociative.be\/actualites\/\",\"name\":\"Vie Associative\",\"description\":\"\",\"publisher\":{\"@id\":\"https:\/\/vieassociative.be\/actualites\/#organization\"},\"potentialAction\":[{\"@type\":\"SearchAction\",\"target\":{\"@type\":\"EntryPoint\",\"urlTemplate\":\"https:\/\/vieassociative.be\/actualites\/?s={search_term_string}\"},\"query-input\":{\"@type\":\"PropertyValueSpecification\",\"valueRequired\":true,\"valueName\":\"search_term_string\"}}],\"inLanguage\":\"fr-BE\"},{\"@type\":\"Organization\",\"@id\":\"https:\/\/vieassociative.be\/actualites\/#organization\",\"name\":\"Vie Associative\",\"url\":\"https:\/\/vieassociative.be\/actualites\/\",\"logo\":{\"@type\":\"ImageObject\",\"inLanguage\":\"fr-BE\",\"@id\":\"https:\/\/vieassociative.be\/actualites\/#\/schema\/logo\/image\/\",\"url\":\"https:\/\/vieassociative.be\/actualites\/wp-content\/uploads\/2024\/09\/cropped-vieassociative_favicon.ico.png\",\"contentUrl\":\"https:\/\/vieassociative.be\/actualites\/wp-content\/uploads\/2024\/09\/cropped-vieassociative_favicon.ico.png\",\"width\":512,\"height\":512,\"caption\":\"Vie Associative\"},\"image\":{\"@id\":\"https:\/\/vieassociative.be\/actualites\/#\/schema\/logo\/image\/\"}},{\"@type\":\"Person\",\"@id\":\"https:\/\/vieassociative.be\/actualites\/#\/schema\/person\/b87ac4f82f9d4e7b7cec7395b679edc4\",\"name\":\"Julien\",\"image\":{\"@type\":\"ImageObject\",\"inLanguage\":\"fr-BE\",\"@id\":\"https:\/\/vieassociative.be\/actualites\/#\/schema\/person\/image\/\",\"url\":\"https:\/\/vieassociative.be\/actualites\/wp-content\/uploads\/2024\/09\/vie-associative-1-150x150.jpg\",\"contentUrl\":\"https:\/\/vieassociative.be\/actualites\/wp-content\/uploads\/2024\/09\/vie-associative-1-150x150.jpg\",\"caption\":\"Julien\"},\"description\":\"Je suis Julien, r\u00e9dacteur pour Vie Associative. Passionn\u00e9 par le monde associatif depuis plus de 10 ans, j'ai \u00e0 c\u0153ur de partager des histoires inspirantes et de mettre en lumi\u00e8re les initiatives locales. Mon objectif est de sensibiliser et d'encourager l'engagement communautaire \u00e0 travers mes articles.\",\"sameAs\":[\"https:\/\/vieassociative.be\/\"]}]}<\/script>\n<!-- \/ Yoast SEO plugin. -->","yoast_head_json":{"title":"La lumi\u00e8re du Paper Pro Move remarquable est cens\u00e9e \u00eatre sombre, mais vous pouvez le rendre plus brillant | Vie Associative","robots":{"index":"index","follow":"follow","max-snippet":"max-snippet:-1","max-image-preview":"max-image-preview:large","max-video-preview":"max-video-preview:-1"},"canonical":"https:\/\/vieassociative.be\/actualites\/la-lumiere-du-paper-pro-move-remarquable-est-censee-etre-sombre-mais-vous-pouvez-le-rendre-plus-brillant\/","og_locale":"fr_FR","og_type":"article","og_title":"La lumi\u00e8re du Paper Pro Move remarquable est cens\u00e9e \u00eatre sombre, mais vous pouvez le rendre plus brillant | Vie Associative","og_description":"Une mise \u00e0 jour logicielle a ajout\u00e9 un nouveau param\u00e8tre de luminosit\u00e9 pour le Paper Pro et le nouveau Paper Pro Move. Saviez-vous que vous","og_url":"https:\/\/vieassociative.be\/actualites\/la-lumiere-du-paper-pro-move-remarquable-est-censee-etre-sombre-mais-vous-pouvez-le-rendre-plus-brillant\/","og_site_name":"Vie Associative","article_published_time":"2025-09-12T13:20:16+00:00","og_image":[{"url":"https:\/\/vieassociative.be\/actualites\/wp-content\/uploads\/2025\/08\/1754414314_422_Les-brins-du-NYT-daujourdhui-indiquent-et-repondent-pour-le.jpg","type":"","width":"","height":""}],"author":"Julien","twitter_card":"summary_large_image","twitter_misc":{"\u00c9crit par":"Julien","Dur\u00e9e de lecture est.":"6 minutes"},"schema":{"@context":"https:\/\/schema.org","@graph":[{"@type":"Article","@id":"https:\/\/vieassociative.be\/actualites\/la-lumiere-du-paper-pro-move-remarquable-est-censee-etre-sombre-mais-vous-pouvez-le-rendre-plus-brillant\/#article","isPartOf":{"@id":"https:\/\/vieassociative.be\/actualites\/la-lumiere-du-paper-pro-move-remarquable-est-censee-etre-sombre-mais-vous-pouvez-le-rendre-plus-brillant\/"},"author":{"name":"Julien","@id":"https:\/\/vieassociative.be\/actualites\/#\/schema\/person\/b87ac4f82f9d4e7b7cec7395b679edc4"},"headline":"La lumi\u00e8re du Paper Pro Move remarquable est cens\u00e9e \u00eatre sombre, mais vous pouvez le rendre plus brillant","datePublished":"2025-09-12T13:20:16+00:00","dateModified":"2025-09-12T13:20:16+00:00","mainEntityOfPage":{"@id":"https:\/\/vieassociative.be\/actualites\/la-lumiere-du-paper-pro-move-remarquable-est-censee-etre-sombre-mais-vous-pouvez-le-rendre-plus-brillant\/"},"wordCount":1240,"publisher":{"@id":"https:\/\/vieassociative.be\/actualites\/#organization"},"image":{"@id":"https:\/\/vieassociative.be\/actualites\/la-lumiere-du-paper-pro-move-remarquable-est-censee-etre-sombre-mais-vous-pouvez-le-rendre-plus-brillant\/#primaryimage"},"thumbnailUrl":"https:\/\/vieassociative.be\/actualites\/wp-content\/uploads\/2025\/09\/1757683217_La-lumiere-du-Paper-Pro-Move-remarquable-est-censee-etre.png","keywords":["brillant","cens\u00e9e","est","\u00eatre","lumi\u00e8re","mais","Move","Paper","pouvez","Pro","remarquable","rendre","sombre","Vous"],"articleSection":["Technologie"],"inLanguage":"fr-BE"},{"@type":"WebPage","@id":"https:\/\/vieassociative.be\/actualites\/la-lumiere-du-paper-pro-move-remarquable-est-censee-etre-sombre-mais-vous-pouvez-le-rendre-plus-brillant\/","url":"https:\/\/vieassociative.be\/actualites\/la-lumiere-du-paper-pro-move-remarquable-est-censee-etre-sombre-mais-vous-pouvez-le-rendre-plus-brillant\/","name":"La lumi\u00e8re du Paper Pro Move remarquable est cens\u00e9e \u00eatre sombre, mais vous pouvez le rendre plus brillant | Vie Associative","isPartOf":{"@id":"https:\/\/vieassociative.be\/actualites\/#website"},"primaryImageOfPage":{"@id":"https:\/\/vieassociative.be\/actualites\/la-lumiere-du-paper-pro-move-remarquable-est-censee-etre-sombre-mais-vous-pouvez-le-rendre-plus-brillant\/#primaryimage"},"image":{"@id":"https:\/\/vieassociative.be\/actualites\/la-lumiere-du-paper-pro-move-remarquable-est-censee-etre-sombre-mais-vous-pouvez-le-rendre-plus-brillant\/#primaryimage"},"thumbnailUrl":"https:\/\/vieassociative.be\/actualites\/wp-content\/uploads\/2025\/09\/1757683217_La-lumiere-du-Paper-Pro-Move-remarquable-est-censee-etre.png","datePublished":"2025-09-12T13:20:16+00:00","dateModified":"2025-09-12T13:20:16+00:00","breadcrumb":{"@id":"https:\/\/vieassociative.be\/actualites\/la-lumiere-du-paper-pro-move-remarquable-est-censee-etre-sombre-mais-vous-pouvez-le-rendre-plus-brillant\/#breadcrumb"},"inLanguage":"fr-BE","potentialAction":[{"@type":"ReadAction","target":["https:\/\/vieassociative.be\/actualites\/la-lumiere-du-paper-pro-move-remarquable-est-censee-etre-sombre-mais-vous-pouvez-le-rendre-plus-brillant\/"]}]},{"@type":"ImageObject","inLanguage":"fr-BE","@id":"https:\/\/vieassociative.be\/actualites\/la-lumiere-du-paper-pro-move-remarquable-est-censee-etre-sombre-mais-vous-pouvez-le-rendre-plus-brillant\/#primaryimage","url":"https:\/\/vieassociative.be\/actualites\/wp-content\/uploads\/2025\/09\/1757683217_La-lumiere-du-Paper-Pro-Move-remarquable-est-censee-etre.png","contentUrl":"https:\/\/vieassociative.be\/actualites\/wp-content\/uploads\/2025\/09\/1757683217_La-lumiere-du-Paper-Pro-Move-remarquable-est-censee-etre.png","width":1200,"height":675,"caption":"La lumi\u00e8re du Paper Pro Move remarquable est cens\u00e9e \u00eatre sombre, mais vous pouvez le rendre plus brillant"},{"@type":"BreadcrumbList","@id":"https:\/\/vieassociative.be\/actualites\/la-lumiere-du-paper-pro-move-remarquable-est-censee-etre-sombre-mais-vous-pouvez-le-rendre-plus-brillant\/#breadcrumb","itemListElement":[{"@type":"ListItem","position":1,"name":"Accueil","item":"https:\/\/vieassociative.be\/actualites\/"},{"@type":"ListItem","position":2,"name":"La lumi\u00e8re du Paper Pro Move remarquable est cens\u00e9e \u00eatre sombre, mais vous pouvez le rendre plus brillant"}]},{"@type":"WebSite","@id":"https:\/\/vieassociative.be\/actualites\/#website","url":"https:\/\/vieassociative.be\/actualites\/","name":"Vie Associative","description":"","publisher":{"@id":"https:\/\/vieassociative.be\/actualites\/#organization"},"potentialAction":[{"@type":"SearchAction","target":{"@type":"EntryPoint","urlTemplate":"https:\/\/vieassociative.be\/actualites\/?s={search_term_string}"},"query-input":{"@type":"PropertyValueSpecification","valueRequired":true,"valueName":"search_term_string"}}],"inLanguage":"fr-BE"},{"@type":"Organization","@id":"https:\/\/vieassociative.be\/actualites\/#organization","name":"Vie Associative","url":"https:\/\/vieassociative.be\/actualites\/","logo":{"@type":"ImageObject","inLanguage":"fr-BE","@id":"https:\/\/vieassociative.be\/actualites\/#\/schema\/logo\/image\/","url":"https:\/\/vieassociative.be\/actualites\/wp-content\/uploads\/2024\/09\/cropped-vieassociative_favicon.ico.png","contentUrl":"https:\/\/vieassociative.be\/actualites\/wp-content\/uploads\/2024\/09\/cropped-vieassociative_favicon.ico.png","width":512,"height":512,"caption":"Vie Associative"},"image":{"@id":"https:\/\/vieassociative.be\/actualites\/#\/schema\/logo\/image\/"}},{"@type":"Person","@id":"https:\/\/vieassociative.be\/actualites\/#\/schema\/person\/b87ac4f82f9d4e7b7cec7395b679edc4","name":"Julien","image":{"@type":"ImageObject","inLanguage":"fr-BE","@id":"https:\/\/vieassociative.be\/actualites\/#\/schema\/person\/image\/","url":"https:\/\/vieassociative.be\/actualites\/wp-content\/uploads\/2024\/09\/vie-associative-1-150x150.jpg","contentUrl":"https:\/\/vieassociative.be\/actualites\/wp-content\/uploads\/2024\/09\/vie-associative-1-150x150.jpg","caption":"Julien"},"description":"Je suis Julien, r\u00e9dacteur pour Vie Associative. Passionn\u00e9 par le monde associatif depuis plus de 10 ans, j'ai \u00e0 c\u0153ur de partager des histoires inspirantes et de mettre en lumi\u00e8re les initiatives locales. Mon objectif est de sensibiliser et d'encourager l'engagement communautaire \u00e0 travers mes articles.","sameAs":["https:\/\/vieassociative.be\/"]}]}},"_links":{"self":[{"href":"https:\/\/vieassociative.be\/actualites\/wp-json\/wp\/v2\/posts\/9994"}],"collection":[{"href":"https:\/\/vieassociative.be\/actualites\/wp-json\/wp\/v2\/posts"}],"about":[{"href":"https:\/\/vieassociative.be\/actualites\/wp-json\/wp\/v2\/types\/post"}],"author":[{"embeddable":true,"href":"https:\/\/vieassociative.be\/actualites\/wp-json\/wp\/v2\/users\/1"}],"replies":[{"embeddable":true,"href":"https:\/\/vieassociative.be\/actualites\/wp-json\/wp\/v2\/comments?post=9994"}],"version-history":[{"count":0,"href":"https:\/\/vieassociative.be\/actualites\/wp-json\/wp\/v2\/posts\/9994\/revisions"}],"wp:featuredmedia":[{"embeddable":true,"href":"https:\/\/vieassociative.be\/actualites\/wp-json\/wp\/v2\/media\/9995"}],"wp:attachment":[{"href":"https:\/\/vieassociative.be\/actualites\/wp-json\/wp\/v2\/media?parent=9994"}],"wp:term":[{"taxonomy":"category","embeddable":true,"href":"https:\/\/vieassociative.be\/actualites\/wp-json\/wp\/v2\/categories?post=9994"},{"taxonomy":"post_tag","embeddable":true,"href":"https:\/\/vieassociative.be\/actualites\/wp-json\/wp\/v2\/tags?post=9994"}],"curies":[{"name":"wp","href":"https:\/\/api.w.org\/{rel}","templated":true}]}}