{"id":9992,"date":"2025-09-12T14:19:11","date_gmt":"2025-09-12T12:19:11","guid":{"rendered":"https:\/\/vieassociative.be\/actualites\/google-maps-est-en-panne-2\/"},"modified":"2025-09-12T14:19:11","modified_gmt":"2025-09-12T12:19:11","slug":"google-maps-est-en-panne-2","status":"publish","type":"post","link":"https:\/\/vieassociative.be\/actualites\/google-maps-est-en-panne-2\/","title":{"rendered":"Google Maps est en panne"},"content":{"rendered":"<div class=\"mt-4 leading-6 md:mb-8\">Ce n&rsquo;est pas seulement toi.<\/div>\n<p><\/p>\n<p>Ce n&rsquo;est pas seulement vous: Google Maps est en panne. <\/p>\n<p>Selon 9to5Google, la panne a commenc\u00e9 vers 13 h PT (16 h PT) et semble \u00eatre isol\u00e9e avec l&rsquo;application mobile Google Maps. Si vous essayez de charger l&rsquo;application Web de Google Maps, cela devrait fonctionner. C&rsquo;est le cas de mon c\u00f4t\u00e9: je peux utiliser Google Maps dans un navigateur Web sans aucun probl\u00e8me, mais lorsque j&rsquo;ouvre l&rsquo;application sur mon t\u00e9l\u00e9phone, je rencontre des probl\u00e8mes. <\/p>\n<p>Il semble que Google travaille sur le probl\u00e8me, car la carte se chargera lorsque j&rsquo;ouvrira l&rsquo;application sur mon iPhone. Cependant, si j&rsquo;essaie de rechercher un emplacement, les r\u00e9sultats ne se chargeront pas. Si j&rsquo;appuie sur un emplacement, j&rsquo;obtiens une erreur \u00ab\u00a0incapable de r\u00e9soudre les d\u00e9tails\u00a0\u00bb. Et si j&rsquo;essaie de retirer les instructions vers un emplacement, je re\u00e7ois une erreur \u00ab\u00a0Impossible d&rsquo;atteindre Internet\u00a0\u00bb, car le probl\u00e8me est avec ma connexion WiFi ou cellulaire.<\/p>\n<div class=\"mx-auto mb-12 mt-5 w-full max-w-3xl rounded-md border-2 border-gray-100 p-3 shadow-md md:px-7 md:pb-7 md:pt-5\" id=\"related-video\">\n<div class=\"mb-3 flex items-center md:mb-5\">\n        <img decoding=\"async\" class=\"mr-4 mt-0 h-10 w-10 md:mr-5 md:h-12 md:w-12\" src=\"https:\/\/vieassociative.be\/actualites\/wp-content\/uploads\/2025\/08\/1754414314_422_Les-brins-du-NYT-daujourdhui-indiquent-et-repondent-pour-le.jpg\" alt=\"Logo Lifehacker\"><\/p><\/div>\n<div class=\"aspect-video w-full overflow-hidden rounded-md\">\n<div id=\"video-container-01K4YX8B5G7F37EKWVXCF4NC2W\"><\/div>\n<\/p><\/div>\n<\/div>\n<p>J&rsquo;imagine que Google r\u00e9soudra bient\u00f4t le probl\u00e8me, mais, en attendant, vous voudrez peut-\u00eatre essayer une application de cartes alternatives.   <\/p>\n","protected":false},"excerpt":{"rendered":"<p>Ce n&rsquo;est pas seulement toi. Ce n&rsquo;est pas seulement vous: Google Maps est en panne. Selon 9to5Google, la panne a commenc\u00e9 vers 13 h PT<\/p>\n","protected":false},"author":1,"featured_media":9993,"comment_status":"","ping_status":"","sticky":false,"template":"","format":"standard","meta":{"footnotes":""},"categories":[13],"tags":[76,968,6950,1137],"class_list":["post-9992","post","type-post","status-publish","format-standard","has-post-thumbnail","hentry","category-technologie","tag-est","tag-google","tag-maps","tag-panne","generate-columns","tablet-grid-50","mobile-grid-100","grid-parent","grid-33"],"yoast_head":"<!-- This site is optimized with the Yoast SEO plugin v24.0 - https:\/\/yoast.com\/wordpress\/plugins\/seo\/ -->\n<title>Google Maps est en panne | Vie Associative<\/title>\n<meta name=\"robots\" content=\"index, follow, max-snippet:-1, max-image-preview:large, max-video-preview:-1\" \/>\n<link rel=\"canonical\" href=\"https:\/\/vieassociative.be\/actualites\/google-maps-est-en-panne-2\/\" \/>\n<meta property=\"og:locale\" content=\"fr_FR\" \/>\n<meta property=\"og:type\" content=\"article\" \/>\n<meta property=\"og:title\" content=\"Google Maps est en panne | Vie Associative\" \/>\n<meta property=\"og:description\" content=\"Ce n&rsquo;est pas seulement toi. Ce n&rsquo;est pas seulement vous: Google Maps est en panne. Selon 9to5Google, la panne a commenc\u00e9 vers 13 h PT\" \/>\n<meta property=\"og:url\" content=\"https:\/\/vieassociative.be\/actualites\/google-maps-est-en-panne-2\/\" \/>\n<meta property=\"og:site_name\" content=\"Vie Associative\" \/>\n<meta property=\"article:published_time\" content=\"2025-09-12T12:19:11+00:00\" \/>\n<meta property=\"og:image\" content=\"https:\/\/vieassociative.be\/actualites\/wp-content\/uploads\/2025\/08\/1754414314_422_Les-brins-du-NYT-daujourdhui-indiquent-et-repondent-pour-le.jpg\" \/>\n<meta name=\"author\" content=\"Julien\" \/>\n<meta name=\"twitter:card\" content=\"summary_large_image\" \/>\n<meta name=\"twitter:label1\" content=\"\u00c9crit par\" \/>\n\t<meta name=\"twitter:data1\" content=\"Julien\" \/>\n\t<meta name=\"twitter:label2\" content=\"Dur\u00e9e de lecture est.\" \/>\n\t<meta name=\"twitter:data2\" content=\"1 minute\" \/>\n<script type=\"application\/ld+json\" class=\"yoast-schema-graph\">{\"@context\":\"https:\/\/schema.org\",\"@graph\":[{\"@type\":\"Article\",\"@id\":\"https:\/\/vieassociative.be\/actualites\/google-maps-est-en-panne-2\/#article\",\"isPartOf\":{\"@id\":\"https:\/\/vieassociative.be\/actualites\/google-maps-est-en-panne-2\/\"},\"author\":{\"name\":\"Julien\",\"@id\":\"https:\/\/vieassociative.be\/actualites\/#\/schema\/person\/b87ac4f82f9d4e7b7cec7395b679edc4\"},\"headline\":\"Google Maps est en panne\",\"datePublished\":\"2025-09-12T12:19:11+00:00\",\"dateModified\":\"2025-09-12T12:19:11+00:00\",\"mainEntityOfPage\":{\"@id\":\"https:\/\/vieassociative.be\/actualites\/google-maps-est-en-panne-2\/\"},\"wordCount\":205,\"publisher\":{\"@id\":\"https:\/\/vieassociative.be\/actualites\/#organization\"},\"image\":{\"@id\":\"https:\/\/vieassociative.be\/actualites\/google-maps-est-en-panne-2\/#primaryimage\"},\"thumbnailUrl\":\"https:\/\/vieassociative.be\/actualites\/wp-content\/uploads\/2025\/09\/1757679552_Google-Maps-est-en-panne.jpg\",\"keywords\":[\"est\",\"Google\",\"Maps\",\"panne\"],\"articleSection\":[\"Technologie\"],\"inLanguage\":\"fr-BE\"},{\"@type\":\"WebPage\",\"@id\":\"https:\/\/vieassociative.be\/actualites\/google-maps-est-en-panne-2\/\",\"url\":\"https:\/\/vieassociative.be\/actualites\/google-maps-est-en-panne-2\/\",\"name\":\"Google Maps est en panne | Vie Associative\",\"isPartOf\":{\"@id\":\"https:\/\/vieassociative.be\/actualites\/#website\"},\"primaryImageOfPage\":{\"@id\":\"https:\/\/vieassociative.be\/actualites\/google-maps-est-en-panne-2\/#primaryimage\"},\"image\":{\"@id\":\"https:\/\/vieassociative.be\/actualites\/google-maps-est-en-panne-2\/#primaryimage\"},\"thumbnailUrl\":\"https:\/\/vieassociative.be\/actualites\/wp-content\/uploads\/2025\/09\/1757679552_Google-Maps-est-en-panne.jpg\",\"datePublished\":\"2025-09-12T12:19:11+00:00\",\"dateModified\":\"2025-09-12T12:19:11+00:00\",\"breadcrumb\":{\"@id\":\"https:\/\/vieassociative.be\/actualites\/google-maps-est-en-panne-2\/#breadcrumb\"},\"inLanguage\":\"fr-BE\",\"potentialAction\":[{\"@type\":\"ReadAction\",\"target\":[\"https:\/\/vieassociative.be\/actualites\/google-maps-est-en-panne-2\/\"]}]},{\"@type\":\"ImageObject\",\"inLanguage\":\"fr-BE\",\"@id\":\"https:\/\/vieassociative.be\/actualites\/google-maps-est-en-panne-2\/#primaryimage\",\"url\":\"https:\/\/vieassociative.be\/actualites\/wp-content\/uploads\/2025\/09\/1757679552_Google-Maps-est-en-panne.jpg\",\"contentUrl\":\"https:\/\/vieassociative.be\/actualites\/wp-content\/uploads\/2025\/09\/1757679552_Google-Maps-est-en-panne.jpg\",\"width\":1200,\"height\":675,\"caption\":\"Google Maps est en panne\"},{\"@type\":\"BreadcrumbList\",\"@id\":\"https:\/\/vieassociative.be\/actualites\/google-maps-est-en-panne-2\/#breadcrumb\",\"itemListElement\":[{\"@type\":\"ListItem\",\"position\":1,\"name\":\"Accueil\",\"item\":\"https:\/\/vieassociative.be\/actualites\/\"},{\"@type\":\"ListItem\",\"position\":2,\"name\":\"Google Maps est en panne\"}]},{\"@type\":\"WebSite\",\"@id\":\"https:\/\/vieassociative.be\/actualites\/#website\",\"url\":\"https:\/\/vieassociative.be\/actualites\/\",\"name\":\"Vie Associative\",\"description\":\"\",\"publisher\":{\"@id\":\"https:\/\/vieassociative.be\/actualites\/#organization\"},\"potentialAction\":[{\"@type\":\"SearchAction\",\"target\":{\"@type\":\"EntryPoint\",\"urlTemplate\":\"https:\/\/vieassociative.be\/actualites\/?s={search_term_string}\"},\"query-input\":{\"@type\":\"PropertyValueSpecification\",\"valueRequired\":true,\"valueName\":\"search_term_string\"}}],\"inLanguage\":\"fr-BE\"},{\"@type\":\"Organization\",\"@id\":\"https:\/\/vieassociative.be\/actualites\/#organization\",\"name\":\"Vie Associative\",\"url\":\"https:\/\/vieassociative.be\/actualites\/\",\"logo\":{\"@type\":\"ImageObject\",\"inLanguage\":\"fr-BE\",\"@id\":\"https:\/\/vieassociative.be\/actualites\/#\/schema\/logo\/image\/\",\"url\":\"https:\/\/vieassociative.be\/actualites\/wp-content\/uploads\/2024\/09\/cropped-vieassociative_favicon.ico.png\",\"contentUrl\":\"https:\/\/vieassociative.be\/actualites\/wp-content\/uploads\/2024\/09\/cropped-vieassociative_favicon.ico.png\",\"width\":512,\"height\":512,\"caption\":\"Vie Associative\"},\"image\":{\"@id\":\"https:\/\/vieassociative.be\/actualites\/#\/schema\/logo\/image\/\"}},{\"@type\":\"Person\",\"@id\":\"https:\/\/vieassociative.be\/actualites\/#\/schema\/person\/b87ac4f82f9d4e7b7cec7395b679edc4\",\"name\":\"Julien\",\"image\":{\"@type\":\"ImageObject\",\"inLanguage\":\"fr-BE\",\"@id\":\"https:\/\/vieassociative.be\/actualites\/#\/schema\/person\/image\/\",\"url\":\"https:\/\/vieassociative.be\/actualites\/wp-content\/uploads\/2024\/09\/vie-associative-1-150x150.jpg\",\"contentUrl\":\"https:\/\/vieassociative.be\/actualites\/wp-content\/uploads\/2024\/09\/vie-associative-1-150x150.jpg\",\"caption\":\"Julien\"},\"description\":\"Je suis Julien, r\u00e9dacteur pour Vie Associative. Passionn\u00e9 par le monde associatif depuis plus de 10 ans, j'ai \u00e0 c\u0153ur de partager des histoires inspirantes et de mettre en lumi\u00e8re les initiatives locales. Mon objectif est de sensibiliser et d'encourager l'engagement communautaire \u00e0 travers mes articles.\",\"sameAs\":[\"https:\/\/vieassociative.be\/\"]}]}<\/script>\n<!-- \/ Yoast SEO plugin. -->","yoast_head_json":{"title":"Google Maps est en panne | Vie Associative","robots":{"index":"index","follow":"follow","max-snippet":"max-snippet:-1","max-image-preview":"max-image-preview:large","max-video-preview":"max-video-preview:-1"},"canonical":"https:\/\/vieassociative.be\/actualites\/google-maps-est-en-panne-2\/","og_locale":"fr_FR","og_type":"article","og_title":"Google Maps est en panne | Vie Associative","og_description":"Ce n&rsquo;est pas seulement toi. Ce n&rsquo;est pas seulement vous: Google Maps est en panne. Selon 9to5Google, la panne a commenc\u00e9 vers 13 h PT","og_url":"https:\/\/vieassociative.be\/actualites\/google-maps-est-en-panne-2\/","og_site_name":"Vie Associative","article_published_time":"2025-09-12T12:19:11+00:00","og_image":[{"url":"https:\/\/vieassociative.be\/actualites\/wp-content\/uploads\/2025\/08\/1754414314_422_Les-brins-du-NYT-daujourdhui-indiquent-et-repondent-pour-le.jpg","type":"","width":"","height":""}],"author":"Julien","twitter_card":"summary_large_image","twitter_misc":{"\u00c9crit par":"Julien","Dur\u00e9e de lecture est.":"1 minute"},"schema":{"@context":"https:\/\/schema.org","@graph":[{"@type":"Article","@id":"https:\/\/vieassociative.be\/actualites\/google-maps-est-en-panne-2\/#article","isPartOf":{"@id":"https:\/\/vieassociative.be\/actualites\/google-maps-est-en-panne-2\/"},"author":{"name":"Julien","@id":"https:\/\/vieassociative.be\/actualites\/#\/schema\/person\/b87ac4f82f9d4e7b7cec7395b679edc4"},"headline":"Google Maps est en panne","datePublished":"2025-09-12T12:19:11+00:00","dateModified":"2025-09-12T12:19:11+00:00","mainEntityOfPage":{"@id":"https:\/\/vieassociative.be\/actualites\/google-maps-est-en-panne-2\/"},"wordCount":205,"publisher":{"@id":"https:\/\/vieassociative.be\/actualites\/#organization"},"image":{"@id":"https:\/\/vieassociative.be\/actualites\/google-maps-est-en-panne-2\/#primaryimage"},"thumbnailUrl":"https:\/\/vieassociative.be\/actualites\/wp-content\/uploads\/2025\/09\/1757679552_Google-Maps-est-en-panne.jpg","keywords":["est","Google","Maps","panne"],"articleSection":["Technologie"],"inLanguage":"fr-BE"},{"@type":"WebPage","@id":"https:\/\/vieassociative.be\/actualites\/google-maps-est-en-panne-2\/","url":"https:\/\/vieassociative.be\/actualites\/google-maps-est-en-panne-2\/","name":"Google Maps est en panne | Vie Associative","isPartOf":{"@id":"https:\/\/vieassociative.be\/actualites\/#website"},"primaryImageOfPage":{"@id":"https:\/\/vieassociative.be\/actualites\/google-maps-est-en-panne-2\/#primaryimage"},"image":{"@id":"https:\/\/vieassociative.be\/actualites\/google-maps-est-en-panne-2\/#primaryimage"},"thumbnailUrl":"https:\/\/vieassociative.be\/actualites\/wp-content\/uploads\/2025\/09\/1757679552_Google-Maps-est-en-panne.jpg","datePublished":"2025-09-12T12:19:11+00:00","dateModified":"2025-09-12T12:19:11+00:00","breadcrumb":{"@id":"https:\/\/vieassociative.be\/actualites\/google-maps-est-en-panne-2\/#breadcrumb"},"inLanguage":"fr-BE","potentialAction":[{"@type":"ReadAction","target":["https:\/\/vieassociative.be\/actualites\/google-maps-est-en-panne-2\/"]}]},{"@type":"ImageObject","inLanguage":"fr-BE","@id":"https:\/\/vieassociative.be\/actualites\/google-maps-est-en-panne-2\/#primaryimage","url":"https:\/\/vieassociative.be\/actualites\/wp-content\/uploads\/2025\/09\/1757679552_Google-Maps-est-en-panne.jpg","contentUrl":"https:\/\/vieassociative.be\/actualites\/wp-content\/uploads\/2025\/09\/1757679552_Google-Maps-est-en-panne.jpg","width":1200,"height":675,"caption":"Google Maps est en panne"},{"@type":"BreadcrumbList","@id":"https:\/\/vieassociative.be\/actualites\/google-maps-est-en-panne-2\/#breadcrumb","itemListElement":[{"@type":"ListItem","position":1,"name":"Accueil","item":"https:\/\/vieassociative.be\/actualites\/"},{"@type":"ListItem","position":2,"name":"Google Maps est en panne"}]},{"@type":"WebSite","@id":"https:\/\/vieassociative.be\/actualites\/#website","url":"https:\/\/vieassociative.be\/actualites\/","name":"Vie Associative","description":"","publisher":{"@id":"https:\/\/vieassociative.be\/actualites\/#organization"},"potentialAction":[{"@type":"SearchAction","target":{"@type":"EntryPoint","urlTemplate":"https:\/\/vieassociative.be\/actualites\/?s={search_term_string}"},"query-input":{"@type":"PropertyValueSpecification","valueRequired":true,"valueName":"search_term_string"}}],"inLanguage":"fr-BE"},{"@type":"Organization","@id":"https:\/\/vieassociative.be\/actualites\/#organization","name":"Vie Associative","url":"https:\/\/vieassociative.be\/actualites\/","logo":{"@type":"ImageObject","inLanguage":"fr-BE","@id":"https:\/\/vieassociative.be\/actualites\/#\/schema\/logo\/image\/","url":"https:\/\/vieassociative.be\/actualites\/wp-content\/uploads\/2024\/09\/cropped-vieassociative_favicon.ico.png","contentUrl":"https:\/\/vieassociative.be\/actualites\/wp-content\/uploads\/2024\/09\/cropped-vieassociative_favicon.ico.png","width":512,"height":512,"caption":"Vie Associative"},"image":{"@id":"https:\/\/vieassociative.be\/actualites\/#\/schema\/logo\/image\/"}},{"@type":"Person","@id":"https:\/\/vieassociative.be\/actualites\/#\/schema\/person\/b87ac4f82f9d4e7b7cec7395b679edc4","name":"Julien","image":{"@type":"ImageObject","inLanguage":"fr-BE","@id":"https:\/\/vieassociative.be\/actualites\/#\/schema\/person\/image\/","url":"https:\/\/vieassociative.be\/actualites\/wp-content\/uploads\/2024\/09\/vie-associative-1-150x150.jpg","contentUrl":"https:\/\/vieassociative.be\/actualites\/wp-content\/uploads\/2024\/09\/vie-associative-1-150x150.jpg","caption":"Julien"},"description":"Je suis Julien, r\u00e9dacteur pour Vie Associative. Passionn\u00e9 par le monde associatif depuis plus de 10 ans, j'ai \u00e0 c\u0153ur de partager des histoires inspirantes et de mettre en lumi\u00e8re les initiatives locales. Mon objectif est de sensibiliser et d'encourager l'engagement communautaire \u00e0 travers mes articles.","sameAs":["https:\/\/vieassociative.be\/"]}]}},"_links":{"self":[{"href":"https:\/\/vieassociative.be\/actualites\/wp-json\/wp\/v2\/posts\/9992"}],"collection":[{"href":"https:\/\/vieassociative.be\/actualites\/wp-json\/wp\/v2\/posts"}],"about":[{"href":"https:\/\/vieassociative.be\/actualites\/wp-json\/wp\/v2\/types\/post"}],"author":[{"embeddable":true,"href":"https:\/\/vieassociative.be\/actualites\/wp-json\/wp\/v2\/users\/1"}],"replies":[{"embeddable":true,"href":"https:\/\/vieassociative.be\/actualites\/wp-json\/wp\/v2\/comments?post=9992"}],"version-history":[{"count":0,"href":"https:\/\/vieassociative.be\/actualites\/wp-json\/wp\/v2\/posts\/9992\/revisions"}],"wp:featuredmedia":[{"embeddable":true,"href":"https:\/\/vieassociative.be\/actualites\/wp-json\/wp\/v2\/media\/9993"}],"wp:attachment":[{"href":"https:\/\/vieassociative.be\/actualites\/wp-json\/wp\/v2\/media?parent=9992"}],"wp:term":[{"taxonomy":"category","embeddable":true,"href":"https:\/\/vieassociative.be\/actualites\/wp-json\/wp\/v2\/categories?post=9992"},{"taxonomy":"post_tag","embeddable":true,"href":"https:\/\/vieassociative.be\/actualites\/wp-json\/wp\/v2\/tags?post=9992"}],"curies":[{"name":"wp","href":"https:\/\/api.w.org\/{rel}","templated":true}]}}