{"id":9989,"date":"2025-09-12T10:19:49","date_gmt":"2025-09-12T08:19:49","guid":{"rendered":"https:\/\/vieassociative.be\/actualites\/le-festival-a-gand-invite-le-munich-philharmonic-avec-le-chef-dorchestre-disrael-au-pays-et-a-letranger\/"},"modified":"2025-09-12T10:19:49","modified_gmt":"2025-09-12T08:19:49","slug":"le-festival-a-gand-invite-le-munich-philharmonic-avec-le-chef-dorchestre-disrael-au-pays-et-a-letranger","status":"publish","type":"post","link":"https:\/\/vieassociative.be\/actualites\/le-festival-a-gand-invite-le-munich-philharmonic-avec-le-chef-dorchestre-disrael-au-pays-et-a-letranger\/","title":{"rendered":"Le Festival \u00e0 Gand invite le Munich Philharmonic avec le chef d&rsquo;orchestre d&rsquo;Isra\u00ebl au pays et \u00e0 l&rsquo;\u00e9tranger"},"content":{"rendered":"<p><strong>Peu de temps avant leur apparition, le Munich Philharmonic est d\u00e9charg\u00e9 par un festival \u00e0 Gand en raison de leur chef d&rsquo;orchestre d&rsquo;Isra\u00ebl. Cela d\u00e9clenche une protestation en Belgique et \u00e0 l&rsquo;\u00e9tranger.<\/strong><\/p>\n<p><span id=\"more-424343\"><\/span>Le Munich Philharmonic avec leur futur chef d&rsquo;orchestre en chef Lahav Shani a \u00e9t\u00e9 d\u00e9charg\u00e9 par un festival \u00e0 Gand \u00e0 court terme. Le Flandre Festival Gand a justifi\u00e9 l&rsquo;annulation du concert pr\u00e9vu pour le 18 septembre par le fait que Shani, n\u00e9 \u00e0 Tel Aviv, est \u00e9galement directeur musical de l&rsquo;orchestre philharmonique isra\u00e9lien.<\/p>\n<p>\u00ab\u00a0\u00c0 la lumi\u00e8re de son r\u00f4le de chef d&rsquo;orchestre en chef des orchestres philharmoniques isra\u00e9liens, nous ne pouvons pas assurer la clart\u00e9 n\u00e9cessaire de son attitude envers le r\u00e9gime g\u00e9nocidaire de Tel Aviv\u00a0\u00bb, explique une d\u00e9claration sur la page d&rsquo;accueil du festival.<\/p>\n<div id=\"attachment_424353\" class=\"wp-caption alignleft\" style=\"max-width: 300px\"><img fetchpriority=\"high\" decoding=\"async\" class=\"wp-image-424353 size-medium\" src=\"https:\/\/vieassociative.be\/actualites\/wp-content\/uploads\/2025\/09\/Le-Festival-a-Gand-invite-le-Munich-Philharmonic-avec-le.jpg\" alt=\"\" width=\"300\" height=\"199\"><\/div>\n<p>Le festival a soulign\u00e9 que Shani avait parl\u00e9 plusieurs fois \u00ab\u00a0pour la paix et la r\u00e9conciliation\u00a0\u00bb dans le pass\u00e9. Conform\u00e9ment \u00e0 l&rsquo;appel du ministre de la Culture, le conseil municipal de Gand et le secteur culturel de Gand, ils ont d\u00e9cid\u00e9 de ne pas travailler avec des partenaires qui ne se sont pas clairement \u00e9loign\u00e9s de ce r\u00e9gime.<\/p>\n<p>\u00ab\u00a0En raison de l&rsquo;inhumanit\u00e9 de la situation actuelle et des r\u00e9actions \u00e9motionnelles dans notre soci\u00e9t\u00e9, nous ne voulons pas que le concert ait lieu\u00a0\u00bb, \u00e9crit le festival sur sa page d&rsquo;accueil. \u00ab\u00a0Nous avons d\u00e9cid\u00e9 de maintenir le calme de notre festival et de prot\u00e9ger l&rsquo;exp\u00e9rience de concert pour les visiteurs et les musiciens.\u00a0\u00bb<\/p>\n<p>Dans la guerre de Gaza, qui se d\u00e9roule depuis 2023, Isra\u00ebl rejette l&rsquo;accusation de g\u00e9nocide, c&rsquo;est-\u00e0-dire l&rsquo;accusation de g\u00e9nocide. L&rsquo;attaque terroriste du Hamas a \u00e9t\u00e9 d\u00e9clench\u00e9e le 7 octobre 2023, dans laquelle environ 1 200 personnes tu\u00e9es en Isra\u00ebl et plus de 250 autres ont \u00e9t\u00e9 tra\u00een\u00e9es dans la bande de Gaza, y compris les enfants. Isra\u00ebl parle d&rsquo;auto-d\u00e9fense apr\u00e8s l&rsquo;attaque terroriste.<\/p>\n<\/p>\n<div id=\"attachment_407449\" class=\"wp-caption alignleft\" style=\"max-width: 300px\"><img decoding=\"async\" class=\"wp-image-407449 size-medium\" src=\"https:\/\/vieassociative.be\/actualites\/wp-content\/uploads\/2025\/08\/Government-de-Wever-2026-seulement-deux-au-lieu-de-trois.jpg\" alt=\"\" width=\"300\" height=\"200\"><\/div>\n<p>Le 36 ans -old Shani est directeur musical de l&rsquo;Orchestre philharmonique isra\u00e9lien depuis 2020. En f\u00e9vrier 2023, le Munich Philharmonic l&rsquo;a nomm\u00e9 son nouveau chef d&rsquo;orchestre qu&rsquo;il devrait prendre son bureau en septembre 2026.<\/p>\n<p>Shani est le successeur du Walieri Russe Gergijew. Cela avait \u00e9t\u00e9 jet\u00e9 parce que, du point de vue du conseil municipal de Munich, il n&rsquo;\u00e9tait pas suffisamment \u00e9loign\u00e9 du pr\u00e9sident russe Vladimir Poutine apr\u00e8s l&rsquo;attaque de la Russie contre l&rsquo;Ukraine.<\/p>\n<p>Le d\u00e9placement de la philharmonie avec le chef d&rsquo;orchestre Shani d\u00e9clenche l&rsquo;horreur au pays et \u00e0 l&rsquo;\u00e9tranger. Le Premier ministre des Flandre Matthias Diependaele (N-VA) s&rsquo;est \u00e9loign\u00e9 de la d\u00e9cision de l&rsquo;\u00e9v\u00e9nement du festival. Le Premier ministre Bart de Wever (N-VA) rejoint Diependaele. \u00ab\u00a0Pour supporter l&rsquo;interdiction d&rsquo;un emploi uniquement \u00e0 cause de leur origine seule, pour le dire, pour le moins\u00a0\u00bb, effront\u00e9 et irresponsable \u00ab\u00a0, explique une d\u00e9claration \u00e9crite:\u00a0\u00bb Il se produit aussi \u00e0 peine que les artistes doivent justifier leurs pens\u00e9es par \u00e9crit. Je pense que c&rsquo;est l&rsquo;oppos\u00e9 de la libert\u00e9 artistique. Cela endommagera la Flandre et la Belgique. \u00ab\u00a0<\/p>\n<p>Le ministre des Affaires \u00e9trang\u00e8res, Maxime Pr\u00e9vot (Les Engages) a \u00e9galement critiqu\u00e9 la d\u00e9cision. \u00ab\u00a0Nous ne devons pas g\u00e9n\u00e9raliser et penser que chaque Isra\u00e9lien ou Juif soutient automatiquement la politique de Benjamin Netanyahu\u00a0\u00bb, a d\u00e9clar\u00e9 Pr\u00e9vot.<\/p>\n<\/p>\n<div id=\"attachment_424355\" class=\"wp-caption alignleft\" style=\"max-width: 300px\"><img decoding=\"async\" class=\"wp-image-424355 size-medium\" src=\"https:\/\/vieassociative.be\/actualites\/wp-content\/uploads\/2025\/09\/1757665189_210_Le-Festival-a-Gand-invite-le-Munich-Philharmonic-avec-le.jpg\" alt=\"\" width=\"300\" height=\"200\"><\/div>\n<p>Le pr\u00e9sident des lib\u00e9raux francophones (MR), Georges-Louis Bouchez, a \u00e9galement exprim\u00e9 de fortes critiques. Il a d\u00e9crit l&rsquo;annulation comme une honte et a appel\u00e9 \u00e0 la faille du ministre flamand de la culture Caroline Gennez (Vooruit) parce qu&rsquo;elle a soutenu la d\u00e9cision du festival.<\/p>\n<p>La d\u00e9cision \u00e9tait \u00e9galement incompr\u00e9hensible \u00e0 l&rsquo;\u00e9tranger. Le ministre allemand de la Culture, Wolfram Weimer, a parl\u00e9 de \u00ab\u00a0l&rsquo;anti-s\u00e9mitisme nu et une\u00a0\u00bb honte pour l&rsquo;Europe \u00ab\u00a0. \u00ab\u00a0Les \u00e9tapes europ\u00e9ennes ne doivent pas \u00eatre situ\u00e9es o\u00f9 les anti-Semites dictent le plan de match. L&rsquo;Allemagne n&rsquo;acceptera pas cela &#8211; nous porterons \u00e9galement le sujet dans la politique culturelle europ\u00e9enne.\u00a0\u00bb<\/p>\n<p>Les Munich Philharmonic sont \u00ab\u00a0une figure de proue de la culture allemande et de la classe mondiale\u00a0\u00bb et il se tient derri\u00e8re l&rsquo;orchestre, a soulign\u00e9 Weimer. \u00ab\u00a0Quiconque refuse la sc\u00e8ne pour lui et son futur chef d&rsquo;orchestre ne nuit pas \u00e0 Isra\u00ebl &#8211; il nuise \u00e0 l&rsquo;Europe et \u00e0 sa propre cr\u00e9dibilit\u00e9.\u00a0\u00bb L&rsquo;Allemagne est du c\u00f4t\u00e9 de Shai. \u00ab\u00a0Notre message est clair: nous ne laissons pas nos orchestres ou nos artistes juifs les repousser.\u00a0\u00bb (DPA \/ CRE)<\/p>\n","protected":false},"excerpt":{"rendered":"<p>Peu de temps avant leur apparition, le Munich Philharmonic est d\u00e9charg\u00e9 par un festival \u00e0 Gand en raison de leur chef d&rsquo;orchestre d&rsquo;Isra\u00ebl. Cela d\u00e9clenche<\/p>\n","protected":false},"author":1,"featured_media":9990,"comment_status":"","ping_status":"","sticky":false,"template":"","format":"standard","meta":{"footnotes":""},"categories":[298],"tags":[61,4619,8514,8513,557,7153,4819,2451,3449,3513,8512],"class_list":["post-9989","post","type-post","status-publish","format-standard","has-post-thumbnail","hentry","category-belgique","tag-avec","tag-chef","tag-disrael","tag-dorchestre","tag-festival","tag-gand","tag-invite","tag-letranger","tag-munich","tag-pays","tag-philharmonic","generate-columns","tablet-grid-50","mobile-grid-100","grid-parent","grid-33"],"yoast_head":"<!-- This site is optimized with the Yoast SEO plugin v24.0 - https:\/\/yoast.com\/wordpress\/plugins\/seo\/ -->\n<title>Le Festival \u00e0 Gand invite le Munich Philharmonic avec le chef d&#039;orchestre d&#039;Isra\u00ebl au pays et \u00e0 l&#039;\u00e9tranger | Vie Associative<\/title>\n<meta name=\"robots\" content=\"index, follow, max-snippet:-1, max-image-preview:large, max-video-preview:-1\" \/>\n<link rel=\"canonical\" href=\"https:\/\/vieassociative.be\/actualites\/le-festival-a-gand-invite-le-munich-philharmonic-avec-le-chef-dorchestre-disrael-au-pays-et-a-letranger\/\" \/>\n<meta property=\"og:locale\" content=\"fr_FR\" \/>\n<meta property=\"og:type\" content=\"article\" \/>\n<meta property=\"og:title\" content=\"Le Festival \u00e0 Gand invite le Munich Philharmonic avec le chef d&#039;orchestre d&#039;Isra\u00ebl au pays et \u00e0 l&#039;\u00e9tranger | Vie Associative\" \/>\n<meta property=\"og:description\" content=\"Peu de temps avant leur apparition, le Munich Philharmonic est d\u00e9charg\u00e9 par un festival \u00e0 Gand en raison de leur chef d&rsquo;orchestre d&rsquo;Isra\u00ebl. Cela d\u00e9clenche\" \/>\n<meta property=\"og:url\" content=\"https:\/\/vieassociative.be\/actualites\/le-festival-a-gand-invite-le-munich-philharmonic-avec-le-chef-dorchestre-disrael-au-pays-et-a-letranger\/\" \/>\n<meta property=\"og:site_name\" content=\"Vie Associative\" \/>\n<meta property=\"article:published_time\" content=\"2025-09-12T08:19:49+00:00\" \/>\n<meta property=\"og:image\" content=\"https:\/\/vieassociative.be\/actualites\/wp-content\/uploads\/2024\/09\/header_backgroundk-01-e1726694325946.png\" \/>\n\t<meta property=\"og:image:width\" content=\"279\" \/>\n\t<meta property=\"og:image:height\" content=\"92\" \/>\n\t<meta property=\"og:image:type\" content=\"image\/png\" \/>\n<meta name=\"author\" content=\"Julien\" \/>\n<meta name=\"twitter:card\" content=\"summary_large_image\" \/>\n<meta name=\"twitter:label1\" content=\"\u00c9crit par\" \/>\n\t<meta name=\"twitter:data1\" content=\"Julien\" \/>\n\t<meta name=\"twitter:label2\" content=\"Dur\u00e9e de lecture est.\" \/>\n\t<meta name=\"twitter:data2\" content=\"4 minutes\" \/>\n<script type=\"application\/ld+json\" class=\"yoast-schema-graph\">{\"@context\":\"https:\/\/schema.org\",\"@graph\":[{\"@type\":\"Article\",\"@id\":\"https:\/\/vieassociative.be\/actualites\/le-festival-a-gand-invite-le-munich-philharmonic-avec-le-chef-dorchestre-disrael-au-pays-et-a-letranger\/#article\",\"isPartOf\":{\"@id\":\"https:\/\/vieassociative.be\/actualites\/le-festival-a-gand-invite-le-munich-philharmonic-avec-le-chef-dorchestre-disrael-au-pays-et-a-letranger\/\"},\"author\":{\"name\":\"Julien\",\"@id\":\"https:\/\/vieassociative.be\/actualites\/#\/schema\/person\/b87ac4f82f9d4e7b7cec7395b679edc4\"},\"headline\":\"Le Festival \u00e0 Gand invite le Munich Philharmonic avec le chef d&rsquo;orchestre d&rsquo;Isra\u00ebl au pays et \u00e0 l&rsquo;\u00e9tranger\",\"datePublished\":\"2025-09-12T08:19:49+00:00\",\"dateModified\":\"2025-09-12T08:19:49+00:00\",\"mainEntityOfPage\":{\"@id\":\"https:\/\/vieassociative.be\/actualites\/le-festival-a-gand-invite-le-munich-philharmonic-avec-le-chef-dorchestre-disrael-au-pays-et-a-letranger\/\"},\"wordCount\":795,\"publisher\":{\"@id\":\"https:\/\/vieassociative.be\/actualites\/#organization\"},\"image\":{\"@id\":\"https:\/\/vieassociative.be\/actualites\/le-festival-a-gand-invite-le-munich-philharmonic-avec-le-chef-dorchestre-disrael-au-pays-et-a-letranger\/#primaryimage\"},\"thumbnailUrl\":\"https:\/\/vieassociative.be\/actualites\/wp-content\/uploads\/2025\/09\/1757665191_Le-Festival-a-Gand-invite-le-Munich-Philharmonic-avec-le.jpg\",\"keywords\":[\"avec\",\"chef\",\"dIsra\u00ebl\",\"dorchestre\",\"festival\",\"Gand\",\"invit\u00e9\",\"l\u00e9tranger\",\"Munich\",\"pays\",\"Philharmonic\"],\"articleSection\":[\"Belgique\"],\"inLanguage\":\"fr-BE\"},{\"@type\":\"WebPage\",\"@id\":\"https:\/\/vieassociative.be\/actualites\/le-festival-a-gand-invite-le-munich-philharmonic-avec-le-chef-dorchestre-disrael-au-pays-et-a-letranger\/\",\"url\":\"https:\/\/vieassociative.be\/actualites\/le-festival-a-gand-invite-le-munich-philharmonic-avec-le-chef-dorchestre-disrael-au-pays-et-a-letranger\/\",\"name\":\"Le Festival \u00e0 Gand invite le Munich Philharmonic avec le chef d'orchestre d'Isra\u00ebl au pays et \u00e0 l'\u00e9tranger | Vie Associative\",\"isPartOf\":{\"@id\":\"https:\/\/vieassociative.be\/actualites\/#website\"},\"primaryImageOfPage\":{\"@id\":\"https:\/\/vieassociative.be\/actualites\/le-festival-a-gand-invite-le-munich-philharmonic-avec-le-chef-dorchestre-disrael-au-pays-et-a-letranger\/#primaryimage\"},\"image\":{\"@id\":\"https:\/\/vieassociative.be\/actualites\/le-festival-a-gand-invite-le-munich-philharmonic-avec-le-chef-dorchestre-disrael-au-pays-et-a-letranger\/#primaryimage\"},\"thumbnailUrl\":\"https:\/\/vieassociative.be\/actualites\/wp-content\/uploads\/2025\/09\/1757665191_Le-Festival-a-Gand-invite-le-Munich-Philharmonic-avec-le.jpg\",\"datePublished\":\"2025-09-12T08:19:49+00:00\",\"dateModified\":\"2025-09-12T08:19:49+00:00\",\"breadcrumb\":{\"@id\":\"https:\/\/vieassociative.be\/actualites\/le-festival-a-gand-invite-le-munich-philharmonic-avec-le-chef-dorchestre-disrael-au-pays-et-a-letranger\/#breadcrumb\"},\"inLanguage\":\"fr-BE\",\"potentialAction\":[{\"@type\":\"ReadAction\",\"target\":[\"https:\/\/vieassociative.be\/actualites\/le-festival-a-gand-invite-le-munich-philharmonic-avec-le-chef-dorchestre-disrael-au-pays-et-a-letranger\/\"]}]},{\"@type\":\"ImageObject\",\"inLanguage\":\"fr-BE\",\"@id\":\"https:\/\/vieassociative.be\/actualites\/le-festival-a-gand-invite-le-munich-philharmonic-avec-le-chef-dorchestre-disrael-au-pays-et-a-letranger\/#primaryimage\",\"url\":\"https:\/\/vieassociative.be\/actualites\/wp-content\/uploads\/2025\/09\/1757665191_Le-Festival-a-Gand-invite-le-Munich-Philharmonic-avec-le.jpg\",\"contentUrl\":\"https:\/\/vieassociative.be\/actualites\/wp-content\/uploads\/2025\/09\/1757665191_Le-Festival-a-Gand-invite-le-Munich-Philharmonic-avec-le.jpg\",\"width\":1200,\"height\":800,\"caption\":\"Le Festival \u00e0 Gand invite le Munich Philharmonic avec le chef d'orchestre d'Isra\u00ebl au pays et \u00e0 l'\u00e9tranger\"},{\"@type\":\"BreadcrumbList\",\"@id\":\"https:\/\/vieassociative.be\/actualites\/le-festival-a-gand-invite-le-munich-philharmonic-avec-le-chef-dorchestre-disrael-au-pays-et-a-letranger\/#breadcrumb\",\"itemListElement\":[{\"@type\":\"ListItem\",\"position\":1,\"name\":\"Accueil\",\"item\":\"https:\/\/vieassociative.be\/actualites\/\"},{\"@type\":\"ListItem\",\"position\":2,\"name\":\"Le Festival \u00e0 Gand invite le Munich Philharmonic avec le chef d&rsquo;orchestre d&rsquo;Isra\u00ebl au pays et \u00e0 l&rsquo;\u00e9tranger\"}]},{\"@type\":\"WebSite\",\"@id\":\"https:\/\/vieassociative.be\/actualites\/#website\",\"url\":\"https:\/\/vieassociative.be\/actualites\/\",\"name\":\"Vie Associative\",\"description\":\"\",\"publisher\":{\"@id\":\"https:\/\/vieassociative.be\/actualites\/#organization\"},\"potentialAction\":[{\"@type\":\"SearchAction\",\"target\":{\"@type\":\"EntryPoint\",\"urlTemplate\":\"https:\/\/vieassociative.be\/actualites\/?s={search_term_string}\"},\"query-input\":{\"@type\":\"PropertyValueSpecification\",\"valueRequired\":true,\"valueName\":\"search_term_string\"}}],\"inLanguage\":\"fr-BE\"},{\"@type\":\"Organization\",\"@id\":\"https:\/\/vieassociative.be\/actualites\/#organization\",\"name\":\"Vie Associative\",\"url\":\"https:\/\/vieassociative.be\/actualites\/\",\"logo\":{\"@type\":\"ImageObject\",\"inLanguage\":\"fr-BE\",\"@id\":\"https:\/\/vieassociative.be\/actualites\/#\/schema\/logo\/image\/\",\"url\":\"https:\/\/vieassociative.be\/actualites\/wp-content\/uploads\/2024\/09\/cropped-vieassociative_favicon.ico.png\",\"contentUrl\":\"https:\/\/vieassociative.be\/actualites\/wp-content\/uploads\/2024\/09\/cropped-vieassociative_favicon.ico.png\",\"width\":512,\"height\":512,\"caption\":\"Vie Associative\"},\"image\":{\"@id\":\"https:\/\/vieassociative.be\/actualites\/#\/schema\/logo\/image\/\"}},{\"@type\":\"Person\",\"@id\":\"https:\/\/vieassociative.be\/actualites\/#\/schema\/person\/b87ac4f82f9d4e7b7cec7395b679edc4\",\"name\":\"Julien\",\"image\":{\"@type\":\"ImageObject\",\"inLanguage\":\"fr-BE\",\"@id\":\"https:\/\/vieassociative.be\/actualites\/#\/schema\/person\/image\/\",\"url\":\"https:\/\/vieassociative.be\/actualites\/wp-content\/uploads\/2024\/09\/vie-associative-1-150x150.jpg\",\"contentUrl\":\"https:\/\/vieassociative.be\/actualites\/wp-content\/uploads\/2024\/09\/vie-associative-1-150x150.jpg\",\"caption\":\"Julien\"},\"description\":\"Je suis Julien, r\u00e9dacteur pour Vie Associative. Passionn\u00e9 par le monde associatif depuis plus de 10 ans, j'ai \u00e0 c\u0153ur de partager des histoires inspirantes et de mettre en lumi\u00e8re les initiatives locales. Mon objectif est de sensibiliser et d'encourager l'engagement communautaire \u00e0 travers mes articles.\",\"sameAs\":[\"https:\/\/vieassociative.be\/\"]}]}<\/script>\n<!-- \/ Yoast SEO plugin. -->","yoast_head_json":{"title":"Le Festival \u00e0 Gand invite le Munich Philharmonic avec le chef d'orchestre d'Isra\u00ebl au pays et \u00e0 l'\u00e9tranger | Vie Associative","robots":{"index":"index","follow":"follow","max-snippet":"max-snippet:-1","max-image-preview":"max-image-preview:large","max-video-preview":"max-video-preview:-1"},"canonical":"https:\/\/vieassociative.be\/actualites\/le-festival-a-gand-invite-le-munich-philharmonic-avec-le-chef-dorchestre-disrael-au-pays-et-a-letranger\/","og_locale":"fr_FR","og_type":"article","og_title":"Le Festival \u00e0 Gand invite le Munich Philharmonic avec le chef d'orchestre d'Isra\u00ebl au pays et \u00e0 l'\u00e9tranger | Vie Associative","og_description":"Peu de temps avant leur apparition, le Munich Philharmonic est d\u00e9charg\u00e9 par un festival \u00e0 Gand en raison de leur chef d&rsquo;orchestre d&rsquo;Isra\u00ebl. Cela d\u00e9clenche","og_url":"https:\/\/vieassociative.be\/actualites\/le-festival-a-gand-invite-le-munich-philharmonic-avec-le-chef-dorchestre-disrael-au-pays-et-a-letranger\/","og_site_name":"Vie Associative","article_published_time":"2025-09-12T08:19:49+00:00","og_image":[{"width":279,"height":92,"url":"https:\/\/vieassociative.be\/actualites\/wp-content\/uploads\/2024\/09\/header_backgroundk-01-e1726694325946.png","type":"image\/png"}],"author":"Julien","twitter_card":"summary_large_image","twitter_misc":{"\u00c9crit par":"Julien","Dur\u00e9e de lecture est.":"4 minutes"},"schema":{"@context":"https:\/\/schema.org","@graph":[{"@type":"Article","@id":"https:\/\/vieassociative.be\/actualites\/le-festival-a-gand-invite-le-munich-philharmonic-avec-le-chef-dorchestre-disrael-au-pays-et-a-letranger\/#article","isPartOf":{"@id":"https:\/\/vieassociative.be\/actualites\/le-festival-a-gand-invite-le-munich-philharmonic-avec-le-chef-dorchestre-disrael-au-pays-et-a-letranger\/"},"author":{"name":"Julien","@id":"https:\/\/vieassociative.be\/actualites\/#\/schema\/person\/b87ac4f82f9d4e7b7cec7395b679edc4"},"headline":"Le Festival \u00e0 Gand invite le Munich Philharmonic avec le chef d&rsquo;orchestre d&rsquo;Isra\u00ebl au pays et \u00e0 l&rsquo;\u00e9tranger","datePublished":"2025-09-12T08:19:49+00:00","dateModified":"2025-09-12T08:19:49+00:00","mainEntityOfPage":{"@id":"https:\/\/vieassociative.be\/actualites\/le-festival-a-gand-invite-le-munich-philharmonic-avec-le-chef-dorchestre-disrael-au-pays-et-a-letranger\/"},"wordCount":795,"publisher":{"@id":"https:\/\/vieassociative.be\/actualites\/#organization"},"image":{"@id":"https:\/\/vieassociative.be\/actualites\/le-festival-a-gand-invite-le-munich-philharmonic-avec-le-chef-dorchestre-disrael-au-pays-et-a-letranger\/#primaryimage"},"thumbnailUrl":"https:\/\/vieassociative.be\/actualites\/wp-content\/uploads\/2025\/09\/1757665191_Le-Festival-a-Gand-invite-le-Munich-Philharmonic-avec-le.jpg","keywords":["avec","chef","dIsra\u00ebl","dorchestre","festival","Gand","invit\u00e9","l\u00e9tranger","Munich","pays","Philharmonic"],"articleSection":["Belgique"],"inLanguage":"fr-BE"},{"@type":"WebPage","@id":"https:\/\/vieassociative.be\/actualites\/le-festival-a-gand-invite-le-munich-philharmonic-avec-le-chef-dorchestre-disrael-au-pays-et-a-letranger\/","url":"https:\/\/vieassociative.be\/actualites\/le-festival-a-gand-invite-le-munich-philharmonic-avec-le-chef-dorchestre-disrael-au-pays-et-a-letranger\/","name":"Le Festival \u00e0 Gand invite le Munich Philharmonic avec le chef d'orchestre d'Isra\u00ebl au pays et \u00e0 l'\u00e9tranger | Vie Associative","isPartOf":{"@id":"https:\/\/vieassociative.be\/actualites\/#website"},"primaryImageOfPage":{"@id":"https:\/\/vieassociative.be\/actualites\/le-festival-a-gand-invite-le-munich-philharmonic-avec-le-chef-dorchestre-disrael-au-pays-et-a-letranger\/#primaryimage"},"image":{"@id":"https:\/\/vieassociative.be\/actualites\/le-festival-a-gand-invite-le-munich-philharmonic-avec-le-chef-dorchestre-disrael-au-pays-et-a-letranger\/#primaryimage"},"thumbnailUrl":"https:\/\/vieassociative.be\/actualites\/wp-content\/uploads\/2025\/09\/1757665191_Le-Festival-a-Gand-invite-le-Munich-Philharmonic-avec-le.jpg","datePublished":"2025-09-12T08:19:49+00:00","dateModified":"2025-09-12T08:19:49+00:00","breadcrumb":{"@id":"https:\/\/vieassociative.be\/actualites\/le-festival-a-gand-invite-le-munich-philharmonic-avec-le-chef-dorchestre-disrael-au-pays-et-a-letranger\/#breadcrumb"},"inLanguage":"fr-BE","potentialAction":[{"@type":"ReadAction","target":["https:\/\/vieassociative.be\/actualites\/le-festival-a-gand-invite-le-munich-philharmonic-avec-le-chef-dorchestre-disrael-au-pays-et-a-letranger\/"]}]},{"@type":"ImageObject","inLanguage":"fr-BE","@id":"https:\/\/vieassociative.be\/actualites\/le-festival-a-gand-invite-le-munich-philharmonic-avec-le-chef-dorchestre-disrael-au-pays-et-a-letranger\/#primaryimage","url":"https:\/\/vieassociative.be\/actualites\/wp-content\/uploads\/2025\/09\/1757665191_Le-Festival-a-Gand-invite-le-Munich-Philharmonic-avec-le.jpg","contentUrl":"https:\/\/vieassociative.be\/actualites\/wp-content\/uploads\/2025\/09\/1757665191_Le-Festival-a-Gand-invite-le-Munich-Philharmonic-avec-le.jpg","width":1200,"height":800,"caption":"Le Festival \u00e0 Gand invite le Munich Philharmonic avec le chef d'orchestre d'Isra\u00ebl au pays et \u00e0 l'\u00e9tranger"},{"@type":"BreadcrumbList","@id":"https:\/\/vieassociative.be\/actualites\/le-festival-a-gand-invite-le-munich-philharmonic-avec-le-chef-dorchestre-disrael-au-pays-et-a-letranger\/#breadcrumb","itemListElement":[{"@type":"ListItem","position":1,"name":"Accueil","item":"https:\/\/vieassociative.be\/actualites\/"},{"@type":"ListItem","position":2,"name":"Le Festival \u00e0 Gand invite le Munich Philharmonic avec le chef d&rsquo;orchestre d&rsquo;Isra\u00ebl au pays et \u00e0 l&rsquo;\u00e9tranger"}]},{"@type":"WebSite","@id":"https:\/\/vieassociative.be\/actualites\/#website","url":"https:\/\/vieassociative.be\/actualites\/","name":"Vie Associative","description":"","publisher":{"@id":"https:\/\/vieassociative.be\/actualites\/#organization"},"potentialAction":[{"@type":"SearchAction","target":{"@type":"EntryPoint","urlTemplate":"https:\/\/vieassociative.be\/actualites\/?s={search_term_string}"},"query-input":{"@type":"PropertyValueSpecification","valueRequired":true,"valueName":"search_term_string"}}],"inLanguage":"fr-BE"},{"@type":"Organization","@id":"https:\/\/vieassociative.be\/actualites\/#organization","name":"Vie Associative","url":"https:\/\/vieassociative.be\/actualites\/","logo":{"@type":"ImageObject","inLanguage":"fr-BE","@id":"https:\/\/vieassociative.be\/actualites\/#\/schema\/logo\/image\/","url":"https:\/\/vieassociative.be\/actualites\/wp-content\/uploads\/2024\/09\/cropped-vieassociative_favicon.ico.png","contentUrl":"https:\/\/vieassociative.be\/actualites\/wp-content\/uploads\/2024\/09\/cropped-vieassociative_favicon.ico.png","width":512,"height":512,"caption":"Vie Associative"},"image":{"@id":"https:\/\/vieassociative.be\/actualites\/#\/schema\/logo\/image\/"}},{"@type":"Person","@id":"https:\/\/vieassociative.be\/actualites\/#\/schema\/person\/b87ac4f82f9d4e7b7cec7395b679edc4","name":"Julien","image":{"@type":"ImageObject","inLanguage":"fr-BE","@id":"https:\/\/vieassociative.be\/actualites\/#\/schema\/person\/image\/","url":"https:\/\/vieassociative.be\/actualites\/wp-content\/uploads\/2024\/09\/vie-associative-1-150x150.jpg","contentUrl":"https:\/\/vieassociative.be\/actualites\/wp-content\/uploads\/2024\/09\/vie-associative-1-150x150.jpg","caption":"Julien"},"description":"Je suis Julien, r\u00e9dacteur pour Vie Associative. Passionn\u00e9 par le monde associatif depuis plus de 10 ans, j'ai \u00e0 c\u0153ur de partager des histoires inspirantes et de mettre en lumi\u00e8re les initiatives locales. Mon objectif est de sensibiliser et d'encourager l'engagement communautaire \u00e0 travers mes articles.","sameAs":["https:\/\/vieassociative.be\/"]}]}},"_links":{"self":[{"href":"https:\/\/vieassociative.be\/actualites\/wp-json\/wp\/v2\/posts\/9989"}],"collection":[{"href":"https:\/\/vieassociative.be\/actualites\/wp-json\/wp\/v2\/posts"}],"about":[{"href":"https:\/\/vieassociative.be\/actualites\/wp-json\/wp\/v2\/types\/post"}],"author":[{"embeddable":true,"href":"https:\/\/vieassociative.be\/actualites\/wp-json\/wp\/v2\/users\/1"}],"replies":[{"embeddable":true,"href":"https:\/\/vieassociative.be\/actualites\/wp-json\/wp\/v2\/comments?post=9989"}],"version-history":[{"count":0,"href":"https:\/\/vieassociative.be\/actualites\/wp-json\/wp\/v2\/posts\/9989\/revisions"}],"wp:featuredmedia":[{"embeddable":true,"href":"https:\/\/vieassociative.be\/actualites\/wp-json\/wp\/v2\/media\/9990"}],"wp:attachment":[{"href":"https:\/\/vieassociative.be\/actualites\/wp-json\/wp\/v2\/media?parent=9989"}],"wp:term":[{"taxonomy":"category","embeddable":true,"href":"https:\/\/vieassociative.be\/actualites\/wp-json\/wp\/v2\/categories?post=9989"},{"taxonomy":"post_tag","embeddable":true,"href":"https:\/\/vieassociative.be\/actualites\/wp-json\/wp\/v2\/tags?post=9989"}],"curies":[{"name":"wp","href":"https:\/\/api.w.org\/{rel}","templated":true}]}}