{"id":9983,"date":"2025-09-12T02:17:00","date_gmt":"2025-09-12T00:17:00","guid":{"rendered":"https:\/\/vieassociative.be\/actualites\/voici-comment-la-montre-pixel-se-compare-aux-nouvelles-montres-apple-2\/"},"modified":"2025-09-12T02:17:00","modified_gmt":"2025-09-12T00:17:00","slug":"voici-comment-la-montre-pixel-se-compare-aux-nouvelles-montres-apple-2","status":"publish","type":"post","link":"https:\/\/vieassociative.be\/actualites\/voici-comment-la-montre-pixel-se-compare-aux-nouvelles-montres-apple-2\/","title":{"rendered":"Voici comment la montre Pixel se compare aux nouvelles montres Apple"},"content":{"rendered":"<div class=\"mt-4 leading-6 md:mb-8\">Voici comment les montres Pixel et Apple s&#8217;empilent sur le type d&rsquo;affichage, la dur\u00e9e de vie de la batterie, etc.<\/div>\n<p><\/p>\n<p><em>Saviez-vous que vous pouvez personnaliser Google pour filtrer les ordures? Prendre ces \u00e9tapes<\/em><em>  Pour de meilleurs r\u00e9sultats de recherche, notamment en ajoutant mon travail chez Vie Associative comme source pr\u00e9f\u00e9r\u00e9e<\/em><em>.<\/em><\/p>\n<p>Apple a r\u00e9cemment annonc\u00e9 les fonctionnalit\u00e9s de la nouvelle s\u00e9rie 11 et des montres Apple Ultra 3. Nous avons ici des faits saillants de ce qui \u00e9tait dans cette annonce, et tout ce que nous savons sur l&rsquo;Apple Watch Ultra 3, si vous rattrapez toujours. Mais si vous \u00eates pr\u00eat \u00e0 plonger dans les d\u00e9tails et que vous vous demandez comment ces sp\u00e9cifications s&rsquo;accumulent avec les montres Pixel, y compris la montre Pixel 3 et la prochaine Pixel Watch 4, voici une comparaison. <\/p>\n<h2 id=\"display-type-and-brightness\">Type d&rsquo;affichage et luminosit\u00e9<\/h2>\n<p>La nouvelle Apple Watch Ultra 3 a l&rsquo;affichage le plus impressionnant de toutes les montres dont je discuterai ici aujourd&rsquo;hui. Les OLED \u00e0 grand angle rendent l&rsquo;\u00e9cran visible sous plus d&rsquo;angles, et la technologie LPTO3 signifie qu&rsquo;elle tire beaucoup moins de puissance. Ces fonctionnalit\u00e9s b\u00e9n\u00e9ficient principalement de l&rsquo;affichage toujours sur, car maintenant m\u00eame la version inactive de l&rsquo;\u00e9cran pourra mettre \u00e0 jour chaque seconde, et vous pourrez facilement voir l&rsquo;\u00e9cran sans l&rsquo;\u00e9lever \u00e0 votre poignet. La luminosit\u00e9 maximale est de 3 000 nits.<\/p>\n<div class=\"mx-auto mb-12 mt-5 w-full max-w-3xl rounded-md border-2 border-gray-100 p-3 shadow-md md:px-7 md:pb-7 md:pt-5\" id=\"related-video\">\n<div class=\"mb-3 flex items-center md:mb-5\">\n        <img decoding=\"async\" class=\"mr-4 mt-0 h-10 w-10 md:mr-5 md:h-12 md:w-12\" src=\"https:\/\/vieassociative.be\/actualites\/wp-content\/uploads\/2025\/08\/1754414314_422_Les-brins-du-NYT-daujourdhui-indiquent-et-repondent-pour-le.jpg\" alt=\"Logo Lifehacker\"><\/p><\/div>\n<div class=\"aspect-video w-full overflow-hidden rounded-md\">\n<div id=\"video-container-01K4XJG2KZWPNK75VYCMXQBNX8\"><\/div>\n<\/p><\/div>\n<\/div>\n<p>L&rsquo;Apple Watch Series 11 n&rsquo;a pas les mises \u00e0 jour tous les secondes, mais elle inclut les OLED \u00e0 grand angle pour \u00eatre plus visibles lorsqu&rsquo;il est vu \u00e0 un angle. La luminosit\u00e9 maximale est de 2 000 nits.<\/p>\n<p>Le Pixel Watch 3 n&rsquo;a aucune de ces nouvelles fonctionnalit\u00e9s, mais il a un \u00e9cran lumineux \u00e0 2 000 nits. Le Pixel Watch 4, d\u00fb sur les \u00e9tag\u00e8res des magasins en octobre, utilise un \u00e9cran en forme de d\u00f4me et a une luminosit\u00e9 de 3 000 nits.<\/p>\n<h2 id=\"battery-life\">Dur\u00e9e de vie de la batterie<\/h2>\n<p>L&rsquo;Apple Watch Ultra a toujours eu une dur\u00e9e de vie de la batterie impressionnante par rapport aux autres mod\u00e8les d&rsquo;Apple Watch, et l&rsquo;Ultra 3 ne fait pas exception. L&rsquo;Ultra 3 a une dur\u00e9e de vie de la batterie de 42 heures, selon Apple, s&rsquo;\u00e9tendant \u00e0 72 heures en mode faible puissance. <\/p>\n<p>La s\u00e9rie 11 obtient jusqu&rsquo;\u00e0 24 heures en usage r\u00e9guli\u00e8re, s&rsquo;\u00e9tendant \u00e0 38 heures en mode faible puissance. <\/p>\n<p>Le Pixel Watch 3 obtient 24 heures dans une utilisation r\u00e9guli\u00e8re et 36 avec l&rsquo;\u00e9conomiseur de batterie &#8211; n&rsquo;est pas identique \u00e0 l&rsquo;Apple Watch Series 11. Le prochain Pixel Watch 4 s&rsquo;am\u00e9liore \u00e0 ce sujet, avec 30 \u00e0 40 heures d&rsquo;utilisation r\u00e9guli\u00e8re (selon la taille que vous regardez) et 48 \u00e0 72 heures avec une batterie.<\/p>\n<h2 id=\"health-and-fitness-features\">Caract\u00e9ristiques de sant\u00e9 et de fitness<\/h2>\n<p>Les nouvelles montres Apple auront enfin un score de sommeil, qui est une fonctionnalit\u00e9 que les montres Pixel ont depuis longtemps via l&rsquo;application Fitbit (qui est son application native pour les caract\u00e9ristiques de sant\u00e9). Ce n&rsquo;est pas une m\u00e9trique particuli\u00e8rement utile, car elle ne peut pas \u00eatre valid\u00e9e; Je ne mettrais pas trop de stock dans le score de sommeil d&rsquo;une application. Mais Apple montre qu&rsquo;il rattrape d&rsquo;autres appareils en offrant une partition facile \u00e0 lire au lieu de simplement des mesures s\u00e9par\u00e9es.<\/p>\n<p>Apple pr\u00e9voit \u00e9galement d&rsquo;introduire des notifications pour des signes d&rsquo;hypertension art\u00e9rielle, en supposant qu&rsquo;elle obtient l&rsquo;approbation r\u00e9glementaire n\u00e9cessaire. (Whoop a r\u00e9cemment eu des ennuis avec la FDA pour la mise en \u0153uvre d&rsquo;une fonction de pression art\u00e9rielle non approuv\u00e9e; Apple est plus prudent.) Les montres pixels n&rsquo;ont pas de fonctionnalit\u00e9 art\u00e9rielle, bien qu&rsquo;il ne soit pas clair si les montres intelligentes sont bonnes \u00e0 la surveillance de la pression art\u00e9rielle en premier lieu. <\/p>\n<p>La derni\u00e8re version d&rsquo;Apple&rsquo;s WatchOS est livr\u00e9e avec Workout Buddy, une voix qui livre des discussions sur l&rsquo;IA PEP pendant vos s\u00e9ances d&rsquo;entra\u00eenement (en supposant que votre iPhone est assez nouveau). Les montres Pixel n&rsquo;ont pas cela, mais le Pixel Watch 4 comprendra un entra\u00eeneur de fitness AI dans le cadre d&rsquo;un abonnement Fitbit de niveau premium. L&rsquo;abonnement est de 9,99 $ \/ mois, et vous obtenez six mois gratuitement avec un nouvel appareil.<\/p>\n<h2 id=\"connectivity\">Connectivit\u00e9<\/h2>\n<p>L&rsquo;Apple Watch Series 11 et Ultra 3 ont toutes deux une connectivit\u00e9 avec des r\u00e9seaux 5G et LTE dans leurs mod\u00e8les compatibles cellulaires. L&rsquo;Apple Watch Ultra 3 propose \u00e9galement la messagerie par satellite, afin que vous puissiez atteindre les services d&rsquo;urgence et informer vos amis et votre famille m\u00eame sans connexion cellulaire. <\/p>\n<p>Le Pixel Watch 3 n&rsquo;a que la 4G LTE dans ses mod\u00e8les \u00e0 complaisance cellulaire, mais le Pixel Watch 4 a \u00e9galement une fonction SAtellite SOS. <\/p>\n<h2 id=\"pricing\">Prix<\/h2>\n<p>La s\u00e9rie Apple Watch 11 commence \u00e0 399 $ pour la taille de 42 millim\u00e8tres et 429 $ pour la taille de 46 millim\u00e8tres. Les versions avec connectivit\u00e9 cellulaire sont de 100 $ de plus. <\/p>\n<p>L&rsquo;Apple Watch Ultra 3 commence \u00e0 799 $ et est disponible en taille unique, 49 millim\u00e8tres.<\/p>\n<p>Le Pixel Watch 3 commence \u00e0 249 $ pour la taille de 41 millim\u00e8tres et 299 $ pour la taille de 45 millim\u00e8tres. Comme pour ses homologues Apple, les versions avec connectivit\u00e9 cellulaire sont de 100 $ de plus. <\/p>\n<p>Le Pixel Watch 4 commence \u00e0 349 $ pour la taille de 41 millim\u00e8tres et 399 $ pour la taille de 45 millim\u00e8tres, et encore une fois, les versions cellulaires sont 100 $ de plus. <\/p>\n","protected":false},"excerpt":{"rendered":"<p>Voici comment les montres Pixel et Apple s&#8217;empilent sur le type d&rsquo;affichage, la dur\u00e9e de vie de la batterie, etc. Saviez-vous que vous pouvez personnaliser<\/p>\n","protected":false},"author":1,"featured_media":9984,"comment_status":"","ping_status":"","sticky":false,"template":"","format":"standard","meta":{"footnotes":""},"categories":[13],"tags":[54,289,44,5411,1252,3684,1215,1278,529],"class_list":["post-9983","post","type-post","status-publish","format-standard","has-post-thumbnail","hentry","category-technologie","tag-apple","tag-aux","tag-comment","tag-compare","tag-montre","tag-montres","tag-nouvelles","tag-pixel","tag-voici","generate-columns","tablet-grid-50","mobile-grid-100","grid-parent","grid-33"],"yoast_head":"<!-- This site is optimized with the Yoast SEO plugin v24.0 - https:\/\/yoast.com\/wordpress\/plugins\/seo\/ -->\n<title>Voici comment la montre Pixel se compare aux nouvelles montres Apple | Vie Associative<\/title>\n<meta name=\"robots\" content=\"index, follow, max-snippet:-1, max-image-preview:large, max-video-preview:-1\" \/>\n<link rel=\"canonical\" href=\"https:\/\/vieassociative.be\/actualites\/voici-comment-la-montre-pixel-se-compare-aux-nouvelles-montres-apple-2\/\" \/>\n<meta property=\"og:locale\" content=\"fr_FR\" \/>\n<meta property=\"og:type\" content=\"article\" \/>\n<meta property=\"og:title\" content=\"Voici comment la montre Pixel se compare aux nouvelles montres Apple | Vie Associative\" \/>\n<meta property=\"og:description\" content=\"Voici comment les montres Pixel et Apple s&#8217;empilent sur le type d&rsquo;affichage, la dur\u00e9e de vie de la batterie, etc. Saviez-vous que vous pouvez personnaliser\" \/>\n<meta property=\"og:url\" content=\"https:\/\/vieassociative.be\/actualites\/voici-comment-la-montre-pixel-se-compare-aux-nouvelles-montres-apple-2\/\" \/>\n<meta property=\"og:site_name\" content=\"Vie Associative\" \/>\n<meta property=\"article:published_time\" content=\"2025-09-12T00:17:00+00:00\" \/>\n<meta property=\"og:image\" content=\"https:\/\/vieassociative.be\/actualites\/wp-content\/uploads\/2025\/08\/1754414314_422_Les-brins-du-NYT-daujourdhui-indiquent-et-repondent-pour-le.jpg\" \/>\n<meta name=\"author\" content=\"Julien\" \/>\n<meta name=\"twitter:card\" content=\"summary_large_image\" \/>\n<meta name=\"twitter:label1\" content=\"\u00c9crit par\" \/>\n\t<meta name=\"twitter:data1\" content=\"Julien\" \/>\n\t<meta name=\"twitter:label2\" content=\"Dur\u00e9e de lecture est.\" \/>\n\t<meta name=\"twitter:data2\" content=\"4 minutes\" \/>\n<script type=\"application\/ld+json\" class=\"yoast-schema-graph\">{\"@context\":\"https:\/\/schema.org\",\"@graph\":[{\"@type\":\"Article\",\"@id\":\"https:\/\/vieassociative.be\/actualites\/voici-comment-la-montre-pixel-se-compare-aux-nouvelles-montres-apple-2\/#article\",\"isPartOf\":{\"@id\":\"https:\/\/vieassociative.be\/actualites\/voici-comment-la-montre-pixel-se-compare-aux-nouvelles-montres-apple-2\/\"},\"author\":{\"name\":\"Julien\",\"@id\":\"https:\/\/vieassociative.be\/actualites\/#\/schema\/person\/b87ac4f82f9d4e7b7cec7395b679edc4\"},\"headline\":\"Voici comment la montre Pixel se compare aux nouvelles montres Apple\",\"datePublished\":\"2025-09-12T00:17:00+00:00\",\"dateModified\":\"2025-09-12T00:17:00+00:00\",\"mainEntityOfPage\":{\"@id\":\"https:\/\/vieassociative.be\/actualites\/voici-comment-la-montre-pixel-se-compare-aux-nouvelles-montres-apple-2\/\"},\"wordCount\":911,\"publisher\":{\"@id\":\"https:\/\/vieassociative.be\/actualites\/#organization\"},\"image\":{\"@id\":\"https:\/\/vieassociative.be\/actualites\/voici-comment-la-montre-pixel-se-compare-aux-nouvelles-montres-apple-2\/#primaryimage\"},\"thumbnailUrl\":\"https:\/\/vieassociative.be\/actualites\/wp-content\/uploads\/2025\/09\/1757636221_Voici-comment-la-montre-Pixel-se-compare-aux-nouvelles-montres.jpg\",\"keywords\":[\"Apple\",\"aux\",\"Comment\",\"compare\",\"montre\",\"montres\",\"nouvelles\",\"Pixel\",\"Voici\"],\"articleSection\":[\"Technologie\"],\"inLanguage\":\"fr-BE\"},{\"@type\":\"WebPage\",\"@id\":\"https:\/\/vieassociative.be\/actualites\/voici-comment-la-montre-pixel-se-compare-aux-nouvelles-montres-apple-2\/\",\"url\":\"https:\/\/vieassociative.be\/actualites\/voici-comment-la-montre-pixel-se-compare-aux-nouvelles-montres-apple-2\/\",\"name\":\"Voici comment la montre Pixel se compare aux nouvelles montres Apple | Vie Associative\",\"isPartOf\":{\"@id\":\"https:\/\/vieassociative.be\/actualites\/#website\"},\"primaryImageOfPage\":{\"@id\":\"https:\/\/vieassociative.be\/actualites\/voici-comment-la-montre-pixel-se-compare-aux-nouvelles-montres-apple-2\/#primaryimage\"},\"image\":{\"@id\":\"https:\/\/vieassociative.be\/actualites\/voici-comment-la-montre-pixel-se-compare-aux-nouvelles-montres-apple-2\/#primaryimage\"},\"thumbnailUrl\":\"https:\/\/vieassociative.be\/actualites\/wp-content\/uploads\/2025\/09\/1757636221_Voici-comment-la-montre-Pixel-se-compare-aux-nouvelles-montres.jpg\",\"datePublished\":\"2025-09-12T00:17:00+00:00\",\"dateModified\":\"2025-09-12T00:17:00+00:00\",\"breadcrumb\":{\"@id\":\"https:\/\/vieassociative.be\/actualites\/voici-comment-la-montre-pixel-se-compare-aux-nouvelles-montres-apple-2\/#breadcrumb\"},\"inLanguage\":\"fr-BE\",\"potentialAction\":[{\"@type\":\"ReadAction\",\"target\":[\"https:\/\/vieassociative.be\/actualites\/voici-comment-la-montre-pixel-se-compare-aux-nouvelles-montres-apple-2\/\"]}]},{\"@type\":\"ImageObject\",\"inLanguage\":\"fr-BE\",\"@id\":\"https:\/\/vieassociative.be\/actualites\/voici-comment-la-montre-pixel-se-compare-aux-nouvelles-montres-apple-2\/#primaryimage\",\"url\":\"https:\/\/vieassociative.be\/actualites\/wp-content\/uploads\/2025\/09\/1757636221_Voici-comment-la-montre-Pixel-se-compare-aux-nouvelles-montres.jpg\",\"contentUrl\":\"https:\/\/vieassociative.be\/actualites\/wp-content\/uploads\/2025\/09\/1757636221_Voici-comment-la-montre-Pixel-se-compare-aux-nouvelles-montres.jpg\",\"width\":1200,\"height\":675,\"caption\":\"Voici comment la montre Pixel se compare aux nouvelles montres Apple\"},{\"@type\":\"BreadcrumbList\",\"@id\":\"https:\/\/vieassociative.be\/actualites\/voici-comment-la-montre-pixel-se-compare-aux-nouvelles-montres-apple-2\/#breadcrumb\",\"itemListElement\":[{\"@type\":\"ListItem\",\"position\":1,\"name\":\"Accueil\",\"item\":\"https:\/\/vieassociative.be\/actualites\/\"},{\"@type\":\"ListItem\",\"position\":2,\"name\":\"Voici comment la montre Pixel se compare aux nouvelles montres Apple\"}]},{\"@type\":\"WebSite\",\"@id\":\"https:\/\/vieassociative.be\/actualites\/#website\",\"url\":\"https:\/\/vieassociative.be\/actualites\/\",\"name\":\"Vie Associative\",\"description\":\"\",\"publisher\":{\"@id\":\"https:\/\/vieassociative.be\/actualites\/#organization\"},\"potentialAction\":[{\"@type\":\"SearchAction\",\"target\":{\"@type\":\"EntryPoint\",\"urlTemplate\":\"https:\/\/vieassociative.be\/actualites\/?s={search_term_string}\"},\"query-input\":{\"@type\":\"PropertyValueSpecification\",\"valueRequired\":true,\"valueName\":\"search_term_string\"}}],\"inLanguage\":\"fr-BE\"},{\"@type\":\"Organization\",\"@id\":\"https:\/\/vieassociative.be\/actualites\/#organization\",\"name\":\"Vie Associative\",\"url\":\"https:\/\/vieassociative.be\/actualites\/\",\"logo\":{\"@type\":\"ImageObject\",\"inLanguage\":\"fr-BE\",\"@id\":\"https:\/\/vieassociative.be\/actualites\/#\/schema\/logo\/image\/\",\"url\":\"https:\/\/vieassociative.be\/actualites\/wp-content\/uploads\/2024\/09\/cropped-vieassociative_favicon.ico.png\",\"contentUrl\":\"https:\/\/vieassociative.be\/actualites\/wp-content\/uploads\/2024\/09\/cropped-vieassociative_favicon.ico.png\",\"width\":512,\"height\":512,\"caption\":\"Vie Associative\"},\"image\":{\"@id\":\"https:\/\/vieassociative.be\/actualites\/#\/schema\/logo\/image\/\"}},{\"@type\":\"Person\",\"@id\":\"https:\/\/vieassociative.be\/actualites\/#\/schema\/person\/b87ac4f82f9d4e7b7cec7395b679edc4\",\"name\":\"Julien\",\"image\":{\"@type\":\"ImageObject\",\"inLanguage\":\"fr-BE\",\"@id\":\"https:\/\/vieassociative.be\/actualites\/#\/schema\/person\/image\/\",\"url\":\"https:\/\/vieassociative.be\/actualites\/wp-content\/uploads\/2024\/09\/vie-associative-1-150x150.jpg\",\"contentUrl\":\"https:\/\/vieassociative.be\/actualites\/wp-content\/uploads\/2024\/09\/vie-associative-1-150x150.jpg\",\"caption\":\"Julien\"},\"description\":\"Je suis Julien, r\u00e9dacteur pour Vie Associative. Passionn\u00e9 par le monde associatif depuis plus de 10 ans, j'ai \u00e0 c\u0153ur de partager des histoires inspirantes et de mettre en lumi\u00e8re les initiatives locales. Mon objectif est de sensibiliser et d'encourager l'engagement communautaire \u00e0 travers mes articles.\",\"sameAs\":[\"https:\/\/vieassociative.be\/\"]}]}<\/script>\n<!-- \/ Yoast SEO plugin. -->","yoast_head_json":{"title":"Voici comment la montre Pixel se compare aux nouvelles montres Apple | Vie Associative","robots":{"index":"index","follow":"follow","max-snippet":"max-snippet:-1","max-image-preview":"max-image-preview:large","max-video-preview":"max-video-preview:-1"},"canonical":"https:\/\/vieassociative.be\/actualites\/voici-comment-la-montre-pixel-se-compare-aux-nouvelles-montres-apple-2\/","og_locale":"fr_FR","og_type":"article","og_title":"Voici comment la montre Pixel se compare aux nouvelles montres Apple | Vie Associative","og_description":"Voici comment les montres Pixel et Apple s&#8217;empilent sur le type d&rsquo;affichage, la dur\u00e9e de vie de la batterie, etc. Saviez-vous que vous pouvez personnaliser","og_url":"https:\/\/vieassociative.be\/actualites\/voici-comment-la-montre-pixel-se-compare-aux-nouvelles-montres-apple-2\/","og_site_name":"Vie Associative","article_published_time":"2025-09-12T00:17:00+00:00","og_image":[{"url":"https:\/\/vieassociative.be\/actualites\/wp-content\/uploads\/2025\/08\/1754414314_422_Les-brins-du-NYT-daujourdhui-indiquent-et-repondent-pour-le.jpg","type":"","width":"","height":""}],"author":"Julien","twitter_card":"summary_large_image","twitter_misc":{"\u00c9crit par":"Julien","Dur\u00e9e de lecture est.":"4 minutes"},"schema":{"@context":"https:\/\/schema.org","@graph":[{"@type":"Article","@id":"https:\/\/vieassociative.be\/actualites\/voici-comment-la-montre-pixel-se-compare-aux-nouvelles-montres-apple-2\/#article","isPartOf":{"@id":"https:\/\/vieassociative.be\/actualites\/voici-comment-la-montre-pixel-se-compare-aux-nouvelles-montres-apple-2\/"},"author":{"name":"Julien","@id":"https:\/\/vieassociative.be\/actualites\/#\/schema\/person\/b87ac4f82f9d4e7b7cec7395b679edc4"},"headline":"Voici comment la montre Pixel se compare aux nouvelles montres Apple","datePublished":"2025-09-12T00:17:00+00:00","dateModified":"2025-09-12T00:17:00+00:00","mainEntityOfPage":{"@id":"https:\/\/vieassociative.be\/actualites\/voici-comment-la-montre-pixel-se-compare-aux-nouvelles-montres-apple-2\/"},"wordCount":911,"publisher":{"@id":"https:\/\/vieassociative.be\/actualites\/#organization"},"image":{"@id":"https:\/\/vieassociative.be\/actualites\/voici-comment-la-montre-pixel-se-compare-aux-nouvelles-montres-apple-2\/#primaryimage"},"thumbnailUrl":"https:\/\/vieassociative.be\/actualites\/wp-content\/uploads\/2025\/09\/1757636221_Voici-comment-la-montre-Pixel-se-compare-aux-nouvelles-montres.jpg","keywords":["Apple","aux","Comment","compare","montre","montres","nouvelles","Pixel","Voici"],"articleSection":["Technologie"],"inLanguage":"fr-BE"},{"@type":"WebPage","@id":"https:\/\/vieassociative.be\/actualites\/voici-comment-la-montre-pixel-se-compare-aux-nouvelles-montres-apple-2\/","url":"https:\/\/vieassociative.be\/actualites\/voici-comment-la-montre-pixel-se-compare-aux-nouvelles-montres-apple-2\/","name":"Voici comment la montre Pixel se compare aux nouvelles montres Apple | Vie Associative","isPartOf":{"@id":"https:\/\/vieassociative.be\/actualites\/#website"},"primaryImageOfPage":{"@id":"https:\/\/vieassociative.be\/actualites\/voici-comment-la-montre-pixel-se-compare-aux-nouvelles-montres-apple-2\/#primaryimage"},"image":{"@id":"https:\/\/vieassociative.be\/actualites\/voici-comment-la-montre-pixel-se-compare-aux-nouvelles-montres-apple-2\/#primaryimage"},"thumbnailUrl":"https:\/\/vieassociative.be\/actualites\/wp-content\/uploads\/2025\/09\/1757636221_Voici-comment-la-montre-Pixel-se-compare-aux-nouvelles-montres.jpg","datePublished":"2025-09-12T00:17:00+00:00","dateModified":"2025-09-12T00:17:00+00:00","breadcrumb":{"@id":"https:\/\/vieassociative.be\/actualites\/voici-comment-la-montre-pixel-se-compare-aux-nouvelles-montres-apple-2\/#breadcrumb"},"inLanguage":"fr-BE","potentialAction":[{"@type":"ReadAction","target":["https:\/\/vieassociative.be\/actualites\/voici-comment-la-montre-pixel-se-compare-aux-nouvelles-montres-apple-2\/"]}]},{"@type":"ImageObject","inLanguage":"fr-BE","@id":"https:\/\/vieassociative.be\/actualites\/voici-comment-la-montre-pixel-se-compare-aux-nouvelles-montres-apple-2\/#primaryimage","url":"https:\/\/vieassociative.be\/actualites\/wp-content\/uploads\/2025\/09\/1757636221_Voici-comment-la-montre-Pixel-se-compare-aux-nouvelles-montres.jpg","contentUrl":"https:\/\/vieassociative.be\/actualites\/wp-content\/uploads\/2025\/09\/1757636221_Voici-comment-la-montre-Pixel-se-compare-aux-nouvelles-montres.jpg","width":1200,"height":675,"caption":"Voici comment la montre Pixel se compare aux nouvelles montres Apple"},{"@type":"BreadcrumbList","@id":"https:\/\/vieassociative.be\/actualites\/voici-comment-la-montre-pixel-se-compare-aux-nouvelles-montres-apple-2\/#breadcrumb","itemListElement":[{"@type":"ListItem","position":1,"name":"Accueil","item":"https:\/\/vieassociative.be\/actualites\/"},{"@type":"ListItem","position":2,"name":"Voici comment la montre Pixel se compare aux nouvelles montres Apple"}]},{"@type":"WebSite","@id":"https:\/\/vieassociative.be\/actualites\/#website","url":"https:\/\/vieassociative.be\/actualites\/","name":"Vie Associative","description":"","publisher":{"@id":"https:\/\/vieassociative.be\/actualites\/#organization"},"potentialAction":[{"@type":"SearchAction","target":{"@type":"EntryPoint","urlTemplate":"https:\/\/vieassociative.be\/actualites\/?s={search_term_string}"},"query-input":{"@type":"PropertyValueSpecification","valueRequired":true,"valueName":"search_term_string"}}],"inLanguage":"fr-BE"},{"@type":"Organization","@id":"https:\/\/vieassociative.be\/actualites\/#organization","name":"Vie Associative","url":"https:\/\/vieassociative.be\/actualites\/","logo":{"@type":"ImageObject","inLanguage":"fr-BE","@id":"https:\/\/vieassociative.be\/actualites\/#\/schema\/logo\/image\/","url":"https:\/\/vieassociative.be\/actualites\/wp-content\/uploads\/2024\/09\/cropped-vieassociative_favicon.ico.png","contentUrl":"https:\/\/vieassociative.be\/actualites\/wp-content\/uploads\/2024\/09\/cropped-vieassociative_favicon.ico.png","width":512,"height":512,"caption":"Vie Associative"},"image":{"@id":"https:\/\/vieassociative.be\/actualites\/#\/schema\/logo\/image\/"}},{"@type":"Person","@id":"https:\/\/vieassociative.be\/actualites\/#\/schema\/person\/b87ac4f82f9d4e7b7cec7395b679edc4","name":"Julien","image":{"@type":"ImageObject","inLanguage":"fr-BE","@id":"https:\/\/vieassociative.be\/actualites\/#\/schema\/person\/image\/","url":"https:\/\/vieassociative.be\/actualites\/wp-content\/uploads\/2024\/09\/vie-associative-1-150x150.jpg","contentUrl":"https:\/\/vieassociative.be\/actualites\/wp-content\/uploads\/2024\/09\/vie-associative-1-150x150.jpg","caption":"Julien"},"description":"Je suis Julien, r\u00e9dacteur pour Vie Associative. Passionn\u00e9 par le monde associatif depuis plus de 10 ans, j'ai \u00e0 c\u0153ur de partager des histoires inspirantes et de mettre en lumi\u00e8re les initiatives locales. Mon objectif est de sensibiliser et d'encourager l'engagement communautaire \u00e0 travers mes articles.","sameAs":["https:\/\/vieassociative.be\/"]}]}},"_links":{"self":[{"href":"https:\/\/vieassociative.be\/actualites\/wp-json\/wp\/v2\/posts\/9983"}],"collection":[{"href":"https:\/\/vieassociative.be\/actualites\/wp-json\/wp\/v2\/posts"}],"about":[{"href":"https:\/\/vieassociative.be\/actualites\/wp-json\/wp\/v2\/types\/post"}],"author":[{"embeddable":true,"href":"https:\/\/vieassociative.be\/actualites\/wp-json\/wp\/v2\/users\/1"}],"replies":[{"embeddable":true,"href":"https:\/\/vieassociative.be\/actualites\/wp-json\/wp\/v2\/comments?post=9983"}],"version-history":[{"count":0,"href":"https:\/\/vieassociative.be\/actualites\/wp-json\/wp\/v2\/posts\/9983\/revisions"}],"wp:featuredmedia":[{"embeddable":true,"href":"https:\/\/vieassociative.be\/actualites\/wp-json\/wp\/v2\/media\/9984"}],"wp:attachment":[{"href":"https:\/\/vieassociative.be\/actualites\/wp-json\/wp\/v2\/media?parent=9983"}],"wp:term":[{"taxonomy":"category","embeddable":true,"href":"https:\/\/vieassociative.be\/actualites\/wp-json\/wp\/v2\/categories?post=9983"},{"taxonomy":"post_tag","embeddable":true,"href":"https:\/\/vieassociative.be\/actualites\/wp-json\/wp\/v2\/tags?post=9983"}],"curies":[{"name":"wp","href":"https:\/\/api.w.org\/{rel}","templated":true}]}}