{"id":9981,"date":"2025-09-12T01:16:57","date_gmt":"2025-09-11T23:16:57","guid":{"rendered":"https:\/\/vieassociative.be\/actualites\/comment-lapple-watch-series-11-saccompagne-de-lultra-3\/"},"modified":"2025-09-12T01:16:57","modified_gmt":"2025-09-11T23:16:57","slug":"comment-lapple-watch-series-11-saccompagne-de-lultra-3","status":"publish","type":"post","link":"https:\/\/vieassociative.be\/actualites\/comment-lapple-watch-series-11-saccompagne-de-lultra-3\/","title":{"rendered":"Comment l&rsquo;Apple Watch Series 11 s&rsquo;accompagne de l&rsquo;ultra 3"},"content":{"rendered":"<div class=\"mt-4 leading-6 md:mb-8\">Pour la plupart des gens, il y a un choix \u00e9vident.<\/div>\n<p><\/p>\n<p>En 2025, Apple a choisi de mettre \u00e0 jour ses trois mod\u00e8les Apple Watch ensemble. C&rsquo;est plus rare que vous ne le pensez. L&rsquo;Apple Watch Ultra 2 est sortie en 2023, et le SE 2 a \u00e9t\u00e9 mis \u00e0 jour pour la derni\u00e8re fois en 2022. Cette ann\u00e9e, la s\u00e9rie 11 et les Ultra 3 sont tous deux en m\u00eame temps, et ils partagent beaucoup d&rsquo;internes. Mais ils sont toujours assez distincts. L&rsquo;un est une smartwatch de 399 $ qui est la montre Apple parfaite pour la plupart des utilisateurs, tandis que l&rsquo;autre co\u00fbte le double, \u00e0 799 $. Mais, il offre le plus grand \u00e9cran, la plus grande autonomie de la batterie, l&rsquo;ext\u00e9rieur le plus robuste et le GPS le plus pr\u00e9cis de n&rsquo;importe quelle montre Apple. Qu&rsquo;est-ce qui vous convient?<\/p>\n<h2 id=\"display-and-design\">Affichage et conception<\/h2>\n<div class=\"eloquent-imagery-image\">\n<div class=\"flex justify-center\">\n                    <img decoding=\"async\" class=\"border border-gray-100\" src=\"https:\/\/vieassociative.be\/actualites\/wp-content\/uploads\/2025\/09\/Comment-lApple-Watch-Series-11-saccompagne-de-lultra-3.jpg\" alt=\"Apple Watch Series 11\" width=\"2000\" height=\"1281\" loading=\"lazy\"  >\n            <\/div>\n<\/p><\/div>\n<p>L&rsquo;Apple Watch Series 11 est disponible en deux tailles, 42 mm et 46 mm, tandis que la montre Ultra 3 est disponible en une seule taille, 49 mm. Le cas de la s\u00e9rie 11 est en aluminium par d\u00e9faut, mais il y a \u00e9galement une option pour obtenir un cas en titane (\u00e0 partir de 699 $, assez proche de l&rsquo;ultra 3). La montre Ultra 3 ne vient qu&rsquo;en titane.<\/p>\n<p>L&rsquo;Ultra 3, cependant, est distinct. La s\u00e9rie 11 a un profil mince, un design l\u00e9ger et un verre incurv\u00e9. L&rsquo;Ultra 3 a un tableau plat, un grand \u00e9cran et un corps titane robuste, avec une saillie suppl\u00e9mentaire pour prot\u00e9ger la couronne num\u00e9rique. Cela ressemble beaucoup \u00e0 la montre intelligente d&rsquo;un aventurier.<\/p>\n<div class=\"mx-auto mb-12 mt-5 w-full max-w-3xl rounded-md border-2 border-gray-100 p-3 shadow-md md:px-7 md:pb-7 md:pt-5\" id=\"related-video\">\n<div class=\"mb-3 flex items-center md:mb-5\">\n        <img decoding=\"async\" class=\"mr-4 mt-0 h-10 w-10 md:mr-5 md:h-12 md:w-12\" src=\"https:\/\/vieassociative.be\/actualites\/wp-content\/uploads\/2025\/08\/1754414314_422_Les-brins-du-NYT-daujourdhui-indiquent-et-repondent-pour-le.jpg\" alt=\"Logo Lifehacker\"><\/p><\/div>\n<div class=\"aspect-video w-full overflow-hidden rounded-md\">\n<div id=\"video-container-01K4XGWD5Y5TMWKH9HMJGVT1D4\"><\/div>\n<\/p><\/div>\n<\/div>\n<div class=\"eloquent-imagery-image\">\n<div class=\"flex justify-center\">\n                    <img decoding=\"async\" class=\"border border-gray-100\" src=\"https:\/\/vieassociative.be\/actualites\/wp-content\/uploads\/2025\/09\/1757632617_119_Comment-lApple-Watch-Series-11-saccompagne-de-lultra-3.jpg\" alt=\"Apple Watch Ultra 3 en Titanium Black.\" width=\"2000\" height=\"1281\" loading=\"lazy\"  >\n            <\/div>\n<\/p><\/div>\n<p>Ils partagent tous les deux les m\u00eames sp\u00e9cifications d&rsquo;\u00e9cran de base, mais l&rsquo;\u00e9cran de la montre Ultra 3 peut devenir beaucoup plus lumineux. Ce sont tous deux des \u00e9crans OLED \u00e0 grand angle LTPO3, et pour ne pas minimiser la s\u00e9rie 11, Apple dit qu&rsquo;il est deux fois plus r\u00e9sistant aux rayures par rapport \u00e0 la s\u00e9rie 10.<\/p>\n<p>Cependant, l&rsquo;affichage de la montre Ultra 3 va dur. Il peut atteindre jusqu&rsquo;\u00e0 3 000 nits de luminosit\u00e9 (par rapport aux 2 000 nits de la s\u00e9rie 11), et c&rsquo;est aussi le plus grand affichage de tous les temps dans une Apple Watch. Dans cette g\u00e9n\u00e9ration, Apple a r\u00e9ussi \u00e0 r\u00e9duire la taille de la lunette pour agrandir l\u00e9g\u00e8rement l&rsquo;\u00e9cran. Les deux appareils peuvent \u00e9galement descendre \u00e0 un taux de rafra\u00eechissement de 1 Hz avec un affichage toujours sur, vous pouvez donc voir la mise \u00e0 jour du visage de la montre en quelques secondes (et voir des changements dans les complications), sans soulever votre doigt ou gaspiller trop de dur\u00e9e de vie de la batterie.<\/p>\n<p>Bien que la qualit\u00e9 de l&rsquo;\u00e9cran soit principalement \u00e9gal\u00e9e, le facteur de diff\u00e9renciation de beaucoup de gens est probablement \u00e0 quoi ressemble la montre et ressent sur votre poignet. La s\u00e9rie 11 a une \u00e9paisseur de 9,7 mm, tandis que l&rsquo;Ultra 3 arrive \u00e0 12 mm. C&rsquo;est beaucoup en termes de montres-bracelets. <\/p>\n<p>C&rsquo;est une situation similaire avec le poids. La s\u00e9rie 42 mm 11 en aluminium p\u00e8se 30,3 grammes, et la version 46 mm, qui est la comparaison la plus proche de Ultra 3, p\u00e8se 37,8 grammes. L&rsquo;Apple Watch Ultra 3, en revanche, p\u00e8se 61,6 grammes. C&rsquo;est presque 24 grammes suppl\u00e9mentaires!<\/p>\n<p>L&rsquo;Apple Watch Series 11 est disponible en plusieurs couleurs et finitions comme Rose Gold, Silver, Space Grey (un nouvel ajout cette ann\u00e9e) et le noir de jonc. Il y a aussi la ligne de titane avec des finitions naturelles, or et ardoise. L&rsquo;Ultra 3 est disponible uniquement en deux couleurs: le titane naturel et le titane noir.<\/p>\n<p>Les deux smartwatches partagent la m\u00eame puce S10 exacte, avec 64 Go de stockage, ils sont donc \u00e9galement assortis en ce qui concerne les performances de base.<\/p>\n<h2 id=\"longer-battery-life\">Plus longue dur\u00e9e de vie de la batterie<\/h2>\n<p>L&rsquo;Apple Watch Series 11 et Ultra 3 promettent toutes deux six heures suppl\u00e9mentaires d&rsquo;autonomie de batterie standard. La s\u00e9rie 11 peut d\u00e9sormais durer jusqu&rsquo;\u00e0 24 heures (contre 18 heures auparavant). L&rsquo;Apple Watch Ultra 3, cependant, peut durer jusqu&rsquo;\u00e0 42 heures sur une seule charge (ce qui est en hausse de 36 heures pour l&rsquo;Ultra 2).<\/p>\n<p>Le mode de faible puissance sur la s\u00e9rie 11 prend cens\u00e9ment cette dur\u00e9e de vie de la batterie jusqu&rsquo;\u00e0 38 heures, tandis que l&rsquo;ultra 3 peut passer pendant 72 heures \u00e0 la place. Les deux montres sont compatibles \u00e0 charge rapide, et vous pouvez facturer 0 \u00e0 80% sur la s\u00e9rie 11 en environ 30 minutes, tandis que c&rsquo;est 45 minutes pour l&rsquo;Ultra 3. Sur la s\u00e9rie 11, une s\u00e9ance de charge rapide de 15 minutes ajoutera 8 heures d&rsquo;utilisation, tandis qu&rsquo;elle est de 12 heures pour l&rsquo;ultra 3.<\/p>\n<h2 id=\"5g-gps-and-satellite-connectivity\">5G, GPS et connectivit\u00e9 satellite<\/h2>\n<div class=\"eloquent-imagery-image\">\n<div class=\"flex justify-center\">\n                    <img decoding=\"async\" class=\"border border-gray-100\" src=\"https:\/\/vieassociative.be\/actualites\/wp-content\/uploads\/2025\/09\/1757632617_667_Comment-lApple-Watch-Series-11-saccompagne-de-lultra-3.jpg\" alt=\"Messagerie par satellite dans Ultra 3.\" width=\"2000\" height=\"1125\" loading=\"lazy\"  >\n            <\/div>\n<\/p><\/div>\n<p>Les deux smartphones sont livr\u00e9s avec une connectivit\u00e9 5G cette ann\u00e9e, si vous montez pour le mod\u00e8le cellulaire (qui co\u00fbte 100 $ suppl\u00e9mentaires). La connectivit\u00e9 5G aide \u00e0 r\u00e9aliser des t\u00e9l\u00e9chargements et un streaming plus rapides pour les podcasts et la musique. Mais cela s&rsquo;assure \u00e9galement que vos appels ne seront pas abandonn\u00e9s m\u00eame si vous avez une couverture in\u00e9gale.<\/p>\n<p>Cependant, l&rsquo;Ultra 3 va plus loin et ajoute la connectivit\u00e9 satellite, qui n&rsquo;est pas disponible sur la s\u00e9rie 11. Cela fonctionne de mani\u00e8re similaire \u00e0 la fa\u00e7on dont il fait sur les derniers iPhones. Vous pouvez utiliser la connectivit\u00e9 satellite pour contacter les services d&rsquo;urgence, ainsi que pour envoyer des messages rapides \u00e0 vos amis et \u00e0 votre famille. Cela peut \u00eatre un excellent moyen d&rsquo;informer vos amis de votre s\u00e9curit\u00e9 et de votre emplacement lorsque vous voyagez dans des zones sans r\u00e9ception. La connectivit\u00e9 par satellite est gratuite pendant deux ans apr\u00e8s l&rsquo;achat, mais nous ne savons pas encore combien cela co\u00fbtera apr\u00e8s cela. Apple a d\u00e9j\u00e0 \u00e9tendu les services satellites pour les iPhones plus anciens gratuitement, il est donc possible qu&rsquo;Apple fasse de m\u00eame pour l&rsquo;Ultra 3. <\/p>\n<p>L&rsquo;Ultra 3 prend en charge les GPS L1 et L5, y compris GLONASS, tandis que la s\u00e9rie 11 obtient uniquement le GPS L1.<\/p>\n<h2 id=\"ultra-3-has-an-action-button-and-exclusive-watch-faces\">Ultra 3 a un bouton d&rsquo;action et des visages de montre exclusifs<\/h2>\n<div class=\"eloquent-imagery-image\">\n<div class=\"flex justify-center\">\n                    <img decoding=\"async\" class=\"border border-gray-100\" src=\"https:\/\/vieassociative.be\/actualites\/wp-content\/uploads\/2025\/09\/1757632617_685_Comment-lApple-Watch-Series-11-saccompagne-de-lultra-3.jpg\" alt=\"Apple Watch Ultra 3.\" width=\"2000\" height=\"820\" loading=\"lazy\"  >\n            <\/div>\n<\/p><\/div>\n<p>\u00c9tant donn\u00e9 que l&rsquo;Ultra 3 est ax\u00e9 sur la forme physique et le suivi, il a un bouton d&rsquo;action sp\u00e9cial et des faces de montre sp\u00e9cialis\u00e9es pour le suivi de fitness qui ne sont pas disponibles sur la s\u00e9rie 11. Le bouton d&rsquo;action sur le c\u00f4t\u00e9 peut \u00eatre mapp\u00e9 pour ouvrir votre entra\u00eenement, votre application pr\u00e9f\u00e9r\u00e9e ou pour d\u00e9clencher un raccourci. La montre Ultra obtient une s\u00e9rie de visages de montre uniques et utiles, y compris un visage de montre modulaire qui vous permet d&rsquo;ajouter sept complications et affiche des donn\u00e9es de profondeur et d&rsquo;\u00e9l\u00e9vation en temps r\u00e9el sur le c\u00f4t\u00e9.<\/p>\n<h2 id=\"ultra-3-has-a-slight-edge-in-fitness-tracking\">Ultra 3 a un l\u00e9ger avantage dans le suivi de la condition physique<\/h2>\n<p>La s\u00e9rie 11 et les Ultra 3 partagent bon nombre des m\u00eames capteurs et caract\u00e9ristiques. Ils ont le m\u00eame capteur de fr\u00e9quence cardiaque \u00e9lectrique et un capteur de fr\u00e9quence cardiaque optique de troisi\u00e8me g\u00e9n\u00e9ration, un capteur de temp\u00e9rature de l&rsquo;eau, un altim\u00e8tre et une jauge de profondeur.<\/p>\n<p>Mais la jauge de profondeur de l&rsquo;Ultra 3 fonctionne jusqu&rsquo;\u00e0 40 m\u00e8tres, tandis que la s\u00e9rie 11 exploite \u00e0 6 m\u00e8tres. C&rsquo;est une grande diff\u00e9rence lorsque vous plongez dans les eaux ouvertes. Avec l&rsquo;altim\u00e8tre \u00e9galement, l&rsquo;Ultra 3 prend en charge une plage \u00e9largie de -500 m \u00e0 9 000 m\u00e8tres (Apple n&rsquo;a pas encore fourni de donn\u00e9es pour la s\u00e9rie 11). L&rsquo;Ultra 3 a \u00e9galement une meilleure r\u00e9sistance \u00e0 l&rsquo;eau, \u00e9valu\u00e9e \u00e0 100 m par rapport aux 50 m\u00e8tres de la s\u00e9rie 11. Les deux montres intelligentes ont une r\u00e9sistance \u00e0 la poussi\u00e8re IP6X.<\/p>\n<p>Les deux appareils prennent \u00e9galement en charge les m\u00eames caract\u00e9ristiques de sant\u00e9 de base, comme l&rsquo;ECG, la surveillance de l&rsquo;oxyg\u00e8ne sanguin, le suivi du sommeil, les mises \u00e0 jour de la charge d&rsquo;entra\u00eenement, etc.<\/p>\n<div class=\"eloquent-imagery-image\">\n<div class=\"flex justify-center\">\n                    <img decoding=\"async\" class=\"border border-gray-100\" src=\"https:\/\/vieassociative.be\/actualites\/wp-content\/uploads\/2025\/09\/1757632617_497_Comment-lApple-Watch-Series-11-saccompagne-de-lultra-3.jpg\" alt=\"Notifications d'hypertension dans Ultra 3.\" width=\"2000\" height=\"1334\" loading=\"lazy\"  >\n            <\/div>\n<\/p><\/div>\n<p>Le syst\u00e8me de notification d&rsquo;hypertension art\u00e9rielle nouvellement ajout\u00e9, ainsi que le score de sommeil, sont disponibles sur les deux montres, bien qu&rsquo;ils soient \u00e9galement ajout\u00e9s aux anciennes montres Apple via la mise \u00e0 jour du logiciel Watchos 26.<\/p>\n<h2 id=\"the-series-11-is-the-best-pick-for-most-users\">La s\u00e9rie 11 est le meilleur choix pour la plupart des utilisateurs<\/h2>\n<p>L&rsquo;Apple Watch Ultra 3 offre le plus grand \u00e9cran, la plus longue dur\u00e9e de vie de la batterie et le suivi GPS le plus pr\u00e9cis dans n&rsquo;importe quelle montre Apple. De plus, c&rsquo;est une bien meilleure montre de plong\u00e9e. Mais cela a \u00e9galement un co\u00fbt. L&rsquo;Ultra 3 commence \u00e0 799 $ pour le mod\u00e8le cellulaire GPS + (il n&rsquo;y a pas de mod\u00e8le GPS uniquement).<\/p>\n<p>L&rsquo;Ultra 3 est une question de sensation. Il s&rsquo;agit de l&rsquo;ext\u00e9rieur robuste et des groupes de montres aventureux qui vont avec. Mais avant d&rsquo;en acheter un, je vous sugg\u00e8re fortement d&rsquo;aller dans un Apple Store pour l&rsquo;essayer en personne. Ce n&rsquo;est que lorsque vous mettez l&rsquo;ultra, avec sa th\u00e8se suppl\u00e9mentaire, saurez-vous si c&rsquo;est pour vous ou non. <\/p>\n<p>Pour la plupart des gens, la s\u00e9rie 11 sera probablement le meilleur choix. La version 46 mm a toujours un \u00e9cran suffisamment grand. De plus, il est plus mince et plus l\u00e9ger, et a maintenant une dur\u00e9e de vie de la batterie promise 24 heures sur 24. Et il offre toutes les fonctionnalit\u00e9s de suivi de la sant\u00e9 et de la condition physique comme l&rsquo;Ultra 3. Plus, la s\u00e9rie 11 commence \u00e0 399 $ pour le mod\u00e8le 42 mm et 429 $ pour le mod\u00e8le de 46 mm (plus 100 $ pour la mise \u00e0 niveau cellulaire). \u00c0 ces prix, la s\u00e9rie 11 est plus logique, car elle offre tout ce dont un utilisateur de smartwatch moyen aurait besoin, dans un package qui n&rsquo;est pas trop cher.<\/p>\n","protected":false},"excerpt":{"rendered":"<p>Pour la plupart des gens, il y a un choix \u00e9vident. En 2025, Apple a choisi de mettre \u00e0 jour ses trois mod\u00e8les Apple Watch<\/p>\n","protected":false},"author":1,"featured_media":9982,"comment_status":"","ping_status":"","sticky":false,"template":"","format":"standard","meta":{"footnotes":""},"categories":[13],"tags":[44,3184,8511,8510,1397,55],"class_list":["post-9981","post","type-post","status-publish","format-standard","has-post-thumbnail","hentry","category-technologie","tag-comment","tag-lapple","tag-lultra","tag-saccompagne","tag-series","tag-watch","generate-columns","tablet-grid-50","mobile-grid-100","grid-parent","grid-33"],"yoast_head":"<!-- This site is optimized with the Yoast SEO plugin v24.0 - https:\/\/yoast.com\/wordpress\/plugins\/seo\/ -->\n<title>Comment l&#039;Apple Watch Series 11 s&#039;accompagne de l&#039;ultra 3 | Vie Associative<\/title>\n<meta name=\"robots\" content=\"index, follow, max-snippet:-1, max-image-preview:large, max-video-preview:-1\" \/>\n<link rel=\"canonical\" href=\"https:\/\/vieassociative.be\/actualites\/comment-lapple-watch-series-11-saccompagne-de-lultra-3\/\" \/>\n<meta property=\"og:locale\" content=\"fr_FR\" \/>\n<meta property=\"og:type\" content=\"article\" \/>\n<meta property=\"og:title\" content=\"Comment l&#039;Apple Watch Series 11 s&#039;accompagne de l&#039;ultra 3 | Vie Associative\" \/>\n<meta property=\"og:description\" content=\"Pour la plupart des gens, il y a un choix \u00e9vident. En 2025, Apple a choisi de mettre \u00e0 jour ses trois mod\u00e8les Apple Watch\" \/>\n<meta property=\"og:url\" content=\"https:\/\/vieassociative.be\/actualites\/comment-lapple-watch-series-11-saccompagne-de-lultra-3\/\" \/>\n<meta property=\"og:site_name\" content=\"Vie Associative\" \/>\n<meta property=\"article:published_time\" content=\"2025-09-11T23:16:57+00:00\" \/>\n<meta property=\"og:image\" content=\"https:\/\/vieassociative.be\/actualites\/wp-content\/uploads\/2025\/09\/Comment-lApple-Watch-Series-11-saccompagne-de-lultra-3.jpg\" \/>\n<meta name=\"author\" content=\"Julien\" \/>\n<meta name=\"twitter:card\" content=\"summary_large_image\" \/>\n<meta name=\"twitter:label1\" content=\"\u00c9crit par\" \/>\n\t<meta name=\"twitter:data1\" content=\"Julien\" \/>\n\t<meta name=\"twitter:label2\" content=\"Dur\u00e9e de lecture est.\" \/>\n\t<meta name=\"twitter:data2\" content=\"8 minutes\" \/>\n<script type=\"application\/ld+json\" class=\"yoast-schema-graph\">{\"@context\":\"https:\/\/schema.org\",\"@graph\":[{\"@type\":\"Article\",\"@id\":\"https:\/\/vieassociative.be\/actualites\/comment-lapple-watch-series-11-saccompagne-de-lultra-3\/#article\",\"isPartOf\":{\"@id\":\"https:\/\/vieassociative.be\/actualites\/comment-lapple-watch-series-11-saccompagne-de-lultra-3\/\"},\"author\":{\"name\":\"Julien\",\"@id\":\"https:\/\/vieassociative.be\/actualites\/#\/schema\/person\/b87ac4f82f9d4e7b7cec7395b679edc4\"},\"headline\":\"Comment l&rsquo;Apple Watch Series 11 s&rsquo;accompagne de l&rsquo;ultra 3\",\"datePublished\":\"2025-09-11T23:16:57+00:00\",\"dateModified\":\"2025-09-11T23:16:57+00:00\",\"mainEntityOfPage\":{\"@id\":\"https:\/\/vieassociative.be\/actualites\/comment-lapple-watch-series-11-saccompagne-de-lultra-3\/\"},\"wordCount\":1674,\"publisher\":{\"@id\":\"https:\/\/vieassociative.be\/actualites\/#organization\"},\"image\":{\"@id\":\"https:\/\/vieassociative.be\/actualites\/comment-lapple-watch-series-11-saccompagne-de-lultra-3\/#primaryimage\"},\"thumbnailUrl\":\"https:\/\/vieassociative.be\/actualites\/wp-content\/uploads\/2025\/09\/1757632619_Comment-lApple-Watch-Series-11-saccompagne-de-lultra-3.jpg\",\"keywords\":[\"Comment\",\"LApple\",\"lultra\",\"saccompagne\",\"s\u00e9ries\",\"Watch\"],\"articleSection\":[\"Technologie\"],\"inLanguage\":\"fr-BE\"},{\"@type\":\"WebPage\",\"@id\":\"https:\/\/vieassociative.be\/actualites\/comment-lapple-watch-series-11-saccompagne-de-lultra-3\/\",\"url\":\"https:\/\/vieassociative.be\/actualites\/comment-lapple-watch-series-11-saccompagne-de-lultra-3\/\",\"name\":\"Comment l'Apple Watch Series 11 s'accompagne de l'ultra 3 | Vie Associative\",\"isPartOf\":{\"@id\":\"https:\/\/vieassociative.be\/actualites\/#website\"},\"primaryImageOfPage\":{\"@id\":\"https:\/\/vieassociative.be\/actualites\/comment-lapple-watch-series-11-saccompagne-de-lultra-3\/#primaryimage\"},\"image\":{\"@id\":\"https:\/\/vieassociative.be\/actualites\/comment-lapple-watch-series-11-saccompagne-de-lultra-3\/#primaryimage\"},\"thumbnailUrl\":\"https:\/\/vieassociative.be\/actualites\/wp-content\/uploads\/2025\/09\/1757632619_Comment-lApple-Watch-Series-11-saccompagne-de-lultra-3.jpg\",\"datePublished\":\"2025-09-11T23:16:57+00:00\",\"dateModified\":\"2025-09-11T23:16:57+00:00\",\"breadcrumb\":{\"@id\":\"https:\/\/vieassociative.be\/actualites\/comment-lapple-watch-series-11-saccompagne-de-lultra-3\/#breadcrumb\"},\"inLanguage\":\"fr-BE\",\"potentialAction\":[{\"@type\":\"ReadAction\",\"target\":[\"https:\/\/vieassociative.be\/actualites\/comment-lapple-watch-series-11-saccompagne-de-lultra-3\/\"]}]},{\"@type\":\"ImageObject\",\"inLanguage\":\"fr-BE\",\"@id\":\"https:\/\/vieassociative.be\/actualites\/comment-lapple-watch-series-11-saccompagne-de-lultra-3\/#primaryimage\",\"url\":\"https:\/\/vieassociative.be\/actualites\/wp-content\/uploads\/2025\/09\/1757632619_Comment-lApple-Watch-Series-11-saccompagne-de-lultra-3.jpg\",\"contentUrl\":\"https:\/\/vieassociative.be\/actualites\/wp-content\/uploads\/2025\/09\/1757632619_Comment-lApple-Watch-Series-11-saccompagne-de-lultra-3.jpg\",\"width\":1200,\"height\":675,\"caption\":\"Comment l'Apple Watch Series 11 s'accompagne de l'ultra 3\"},{\"@type\":\"BreadcrumbList\",\"@id\":\"https:\/\/vieassociative.be\/actualites\/comment-lapple-watch-series-11-saccompagne-de-lultra-3\/#breadcrumb\",\"itemListElement\":[{\"@type\":\"ListItem\",\"position\":1,\"name\":\"Accueil\",\"item\":\"https:\/\/vieassociative.be\/actualites\/\"},{\"@type\":\"ListItem\",\"position\":2,\"name\":\"Comment l&rsquo;Apple Watch Series 11 s&rsquo;accompagne de l&rsquo;ultra 3\"}]},{\"@type\":\"WebSite\",\"@id\":\"https:\/\/vieassociative.be\/actualites\/#website\",\"url\":\"https:\/\/vieassociative.be\/actualites\/\",\"name\":\"Vie Associative\",\"description\":\"\",\"publisher\":{\"@id\":\"https:\/\/vieassociative.be\/actualites\/#organization\"},\"potentialAction\":[{\"@type\":\"SearchAction\",\"target\":{\"@type\":\"EntryPoint\",\"urlTemplate\":\"https:\/\/vieassociative.be\/actualites\/?s={search_term_string}\"},\"query-input\":{\"@type\":\"PropertyValueSpecification\",\"valueRequired\":true,\"valueName\":\"search_term_string\"}}],\"inLanguage\":\"fr-BE\"},{\"@type\":\"Organization\",\"@id\":\"https:\/\/vieassociative.be\/actualites\/#organization\",\"name\":\"Vie Associative\",\"url\":\"https:\/\/vieassociative.be\/actualites\/\",\"logo\":{\"@type\":\"ImageObject\",\"inLanguage\":\"fr-BE\",\"@id\":\"https:\/\/vieassociative.be\/actualites\/#\/schema\/logo\/image\/\",\"url\":\"https:\/\/vieassociative.be\/actualites\/wp-content\/uploads\/2024\/09\/cropped-vieassociative_favicon.ico.png\",\"contentUrl\":\"https:\/\/vieassociative.be\/actualites\/wp-content\/uploads\/2024\/09\/cropped-vieassociative_favicon.ico.png\",\"width\":512,\"height\":512,\"caption\":\"Vie Associative\"},\"image\":{\"@id\":\"https:\/\/vieassociative.be\/actualites\/#\/schema\/logo\/image\/\"}},{\"@type\":\"Person\",\"@id\":\"https:\/\/vieassociative.be\/actualites\/#\/schema\/person\/b87ac4f82f9d4e7b7cec7395b679edc4\",\"name\":\"Julien\",\"image\":{\"@type\":\"ImageObject\",\"inLanguage\":\"fr-BE\",\"@id\":\"https:\/\/vieassociative.be\/actualites\/#\/schema\/person\/image\/\",\"url\":\"https:\/\/vieassociative.be\/actualites\/wp-content\/uploads\/2024\/09\/vie-associative-1-150x150.jpg\",\"contentUrl\":\"https:\/\/vieassociative.be\/actualites\/wp-content\/uploads\/2024\/09\/vie-associative-1-150x150.jpg\",\"caption\":\"Julien\"},\"description\":\"Je suis Julien, r\u00e9dacteur pour Vie Associative. Passionn\u00e9 par le monde associatif depuis plus de 10 ans, j'ai \u00e0 c\u0153ur de partager des histoires inspirantes et de mettre en lumi\u00e8re les initiatives locales. Mon objectif est de sensibiliser et d'encourager l'engagement communautaire \u00e0 travers mes articles.\",\"sameAs\":[\"https:\/\/vieassociative.be\/\"]}]}<\/script>\n<!-- \/ Yoast SEO plugin. -->","yoast_head_json":{"title":"Comment l'Apple Watch Series 11 s'accompagne de l'ultra 3 | Vie Associative","robots":{"index":"index","follow":"follow","max-snippet":"max-snippet:-1","max-image-preview":"max-image-preview:large","max-video-preview":"max-video-preview:-1"},"canonical":"https:\/\/vieassociative.be\/actualites\/comment-lapple-watch-series-11-saccompagne-de-lultra-3\/","og_locale":"fr_FR","og_type":"article","og_title":"Comment l'Apple Watch Series 11 s'accompagne de l'ultra 3 | Vie Associative","og_description":"Pour la plupart des gens, il y a un choix \u00e9vident. En 2025, Apple a choisi de mettre \u00e0 jour ses trois mod\u00e8les Apple Watch","og_url":"https:\/\/vieassociative.be\/actualites\/comment-lapple-watch-series-11-saccompagne-de-lultra-3\/","og_site_name":"Vie Associative","article_published_time":"2025-09-11T23:16:57+00:00","og_image":[{"url":"https:\/\/vieassociative.be\/actualites\/wp-content\/uploads\/2025\/09\/Comment-lApple-Watch-Series-11-saccompagne-de-lultra-3.jpg","type":"","width":"","height":""}],"author":"Julien","twitter_card":"summary_large_image","twitter_misc":{"\u00c9crit par":"Julien","Dur\u00e9e de lecture est.":"8 minutes"},"schema":{"@context":"https:\/\/schema.org","@graph":[{"@type":"Article","@id":"https:\/\/vieassociative.be\/actualites\/comment-lapple-watch-series-11-saccompagne-de-lultra-3\/#article","isPartOf":{"@id":"https:\/\/vieassociative.be\/actualites\/comment-lapple-watch-series-11-saccompagne-de-lultra-3\/"},"author":{"name":"Julien","@id":"https:\/\/vieassociative.be\/actualites\/#\/schema\/person\/b87ac4f82f9d4e7b7cec7395b679edc4"},"headline":"Comment l&rsquo;Apple Watch Series 11 s&rsquo;accompagne de l&rsquo;ultra 3","datePublished":"2025-09-11T23:16:57+00:00","dateModified":"2025-09-11T23:16:57+00:00","mainEntityOfPage":{"@id":"https:\/\/vieassociative.be\/actualites\/comment-lapple-watch-series-11-saccompagne-de-lultra-3\/"},"wordCount":1674,"publisher":{"@id":"https:\/\/vieassociative.be\/actualites\/#organization"},"image":{"@id":"https:\/\/vieassociative.be\/actualites\/comment-lapple-watch-series-11-saccompagne-de-lultra-3\/#primaryimage"},"thumbnailUrl":"https:\/\/vieassociative.be\/actualites\/wp-content\/uploads\/2025\/09\/1757632619_Comment-lApple-Watch-Series-11-saccompagne-de-lultra-3.jpg","keywords":["Comment","LApple","lultra","saccompagne","s\u00e9ries","Watch"],"articleSection":["Technologie"],"inLanguage":"fr-BE"},{"@type":"WebPage","@id":"https:\/\/vieassociative.be\/actualites\/comment-lapple-watch-series-11-saccompagne-de-lultra-3\/","url":"https:\/\/vieassociative.be\/actualites\/comment-lapple-watch-series-11-saccompagne-de-lultra-3\/","name":"Comment l'Apple Watch Series 11 s'accompagne de l'ultra 3 | Vie Associative","isPartOf":{"@id":"https:\/\/vieassociative.be\/actualites\/#website"},"primaryImageOfPage":{"@id":"https:\/\/vieassociative.be\/actualites\/comment-lapple-watch-series-11-saccompagne-de-lultra-3\/#primaryimage"},"image":{"@id":"https:\/\/vieassociative.be\/actualites\/comment-lapple-watch-series-11-saccompagne-de-lultra-3\/#primaryimage"},"thumbnailUrl":"https:\/\/vieassociative.be\/actualites\/wp-content\/uploads\/2025\/09\/1757632619_Comment-lApple-Watch-Series-11-saccompagne-de-lultra-3.jpg","datePublished":"2025-09-11T23:16:57+00:00","dateModified":"2025-09-11T23:16:57+00:00","breadcrumb":{"@id":"https:\/\/vieassociative.be\/actualites\/comment-lapple-watch-series-11-saccompagne-de-lultra-3\/#breadcrumb"},"inLanguage":"fr-BE","potentialAction":[{"@type":"ReadAction","target":["https:\/\/vieassociative.be\/actualites\/comment-lapple-watch-series-11-saccompagne-de-lultra-3\/"]}]},{"@type":"ImageObject","inLanguage":"fr-BE","@id":"https:\/\/vieassociative.be\/actualites\/comment-lapple-watch-series-11-saccompagne-de-lultra-3\/#primaryimage","url":"https:\/\/vieassociative.be\/actualites\/wp-content\/uploads\/2025\/09\/1757632619_Comment-lApple-Watch-Series-11-saccompagne-de-lultra-3.jpg","contentUrl":"https:\/\/vieassociative.be\/actualites\/wp-content\/uploads\/2025\/09\/1757632619_Comment-lApple-Watch-Series-11-saccompagne-de-lultra-3.jpg","width":1200,"height":675,"caption":"Comment l'Apple Watch Series 11 s'accompagne de l'ultra 3"},{"@type":"BreadcrumbList","@id":"https:\/\/vieassociative.be\/actualites\/comment-lapple-watch-series-11-saccompagne-de-lultra-3\/#breadcrumb","itemListElement":[{"@type":"ListItem","position":1,"name":"Accueil","item":"https:\/\/vieassociative.be\/actualites\/"},{"@type":"ListItem","position":2,"name":"Comment l&rsquo;Apple Watch Series 11 s&rsquo;accompagne de l&rsquo;ultra 3"}]},{"@type":"WebSite","@id":"https:\/\/vieassociative.be\/actualites\/#website","url":"https:\/\/vieassociative.be\/actualites\/","name":"Vie Associative","description":"","publisher":{"@id":"https:\/\/vieassociative.be\/actualites\/#organization"},"potentialAction":[{"@type":"SearchAction","target":{"@type":"EntryPoint","urlTemplate":"https:\/\/vieassociative.be\/actualites\/?s={search_term_string}"},"query-input":{"@type":"PropertyValueSpecification","valueRequired":true,"valueName":"search_term_string"}}],"inLanguage":"fr-BE"},{"@type":"Organization","@id":"https:\/\/vieassociative.be\/actualites\/#organization","name":"Vie Associative","url":"https:\/\/vieassociative.be\/actualites\/","logo":{"@type":"ImageObject","inLanguage":"fr-BE","@id":"https:\/\/vieassociative.be\/actualites\/#\/schema\/logo\/image\/","url":"https:\/\/vieassociative.be\/actualites\/wp-content\/uploads\/2024\/09\/cropped-vieassociative_favicon.ico.png","contentUrl":"https:\/\/vieassociative.be\/actualites\/wp-content\/uploads\/2024\/09\/cropped-vieassociative_favicon.ico.png","width":512,"height":512,"caption":"Vie Associative"},"image":{"@id":"https:\/\/vieassociative.be\/actualites\/#\/schema\/logo\/image\/"}},{"@type":"Person","@id":"https:\/\/vieassociative.be\/actualites\/#\/schema\/person\/b87ac4f82f9d4e7b7cec7395b679edc4","name":"Julien","image":{"@type":"ImageObject","inLanguage":"fr-BE","@id":"https:\/\/vieassociative.be\/actualites\/#\/schema\/person\/image\/","url":"https:\/\/vieassociative.be\/actualites\/wp-content\/uploads\/2024\/09\/vie-associative-1-150x150.jpg","contentUrl":"https:\/\/vieassociative.be\/actualites\/wp-content\/uploads\/2024\/09\/vie-associative-1-150x150.jpg","caption":"Julien"},"description":"Je suis Julien, r\u00e9dacteur pour Vie Associative. Passionn\u00e9 par le monde associatif depuis plus de 10 ans, j'ai \u00e0 c\u0153ur de partager des histoires inspirantes et de mettre en lumi\u00e8re les initiatives locales. Mon objectif est de sensibiliser et d'encourager l'engagement communautaire \u00e0 travers mes articles.","sameAs":["https:\/\/vieassociative.be\/"]}]}},"_links":{"self":[{"href":"https:\/\/vieassociative.be\/actualites\/wp-json\/wp\/v2\/posts\/9981"}],"collection":[{"href":"https:\/\/vieassociative.be\/actualites\/wp-json\/wp\/v2\/posts"}],"about":[{"href":"https:\/\/vieassociative.be\/actualites\/wp-json\/wp\/v2\/types\/post"}],"author":[{"embeddable":true,"href":"https:\/\/vieassociative.be\/actualites\/wp-json\/wp\/v2\/users\/1"}],"replies":[{"embeddable":true,"href":"https:\/\/vieassociative.be\/actualites\/wp-json\/wp\/v2\/comments?post=9981"}],"version-history":[{"count":0,"href":"https:\/\/vieassociative.be\/actualites\/wp-json\/wp\/v2\/posts\/9981\/revisions"}],"wp:featuredmedia":[{"embeddable":true,"href":"https:\/\/vieassociative.be\/actualites\/wp-json\/wp\/v2\/media\/9982"}],"wp:attachment":[{"href":"https:\/\/vieassociative.be\/actualites\/wp-json\/wp\/v2\/media?parent=9981"}],"wp:term":[{"taxonomy":"category","embeddable":true,"href":"https:\/\/vieassociative.be\/actualites\/wp-json\/wp\/v2\/categories?post=9981"},{"taxonomy":"post_tag","embeddable":true,"href":"https:\/\/vieassociative.be\/actualites\/wp-json\/wp\/v2\/tags?post=9981"}],"curies":[{"name":"wp","href":"https:\/\/api.w.org\/{rel}","templated":true}]}}