{"id":9979,"date":"2025-09-11T22:17:40","date_gmt":"2025-09-11T20:17:40","guid":{"rendered":"https:\/\/vieassociative.be\/actualites\/le-partisan-de-trump-kirk-est-le-president-de-dead-us-blame-la-gauche-radicale-sagittaire-recherche\/"},"modified":"2025-09-11T22:17:40","modified_gmt":"2025-09-11T20:17:40","slug":"le-partisan-de-trump-kirk-est-le-president-de-dead-us-blame-la-gauche-radicale-sagittaire-recherche","status":"publish","type":"post","link":"https:\/\/vieassociative.be\/actualites\/le-partisan-de-trump-kirk-est-le-president-de-dead-us-blame-la-gauche-radicale-sagittaire-recherche\/","title":{"rendered":"Le partisan de Trump, Kirk, est le pr\u00e9sident de Dead-US bl\u00e2me la \u00ab\u00a0gauche radicale\u00a0\u00bb &#8211; Sagittaire recherche"},"content":{"rendered":"<p><strong>Mis \u00e0 jour &#8211; Le jeune militant am\u00e9ricain de droite Charlie Kirk sera tourn\u00e9 devant une foule &#8211; il y a en cons\u00e9quence de nombreux enregistrements de l&rsquo;\u00e9v\u00e9nement. Les enqu\u00eateurs s&rsquo;appuient maintenant l\u00e0-dessus.<\/strong><\/p>\n<p><span id=\"more-424290\"><\/span>Apr\u00e8s l&rsquo;attaque mortelle contre l&rsquo;influent militant am\u00e9ricain de droite et partisan de Trump, Charlie Kirk, les autorit\u00e9s aux \u00c9tats-Unis recherchent toujours le tireur. Le FBI recherche un suspect. Il y a du mat\u00e9riel vid\u00e9o du tireur qui n&rsquo;a pas encore \u00e9t\u00e9 identifi\u00e9. Une arme a \u00e9galement \u00e9t\u00e9 trouv\u00e9e.<\/p>\n<p>Le FBI assume un acte cibl\u00e9. En tant que \u00abtentative d&rsquo;assassinat politique\u00bb, le gouverneur r\u00e9publicain de l&rsquo;Utah, Spencer Cox, classe le coup. L&rsquo;attaque avait eu lieu dans l&rsquo;\u00c9tat am\u00e9ricain occidental sur un campus universitaire o\u00f9 Kirk s&rsquo;est produit.<\/p>\n<div id=\"attachment_424298\" class=\"wp-caption alignleft\" style=\"max-width: 300px\"><img decoding=\"async\" class=\"wp-image-424298 size-medium\" src=\"https:\/\/vieassociative.be\/actualites\/wp-content\/uploads\/2025\/09\/Le-partisan-de-Trump-Kirk-est-le-president-de-Dead-US.jpg\" alt=\"\" width=\"300\" height=\"150\"><\/div>\n<p><strong>-Pepr\u00e9sentant important du mouvement MAGA:<\/strong> Kirk \u00e9tait un repr\u00e9sentant influent du mouvement Trump \u00ab\u00a0Make America Great Again\u00a0\u00bb (MAGA) et a soutenu le pr\u00e9sident d&rsquo;aujourd&rsquo;hui dans sa campagne \u00e9lectorale. Des millions ont suivi ses r\u00e9seaux sociaux et ses podcasts. Il allait souvent publiquement en parlant et a \u00e9t\u00e9 vers\u00e9 rh\u00e9toriquement.<\/p>\n<p>Kirk visait un public plus jeune et a fond\u00e9 l&rsquo;organisation des militants de la jeunesse Turning Point USA en 2012, qui est active dans de nombreuses lyc\u00e9es et universit\u00e9s. Il voulait appara\u00eetre dans de nombreuses autres universit\u00e9s au cours des prochaines semaines &#8211; sous la devise \u00ab\u00a0American Comback\u00a0\u00bb.<\/p>\n<p><strong>&#8211; Trump pleure et critique:<\/strong> L&rsquo;importance de lui dans le centre de puissance de Washington est \u00e9vidente apr\u00e8s sa mort. C&rsquo;est le pr\u00e9sident am\u00e9ricain Donald Trump lui-m\u00eame qui a annonc\u00e9 la mort de Kirks apr\u00e8s le coup. Le vice-pr\u00e9sident am\u00e9ricain JD Vance a d\u00e9crit Kirk comme un \u00ab\u00a0v\u00e9ritable ami\u00a0\u00bb.<\/p>\n<p>Trump avait les drapeaux \u00e0 la Maison Blanche et les ambassades du monde. Cela a \u00e9t\u00e9 suivi par un discours directement du bureau ovale de la Maison Blanche \u00e0 \u00ab\u00a0tous les Am\u00e9ricains\u00a0\u00bb, dans lequel il a exprim\u00e9 sa critique de \u00ab\u00a0Radical Left\u00a0\u00bb, qui a compar\u00e9 sa repr\u00e9sentation selon des Am\u00e9ricains comme Kirk avec \u00ab\u00a0les nazis et les pires meurtriers de masse et criminels au monde\u00a0\u00bb.<\/p>\n<p>\u00ab\u00a0Ce type de rh\u00e9torique est directement responsable du terrorisme que nous vivons dans notre pays aujourd&rsquo;hui, et il doit s&rsquo;arr\u00eater imm\u00e9diatement.\u00a0\u00bb Son gouvernement trouvera tous ceux qui ont contribu\u00e9 \u00e0 cette atrocit\u00e9 et \u00e0 d&rsquo;autres violences politiques.<\/p>\n<div id=\"attachment_424299\" class=\"wp-caption alignleft\" style=\"max-width: 300px\"><img fetchpriority=\"high\" decoding=\"async\" class=\"wp-image-424299 size-medium\" src=\"https:\/\/vieassociative.be\/actualites\/wp-content\/uploads\/2025\/09\/1757621860_223_Le-partisan-de-Trump-Kirk-est-le-president-de-Dead-US.jpg\" alt=\"\" width=\"300\" height=\"212\"><\/div>\n<p>Non seulement les r\u00e9publicains se sont exprim\u00e9s constern\u00e9s de la mort de Kirk, mais les d\u00e9mocrates ont \u00e9galement condamn\u00e9 le crime, dont l&rsquo;ancien pr\u00e9sident Joe Biden.<\/p>\n<p><strong>&#8211; Ce qui est connu jusqu&rsquo;\u00e0 pr\u00e9sent:<\/strong> Selon l&rsquo;universit\u00e9 et les enqu\u00eateurs, ce sont les circonstances connues: Kirk a pris la parole mercredi sur le campus de l&rsquo;Universit\u00e9 d&rsquo;Utah Valley \u00e0 Orem au sud de la capitale de l&rsquo;Utahs, \u00e0 Salt Lake City, lorsqu&rsquo;il a \u00e9t\u00e9 abattu. Il a jou\u00e9 \u00e0 l&rsquo;ext\u00e9rieur lors d&rsquo;un \u00e9v\u00e9nement et \u00e9tait sous une tente ombre.<\/p>\n<p>Un coup de feu a \u00e9t\u00e9 tir\u00e9 \u00e0 midi (heure locale), l&rsquo;universit\u00e9 a \u00e9crit \u00e0 X. Le site a ensuite \u00e9t\u00e9 ferm\u00e9. Kirk avait un large public &#8211; un de nombreuses personnes correspondantes ont \u00e9t\u00e9 t\u00e9moins de l&rsquo;attaque.<\/p>\n<p>Les vid\u00e9os qui ont \u00e9t\u00e9 enregistr\u00e9es avant l&rsquo;attaque et publi\u00e9es sur les r\u00e9seaux sociaux peuvent \u00eatre entendues que Kirk est pos\u00e9 des questions sur la violence arm\u00e9e aux \u00c9tats-Unis, peu de temps avant qu&rsquo;il ne soit frapp\u00e9 par le coup lui-m\u00eame. On pense que le tireur a tir\u00e9 d&rsquo;un toit voisin. Le FBI a annonc\u00e9 que le mat\u00e9riel vid\u00e9o avait \u00e9t\u00e9 utilis\u00e9 pour sauter d&rsquo;un immeuble comme le pr\u00e9tendu tireur.<\/p>\n<p><strong>&#8211; Les premi\u00e8res arrestations sont inefficaces:<\/strong> Apr\u00e8s l&rsquo;attaque, les autorit\u00e9s ont arr\u00eat\u00e9 une personne qui a \u00e9t\u00e9 lib\u00e9r\u00e9e apr\u00e8s une enqu\u00eate, comme le patron du FBI, Kash Patel, a annonc\u00e9 X. Les autorit\u00e9s ont annonc\u00e9 plus tard dans l&rsquo;Utah que deux autres personnes avaient \u00e9t\u00e9 arr\u00eat\u00e9es et lib\u00e9r\u00e9es. Vous n&rsquo;auriez aucun lien avec l&rsquo;incident.<\/p>\n<p>Le FBI a annonc\u00e9 qu&rsquo;un fusil dans une zone foresti\u00e8re dans laquelle le tireur aurait d\u00fb s&rsquo;enfuir. Parce que le FBI assume un acte cibl\u00e9, il n&rsquo;y a aucun danger pour les r\u00e9sidents de l&rsquo;universit\u00e9. (DPA)<\/p>\n","protected":false},"excerpt":{"rendered":"<p>Mis \u00e0 jour &#8211; Le jeune militant am\u00e9ricain de droite Charlie Kirk sera tourn\u00e9 devant une foule &#8211; il y a en cons\u00e9quence de nombreux<\/p>\n","protected":false},"author":1,"featured_media":9980,"comment_status":"","ping_status":"","sticky":false,"template":"","format":"standard","meta":{"footnotes":""},"categories":[298],"tags":[5443,8508,76,7881,8507,8506,3075,3412,718,8509,2425],"class_list":["post-9979","post","type-post","status-publish","format-standard","has-post-thumbnail","hentry","category-belgique","tag-blame","tag-deadus","tag-est","tag-gauche","tag-kirk","tag-partisan","tag-president","tag-radicale","tag-recherche","tag-sagittaire","tag-trump","generate-columns","tablet-grid-50","mobile-grid-100","grid-parent","grid-33"],"yoast_head":"<!-- This site is optimized with the Yoast SEO plugin v24.0 - https:\/\/yoast.com\/wordpress\/plugins\/seo\/ -->\n<title>Le partisan de Trump, Kirk, est le pr\u00e9sident de Dead-US bl\u00e2me la &quot;gauche radicale&quot; - Sagittaire recherche | Vie Associative<\/title>\n<meta name=\"robots\" content=\"index, follow, max-snippet:-1, max-image-preview:large, max-video-preview:-1\" \/>\n<link rel=\"canonical\" href=\"https:\/\/vieassociative.be\/actualites\/le-partisan-de-trump-kirk-est-le-president-de-dead-us-blame-la-gauche-radicale-sagittaire-recherche\/\" \/>\n<meta property=\"og:locale\" content=\"fr_FR\" \/>\n<meta property=\"og:type\" content=\"article\" \/>\n<meta property=\"og:title\" content=\"Le partisan de Trump, Kirk, est le pr\u00e9sident de Dead-US bl\u00e2me la &quot;gauche radicale&quot; - Sagittaire recherche | Vie Associative\" \/>\n<meta property=\"og:description\" content=\"Mis \u00e0 jour &#8211; Le jeune militant am\u00e9ricain de droite Charlie Kirk sera tourn\u00e9 devant une foule &#8211; il y a en cons\u00e9quence de nombreux\" \/>\n<meta property=\"og:url\" content=\"https:\/\/vieassociative.be\/actualites\/le-partisan-de-trump-kirk-est-le-president-de-dead-us-blame-la-gauche-radicale-sagittaire-recherche\/\" \/>\n<meta property=\"og:site_name\" content=\"Vie Associative\" \/>\n<meta property=\"article:published_time\" content=\"2025-09-11T20:17:40+00:00\" \/>\n<meta property=\"og:image\" content=\"https:\/\/vieassociative.be\/actualites\/wp-content\/uploads\/2024\/09\/header_backgroundk-01-e1726694325946.png\" \/>\n\t<meta property=\"og:image:width\" content=\"279\" \/>\n\t<meta property=\"og:image:height\" content=\"92\" \/>\n\t<meta property=\"og:image:type\" content=\"image\/png\" \/>\n<meta name=\"author\" content=\"Julien\" \/>\n<meta name=\"twitter:card\" content=\"summary_large_image\" \/>\n<meta name=\"twitter:label1\" content=\"\u00c9crit par\" \/>\n\t<meta name=\"twitter:data1\" content=\"Julien\" \/>\n\t<meta name=\"twitter:label2\" content=\"Dur\u00e9e de lecture est.\" \/>\n\t<meta name=\"twitter:data2\" content=\"4 minutes\" \/>\n<script type=\"application\/ld+json\" class=\"yoast-schema-graph\">{\"@context\":\"https:\/\/schema.org\",\"@graph\":[{\"@type\":\"Article\",\"@id\":\"https:\/\/vieassociative.be\/actualites\/le-partisan-de-trump-kirk-est-le-president-de-dead-us-blame-la-gauche-radicale-sagittaire-recherche\/#article\",\"isPartOf\":{\"@id\":\"https:\/\/vieassociative.be\/actualites\/le-partisan-de-trump-kirk-est-le-president-de-dead-us-blame-la-gauche-radicale-sagittaire-recherche\/\"},\"author\":{\"name\":\"Julien\",\"@id\":\"https:\/\/vieassociative.be\/actualites\/#\/schema\/person\/b87ac4f82f9d4e7b7cec7395b679edc4\"},\"headline\":\"Le partisan de Trump, Kirk, est le pr\u00e9sident de Dead-US bl\u00e2me la \u00ab\u00a0gauche radicale\u00a0\u00bb &#8211; Sagittaire recherche\",\"datePublished\":\"2025-09-11T20:17:40+00:00\",\"dateModified\":\"2025-09-11T20:17:40+00:00\",\"mainEntityOfPage\":{\"@id\":\"https:\/\/vieassociative.be\/actualites\/le-partisan-de-trump-kirk-est-le-president-de-dead-us-blame-la-gauche-radicale-sagittaire-recherche\/\"},\"wordCount\":771,\"publisher\":{\"@id\":\"https:\/\/vieassociative.be\/actualites\/#organization\"},\"image\":{\"@id\":\"https:\/\/vieassociative.be\/actualites\/le-partisan-de-trump-kirk-est-le-president-de-dead-us-blame-la-gauche-radicale-sagittaire-recherche\/#primaryimage\"},\"thumbnailUrl\":\"https:\/\/vieassociative.be\/actualites\/wp-content\/uploads\/2025\/09\/1757621861_Le-partisan-de-Trump-Kirk-est-le-president-de-Dead-US.jpg\",\"keywords\":[\"Blame\",\"DeadUS\",\"est\",\"gauche\",\"Kirk\",\"partisan\",\"pr\u00e9sident\",\"radicale\",\"recherche\",\"Sagittaire\",\"Trump\"],\"articleSection\":[\"Belgique\"],\"inLanguage\":\"fr-BE\"},{\"@type\":\"WebPage\",\"@id\":\"https:\/\/vieassociative.be\/actualites\/le-partisan-de-trump-kirk-est-le-president-de-dead-us-blame-la-gauche-radicale-sagittaire-recherche\/\",\"url\":\"https:\/\/vieassociative.be\/actualites\/le-partisan-de-trump-kirk-est-le-president-de-dead-us-blame-la-gauche-radicale-sagittaire-recherche\/\",\"name\":\"Le partisan de Trump, Kirk, est le pr\u00e9sident de Dead-US bl\u00e2me la \\\"gauche radicale\\\" - Sagittaire recherche | Vie Associative\",\"isPartOf\":{\"@id\":\"https:\/\/vieassociative.be\/actualites\/#website\"},\"primaryImageOfPage\":{\"@id\":\"https:\/\/vieassociative.be\/actualites\/le-partisan-de-trump-kirk-est-le-president-de-dead-us-blame-la-gauche-radicale-sagittaire-recherche\/#primaryimage\"},\"image\":{\"@id\":\"https:\/\/vieassociative.be\/actualites\/le-partisan-de-trump-kirk-est-le-president-de-dead-us-blame-la-gauche-radicale-sagittaire-recherche\/#primaryimage\"},\"thumbnailUrl\":\"https:\/\/vieassociative.be\/actualites\/wp-content\/uploads\/2025\/09\/1757621861_Le-partisan-de-Trump-Kirk-est-le-president-de-Dead-US.jpg\",\"datePublished\":\"2025-09-11T20:17:40+00:00\",\"dateModified\":\"2025-09-11T20:17:40+00:00\",\"breadcrumb\":{\"@id\":\"https:\/\/vieassociative.be\/actualites\/le-partisan-de-trump-kirk-est-le-president-de-dead-us-blame-la-gauche-radicale-sagittaire-recherche\/#breadcrumb\"},\"inLanguage\":\"fr-BE\",\"potentialAction\":[{\"@type\":\"ReadAction\",\"target\":[\"https:\/\/vieassociative.be\/actualites\/le-partisan-de-trump-kirk-est-le-president-de-dead-us-blame-la-gauche-radicale-sagittaire-recherche\/\"]}]},{\"@type\":\"ImageObject\",\"inLanguage\":\"fr-BE\",\"@id\":\"https:\/\/vieassociative.be\/actualites\/le-partisan-de-trump-kirk-est-le-president-de-dead-us-blame-la-gauche-radicale-sagittaire-recherche\/#primaryimage\",\"url\":\"https:\/\/vieassociative.be\/actualites\/wp-content\/uploads\/2025\/09\/1757621861_Le-partisan-de-Trump-Kirk-est-le-president-de-Dead-US.jpg\",\"contentUrl\":\"https:\/\/vieassociative.be\/actualites\/wp-content\/uploads\/2025\/09\/1757621861_Le-partisan-de-Trump-Kirk-est-le-president-de-Dead-US.jpg\",\"width\":1200,\"height\":800,\"caption\":\"Le partisan de Trump, Kirk, est le pr\u00e9sident de Dead-US bl\u00e2me la \\\"gauche radicale\\\" - Sagittaire recherche\"},{\"@type\":\"BreadcrumbList\",\"@id\":\"https:\/\/vieassociative.be\/actualites\/le-partisan-de-trump-kirk-est-le-president-de-dead-us-blame-la-gauche-radicale-sagittaire-recherche\/#breadcrumb\",\"itemListElement\":[{\"@type\":\"ListItem\",\"position\":1,\"name\":\"Accueil\",\"item\":\"https:\/\/vieassociative.be\/actualites\/\"},{\"@type\":\"ListItem\",\"position\":2,\"name\":\"Le partisan de Trump, Kirk, est le pr\u00e9sident de Dead-US bl\u00e2me la \u00ab\u00a0gauche radicale\u00a0\u00bb &#8211; Sagittaire recherche\"}]},{\"@type\":\"WebSite\",\"@id\":\"https:\/\/vieassociative.be\/actualites\/#website\",\"url\":\"https:\/\/vieassociative.be\/actualites\/\",\"name\":\"Vie Associative\",\"description\":\"\",\"publisher\":{\"@id\":\"https:\/\/vieassociative.be\/actualites\/#organization\"},\"potentialAction\":[{\"@type\":\"SearchAction\",\"target\":{\"@type\":\"EntryPoint\",\"urlTemplate\":\"https:\/\/vieassociative.be\/actualites\/?s={search_term_string}\"},\"query-input\":{\"@type\":\"PropertyValueSpecification\",\"valueRequired\":true,\"valueName\":\"search_term_string\"}}],\"inLanguage\":\"fr-BE\"},{\"@type\":\"Organization\",\"@id\":\"https:\/\/vieassociative.be\/actualites\/#organization\",\"name\":\"Vie Associative\",\"url\":\"https:\/\/vieassociative.be\/actualites\/\",\"logo\":{\"@type\":\"ImageObject\",\"inLanguage\":\"fr-BE\",\"@id\":\"https:\/\/vieassociative.be\/actualites\/#\/schema\/logo\/image\/\",\"url\":\"https:\/\/vieassociative.be\/actualites\/wp-content\/uploads\/2024\/09\/cropped-vieassociative_favicon.ico.png\",\"contentUrl\":\"https:\/\/vieassociative.be\/actualites\/wp-content\/uploads\/2024\/09\/cropped-vieassociative_favicon.ico.png\",\"width\":512,\"height\":512,\"caption\":\"Vie Associative\"},\"image\":{\"@id\":\"https:\/\/vieassociative.be\/actualites\/#\/schema\/logo\/image\/\"}},{\"@type\":\"Person\",\"@id\":\"https:\/\/vieassociative.be\/actualites\/#\/schema\/person\/b87ac4f82f9d4e7b7cec7395b679edc4\",\"name\":\"Julien\",\"image\":{\"@type\":\"ImageObject\",\"inLanguage\":\"fr-BE\",\"@id\":\"https:\/\/vieassociative.be\/actualites\/#\/schema\/person\/image\/\",\"url\":\"https:\/\/vieassociative.be\/actualites\/wp-content\/uploads\/2024\/09\/vie-associative-1-150x150.jpg\",\"contentUrl\":\"https:\/\/vieassociative.be\/actualites\/wp-content\/uploads\/2024\/09\/vie-associative-1-150x150.jpg\",\"caption\":\"Julien\"},\"description\":\"Je suis Julien, r\u00e9dacteur pour Vie Associative. Passionn\u00e9 par le monde associatif depuis plus de 10 ans, j'ai \u00e0 c\u0153ur de partager des histoires inspirantes et de mettre en lumi\u00e8re les initiatives locales. Mon objectif est de sensibiliser et d'encourager l'engagement communautaire \u00e0 travers mes articles.\",\"sameAs\":[\"https:\/\/vieassociative.be\/\"]}]}<\/script>\n<!-- \/ Yoast SEO plugin. -->","yoast_head_json":{"title":"Le partisan de Trump, Kirk, est le pr\u00e9sident de Dead-US bl\u00e2me la \"gauche radicale\" - Sagittaire recherche | Vie Associative","robots":{"index":"index","follow":"follow","max-snippet":"max-snippet:-1","max-image-preview":"max-image-preview:large","max-video-preview":"max-video-preview:-1"},"canonical":"https:\/\/vieassociative.be\/actualites\/le-partisan-de-trump-kirk-est-le-president-de-dead-us-blame-la-gauche-radicale-sagittaire-recherche\/","og_locale":"fr_FR","og_type":"article","og_title":"Le partisan de Trump, Kirk, est le pr\u00e9sident de Dead-US bl\u00e2me la \"gauche radicale\" - Sagittaire recherche | Vie Associative","og_description":"Mis \u00e0 jour &#8211; Le jeune militant am\u00e9ricain de droite Charlie Kirk sera tourn\u00e9 devant une foule &#8211; il y a en cons\u00e9quence de nombreux","og_url":"https:\/\/vieassociative.be\/actualites\/le-partisan-de-trump-kirk-est-le-president-de-dead-us-blame-la-gauche-radicale-sagittaire-recherche\/","og_site_name":"Vie Associative","article_published_time":"2025-09-11T20:17:40+00:00","og_image":[{"width":279,"height":92,"url":"https:\/\/vieassociative.be\/actualites\/wp-content\/uploads\/2024\/09\/header_backgroundk-01-e1726694325946.png","type":"image\/png"}],"author":"Julien","twitter_card":"summary_large_image","twitter_misc":{"\u00c9crit par":"Julien","Dur\u00e9e de lecture est.":"4 minutes"},"schema":{"@context":"https:\/\/schema.org","@graph":[{"@type":"Article","@id":"https:\/\/vieassociative.be\/actualites\/le-partisan-de-trump-kirk-est-le-president-de-dead-us-blame-la-gauche-radicale-sagittaire-recherche\/#article","isPartOf":{"@id":"https:\/\/vieassociative.be\/actualites\/le-partisan-de-trump-kirk-est-le-president-de-dead-us-blame-la-gauche-radicale-sagittaire-recherche\/"},"author":{"name":"Julien","@id":"https:\/\/vieassociative.be\/actualites\/#\/schema\/person\/b87ac4f82f9d4e7b7cec7395b679edc4"},"headline":"Le partisan de Trump, Kirk, est le pr\u00e9sident de Dead-US bl\u00e2me la \u00ab\u00a0gauche radicale\u00a0\u00bb &#8211; Sagittaire recherche","datePublished":"2025-09-11T20:17:40+00:00","dateModified":"2025-09-11T20:17:40+00:00","mainEntityOfPage":{"@id":"https:\/\/vieassociative.be\/actualites\/le-partisan-de-trump-kirk-est-le-president-de-dead-us-blame-la-gauche-radicale-sagittaire-recherche\/"},"wordCount":771,"publisher":{"@id":"https:\/\/vieassociative.be\/actualites\/#organization"},"image":{"@id":"https:\/\/vieassociative.be\/actualites\/le-partisan-de-trump-kirk-est-le-president-de-dead-us-blame-la-gauche-radicale-sagittaire-recherche\/#primaryimage"},"thumbnailUrl":"https:\/\/vieassociative.be\/actualites\/wp-content\/uploads\/2025\/09\/1757621861_Le-partisan-de-Trump-Kirk-est-le-president-de-Dead-US.jpg","keywords":["Blame","DeadUS","est","gauche","Kirk","partisan","pr\u00e9sident","radicale","recherche","Sagittaire","Trump"],"articleSection":["Belgique"],"inLanguage":"fr-BE"},{"@type":"WebPage","@id":"https:\/\/vieassociative.be\/actualites\/le-partisan-de-trump-kirk-est-le-president-de-dead-us-blame-la-gauche-radicale-sagittaire-recherche\/","url":"https:\/\/vieassociative.be\/actualites\/le-partisan-de-trump-kirk-est-le-president-de-dead-us-blame-la-gauche-radicale-sagittaire-recherche\/","name":"Le partisan de Trump, Kirk, est le pr\u00e9sident de Dead-US bl\u00e2me la \"gauche radicale\" - Sagittaire recherche | Vie Associative","isPartOf":{"@id":"https:\/\/vieassociative.be\/actualites\/#website"},"primaryImageOfPage":{"@id":"https:\/\/vieassociative.be\/actualites\/le-partisan-de-trump-kirk-est-le-president-de-dead-us-blame-la-gauche-radicale-sagittaire-recherche\/#primaryimage"},"image":{"@id":"https:\/\/vieassociative.be\/actualites\/le-partisan-de-trump-kirk-est-le-president-de-dead-us-blame-la-gauche-radicale-sagittaire-recherche\/#primaryimage"},"thumbnailUrl":"https:\/\/vieassociative.be\/actualites\/wp-content\/uploads\/2025\/09\/1757621861_Le-partisan-de-Trump-Kirk-est-le-president-de-Dead-US.jpg","datePublished":"2025-09-11T20:17:40+00:00","dateModified":"2025-09-11T20:17:40+00:00","breadcrumb":{"@id":"https:\/\/vieassociative.be\/actualites\/le-partisan-de-trump-kirk-est-le-president-de-dead-us-blame-la-gauche-radicale-sagittaire-recherche\/#breadcrumb"},"inLanguage":"fr-BE","potentialAction":[{"@type":"ReadAction","target":["https:\/\/vieassociative.be\/actualites\/le-partisan-de-trump-kirk-est-le-president-de-dead-us-blame-la-gauche-radicale-sagittaire-recherche\/"]}]},{"@type":"ImageObject","inLanguage":"fr-BE","@id":"https:\/\/vieassociative.be\/actualites\/le-partisan-de-trump-kirk-est-le-president-de-dead-us-blame-la-gauche-radicale-sagittaire-recherche\/#primaryimage","url":"https:\/\/vieassociative.be\/actualites\/wp-content\/uploads\/2025\/09\/1757621861_Le-partisan-de-Trump-Kirk-est-le-president-de-Dead-US.jpg","contentUrl":"https:\/\/vieassociative.be\/actualites\/wp-content\/uploads\/2025\/09\/1757621861_Le-partisan-de-Trump-Kirk-est-le-president-de-Dead-US.jpg","width":1200,"height":800,"caption":"Le partisan de Trump, Kirk, est le pr\u00e9sident de Dead-US bl\u00e2me la \"gauche radicale\" - Sagittaire recherche"},{"@type":"BreadcrumbList","@id":"https:\/\/vieassociative.be\/actualites\/le-partisan-de-trump-kirk-est-le-president-de-dead-us-blame-la-gauche-radicale-sagittaire-recherche\/#breadcrumb","itemListElement":[{"@type":"ListItem","position":1,"name":"Accueil","item":"https:\/\/vieassociative.be\/actualites\/"},{"@type":"ListItem","position":2,"name":"Le partisan de Trump, Kirk, est le pr\u00e9sident de Dead-US bl\u00e2me la \u00ab\u00a0gauche radicale\u00a0\u00bb &#8211; Sagittaire recherche"}]},{"@type":"WebSite","@id":"https:\/\/vieassociative.be\/actualites\/#website","url":"https:\/\/vieassociative.be\/actualites\/","name":"Vie Associative","description":"","publisher":{"@id":"https:\/\/vieassociative.be\/actualites\/#organization"},"potentialAction":[{"@type":"SearchAction","target":{"@type":"EntryPoint","urlTemplate":"https:\/\/vieassociative.be\/actualites\/?s={search_term_string}"},"query-input":{"@type":"PropertyValueSpecification","valueRequired":true,"valueName":"search_term_string"}}],"inLanguage":"fr-BE"},{"@type":"Organization","@id":"https:\/\/vieassociative.be\/actualites\/#organization","name":"Vie Associative","url":"https:\/\/vieassociative.be\/actualites\/","logo":{"@type":"ImageObject","inLanguage":"fr-BE","@id":"https:\/\/vieassociative.be\/actualites\/#\/schema\/logo\/image\/","url":"https:\/\/vieassociative.be\/actualites\/wp-content\/uploads\/2024\/09\/cropped-vieassociative_favicon.ico.png","contentUrl":"https:\/\/vieassociative.be\/actualites\/wp-content\/uploads\/2024\/09\/cropped-vieassociative_favicon.ico.png","width":512,"height":512,"caption":"Vie Associative"},"image":{"@id":"https:\/\/vieassociative.be\/actualites\/#\/schema\/logo\/image\/"}},{"@type":"Person","@id":"https:\/\/vieassociative.be\/actualites\/#\/schema\/person\/b87ac4f82f9d4e7b7cec7395b679edc4","name":"Julien","image":{"@type":"ImageObject","inLanguage":"fr-BE","@id":"https:\/\/vieassociative.be\/actualites\/#\/schema\/person\/image\/","url":"https:\/\/vieassociative.be\/actualites\/wp-content\/uploads\/2024\/09\/vie-associative-1-150x150.jpg","contentUrl":"https:\/\/vieassociative.be\/actualites\/wp-content\/uploads\/2024\/09\/vie-associative-1-150x150.jpg","caption":"Julien"},"description":"Je suis Julien, r\u00e9dacteur pour Vie Associative. Passionn\u00e9 par le monde associatif depuis plus de 10 ans, j'ai \u00e0 c\u0153ur de partager des histoires inspirantes et de mettre en lumi\u00e8re les initiatives locales. Mon objectif est de sensibiliser et d'encourager l'engagement communautaire \u00e0 travers mes articles.","sameAs":["https:\/\/vieassociative.be\/"]}]}},"_links":{"self":[{"href":"https:\/\/vieassociative.be\/actualites\/wp-json\/wp\/v2\/posts\/9979"}],"collection":[{"href":"https:\/\/vieassociative.be\/actualites\/wp-json\/wp\/v2\/posts"}],"about":[{"href":"https:\/\/vieassociative.be\/actualites\/wp-json\/wp\/v2\/types\/post"}],"author":[{"embeddable":true,"href":"https:\/\/vieassociative.be\/actualites\/wp-json\/wp\/v2\/users\/1"}],"replies":[{"embeddable":true,"href":"https:\/\/vieassociative.be\/actualites\/wp-json\/wp\/v2\/comments?post=9979"}],"version-history":[{"count":0,"href":"https:\/\/vieassociative.be\/actualites\/wp-json\/wp\/v2\/posts\/9979\/revisions"}],"wp:featuredmedia":[{"embeddable":true,"href":"https:\/\/vieassociative.be\/actualites\/wp-json\/wp\/v2\/media\/9980"}],"wp:attachment":[{"href":"https:\/\/vieassociative.be\/actualites\/wp-json\/wp\/v2\/media?parent=9979"}],"wp:term":[{"taxonomy":"category","embeddable":true,"href":"https:\/\/vieassociative.be\/actualites\/wp-json\/wp\/v2\/categories?post=9979"},{"taxonomy":"post_tag","embeddable":true,"href":"https:\/\/vieassociative.be\/actualites\/wp-json\/wp\/v2\/tags?post=9979"}],"curies":[{"name":"wp","href":"https:\/\/api.w.org\/{rel}","templated":true}]}}