{"id":9977,"date":"2025-09-11T21:17:12","date_gmt":"2025-09-11T19:17:12","guid":{"rendered":"https:\/\/vieassociative.be\/actualites\/ce-televiseur-qled-de-55-pouces-coute-moins-de-300\/"},"modified":"2025-09-11T21:17:12","modified_gmt":"2025-09-11T19:17:12","slug":"ce-televiseur-qled-de-55-pouces-coute-moins-de-300","status":"publish","type":"post","link":"https:\/\/vieassociative.be\/actualites\/ce-televiseur-qled-de-55-pouces-coute-moins-de-300\/","title":{"rendered":"Ce t\u00e9l\u00e9viseur Qled de 55 pouces co\u00fbte moins de 300 $"},"content":{"rendered":"<div class=\"mt-4 leading-6 md:mb-8\">Ce t\u00e9l\u00e9viseur QLED budg\u00e9taire a Dolby Atmos, Alexa, HDR 10+ et un capteur de lumi\u00e8re pour la luminosit\u00e9 adaptative.<\/div>\n<p><\/p>\n<p><em>Saviez-vous que vous pouvez personnaliser Google pour filtrer les ordures? Prendre ces \u00e9tapes<\/em><em> Pour de meilleurs r\u00e9sultats de recherche, notamment en ajoutant mon travail chez Vie Associative comme source pr\u00e9f\u00e9r\u00e9e<\/em><em>.<\/em><\/p>\n<hr>\n<p>Tout le monde ne cherche pas une exp\u00e9rience t\u00e9l\u00e9vis\u00e9e 5 \u00e9toiles. Parfois, un t\u00e9l\u00e9viseur d\u00e9cent au bon prix est assez bon. C&rsquo;est exactement ce que peut offrir le t\u00e9l\u00e9viseur Hisense Qled E6QF, et en ce moment, la classe de 55 pouces est juste <strong>287,99 $<\/strong> (\u00e0 l&rsquo;origine 429,99 $), passant au prix le plus bas qu&rsquo;il ait jamais \u00e9t\u00e9, selon les outils de suivi des prix. C&rsquo;est l&rsquo;une des meilleures offres pour les t\u00e9l\u00e9viseurs \u00e0 petit budget en ce moment.<\/p>\n<div class=\"pogoClear mb-12 mt-10 rounded-md border-2 border-gray-100 py-7 shadow-xl md:py-6\">\n<div class=\"flex flex-wrap justify-between px-7 text-black no-underline md:flex-nowrap md:px-8\">\n<div class=\"order-1 mx-auto flex flex-col justify-center md:order-2 md:ml-4 md:w-full md:grow\">\n<div class=\"block cursor-pointer text-center font-akshar text-2xl font-medium leading-7 text-brand-green duration-200 ease-in-out hover:text-brand-green-700 md:text-left md:text-xl md:leading-6\">HISENSE 55 \u00ab\u00a0E6 QLED SMART FIRE TV (55E6QF, mod\u00e8le 2025)\n                <\/div>\n<div class=\"mt-4 hidden md:flex md:justify-between\">\n<div class=\"self-end\">\n<div class=\"mb-0 h-11 md:flex md:flex-col md:justify-center\">\n<div class=\" font-sans leading-4 text-black\">\n<div class=\"flex flex-wrap items-center justify-center gap-1 md:justify-start\">\n        <span class=\"font-bold\"><\/p>\n<p>            287,99 $<br \/>\n                            <span class=\"font-medium\">\u00e0 Amazon<\/span><br \/>\n                    <\/span>\n            <\/div>\n<div class=\"flex items-center justify-center gap-x-1 font-bold md:justify-start\">\n            <span class=\"text-sm line-through\">429,99 $<\/span><br \/>\n            <span class=\"text-sm text-brand-green\">\u00c9conomisez 142,00 $<\/span>\n        <\/div>\n<\/p><\/div>\n<\/p><\/div>\n<\/p><\/div>\n<div class=\"w-44 self-end\">\n                            <button class=\"flex justify-center items-center w-full bg-brand-green text-white text-base font-sans font-medium rounded-md hover:bg-brand-green-700 hover:cursor-pointer md:text-sm h-11\"><\/p>\n<p>    Conclure un accord<br \/>\n<\/button>\n                        <\/div>\n<\/p><\/div>\n<\/p><\/div>\n<div class=\"order-2 mt-5 h-auto w-full md:order-1 md:mt-0 md:hidden\">\n<div class=\"flex aspect-video items-center justify-center\">\n                                            <img decoding=\"async\" class=\"m-0 max-h-full max-w-full rounded-md\" src=\"https:\/\/vieassociative.be\/actualites\/wp-content\/uploads\/2025\/09\/Ce-televiseur-Qled-de-55-pouces-coute-moins-de-300.jpg\" alt=\"Hisense 55\" e6 cinema series qled uhd smart fire tv model ai light sensor dolby vision atmos voice remote with alexa motion rate hdr adaptive game mode plus width=\"auto\" height=\"auto\" loading=\"lazy\">\n                                    <\/div>\n<\/p><\/div>\n<div class=\"order-2 ml-2 hidden w-32 shrink-0 items-center md:order-1 md:ml-0 md:flex\">\n<div class=\"flex aspect-video items-center justify-center\">\n                                            <img decoding=\"async\" class=\"m-0 max-h-full max-w-full rounded-md\" src=\"https:\/\/vieassociative.be\/actualites\/wp-content\/uploads\/2025\/09\/Ce-televiseur-Qled-de-55-pouces-coute-moins-de-300.jpg\" alt=\"Hisense 55\" e6 cinema series qled uhd smart fire tv model ai light sensor dolby vision atmos voice remote with alexa motion rate hdr adaptive game mode plus width=\"auto\" height=\"auto\" loading=\"lazy\">\n                                    <\/div>\n<\/p><\/div>\n<div class=\"order-3 flex grow flex-wrap md:hidden md:grow-0\">\n<div class=\"mt-4 w-full\">\n                        <button class=\"flex justify-center items-center w-full bg-brand-green text-white text-base font-sans font-medium rounded-md hover:bg-brand-green-700 hover:cursor-pointer md:text-sm h-11\"><\/p>\n<p>    Conclure un accord<br \/>\n<\/button>\n                    <\/div>\n<div class=\"mx-2 mt-4 w-full\">\n<div class=\" font-sans leading-4 text-black\">\n<div class=\"flex flex-wrap items-center justify-center gap-1 md:justify-start\">\n        <span class=\"font-bold\"><\/p>\n<p>            287,99 $<br \/>\n                            <span class=\"font-medium\">\u00e0 Amazon<\/span><br \/>\n                    <\/span>\n            <\/div>\n<div class=\"flex items-center justify-center gap-x-1 font-bold md:justify-start\">\n            <span class=\"text-sm line-through\">429,99 $<\/span><br \/>\n            <span class=\"text-sm text-brand-green\">\u00c9conomisez 142,00 $<\/span>\n        <\/div>\n<\/p><\/div>\n<\/p><\/div>\n<\/p><\/div>\n<\/p><\/div>\n<\/div>\n<p>Les t\u00e9l\u00e9viseurs QLED sont \u00e0 un pas vers le bas par rapport aux OLED, mais ils ont des attributs qui peuvent en faire un meilleur choix que les OLED pour la bonne personne. Le prix est le principal, OLEDS oscillant facilement plus de 1 000 $ pour toute taille que vous obtenez. Avec le Hisense E6QF Fire TV, vous n&rsquo;obtiendrez pas la qualit\u00e9 d&rsquo;image que OLEDS peut offrir, mais ce sera assez bon pour la plupart des gens, en particulier ceux qui ne sont pas des vid\u00e9ophiles. Ils offrent toujours une bien meilleure couleur et contraste qu&rsquo;un t\u00e9l\u00e9viseur LED ordinaire.<\/p>\n<p>Le Hisense E6QF Fire TV a de belles fonctionnalit\u00e9s qui le font ressortir d&rsquo;autres t\u00e9l\u00e9viseurs \u00e0 petit budget \u00e0 son prix actuel. Il a un capteur de lumi\u00e8re qui d\u00e9tecte la lumi\u00e8re de votre pi\u00e8ce pour ajuster sa luminosit\u00e9 en cons\u00e9quence, une caract\u00e9ristique appel\u00e9e luminosit\u00e9 adaptative que vous trouvez habituellement dans les t\u00e9l\u00e9viseurs de niveau interm\u00e9diaire et haut de gamme. \u00c9tant donn\u00e9 que son syst\u00e8me d&rsquo;exploitation est Fire TV, vous pouvez installer Kodi pour regarder pratiquement quoi que ce soit, et vous obtenez Alexa int\u00e9gr\u00e9e pour les commandes vocales. Si vous \u00eates un utilisateur Apple, vous pouvez \u00e9galement diffuser avec votre homekit Apple avec. Il prend en charge Dolby Atmos, donc les films et les \u00e9missions appara\u00eetront plus, et il existe un mode de jeu d\u00e9di\u00e9 plus pour les joueurs qui augmente le taux de mouvement \u00e0 120 Hz. <\/p>\n<p>Si vous ne cherchez pas \u00e0 d\u00e9penser beaucoup et que vous cherchez une bonne affaire sur un t\u00e9l\u00e9viseur QLED de 55 pouces, le t\u00e9l\u00e9viseur Fire Hissense QLED E6QF de 55 pouces est tout.<\/p>\n<hr>\n","protected":false},"excerpt":{"rendered":"<p>Ce t\u00e9l\u00e9viseur QLED budg\u00e9taire a Dolby Atmos, Alexa, HDR 10+ et un capteur de lumi\u00e8re pour la luminosit\u00e9 adaptative. Saviez-vous que vous pouvez personnaliser Google<\/p>\n","protected":false},"author":1,"featured_media":9978,"comment_status":"","ping_status":"","sticky":false,"template":"","format":"standard","meta":{"footnotes":""},"categories":[13],"tags":[1122,469,1980,5215,1978],"class_list":["post-9977","post","type-post","status-publish","format-standard","has-post-thumbnail","hentry","category-technologie","tag-coute","tag-moins","tag-pouces","tag-qled","tag-televiseur","generate-columns","tablet-grid-50","mobile-grid-100","grid-parent","grid-33"],"yoast_head":"<!-- This site is optimized with the Yoast SEO plugin v24.0 - https:\/\/yoast.com\/wordpress\/plugins\/seo\/ -->\n<title>Ce t\u00e9l\u00e9viseur Qled de 55 pouces co\u00fbte moins de 300 $ | Vie Associative<\/title>\n<meta name=\"robots\" content=\"index, follow, max-snippet:-1, max-image-preview:large, max-video-preview:-1\" \/>\n<link rel=\"canonical\" href=\"https:\/\/vieassociative.be\/actualites\/ce-televiseur-qled-de-55-pouces-coute-moins-de-300\/\" \/>\n<meta property=\"og:locale\" content=\"fr_FR\" \/>\n<meta property=\"og:type\" content=\"article\" \/>\n<meta property=\"og:title\" content=\"Ce t\u00e9l\u00e9viseur Qled de 55 pouces co\u00fbte moins de 300 $ | Vie Associative\" \/>\n<meta property=\"og:description\" content=\"Ce t\u00e9l\u00e9viseur QLED budg\u00e9taire a Dolby Atmos, Alexa, HDR 10+ et un capteur de lumi\u00e8re pour la luminosit\u00e9 adaptative. Saviez-vous que vous pouvez personnaliser Google\" \/>\n<meta property=\"og:url\" content=\"https:\/\/vieassociative.be\/actualites\/ce-televiseur-qled-de-55-pouces-coute-moins-de-300\/\" \/>\n<meta property=\"og:site_name\" content=\"Vie Associative\" \/>\n<meta property=\"article:published_time\" content=\"2025-09-11T19:17:12+00:00\" \/>\n<meta property=\"og:image\" content=\"https:\/\/vieassociative.be\/actualites\/wp-content\/uploads\/2025\/09\/Ce-televiseur-Qled-de-55-pouces-coute-moins-de-300.jpg\" \/>\n<meta name=\"author\" content=\"Julien\" \/>\n<meta name=\"twitter:card\" content=\"summary_large_image\" \/>\n<meta name=\"twitter:label1\" content=\"\u00c9crit par\" \/>\n\t<meta name=\"twitter:data1\" content=\"Julien\" \/>\n\t<meta name=\"twitter:label2\" content=\"Dur\u00e9e de lecture est.\" \/>\n\t<meta name=\"twitter:data2\" content=\"2 minutes\" \/>\n<script type=\"application\/ld+json\" class=\"yoast-schema-graph\">{\"@context\":\"https:\/\/schema.org\",\"@graph\":[{\"@type\":\"Article\",\"@id\":\"https:\/\/vieassociative.be\/actualites\/ce-televiseur-qled-de-55-pouces-coute-moins-de-300\/#article\",\"isPartOf\":{\"@id\":\"https:\/\/vieassociative.be\/actualites\/ce-televiseur-qled-de-55-pouces-coute-moins-de-300\/\"},\"author\":{\"name\":\"Julien\",\"@id\":\"https:\/\/vieassociative.be\/actualites\/#\/schema\/person\/b87ac4f82f9d4e7b7cec7395b679edc4\"},\"headline\":\"Ce t\u00e9l\u00e9viseur Qled de 55 pouces co\u00fbte moins de 300 $\",\"datePublished\":\"2025-09-11T19:17:12+00:00\",\"dateModified\":\"2025-09-11T19:17:12+00:00\",\"mainEntityOfPage\":{\"@id\":\"https:\/\/vieassociative.be\/actualites\/ce-televiseur-qled-de-55-pouces-coute-moins-de-300\/\"},\"wordCount\":473,\"publisher\":{\"@id\":\"https:\/\/vieassociative.be\/actualites\/#organization\"},\"image\":{\"@id\":\"https:\/\/vieassociative.be\/actualites\/ce-televiseur-qled-de-55-pouces-coute-moins-de-300\/#primaryimage\"},\"thumbnailUrl\":\"https:\/\/vieassociative.be\/actualites\/wp-content\/uploads\/2025\/09\/Ce-televiseur-Qled-de-55-pouces-coute-moins-de-300.png\",\"keywords\":[\"co\u00fbte\",\"moins\",\"pouces\",\"QLED\",\"t\u00e9l\u00e9viseur\"],\"articleSection\":[\"Technologie\"],\"inLanguage\":\"fr-BE\"},{\"@type\":\"WebPage\",\"@id\":\"https:\/\/vieassociative.be\/actualites\/ce-televiseur-qled-de-55-pouces-coute-moins-de-300\/\",\"url\":\"https:\/\/vieassociative.be\/actualites\/ce-televiseur-qled-de-55-pouces-coute-moins-de-300\/\",\"name\":\"Ce t\u00e9l\u00e9viseur Qled de 55 pouces co\u00fbte moins de 300 $ | Vie Associative\",\"isPartOf\":{\"@id\":\"https:\/\/vieassociative.be\/actualites\/#website\"},\"primaryImageOfPage\":{\"@id\":\"https:\/\/vieassociative.be\/actualites\/ce-televiseur-qled-de-55-pouces-coute-moins-de-300\/#primaryimage\"},\"image\":{\"@id\":\"https:\/\/vieassociative.be\/actualites\/ce-televiseur-qled-de-55-pouces-coute-moins-de-300\/#primaryimage\"},\"thumbnailUrl\":\"https:\/\/vieassociative.be\/actualites\/wp-content\/uploads\/2025\/09\/Ce-televiseur-Qled-de-55-pouces-coute-moins-de-300.png\",\"datePublished\":\"2025-09-11T19:17:12+00:00\",\"dateModified\":\"2025-09-11T19:17:12+00:00\",\"breadcrumb\":{\"@id\":\"https:\/\/vieassociative.be\/actualites\/ce-televiseur-qled-de-55-pouces-coute-moins-de-300\/#breadcrumb\"},\"inLanguage\":\"fr-BE\",\"potentialAction\":[{\"@type\":\"ReadAction\",\"target\":[\"https:\/\/vieassociative.be\/actualites\/ce-televiseur-qled-de-55-pouces-coute-moins-de-300\/\"]}]},{\"@type\":\"ImageObject\",\"inLanguage\":\"fr-BE\",\"@id\":\"https:\/\/vieassociative.be\/actualites\/ce-televiseur-qled-de-55-pouces-coute-moins-de-300\/#primaryimage\",\"url\":\"https:\/\/vieassociative.be\/actualites\/wp-content\/uploads\/2025\/09\/Ce-televiseur-Qled-de-55-pouces-coute-moins-de-300.png\",\"contentUrl\":\"https:\/\/vieassociative.be\/actualites\/wp-content\/uploads\/2025\/09\/Ce-televiseur-Qled-de-55-pouces-coute-moins-de-300.png\",\"width\":1200,\"height\":675,\"caption\":\"Ce t\u00e9l\u00e9viseur Qled de 55 pouces co\u00fbte moins de 300 $\"},{\"@type\":\"BreadcrumbList\",\"@id\":\"https:\/\/vieassociative.be\/actualites\/ce-televiseur-qled-de-55-pouces-coute-moins-de-300\/#breadcrumb\",\"itemListElement\":[{\"@type\":\"ListItem\",\"position\":1,\"name\":\"Accueil\",\"item\":\"https:\/\/vieassociative.be\/actualites\/\"},{\"@type\":\"ListItem\",\"position\":2,\"name\":\"Ce t\u00e9l\u00e9viseur Qled de 55 pouces co\u00fbte moins de 300 $\"}]},{\"@type\":\"WebSite\",\"@id\":\"https:\/\/vieassociative.be\/actualites\/#website\",\"url\":\"https:\/\/vieassociative.be\/actualites\/\",\"name\":\"Vie Associative\",\"description\":\"\",\"publisher\":{\"@id\":\"https:\/\/vieassociative.be\/actualites\/#organization\"},\"potentialAction\":[{\"@type\":\"SearchAction\",\"target\":{\"@type\":\"EntryPoint\",\"urlTemplate\":\"https:\/\/vieassociative.be\/actualites\/?s={search_term_string}\"},\"query-input\":{\"@type\":\"PropertyValueSpecification\",\"valueRequired\":true,\"valueName\":\"search_term_string\"}}],\"inLanguage\":\"fr-BE\"},{\"@type\":\"Organization\",\"@id\":\"https:\/\/vieassociative.be\/actualites\/#organization\",\"name\":\"Vie Associative\",\"url\":\"https:\/\/vieassociative.be\/actualites\/\",\"logo\":{\"@type\":\"ImageObject\",\"inLanguage\":\"fr-BE\",\"@id\":\"https:\/\/vieassociative.be\/actualites\/#\/schema\/logo\/image\/\",\"url\":\"https:\/\/vieassociative.be\/actualites\/wp-content\/uploads\/2024\/09\/cropped-vieassociative_favicon.ico.png\",\"contentUrl\":\"https:\/\/vieassociative.be\/actualites\/wp-content\/uploads\/2024\/09\/cropped-vieassociative_favicon.ico.png\",\"width\":512,\"height\":512,\"caption\":\"Vie Associative\"},\"image\":{\"@id\":\"https:\/\/vieassociative.be\/actualites\/#\/schema\/logo\/image\/\"}},{\"@type\":\"Person\",\"@id\":\"https:\/\/vieassociative.be\/actualites\/#\/schema\/person\/b87ac4f82f9d4e7b7cec7395b679edc4\",\"name\":\"Julien\",\"image\":{\"@type\":\"ImageObject\",\"inLanguage\":\"fr-BE\",\"@id\":\"https:\/\/vieassociative.be\/actualites\/#\/schema\/person\/image\/\",\"url\":\"https:\/\/vieassociative.be\/actualites\/wp-content\/uploads\/2024\/09\/vie-associative-1-150x150.jpg\",\"contentUrl\":\"https:\/\/vieassociative.be\/actualites\/wp-content\/uploads\/2024\/09\/vie-associative-1-150x150.jpg\",\"caption\":\"Julien\"},\"description\":\"Je suis Julien, r\u00e9dacteur pour Vie Associative. Passionn\u00e9 par le monde associatif depuis plus de 10 ans, j'ai \u00e0 c\u0153ur de partager des histoires inspirantes et de mettre en lumi\u00e8re les initiatives locales. Mon objectif est de sensibiliser et d'encourager l'engagement communautaire \u00e0 travers mes articles.\",\"sameAs\":[\"https:\/\/vieassociative.be\/\"]}]}<\/script>\n<!-- \/ Yoast SEO plugin. -->","yoast_head_json":{"title":"Ce t\u00e9l\u00e9viseur Qled de 55 pouces co\u00fbte moins de 300 $ | Vie Associative","robots":{"index":"index","follow":"follow","max-snippet":"max-snippet:-1","max-image-preview":"max-image-preview:large","max-video-preview":"max-video-preview:-1"},"canonical":"https:\/\/vieassociative.be\/actualites\/ce-televiseur-qled-de-55-pouces-coute-moins-de-300\/","og_locale":"fr_FR","og_type":"article","og_title":"Ce t\u00e9l\u00e9viseur Qled de 55 pouces co\u00fbte moins de 300 $ | Vie Associative","og_description":"Ce t\u00e9l\u00e9viseur QLED budg\u00e9taire a Dolby Atmos, Alexa, HDR 10+ et un capteur de lumi\u00e8re pour la luminosit\u00e9 adaptative. Saviez-vous que vous pouvez personnaliser Google","og_url":"https:\/\/vieassociative.be\/actualites\/ce-televiseur-qled-de-55-pouces-coute-moins-de-300\/","og_site_name":"Vie Associative","article_published_time":"2025-09-11T19:17:12+00:00","og_image":[{"url":"https:\/\/vieassociative.be\/actualites\/wp-content\/uploads\/2025\/09\/Ce-televiseur-Qled-de-55-pouces-coute-moins-de-300.jpg","type":"","width":"","height":""}],"author":"Julien","twitter_card":"summary_large_image","twitter_misc":{"\u00c9crit par":"Julien","Dur\u00e9e de lecture est.":"2 minutes"},"schema":{"@context":"https:\/\/schema.org","@graph":[{"@type":"Article","@id":"https:\/\/vieassociative.be\/actualites\/ce-televiseur-qled-de-55-pouces-coute-moins-de-300\/#article","isPartOf":{"@id":"https:\/\/vieassociative.be\/actualites\/ce-televiseur-qled-de-55-pouces-coute-moins-de-300\/"},"author":{"name":"Julien","@id":"https:\/\/vieassociative.be\/actualites\/#\/schema\/person\/b87ac4f82f9d4e7b7cec7395b679edc4"},"headline":"Ce t\u00e9l\u00e9viseur Qled de 55 pouces co\u00fbte moins de 300 $","datePublished":"2025-09-11T19:17:12+00:00","dateModified":"2025-09-11T19:17:12+00:00","mainEntityOfPage":{"@id":"https:\/\/vieassociative.be\/actualites\/ce-televiseur-qled-de-55-pouces-coute-moins-de-300\/"},"wordCount":473,"publisher":{"@id":"https:\/\/vieassociative.be\/actualites\/#organization"},"image":{"@id":"https:\/\/vieassociative.be\/actualites\/ce-televiseur-qled-de-55-pouces-coute-moins-de-300\/#primaryimage"},"thumbnailUrl":"https:\/\/vieassociative.be\/actualites\/wp-content\/uploads\/2025\/09\/Ce-televiseur-Qled-de-55-pouces-coute-moins-de-300.png","keywords":["co\u00fbte","moins","pouces","QLED","t\u00e9l\u00e9viseur"],"articleSection":["Technologie"],"inLanguage":"fr-BE"},{"@type":"WebPage","@id":"https:\/\/vieassociative.be\/actualites\/ce-televiseur-qled-de-55-pouces-coute-moins-de-300\/","url":"https:\/\/vieassociative.be\/actualites\/ce-televiseur-qled-de-55-pouces-coute-moins-de-300\/","name":"Ce t\u00e9l\u00e9viseur Qled de 55 pouces co\u00fbte moins de 300 $ | Vie Associative","isPartOf":{"@id":"https:\/\/vieassociative.be\/actualites\/#website"},"primaryImageOfPage":{"@id":"https:\/\/vieassociative.be\/actualites\/ce-televiseur-qled-de-55-pouces-coute-moins-de-300\/#primaryimage"},"image":{"@id":"https:\/\/vieassociative.be\/actualites\/ce-televiseur-qled-de-55-pouces-coute-moins-de-300\/#primaryimage"},"thumbnailUrl":"https:\/\/vieassociative.be\/actualites\/wp-content\/uploads\/2025\/09\/Ce-televiseur-Qled-de-55-pouces-coute-moins-de-300.png","datePublished":"2025-09-11T19:17:12+00:00","dateModified":"2025-09-11T19:17:12+00:00","breadcrumb":{"@id":"https:\/\/vieassociative.be\/actualites\/ce-televiseur-qled-de-55-pouces-coute-moins-de-300\/#breadcrumb"},"inLanguage":"fr-BE","potentialAction":[{"@type":"ReadAction","target":["https:\/\/vieassociative.be\/actualites\/ce-televiseur-qled-de-55-pouces-coute-moins-de-300\/"]}]},{"@type":"ImageObject","inLanguage":"fr-BE","@id":"https:\/\/vieassociative.be\/actualites\/ce-televiseur-qled-de-55-pouces-coute-moins-de-300\/#primaryimage","url":"https:\/\/vieassociative.be\/actualites\/wp-content\/uploads\/2025\/09\/Ce-televiseur-Qled-de-55-pouces-coute-moins-de-300.png","contentUrl":"https:\/\/vieassociative.be\/actualites\/wp-content\/uploads\/2025\/09\/Ce-televiseur-Qled-de-55-pouces-coute-moins-de-300.png","width":1200,"height":675,"caption":"Ce t\u00e9l\u00e9viseur Qled de 55 pouces co\u00fbte moins de 300 $"},{"@type":"BreadcrumbList","@id":"https:\/\/vieassociative.be\/actualites\/ce-televiseur-qled-de-55-pouces-coute-moins-de-300\/#breadcrumb","itemListElement":[{"@type":"ListItem","position":1,"name":"Accueil","item":"https:\/\/vieassociative.be\/actualites\/"},{"@type":"ListItem","position":2,"name":"Ce t\u00e9l\u00e9viseur Qled de 55 pouces co\u00fbte moins de 300 $"}]},{"@type":"WebSite","@id":"https:\/\/vieassociative.be\/actualites\/#website","url":"https:\/\/vieassociative.be\/actualites\/","name":"Vie Associative","description":"","publisher":{"@id":"https:\/\/vieassociative.be\/actualites\/#organization"},"potentialAction":[{"@type":"SearchAction","target":{"@type":"EntryPoint","urlTemplate":"https:\/\/vieassociative.be\/actualites\/?s={search_term_string}"},"query-input":{"@type":"PropertyValueSpecification","valueRequired":true,"valueName":"search_term_string"}}],"inLanguage":"fr-BE"},{"@type":"Organization","@id":"https:\/\/vieassociative.be\/actualites\/#organization","name":"Vie Associative","url":"https:\/\/vieassociative.be\/actualites\/","logo":{"@type":"ImageObject","inLanguage":"fr-BE","@id":"https:\/\/vieassociative.be\/actualites\/#\/schema\/logo\/image\/","url":"https:\/\/vieassociative.be\/actualites\/wp-content\/uploads\/2024\/09\/cropped-vieassociative_favicon.ico.png","contentUrl":"https:\/\/vieassociative.be\/actualites\/wp-content\/uploads\/2024\/09\/cropped-vieassociative_favicon.ico.png","width":512,"height":512,"caption":"Vie Associative"},"image":{"@id":"https:\/\/vieassociative.be\/actualites\/#\/schema\/logo\/image\/"}},{"@type":"Person","@id":"https:\/\/vieassociative.be\/actualites\/#\/schema\/person\/b87ac4f82f9d4e7b7cec7395b679edc4","name":"Julien","image":{"@type":"ImageObject","inLanguage":"fr-BE","@id":"https:\/\/vieassociative.be\/actualites\/#\/schema\/person\/image\/","url":"https:\/\/vieassociative.be\/actualites\/wp-content\/uploads\/2024\/09\/vie-associative-1-150x150.jpg","contentUrl":"https:\/\/vieassociative.be\/actualites\/wp-content\/uploads\/2024\/09\/vie-associative-1-150x150.jpg","caption":"Julien"},"description":"Je suis Julien, r\u00e9dacteur pour Vie Associative. Passionn\u00e9 par le monde associatif depuis plus de 10 ans, j'ai \u00e0 c\u0153ur de partager des histoires inspirantes et de mettre en lumi\u00e8re les initiatives locales. Mon objectif est de sensibiliser et d'encourager l'engagement communautaire \u00e0 travers mes articles.","sameAs":["https:\/\/vieassociative.be\/"]}]}},"_links":{"self":[{"href":"https:\/\/vieassociative.be\/actualites\/wp-json\/wp\/v2\/posts\/9977"}],"collection":[{"href":"https:\/\/vieassociative.be\/actualites\/wp-json\/wp\/v2\/posts"}],"about":[{"href":"https:\/\/vieassociative.be\/actualites\/wp-json\/wp\/v2\/types\/post"}],"author":[{"embeddable":true,"href":"https:\/\/vieassociative.be\/actualites\/wp-json\/wp\/v2\/users\/1"}],"replies":[{"embeddable":true,"href":"https:\/\/vieassociative.be\/actualites\/wp-json\/wp\/v2\/comments?post=9977"}],"version-history":[{"count":0,"href":"https:\/\/vieassociative.be\/actualites\/wp-json\/wp\/v2\/posts\/9977\/revisions"}],"wp:featuredmedia":[{"embeddable":true,"href":"https:\/\/vieassociative.be\/actualites\/wp-json\/wp\/v2\/media\/9978"}],"wp:attachment":[{"href":"https:\/\/vieassociative.be\/actualites\/wp-json\/wp\/v2\/media?parent=9977"}],"wp:term":[{"taxonomy":"category","embeddable":true,"href":"https:\/\/vieassociative.be\/actualites\/wp-json\/wp\/v2\/categories?post=9977"},{"taxonomy":"post_tag","embeddable":true,"href":"https:\/\/vieassociative.be\/actualites\/wp-json\/wp\/v2\/tags?post=9977"}],"curies":[{"name":"wp","href":"https:\/\/api.w.org\/{rel}","templated":true}]}}