{"id":9975,"date":"2025-09-11T20:17:00","date_gmt":"2025-09-11T18:17:00","guid":{"rendered":"https:\/\/vieassociative.be\/actualites\/voici-quand-et-comment-vous-pouvez-precommander-liphone-17\/"},"modified":"2025-09-11T20:17:00","modified_gmt":"2025-09-11T18:17:00","slug":"voici-quand-et-comment-vous-pouvez-precommander-liphone-17","status":"publish","type":"post","link":"https:\/\/vieassociative.be\/actualites\/voici-quand-et-comment-vous-pouvez-precommander-liphone-17\/","title":{"rendered":"Voici quand (et comment) vous pouvez pr\u00e9commander l&rsquo;iPhone 17"},"content":{"rendered":"<div class=\"mt-4 leading-6 md:mb-8\">Vous avez le choix entre quatre nouveaux iPhones.<\/div>\n<p><\/p>\n<p>Si vous avez regard\u00e9 l&rsquo;\u00e9v\u00e9nement \u00ab\u00a0Awe Droping\u00a0\u00bb d&rsquo;Apple ou si vous avez suivi les nouvelles \u00e0 ce sujet, vous saurez qu&rsquo;il y a quatre nouveaux iPhones en route: l&rsquo;iPhone 17, l&rsquo;iPhone Air, l&rsquo;iPhone 17 Pro et l&rsquo;iPhone 17 Pro Max. <\/p>\n<p>Bien que les mises \u00e0 jour de l&rsquo;iPhone soient devenues un peu ennuyeuses ces derni\u00e8res ann\u00e9es, la s\u00e9rie 17 brise un peu le moule: l&rsquo;iPhone 17 est d\u00e9sormais livr\u00e9 avec des fonctionnalit\u00e9s \u00ab\u00a0Pro\u00a0\u00bb exclusives, comme un \u00e9cran \u00e0 taux \u00e0 haut refrection variable; L&rsquo;iPhone Air est l&rsquo;iPhone le plus mince de la soci\u00e9t\u00e9 de tous les temps; Et l&rsquo;air et les pros de l&rsquo;iPhone 17 ont d\u00e9sormais un \u00ab\u00a0plateau\u00a0\u00bb de cam\u00e9ra qui abrite leurs objectifs respectifs &#8211; bien que l&rsquo;air n&rsquo;en ait qu&rsquo;un. <\/p>\n<p>Les gens n&rsquo;ont pas tendance \u00e0 s&rsquo;aligner pour de nouveaux iPhones comme ils le faisaient auparavant, mais cela ne signifie pas qu&rsquo;ils sont toujours faciles \u00e0 acheter. Les quatre nouveaux iPhones seront disponibles \u00e0 l&rsquo;achat dans les magasins le 19 septembre. Cependant, si vous souhaitez vous assurer d&rsquo;avoir la meilleure photo de ramasser un nouvel iPhone le premier jour, vous voudrez le pr\u00e9commander. <\/p>\n<div class=\"mx-auto mb-12 mt-5 w-full max-w-3xl rounded-md border-2 border-gray-100 p-3 shadow-md md:px-7 md:pb-7 md:pt-5\" id=\"related-video\">\n<div class=\"mb-3 flex items-center md:mb-5\">\n        <img decoding=\"async\" class=\"mr-4 mt-0 h-10 w-10 md:mr-5 md:h-12 md:w-12\" src=\"https:\/\/vieassociative.be\/actualites\/wp-content\/uploads\/2025\/08\/1754414314_422_Les-brins-du-NYT-daujourdhui-indiquent-et-repondent-pour-le.jpg\" alt=\"Logo Lifehacker\"><\/p><\/div>\n<div class=\"aspect-video w-full overflow-hidden rounded-md\">\n<div id=\"video-container-01K4WYZ3S3C3NKEHTF3AE5ANS7\"><\/div>\n<\/p><\/div>\n<\/div>\n<h2 id=\"when-can-i-buy-the-iphone-17\">Quand puis-je acheter l&rsquo;iPhone 17?<\/h2>\n<p>Les pr\u00e9commandes commencent le vendredi 12 septembre \u00e0 8 h HE (5 h PT). Vous pourrez pr\u00e9commander l&rsquo;un des nouveaux iPhones de la plupart des op\u00e9rateurs \u00e0 ce moment-l\u00e0, y compris AT&#038;T, Boost Mobile, T-Mobile et Verizon, ainsi que via Apple directement. Si vous choisissez ce dernier, cependant, vous voudrez profiter de la fonctionnalit\u00e9 de pr\u00e9commande pr\u00e9coce d&rsquo;Apple, qui vous permet de pr\u00e9-approuver, de confirmer un \u00e9change et de configurer votre iPhone avant la mise en ligne des pr\u00e9commandes. Cela pourrait vous faire gagner du temps vendredi matin et vous donner une meilleure chance de pr\u00e9commander l&rsquo;iPhone que vous avez choisi. Apple n&rsquo;offre cela que jusqu&rsquo;\u00e0 21 h PT, ou Midnight ET, ce soir.<\/p>\n<p>Cela dit, il existe de nombreuses fa\u00e7ons de pr\u00e9commander un iPhone demain. Chaque op\u00e9rateur a ses propres offres sp\u00e9cifiques, qui d\u00e9pendent de l&rsquo;iPhone que vous choisissez (y compris sa taille de stockage), de votre \u00e9change et de l&rsquo;offre de transporteur ou du plan pour lequel vous vous inscrivez. Il vous suffit de jeter un \u0153il aux petits caract\u00e8res au bas de la page de vente d&rsquo;Apple pour voir \u00e0 quel point les offres peuvent \u00eatre compliqu\u00e9es. Si vous passez par Apple, vous pouvez toujours profiter des offres des op\u00e9rateurs, que vous verrez lors de la navigation sur la page de vente de chaque iPhone. <\/p>\n<p>J&rsquo;ai compil\u00e9 des liens vers chacun des op\u00e9rateurs offrant des pr\u00e9commandes iPhone 17 ci-dessous, y compris une version simplifi\u00e9e des offres de chaque entreprise. Certains ont des pages de pr\u00e9commande actives que vous pouvez parcourir maintenant, tandis que d&rsquo;autres ont simplement des pages de destination avec des informations sur chaque t\u00e9l\u00e9phone. Cependant, vendredi matin, chacun aura ses pages de pr\u00e9commande en direct. <\/p>\n<h3>Pr\u00e9commander l&rsquo;iPhone 17 (\u00e0 partir de 799 $)<\/h3>\n<div class=\"pogoClear mb-12 mt-10 rounded-md border-2 border-gray-100 py-7 shadow-xl md:py-6\">\n<div class=\"flex flex-wrap justify-between px-7 text-black no-underline md:flex-nowrap md:px-8\">\n<div class=\"order-1 mx-auto flex flex-col justify-center md:order-2 md:ml-4 md:w-full md:grow\">\n<div class=\"block cursor-pointer text-center font-akshar text-2xl font-medium leading-7 text-brand-green duration-200 ease-in-out hover:text-brand-green-700 md:text-left md:text-xl md:leading-6\">IPhone 17 Apple\n                <\/div>\n<div class=\"mt-4 hidden md:flex md:justify-between\">\n<div class=\"self-end\">\n<div class=\"mb-0 h-11 md:flex md:flex-col md:justify-center\">\n<div class=\" font-sans leading-4 text-black\">\n<div class=\"flex flex-wrap items-center justify-center gap-1 md:justify-start\">\n        <span class=\"font-bold\"><\/p>\n<p>            799,00 $<br \/>\n                            <span class=\"font-medium\">sur Apple.com<\/span><br \/>\n                    <\/span>\n            <\/div>\n<\/p><\/div>\n<\/p><\/div>\n<\/p><\/div>\n<div class=\"w-44 self-end\">\n                            <button class=\"flex justify-center items-center w-full bg-brand-green text-white text-base font-sans font-medium rounded-md hover:bg-brand-green-700 hover:cursor-pointer md:text-sm h-11\"><\/p>\n<p>    Conclure un accord<br \/>\n<\/button>\n                        <\/div>\n<\/p><\/div>\n<\/p><\/div>\n<div class=\"order-2 mt-5 h-auto w-full md:order-1 md:mt-0 md:hidden\">\n<div class=\"flex aspect-video items-center justify-center\">\n                                            <img decoding=\"async\" class=\"m-0 max-h-full max-w-full rounded-md\" src=\"https:\/\/vieassociative.be\/actualites\/wp-content\/uploads\/2025\/09\/Voici-quand-et-comment-vous-pouvez-precommander-liPhone-17.jpg\" alt=\"IPhone 17 Apple\" width=\"auto\" height=\"auto\" loading=\"lazy\">\n                                    <\/div>\n<\/p><\/div>\n<div class=\"order-2 ml-2 hidden w-32 shrink-0 items-center md:order-1 md:ml-0 md:flex\">\n<div class=\"flex aspect-video items-center justify-center\">\n                                            <img decoding=\"async\" class=\"m-0 max-h-full max-w-full rounded-md\" src=\"https:\/\/vieassociative.be\/actualites\/wp-content\/uploads\/2025\/09\/Voici-quand-et-comment-vous-pouvez-precommander-liPhone-17.jpg\" alt=\"IPhone 17 Apple\" width=\"auto\" height=\"auto\" loading=\"lazy\">\n                                    <\/div>\n<\/p><\/div>\n<div class=\"order-3 flex grow flex-wrap md:hidden md:grow-0\">\n<div class=\"mt-4 w-full\">\n                        <button class=\"flex justify-center items-center w-full bg-brand-green text-white text-base font-sans font-medium rounded-md hover:bg-brand-green-700 hover:cursor-pointer md:text-sm h-11\"><\/p>\n<p>    Conclure un accord<br \/>\n<\/button>\n                    <\/div>\n<div class=\"mx-2 mt-4 w-full\">\n<div class=\" font-sans leading-4 text-black\">\n<div class=\"flex flex-wrap items-center justify-center gap-1 md:justify-start\">\n        <span class=\"font-bold\"><\/p>\n<p>            799,00 $<br \/>\n                            <span class=\"font-medium\">sur Apple.com<\/span><br \/>\n                    <\/span>\n            <\/div>\n<\/p><\/div>\n<\/p><\/div>\n<\/p><\/div>\n<\/p><\/div>\n<\/div>\n<ul>\n<li>\n<p>Apple: 40 $ \u00e0 700 $ en cr\u00e9dit, selon votre appareil commercial. <\/p>\n<\/li>\n<li>\n<p>AT&#038;T: \u00e0 partir de 0,00 $ par mois pendant 36 mois, selon l&rsquo;appareil de commerce et avec un accord de transporteur.<\/p>\n<\/li>\n<li>\n<p>Boost Mobile: jusqu&rsquo;\u00e0 830 $ en cr\u00e9dit, aucun \u00e9change requis. Si vous \u00e9changez un iPhone 13 ou plus, vous pouvez gagner 200 $ \u00e0 700 $ suppl\u00e9mentaires. <\/p>\n<\/li>\n<li>\n<p>T-Mobile: \u00e0 partir de 0 $ par mois pendant 24 mois, selon le commerce de l&rsquo;appareil et le plan cellulaire. <\/p>\n<\/li>\n<li>\n<p>Verizon: \u00e0 partir de 0 $ par mois pendant 36 mois, selon le dispositif de transaction (toute condition) et le plan cellulaire.<\/p>\n<\/li>\n<\/ul>\n<h3>Pr\u00e9commandez l&rsquo;air iPhone (\u00e0 partir de 999 $)<\/h3>\n<div class=\"pogoClear mb-12 mt-10 rounded-md border-2 border-gray-100 py-7 shadow-xl md:py-6\">\n<div class=\"flex flex-wrap justify-between px-7 text-black no-underline md:flex-nowrap md:px-8\">\n<div class=\"order-1 mx-auto flex flex-col justify-center md:order-2 md:ml-4 md:w-full md:grow\">\n<div class=\"block cursor-pointer text-center font-akshar text-2xl font-medium leading-7 text-brand-green duration-200 ease-in-out hover:text-brand-green-700 md:text-left md:text-xl md:leading-6\">Air iPhone d&rsquo;Apple\n                <\/div>\n<div class=\"mt-4 hidden md:flex md:justify-between\">\n<div class=\"self-end\">\n<div class=\"mb-0 h-11 md:flex md:flex-col md:justify-center\">\n<div class=\" font-sans leading-4 text-black\">\n<div class=\"flex flex-wrap items-center justify-center gap-1 md:justify-start\">\n        <span class=\"font-bold\"><\/p>\n<p>            999,99 $<br \/>\n                            <span class=\"font-medium\">\u00e0 Best Buy<\/span><br \/>\n                    <\/span>\n            <\/div>\n<\/p><\/div>\n<\/p><\/div>\n<\/p><\/div>\n<div class=\"w-44 self-end\">\n                            <button class=\"flex justify-center items-center w-full bg-brand-green text-white text-base font-sans font-medium rounded-md hover:bg-brand-green-700 hover:cursor-pointer md:text-sm h-11\"><\/p>\n<p>    Conclure un accord<br \/>\n<\/button>\n                        <\/div>\n<\/p><\/div>\n<\/p><\/div>\n<div class=\"order-2 mt-5 h-auto w-full md:order-1 md:mt-0 md:hidden\">\n<div class=\"flex aspect-video items-center justify-center\">\n                                            <img decoding=\"async\" class=\"m-0 max-h-full max-w-full rounded-md\" src=\"https:\/\/vieassociative.be\/actualites\/wp-content\/uploads\/2025\/09\/1757614619_890_Voici-quand-et-comment-vous-pouvez-precommander-liPhone-17.jpg\" alt=\"Air iPhone d'Apple\" width=\"auto\" height=\"auto\" loading=\"lazy\">\n                                    <\/div>\n<\/p><\/div>\n<div class=\"order-2 ml-2 hidden w-32 shrink-0 items-center md:order-1 md:ml-0 md:flex\">\n<div class=\"flex aspect-video items-center justify-center\">\n                                            <img decoding=\"async\" class=\"m-0 max-h-full max-w-full rounded-md\" src=\"https:\/\/vieassociative.be\/actualites\/wp-content\/uploads\/2025\/09\/1757614619_890_Voici-quand-et-comment-vous-pouvez-precommander-liPhone-17.jpg\" alt=\"Air iPhone d'Apple\" width=\"auto\" height=\"auto\" loading=\"lazy\">\n                                    <\/div>\n<\/p><\/div>\n<div class=\"order-3 flex grow flex-wrap md:hidden md:grow-0\">\n<div class=\"mt-4 w-full\">\n                        <button class=\"flex justify-center items-center w-full bg-brand-green text-white text-base font-sans font-medium rounded-md hover:bg-brand-green-700 hover:cursor-pointer md:text-sm h-11\"><\/p>\n<p>    Conclure un accord<br \/>\n<\/button>\n                    <\/div>\n<div class=\"mx-2 mt-4 w-full\">\n<div class=\" font-sans leading-4 text-black\">\n<div class=\"flex flex-wrap items-center justify-center gap-1 md:justify-start\">\n        <span class=\"font-bold\"><\/p>\n<p>            999,99 $<br \/>\n                            <span class=\"font-medium\">\u00e0 Best Buy<\/span><br \/>\n                    <\/span>\n            <\/div>\n<\/p><\/div>\n<\/p><\/div>\n<\/p><\/div>\n<\/p><\/div>\n<\/div>\n<ul>\n<li>\n<p>Apple: 40 $ \u00e0 700 $ en cr\u00e9dit, selon votre appareil commercial. <\/p>\n<\/li>\n<li>\n<p>AT&#038;T: \u00e0 partir de 4,70 $ par mois pour 36 mois, selon l&rsquo;appareil de commerce et avec un accord de transporteur.<\/p>\n<\/li>\n<li>\n<p>Boost Mobile: \u00e0 partir de 0 $ par mois pendant 36 mois apr\u00e8s le commerce et avec un accord de transporteur.  <\/p>\n<\/li>\n<li>\n<p>T-Mobile: \u00e0 partir de 0 $ par mois pendant 24 mois, selon le commerce de l&rsquo;appareil et le plan cellulaire. <\/p>\n<\/li>\n<li>\n<p>Verizon: \u00e0 partir de 0 $ par mois pendant 36 mois, selon le dispositif de transaction (toute condition) et le plan cellulaire.<\/p>\n<\/li>\n<\/ul>\n<h3>Pr\u00e9commandez l&rsquo;iPhone 17 Pro (\u00e0 partir de 1 099 $)<\/h3>\n<div class=\"pogoClear mb-12 mt-10 rounded-md border-2 border-gray-100 py-7 shadow-xl md:py-6\">\n<div class=\"flex flex-wrap justify-between px-7 text-black no-underline md:flex-nowrap md:px-8\">\n<div class=\"order-1 mx-auto flex flex-col justify-center md:order-2 md:ml-4 md:w-full md:grow\">\n<div class=\"block cursor-pointer text-center font-akshar text-2xl font-medium leading-7 text-brand-green duration-200 ease-in-out hover:text-brand-green-700 md:text-left md:text-xl md:leading-6\">Apple iPhone 17 Pro\n                <\/div>\n<div class=\"mt-4 hidden md:flex md:justify-between\">\n<div class=\"self-end\">\n<div class=\"mb-0 h-11 md:flex md:flex-col md:justify-center\">\n<div class=\" font-sans leading-4 text-black\">\n<div class=\"flex flex-wrap items-center justify-center gap-1 md:justify-start\">\n        <span class=\"font-bold\"><\/p>\n<p>            1 099,99 $<br \/>\n                            <span class=\"font-medium\">\u00e0 Best Buy<\/span><br \/>\n                    <\/span>\n            <\/div>\n<\/p><\/div>\n<\/p><\/div>\n<\/p><\/div>\n<div class=\"w-44 self-end\">\n                            <button class=\"flex justify-center items-center w-full bg-brand-green text-white text-base font-sans font-medium rounded-md hover:bg-brand-green-700 hover:cursor-pointer md:text-sm h-11\"><\/p>\n<p>    Conclure un accord<br \/>\n<\/button>\n                        <\/div>\n<\/p><\/div>\n<\/p><\/div>\n<div class=\"order-2 mt-5 h-auto w-full md:order-1 md:mt-0 md:hidden\">\n<div class=\"flex aspect-video items-center justify-center\">\n                                            <img decoding=\"async\" class=\"m-0 max-h-full max-w-full rounded-md\" src=\"https:\/\/vieassociative.be\/actualites\/wp-content\/uploads\/2025\/09\/1757614619_152_Voici-quand-et-comment-vous-pouvez-precommander-liPhone-17.jpg\" alt=\"Apple iPhone 17 Pro\" width=\"auto\" height=\"auto\" loading=\"lazy\">\n                                    <\/div>\n<\/p><\/div>\n<div class=\"order-2 ml-2 hidden w-32 shrink-0 items-center md:order-1 md:ml-0 md:flex\">\n<div class=\"flex aspect-video items-center justify-center\">\n                                            <img decoding=\"async\" class=\"m-0 max-h-full max-w-full rounded-md\" src=\"https:\/\/vieassociative.be\/actualites\/wp-content\/uploads\/2025\/09\/1757614619_152_Voici-quand-et-comment-vous-pouvez-precommander-liPhone-17.jpg\" alt=\"Apple iPhone 17 Pro\" width=\"auto\" height=\"auto\" loading=\"lazy\">\n                                    <\/div>\n<\/p><\/div>\n<div class=\"order-3 flex grow flex-wrap md:hidden md:grow-0\">\n<div class=\"mt-4 w-full\">\n                        <button class=\"flex justify-center items-center w-full bg-brand-green text-white text-base font-sans font-medium rounded-md hover:bg-brand-green-700 hover:cursor-pointer md:text-sm h-11\"><\/p>\n<p>    Conclure un accord<br \/>\n<\/button>\n                    <\/div>\n<div class=\"mx-2 mt-4 w-full\">\n<div class=\" font-sans leading-4 text-black\">\n<div class=\"flex flex-wrap items-center justify-center gap-1 md:justify-start\">\n        <span class=\"font-bold\"><\/p>\n<p>            1 099,99 $<br \/>\n                            <span class=\"font-medium\">\u00e0 Best Buy<\/span><br \/>\n                    <\/span>\n            <\/div>\n<\/p><\/div>\n<\/p><\/div>\n<\/p><\/div>\n<\/p><\/div>\n<\/div>\n<ul>\n<li>\n<p>Apple: 40 $ \u00e0 700 $ en cr\u00e9dit, selon votre appareil commercial. <\/p>\n<\/li>\n<li>\n<p>AT&#038;T: \u00e0 partir de 0 $ par mois pendant 36 mois, selon le dispositif de transaction et avec un accord de transporteur. <\/p>\n<\/li>\n<li>\n<p>Boost Mobile: \u00e0 partir de 0 $ par mois pendant 36 mois apr\u00e8s le commerce et avec un accord de transporteur. 2,75 $ par mois pendant 36 mois sans \u00e9change, mais avec accord de transport. <\/p>\n<\/li>\n<li>\n<p>T-Mobile: \u00e0 partir de 0 $ par mois pendant 24 mois, selon le commerce de l&rsquo;appareil et le plan cellulaire. <\/p>\n<\/li>\n<li>\n<p>Verizon: \u00e0 partir de 0 $ par mois pendant 36 mois, selon le dispositif de transaction (toute condition) et le plan cellulaire.<\/p>\n<\/li>\n<\/ul>\n<h3>Pr\u00e9commandez l&rsquo;iPhone 17 Pro Max (\u00e0 partir de 1 199 $)<\/h3>\n<div class=\"pogoClear mb-12 mt-10 rounded-md border-2 border-gray-100 py-7 shadow-xl md:py-6\">\n<div class=\"flex flex-wrap justify-between px-7 text-black no-underline md:flex-nowrap md:px-8\">\n<div class=\"order-1 mx-auto flex flex-col justify-center md:order-2 md:ml-4 md:w-full md:grow\">\n<div class=\"block cursor-pointer text-center font-akshar text-2xl font-medium leading-7 text-brand-green duration-200 ease-in-out hover:text-brand-green-700 md:text-left md:text-xl md:leading-6\">Apple iPhone 17 Pro Max\n                <\/div>\n<div class=\"mt-4 hidden md:flex md:justify-between\">\n<div class=\"self-end\">\n<div class=\"mb-0 h-11 md:flex md:flex-col md:justify-center\">\n<div class=\" font-sans leading-4 text-black\">\n<div class=\"flex flex-wrap items-center justify-center gap-1 md:justify-start\">\n        <span class=\"font-bold\"><\/p>\n<p>            1 199,00 $<br \/>\n                            <span class=\"font-medium\">sur Apple.com<\/span><br \/>\n                    <\/span>\n            <\/div>\n<\/p><\/div>\n<\/p><\/div>\n<\/p><\/div>\n<div class=\"w-44 self-end\">\n                            <button class=\"flex justify-center items-center w-full bg-brand-green text-white text-base font-sans font-medium rounded-md hover:bg-brand-green-700 hover:cursor-pointer md:text-sm h-11\"><\/p>\n<p>    Conclure un accord<br \/>\n<\/button>\n                        <\/div>\n<\/p><\/div>\n<\/p><\/div>\n<div class=\"order-2 mt-5 h-auto w-full md:order-1 md:mt-0 md:hidden\">\n<div class=\"flex aspect-video items-center justify-center\">\n                                            <img decoding=\"async\" class=\"m-0 max-h-full max-w-full rounded-md\" src=\"https:\/\/vieassociative.be\/actualites\/wp-content\/uploads\/2025\/09\/1757614620_343_Voici-quand-et-comment-vous-pouvez-precommander-liPhone-17.jpg\" alt=\"Apple iPhone 17 Pro Max\" width=\"auto\" height=\"auto\" loading=\"lazy\">\n                                    <\/div>\n<\/p><\/div>\n<div class=\"order-2 ml-2 hidden w-32 shrink-0 items-center md:order-1 md:ml-0 md:flex\">\n<div class=\"flex aspect-video items-center justify-center\">\n                                            <img decoding=\"async\" class=\"m-0 max-h-full max-w-full rounded-md\" src=\"https:\/\/vieassociative.be\/actualites\/wp-content\/uploads\/2025\/09\/1757614620_343_Voici-quand-et-comment-vous-pouvez-precommander-liPhone-17.jpg\" alt=\"Apple iPhone 17 Pro Max\" width=\"auto\" height=\"auto\" loading=\"lazy\">\n                                    <\/div>\n<\/p><\/div>\n<div class=\"order-3 flex grow flex-wrap md:hidden md:grow-0\">\n<div class=\"mt-4 w-full\">\n                        <button class=\"flex justify-center items-center w-full bg-brand-green text-white text-base font-sans font-medium rounded-md hover:bg-brand-green-700 hover:cursor-pointer md:text-sm h-11\"><\/p>\n<p>    Conclure un accord<br \/>\n<\/button>\n                    <\/div>\n<div class=\"mx-2 mt-4 w-full\">\n<div class=\" font-sans leading-4 text-black\">\n<div class=\"flex flex-wrap items-center justify-center gap-1 md:justify-start\">\n        <span class=\"font-bold\"><\/p>\n<p>            1 199,00 $<br \/>\n                            <span class=\"font-medium\">sur Apple.com<\/span><br \/>\n                    <\/span>\n            <\/div>\n<\/p><\/div>\n<\/p><\/div>\n<\/p><\/div>\n<\/p><\/div>\n<\/div>\n<ul>\n<li>\n<p>Apple: 40 $ \u00e0 700 $ en cr\u00e9dit, selon votre appareil commercial. <\/p>\n<\/li>\n<li>\n<p>AT&#038;T: \u00e0 partir de 2,75 $ par mois pendant 36 mois, selon l&rsquo;appareil de commerce et avec un accord de transporteur.<\/p>\n<\/li>\n<li>\n<p>Boost Mobile: \u00e0 partir de 5,53 $ par mois pendant 36 mois apr\u00e8s le commerce et avec un accord de transporteur.  <\/p>\n<\/li>\n<li>\n<p>T-MOBILE: \u00e0 partir de 4,13 $ par mois pendant 24 mois, selon l&rsquo;\u00e9change de l&rsquo;appareil et le plan cellulaire. <\/p>\n<\/li>\n<li>\n<p>Verizon: \u00e0 partir de 2,75 $ par mois pendant 36 mois, selon le dispositif de transaction (n&rsquo;importe quelle condition) et le plan cellulaire.<\/p>\n<\/li>\n<\/ul>\n","protected":false},"excerpt":{"rendered":"<p>Vous avez le choix entre quatre nouveaux iPhones. Si vous avez regard\u00e9 l&rsquo;\u00e9v\u00e9nement \u00ab\u00a0Awe Droping\u00a0\u00bb d&rsquo;Apple ou si vous avez suivi les nouvelles \u00e0 ce<\/p>\n","protected":false},"author":1,"featured_media":9976,"comment_status":"","ping_status":"","sticky":false,"template":"","format":"standard","meta":{"footnotes":""},"categories":[13],"tags":[44,2903,5,873,123,529,4],"class_list":["post-9975","post","type-post","status-publish","format-standard","has-post-thumbnail","hentry","category-technologie","tag-comment","tag-liphone","tag-pouvez","tag-precommander","tag-quand","tag-voici","tag-vous","generate-columns","tablet-grid-50","mobile-grid-100","grid-parent","grid-33"],"yoast_head":"<!-- This site is optimized with the Yoast SEO plugin v24.0 - https:\/\/yoast.com\/wordpress\/plugins\/seo\/ -->\n<title>Voici quand (et comment) vous pouvez pr\u00e9commander l&#039;iPhone 17 | Vie Associative<\/title>\n<meta name=\"robots\" content=\"index, follow, max-snippet:-1, max-image-preview:large, max-video-preview:-1\" \/>\n<link rel=\"canonical\" href=\"https:\/\/vieassociative.be\/actualites\/voici-quand-et-comment-vous-pouvez-precommander-liphone-17\/\" \/>\n<meta property=\"og:locale\" content=\"fr_FR\" \/>\n<meta property=\"og:type\" content=\"article\" \/>\n<meta property=\"og:title\" content=\"Voici quand (et comment) vous pouvez pr\u00e9commander l&#039;iPhone 17 | Vie Associative\" \/>\n<meta property=\"og:description\" content=\"Vous avez le choix entre quatre nouveaux iPhones. Si vous avez regard\u00e9 l&rsquo;\u00e9v\u00e9nement \u00ab\u00a0Awe Droping\u00a0\u00bb d&rsquo;Apple ou si vous avez suivi les nouvelles \u00e0 ce\" \/>\n<meta property=\"og:url\" content=\"https:\/\/vieassociative.be\/actualites\/voici-quand-et-comment-vous-pouvez-precommander-liphone-17\/\" \/>\n<meta property=\"og:site_name\" content=\"Vie Associative\" \/>\n<meta property=\"article:published_time\" content=\"2025-09-11T18:17:00+00:00\" \/>\n<meta property=\"og:image\" content=\"https:\/\/vieassociative.be\/actualites\/wp-content\/uploads\/2025\/08\/1754414314_422_Les-brins-du-NYT-daujourdhui-indiquent-et-repondent-pour-le.jpg\" \/>\n<meta name=\"author\" content=\"Julien\" \/>\n<meta name=\"twitter:card\" content=\"summary_large_image\" \/>\n<meta name=\"twitter:label1\" content=\"\u00c9crit par\" \/>\n\t<meta name=\"twitter:data1\" content=\"Julien\" \/>\n\t<meta name=\"twitter:label2\" content=\"Dur\u00e9e de lecture est.\" \/>\n\t<meta name=\"twitter:data2\" content=\"4 minutes\" \/>\n<script type=\"application\/ld+json\" class=\"yoast-schema-graph\">{\"@context\":\"https:\/\/schema.org\",\"@graph\":[{\"@type\":\"Article\",\"@id\":\"https:\/\/vieassociative.be\/actualites\/voici-quand-et-comment-vous-pouvez-precommander-liphone-17\/#article\",\"isPartOf\":{\"@id\":\"https:\/\/vieassociative.be\/actualites\/voici-quand-et-comment-vous-pouvez-precommander-liphone-17\/\"},\"author\":{\"name\":\"Julien\",\"@id\":\"https:\/\/vieassociative.be\/actualites\/#\/schema\/person\/b87ac4f82f9d4e7b7cec7395b679edc4\"},\"headline\":\"Voici quand (et comment) vous pouvez pr\u00e9commander l&rsquo;iPhone 17\",\"datePublished\":\"2025-09-11T18:17:00+00:00\",\"dateModified\":\"2025-09-11T18:17:00+00:00\",\"mainEntityOfPage\":{\"@id\":\"https:\/\/vieassociative.be\/actualites\/voici-quand-et-comment-vous-pouvez-precommander-liphone-17\/\"},\"wordCount\":952,\"publisher\":{\"@id\":\"https:\/\/vieassociative.be\/actualites\/#organization\"},\"image\":{\"@id\":\"https:\/\/vieassociative.be\/actualites\/voici-quand-et-comment-vous-pouvez-precommander-liphone-17\/#primaryimage\"},\"thumbnailUrl\":\"https:\/\/vieassociative.be\/actualites\/wp-content\/uploads\/2025\/09\/1757614621_Voici-quand-et-comment-vous-pouvez-precommander-liPhone-17.jpg\",\"keywords\":[\"Comment\",\"liPhone\",\"pouvez\",\"pr\u00e9commander\",\"Quand\",\"Voici\",\"Vous\"],\"articleSection\":[\"Technologie\"],\"inLanguage\":\"fr-BE\"},{\"@type\":\"WebPage\",\"@id\":\"https:\/\/vieassociative.be\/actualites\/voici-quand-et-comment-vous-pouvez-precommander-liphone-17\/\",\"url\":\"https:\/\/vieassociative.be\/actualites\/voici-quand-et-comment-vous-pouvez-precommander-liphone-17\/\",\"name\":\"Voici quand (et comment) vous pouvez pr\u00e9commander l'iPhone 17 | Vie Associative\",\"isPartOf\":{\"@id\":\"https:\/\/vieassociative.be\/actualites\/#website\"},\"primaryImageOfPage\":{\"@id\":\"https:\/\/vieassociative.be\/actualites\/voici-quand-et-comment-vous-pouvez-precommander-liphone-17\/#primaryimage\"},\"image\":{\"@id\":\"https:\/\/vieassociative.be\/actualites\/voici-quand-et-comment-vous-pouvez-precommander-liphone-17\/#primaryimage\"},\"thumbnailUrl\":\"https:\/\/vieassociative.be\/actualites\/wp-content\/uploads\/2025\/09\/1757614621_Voici-quand-et-comment-vous-pouvez-precommander-liPhone-17.jpg\",\"datePublished\":\"2025-09-11T18:17:00+00:00\",\"dateModified\":\"2025-09-11T18:17:00+00:00\",\"breadcrumb\":{\"@id\":\"https:\/\/vieassociative.be\/actualites\/voici-quand-et-comment-vous-pouvez-precommander-liphone-17\/#breadcrumb\"},\"inLanguage\":\"fr-BE\",\"potentialAction\":[{\"@type\":\"ReadAction\",\"target\":[\"https:\/\/vieassociative.be\/actualites\/voici-quand-et-comment-vous-pouvez-precommander-liphone-17\/\"]}]},{\"@type\":\"ImageObject\",\"inLanguage\":\"fr-BE\",\"@id\":\"https:\/\/vieassociative.be\/actualites\/voici-quand-et-comment-vous-pouvez-precommander-liphone-17\/#primaryimage\",\"url\":\"https:\/\/vieassociative.be\/actualites\/wp-content\/uploads\/2025\/09\/1757614621_Voici-quand-et-comment-vous-pouvez-precommander-liPhone-17.jpg\",\"contentUrl\":\"https:\/\/vieassociative.be\/actualites\/wp-content\/uploads\/2025\/09\/1757614621_Voici-quand-et-comment-vous-pouvez-precommander-liPhone-17.jpg\",\"width\":1200,\"height\":675,\"caption\":\"Voici quand (et comment) vous pouvez pr\u00e9commander l'iPhone 17\"},{\"@type\":\"BreadcrumbList\",\"@id\":\"https:\/\/vieassociative.be\/actualites\/voici-quand-et-comment-vous-pouvez-precommander-liphone-17\/#breadcrumb\",\"itemListElement\":[{\"@type\":\"ListItem\",\"position\":1,\"name\":\"Accueil\",\"item\":\"https:\/\/vieassociative.be\/actualites\/\"},{\"@type\":\"ListItem\",\"position\":2,\"name\":\"Voici quand (et comment) vous pouvez pr\u00e9commander l&rsquo;iPhone 17\"}]},{\"@type\":\"WebSite\",\"@id\":\"https:\/\/vieassociative.be\/actualites\/#website\",\"url\":\"https:\/\/vieassociative.be\/actualites\/\",\"name\":\"Vie Associative\",\"description\":\"\",\"publisher\":{\"@id\":\"https:\/\/vieassociative.be\/actualites\/#organization\"},\"potentialAction\":[{\"@type\":\"SearchAction\",\"target\":{\"@type\":\"EntryPoint\",\"urlTemplate\":\"https:\/\/vieassociative.be\/actualites\/?s={search_term_string}\"},\"query-input\":{\"@type\":\"PropertyValueSpecification\",\"valueRequired\":true,\"valueName\":\"search_term_string\"}}],\"inLanguage\":\"fr-BE\"},{\"@type\":\"Organization\",\"@id\":\"https:\/\/vieassociative.be\/actualites\/#organization\",\"name\":\"Vie Associative\",\"url\":\"https:\/\/vieassociative.be\/actualites\/\",\"logo\":{\"@type\":\"ImageObject\",\"inLanguage\":\"fr-BE\",\"@id\":\"https:\/\/vieassociative.be\/actualites\/#\/schema\/logo\/image\/\",\"url\":\"https:\/\/vieassociative.be\/actualites\/wp-content\/uploads\/2024\/09\/cropped-vieassociative_favicon.ico.png\",\"contentUrl\":\"https:\/\/vieassociative.be\/actualites\/wp-content\/uploads\/2024\/09\/cropped-vieassociative_favicon.ico.png\",\"width\":512,\"height\":512,\"caption\":\"Vie Associative\"},\"image\":{\"@id\":\"https:\/\/vieassociative.be\/actualites\/#\/schema\/logo\/image\/\"}},{\"@type\":\"Person\",\"@id\":\"https:\/\/vieassociative.be\/actualites\/#\/schema\/person\/b87ac4f82f9d4e7b7cec7395b679edc4\",\"name\":\"Julien\",\"image\":{\"@type\":\"ImageObject\",\"inLanguage\":\"fr-BE\",\"@id\":\"https:\/\/vieassociative.be\/actualites\/#\/schema\/person\/image\/\",\"url\":\"https:\/\/vieassociative.be\/actualites\/wp-content\/uploads\/2024\/09\/vie-associative-1-150x150.jpg\",\"contentUrl\":\"https:\/\/vieassociative.be\/actualites\/wp-content\/uploads\/2024\/09\/vie-associative-1-150x150.jpg\",\"caption\":\"Julien\"},\"description\":\"Je suis Julien, r\u00e9dacteur pour Vie Associative. Passionn\u00e9 par le monde associatif depuis plus de 10 ans, j'ai \u00e0 c\u0153ur de partager des histoires inspirantes et de mettre en lumi\u00e8re les initiatives locales. Mon objectif est de sensibiliser et d'encourager l'engagement communautaire \u00e0 travers mes articles.\",\"sameAs\":[\"https:\/\/vieassociative.be\/\"]}]}<\/script>\n<!-- \/ Yoast SEO plugin. -->","yoast_head_json":{"title":"Voici quand (et comment) vous pouvez pr\u00e9commander l'iPhone 17 | Vie Associative","robots":{"index":"index","follow":"follow","max-snippet":"max-snippet:-1","max-image-preview":"max-image-preview:large","max-video-preview":"max-video-preview:-1"},"canonical":"https:\/\/vieassociative.be\/actualites\/voici-quand-et-comment-vous-pouvez-precommander-liphone-17\/","og_locale":"fr_FR","og_type":"article","og_title":"Voici quand (et comment) vous pouvez pr\u00e9commander l'iPhone 17 | Vie Associative","og_description":"Vous avez le choix entre quatre nouveaux iPhones. Si vous avez regard\u00e9 l&rsquo;\u00e9v\u00e9nement \u00ab\u00a0Awe Droping\u00a0\u00bb d&rsquo;Apple ou si vous avez suivi les nouvelles \u00e0 ce","og_url":"https:\/\/vieassociative.be\/actualites\/voici-quand-et-comment-vous-pouvez-precommander-liphone-17\/","og_site_name":"Vie Associative","article_published_time":"2025-09-11T18:17:00+00:00","og_image":[{"url":"https:\/\/vieassociative.be\/actualites\/wp-content\/uploads\/2025\/08\/1754414314_422_Les-brins-du-NYT-daujourdhui-indiquent-et-repondent-pour-le.jpg","type":"","width":"","height":""}],"author":"Julien","twitter_card":"summary_large_image","twitter_misc":{"\u00c9crit par":"Julien","Dur\u00e9e de lecture est.":"4 minutes"},"schema":{"@context":"https:\/\/schema.org","@graph":[{"@type":"Article","@id":"https:\/\/vieassociative.be\/actualites\/voici-quand-et-comment-vous-pouvez-precommander-liphone-17\/#article","isPartOf":{"@id":"https:\/\/vieassociative.be\/actualites\/voici-quand-et-comment-vous-pouvez-precommander-liphone-17\/"},"author":{"name":"Julien","@id":"https:\/\/vieassociative.be\/actualites\/#\/schema\/person\/b87ac4f82f9d4e7b7cec7395b679edc4"},"headline":"Voici quand (et comment) vous pouvez pr\u00e9commander l&rsquo;iPhone 17","datePublished":"2025-09-11T18:17:00+00:00","dateModified":"2025-09-11T18:17:00+00:00","mainEntityOfPage":{"@id":"https:\/\/vieassociative.be\/actualites\/voici-quand-et-comment-vous-pouvez-precommander-liphone-17\/"},"wordCount":952,"publisher":{"@id":"https:\/\/vieassociative.be\/actualites\/#organization"},"image":{"@id":"https:\/\/vieassociative.be\/actualites\/voici-quand-et-comment-vous-pouvez-precommander-liphone-17\/#primaryimage"},"thumbnailUrl":"https:\/\/vieassociative.be\/actualites\/wp-content\/uploads\/2025\/09\/1757614621_Voici-quand-et-comment-vous-pouvez-precommander-liPhone-17.jpg","keywords":["Comment","liPhone","pouvez","pr\u00e9commander","Quand","Voici","Vous"],"articleSection":["Technologie"],"inLanguage":"fr-BE"},{"@type":"WebPage","@id":"https:\/\/vieassociative.be\/actualites\/voici-quand-et-comment-vous-pouvez-precommander-liphone-17\/","url":"https:\/\/vieassociative.be\/actualites\/voici-quand-et-comment-vous-pouvez-precommander-liphone-17\/","name":"Voici quand (et comment) vous pouvez pr\u00e9commander l'iPhone 17 | Vie Associative","isPartOf":{"@id":"https:\/\/vieassociative.be\/actualites\/#website"},"primaryImageOfPage":{"@id":"https:\/\/vieassociative.be\/actualites\/voici-quand-et-comment-vous-pouvez-precommander-liphone-17\/#primaryimage"},"image":{"@id":"https:\/\/vieassociative.be\/actualites\/voici-quand-et-comment-vous-pouvez-precommander-liphone-17\/#primaryimage"},"thumbnailUrl":"https:\/\/vieassociative.be\/actualites\/wp-content\/uploads\/2025\/09\/1757614621_Voici-quand-et-comment-vous-pouvez-precommander-liPhone-17.jpg","datePublished":"2025-09-11T18:17:00+00:00","dateModified":"2025-09-11T18:17:00+00:00","breadcrumb":{"@id":"https:\/\/vieassociative.be\/actualites\/voici-quand-et-comment-vous-pouvez-precommander-liphone-17\/#breadcrumb"},"inLanguage":"fr-BE","potentialAction":[{"@type":"ReadAction","target":["https:\/\/vieassociative.be\/actualites\/voici-quand-et-comment-vous-pouvez-precommander-liphone-17\/"]}]},{"@type":"ImageObject","inLanguage":"fr-BE","@id":"https:\/\/vieassociative.be\/actualites\/voici-quand-et-comment-vous-pouvez-precommander-liphone-17\/#primaryimage","url":"https:\/\/vieassociative.be\/actualites\/wp-content\/uploads\/2025\/09\/1757614621_Voici-quand-et-comment-vous-pouvez-precommander-liPhone-17.jpg","contentUrl":"https:\/\/vieassociative.be\/actualites\/wp-content\/uploads\/2025\/09\/1757614621_Voici-quand-et-comment-vous-pouvez-precommander-liPhone-17.jpg","width":1200,"height":675,"caption":"Voici quand (et comment) vous pouvez pr\u00e9commander l'iPhone 17"},{"@type":"BreadcrumbList","@id":"https:\/\/vieassociative.be\/actualites\/voici-quand-et-comment-vous-pouvez-precommander-liphone-17\/#breadcrumb","itemListElement":[{"@type":"ListItem","position":1,"name":"Accueil","item":"https:\/\/vieassociative.be\/actualites\/"},{"@type":"ListItem","position":2,"name":"Voici quand (et comment) vous pouvez pr\u00e9commander l&rsquo;iPhone 17"}]},{"@type":"WebSite","@id":"https:\/\/vieassociative.be\/actualites\/#website","url":"https:\/\/vieassociative.be\/actualites\/","name":"Vie Associative","description":"","publisher":{"@id":"https:\/\/vieassociative.be\/actualites\/#organization"},"potentialAction":[{"@type":"SearchAction","target":{"@type":"EntryPoint","urlTemplate":"https:\/\/vieassociative.be\/actualites\/?s={search_term_string}"},"query-input":{"@type":"PropertyValueSpecification","valueRequired":true,"valueName":"search_term_string"}}],"inLanguage":"fr-BE"},{"@type":"Organization","@id":"https:\/\/vieassociative.be\/actualites\/#organization","name":"Vie Associative","url":"https:\/\/vieassociative.be\/actualites\/","logo":{"@type":"ImageObject","inLanguage":"fr-BE","@id":"https:\/\/vieassociative.be\/actualites\/#\/schema\/logo\/image\/","url":"https:\/\/vieassociative.be\/actualites\/wp-content\/uploads\/2024\/09\/cropped-vieassociative_favicon.ico.png","contentUrl":"https:\/\/vieassociative.be\/actualites\/wp-content\/uploads\/2024\/09\/cropped-vieassociative_favicon.ico.png","width":512,"height":512,"caption":"Vie Associative"},"image":{"@id":"https:\/\/vieassociative.be\/actualites\/#\/schema\/logo\/image\/"}},{"@type":"Person","@id":"https:\/\/vieassociative.be\/actualites\/#\/schema\/person\/b87ac4f82f9d4e7b7cec7395b679edc4","name":"Julien","image":{"@type":"ImageObject","inLanguage":"fr-BE","@id":"https:\/\/vieassociative.be\/actualites\/#\/schema\/person\/image\/","url":"https:\/\/vieassociative.be\/actualites\/wp-content\/uploads\/2024\/09\/vie-associative-1-150x150.jpg","contentUrl":"https:\/\/vieassociative.be\/actualites\/wp-content\/uploads\/2024\/09\/vie-associative-1-150x150.jpg","caption":"Julien"},"description":"Je suis Julien, r\u00e9dacteur pour Vie Associative. Passionn\u00e9 par le monde associatif depuis plus de 10 ans, j'ai \u00e0 c\u0153ur de partager des histoires inspirantes et de mettre en lumi\u00e8re les initiatives locales. Mon objectif est de sensibiliser et d'encourager l'engagement communautaire \u00e0 travers mes articles.","sameAs":["https:\/\/vieassociative.be\/"]}]}},"_links":{"self":[{"href":"https:\/\/vieassociative.be\/actualites\/wp-json\/wp\/v2\/posts\/9975"}],"collection":[{"href":"https:\/\/vieassociative.be\/actualites\/wp-json\/wp\/v2\/posts"}],"about":[{"href":"https:\/\/vieassociative.be\/actualites\/wp-json\/wp\/v2\/types\/post"}],"author":[{"embeddable":true,"href":"https:\/\/vieassociative.be\/actualites\/wp-json\/wp\/v2\/users\/1"}],"replies":[{"embeddable":true,"href":"https:\/\/vieassociative.be\/actualites\/wp-json\/wp\/v2\/comments?post=9975"}],"version-history":[{"count":0,"href":"https:\/\/vieassociative.be\/actualites\/wp-json\/wp\/v2\/posts\/9975\/revisions"}],"wp:featuredmedia":[{"embeddable":true,"href":"https:\/\/vieassociative.be\/actualites\/wp-json\/wp\/v2\/media\/9976"}],"wp:attachment":[{"href":"https:\/\/vieassociative.be\/actualites\/wp-json\/wp\/v2\/media?parent=9975"}],"wp:term":[{"taxonomy":"category","embeddable":true,"href":"https:\/\/vieassociative.be\/actualites\/wp-json\/wp\/v2\/categories?post=9975"},{"taxonomy":"post_tag","embeddable":true,"href":"https:\/\/vieassociative.be\/actualites\/wp-json\/wp\/v2\/tags?post=9975"}],"curies":[{"name":"wp","href":"https:\/\/api.w.org\/{rel}","templated":true}]}}