{"id":9971,"date":"2025-09-11T16:18:04","date_gmt":"2025-09-11T14:18:04","guid":{"rendered":"https:\/\/vieassociative.be\/actualites\/a-partir-du-lundi-15-09-le-revetement-de-rue-sera-renouvele-sur-une-section-de-herbestheer-strasse-a-eupen\/"},"modified":"2025-09-11T16:18:04","modified_gmt":"2025-09-11T14:18:04","slug":"a-partir-du-lundi-15-09-le-revetement-de-rue-sera-renouvele-sur-une-section-de-herbestheer-strasse-a-eupen","status":"publish","type":"post","link":"https:\/\/vieassociative.be\/actualites\/a-partir-du-lundi-15-09-le-revetement-de-rue-sera-renouvele-sur-une-section-de-herbestheer-strasse-a-eupen\/","title":{"rendered":"\u00c0 partir du lundi 15\/09, le rev\u00eatement de rue sera renouvel\u00e9 sur une section de Herbestheer Strasse \u00e0 Eupen"},"content":{"rendered":"<p><strong>\u00c0 partir de ce lundi 15 septembre, la Magnee Enrobies Company renouvellera la surface de la route dans Herbestheer Stra\u00dfe, entre le rond-point devant l&rsquo;entr\u00e9e de l&rsquo;autoroute et l&rsquo;intersection avec la route commerciale.<\/strong><\/p>\n<p><span id=\"more-424309\"><\/span>Les travaux au nom du service public de Wallonie (\u00d6DW) s&rsquo;\u00e9tendent sur deux semaines, chacun touch\u00e9 par une route. Un d\u00e9tour est mis en place via les zones industrielles I et II.<\/p>\n<p>Les magasins restent accessibles pendant la journ\u00e9e, avec des restrictions s\u00e9lectives et plus d&rsquo;un niveau d&rsquo;environ 10 centim\u00e8tres sur la route. Le travail d&rsquo;asphalting est plac\u00e9 le soir et la nuit.<\/p>\n<div id=\"attachment_424316\" class=\"wp-caption alignleft\" style=\"max-width: 300px\"><img fetchpriority=\"high\" decoding=\"async\" class=\"wp-image-424316 size-medium\" src=\"https:\/\/vieassociative.be\/actualites\/wp-content\/uploads\/2025\/09\/A-partir-du-lundi-1509-le-revetement-de-rue-sera.jpg\" alt=\"\" width=\"300\" height=\"225\"><\/div>\n<p>Au cours de la semaine du 15 au 19 septembre, des travaux seront effectu\u00e9s sur la voie dans la ville. D&rsquo;abord, l&rsquo;ancien plafond d&rsquo;asphalte est frais\u00e9, puis la nouvelle couche d&rsquo;asphalte est appliqu\u00e9e.<\/p>\n<p>Selon la m\u00e9t\u00e9o, les travaux d&rsquo;asphalting auront lieu le mercredi 17 septembre \u00e0 partir de 20 h. \u00e0 6 h le lendemain matin et le jeudi 18 septembre, \u00e9galement \u00e0 partir de 20 h \u00e0 6 h le vendredi matin. Pendant ce temps, la zone du chantier est ferm\u00e9e pour la circulation. La route vers l&rsquo;autoroute reste ouverte.<\/p>\n<p>Au cours de la semaine du 22 septembre au 26 septembre, il y aura un travail sur la route hors de la ville. Selon la m\u00e9t\u00e9o, les travaux d&rsquo;asphalting auront lieu le mercredi 24 septembre \u00e0 partir de 20 h. \u00e0 6 h le lendemain matin et le jeudi 25 septembre, \u00e9galement \u00e0 partir de 20 h \u00e0 6 h le vendredi matin. Pendant ce temps, la section des routes est ferm\u00e9e hors de la ville pour la circulation. La route vers le centre-ville reste ouverte.<\/p>\n","protected":false},"excerpt":{"rendered":"<p>\u00c0 partir de ce lundi 15 septembre, la Magnee Enrobies Company renouvellera la surface de la route dans Herbestheer Stra\u00dfe, entre le rond-point devant l&rsquo;entr\u00e9e<\/p>\n","protected":false},"author":1,"featured_media":9972,"comment_status":"","ping_status":"","sticky":false,"template":"","format":"standard","meta":{"footnotes":""},"categories":[298],"tags":[2329,6937,550,1591,8504,7349,599,6423,3230,6938,33,110],"class_list":["post-9971","post","type-post","status-publish","format-standard","has-post-thumbnail","hentry","category-belgique","tag-eupen","tag-herbestheer","tag-lundi","tag-partir","tag-renouvele","tag-revetement","tag-rue","tag-section","tag-sera","tag-strasse","tag-sur","tag-une","generate-columns","tablet-grid-50","mobile-grid-100","grid-parent","grid-33"],"yoast_head":"<!-- This site is optimized with the Yoast SEO plugin v24.0 - https:\/\/yoast.com\/wordpress\/plugins\/seo\/ -->\n<title>\u00c0 partir du lundi 15\/09, le rev\u00eatement de rue sera renouvel\u00e9 sur une section de Herbestheer Strasse \u00e0 Eupen | Vie Associative<\/title>\n<meta name=\"robots\" content=\"index, follow, max-snippet:-1, max-image-preview:large, max-video-preview:-1\" \/>\n<link rel=\"canonical\" href=\"https:\/\/vieassociative.be\/actualites\/a-partir-du-lundi-15-09-le-revetement-de-rue-sera-renouvele-sur-une-section-de-herbestheer-strasse-a-eupen\/\" \/>\n<meta property=\"og:locale\" content=\"fr_FR\" \/>\n<meta property=\"og:type\" content=\"article\" \/>\n<meta property=\"og:title\" content=\"\u00c0 partir du lundi 15\/09, le rev\u00eatement de rue sera renouvel\u00e9 sur une section de Herbestheer Strasse \u00e0 Eupen | Vie Associative\" \/>\n<meta property=\"og:description\" content=\"\u00c0 partir de ce lundi 15 septembre, la Magnee Enrobies Company renouvellera la surface de la route dans Herbestheer Stra\u00dfe, entre le rond-point devant l&rsquo;entr\u00e9e\" \/>\n<meta property=\"og:url\" content=\"https:\/\/vieassociative.be\/actualites\/a-partir-du-lundi-15-09-le-revetement-de-rue-sera-renouvele-sur-une-section-de-herbestheer-strasse-a-eupen\/\" \/>\n<meta property=\"og:site_name\" content=\"Vie Associative\" \/>\n<meta property=\"article:published_time\" content=\"2025-09-11T14:18:04+00:00\" \/>\n<meta property=\"og:image\" content=\"https:\/\/vieassociative.be\/actualites\/wp-content\/uploads\/2024\/09\/header_backgroundk-01-e1726694325946.png\" \/>\n\t<meta property=\"og:image:width\" content=\"279\" \/>\n\t<meta property=\"og:image:height\" content=\"92\" \/>\n\t<meta property=\"og:image:type\" content=\"image\/png\" \/>\n<meta name=\"author\" content=\"Julien\" \/>\n<meta name=\"twitter:card\" content=\"summary_large_image\" \/>\n<meta name=\"twitter:label1\" content=\"\u00c9crit par\" \/>\n\t<meta name=\"twitter:data1\" content=\"Julien\" \/>\n\t<meta name=\"twitter:label2\" content=\"Dur\u00e9e de lecture est.\" \/>\n\t<meta name=\"twitter:data2\" content=\"1 minute\" \/>\n<script type=\"application\/ld+json\" class=\"yoast-schema-graph\">{\"@context\":\"https:\/\/schema.org\",\"@graph\":[{\"@type\":\"Article\",\"@id\":\"https:\/\/vieassociative.be\/actualites\/a-partir-du-lundi-15-09-le-revetement-de-rue-sera-renouvele-sur-une-section-de-herbestheer-strasse-a-eupen\/#article\",\"isPartOf\":{\"@id\":\"https:\/\/vieassociative.be\/actualites\/a-partir-du-lundi-15-09-le-revetement-de-rue-sera-renouvele-sur-une-section-de-herbestheer-strasse-a-eupen\/\"},\"author\":{\"name\":\"Julien\",\"@id\":\"https:\/\/vieassociative.be\/actualites\/#\/schema\/person\/b87ac4f82f9d4e7b7cec7395b679edc4\"},\"headline\":\"\u00c0 partir du lundi 15\/09, le rev\u00eatement de rue sera renouvel\u00e9 sur une section de Herbestheer Strasse \u00e0 Eupen\",\"datePublished\":\"2025-09-11T14:18:04+00:00\",\"dateModified\":\"2025-09-11T14:18:04+00:00\",\"mainEntityOfPage\":{\"@id\":\"https:\/\/vieassociative.be\/actualites\/a-partir-du-lundi-15-09-le-revetement-de-rue-sera-renouvele-sur-une-section-de-herbestheer-strasse-a-eupen\/\"},\"wordCount\":291,\"publisher\":{\"@id\":\"https:\/\/vieassociative.be\/actualites\/#organization\"},\"image\":{\"@id\":\"https:\/\/vieassociative.be\/actualites\/a-partir-du-lundi-15-09-le-revetement-de-rue-sera-renouvele-sur-une-section-de-herbestheer-strasse-a-eupen\/#primaryimage\"},\"thumbnailUrl\":\"https:\/\/vieassociative.be\/actualites\/wp-content\/uploads\/2025\/09\/1757600285_A-partir-du-lundi-1509-le-revetement-de-rue-sera.jpg\",\"keywords\":[\"Eupen\",\"Herbestheer\",\"lundi\",\"partir\",\"renouvel\u00e9\",\"rev\u00eatement\",\"rue\",\"Section\",\"sera\",\"Strasse\",\"sur\",\"une\"],\"articleSection\":[\"Belgique\"],\"inLanguage\":\"fr-BE\"},{\"@type\":\"WebPage\",\"@id\":\"https:\/\/vieassociative.be\/actualites\/a-partir-du-lundi-15-09-le-revetement-de-rue-sera-renouvele-sur-une-section-de-herbestheer-strasse-a-eupen\/\",\"url\":\"https:\/\/vieassociative.be\/actualites\/a-partir-du-lundi-15-09-le-revetement-de-rue-sera-renouvele-sur-une-section-de-herbestheer-strasse-a-eupen\/\",\"name\":\"\u00c0 partir du lundi 15\/09, le rev\u00eatement de rue sera renouvel\u00e9 sur une section de Herbestheer Strasse \u00e0 Eupen | Vie Associative\",\"isPartOf\":{\"@id\":\"https:\/\/vieassociative.be\/actualites\/#website\"},\"primaryImageOfPage\":{\"@id\":\"https:\/\/vieassociative.be\/actualites\/a-partir-du-lundi-15-09-le-revetement-de-rue-sera-renouvele-sur-une-section-de-herbestheer-strasse-a-eupen\/#primaryimage\"},\"image\":{\"@id\":\"https:\/\/vieassociative.be\/actualites\/a-partir-du-lundi-15-09-le-revetement-de-rue-sera-renouvele-sur-une-section-de-herbestheer-strasse-a-eupen\/#primaryimage\"},\"thumbnailUrl\":\"https:\/\/vieassociative.be\/actualites\/wp-content\/uploads\/2025\/09\/1757600285_A-partir-du-lundi-1509-le-revetement-de-rue-sera.jpg\",\"datePublished\":\"2025-09-11T14:18:04+00:00\",\"dateModified\":\"2025-09-11T14:18:04+00:00\",\"breadcrumb\":{\"@id\":\"https:\/\/vieassociative.be\/actualites\/a-partir-du-lundi-15-09-le-revetement-de-rue-sera-renouvele-sur-une-section-de-herbestheer-strasse-a-eupen\/#breadcrumb\"},\"inLanguage\":\"fr-BE\",\"potentialAction\":[{\"@type\":\"ReadAction\",\"target\":[\"https:\/\/vieassociative.be\/actualites\/a-partir-du-lundi-15-09-le-revetement-de-rue-sera-renouvele-sur-une-section-de-herbestheer-strasse-a-eupen\/\"]}]},{\"@type\":\"ImageObject\",\"inLanguage\":\"fr-BE\",\"@id\":\"https:\/\/vieassociative.be\/actualites\/a-partir-du-lundi-15-09-le-revetement-de-rue-sera-renouvele-sur-une-section-de-herbestheer-strasse-a-eupen\/#primaryimage\",\"url\":\"https:\/\/vieassociative.be\/actualites\/wp-content\/uploads\/2025\/09\/1757600285_A-partir-du-lundi-1509-le-revetement-de-rue-sera.jpg\",\"contentUrl\":\"https:\/\/vieassociative.be\/actualites\/wp-content\/uploads\/2025\/09\/1757600285_A-partir-du-lundi-1509-le-revetement-de-rue-sera.jpg\",\"width\":1200,\"height\":900,\"caption\":\"\u00c0 partir du lundi 15\/09, le rev\u00eatement de rue sera renouvel\u00e9 sur une section de Herbestheer Strasse \u00e0 Eupen\"},{\"@type\":\"BreadcrumbList\",\"@id\":\"https:\/\/vieassociative.be\/actualites\/a-partir-du-lundi-15-09-le-revetement-de-rue-sera-renouvele-sur-une-section-de-herbestheer-strasse-a-eupen\/#breadcrumb\",\"itemListElement\":[{\"@type\":\"ListItem\",\"position\":1,\"name\":\"Accueil\",\"item\":\"https:\/\/vieassociative.be\/actualites\/\"},{\"@type\":\"ListItem\",\"position\":2,\"name\":\"\u00c0 partir du lundi 15\/09, le rev\u00eatement de rue sera renouvel\u00e9 sur une section de Herbestheer Strasse \u00e0 Eupen\"}]},{\"@type\":\"WebSite\",\"@id\":\"https:\/\/vieassociative.be\/actualites\/#website\",\"url\":\"https:\/\/vieassociative.be\/actualites\/\",\"name\":\"Vie Associative\",\"description\":\"\",\"publisher\":{\"@id\":\"https:\/\/vieassociative.be\/actualites\/#organization\"},\"potentialAction\":[{\"@type\":\"SearchAction\",\"target\":{\"@type\":\"EntryPoint\",\"urlTemplate\":\"https:\/\/vieassociative.be\/actualites\/?s={search_term_string}\"},\"query-input\":{\"@type\":\"PropertyValueSpecification\",\"valueRequired\":true,\"valueName\":\"search_term_string\"}}],\"inLanguage\":\"fr-BE\"},{\"@type\":\"Organization\",\"@id\":\"https:\/\/vieassociative.be\/actualites\/#organization\",\"name\":\"Vie Associative\",\"url\":\"https:\/\/vieassociative.be\/actualites\/\",\"logo\":{\"@type\":\"ImageObject\",\"inLanguage\":\"fr-BE\",\"@id\":\"https:\/\/vieassociative.be\/actualites\/#\/schema\/logo\/image\/\",\"url\":\"https:\/\/vieassociative.be\/actualites\/wp-content\/uploads\/2024\/09\/cropped-vieassociative_favicon.ico.png\",\"contentUrl\":\"https:\/\/vieassociative.be\/actualites\/wp-content\/uploads\/2024\/09\/cropped-vieassociative_favicon.ico.png\",\"width\":512,\"height\":512,\"caption\":\"Vie Associative\"},\"image\":{\"@id\":\"https:\/\/vieassociative.be\/actualites\/#\/schema\/logo\/image\/\"}},{\"@type\":\"Person\",\"@id\":\"https:\/\/vieassociative.be\/actualites\/#\/schema\/person\/b87ac4f82f9d4e7b7cec7395b679edc4\",\"name\":\"Julien\",\"image\":{\"@type\":\"ImageObject\",\"inLanguage\":\"fr-BE\",\"@id\":\"https:\/\/vieassociative.be\/actualites\/#\/schema\/person\/image\/\",\"url\":\"https:\/\/vieassociative.be\/actualites\/wp-content\/uploads\/2024\/09\/vie-associative-1-150x150.jpg\",\"contentUrl\":\"https:\/\/vieassociative.be\/actualites\/wp-content\/uploads\/2024\/09\/vie-associative-1-150x150.jpg\",\"caption\":\"Julien\"},\"description\":\"Je suis Julien, r\u00e9dacteur pour Vie Associative. Passionn\u00e9 par le monde associatif depuis plus de 10 ans, j'ai \u00e0 c\u0153ur de partager des histoires inspirantes et de mettre en lumi\u00e8re les initiatives locales. Mon objectif est de sensibiliser et d'encourager l'engagement communautaire \u00e0 travers mes articles.\",\"sameAs\":[\"https:\/\/vieassociative.be\/\"]}]}<\/script>\n<!-- \/ Yoast SEO plugin. -->","yoast_head_json":{"title":"\u00c0 partir du lundi 15\/09, le rev\u00eatement de rue sera renouvel\u00e9 sur une section de Herbestheer Strasse \u00e0 Eupen | Vie Associative","robots":{"index":"index","follow":"follow","max-snippet":"max-snippet:-1","max-image-preview":"max-image-preview:large","max-video-preview":"max-video-preview:-1"},"canonical":"https:\/\/vieassociative.be\/actualites\/a-partir-du-lundi-15-09-le-revetement-de-rue-sera-renouvele-sur-une-section-de-herbestheer-strasse-a-eupen\/","og_locale":"fr_FR","og_type":"article","og_title":"\u00c0 partir du lundi 15\/09, le rev\u00eatement de rue sera renouvel\u00e9 sur une section de Herbestheer Strasse \u00e0 Eupen | Vie Associative","og_description":"\u00c0 partir de ce lundi 15 septembre, la Magnee Enrobies Company renouvellera la surface de la route dans Herbestheer Stra\u00dfe, entre le rond-point devant l&rsquo;entr\u00e9e","og_url":"https:\/\/vieassociative.be\/actualites\/a-partir-du-lundi-15-09-le-revetement-de-rue-sera-renouvele-sur-une-section-de-herbestheer-strasse-a-eupen\/","og_site_name":"Vie Associative","article_published_time":"2025-09-11T14:18:04+00:00","og_image":[{"width":279,"height":92,"url":"https:\/\/vieassociative.be\/actualites\/wp-content\/uploads\/2024\/09\/header_backgroundk-01-e1726694325946.png","type":"image\/png"}],"author":"Julien","twitter_card":"summary_large_image","twitter_misc":{"\u00c9crit par":"Julien","Dur\u00e9e de lecture est.":"1 minute"},"schema":{"@context":"https:\/\/schema.org","@graph":[{"@type":"Article","@id":"https:\/\/vieassociative.be\/actualites\/a-partir-du-lundi-15-09-le-revetement-de-rue-sera-renouvele-sur-une-section-de-herbestheer-strasse-a-eupen\/#article","isPartOf":{"@id":"https:\/\/vieassociative.be\/actualites\/a-partir-du-lundi-15-09-le-revetement-de-rue-sera-renouvele-sur-une-section-de-herbestheer-strasse-a-eupen\/"},"author":{"name":"Julien","@id":"https:\/\/vieassociative.be\/actualites\/#\/schema\/person\/b87ac4f82f9d4e7b7cec7395b679edc4"},"headline":"\u00c0 partir du lundi 15\/09, le rev\u00eatement de rue sera renouvel\u00e9 sur une section de Herbestheer Strasse \u00e0 Eupen","datePublished":"2025-09-11T14:18:04+00:00","dateModified":"2025-09-11T14:18:04+00:00","mainEntityOfPage":{"@id":"https:\/\/vieassociative.be\/actualites\/a-partir-du-lundi-15-09-le-revetement-de-rue-sera-renouvele-sur-une-section-de-herbestheer-strasse-a-eupen\/"},"wordCount":291,"publisher":{"@id":"https:\/\/vieassociative.be\/actualites\/#organization"},"image":{"@id":"https:\/\/vieassociative.be\/actualites\/a-partir-du-lundi-15-09-le-revetement-de-rue-sera-renouvele-sur-une-section-de-herbestheer-strasse-a-eupen\/#primaryimage"},"thumbnailUrl":"https:\/\/vieassociative.be\/actualites\/wp-content\/uploads\/2025\/09\/1757600285_A-partir-du-lundi-1509-le-revetement-de-rue-sera.jpg","keywords":["Eupen","Herbestheer","lundi","partir","renouvel\u00e9","rev\u00eatement","rue","Section","sera","Strasse","sur","une"],"articleSection":["Belgique"],"inLanguage":"fr-BE"},{"@type":"WebPage","@id":"https:\/\/vieassociative.be\/actualites\/a-partir-du-lundi-15-09-le-revetement-de-rue-sera-renouvele-sur-une-section-de-herbestheer-strasse-a-eupen\/","url":"https:\/\/vieassociative.be\/actualites\/a-partir-du-lundi-15-09-le-revetement-de-rue-sera-renouvele-sur-une-section-de-herbestheer-strasse-a-eupen\/","name":"\u00c0 partir du lundi 15\/09, le rev\u00eatement de rue sera renouvel\u00e9 sur une section de Herbestheer Strasse \u00e0 Eupen | Vie Associative","isPartOf":{"@id":"https:\/\/vieassociative.be\/actualites\/#website"},"primaryImageOfPage":{"@id":"https:\/\/vieassociative.be\/actualites\/a-partir-du-lundi-15-09-le-revetement-de-rue-sera-renouvele-sur-une-section-de-herbestheer-strasse-a-eupen\/#primaryimage"},"image":{"@id":"https:\/\/vieassociative.be\/actualites\/a-partir-du-lundi-15-09-le-revetement-de-rue-sera-renouvele-sur-une-section-de-herbestheer-strasse-a-eupen\/#primaryimage"},"thumbnailUrl":"https:\/\/vieassociative.be\/actualites\/wp-content\/uploads\/2025\/09\/1757600285_A-partir-du-lundi-1509-le-revetement-de-rue-sera.jpg","datePublished":"2025-09-11T14:18:04+00:00","dateModified":"2025-09-11T14:18:04+00:00","breadcrumb":{"@id":"https:\/\/vieassociative.be\/actualites\/a-partir-du-lundi-15-09-le-revetement-de-rue-sera-renouvele-sur-une-section-de-herbestheer-strasse-a-eupen\/#breadcrumb"},"inLanguage":"fr-BE","potentialAction":[{"@type":"ReadAction","target":["https:\/\/vieassociative.be\/actualites\/a-partir-du-lundi-15-09-le-revetement-de-rue-sera-renouvele-sur-une-section-de-herbestheer-strasse-a-eupen\/"]}]},{"@type":"ImageObject","inLanguage":"fr-BE","@id":"https:\/\/vieassociative.be\/actualites\/a-partir-du-lundi-15-09-le-revetement-de-rue-sera-renouvele-sur-une-section-de-herbestheer-strasse-a-eupen\/#primaryimage","url":"https:\/\/vieassociative.be\/actualites\/wp-content\/uploads\/2025\/09\/1757600285_A-partir-du-lundi-1509-le-revetement-de-rue-sera.jpg","contentUrl":"https:\/\/vieassociative.be\/actualites\/wp-content\/uploads\/2025\/09\/1757600285_A-partir-du-lundi-1509-le-revetement-de-rue-sera.jpg","width":1200,"height":900,"caption":"\u00c0 partir du lundi 15\/09, le rev\u00eatement de rue sera renouvel\u00e9 sur une section de Herbestheer Strasse \u00e0 Eupen"},{"@type":"BreadcrumbList","@id":"https:\/\/vieassociative.be\/actualites\/a-partir-du-lundi-15-09-le-revetement-de-rue-sera-renouvele-sur-une-section-de-herbestheer-strasse-a-eupen\/#breadcrumb","itemListElement":[{"@type":"ListItem","position":1,"name":"Accueil","item":"https:\/\/vieassociative.be\/actualites\/"},{"@type":"ListItem","position":2,"name":"\u00c0 partir du lundi 15\/09, le rev\u00eatement de rue sera renouvel\u00e9 sur une section de Herbestheer Strasse \u00e0 Eupen"}]},{"@type":"WebSite","@id":"https:\/\/vieassociative.be\/actualites\/#website","url":"https:\/\/vieassociative.be\/actualites\/","name":"Vie Associative","description":"","publisher":{"@id":"https:\/\/vieassociative.be\/actualites\/#organization"},"potentialAction":[{"@type":"SearchAction","target":{"@type":"EntryPoint","urlTemplate":"https:\/\/vieassociative.be\/actualites\/?s={search_term_string}"},"query-input":{"@type":"PropertyValueSpecification","valueRequired":true,"valueName":"search_term_string"}}],"inLanguage":"fr-BE"},{"@type":"Organization","@id":"https:\/\/vieassociative.be\/actualites\/#organization","name":"Vie Associative","url":"https:\/\/vieassociative.be\/actualites\/","logo":{"@type":"ImageObject","inLanguage":"fr-BE","@id":"https:\/\/vieassociative.be\/actualites\/#\/schema\/logo\/image\/","url":"https:\/\/vieassociative.be\/actualites\/wp-content\/uploads\/2024\/09\/cropped-vieassociative_favicon.ico.png","contentUrl":"https:\/\/vieassociative.be\/actualites\/wp-content\/uploads\/2024\/09\/cropped-vieassociative_favicon.ico.png","width":512,"height":512,"caption":"Vie Associative"},"image":{"@id":"https:\/\/vieassociative.be\/actualites\/#\/schema\/logo\/image\/"}},{"@type":"Person","@id":"https:\/\/vieassociative.be\/actualites\/#\/schema\/person\/b87ac4f82f9d4e7b7cec7395b679edc4","name":"Julien","image":{"@type":"ImageObject","inLanguage":"fr-BE","@id":"https:\/\/vieassociative.be\/actualites\/#\/schema\/person\/image\/","url":"https:\/\/vieassociative.be\/actualites\/wp-content\/uploads\/2024\/09\/vie-associative-1-150x150.jpg","contentUrl":"https:\/\/vieassociative.be\/actualites\/wp-content\/uploads\/2024\/09\/vie-associative-1-150x150.jpg","caption":"Julien"},"description":"Je suis Julien, r\u00e9dacteur pour Vie Associative. Passionn\u00e9 par le monde associatif depuis plus de 10 ans, j'ai \u00e0 c\u0153ur de partager des histoires inspirantes et de mettre en lumi\u00e8re les initiatives locales. Mon objectif est de sensibiliser et d'encourager l'engagement communautaire \u00e0 travers mes articles.","sameAs":["https:\/\/vieassociative.be\/"]}]}},"_links":{"self":[{"href":"https:\/\/vieassociative.be\/actualites\/wp-json\/wp\/v2\/posts\/9971"}],"collection":[{"href":"https:\/\/vieassociative.be\/actualites\/wp-json\/wp\/v2\/posts"}],"about":[{"href":"https:\/\/vieassociative.be\/actualites\/wp-json\/wp\/v2\/types\/post"}],"author":[{"embeddable":true,"href":"https:\/\/vieassociative.be\/actualites\/wp-json\/wp\/v2\/users\/1"}],"replies":[{"embeddable":true,"href":"https:\/\/vieassociative.be\/actualites\/wp-json\/wp\/v2\/comments?post=9971"}],"version-history":[{"count":0,"href":"https:\/\/vieassociative.be\/actualites\/wp-json\/wp\/v2\/posts\/9971\/revisions"}],"wp:featuredmedia":[{"embeddable":true,"href":"https:\/\/vieassociative.be\/actualites\/wp-json\/wp\/v2\/media\/9972"}],"wp:attachment":[{"href":"https:\/\/vieassociative.be\/actualites\/wp-json\/wp\/v2\/media?parent=9971"}],"wp:term":[{"taxonomy":"category","embeddable":true,"href":"https:\/\/vieassociative.be\/actualites\/wp-json\/wp\/v2\/categories?post=9971"},{"taxonomy":"post_tag","embeddable":true,"href":"https:\/\/vieassociative.be\/actualites\/wp-json\/wp\/v2\/tags?post=9971"}],"curies":[{"name":"wp","href":"https:\/\/api.w.org\/{rel}","templated":true}]}}