{"id":997,"date":"2024-10-08T18:22:48","date_gmt":"2024-10-08T16:22:48","guid":{"rendered":"https:\/\/vieassociative.be\/actualites\/pourquoi-devriez-vous-ecourter-votre-prochaine-session-detude\/"},"modified":"2024-10-08T18:22:48","modified_gmt":"2024-10-08T16:22:48","slug":"pourquoi-devriez-vous-ecourter-votre-prochaine-session-detude","status":"publish","type":"post","link":"https:\/\/vieassociative.be\/actualites\/pourquoi-devriez-vous-ecourter-votre-prochaine-session-detude\/","title":{"rendered":"Pourquoi devriez-vous \u00e9courter votre prochaine session d\u2019\u00e9tude"},"content":{"rendered":"<div class=\"mt-4 leading-6 md:mb-8\">Gr\u00e2ce \u00e0 \u00ab l&rsquo;effet Zeigarnik \u00bb, laisser la t\u00e2che inachev\u00e9e peut en fait vous aider \u00e0 vous souvenir de ce que vous \u00e9tudiez.<\/div>\n<p><\/p>\n<p>Il existe diff\u00e9rentes \u00e9coles de pens\u00e9e lorsqu\u2019il s\u2019agit de d\u00e9finir ce qui constitue une bonne s\u00e9ance d\u2019\u00e9tude. Pour certains, cela pourrait impliquer de rester concentr\u00e9 sur un travail en profondeur pendant de longues p\u00e9riodes. D&rsquo;autres peuvent avoir besoin de pauses r\u00e9guli\u00e8res. Et m\u00eame si les pauses d&rsquo;\u00e9tude sont g\u00e9n\u00e9ralement destin\u00e9es \u00e0 vous donner une chance de vous r\u00e9initialiser et de vous rafra\u00eechir, dans certains cas, elles peuvent \u00eatre utilis\u00e9es pour vous pousser \u00e0 travailler encore plus dur. Ceci est li\u00e9 \u00e0 un ph\u00e9nom\u00e8ne appel\u00e9 effet Zeigarnik, et si vous avez du mal \u00e0 vous concentrer ou si vous vous sentez mal lorsque vous ne terminez pas une s\u00e9ance d&rsquo;\u00e9tude, vous pourriez faire en sorte que cela fonctionne pour vous. <\/p>\n<h2 id=\"what-is-the-zeigarnik-effect\">Qu&rsquo;est-ce que l&rsquo;effet Zeigarnik ?<\/h2>\n<p>Cet effet porte le nom du psychologue qui l&rsquo;a remarqu\u00e9, Bluma Zeigarnik. Cela fait r\u00e9f\u00e9rence \u00e0 la facilit\u00e9 de m\u00e9morisation que vous pouvez ressentir lorsque vous envisagez une activit\u00e9 qui a \u00e9t\u00e9 interrompue d\u2019une mani\u00e8re ou d\u2019une autre. Cela fonctionne comme ceci\u00a0: une fois que vous commencez une t\u00e2che, votre cerveau \u00e9tablit une certaine tension autour de celle-ci pour am\u00e9liorer le fonctionnement cognitif li\u00e9 \u00e0 son accomplissement, afin que vous puissiez y travailler au mieux de vos capacit\u00e9s. Cette tension dispara\u00eet lorsque la t\u00e2che est accomplie, mais si vous ne la terminez pas, la tension demeure. <\/p>\n<p>Vous remarquerez peut-\u00eatre cela de mani\u00e8re n\u00e9gative dans votre vie quotidienne. Lorsque vous avez une t\u00e2che importante, comme r\u00e9viser pour un examen ou nettoyer votre maison, et que vous ne la terminez pas, cela peut vous d\u00e9ranger au fond de votre esprit jusqu&rsquo;\u00e0 ce qu&rsquo;elle soit termin\u00e9e. En exploitant l\u2019effet Zeigarnik, vous prenez le contr\u00f4le de ce sentiment tenace et l\u2019utilisez \u00e0 votre avantage. Ce qui rend cette approche sp\u00e9ciale, c&rsquo;est que vous pouvez recadrer la procrastination et exploiter ses avantages, au lieu de vous enliser &#8211; et si vous avez une vari\u00e9t\u00e9 de sujets \u00e0 \u00e9tudier, c&rsquo;est particuli\u00e8rement utile. <\/p>\n<h2 id=\"how-to-use-the-zeigarnik-effect-when-studying\">Comment utiliser l&rsquo;effet Zeigarnik<strong> en \u00e9tudiant<\/strong><\/h2>\n<p>Lorsque vous \u00e9tudiez quelque chose, vous pouvez utiliser l&rsquo;effet Zeigarnik simplement en changeant un peu de t\u00e2che. La meilleure fa\u00e7on d\u2019y parvenir est de faire quelque chose qui n\u2019a aucun rapport, comme \u00e9tudier un autre sujet ou travailler sur une autre responsabilit\u00e9 que vous avez. Peut-\u00eatre avez-vous retard\u00e9 d&rsquo;appeler votre m\u00e8re ou de faire la vaisselle ? Rayez-le de votre liste \u00e0 peu pr\u00e8s \u00e0 mi-chemin de votre session d&rsquo;\u00e9tude. <\/p>\n<p>En ajoutant cette pause pour un travail non li\u00e9, vous maintenez ce sentiment de tension cognitive li\u00e9 \u00e0 la t\u00e2che principale, qui est d&rsquo;\u00e9tudier. Cela peut en fait vous aider \u00e0 vous souvenir des d\u00e9tails du mat\u00e9riel, afin que vous ne les oubliiez pas aussi rapidement que vous le feriez normalement. Zeigarnik a propos\u00e9 sa th\u00e9orie originale apr\u00e8s avoir observ\u00e9 des serveurs dans un restaurant qui se souvenaient des commandes en cours, mais semblaient totalement oublier les commandes d\u00e8s qu&rsquo;elles \u00e9taient termin\u00e9es. Plus quelque chose reste inachev\u00e9, mieux vous pourrez vous en souvenir. <\/p>\n<p>Depuis que cet effet a \u00e9t\u00e9 \u00e9tudi\u00e9 pour la premi\u00e8re fois, des recherches plus approfondies ont montr\u00e9 que d&rsquo;autres facteurs ont un impact sur le rappel associ\u00e9 aux t\u00e2ches inachev\u00e9es. Par exemple, vous aurez un meilleur rappel si vous \u00eates motiv\u00e9 pour accomplir la t\u00e2che. C&rsquo;est ce qui rend cette m\u00e9thode solide pour \u00e9tudier, notamment : vous \u00eates motiv\u00e9 par la menace d&rsquo;une mauvaise note, ou la promesse d&rsquo;une bonne, ce qui ajoute \u00e0 la tension dans votre esprit. Pour en b\u00e9n\u00e9ficier, essayez de r\u00e9partir vos sessions d&rsquo;\u00e9tude sur plusieurs jours pr\u00e9c\u00e9dant un test, sans jamais terminer compl\u00e8tement vos \u00e9tudes avant la veille, lorsque vous faites une r\u00e9vision approfondie. Au cours de cet examen, utilisez une m\u00e9thode comme le flou pour faire le point sur tout ce dont vous vous souvenez sur le mat\u00e9riel, puis revenez en arri\u00e8re et relisez tout ce sur quoi vous \u00e9tiez encore coinc\u00e9.<\/p>\n","protected":false},"excerpt":{"rendered":"<p>Gr\u00e2ce \u00e0 \u00ab l&rsquo;effet Zeigarnik \u00bb, laisser la t\u00e2che inachev\u00e9e peut en fait vous aider \u00e0 vous souvenir de ce que vous \u00e9tudiez. Il existe<\/p>\n","protected":false},"author":1,"featured_media":998,"comment_status":"","ping_status":"","sticky":false,"template":"","format":"standard","meta":{"footnotes":""},"categories":[37],"tags":[1468,1078,1534,734,773,1535,8],"class_list":["post-997","post","type-post","status-publish","format-standard","has-post-thumbnail","hentry","category-famille","tag-detude","tag-devriezvous","tag-ecourter","tag-pourquoi","tag-prochaine","tag-session","tag-votre","generate-columns","tablet-grid-50","mobile-grid-100","grid-parent","grid-33"],"yoast_head":"<!-- This site is optimized with the Yoast SEO plugin v24.0 - https:\/\/yoast.com\/wordpress\/plugins\/seo\/ -->\n<title>Pourquoi devriez-vous \u00e9courter votre prochaine session d\u2019\u00e9tude | Vie Associative<\/title>\n<meta name=\"robots\" content=\"index, follow, max-snippet:-1, max-image-preview:large, max-video-preview:-1\" \/>\n<link rel=\"canonical\" href=\"https:\/\/vieassociative.be\/actualites\/pourquoi-devriez-vous-ecourter-votre-prochaine-session-detude\/\" \/>\n<meta property=\"og:locale\" content=\"fr_FR\" \/>\n<meta property=\"og:type\" content=\"article\" \/>\n<meta property=\"og:title\" content=\"Pourquoi devriez-vous \u00e9courter votre prochaine session d\u2019\u00e9tude | Vie Associative\" \/>\n<meta property=\"og:description\" content=\"Gr\u00e2ce \u00e0 \u00ab l&rsquo;effet Zeigarnik \u00bb, laisser la t\u00e2che inachev\u00e9e peut en fait vous aider \u00e0 vous souvenir de ce que vous \u00e9tudiez. Il existe\" \/>\n<meta property=\"og:url\" content=\"https:\/\/vieassociative.be\/actualites\/pourquoi-devriez-vous-ecourter-votre-prochaine-session-detude\/\" \/>\n<meta property=\"og:site_name\" content=\"Vie Associative\" \/>\n<meta property=\"article:published_time\" content=\"2024-10-08T16:22:48+00:00\" \/>\n<meta property=\"og:image\" content=\"https:\/\/vieassociative.be\/actualites\/wp-content\/uploads\/2024\/09\/header_backgroundk-01-e1726694325946.png\" \/>\n\t<meta property=\"og:image:width\" content=\"279\" \/>\n\t<meta property=\"og:image:height\" content=\"92\" \/>\n\t<meta property=\"og:image:type\" content=\"image\/png\" \/>\n<meta name=\"author\" content=\"Julien\" \/>\n<meta name=\"twitter:card\" content=\"summary_large_image\" \/>\n<meta name=\"twitter:label1\" content=\"\u00c9crit par\" \/>\n\t<meta name=\"twitter:data1\" content=\"Julien\" \/>\n\t<meta name=\"twitter:label2\" content=\"Dur\u00e9e de lecture est.\" \/>\n\t<meta name=\"twitter:data2\" content=\"4 minutes\" \/>\n<script type=\"application\/ld+json\" class=\"yoast-schema-graph\">{\"@context\":\"https:\/\/schema.org\",\"@graph\":[{\"@type\":\"Article\",\"@id\":\"https:\/\/vieassociative.be\/actualites\/pourquoi-devriez-vous-ecourter-votre-prochaine-session-detude\/#article\",\"isPartOf\":{\"@id\":\"https:\/\/vieassociative.be\/actualites\/pourquoi-devriez-vous-ecourter-votre-prochaine-session-detude\/\"},\"author\":{\"name\":\"Julien\",\"@id\":\"https:\/\/vieassociative.be\/actualites\/#\/schema\/person\/b87ac4f82f9d4e7b7cec7395b679edc4\"},\"headline\":\"Pourquoi devriez-vous \u00e9courter votre prochaine session d\u2019\u00e9tude\",\"datePublished\":\"2024-10-08T16:22:48+00:00\",\"dateModified\":\"2024-10-08T16:22:48+00:00\",\"mainEntityOfPage\":{\"@id\":\"https:\/\/vieassociative.be\/actualites\/pourquoi-devriez-vous-ecourter-votre-prochaine-session-detude\/\"},\"wordCount\":745,\"publisher\":{\"@id\":\"https:\/\/vieassociative.be\/actualites\/#organization\"},\"image\":{\"@id\":\"https:\/\/vieassociative.be\/actualites\/pourquoi-devriez-vous-ecourter-votre-prochaine-session-detude\/#primaryimage\"},\"thumbnailUrl\":\"https:\/\/vieassociative.be\/actualites\/wp-content\/uploads\/2024\/10\/Pourquoi-devriez-vous-ecourter-votre-prochaine-session-detude.png\",\"keywords\":[\"d\u00e9tude\",\"devriezvous\",\"\u00e9courter\",\"Pourquoi\",\"prochaine\",\"session\",\"votre\"],\"articleSection\":[\"Famille\"],\"inLanguage\":\"fr-BE\"},{\"@type\":\"WebPage\",\"@id\":\"https:\/\/vieassociative.be\/actualites\/pourquoi-devriez-vous-ecourter-votre-prochaine-session-detude\/\",\"url\":\"https:\/\/vieassociative.be\/actualites\/pourquoi-devriez-vous-ecourter-votre-prochaine-session-detude\/\",\"name\":\"Pourquoi devriez-vous \u00e9courter votre prochaine session d\u2019\u00e9tude | Vie Associative\",\"isPartOf\":{\"@id\":\"https:\/\/vieassociative.be\/actualites\/#website\"},\"primaryImageOfPage\":{\"@id\":\"https:\/\/vieassociative.be\/actualites\/pourquoi-devriez-vous-ecourter-votre-prochaine-session-detude\/#primaryimage\"},\"image\":{\"@id\":\"https:\/\/vieassociative.be\/actualites\/pourquoi-devriez-vous-ecourter-votre-prochaine-session-detude\/#primaryimage\"},\"thumbnailUrl\":\"https:\/\/vieassociative.be\/actualites\/wp-content\/uploads\/2024\/10\/Pourquoi-devriez-vous-ecourter-votre-prochaine-session-detude.png\",\"datePublished\":\"2024-10-08T16:22:48+00:00\",\"dateModified\":\"2024-10-08T16:22:48+00:00\",\"breadcrumb\":{\"@id\":\"https:\/\/vieassociative.be\/actualites\/pourquoi-devriez-vous-ecourter-votre-prochaine-session-detude\/#breadcrumb\"},\"inLanguage\":\"fr-BE\",\"potentialAction\":[{\"@type\":\"ReadAction\",\"target\":[\"https:\/\/vieassociative.be\/actualites\/pourquoi-devriez-vous-ecourter-votre-prochaine-session-detude\/\"]}]},{\"@type\":\"ImageObject\",\"inLanguage\":\"fr-BE\",\"@id\":\"https:\/\/vieassociative.be\/actualites\/pourquoi-devriez-vous-ecourter-votre-prochaine-session-detude\/#primaryimage\",\"url\":\"https:\/\/vieassociative.be\/actualites\/wp-content\/uploads\/2024\/10\/Pourquoi-devriez-vous-ecourter-votre-prochaine-session-detude.png\",\"contentUrl\":\"https:\/\/vieassociative.be\/actualites\/wp-content\/uploads\/2024\/10\/Pourquoi-devriez-vous-ecourter-votre-prochaine-session-detude.png\",\"width\":1200,\"height\":675,\"caption\":\"Pourquoi devriez-vous \u00e9courter votre prochaine session d\u2019\u00e9tude\"},{\"@type\":\"BreadcrumbList\",\"@id\":\"https:\/\/vieassociative.be\/actualites\/pourquoi-devriez-vous-ecourter-votre-prochaine-session-detude\/#breadcrumb\",\"itemListElement\":[{\"@type\":\"ListItem\",\"position\":1,\"name\":\"Accueil\",\"item\":\"https:\/\/vieassociative.be\/actualites\/\"},{\"@type\":\"ListItem\",\"position\":2,\"name\":\"Pourquoi devriez-vous \u00e9courter votre prochaine session d\u2019\u00e9tude\"}]},{\"@type\":\"WebSite\",\"@id\":\"https:\/\/vieassociative.be\/actualites\/#website\",\"url\":\"https:\/\/vieassociative.be\/actualites\/\",\"name\":\"Vie Associative\",\"description\":\"\",\"publisher\":{\"@id\":\"https:\/\/vieassociative.be\/actualites\/#organization\"},\"potentialAction\":[{\"@type\":\"SearchAction\",\"target\":{\"@type\":\"EntryPoint\",\"urlTemplate\":\"https:\/\/vieassociative.be\/actualites\/?s={search_term_string}\"},\"query-input\":{\"@type\":\"PropertyValueSpecification\",\"valueRequired\":true,\"valueName\":\"search_term_string\"}}],\"inLanguage\":\"fr-BE\"},{\"@type\":\"Organization\",\"@id\":\"https:\/\/vieassociative.be\/actualites\/#organization\",\"name\":\"Vie Associative\",\"url\":\"https:\/\/vieassociative.be\/actualites\/\",\"logo\":{\"@type\":\"ImageObject\",\"inLanguage\":\"fr-BE\",\"@id\":\"https:\/\/vieassociative.be\/actualites\/#\/schema\/logo\/image\/\",\"url\":\"https:\/\/vieassociative.be\/actualites\/wp-content\/uploads\/2024\/09\/cropped-vieassociative_favicon.ico.png\",\"contentUrl\":\"https:\/\/vieassociative.be\/actualites\/wp-content\/uploads\/2024\/09\/cropped-vieassociative_favicon.ico.png\",\"width\":512,\"height\":512,\"caption\":\"Vie Associative\"},\"image\":{\"@id\":\"https:\/\/vieassociative.be\/actualites\/#\/schema\/logo\/image\/\"}},{\"@type\":\"Person\",\"@id\":\"https:\/\/vieassociative.be\/actualites\/#\/schema\/person\/b87ac4f82f9d4e7b7cec7395b679edc4\",\"name\":\"Julien\",\"image\":{\"@type\":\"ImageObject\",\"inLanguage\":\"fr-BE\",\"@id\":\"https:\/\/vieassociative.be\/actualites\/#\/schema\/person\/image\/\",\"url\":\"https:\/\/vieassociative.be\/actualites\/wp-content\/uploads\/2024\/09\/vie-associative-1-150x150.jpg\",\"contentUrl\":\"https:\/\/vieassociative.be\/actualites\/wp-content\/uploads\/2024\/09\/vie-associative-1-150x150.jpg\",\"caption\":\"Julien\"},\"description\":\"Je suis Julien, r\u00e9dacteur pour Vie Associative. Passionn\u00e9 par le monde associatif depuis plus de 10 ans, j'ai \u00e0 c\u0153ur de partager des histoires inspirantes et de mettre en lumi\u00e8re les initiatives locales. Mon objectif est de sensibiliser et d'encourager l'engagement communautaire \u00e0 travers mes articles.\",\"sameAs\":[\"https:\/\/vieassociative.be\/\"]}]}<\/script>\n<!-- \/ Yoast SEO plugin. -->","yoast_head_json":{"title":"Pourquoi devriez-vous \u00e9courter votre prochaine session d\u2019\u00e9tude | Vie Associative","robots":{"index":"index","follow":"follow","max-snippet":"max-snippet:-1","max-image-preview":"max-image-preview:large","max-video-preview":"max-video-preview:-1"},"canonical":"https:\/\/vieassociative.be\/actualites\/pourquoi-devriez-vous-ecourter-votre-prochaine-session-detude\/","og_locale":"fr_FR","og_type":"article","og_title":"Pourquoi devriez-vous \u00e9courter votre prochaine session d\u2019\u00e9tude | Vie Associative","og_description":"Gr\u00e2ce \u00e0 \u00ab l&rsquo;effet Zeigarnik \u00bb, laisser la t\u00e2che inachev\u00e9e peut en fait vous aider \u00e0 vous souvenir de ce que vous \u00e9tudiez. Il existe","og_url":"https:\/\/vieassociative.be\/actualites\/pourquoi-devriez-vous-ecourter-votre-prochaine-session-detude\/","og_site_name":"Vie Associative","article_published_time":"2024-10-08T16:22:48+00:00","og_image":[{"width":279,"height":92,"url":"https:\/\/vieassociative.be\/actualites\/wp-content\/uploads\/2024\/09\/header_backgroundk-01-e1726694325946.png","type":"image\/png"}],"author":"Julien","twitter_card":"summary_large_image","twitter_misc":{"\u00c9crit par":"Julien","Dur\u00e9e de lecture est.":"4 minutes"},"schema":{"@context":"https:\/\/schema.org","@graph":[{"@type":"Article","@id":"https:\/\/vieassociative.be\/actualites\/pourquoi-devriez-vous-ecourter-votre-prochaine-session-detude\/#article","isPartOf":{"@id":"https:\/\/vieassociative.be\/actualites\/pourquoi-devriez-vous-ecourter-votre-prochaine-session-detude\/"},"author":{"name":"Julien","@id":"https:\/\/vieassociative.be\/actualites\/#\/schema\/person\/b87ac4f82f9d4e7b7cec7395b679edc4"},"headline":"Pourquoi devriez-vous \u00e9courter votre prochaine session d\u2019\u00e9tude","datePublished":"2024-10-08T16:22:48+00:00","dateModified":"2024-10-08T16:22:48+00:00","mainEntityOfPage":{"@id":"https:\/\/vieassociative.be\/actualites\/pourquoi-devriez-vous-ecourter-votre-prochaine-session-detude\/"},"wordCount":745,"publisher":{"@id":"https:\/\/vieassociative.be\/actualites\/#organization"},"image":{"@id":"https:\/\/vieassociative.be\/actualites\/pourquoi-devriez-vous-ecourter-votre-prochaine-session-detude\/#primaryimage"},"thumbnailUrl":"https:\/\/vieassociative.be\/actualites\/wp-content\/uploads\/2024\/10\/Pourquoi-devriez-vous-ecourter-votre-prochaine-session-detude.png","keywords":["d\u00e9tude","devriezvous","\u00e9courter","Pourquoi","prochaine","session","votre"],"articleSection":["Famille"],"inLanguage":"fr-BE"},{"@type":"WebPage","@id":"https:\/\/vieassociative.be\/actualites\/pourquoi-devriez-vous-ecourter-votre-prochaine-session-detude\/","url":"https:\/\/vieassociative.be\/actualites\/pourquoi-devriez-vous-ecourter-votre-prochaine-session-detude\/","name":"Pourquoi devriez-vous \u00e9courter votre prochaine session d\u2019\u00e9tude | Vie Associative","isPartOf":{"@id":"https:\/\/vieassociative.be\/actualites\/#website"},"primaryImageOfPage":{"@id":"https:\/\/vieassociative.be\/actualites\/pourquoi-devriez-vous-ecourter-votre-prochaine-session-detude\/#primaryimage"},"image":{"@id":"https:\/\/vieassociative.be\/actualites\/pourquoi-devriez-vous-ecourter-votre-prochaine-session-detude\/#primaryimage"},"thumbnailUrl":"https:\/\/vieassociative.be\/actualites\/wp-content\/uploads\/2024\/10\/Pourquoi-devriez-vous-ecourter-votre-prochaine-session-detude.png","datePublished":"2024-10-08T16:22:48+00:00","dateModified":"2024-10-08T16:22:48+00:00","breadcrumb":{"@id":"https:\/\/vieassociative.be\/actualites\/pourquoi-devriez-vous-ecourter-votre-prochaine-session-detude\/#breadcrumb"},"inLanguage":"fr-BE","potentialAction":[{"@type":"ReadAction","target":["https:\/\/vieassociative.be\/actualites\/pourquoi-devriez-vous-ecourter-votre-prochaine-session-detude\/"]}]},{"@type":"ImageObject","inLanguage":"fr-BE","@id":"https:\/\/vieassociative.be\/actualites\/pourquoi-devriez-vous-ecourter-votre-prochaine-session-detude\/#primaryimage","url":"https:\/\/vieassociative.be\/actualites\/wp-content\/uploads\/2024\/10\/Pourquoi-devriez-vous-ecourter-votre-prochaine-session-detude.png","contentUrl":"https:\/\/vieassociative.be\/actualites\/wp-content\/uploads\/2024\/10\/Pourquoi-devriez-vous-ecourter-votre-prochaine-session-detude.png","width":1200,"height":675,"caption":"Pourquoi devriez-vous \u00e9courter votre prochaine session d\u2019\u00e9tude"},{"@type":"BreadcrumbList","@id":"https:\/\/vieassociative.be\/actualites\/pourquoi-devriez-vous-ecourter-votre-prochaine-session-detude\/#breadcrumb","itemListElement":[{"@type":"ListItem","position":1,"name":"Accueil","item":"https:\/\/vieassociative.be\/actualites\/"},{"@type":"ListItem","position":2,"name":"Pourquoi devriez-vous \u00e9courter votre prochaine session d\u2019\u00e9tude"}]},{"@type":"WebSite","@id":"https:\/\/vieassociative.be\/actualites\/#website","url":"https:\/\/vieassociative.be\/actualites\/","name":"Vie Associative","description":"","publisher":{"@id":"https:\/\/vieassociative.be\/actualites\/#organization"},"potentialAction":[{"@type":"SearchAction","target":{"@type":"EntryPoint","urlTemplate":"https:\/\/vieassociative.be\/actualites\/?s={search_term_string}"},"query-input":{"@type":"PropertyValueSpecification","valueRequired":true,"valueName":"search_term_string"}}],"inLanguage":"fr-BE"},{"@type":"Organization","@id":"https:\/\/vieassociative.be\/actualites\/#organization","name":"Vie Associative","url":"https:\/\/vieassociative.be\/actualites\/","logo":{"@type":"ImageObject","inLanguage":"fr-BE","@id":"https:\/\/vieassociative.be\/actualites\/#\/schema\/logo\/image\/","url":"https:\/\/vieassociative.be\/actualites\/wp-content\/uploads\/2024\/09\/cropped-vieassociative_favicon.ico.png","contentUrl":"https:\/\/vieassociative.be\/actualites\/wp-content\/uploads\/2024\/09\/cropped-vieassociative_favicon.ico.png","width":512,"height":512,"caption":"Vie Associative"},"image":{"@id":"https:\/\/vieassociative.be\/actualites\/#\/schema\/logo\/image\/"}},{"@type":"Person","@id":"https:\/\/vieassociative.be\/actualites\/#\/schema\/person\/b87ac4f82f9d4e7b7cec7395b679edc4","name":"Julien","image":{"@type":"ImageObject","inLanguage":"fr-BE","@id":"https:\/\/vieassociative.be\/actualites\/#\/schema\/person\/image\/","url":"https:\/\/vieassociative.be\/actualites\/wp-content\/uploads\/2024\/09\/vie-associative-1-150x150.jpg","contentUrl":"https:\/\/vieassociative.be\/actualites\/wp-content\/uploads\/2024\/09\/vie-associative-1-150x150.jpg","caption":"Julien"},"description":"Je suis Julien, r\u00e9dacteur pour Vie Associative. Passionn\u00e9 par le monde associatif depuis plus de 10 ans, j'ai \u00e0 c\u0153ur de partager des histoires inspirantes et de mettre en lumi\u00e8re les initiatives locales. Mon objectif est de sensibiliser et d'encourager l'engagement communautaire \u00e0 travers mes articles.","sameAs":["https:\/\/vieassociative.be\/"]}]}},"_links":{"self":[{"href":"https:\/\/vieassociative.be\/actualites\/wp-json\/wp\/v2\/posts\/997"}],"collection":[{"href":"https:\/\/vieassociative.be\/actualites\/wp-json\/wp\/v2\/posts"}],"about":[{"href":"https:\/\/vieassociative.be\/actualites\/wp-json\/wp\/v2\/types\/post"}],"author":[{"embeddable":true,"href":"https:\/\/vieassociative.be\/actualites\/wp-json\/wp\/v2\/users\/1"}],"replies":[{"embeddable":true,"href":"https:\/\/vieassociative.be\/actualites\/wp-json\/wp\/v2\/comments?post=997"}],"version-history":[{"count":0,"href":"https:\/\/vieassociative.be\/actualites\/wp-json\/wp\/v2\/posts\/997\/revisions"}],"wp:featuredmedia":[{"embeddable":true,"href":"https:\/\/vieassociative.be\/actualites\/wp-json\/wp\/v2\/media\/998"}],"wp:attachment":[{"href":"https:\/\/vieassociative.be\/actualites\/wp-json\/wp\/v2\/media?parent=997"}],"wp:term":[{"taxonomy":"category","embeddable":true,"href":"https:\/\/vieassociative.be\/actualites\/wp-json\/wp\/v2\/categories?post=997"},{"taxonomy":"post_tag","embeddable":true,"href":"https:\/\/vieassociative.be\/actualites\/wp-json\/wp\/v2\/tags?post=997"}],"curies":[{"name":"wp","href":"https:\/\/api.w.org\/{rel}","templated":true}]}}