{"id":9969,"date":"2025-09-11T15:17:00","date_gmt":"2025-09-11T13:17:00","guid":{"rendered":"https:\/\/vieassociative.be\/actualites\/les-meilleures-ventes-sur-les-ecouteurs-et-les-ecouteurs-en-ce-moment\/"},"modified":"2025-09-11T15:17:00","modified_gmt":"2025-09-11T13:17:00","slug":"les-meilleures-ventes-sur-les-ecouteurs-et-les-ecouteurs-en-ce-moment","status":"publish","type":"post","link":"https:\/\/vieassociative.be\/actualites\/les-meilleures-ventes-sur-les-ecouteurs-et-les-ecouteurs-en-ce-moment\/","title":{"rendered":"Les meilleures ventes sur les \u00e9couteurs et les \u00e9couteurs en ce moment"},"content":{"rendered":"<div class=\"mt-4 leading-6 md:mb-8\">Obtenez les meilleures offres sur Samsung, Beats, Sony et d&rsquo;autres \u00e9couteurs disponibles d\u00e8s maintenant.<\/div>\n<p><\/p>\n<p><em>Saviez-vous que vous pouvez personnaliser Google pour filtrer les ordures? Prendre ces \u00e9tapes<\/em><em>  Pour de meilleurs r\u00e9sultats de recherche, notamment en ajoutant mon travail chez Vie Associative comme source pr\u00e9f\u00e9r\u00e9e<\/em><em>.<\/em><\/p>\n<p>Avoir une excellente paire d&rsquo;\u00e9couteurs ou d&rsquo;\u00e9couteurs qui r\u00e9pondent exactement \u00e0 vos besoins &#8211; que vous soyez au gymnase, que vous travailliez \u00e0 la maison ou m\u00eame \u00e0 la douche &#8211; ne signifie pas de bombarder une tonne d&rsquo;argent. Les meilleurs d&rsquo;entre eux peuvent \u00eatre tr\u00e8s chers, mais si vous \u00eates un acheteur patient, vous pouvez g\u00e9n\u00e9ralement trouver une bonne affaire &#8211; et je ne veux pas dire \u00e0 attendre le Black Friday. <\/p>\n<p>Voici les meilleures r\u00e9ductions que vous pouvez trouver sur les \u00e9couteurs et les \u00e9couteurs en ce moment. Je vais r\u00e9guli\u00e8rement mettre \u00e0 jour cette histoire avec les meilleures offres, mais \u00e9tant donn\u00e9 que ces ventes peuvent se terminer \u00e0 tout moment, je vous conseille de ne pas attendre si vous en rep\u00e9rez un qui correspond \u00e0 votre budget.<\/p>\n<div class=\"shadow-b-2 mb-12 mt-10 rounded-md border-2 border-(#F0F0F0) px-6 py-2 shadow-lg md:px-12\" role=\"region\" aria-label=\"Products List\" x-data=\"{ showMore: false }\">\n<div class=\"flex w-full gap-x-5\">\n<div class=\"flex w-full flex-col flex-nowrap justify-center gap-2 text-black no-underline md:order-2 md:gap-y-6\">\n<div class=\"flex flex-col justify-between gap-y-2 md:w-full md:gap-y-1\">\n<div class=\"block font-sans text-xs font-semibold capitalize leading-3 text-gray-900 md:leading-4\">Casque Bluetooth \u00e0 l&rsquo;oreille, noir<\/div>\n<div class=\"block w-fit cursor-pointer font-akshar text-lg font-medium leading-5 text-brand-green duration-200 ease-in-out hover:text-brand-green-700 md:text-xl md:leading-6\">\n<p>                            Marshall Major V\n                        <\/p><\/div>\n<\/p><\/div>\n<div class=\"hidden md:flex md:justify-between md:gap-x-4\">\n<div class=\"w-full mb-0 md:flex md:flex-col md:justify-center font-sans leading-4 text-black\">\n<div class=\"flex flex-wrap items-center justify-center gap-1 md:justify-start\">\n        <span class=\"font-bold\"><\/p>\n<p>            99,99 $<br \/>\n                            <span class=\"font-medium\">\u00e0 Amazon<\/span><br \/>\n                    <\/span>\n            <\/div>\n<div class=\"flex items-center justify-center gap-x-1 font-bold md:justify-start\">\n            <span class=\"text-sm line-through\">159,99 $<\/span><br \/>\n            <span class=\"text-sm text-brand-green\">\u00c9conomisez 60,00 $<\/span>\n        <\/div>\n<\/p><\/div>\n<p>                            <button class=\"flex justify-center items-center w-full bg-brand-green text-white text-base font-sans font-medium rounded-md hover:bg-brand-green-700 hover:cursor-pointer md:text-sm hidden self-end h-12 max-w-(10rem) duration-200 ease-in-out hover:bg-brand-green-700 md:flex md:h-10\"><\/p>\n<p>    Conclure un accord<br \/>\n<\/button>\n                        <\/div>\n<\/p><\/div>\n<div class=\"flex aspect-video h-(90px) shrink-0 items-center justify-center self-center md:order-1\">\n                        <img decoding=\"async\" class=\"m-0 max-h-full max-w-full rounded-md\" src=\"https:\/\/vieassociative.be\/actualites\/wp-content\/uploads\/2025\/09\/Les-meilleures-ventes-sur-les-ecouteurs-et-les-ecouteurs-en.jpg\" alt=\"Marshall Major V\" width=\"auto\" height=\"auto\" loading=\"lazy\">\n                    <\/div>\n<\/p><\/div>\n<p>                            <button class=\"flex justify-center items-center w-full bg-brand-green text-white text-base font-sans font-medium rounded-md hover:bg-brand-green-700 hover:cursor-pointer md:text-sm w-full h-12 duration-200 ease-in-out hover:bg-brand-green-700 md:hidden md:h-10\"><\/p>\n<p>    Conclure un accord<br \/>\n<\/button><\/p>\n<div class=\"flex flex-col items-center w-full md:hidden font-sans leading-4 text-black\">\n<div class=\"flex flex-wrap items-center justify-center gap-1 md:justify-start\">\n        <span class=\"font-bold\"><\/p>\n<p>            99,99 $<br \/>\n                            <span class=\"font-medium\">\u00e0 Amazon<\/span><br \/>\n                    <\/span>\n            <\/div>\n<div class=\"flex items-center justify-center gap-x-1 font-bold md:justify-start\">\n            <span class=\"text-sm line-through\">159,99 $<\/span><br \/>\n            <span class=\"text-sm text-brand-green\">\u00c9conomisez 60,00 $<\/span>\n        <\/div>\n<\/p><\/div>\n<div class=\"flex w-full gap-x-5\">\n<div class=\"flex w-full flex-col flex-nowrap justify-center gap-2 text-black no-underline md:order-2 md:gap-y-6\">\n<div class=\"flex flex-col justify-between gap-y-2 md:w-full md:gap-y-1\">\n<div class=\"block font-sans text-xs font-semibold capitalize leading-3 text-gray-900 md:leading-4\">\u00c9couteurs sans fil Bluetooth &#8211; Target certifi\u00e9 r\u00e9nov\u00e9<\/div>\n<div class=\"block w-fit cursor-pointer font-akshar text-lg font-medium leading-5 text-brand-green duration-200 ease-in-out hover:text-brand-green-700 md:text-xl md:leading-6\">\n<p>                            REFUSIBUSE BEATS STUDIO PRO\n                        <\/p><\/div>\n<\/p><\/div>\n<div class=\"hidden md:flex md:justify-between md:gap-x-4\">\n<div class=\"w-full mb-0 md:flex md:flex-col md:justify-center font-sans leading-4 text-black\">\n<div class=\"flex flex-wrap items-center justify-center gap-1 md:justify-start\">\n        <span class=\"font-bold\"><\/p>\n<p>            139,99 $<br \/>\n                            <span class=\"font-medium\">\u00e0 la cible<\/span><br \/>\n                    <\/span>\n            <\/div>\n<div class=\"flex items-center justify-center gap-x-1 font-bold md:justify-start\">\n            <span class=\"text-sm line-through\">349,99 $<\/span><br \/>\n            <span class=\"text-sm text-brand-green\">\u00c9conomisez 210,00 $<\/span>\n        <\/div>\n<\/p><\/div>\n<p>                            <button class=\"flex justify-center items-center w-full bg-brand-green text-white text-base font-sans font-medium rounded-md hover:bg-brand-green-700 hover:cursor-pointer md:text-sm hidden self-end h-12 max-w-(10rem) duration-200 ease-in-out hover:bg-brand-green-700 md:flex md:h-10\"><\/p>\n<p>    Conclure un accord<br \/>\n<\/button>\n                        <\/div>\n<\/p><\/div>\n<div class=\"flex aspect-video h-(90px) shrink-0 items-center justify-center self-center md:order-1\">\n                        <img decoding=\"async\" class=\"m-0 max-h-full max-w-full rounded-md\" src=\"https:\/\/vieassociative.be\/actualites\/wp-content\/uploads\/2025\/09\/Les-meilleures-ventes-sur-les-ecouteurs-et-les-ecouteurs-en.png\" alt=\"REFUSIBUSE BEATS STUDIO PRO\" width=\"auto\" height=\"auto\" loading=\"lazy\">\n                    <\/div>\n<\/p><\/div>\n<p>                            <button class=\"flex justify-center items-center w-full bg-brand-green text-white text-base font-sans font-medium rounded-md hover:bg-brand-green-700 hover:cursor-pointer md:text-sm w-full h-12 duration-200 ease-in-out hover:bg-brand-green-700 md:hidden md:h-10\"><\/p>\n<p>    Conclure un accord<br \/>\n<\/button><\/p>\n<div class=\"flex flex-col items-center w-full md:hidden font-sans leading-4 text-black\">\n<div class=\"flex flex-wrap items-center justify-center gap-1 md:justify-start\">\n        <span class=\"font-bold\"><\/p>\n<p>            139,99 $<br \/>\n                            <span class=\"font-medium\">\u00e0 la cible<\/span><br \/>\n                    <\/span>\n            <\/div>\n<div class=\"flex items-center justify-center gap-x-1 font-bold md:justify-start\">\n            <span class=\"text-sm line-through\">349,99 $<\/span><br \/>\n            <span class=\"text-sm text-brand-green\">\u00c9conomisez 210,00 $<\/span>\n        <\/div>\n<\/p><\/div>\n<div class=\"flex w-full gap-x-5\">\n<div class=\"flex w-full flex-col flex-nowrap justify-center gap-2 text-black no-underline md:order-2 md:gap-y-6\">\n<div class=\"flex flex-col justify-between gap-y-2 md:w-full md:gap-y-1\">\n<div class=\"block font-sans text-xs font-semibold capitalize leading-3 text-gray-900 md:leading-4\">\u00c9couteurs sans fil de bruit actif, r\u00e9duisez le bruit jusqu&rsquo;\u00e0 98%, ultra-long 50h du temps de jeu, 10h<\/div>\n<div class=\"block w-fit cursor-pointer font-akshar text-lg font-medium leading-5 text-brand-green duration-200 ease-in-out hover:text-brand-green-700 md:text-xl md:leading-6\">\n<p>                            SoundCore par Anker Space A40\n                        <\/p><\/div>\n<\/p><\/div>\n<div class=\"hidden md:flex md:justify-between md:gap-x-4\">\n<div class=\"w-full mb-0 md:flex md:flex-col md:justify-center font-sans leading-4 text-black\">\n<div class=\"flex flex-wrap items-center justify-center gap-1 md:justify-start\">\n        <span class=\"font-bold\"><\/p>\n<p>            44,58 $<br \/>\n                            <span class=\"font-medium\">\u00e0 Amazon<\/span><br \/>\n                    <\/span>\n            <\/div>\n<div class=\"flex items-center justify-center gap-x-1 font-bold md:justify-start\">\n            <span class=\"text-sm line-through\">79,99 $<\/span><br \/>\n            <span class=\"text-sm text-brand-green\">\u00c9conomisez 35,41 $<\/span>\n        <\/div>\n<\/p><\/div>\n<p>                            <button class=\"flex justify-center items-center w-full bg-brand-green text-white text-base font-sans font-medium rounded-md hover:bg-brand-green-700 hover:cursor-pointer md:text-sm hidden self-end h-12 max-w-(10rem) duration-200 ease-in-out hover:bg-brand-green-700 md:flex md:h-10\"><\/p>\n<p>    Conclure un accord<br \/>\n<\/button>\n                        <\/div>\n<\/p><\/div>\n<div class=\"flex aspect-video h-(90px) shrink-0 items-center justify-center self-center md:order-1\">\n                        <img decoding=\"async\" class=\"m-0 max-h-full max-w-full rounded-md\" src=\"https:\/\/vieassociative.be\/actualites\/wp-content\/uploads\/2025\/09\/1757596619_240_Les-meilleures-ventes-sur-les-ecouteurs-et-les-ecouteurs-en.jpg\" alt=\"Anker Soundcore Space A40\" width=\"auto\" height=\"auto\" loading=\"lazy\">\n                    <\/div>\n<\/p><\/div>\n<p>                            <button class=\"flex justify-center items-center w-full bg-brand-green text-white text-base font-sans font-medium rounded-md hover:bg-brand-green-700 hover:cursor-pointer md:text-sm w-full h-12 duration-200 ease-in-out hover:bg-brand-green-700 md:hidden md:h-10\"><\/p>\n<p>    Conclure un accord<br \/>\n<\/button><\/p>\n<div class=\"flex flex-col items-center w-full md:hidden font-sans leading-4 text-black\">\n<div class=\"flex flex-wrap items-center justify-center gap-1 md:justify-start\">\n        <span class=\"font-bold\"><\/p>\n<p>            44,58 $<br \/>\n                            <span class=\"font-medium\">\u00e0 Amazon<\/span><br \/>\n                    <\/span>\n            <\/div>\n<div class=\"flex items-center justify-center gap-x-1 font-bold md:justify-start\">\n            <span class=\"text-sm line-through\">79,99 $<\/span><br \/>\n            <span class=\"text-sm text-brand-green\">\u00c9conomisez 35,41 $<\/span>\n        <\/div>\n<\/p><\/div>\n<div class=\"flex w-full gap-x-5\">\n<div class=\"flex w-full flex-col flex-nowrap justify-center gap-2 text-black no-underline md:order-2 md:gap-y-6\">\n<div class=\"flex flex-col justify-between gap-y-2 md:w-full md:gap-y-1\">\n<div class=\"block font-sans text-xs font-semibold capitalize leading-3 text-gray-900 md:leading-4\">Vraies \u00e9couteurs Bluetooth sans fil, annulation de bruit actif, son puissant, appels clairs<\/div>\n<div class=\"block w-fit cursor-pointer font-akshar text-lg font-medium leading-5 text-brand-green duration-200 ease-in-out hover:text-brand-green-700 md:text-xl md:leading-6\">\n<p>                            Samsung Galaxy Buds 3 Fe + Galaxy SmartTag2\n                        <\/p><\/div>\n<\/p><\/div>\n<div class=\"hidden md:flex md:justify-between md:gap-x-4\">\n<div class=\"w-full mb-0 md:flex md:flex-col md:justify-center font-sans leading-4 text-black\">\n<div class=\"flex flex-wrap items-center justify-center gap-1 md:justify-start\">\n        <span class=\"font-bold\"><\/p>\n<p>            149,99 $<br \/>\n                            <span class=\"font-medium\">\u00e0 Amazon<\/span><br \/>\n                    <\/span>\n            <\/div>\n<div class=\"flex items-center justify-center gap-x-1 font-bold md:justify-start\">\n            <span class=\"text-sm line-through\">179,98 $<\/span><br \/>\n            <span class=\"text-sm text-brand-green\">\u00c9conomisez 29,99 $<\/span>\n        <\/div>\n<\/p><\/div>\n<p>                            <button class=\"flex justify-center items-center w-full bg-brand-green text-white text-base font-sans font-medium rounded-md hover:bg-brand-green-700 hover:cursor-pointer md:text-sm hidden self-end h-12 max-w-(10rem) duration-200 ease-in-out hover:bg-brand-green-700 md:flex md:h-10\"><\/p>\n<p>    Conclure un accord<br \/>\n<\/button>\n                        <\/div>\n<\/p><\/div>\n<div class=\"flex aspect-video h-(90px) shrink-0 items-center justify-center self-center md:order-1\">\n                        <img decoding=\"async\" class=\"m-0 max-h-full max-w-full rounded-md\" src=\"https:\/\/vieassociative.be\/actualites\/wp-content\/uploads\/2025\/09\/1757596619_94_Les-meilleures-ventes-sur-les-ecouteurs-et-les-ecouteurs-en.jpg\" alt=\"Samsung Galaxy Buds 3 Fe (2025) + Galaxy SmartTag2, v\u00e9ritables \u00e9couteurs Bluetooth sans fil, annulation de bruit actif, son puissant, appels clairs, batterie de longue dur\u00e9e, noir (version am\u00e9ricaine, garantie de 2 ans)\" width=\"auto\" height=\"auto\" loading=\"lazy\">\n                    <\/div>\n<\/p><\/div>\n<p>                            <button class=\"flex justify-center items-center w-full bg-brand-green text-white text-base font-sans font-medium rounded-md hover:bg-brand-green-700 hover:cursor-pointer md:text-sm w-full h-12 duration-200 ease-in-out hover:bg-brand-green-700 md:hidden md:h-10\"><\/p>\n<p>    Conclure un accord<br \/>\n<\/button><\/p>\n<div class=\"flex flex-col items-center w-full md:hidden font-sans leading-4 text-black\">\n<div class=\"flex flex-wrap items-center justify-center gap-1 md:justify-start\">\n        <span class=\"font-bold\"><\/p>\n<p>            149,99 $<br \/>\n                            <span class=\"font-medium\">\u00e0 Amazon<\/span><br \/>\n                    <\/span>\n            <\/div>\n<div class=\"flex items-center justify-center gap-x-1 font-bold md:justify-start\">\n            <span class=\"text-sm line-through\">179,98 $<\/span><br \/>\n            <span class=\"text-sm text-brand-green\">\u00c9conomisez 29,99 $<\/span>\n        <\/div>\n<\/p><\/div>\n<div class=\"flex w-full gap-x-5\">\n<div class=\"flex w-full flex-col flex-nowrap justify-center gap-2 text-black no-underline md:order-2 md:gap-y-6\">\n<div class=\"flex flex-col justify-between gap-y-2 md:w-full md:gap-y-1\">\n<div class=\"block font-sans text-xs font-semibold capitalize leading-3 text-gray-900 md:leading-4\">Autonomie de la batterie de 50 heures, audio, annulation de bruit hybride (ANC), confort toute la journ\u00e9e<\/div>\n<div class=\"block w-fit cursor-pointer font-akshar text-lg font-medium leading-5 text-brand-green duration-200 ease-in-out hover:text-brand-green-700 md:text-xl md:leading-6\">\n<p>                            Casque Sennheiser Accentum\n                        <\/p><\/div>\n<\/p><\/div>\n<div class=\"hidden md:flex md:justify-between md:gap-x-4\">\n<div class=\"w-full mb-0 md:flex md:flex-col md:justify-center font-sans leading-4 text-black\">\n<div class=\"flex flex-wrap items-center justify-center gap-1 md:justify-start\">\n        <span class=\"font-bold\"><\/p>\n<p>            106,84 $<br \/>\n                            <span class=\"font-medium\">\u00e0 Amazon<\/span><br \/>\n                    <\/span>\n            <\/div>\n<div class=\"flex items-center justify-center gap-x-1 font-bold md:justify-start\">\n            <span class=\"text-sm line-through\">189,95 $<\/span><br \/>\n            <span class=\"text-sm text-brand-green\">\u00c9conomisez 83,11 $<\/span>\n        <\/div>\n<\/p><\/div>\n<p>                            <button class=\"flex justify-center items-center w-full bg-brand-green text-white text-base font-sans font-medium rounded-md hover:bg-brand-green-700 hover:cursor-pointer md:text-sm hidden self-end h-12 max-w-(10rem) duration-200 ease-in-out hover:bg-brand-green-700 md:flex md:h-10\"><\/p>\n<p>    Conclure un accord<br \/>\n<\/button>\n                        <\/div>\n<\/p><\/div>\n<div class=\"flex aspect-video h-(90px) shrink-0 items-center justify-center self-center md:order-1\">\n                        <img decoding=\"async\" class=\"m-0 max-h-full max-w-full rounded-md\" src=\"https:\/\/vieassociative.be\/actualites\/wp-content\/uploads\/2025\/09\/1757596619_787_Les-meilleures-ventes-sur-les-ecouteurs-et-les-ecouteurs-en.jpg\" alt=\"Sennheiser Consumer Audio Accentum Wireless Bluetooth Headphones - dur\u00e9e de vie de la batterie de 50 heures, audio, annulation de bruit hybride (ANC), confort toute la journ\u00e9e et ramassage de voix claire pour les appels, blanc\" width=\"auto\" height=\"auto\" loading=\"lazy\">\n                    <\/div>\n<\/p><\/div>\n<p>                            <button class=\"flex justify-center items-center w-full bg-brand-green text-white text-base font-sans font-medium rounded-md hover:bg-brand-green-700 hover:cursor-pointer md:text-sm w-full h-12 duration-200 ease-in-out hover:bg-brand-green-700 md:hidden md:h-10\"><\/p>\n<p>    Conclure un accord<br \/>\n<\/button><\/p>\n<div class=\"flex flex-col items-center w-full md:hidden font-sans leading-4 text-black\">\n<div class=\"flex flex-wrap items-center justify-center gap-1 md:justify-start\">\n        <span class=\"font-bold\"><\/p>\n<p>            106,84 $<br \/>\n                            <span class=\"font-medium\">\u00e0 Amazon<\/span><br \/>\n                    <\/span>\n            <\/div>\n<div class=\"flex items-center justify-center gap-x-1 font-bold md:justify-start\">\n            <span class=\"text-sm line-through\">189,95 $<\/span><br \/>\n            <span class=\"text-sm text-brand-green\">\u00c9conomisez 83,11 $<\/span>\n        <\/div>\n<\/p><\/div>\n<div class=\"flex w-full gap-x-5\">\n<div class=\"flex w-full flex-col flex-nowrap justify-center gap-2 text-black no-underline md:order-2 md:gap-y-6\">\n<div class=\"flex flex-col justify-between gap-y-2 md:w-full md:gap-y-1\">\n<div class=\"block font-sans text-xs font-semibold capitalize leading-3 text-gray-900 md:leading-4\">\u00c9couteurs Bluetooth sans fil &#8211; Annulation du bruit, moniteur de fr\u00e9quence cardiaque, IPX4, jusqu&rsquo;\u00e0 45h Battery &#038; Chargin<\/div>\n<div class=\"block w-fit cursor-pointer font-akshar text-lg font-medium leading-5 text-brand-green duration-200 ease-in-out hover:text-brand-green-700 md:text-xl md:leading-6\">\n<p>                            Beats Powerbeats Pro 2\n                        <\/p><\/div>\n<\/p><\/div>\n<div class=\"hidden md:flex md:justify-between md:gap-x-4\">\n<div class=\"w-full mb-0 md:flex md:flex-col md:justify-center font-sans leading-4 text-black\">\n<div class=\"flex flex-wrap items-center justify-center gap-1 md:justify-start\">\n        <span class=\"font-bold\"><\/p>\n<p>            199,95 $<br \/>\n                            <span class=\"font-medium\">\u00e0 Amazon<\/span><br \/>\n                    <\/span>\n            <\/div>\n<div class=\"flex items-center justify-center gap-x-1 font-bold md:justify-start\">\n            <span class=\"text-sm line-through\">249,99 $<\/span><br \/>\n            <span class=\"text-sm text-brand-green\">\u00c9conomisez 50,04 $<\/span>\n        <\/div>\n<\/p><\/div>\n<p>                            <button class=\"flex justify-center items-center w-full bg-brand-green text-white text-base font-sans font-medium rounded-md hover:bg-brand-green-700 hover:cursor-pointer md:text-sm hidden self-end h-12 max-w-(10rem) duration-200 ease-in-out hover:bg-brand-green-700 md:flex md:h-10\"><\/p>\n<p>    Conclure un accord<br \/>\n<\/button>\n                        <\/div>\n<\/p><\/div>\n<div class=\"flex aspect-video h-(90px) shrink-0 items-center justify-center self-center md:order-1\">\n                        <img decoding=\"async\" class=\"m-0 max-h-full max-w-full rounded-md\" src=\"https:\/\/vieassociative.be\/actualites\/wp-content\/uploads\/2025\/09\/1757596619_386_Les-meilleures-ventes-sur-les-ecouteurs-et-les-ecouteurs-en.jpg\" alt=\"Beats Powerbeats Pro 2\" width=\"auto\" height=\"auto\" loading=\"lazy\">\n                    <\/div>\n<\/p><\/div>\n<p>                            <button class=\"flex justify-center items-center w-full bg-brand-green text-white text-base font-sans font-medium rounded-md hover:bg-brand-green-700 hover:cursor-pointer md:text-sm w-full h-12 duration-200 ease-in-out hover:bg-brand-green-700 md:hidden md:h-10\"><\/p>\n<p>    Conclure un accord<br \/>\n<\/button><\/p>\n<div class=\"flex flex-col items-center w-full md:hidden font-sans leading-4 text-black\">\n<div class=\"flex flex-wrap items-center justify-center gap-1 md:justify-start\">\n        <span class=\"font-bold\"><\/p>\n<p>            199,95 $<br \/>\n                            <span class=\"font-medium\">\u00e0 Amazon<\/span><br \/>\n                    <\/span>\n            <\/div>\n<div class=\"flex items-center justify-center gap-x-1 font-bold md:justify-start\">\n            <span class=\"text-sm line-through\">249,99 $<\/span><br \/>\n            <span class=\"text-sm text-brand-green\">\u00c9conomisez 50,04 $<\/span>\n        <\/div>\n<\/p><\/div>\n<div class=\"flex w-full gap-x-5\">\n<div class=\"flex w-full flex-col flex-nowrap justify-center gap-2 text-black no-underline md:order-2 md:gap-y-6\">\n<div class=\"flex flex-col justify-between gap-y-2 md:w-full md:gap-y-1\">\n<div class=\"block font-sans text-xs font-semibold capitalize leading-3 text-gray-900 md:leading-4\">\u00c9couteurs d&rsquo;amortissement de bruit premium, optimiseur Auto NC, batterie de 30 heures, contr\u00f4le vocal Alexa<\/div>\n<div class=\"block w-fit cursor-pointer font-akshar text-lg font-medium leading-5 text-brand-green duration-200 ease-in-out hover:text-brand-green-700 md:text-xl md:leading-6\">\n<p>                            \u00c9couteurs Sony WH-1000XM5\n                        <\/p><\/div>\n<\/p><\/div>\n<div class=\"hidden md:flex md:justify-between md:gap-x-4\">\n<div class=\"w-full mb-0 md:flex md:flex-col md:justify-center font-sans leading-4 text-black\">\n<div class=\"flex flex-wrap items-center justify-center gap-1 md:justify-start\">\n        <span class=\"font-bold\"><\/p>\n<p>            285,00 $<br \/>\n                            <span class=\"font-medium\">\u00e0 Amazon<\/span><br \/>\n                    <\/span>\n            <\/div>\n<div class=\"flex items-center justify-center gap-x-1 font-bold md:justify-start\">\n            <span class=\"text-sm line-through\">399,99 $<\/span><br \/>\n            <span class=\"text-sm text-brand-green\">\u00c9conomisez 114,99 $<\/span>\n        <\/div>\n<\/p><\/div>\n<p>                            <button class=\"flex justify-center items-center w-full bg-brand-green text-white text-base font-sans font-medium rounded-md hover:bg-brand-green-700 hover:cursor-pointer md:text-sm hidden self-end h-12 max-w-(10rem) duration-200 ease-in-out hover:bg-brand-green-700 md:flex md:h-10\"><\/p>\n<p>    Conclure un accord<br \/>\n<\/button>\n                        <\/div>\n<\/p><\/div>\n<div class=\"flex aspect-video h-(90px) shrink-0 items-center justify-center self-center md:order-1\">\n                        <img decoding=\"async\" class=\"m-0 max-h-full max-w-full rounded-md\" src=\"https:\/\/vieassociative.be\/actualites\/wp-content\/uploads\/2025\/09\/1757596620_579_Les-meilleures-ventes-sur-les-ecouteurs-et-les-ecouteurs-en.jpg\" alt=\"Sony WH-1000XM5\" width=\"auto\" height=\"auto\" loading=\"lazy\">\n                    <\/div>\n<\/p><\/div>\n<p>                            <button class=\"flex justify-center items-center w-full bg-brand-green text-white text-base font-sans font-medium rounded-md hover:bg-brand-green-700 hover:cursor-pointer md:text-sm w-full h-12 duration-200 ease-in-out hover:bg-brand-green-700 md:hidden md:h-10\"><\/p>\n<p>    Conclure un accord<br \/>\n<\/button><\/p>\n<div class=\"flex flex-col items-center w-full md:hidden font-sans leading-4 text-black\">\n<div class=\"flex flex-wrap items-center justify-center gap-1 md:justify-start\">\n        <span class=\"font-bold\"><\/p>\n<p>            285,00 $<br \/>\n                            <span class=\"font-medium\">\u00e0 Amazon<\/span><br \/>\n                    <\/span>\n            <\/div>\n<div class=\"flex items-center justify-center gap-x-1 font-bold md:justify-start\">\n            <span class=\"text-sm line-through\">399,99 $<\/span><br \/>\n            <span class=\"text-sm text-brand-green\">\u00c9conomisez 114,99 $<\/span>\n        <\/div>\n<\/p><\/div>\n<\/div>\n<h2 id=\"the-marshall-major-v-are-60-off\">Le Marshall Major V co\u00fbte 60 $<\/h2>\n<p>\u00c9l\u00e9gant, longue dur\u00e9e de vie de la batterie et basse en plein essor: c&rsquo;est ce que vous pouvez attendre des \u00e9couteurs Marshall Major V, actuellement <strong>99,99 $<\/strong> (\u00e0 l&rsquo;origine 159,99 $). Bien que vous trouverez d&rsquo;autres \u00e9couteurs avec plus de fonctionnalit\u00e9s sur cette liste, ceux-ci couvrent habilement toutes les bases, avec un ajustement confortable et un look classique des ann\u00e9es 80. En savoir plus sur ces \u00e9couteurs.<\/p>\n<h2 id=\"the-beats-studio-pro-are-51-off\">Les Beats Studio Pro sont de 51% de r\u00e9duction<\/h2>\n<p>Les \u00e9couteurs Beats sont connus pour leur style et leur compatibilit\u00e9 avec les appareils Apple. Ces deux points sont vrais pour leurs \u00e9couteurs phares, le Beats Studio Pro, qui est actuellement \u00e0 plus de la moiti\u00e9<strong> 139,99 $<\/strong> (\u00e0 l&rsquo;origine 349,99 $) \u00e0 Target pour une paire r\u00e9nov\u00e9e. Ils sont sortis en 2023 et ont obtenu une \u00ab\u00a0bonne\u00a0\u00bb critique de PCMAG, qui a salu\u00e9 leur son sculpt\u00e9, leur confort, leur accessoire premium et leur audio spatial avec suivi de la t\u00eate.<\/p>\n<h2 id=\"anker-space-a40-are-44-off\">Anker Space A40 est de 44%<\/h2>\n<p>Une bonne paire d&rsquo;\u00e9couteurs peut \u00eatre ch\u00e8re, mais vous pouvez toujours obtenir de tr\u00e8s bons \u00e9couteurs ANC m\u00eame si vous n&rsquo;\u00eates pas dispos\u00e9 \u00e0 d\u00e9bourser les gros dollars. Le SoundCore par Anker Space A40 vous donne autant de fonctionnalit\u00e9s et encore mieux ANC que certaines paires haut de gamme sans le prix excessif. L&rsquo;endroit principal o\u00f9 ces \u00e9couteurs \u00e9chouent consiste \u00e0 capturer votre voix lors des appels. Mais si vous avez un budget serr\u00e9, le SoundCore d&rsquo;Anker Space A40 fait un excellent travail.<\/p>\n<h2 id=\"samsung-galaxy-buds-3-fe-come-with-a-free-galaxy-smarttag2\">Samsung Galaxy Buds 3 Fe venez avec un Galaxy SmartTag2 gratuit<\/h2>\n<p>Les nouveaux \u00e9couteurs budg\u00e9taires de Samsung, le Galaxy Buds 3 Fe, sont le dernier mod\u00e8le de la s\u00e9rie Galaxy Buds 3, et ils voient d\u00e9j\u00e0 beaucoup de choses malgr\u00e9 leur sortie ce mois-ci. Vous pouvez les obtenir avec un tracker SmartTag2 gratuit pour <strong>149,99 $<\/strong> (\u00e0 l&rsquo;origine 179,98 $). Ils offrent une prise en charge de l&rsquo;audio 24 bits qui vous permet de jouer au son Hi-Fi, ce qui n&rsquo;est pas tr\u00e8s courant. Il pr\u00e9sente \u00e9galement ANC, que Samsung pr\u00e9tend s&rsquo;\u00eatre am\u00e9lior\u00e9e par rapport \u00e0 la g\u00e9n\u00e9ration pr\u00e9c\u00e9dente. Quelque chose de nouveau est l&rsquo;appel cristallin de Samsung, qui utilise l&rsquo;IA pour vous aider \u00e0 isoler votre voix lorsque vous \u00eates sur un appel. Les micros sont d\u00e9sormais \u00e9galement confront\u00e9s \u00e0 votre bouche, donc cela devrait entra\u00eener une meilleure qualit\u00e9 d&rsquo;appel globale.<\/p>\n<h2 id=\"sennheiser-accentum-headphones-are-44-off\">Les \u00e9couteurs Sennheiser Accentum sont de 44%<\/h2>\n<p>L&rsquo;accent Sennheiser a offert une grande valeur depuis sa sortie en 2023. Mais pour <strong>106,84 $<\/strong> (\u00e0 l&rsquo;origine 189,95 $), ils sont encore meilleurs. Ils offrent une prise en charge APTX et APTX HD pour une meilleure qualit\u00e9 audio sur Bluetooth, ANC, Audio USB-C et audio filaire, et sont l\u00e9gers et confortables. Si vous cherchez \u00e0 obtenir de longues s\u00e9ances d&rsquo;\u00e9coute, vous pouvez le faire avec les 50 heures d&rsquo;autonomie.<\/p>\n<h2 id=\"beats-powerbeats-pro-2-are-50-off\">Beats Powerbeats Pro 2 co\u00fbte 50 $<\/h2>\n<p>Les nouveaux Powerbeats Pro 2 sont <strong>199,95 $<\/strong> (\u00e0 l&rsquo;origine 249,99 $), et comme l&rsquo;explique la critique de Beth Skwarecki, ce sont de grands \u00e9couteurs pour travailler. Les nouveaux crochets d&rsquo;oreille sont plus petits et sont en alliage de nickel-titane, les rendant flexibles et durables. Il y a quatre tailles de dessus d&rsquo;oreilles, vous pouvez donc obtenir un joint serr\u00e9 pour profiter de l&rsquo;annulation du bruit active (ANC) et de la qualit\u00e9 audio. Vous pouvez \u00e9galement entendre votre environnement avec son mode de transparence, une fonctionnalit\u00e9 critique pour courir \u00e0 l&rsquo;ext\u00e9rieur. <\/p>\n","protected":false},"excerpt":{"rendered":"<p>Obtenez les meilleures offres sur Samsung, Beats, Sony et d&rsquo;autres \u00e9couteurs disponibles d\u00e8s maintenant. Saviez-vous que vous pouvez personnaliser Google pour filtrer les ordures? Prendre<\/p>\n","protected":false},"author":1,"featured_media":9970,"comment_status":"","ping_status":"","sticky":false,"template":"","format":"standard","meta":{"footnotes":""},"categories":[13],"tags":[1537,14,79,1429,33,1448],"class_list":["post-9969","post","type-post","status-publish","format-standard","has-post-thumbnail","hentry","category-technologie","tag-ecouteurs","tag-les","tag-meilleures","tag-moment","tag-sur","tag-ventes","generate-columns","tablet-grid-50","mobile-grid-100","grid-parent","grid-33"],"yoast_head":"<!-- This site is optimized with the Yoast SEO plugin v24.0 - https:\/\/yoast.com\/wordpress\/plugins\/seo\/ -->\n<title>Les meilleures ventes sur les \u00e9couteurs et les \u00e9couteurs en ce moment | Vie Associative<\/title>\n<meta name=\"robots\" content=\"index, follow, max-snippet:-1, max-image-preview:large, max-video-preview:-1\" \/>\n<link rel=\"canonical\" href=\"https:\/\/vieassociative.be\/actualites\/les-meilleures-ventes-sur-les-ecouteurs-et-les-ecouteurs-en-ce-moment\/\" \/>\n<meta property=\"og:locale\" content=\"fr_FR\" \/>\n<meta property=\"og:type\" content=\"article\" \/>\n<meta property=\"og:title\" content=\"Les meilleures ventes sur les \u00e9couteurs et les \u00e9couteurs en ce moment | Vie Associative\" \/>\n<meta property=\"og:description\" content=\"Obtenez les meilleures offres sur Samsung, Beats, Sony et d&rsquo;autres \u00e9couteurs disponibles d\u00e8s maintenant. Saviez-vous que vous pouvez personnaliser Google pour filtrer les ordures? Prendre\" \/>\n<meta property=\"og:url\" content=\"https:\/\/vieassociative.be\/actualites\/les-meilleures-ventes-sur-les-ecouteurs-et-les-ecouteurs-en-ce-moment\/\" \/>\n<meta property=\"og:site_name\" content=\"Vie Associative\" \/>\n<meta property=\"article:published_time\" content=\"2025-09-11T13:17:00+00:00\" \/>\n<meta property=\"og:image\" content=\"https:\/\/vieassociative.be\/actualites\/wp-content\/uploads\/2025\/09\/Les-meilleures-ventes-sur-les-ecouteurs-et-les-ecouteurs-en.jpg\" \/>\n<meta name=\"author\" content=\"Julien\" \/>\n<meta name=\"twitter:card\" content=\"summary_large_image\" \/>\n<meta name=\"twitter:label1\" content=\"\u00c9crit par\" \/>\n\t<meta name=\"twitter:data1\" content=\"Julien\" \/>\n\t<meta name=\"twitter:label2\" content=\"Dur\u00e9e de lecture est.\" \/>\n\t<meta name=\"twitter:data2\" content=\"5 minutes\" \/>\n<script type=\"application\/ld+json\" class=\"yoast-schema-graph\">{\"@context\":\"https:\/\/schema.org\",\"@graph\":[{\"@type\":\"Article\",\"@id\":\"https:\/\/vieassociative.be\/actualites\/les-meilleures-ventes-sur-les-ecouteurs-et-les-ecouteurs-en-ce-moment\/#article\",\"isPartOf\":{\"@id\":\"https:\/\/vieassociative.be\/actualites\/les-meilleures-ventes-sur-les-ecouteurs-et-les-ecouteurs-en-ce-moment\/\"},\"author\":{\"name\":\"Julien\",\"@id\":\"https:\/\/vieassociative.be\/actualites\/#\/schema\/person\/b87ac4f82f9d4e7b7cec7395b679edc4\"},\"headline\":\"Les meilleures ventes sur les \u00e9couteurs et les \u00e9couteurs en ce moment\",\"datePublished\":\"2025-09-11T13:17:00+00:00\",\"dateModified\":\"2025-09-11T13:17:00+00:00\",\"mainEntityOfPage\":{\"@id\":\"https:\/\/vieassociative.be\/actualites\/les-meilleures-ventes-sur-les-ecouteurs-et-les-ecouteurs-en-ce-moment\/\"},\"wordCount\":973,\"publisher\":{\"@id\":\"https:\/\/vieassociative.be\/actualites\/#organization\"},\"image\":{\"@id\":\"https:\/\/vieassociative.be\/actualites\/les-meilleures-ventes-sur-les-ecouteurs-et-les-ecouteurs-en-ce-moment\/#primaryimage\"},\"thumbnailUrl\":\"https:\/\/vieassociative.be\/actualites\/wp-content\/uploads\/2025\/09\/1757596622_Les-meilleures-ventes-sur-les-ecouteurs-et-les-ecouteurs-en.png\",\"keywords\":[\"\u00e9couteurs\",\"Les\",\"meilleures\",\"moment\",\"sur\",\"ventes\"],\"articleSection\":[\"Technologie\"],\"inLanguage\":\"fr-BE\"},{\"@type\":\"WebPage\",\"@id\":\"https:\/\/vieassociative.be\/actualites\/les-meilleures-ventes-sur-les-ecouteurs-et-les-ecouteurs-en-ce-moment\/\",\"url\":\"https:\/\/vieassociative.be\/actualites\/les-meilleures-ventes-sur-les-ecouteurs-et-les-ecouteurs-en-ce-moment\/\",\"name\":\"Les meilleures ventes sur les \u00e9couteurs et les \u00e9couteurs en ce moment | Vie Associative\",\"isPartOf\":{\"@id\":\"https:\/\/vieassociative.be\/actualites\/#website\"},\"primaryImageOfPage\":{\"@id\":\"https:\/\/vieassociative.be\/actualites\/les-meilleures-ventes-sur-les-ecouteurs-et-les-ecouteurs-en-ce-moment\/#primaryimage\"},\"image\":{\"@id\":\"https:\/\/vieassociative.be\/actualites\/les-meilleures-ventes-sur-les-ecouteurs-et-les-ecouteurs-en-ce-moment\/#primaryimage\"},\"thumbnailUrl\":\"https:\/\/vieassociative.be\/actualites\/wp-content\/uploads\/2025\/09\/1757596622_Les-meilleures-ventes-sur-les-ecouteurs-et-les-ecouteurs-en.png\",\"datePublished\":\"2025-09-11T13:17:00+00:00\",\"dateModified\":\"2025-09-11T13:17:00+00:00\",\"breadcrumb\":{\"@id\":\"https:\/\/vieassociative.be\/actualites\/les-meilleures-ventes-sur-les-ecouteurs-et-les-ecouteurs-en-ce-moment\/#breadcrumb\"},\"inLanguage\":\"fr-BE\",\"potentialAction\":[{\"@type\":\"ReadAction\",\"target\":[\"https:\/\/vieassociative.be\/actualites\/les-meilleures-ventes-sur-les-ecouteurs-et-les-ecouteurs-en-ce-moment\/\"]}]},{\"@type\":\"ImageObject\",\"inLanguage\":\"fr-BE\",\"@id\":\"https:\/\/vieassociative.be\/actualites\/les-meilleures-ventes-sur-les-ecouteurs-et-les-ecouteurs-en-ce-moment\/#primaryimage\",\"url\":\"https:\/\/vieassociative.be\/actualites\/wp-content\/uploads\/2025\/09\/1757596622_Les-meilleures-ventes-sur-les-ecouteurs-et-les-ecouteurs-en.png\",\"contentUrl\":\"https:\/\/vieassociative.be\/actualites\/wp-content\/uploads\/2025\/09\/1757596622_Les-meilleures-ventes-sur-les-ecouteurs-et-les-ecouteurs-en.png\",\"width\":1200,\"height\":675,\"caption\":\"Les meilleures ventes sur les \u00e9couteurs et les \u00e9couteurs en ce moment\"},{\"@type\":\"BreadcrumbList\",\"@id\":\"https:\/\/vieassociative.be\/actualites\/les-meilleures-ventes-sur-les-ecouteurs-et-les-ecouteurs-en-ce-moment\/#breadcrumb\",\"itemListElement\":[{\"@type\":\"ListItem\",\"position\":1,\"name\":\"Accueil\",\"item\":\"https:\/\/vieassociative.be\/actualites\/\"},{\"@type\":\"ListItem\",\"position\":2,\"name\":\"Les meilleures ventes sur les \u00e9couteurs et les \u00e9couteurs en ce moment\"}]},{\"@type\":\"WebSite\",\"@id\":\"https:\/\/vieassociative.be\/actualites\/#website\",\"url\":\"https:\/\/vieassociative.be\/actualites\/\",\"name\":\"Vie Associative\",\"description\":\"\",\"publisher\":{\"@id\":\"https:\/\/vieassociative.be\/actualites\/#organization\"},\"potentialAction\":[{\"@type\":\"SearchAction\",\"target\":{\"@type\":\"EntryPoint\",\"urlTemplate\":\"https:\/\/vieassociative.be\/actualites\/?s={search_term_string}\"},\"query-input\":{\"@type\":\"PropertyValueSpecification\",\"valueRequired\":true,\"valueName\":\"search_term_string\"}}],\"inLanguage\":\"fr-BE\"},{\"@type\":\"Organization\",\"@id\":\"https:\/\/vieassociative.be\/actualites\/#organization\",\"name\":\"Vie Associative\",\"url\":\"https:\/\/vieassociative.be\/actualites\/\",\"logo\":{\"@type\":\"ImageObject\",\"inLanguage\":\"fr-BE\",\"@id\":\"https:\/\/vieassociative.be\/actualites\/#\/schema\/logo\/image\/\",\"url\":\"https:\/\/vieassociative.be\/actualites\/wp-content\/uploads\/2024\/09\/cropped-vieassociative_favicon.ico.png\",\"contentUrl\":\"https:\/\/vieassociative.be\/actualites\/wp-content\/uploads\/2024\/09\/cropped-vieassociative_favicon.ico.png\",\"width\":512,\"height\":512,\"caption\":\"Vie Associative\"},\"image\":{\"@id\":\"https:\/\/vieassociative.be\/actualites\/#\/schema\/logo\/image\/\"}},{\"@type\":\"Person\",\"@id\":\"https:\/\/vieassociative.be\/actualites\/#\/schema\/person\/b87ac4f82f9d4e7b7cec7395b679edc4\",\"name\":\"Julien\",\"image\":{\"@type\":\"ImageObject\",\"inLanguage\":\"fr-BE\",\"@id\":\"https:\/\/vieassociative.be\/actualites\/#\/schema\/person\/image\/\",\"url\":\"https:\/\/vieassociative.be\/actualites\/wp-content\/uploads\/2024\/09\/vie-associative-1-150x150.jpg\",\"contentUrl\":\"https:\/\/vieassociative.be\/actualites\/wp-content\/uploads\/2024\/09\/vie-associative-1-150x150.jpg\",\"caption\":\"Julien\"},\"description\":\"Je suis Julien, r\u00e9dacteur pour Vie Associative. Passionn\u00e9 par le monde associatif depuis plus de 10 ans, j'ai \u00e0 c\u0153ur de partager des histoires inspirantes et de mettre en lumi\u00e8re les initiatives locales. Mon objectif est de sensibiliser et d'encourager l'engagement communautaire \u00e0 travers mes articles.\",\"sameAs\":[\"https:\/\/vieassociative.be\/\"]}]}<\/script>\n<!-- \/ Yoast SEO plugin. -->","yoast_head_json":{"title":"Les meilleures ventes sur les \u00e9couteurs et les \u00e9couteurs en ce moment | Vie Associative","robots":{"index":"index","follow":"follow","max-snippet":"max-snippet:-1","max-image-preview":"max-image-preview:large","max-video-preview":"max-video-preview:-1"},"canonical":"https:\/\/vieassociative.be\/actualites\/les-meilleures-ventes-sur-les-ecouteurs-et-les-ecouteurs-en-ce-moment\/","og_locale":"fr_FR","og_type":"article","og_title":"Les meilleures ventes sur les \u00e9couteurs et les \u00e9couteurs en ce moment | Vie Associative","og_description":"Obtenez les meilleures offres sur Samsung, Beats, Sony et d&rsquo;autres \u00e9couteurs disponibles d\u00e8s maintenant. Saviez-vous que vous pouvez personnaliser Google pour filtrer les ordures? Prendre","og_url":"https:\/\/vieassociative.be\/actualites\/les-meilleures-ventes-sur-les-ecouteurs-et-les-ecouteurs-en-ce-moment\/","og_site_name":"Vie Associative","article_published_time":"2025-09-11T13:17:00+00:00","og_image":[{"url":"https:\/\/vieassociative.be\/actualites\/wp-content\/uploads\/2025\/09\/Les-meilleures-ventes-sur-les-ecouteurs-et-les-ecouteurs-en.jpg","type":"","width":"","height":""}],"author":"Julien","twitter_card":"summary_large_image","twitter_misc":{"\u00c9crit par":"Julien","Dur\u00e9e de lecture est.":"5 minutes"},"schema":{"@context":"https:\/\/schema.org","@graph":[{"@type":"Article","@id":"https:\/\/vieassociative.be\/actualites\/les-meilleures-ventes-sur-les-ecouteurs-et-les-ecouteurs-en-ce-moment\/#article","isPartOf":{"@id":"https:\/\/vieassociative.be\/actualites\/les-meilleures-ventes-sur-les-ecouteurs-et-les-ecouteurs-en-ce-moment\/"},"author":{"name":"Julien","@id":"https:\/\/vieassociative.be\/actualites\/#\/schema\/person\/b87ac4f82f9d4e7b7cec7395b679edc4"},"headline":"Les meilleures ventes sur les \u00e9couteurs et les \u00e9couteurs en ce moment","datePublished":"2025-09-11T13:17:00+00:00","dateModified":"2025-09-11T13:17:00+00:00","mainEntityOfPage":{"@id":"https:\/\/vieassociative.be\/actualites\/les-meilleures-ventes-sur-les-ecouteurs-et-les-ecouteurs-en-ce-moment\/"},"wordCount":973,"publisher":{"@id":"https:\/\/vieassociative.be\/actualites\/#organization"},"image":{"@id":"https:\/\/vieassociative.be\/actualites\/les-meilleures-ventes-sur-les-ecouteurs-et-les-ecouteurs-en-ce-moment\/#primaryimage"},"thumbnailUrl":"https:\/\/vieassociative.be\/actualites\/wp-content\/uploads\/2025\/09\/1757596622_Les-meilleures-ventes-sur-les-ecouteurs-et-les-ecouteurs-en.png","keywords":["\u00e9couteurs","Les","meilleures","moment","sur","ventes"],"articleSection":["Technologie"],"inLanguage":"fr-BE"},{"@type":"WebPage","@id":"https:\/\/vieassociative.be\/actualites\/les-meilleures-ventes-sur-les-ecouteurs-et-les-ecouteurs-en-ce-moment\/","url":"https:\/\/vieassociative.be\/actualites\/les-meilleures-ventes-sur-les-ecouteurs-et-les-ecouteurs-en-ce-moment\/","name":"Les meilleures ventes sur les \u00e9couteurs et les \u00e9couteurs en ce moment | Vie Associative","isPartOf":{"@id":"https:\/\/vieassociative.be\/actualites\/#website"},"primaryImageOfPage":{"@id":"https:\/\/vieassociative.be\/actualites\/les-meilleures-ventes-sur-les-ecouteurs-et-les-ecouteurs-en-ce-moment\/#primaryimage"},"image":{"@id":"https:\/\/vieassociative.be\/actualites\/les-meilleures-ventes-sur-les-ecouteurs-et-les-ecouteurs-en-ce-moment\/#primaryimage"},"thumbnailUrl":"https:\/\/vieassociative.be\/actualites\/wp-content\/uploads\/2025\/09\/1757596622_Les-meilleures-ventes-sur-les-ecouteurs-et-les-ecouteurs-en.png","datePublished":"2025-09-11T13:17:00+00:00","dateModified":"2025-09-11T13:17:00+00:00","breadcrumb":{"@id":"https:\/\/vieassociative.be\/actualites\/les-meilleures-ventes-sur-les-ecouteurs-et-les-ecouteurs-en-ce-moment\/#breadcrumb"},"inLanguage":"fr-BE","potentialAction":[{"@type":"ReadAction","target":["https:\/\/vieassociative.be\/actualites\/les-meilleures-ventes-sur-les-ecouteurs-et-les-ecouteurs-en-ce-moment\/"]}]},{"@type":"ImageObject","inLanguage":"fr-BE","@id":"https:\/\/vieassociative.be\/actualites\/les-meilleures-ventes-sur-les-ecouteurs-et-les-ecouteurs-en-ce-moment\/#primaryimage","url":"https:\/\/vieassociative.be\/actualites\/wp-content\/uploads\/2025\/09\/1757596622_Les-meilleures-ventes-sur-les-ecouteurs-et-les-ecouteurs-en.png","contentUrl":"https:\/\/vieassociative.be\/actualites\/wp-content\/uploads\/2025\/09\/1757596622_Les-meilleures-ventes-sur-les-ecouteurs-et-les-ecouteurs-en.png","width":1200,"height":675,"caption":"Les meilleures ventes sur les \u00e9couteurs et les \u00e9couteurs en ce moment"},{"@type":"BreadcrumbList","@id":"https:\/\/vieassociative.be\/actualites\/les-meilleures-ventes-sur-les-ecouteurs-et-les-ecouteurs-en-ce-moment\/#breadcrumb","itemListElement":[{"@type":"ListItem","position":1,"name":"Accueil","item":"https:\/\/vieassociative.be\/actualites\/"},{"@type":"ListItem","position":2,"name":"Les meilleures ventes sur les \u00e9couteurs et les \u00e9couteurs en ce moment"}]},{"@type":"WebSite","@id":"https:\/\/vieassociative.be\/actualites\/#website","url":"https:\/\/vieassociative.be\/actualites\/","name":"Vie Associative","description":"","publisher":{"@id":"https:\/\/vieassociative.be\/actualites\/#organization"},"potentialAction":[{"@type":"SearchAction","target":{"@type":"EntryPoint","urlTemplate":"https:\/\/vieassociative.be\/actualites\/?s={search_term_string}"},"query-input":{"@type":"PropertyValueSpecification","valueRequired":true,"valueName":"search_term_string"}}],"inLanguage":"fr-BE"},{"@type":"Organization","@id":"https:\/\/vieassociative.be\/actualites\/#organization","name":"Vie Associative","url":"https:\/\/vieassociative.be\/actualites\/","logo":{"@type":"ImageObject","inLanguage":"fr-BE","@id":"https:\/\/vieassociative.be\/actualites\/#\/schema\/logo\/image\/","url":"https:\/\/vieassociative.be\/actualites\/wp-content\/uploads\/2024\/09\/cropped-vieassociative_favicon.ico.png","contentUrl":"https:\/\/vieassociative.be\/actualites\/wp-content\/uploads\/2024\/09\/cropped-vieassociative_favicon.ico.png","width":512,"height":512,"caption":"Vie Associative"},"image":{"@id":"https:\/\/vieassociative.be\/actualites\/#\/schema\/logo\/image\/"}},{"@type":"Person","@id":"https:\/\/vieassociative.be\/actualites\/#\/schema\/person\/b87ac4f82f9d4e7b7cec7395b679edc4","name":"Julien","image":{"@type":"ImageObject","inLanguage":"fr-BE","@id":"https:\/\/vieassociative.be\/actualites\/#\/schema\/person\/image\/","url":"https:\/\/vieassociative.be\/actualites\/wp-content\/uploads\/2024\/09\/vie-associative-1-150x150.jpg","contentUrl":"https:\/\/vieassociative.be\/actualites\/wp-content\/uploads\/2024\/09\/vie-associative-1-150x150.jpg","caption":"Julien"},"description":"Je suis Julien, r\u00e9dacteur pour Vie Associative. Passionn\u00e9 par le monde associatif depuis plus de 10 ans, j'ai \u00e0 c\u0153ur de partager des histoires inspirantes et de mettre en lumi\u00e8re les initiatives locales. Mon objectif est de sensibiliser et d'encourager l'engagement communautaire \u00e0 travers mes articles.","sameAs":["https:\/\/vieassociative.be\/"]}]}},"_links":{"self":[{"href":"https:\/\/vieassociative.be\/actualites\/wp-json\/wp\/v2\/posts\/9969"}],"collection":[{"href":"https:\/\/vieassociative.be\/actualites\/wp-json\/wp\/v2\/posts"}],"about":[{"href":"https:\/\/vieassociative.be\/actualites\/wp-json\/wp\/v2\/types\/post"}],"author":[{"embeddable":true,"href":"https:\/\/vieassociative.be\/actualites\/wp-json\/wp\/v2\/users\/1"}],"replies":[{"embeddable":true,"href":"https:\/\/vieassociative.be\/actualites\/wp-json\/wp\/v2\/comments?post=9969"}],"version-history":[{"count":0,"href":"https:\/\/vieassociative.be\/actualites\/wp-json\/wp\/v2\/posts\/9969\/revisions"}],"wp:featuredmedia":[{"embeddable":true,"href":"https:\/\/vieassociative.be\/actualites\/wp-json\/wp\/v2\/media\/9970"}],"wp:attachment":[{"href":"https:\/\/vieassociative.be\/actualites\/wp-json\/wp\/v2\/media?parent=9969"}],"wp:term":[{"taxonomy":"category","embeddable":true,"href":"https:\/\/vieassociative.be\/actualites\/wp-json\/wp\/v2\/categories?post=9969"},{"taxonomy":"post_tag","embeddable":true,"href":"https:\/\/vieassociative.be\/actualites\/wp-json\/wp\/v2\/tags?post=9969"}],"curies":[{"name":"wp","href":"https:\/\/api.w.org\/{rel}","templated":true}]}}