{"id":9958,"date":"2025-09-11T01:17:33","date_gmt":"2025-09-10T23:17:33","guid":{"rendered":"https:\/\/vieassociative.be\/actualites\/tout-ce-quapple-a-annonce-lors-de-son-evenement-awe-droping\/"},"modified":"2025-09-11T01:17:33","modified_gmt":"2025-09-10T23:17:33","slug":"tout-ce-quapple-a-annonce-lors-de-son-evenement-awe-droping","status":"publish","type":"post","link":"https:\/\/vieassociative.be\/actualites\/tout-ce-quapple-a-annonce-lors-de-son-evenement-awe-droping\/","title":{"rendered":"Tout ce qu&rsquo;Apple a annonc\u00e9 lors de son \u00e9v\u00e9nement \u00abAwe Droping\u00bb"},"content":{"rendered":"<div class=\"mt-4 leading-6 md:mb-8\">Mec, cet air iPhone est vraiment mince.<\/div>\n<p><\/p>\n<p><em>Saviez-vous que vous pouvez personnaliser Google pour filtrer les ordures? Prendre ces \u00e9tapes<\/em><em>  Pour de meilleurs r\u00e9sultats de recherche, notamment en ajoutant mon travail chez Vie Associative comme source pr\u00e9f\u00e9r\u00e9e<\/em><em>.<\/em><\/p>\n<hr>\n<p>L&rsquo;\u00e9v\u00e9nement \u00ab\u00a0Awe Droping\u00a0\u00bb d&rsquo;Apple n&rsquo;\u00e9tait peut-\u00eatre pas le discours le plus r\u00e9volutionnaire de l&rsquo;entreprise, mais il a certainement fait beaucoup d&rsquo;annonces en environ 75 minutes. La soci\u00e9t\u00e9 a r\u00e9v\u00e9l\u00e9 de nouveaux produits dans sa gamme dans un certain nombre de cat\u00e9gories, notamment des AirPods mis \u00e0 jour, des montres Apple et des iPhones. Et cela pourrait ne pas \u00eatre une surprise de dire que la plus grande annonce de la journ\u00e9e <em>\u00e9tait<\/em> un iPhone, mais pas l&rsquo;iPhone 17.<\/p>\n<h2 id=\"airpods-pro-3\">AirPods Pro 3<\/h2>\n<div class=\"eloquent-imagery-image\">\n<div class=\"flex justify-center\">\n                    <img decoding=\"async\" class=\"border border-gray-100\" src=\"https:\/\/vieassociative.be\/actualites\/wp-content\/uploads\/2025\/09\/Tout-ce-quApple-a-annonce-lors-de-son-evenement-Awe.png\" alt=\"AirPods Pro 3\" width=\"2000\" height=\"1125\" loading=\"lazy\"  >\n            <\/div>\n<\/p><\/div>\n<p>Apple a donn\u00e9 le coup d&rsquo;envoi de son discours en introduisant l&rsquo;AirPods Pro 3, le premier New AirPods Pro en trois ans. Les \u00e9couteurs mis \u00e0 jour ont une nouvelle \u00ab\u00a0architecture acoustique multi-port\u00a0\u00bb, qui, selon Apple, am\u00e9liore le flux d&rsquo;air qui envoie des sons dans vos oreilles. Ils sont \u00e9galement livr\u00e9s avec de nouveaux conseils infus\u00e9s de mousse que les promesses de l&rsquo;entreprise aideront les \u00e9couteurs \u00e0 proposer deux fois une meilleure annulation de bruit active (ANC) que AirPods Pro 2, et quatre fois mieux ANC que l&rsquo;ARM d&rsquo;origine AirPod Pro. <\/p>\n<div class=\"mx-auto mb-12 mt-5 w-full max-w-3xl rounded-md border-2 border-gray-100 p-3 shadow-md md:px-7 md:pb-7 md:pt-5\" id=\"related-video\">\n<div class=\"mb-3 flex items-center md:mb-5\">\n        <img decoding=\"async\" class=\"mr-4 mt-0 h-10 w-10 md:mr-5 md:h-12 md:w-12\" src=\"https:\/\/vieassociative.be\/actualites\/wp-content\/uploads\/2025\/08\/1754414314_422_Les-brins-du-NYT-daujourdhui-indiquent-et-repondent-pour-le.jpg\" alt=\"Logo Lifehacker\"><\/p><\/div>\n<div class=\"aspect-video w-full overflow-hidden rounded-md\">\n<div id=\"video-container-01K4TY00XH7BG1QT89QDM0GBVQ\"><\/div>\n<\/p><\/div>\n<\/div>\n<p>Cette ann\u00e9e, deux fonctionnalit\u00e9s \u00e9normes sont nouvelles \u00e0 AirPods Pro 3. Le premier est la traduction en direct, qui peut traduire les conversations que vous avez avec d&rsquo;autres personnes en temps r\u00e9el. Vous entendez les traductions dans vos oreilles, tandis que l&rsquo;autre personne peut voir la traduction de ce que vous dites sur l&rsquo;\u00e9cran de votre iPhone. Ce n&rsquo;est pas une fonctionnalit\u00e9 unique, car les \u00e9couteurs de Google peuvent faire la m\u00eame chose, mais c&rsquo;est n\u00e9anmoins un ajout fantastique. <\/p>\n<p>L&rsquo;autre grande fonctionnalit\u00e9 est un capteur de fr\u00e9quence cardiaque qui donne \u00e0 votre AirPods Pro une partie des fonctionnalit\u00e9s d&rsquo;une Apple Watch, vous permettant de suivre jusqu&rsquo;\u00e0 50 types d&rsquo;entra\u00eenement diff\u00e9rents. Vous remarquerez peut-\u00eatre \u00e9galement qu&rsquo;Apple a l\u00e9g\u00e8rement repens\u00e9 ces bourgeons: ils sont maintenant un peu plus petits et incluent cinq tailles pour les nouveaux conseils en mousse. Les Airpods Pro 3 sont class\u00e9s IP57 pour la r\u00e9sistance \u00e0 l&rsquo;eau et \u00e0 la transpiration. Apple dit \u00e9galement que les \u00e9couteurs offriront huit heures d&rsquo;ANC et 10 heures de transparence avant que vous deviez les retenir dans le cas de charge. <\/p>\n<p>Ce qui n&rsquo;a pas chang\u00e9, c&rsquo;est le prix des bourgeons: ils commencent toujours \u00e0 249 $ et sont disponibles pour la pr\u00e9commande aujourd&rsquo;hui. Ils commenceront \u00e0 exp\u00e9dier le 19 septembre. <\/p>\n<h2 id=\"apple-watch\">Apple Watch<\/h2>\n<p>Il y a eu peu de surprises en ce qui concerne l&rsquo;Apple Watch cette ann\u00e9e. Comme les rumeurs l&rsquo;ont sugg\u00e9r\u00e9, appliquait trois nouveaux mod\u00e8les de montres, chacun recevant des mises \u00e0 niveau substantielles sur les appareils pr\u00e9c\u00e9dents. Bien qu&rsquo;aucun ne puisse vous tenter de mettre \u00e0 niveau si votre montre est relativement nouvelle, il y a de bons ajouts ici, en particulier sur le SE plus abordable. <\/p>\n<p>Voici ce qui est nouveau: <\/p>\n<h3>Apple Watch Series 11<\/h3>\n<div class=\"eloquent-imagery-image\">\n<div class=\"flex justify-center\">\n                    <img decoding=\"async\" class=\"border border-gray-100\" src=\"https:\/\/vieassociative.be\/actualites\/wp-content\/uploads\/2025\/09\/1757546252_949_Tout-ce-quApple-a-annonce-lors-de-son-evenement-Awe.png\" alt=\"Apple Watch Series 11\" width=\"2000\" height=\"1125\" loading=\"lazy\"  >\n            <\/div>\n<\/p><\/div>\n<p>Apple a lanc\u00e9 le segment d&rsquo;Apple Watch de l&rsquo;\u00e9v\u00e9nement avec la s\u00e9rie 11. La montre ressemble \u00e0 peu pr\u00e8s la m\u00eame que la s\u00e9rie 10 avant elle, bien qu&rsquo;elle soit d\u00e9sormais avec prise en charge de la 5G. Si votre op\u00e9rateur le prend en charge &#8211; ce qu&rsquo;Apple dit que la plupart le font &#8211; vous pourrez acc\u00e9der \u00e0 des vitesses plus rapides si vous prenez une s\u00e9rie cellulaire 11. <\/p>\n<p>La s\u00e9rie 11 introduit \u00e9galement un syst\u00e8me de surveillance de la pression art\u00e9rielle pour la premi\u00e8re fois sur une Apple Watch. Bien que la fonctionnalit\u00e9 ne puisse pas d\u00e9tecter toute hypertension, elle analysera votre circulation sanguine et vous enverra une alerte si elle pense que vous ressentez une pression art\u00e9rielle chronique. L&rsquo;entreprise s&rsquo;attend \u00e0 ce que l&rsquo;autorisation de la FDA arrive bient\u00f4t. <\/p>\n<p>La s\u00e9rie 11 est \u00e9galement livr\u00e9e avec un score de sommeil pour la premi\u00e8re fois sur Apple Watch. D&rsquo;autres montres intelligentes et trackers de fitness ont cette fonctionnalit\u00e9, mais Apple dit que la s\u00e9rie 11 peut analyser vos cycles de sommeil et votre temps endormi pour d\u00e9terminer un score de sommeil global et vous aider \u00e0 vous conseiller sur de meilleures fa\u00e7ons de dormir. <\/p>\n<p>La s\u00e9rie 11 a 24 heures d&rsquo;autonomie. La montre est disponible en noir, argent, or rose et gris espace en aluminium, et naturel, or et ardoise dans des caisses polies. <\/p>\n<p>La s\u00e9rie 11 commence \u00e0 399 $ et est disponible pour pr\u00e9commander aujourd&rsquo;hui. La montre sera disponible \u00e0 partir du 19 septembre. <\/p>\n<h3>Apple Watch SE 3<\/h3>\n<div class=\"eloquent-imagery-image\">\n<div class=\"flex justify-center\">\n                    <img decoding=\"async\" class=\"border border-gray-100\" src=\"https:\/\/vieassociative.be\/actualites\/wp-content\/uploads\/2025\/09\/1757546252_722_Tout-ce-quApple-a-annonce-lors-de-son-evenement-Awe.png\" alt=\"Apple Watch SE 3\" width=\"2000\" height=\"1125\" loading=\"lazy\"  >\n            <\/div>\n<\/p><\/div>\n<p>L&rsquo;Apple Watch SE est la ligne Apple Watch \u00ababordable\u00bb d&rsquo;Apple. Si tout ce que vous voulez, c&rsquo;est une exp\u00e9rience Apple Watch essentielle sans avoir besoin de payer 399 $ ou plus, le SE a tendance \u00e0 \u00eatre le meilleur choix. <\/p>\n<p>Cette ann\u00e9e, cependant, le SE 3 semble \u00eatre beaucoup. Il est livr\u00e9 avec la puce S10, la m\u00eame que l&rsquo;on trouve dans la s\u00e9rie 10 de l&rsquo;ann\u00e9e derni\u00e8re. Il a \u00e9galement un \u00e9cran et des commandes de gestes de support, deux premi\u00e8res pour la ligne SE. Apple ajoute \u00e9galement un capteur de temp\u00e9rature du poignet \u00e0 cette montre, la d\u00e9tection d&rsquo;apn\u00e9e du sommeil et le nouveau score de sommeil de la s\u00e9rie 11. En parlant de la s\u00e9rie 11, le SE 3 prend \u00e9galement en charge la 5G.<\/p>\n<p>Il a m\u00eame un haut-parleur int\u00e9gr\u00e9, quelque chose g\u00e9n\u00e9ralement r\u00e9serv\u00e9 aux montres les plus ch\u00e8res d&rsquo;Apple. Le SE 3 a 18 heures de dur\u00e9e de vie de la batterie et prend en charge la charge rapide: 15 minutes de charge vous procurent huit heures d&rsquo;utilisation. <\/p>\n<p>Il vient dans Starlight et minuit. Le SE 3 commence \u00e0 249 $ et sera disponible le 19 septembre. Vous pouvez le pr\u00e9commander aujourd&rsquo;hui.<\/p>\n<h3>Apple Watch Ultra 3<\/h3>\n<div class=\"eloquent-imagery-image\">\n<div class=\"flex justify-center\">\n                    <img decoding=\"async\" class=\"border border-gray-100\" src=\"https:\/\/vieassociative.be\/actualites\/wp-content\/uploads\/2025\/09\/1757546253_701_Tout-ce-quApple-a-annonce-lors-de-son-evenement-Awe.png\" alt=\"Apple Watch Ultra3\" width=\"2000\" height=\"1125\" loading=\"lazy\"  >\n            <\/div>\n<\/p><\/div>\n<p>Enfin, il y a l&rsquo;Apple Watch Ultra 3. Ce nouvel Ultra joue un peu un peu de rattrapage, car la sortie des fonctionnalit\u00e9s Ultra 2 manque de la s\u00e9rie 10. En tant que tel, l&rsquo;Ultra 3 a d\u00e9sormais un \u00e9cran OLED large avec LTPO 3. L&rsquo;\u00e9cran est \u00e9galement un peu plus grand cette ann\u00e9e, sans qu&rsquo;Apple ait \u00e0 r\u00e9gler la taille de la montre elle-m\u00eame. Gagnant-gagnant. <\/p>\n<p>L&rsquo;Ultra 3 prend \u00e9galement en charge la connectivit\u00e9 satellite pour le tout premier dans un smartphone. Comme certains iPhones, la montre peut d\u00e9sormais envoyer un message via un satellite chaque fois qu&rsquo;une connexion cellulaire n&rsquo;est pas disponible. Pour activer cette fonctionnalit\u00e9, Apple dit que la radio d&rsquo;Ultra 3 est d\u00e9sormais le double de la force du signal de l&rsquo;Ultra 2. <\/p>\n<p>L&rsquo;Ultra 3 peut d\u00e9sormais atteindre 42 heures sur une charge. Il est \u00e9galement livr\u00e9 avec le support 5G, les notifications d&rsquo;hypertension, le score de sommeil et les contr\u00f4les gestiques. Apple ne commercialise pas n\u00e9cessairement l&rsquo;ultra comme son Apple Watch \u00ab\u00a0pro\u00a0\u00bb ou \u00ab\u00a0meilleure\u00a0\u00bb, mais comme c&rsquo;est le mod\u00e8le le plus cher de loin, vous vous attendez \u00e0 ce qu&rsquo;il ait toutes les fonctionnalit\u00e9s les plus r\u00e9centes et les plus grandes. <\/p>\n<p>L&rsquo;Ultra 3 commence \u00e0 799 $ et est disponible pour pr\u00e9commander aujourd&rsquo;hui. Il sera disponible dans les magasins le 19 septembre. <\/p>\n<h2 id=\"iphone\">iPhone<\/h2>\n<p>Enfin, nous avons le segment d&rsquo;iPhone d&rsquo;Apple. Tim Cook a vraiment amplifi\u00e9 cette partie de l&rsquo;\u00e9mission, disant que l&rsquo;un de ces mod\u00e8les \u00e9tait: \u00ab\u00a0Contrairement \u00e0 tout ce que nous avons jamais cr\u00e9\u00e9\u00a0\u00bb. La pr\u00e9sentation a d\u00e9but\u00e9 avec l&rsquo;iPhone le plus simple de la gamme: <\/p>\n<h3>iPhone 17<\/h3>\n<div class=\"eloquent-imagery-image\">\n<div class=\"flex justify-center\">\n                    <img decoding=\"async\" class=\"border border-gray-100\" src=\"https:\/\/vieassociative.be\/actualites\/wp-content\/uploads\/2025\/09\/1757546253_3_Tout-ce-quApple-a-annonce-lors-de-son-evenement-Awe.png\" alt=\"iPhone 17\" width=\"2000\" height=\"1125\" loading=\"lazy\"  >\n            <\/div>\n<\/p><\/div>\n<p>L&rsquo;iPhone 17 examine ce que vous attendez d&rsquo;un iPhone d&rsquo;entr\u00e9e de gamme. Il a un \u00e9cran de 6,3 pouces, avec quelques mises \u00e0 niveau majeures: il prend maintenant en charge 120 Hz, qui n&rsquo;\u00e9tait auparavant disponible que sur les iPhones Pro &#8211; malgr\u00e9 de nombreux t\u00e9l\u00e9phones Android ayant offert des \u00e9crans de taux de rafra\u00eechissement \u00e9lev\u00e9s sur des mod\u00e8les moins chers. Ledit affichage utilise le nouveau bouclier en c\u00e9ramique 2, qui, selon Apple, a trois fois une meilleure r\u00e9sistance aux rayures. Il peut \u00e9galement atteindre 3 000 nits de luminosit\u00e9, vous ne devriez donc pas avoir du mal \u00e0 l&rsquo;utiliser \u00e0 l&rsquo;ext\u00e9rieur.<\/p>\n<p>L&rsquo;iPhone 17 est aliment\u00e9 par la nouvelle puce A19, qui a un moteur d&rsquo;affichage am\u00e9lior\u00e9 pour alimenter ce nouvel \u00e9cran. Il a \u00e9galement un moteur neuronal am\u00e9lior\u00e9, un processeur \u00e0 six c\u0153urs et un GPU \u00e0 cinq c\u0153urs. Apple dit que le t\u00e9l\u00e9phone a une \u00ab\u00a0vie de la batterie d&rsquo;une journ\u00e9e\u00a0\u00bb, ce qui signifie apparemment huit heures de lecture vid\u00e9o de plus par rapport \u00e0 l&rsquo;iPhone 16. Avec le bon adaptateur d&rsquo;alimentation, vous pouvez facturer jusqu&rsquo;\u00e0 50% en 20 minutes, tandis que 10 minutes de charge vous permettra de huit heures de lecture vid\u00e9o. <\/p>\n<p>Tournons-nous vers ces cam\u00e9ras. La cam\u00e9ra inf\u00e9rieure est une cam\u00e9ra \u00ab\u00a0fusion\u00a0\u00bb; Cela signifie que vous obtenez une cam\u00e9ra principale de 48 MP avec une distance focale de 26 mm et un t\u00e9l\u00e9objectif 2X 12MP avec une distance focale de 52 mm \u00e0 partir d&rsquo;un appareil photo. L&rsquo;angle ultra-large est \u00e9galement une lentille de fusion, offrant un ultra-largeur de 48MP \u00e0 13 mm et une lentille macro 1x 12MP \u00e0 26 mm. <\/p>\n<p>La cam\u00e9ra selfie obtient \u00e9galement d&rsquo;\u00e9normes mises \u00e0 niveau cette ann\u00e9e. Apple appelle la nouvelle lentille la cam\u00e9ra frontale centrale. Il a un large champ de vision et un grand capteur carr\u00e9. Cela peut prendre des selfies jusqu&rsquo;\u00e0 18 MP avec stabilisation, plus important encore, la forme du capteur signifie que vous pouvez prendre des selfies dans une vari\u00e9t\u00e9 d&rsquo;orientations diff\u00e9rentes, et vous pouvez prendre des selfies paysagistes en mode portrait &#8211; plus de retourner lat\u00e9ralement de votre iPhone pour s&rsquo;adapter \u00e0 plus de personnes dans le cadre. Les appels vid\u00e9o seront \u00e9galement plus stabilis\u00e9s. <\/p>\n<p>L&rsquo;iPhone 17 commence \u00e0 256 Go pour 799 $ et est maintenant disponible pour pr\u00e9commander le 12 septembre. Apple commencera \u00e0 le vendre le 19 septembre. <\/p>\n<h3>Air iPhone<\/h3>\n<div class=\"eloquent-imagery-image\">\n<div class=\"flex justify-center\">\n                    <img decoding=\"async\" class=\"border border-gray-100\" src=\"https:\/\/vieassociative.be\/actualites\/wp-content\/uploads\/2025\/09\/1757546253_155_Tout-ce-quApple-a-annonce-lors-de-son-evenement-Awe.png\" alt=\"Air iPhone\" width=\"2000\" height=\"1126\" loading=\"lazy\"  >\n            <\/div>\n<\/p><\/div>\n<p>La plus grande annonce de la journ\u00e9e a \u00e9t\u00e9 l&rsquo;iPhone Air. Il s&rsquo;agit de l&rsquo;iPhone le plus mince d&rsquo;Apple, mais vous n&rsquo;avez pas besoin de lire les sp\u00e9cifications technologiques pour le savoir. Juste \u00e0 partir des photos et des vid\u00e9os, vous pouvez le dire, c&rsquo;est <em>mince<\/em>.<\/p>\n<p>Comme l&rsquo;iPhone 17, l&rsquo;air est livr\u00e9 avec Ceramic Shield 2, mais cette fois, il est des deux c\u00f4t\u00e9s du t\u00e9l\u00e9phone. Il est \u00e9galement livr\u00e9 avec un \u00e9cran de taux de 6,5 pouces \u00e0 haute teneur avec jusqu&rsquo;\u00e0 3 000 nits de luminosit\u00e9. Il est \u00e9galement fait de titane. <\/p>\n<p>Apple a mis le nouvel A19 <em>Pro<\/em> Dans les airs, avec un processeur \u00e0 six c\u0153urs et un GPU \u00e0 cinq c\u0153urs. Apple a mis des \u00ab\u00a0acc\u00e9l\u00e9rateurs neuronaux\u00a0\u00bb dans chaque noyau de GPU, affirmant qu&rsquo;il permet \u00ab\u00a0des niveaux de calcul MacBook Pro dans un iPhone\u00a0\u00bb. Il existe \u00e9galement de nouveaux composants de connectivit\u00e9 ici, y compris N1, qui permet Wi-Fi 7, Bluetooth 6 et Thread, et le nouveau modem C1x, qui am\u00e9liore le premier modem personnalis\u00e9 d&rsquo;Apple. Apple dit que c&rsquo;est jusqu&rsquo;\u00e0 deux fois plus rapide que C1. <\/p>\n<p>Vous remarquerez peut-\u00eatre que l&rsquo;iPhone Air n&rsquo;a qu&rsquo;une seule cam\u00e9ra, m\u00eame s&rsquo;il semble positionn\u00e9 comme plus avanc\u00e9 que l&rsquo;iPhone 17. Apple dit que la cam\u00e9ra unique est un syst\u00e8me de cam\u00e9ra de fusion de 48 MP, et fonctionne comme \u00ab\u00a0plusieurs cam\u00e9ras avanc\u00e9es en un\u00a0\u00bb. Comme l&rsquo;iPhone 17, cette cam\u00e9ra de fusion peut tourner des t\u00e9l\u00e9objectifs 2X \u00e0 12MP. En raison de la taille du capteur, vous pouvez choisir entre les objectifs 26 mm, 28 mm, 35 mm et 52 mm pour diff\u00e9rentes tailles de r\u00e9colte.<\/p>\n<p>Comme l&rsquo;iPhone 17, l&rsquo;air est livr\u00e9 avec la nouvelle cam\u00e9ra de selfie en sc\u00e8ne. Mais l&rsquo;air peut capturer la vid\u00e9o des cam\u00e9ras avant et arri\u00e8re \u00e0 la fois. Toutes les difficult\u00e9s iPhone sont livr\u00e9es avec ESIM, m\u00eame dans des pays qui utilisent toujours des Sims physiques. La soci\u00e9t\u00e9 affirme que l&rsquo;iPhone Air a une dur\u00e9e de vie de la batterie toute la journ\u00e9e, mais elle n&rsquo;a pas encore publi\u00e9 de vraies statistiques. Cela dit, la soci\u00e9t\u00e9 indique qu&rsquo;avec le nouveau pack de batterie Magsafe, vous pouvez obtenir jusqu&rsquo;\u00e0 40 heures de lecture vid\u00e9o. Cela me dit sans cette batterie, l&rsquo;air se d\u00e9bat un peu avec une batterie.<\/p>\n<p>Apple d\u00e9ploie de nouveaux accessoires pour l&rsquo;air, y compris un bo\u00eetier de pare-chocs qui correspond aux couleurs de l&rsquo;iPhone Air: Space Black, Cloud White, Gold Light et Blue Sky. Il y a m\u00eame une longe qui se connecte au t\u00e9l\u00e9phone qui vous permet de le porter sur votre corps.<\/p>\n<p>L&rsquo;Air iPhone commence \u00e0 999 $ pour 256 Go et est disponible pour la pr\u00e9commande le 12 septembre. Vous pouvez en acheter un 19 septembre. <\/p>\n<h3>iPhone 17 Pro et 17 Pro Max<\/h3>\n<div class=\"eloquent-imagery-image\">\n<div class=\"flex justify-center\">\n                    <img decoding=\"async\" class=\"border border-gray-100\" src=\"https:\/\/vieassociative.be\/actualites\/wp-content\/uploads\/2025\/09\/1757546253_79_Tout-ce-quApple-a-annonce-lors-de-son-evenement-Awe.png\" alt=\"iPhone 17 Pro\" width=\"2000\" height=\"1125\" loading=\"lazy\"  >\n            <\/div>\n<\/p><\/div>\n<p>La derni\u00e8re annonce de la journ\u00e9e a \u00e9t\u00e9 l&rsquo;iPhone 17 Pro, et, fid\u00e8le \u00e0 son nom, c&rsquo;est l&rsquo;iPhone avec les fonctionnalit\u00e9s les plus \u00ab\u00a0nouvelles\u00a0\u00bb. Tout d&rsquo;abord, il s&rsquo;agit du premier iPhone d&rsquo;Apple avec une conception monocoque, similaire \u00e0 ses MacBooks. Vous remarquerez imm\u00e9diatement le nouveau syst\u00e8me de cam\u00e9ra Pro, qui est maintenant en forme de barre \u00e0 l&rsquo;arri\u00e8re du t\u00e9l\u00e9phone. N&rsquo;appelez pas cela, cependant: Apple appelle cela le plateau. (Il fait de m\u00eame pour les airs de l&rsquo;iPhone.)<\/p>\n<p>Une fonction \u00abPro\u00bb int\u00e9ressante est le nouveau syst\u00e8me de refroidissement thermique: Apple place l&rsquo;eau \u00e0 l&rsquo;int\u00e9rieur de la chambre de vapeur et les bois laser en place. Ce syst\u00e8me aide \u00e0 dissiper la chaleur g\u00e9n\u00e9r\u00e9e par la puce A19 Pro, qui est livr\u00e9e avec six c\u0153urs CPU et six c\u0153urs de GPU. Il y a moins de verre \u00e0 l&rsquo;arri\u00e8re de cet iPhone que d&rsquo;habitude, mais le verre que vous voyez est en fait en c\u00e9ramique Shield 2. Les mod\u00e8les ESIM, que vous trouverez aux \u00c9tats-Unis, ont des batteries plus grandes par rapport aux mod\u00e8les SIM physiques et peuvent jouer \u00e0 une vid\u00e9o jusqu&rsquo;\u00e0 39 heures. <\/p>\n<p>Comme vous pouvez vous attendre \u00e0 ce que les 17 Pro et 17 Pro Max soient livr\u00e9s avec la nouvelle cam\u00e9ra en sc\u00e8ne. Cette ann\u00e9e, les trois cam\u00e9ras arri\u00e8re sont des cam\u00e9ras de fusion de 48 MP. Cela signifie que le t\u00e9l\u00e9objectif vous offre le plus long zoom optique de n&rsquo;importe quel iPhone: 4x zoom \u00e0 100 mm et 8x zoom \u00e0 200 mm. <\/p>\n<p>Apple a \u00e9galement pass\u00e9 un peu de temps \u00e0 parler des capacit\u00e9s d&rsquo;enregistrement vid\u00e9o des nouveaux pros. En fait, l&rsquo;ensemble de l&rsquo;\u00e9v\u00e9nement a \u00e9t\u00e9 tourn\u00e9 sur les pros de l&rsquo;iPhone 17, bien qu&rsquo;Apple utilise sans aucun doute un \u00e9quipement co\u00fbteux pour faciliter cela. Le 17 Pro prend en charge PRORES RAW Capture, une norme qui vous permet de modifier les donn\u00e9es d&rsquo;image directement \u00e0 partir du capteur de la cam\u00e9ra. Les t\u00e9l\u00e9phones prennent en charge la cam\u00e9ra finale, la cam\u00e9ra Blackmagic et Genlock, qui prend en charge les configurations multi-cam\u00e9ras pour des effets tels que l&rsquo;\u00e9pissage du temps et le temps de balle. <\/p>\n<p>Apple a \u00e9galement annonc\u00e9 de nouveaux accessoires ici: il existe des \u00e9tuis clairs et en silicone, ainsi que le nouveau bo\u00eetier technologique, qui couvre plusieurs couleurs de fil. Les pros ont \u00e9galement leur propre longe que vous pouvez utiliser, comme l&rsquo;air.  <\/p>\n<p>Les pros viennent en argent, bleu profond et orange cosmique. L&rsquo;iPhone 17 Pro commence \u00e0 1 099 $ pour 256 Go, tandis que l&rsquo;iPhone 17 Pro Max commence \u00e0 1 199 $ pour 256 Go. Vous pouvez les pr\u00e9commander \u00e0 partir du 12 septembre et les r\u00e9cup\u00e9rer le 19 septembre. <\/p>\n","protected":false},"excerpt":{"rendered":"<p>Mec, cet air iPhone est vraiment mince. Saviez-vous que vous pouvez personnaliser Google pour filtrer les ordures? Prendre ces \u00e9tapes Pour de meilleurs r\u00e9sultats de<\/p>\n","protected":false},"author":1,"featured_media":9959,"comment_status":"","ping_status":"","sticky":false,"template":"","format":"standard","meta":{"footnotes":""},"categories":[13],"tags":[1987,8499,8500,7675,353,8498,800,236],"class_list":["post-9958","post","type-post","status-publish","format-standard","has-post-thumbnail","hentry","category-technologie","tag-annonce","tag-awe","tag-droping","tag-evenement","tag-lors","tag-quapple","tag-son","tag-tout","generate-columns","tablet-grid-50","mobile-grid-100","grid-parent","grid-33"],"yoast_head":"<!-- This site is optimized with the Yoast SEO plugin v24.0 - https:\/\/yoast.com\/wordpress\/plugins\/seo\/ -->\n<title>Tout ce qu&#039;Apple a annonc\u00e9 lors de son \u00e9v\u00e9nement \u00abAwe Droping\u00bb | Vie Associative<\/title>\n<meta name=\"robots\" content=\"index, follow, max-snippet:-1, max-image-preview:large, max-video-preview:-1\" \/>\n<link rel=\"canonical\" href=\"https:\/\/vieassociative.be\/actualites\/tout-ce-quapple-a-annonce-lors-de-son-evenement-awe-droping\/\" \/>\n<meta property=\"og:locale\" content=\"fr_FR\" \/>\n<meta property=\"og:type\" content=\"article\" \/>\n<meta property=\"og:title\" content=\"Tout ce qu&#039;Apple a annonc\u00e9 lors de son \u00e9v\u00e9nement \u00abAwe Droping\u00bb | Vie Associative\" \/>\n<meta property=\"og:description\" content=\"Mec, cet air iPhone est vraiment mince. Saviez-vous que vous pouvez personnaliser Google pour filtrer les ordures? Prendre ces \u00e9tapes Pour de meilleurs r\u00e9sultats de\" \/>\n<meta property=\"og:url\" content=\"https:\/\/vieassociative.be\/actualites\/tout-ce-quapple-a-annonce-lors-de-son-evenement-awe-droping\/\" \/>\n<meta property=\"og:site_name\" content=\"Vie Associative\" \/>\n<meta property=\"article:published_time\" content=\"2025-09-10T23:17:33+00:00\" \/>\n<meta property=\"og:image\" content=\"https:\/\/vieassociative.be\/actualites\/wp-content\/uploads\/2025\/09\/Tout-ce-quApple-a-annonce-lors-de-son-evenement-Awe.png\" \/>\n<meta name=\"author\" content=\"Julien\" \/>\n<meta name=\"twitter:card\" content=\"summary_large_image\" \/>\n<meta name=\"twitter:label1\" content=\"\u00c9crit par\" \/>\n\t<meta name=\"twitter:data1\" content=\"Julien\" \/>\n\t<meta name=\"twitter:label2\" content=\"Dur\u00e9e de lecture est.\" \/>\n\t<meta name=\"twitter:data2\" content=\"13 minutes\" \/>\n<script type=\"application\/ld+json\" class=\"yoast-schema-graph\">{\"@context\":\"https:\/\/schema.org\",\"@graph\":[{\"@type\":\"Article\",\"@id\":\"https:\/\/vieassociative.be\/actualites\/tout-ce-quapple-a-annonce-lors-de-son-evenement-awe-droping\/#article\",\"isPartOf\":{\"@id\":\"https:\/\/vieassociative.be\/actualites\/tout-ce-quapple-a-annonce-lors-de-son-evenement-awe-droping\/\"},\"author\":{\"name\":\"Julien\",\"@id\":\"https:\/\/vieassociative.be\/actualites\/#\/schema\/person\/b87ac4f82f9d4e7b7cec7395b679edc4\"},\"headline\":\"Tout ce qu&rsquo;Apple a annonc\u00e9 lors de son \u00e9v\u00e9nement \u00abAwe Droping\u00bb\",\"datePublished\":\"2025-09-10T23:17:33+00:00\",\"dateModified\":\"2025-09-10T23:17:33+00:00\",\"mainEntityOfPage\":{\"@id\":\"https:\/\/vieassociative.be\/actualites\/tout-ce-quapple-a-annonce-lors-de-son-evenement-awe-droping\/\"},\"wordCount\":2695,\"publisher\":{\"@id\":\"https:\/\/vieassociative.be\/actualites\/#organization\"},\"image\":{\"@id\":\"https:\/\/vieassociative.be\/actualites\/tout-ce-quapple-a-annonce-lors-de-son-evenement-awe-droping\/#primaryimage\"},\"thumbnailUrl\":\"https:\/\/vieassociative.be\/actualites\/wp-content\/uploads\/2025\/09\/Tout-ce-quApple-a-annonce-lors-de-son-evenement-Awe.jpg\",\"keywords\":[\"annonce\",\"Awe\",\"Droping\",\"\u00e9v\u00e9nement\",\"lors\",\"quApple\",\"son\",\"tout\"],\"articleSection\":[\"Technologie\"],\"inLanguage\":\"fr-BE\"},{\"@type\":\"WebPage\",\"@id\":\"https:\/\/vieassociative.be\/actualites\/tout-ce-quapple-a-annonce-lors-de-son-evenement-awe-droping\/\",\"url\":\"https:\/\/vieassociative.be\/actualites\/tout-ce-quapple-a-annonce-lors-de-son-evenement-awe-droping\/\",\"name\":\"Tout ce qu'Apple a annonc\u00e9 lors de son \u00e9v\u00e9nement \u00abAwe Droping\u00bb | Vie Associative\",\"isPartOf\":{\"@id\":\"https:\/\/vieassociative.be\/actualites\/#website\"},\"primaryImageOfPage\":{\"@id\":\"https:\/\/vieassociative.be\/actualites\/tout-ce-quapple-a-annonce-lors-de-son-evenement-awe-droping\/#primaryimage\"},\"image\":{\"@id\":\"https:\/\/vieassociative.be\/actualites\/tout-ce-quapple-a-annonce-lors-de-son-evenement-awe-droping\/#primaryimage\"},\"thumbnailUrl\":\"https:\/\/vieassociative.be\/actualites\/wp-content\/uploads\/2025\/09\/Tout-ce-quApple-a-annonce-lors-de-son-evenement-Awe.jpg\",\"datePublished\":\"2025-09-10T23:17:33+00:00\",\"dateModified\":\"2025-09-10T23:17:33+00:00\",\"breadcrumb\":{\"@id\":\"https:\/\/vieassociative.be\/actualites\/tout-ce-quapple-a-annonce-lors-de-son-evenement-awe-droping\/#breadcrumb\"},\"inLanguage\":\"fr-BE\",\"potentialAction\":[{\"@type\":\"ReadAction\",\"target\":[\"https:\/\/vieassociative.be\/actualites\/tout-ce-quapple-a-annonce-lors-de-son-evenement-awe-droping\/\"]}]},{\"@type\":\"ImageObject\",\"inLanguage\":\"fr-BE\",\"@id\":\"https:\/\/vieassociative.be\/actualites\/tout-ce-quapple-a-annonce-lors-de-son-evenement-awe-droping\/#primaryimage\",\"url\":\"https:\/\/vieassociative.be\/actualites\/wp-content\/uploads\/2025\/09\/Tout-ce-quApple-a-annonce-lors-de-son-evenement-Awe.jpg\",\"contentUrl\":\"https:\/\/vieassociative.be\/actualites\/wp-content\/uploads\/2025\/09\/Tout-ce-quApple-a-annonce-lors-de-son-evenement-Awe.jpg\",\"width\":1200,\"height\":675,\"caption\":\"Tout ce qu'Apple a annonc\u00e9 lors de son \u00e9v\u00e9nement \u00abAwe Droping\u00bb\"},{\"@type\":\"BreadcrumbList\",\"@id\":\"https:\/\/vieassociative.be\/actualites\/tout-ce-quapple-a-annonce-lors-de-son-evenement-awe-droping\/#breadcrumb\",\"itemListElement\":[{\"@type\":\"ListItem\",\"position\":1,\"name\":\"Accueil\",\"item\":\"https:\/\/vieassociative.be\/actualites\/\"},{\"@type\":\"ListItem\",\"position\":2,\"name\":\"Tout ce qu&rsquo;Apple a annonc\u00e9 lors de son \u00e9v\u00e9nement \u00abAwe Droping\u00bb\"}]},{\"@type\":\"WebSite\",\"@id\":\"https:\/\/vieassociative.be\/actualites\/#website\",\"url\":\"https:\/\/vieassociative.be\/actualites\/\",\"name\":\"Vie Associative\",\"description\":\"\",\"publisher\":{\"@id\":\"https:\/\/vieassociative.be\/actualites\/#organization\"},\"potentialAction\":[{\"@type\":\"SearchAction\",\"target\":{\"@type\":\"EntryPoint\",\"urlTemplate\":\"https:\/\/vieassociative.be\/actualites\/?s={search_term_string}\"},\"query-input\":{\"@type\":\"PropertyValueSpecification\",\"valueRequired\":true,\"valueName\":\"search_term_string\"}}],\"inLanguage\":\"fr-BE\"},{\"@type\":\"Organization\",\"@id\":\"https:\/\/vieassociative.be\/actualites\/#organization\",\"name\":\"Vie Associative\",\"url\":\"https:\/\/vieassociative.be\/actualites\/\",\"logo\":{\"@type\":\"ImageObject\",\"inLanguage\":\"fr-BE\",\"@id\":\"https:\/\/vieassociative.be\/actualites\/#\/schema\/logo\/image\/\",\"url\":\"https:\/\/vieassociative.be\/actualites\/wp-content\/uploads\/2024\/09\/cropped-vieassociative_favicon.ico.png\",\"contentUrl\":\"https:\/\/vieassociative.be\/actualites\/wp-content\/uploads\/2024\/09\/cropped-vieassociative_favicon.ico.png\",\"width\":512,\"height\":512,\"caption\":\"Vie Associative\"},\"image\":{\"@id\":\"https:\/\/vieassociative.be\/actualites\/#\/schema\/logo\/image\/\"}},{\"@type\":\"Person\",\"@id\":\"https:\/\/vieassociative.be\/actualites\/#\/schema\/person\/b87ac4f82f9d4e7b7cec7395b679edc4\",\"name\":\"Julien\",\"image\":{\"@type\":\"ImageObject\",\"inLanguage\":\"fr-BE\",\"@id\":\"https:\/\/vieassociative.be\/actualites\/#\/schema\/person\/image\/\",\"url\":\"https:\/\/vieassociative.be\/actualites\/wp-content\/uploads\/2024\/09\/vie-associative-1-150x150.jpg\",\"contentUrl\":\"https:\/\/vieassociative.be\/actualites\/wp-content\/uploads\/2024\/09\/vie-associative-1-150x150.jpg\",\"caption\":\"Julien\"},\"description\":\"Je suis Julien, r\u00e9dacteur pour Vie Associative. Passionn\u00e9 par le monde associatif depuis plus de 10 ans, j'ai \u00e0 c\u0153ur de partager des histoires inspirantes et de mettre en lumi\u00e8re les initiatives locales. Mon objectif est de sensibiliser et d'encourager l'engagement communautaire \u00e0 travers mes articles.\",\"sameAs\":[\"https:\/\/vieassociative.be\/\"]}]}<\/script>\n<!-- \/ Yoast SEO plugin. -->","yoast_head_json":{"title":"Tout ce qu'Apple a annonc\u00e9 lors de son \u00e9v\u00e9nement \u00abAwe Droping\u00bb | Vie Associative","robots":{"index":"index","follow":"follow","max-snippet":"max-snippet:-1","max-image-preview":"max-image-preview:large","max-video-preview":"max-video-preview:-1"},"canonical":"https:\/\/vieassociative.be\/actualites\/tout-ce-quapple-a-annonce-lors-de-son-evenement-awe-droping\/","og_locale":"fr_FR","og_type":"article","og_title":"Tout ce qu'Apple a annonc\u00e9 lors de son \u00e9v\u00e9nement \u00abAwe Droping\u00bb | Vie Associative","og_description":"Mec, cet air iPhone est vraiment mince. Saviez-vous que vous pouvez personnaliser Google pour filtrer les ordures? Prendre ces \u00e9tapes Pour de meilleurs r\u00e9sultats de","og_url":"https:\/\/vieassociative.be\/actualites\/tout-ce-quapple-a-annonce-lors-de-son-evenement-awe-droping\/","og_site_name":"Vie Associative","article_published_time":"2025-09-10T23:17:33+00:00","og_image":[{"url":"https:\/\/vieassociative.be\/actualites\/wp-content\/uploads\/2025\/09\/Tout-ce-quApple-a-annonce-lors-de-son-evenement-Awe.png","type":"","width":"","height":""}],"author":"Julien","twitter_card":"summary_large_image","twitter_misc":{"\u00c9crit par":"Julien","Dur\u00e9e de lecture est.":"13 minutes"},"schema":{"@context":"https:\/\/schema.org","@graph":[{"@type":"Article","@id":"https:\/\/vieassociative.be\/actualites\/tout-ce-quapple-a-annonce-lors-de-son-evenement-awe-droping\/#article","isPartOf":{"@id":"https:\/\/vieassociative.be\/actualites\/tout-ce-quapple-a-annonce-lors-de-son-evenement-awe-droping\/"},"author":{"name":"Julien","@id":"https:\/\/vieassociative.be\/actualites\/#\/schema\/person\/b87ac4f82f9d4e7b7cec7395b679edc4"},"headline":"Tout ce qu&rsquo;Apple a annonc\u00e9 lors de son \u00e9v\u00e9nement \u00abAwe Droping\u00bb","datePublished":"2025-09-10T23:17:33+00:00","dateModified":"2025-09-10T23:17:33+00:00","mainEntityOfPage":{"@id":"https:\/\/vieassociative.be\/actualites\/tout-ce-quapple-a-annonce-lors-de-son-evenement-awe-droping\/"},"wordCount":2695,"publisher":{"@id":"https:\/\/vieassociative.be\/actualites\/#organization"},"image":{"@id":"https:\/\/vieassociative.be\/actualites\/tout-ce-quapple-a-annonce-lors-de-son-evenement-awe-droping\/#primaryimage"},"thumbnailUrl":"https:\/\/vieassociative.be\/actualites\/wp-content\/uploads\/2025\/09\/Tout-ce-quApple-a-annonce-lors-de-son-evenement-Awe.jpg","keywords":["annonce","Awe","Droping","\u00e9v\u00e9nement","lors","quApple","son","tout"],"articleSection":["Technologie"],"inLanguage":"fr-BE"},{"@type":"WebPage","@id":"https:\/\/vieassociative.be\/actualites\/tout-ce-quapple-a-annonce-lors-de-son-evenement-awe-droping\/","url":"https:\/\/vieassociative.be\/actualites\/tout-ce-quapple-a-annonce-lors-de-son-evenement-awe-droping\/","name":"Tout ce qu'Apple a annonc\u00e9 lors de son \u00e9v\u00e9nement \u00abAwe Droping\u00bb | Vie Associative","isPartOf":{"@id":"https:\/\/vieassociative.be\/actualites\/#website"},"primaryImageOfPage":{"@id":"https:\/\/vieassociative.be\/actualites\/tout-ce-quapple-a-annonce-lors-de-son-evenement-awe-droping\/#primaryimage"},"image":{"@id":"https:\/\/vieassociative.be\/actualites\/tout-ce-quapple-a-annonce-lors-de-son-evenement-awe-droping\/#primaryimage"},"thumbnailUrl":"https:\/\/vieassociative.be\/actualites\/wp-content\/uploads\/2025\/09\/Tout-ce-quApple-a-annonce-lors-de-son-evenement-Awe.jpg","datePublished":"2025-09-10T23:17:33+00:00","dateModified":"2025-09-10T23:17:33+00:00","breadcrumb":{"@id":"https:\/\/vieassociative.be\/actualites\/tout-ce-quapple-a-annonce-lors-de-son-evenement-awe-droping\/#breadcrumb"},"inLanguage":"fr-BE","potentialAction":[{"@type":"ReadAction","target":["https:\/\/vieassociative.be\/actualites\/tout-ce-quapple-a-annonce-lors-de-son-evenement-awe-droping\/"]}]},{"@type":"ImageObject","inLanguage":"fr-BE","@id":"https:\/\/vieassociative.be\/actualites\/tout-ce-quapple-a-annonce-lors-de-son-evenement-awe-droping\/#primaryimage","url":"https:\/\/vieassociative.be\/actualites\/wp-content\/uploads\/2025\/09\/Tout-ce-quApple-a-annonce-lors-de-son-evenement-Awe.jpg","contentUrl":"https:\/\/vieassociative.be\/actualites\/wp-content\/uploads\/2025\/09\/Tout-ce-quApple-a-annonce-lors-de-son-evenement-Awe.jpg","width":1200,"height":675,"caption":"Tout ce qu'Apple a annonc\u00e9 lors de son \u00e9v\u00e9nement \u00abAwe Droping\u00bb"},{"@type":"BreadcrumbList","@id":"https:\/\/vieassociative.be\/actualites\/tout-ce-quapple-a-annonce-lors-de-son-evenement-awe-droping\/#breadcrumb","itemListElement":[{"@type":"ListItem","position":1,"name":"Accueil","item":"https:\/\/vieassociative.be\/actualites\/"},{"@type":"ListItem","position":2,"name":"Tout ce qu&rsquo;Apple a annonc\u00e9 lors de son \u00e9v\u00e9nement \u00abAwe Droping\u00bb"}]},{"@type":"WebSite","@id":"https:\/\/vieassociative.be\/actualites\/#website","url":"https:\/\/vieassociative.be\/actualites\/","name":"Vie Associative","description":"","publisher":{"@id":"https:\/\/vieassociative.be\/actualites\/#organization"},"potentialAction":[{"@type":"SearchAction","target":{"@type":"EntryPoint","urlTemplate":"https:\/\/vieassociative.be\/actualites\/?s={search_term_string}"},"query-input":{"@type":"PropertyValueSpecification","valueRequired":true,"valueName":"search_term_string"}}],"inLanguage":"fr-BE"},{"@type":"Organization","@id":"https:\/\/vieassociative.be\/actualites\/#organization","name":"Vie Associative","url":"https:\/\/vieassociative.be\/actualites\/","logo":{"@type":"ImageObject","inLanguage":"fr-BE","@id":"https:\/\/vieassociative.be\/actualites\/#\/schema\/logo\/image\/","url":"https:\/\/vieassociative.be\/actualites\/wp-content\/uploads\/2024\/09\/cropped-vieassociative_favicon.ico.png","contentUrl":"https:\/\/vieassociative.be\/actualites\/wp-content\/uploads\/2024\/09\/cropped-vieassociative_favicon.ico.png","width":512,"height":512,"caption":"Vie Associative"},"image":{"@id":"https:\/\/vieassociative.be\/actualites\/#\/schema\/logo\/image\/"}},{"@type":"Person","@id":"https:\/\/vieassociative.be\/actualites\/#\/schema\/person\/b87ac4f82f9d4e7b7cec7395b679edc4","name":"Julien","image":{"@type":"ImageObject","inLanguage":"fr-BE","@id":"https:\/\/vieassociative.be\/actualites\/#\/schema\/person\/image\/","url":"https:\/\/vieassociative.be\/actualites\/wp-content\/uploads\/2024\/09\/vie-associative-1-150x150.jpg","contentUrl":"https:\/\/vieassociative.be\/actualites\/wp-content\/uploads\/2024\/09\/vie-associative-1-150x150.jpg","caption":"Julien"},"description":"Je suis Julien, r\u00e9dacteur pour Vie Associative. Passionn\u00e9 par le monde associatif depuis plus de 10 ans, j'ai \u00e0 c\u0153ur de partager des histoires inspirantes et de mettre en lumi\u00e8re les initiatives locales. Mon objectif est de sensibiliser et d'encourager l'engagement communautaire \u00e0 travers mes articles.","sameAs":["https:\/\/vieassociative.be\/"]}]}},"_links":{"self":[{"href":"https:\/\/vieassociative.be\/actualites\/wp-json\/wp\/v2\/posts\/9958"}],"collection":[{"href":"https:\/\/vieassociative.be\/actualites\/wp-json\/wp\/v2\/posts"}],"about":[{"href":"https:\/\/vieassociative.be\/actualites\/wp-json\/wp\/v2\/types\/post"}],"author":[{"embeddable":true,"href":"https:\/\/vieassociative.be\/actualites\/wp-json\/wp\/v2\/users\/1"}],"replies":[{"embeddable":true,"href":"https:\/\/vieassociative.be\/actualites\/wp-json\/wp\/v2\/comments?post=9958"}],"version-history":[{"count":0,"href":"https:\/\/vieassociative.be\/actualites\/wp-json\/wp\/v2\/posts\/9958\/revisions"}],"wp:featuredmedia":[{"embeddable":true,"href":"https:\/\/vieassociative.be\/actualites\/wp-json\/wp\/v2\/media\/9959"}],"wp:attachment":[{"href":"https:\/\/vieassociative.be\/actualites\/wp-json\/wp\/v2\/media?parent=9958"}],"wp:term":[{"taxonomy":"category","embeddable":true,"href":"https:\/\/vieassociative.be\/actualites\/wp-json\/wp\/v2\/categories?post=9958"},{"taxonomy":"post_tag","embeddable":true,"href":"https:\/\/vieassociative.be\/actualites\/wp-json\/wp\/v2\/tags?post=9958"}],"curies":[{"name":"wp","href":"https:\/\/api.w.org\/{rel}","templated":true}]}}