{"id":9956,"date":"2025-09-10T22:17:43","date_gmt":"2025-09-10T20:17:43","guid":{"rendered":"https:\/\/vieassociative.be\/actualites\/elon-musk-nest-plus-lhomme-le-plus-riche-du-monde-dans-la-liste-milliardaire-du-fondateur-doracle-larry-ellison\/"},"modified":"2025-09-10T22:17:43","modified_gmt":"2025-09-10T20:17:43","slug":"elon-musk-nest-plus-lhomme-le-plus-riche-du-monde-dans-la-liste-milliardaire-du-fondateur-doracle-larry-ellison","status":"publish","type":"post","link":"https:\/\/vieassociative.be\/actualites\/elon-musk-nest-plus-lhomme-le-plus-riche-du-monde-dans-la-liste-milliardaire-du-fondateur-doracle-larry-ellison\/","title":{"rendered":"Elon Musk n&rsquo;est plus l&rsquo;homme le plus riche du monde: dans la liste milliardaire du fondateur d&rsquo;Oracle Larry Ellison"},"content":{"rendered":"<p><strong>Apr\u00e8s un saut de cours \u00e0 la part du groupe de logiciels Oracle&rsquo;s Share, le fondateur de 81 ans, Larry Ellison, a d\u00e9pass\u00e9 le milliardaire technologique Elon Musk dans la liste des personnes les plus riches du monde du service financier Bloomberg.<\/strong><\/p>\n<p><span id=\"more-424262\"><\/span>Selon les calculs de Bloomberg, les actifs d&rsquo;Ellison ont augment\u00e9 d&rsquo;environ 100 milliards de dollars au d\u00e9but du commerce am\u00e9ricain mercredi &#8211; la plus grande augmentation jusqu&rsquo;\u00e0 pr\u00e9sent dans une journ\u00e9e. Dans le classement du service financier, Ellison a alors un actif estim\u00e9 \u00e0 393 milliards de dollars et Musk \u00e0 385 milliards de dollars.<\/p>\n<p>En revanche, le patron de Tesla est rest\u00e9 en premi\u00e8re place dans le magazine \u00ab\u00a0Forbes\u00a0\u00bb, qui muscille les estimations avec un bon 463 milliards de dollars. La quantit\u00e9 d&rsquo;Ellison met \u00e0 l&rsquo;\u00e9chelle de l&rsquo;argent est plus facile \u00e0 calculer que le cas pour la musique.<\/p>\n<div id=\"attachment_424266\" class=\"wp-caption alignleft\" style=\"max-width: 300px\"><img fetchpriority=\"high\" decoding=\"async\" class=\"wp-image-424266 size-medium\" src=\"https:\/\/vieassociative.be\/actualites\/wp-content\/uploads\/2025\/09\/Elon-Musk-nest-plus-lhomme-le-plus-riche-du-monde.jpg\" alt=\"\" width=\"300\" height=\"200\"><\/div>\n<p>Les actifs d&rsquo;Ellison consistent principalement en une part d&rsquo;un bon 40% d&rsquo;Oracle. Chez Musk, il s&rsquo;agit principalement de la participation de Tesla, mais elle doit \u00e9galement \u00eatre incluse dans des actions de soci\u00e9t\u00e9s non cot\u00e9es telles que la soci\u00e9t\u00e9 spatiale SpaceX ou son AI Smithy Xai.<\/p>\n<p><strong>-Oracle se d\u00e9veloppe rapidement dans le commerce du cloud:<\/strong> La part d&rsquo;Oracle a temporairement augment\u00e9 de 40% au d\u00e9but du commerce am\u00e9ricain. Le groupe technologique avait ravi les investisseurs avec les pr\u00e9visions de d\u00e9veloppement de son activit\u00e9 cloud. Au cours du dernier trimestre, le produit des infrastructures cloud a augment\u00e9 de 55% \u00e0 3,3 milliards de dollars par an. Cependant, Oracle a pr\u00e9dit une augmentation de 77% \u00e0 18 milliards de dollars pour l&rsquo;exercice en cours. Et pour l&rsquo;exercice qui expirera fin mai 2030, le groupe vise \u00e0 transformer les ventes de cloud de 144 milliards de dollars.<\/p>\n<p>Oracle d\u00e9tecte une grande entreprise dans les centres de donn\u00e9es pour les applications avec intelligence artificielle. \u00c0 l&rsquo;avenir, le groupe souhaite fournir \u00e0 une grande \u00e9chelle le d\u00e9veloppeur Chatgpt Openai \u00e0 partir du cloud. Tikkok et le groupe Chip Nvidia incluent d\u00e9j\u00e0 les clients actuels. (DPA \/ CRE)<\/p>\n","protected":false},"excerpt":{"rendered":"<p>Apr\u00e8s un saut de cours \u00e0 la part du groupe de logiciels Oracle&rsquo;s Share, le fondateur de 81 ans, Larry Ellison, a d\u00e9pass\u00e9 le milliardaire<\/p>\n","protected":false},"author":1,"featured_media":9957,"comment_status":"","ping_status":"","sticky":false,"template":"","format":"standard","meta":{"footnotes":""},"categories":[298],"tags":[166,8495,8497,4155,4578,8496,4475,2987,6389,237,3149,1082,3514],"class_list":["post-9956","post","type-post","status-publish","format-standard","has-post-thumbnail","hentry","category-belgique","tag-dans","tag-doracle","tag-ellison","tag-elon","tag-fondateur","tag-larry","tag-lhomme","tag-liste","tag-milliardaire","tag-monde","tag-musk","tag-nest","tag-riche","generate-columns","tablet-grid-50","mobile-grid-100","grid-parent","grid-33"],"yoast_head":"<!-- This site is optimized with the Yoast SEO plugin v24.0 - https:\/\/yoast.com\/wordpress\/plugins\/seo\/ -->\n<title>Elon Musk n&#039;est plus l&#039;homme le plus riche du monde: dans la liste milliardaire du fondateur d&#039;Oracle Larry Ellison | Vie Associative<\/title>\n<meta name=\"robots\" content=\"index, follow, max-snippet:-1, max-image-preview:large, max-video-preview:-1\" \/>\n<link rel=\"canonical\" href=\"https:\/\/vieassociative.be\/actualites\/elon-musk-nest-plus-lhomme-le-plus-riche-du-monde-dans-la-liste-milliardaire-du-fondateur-doracle-larry-ellison\/\" \/>\n<meta property=\"og:locale\" content=\"fr_FR\" \/>\n<meta property=\"og:type\" content=\"article\" \/>\n<meta property=\"og:title\" content=\"Elon Musk n&#039;est plus l&#039;homme le plus riche du monde: dans la liste milliardaire du fondateur d&#039;Oracle Larry Ellison | Vie Associative\" \/>\n<meta property=\"og:description\" content=\"Apr\u00e8s un saut de cours \u00e0 la part du groupe de logiciels Oracle&rsquo;s Share, le fondateur de 81 ans, Larry Ellison, a d\u00e9pass\u00e9 le milliardaire\" \/>\n<meta property=\"og:url\" content=\"https:\/\/vieassociative.be\/actualites\/elon-musk-nest-plus-lhomme-le-plus-riche-du-monde-dans-la-liste-milliardaire-du-fondateur-doracle-larry-ellison\/\" \/>\n<meta property=\"og:site_name\" content=\"Vie Associative\" \/>\n<meta property=\"article:published_time\" content=\"2025-09-10T20:17:43+00:00\" \/>\n<meta property=\"og:image\" content=\"https:\/\/vieassociative.be\/actualites\/wp-content\/uploads\/2024\/09\/header_backgroundk-01-e1726694325946.png\" \/>\n\t<meta property=\"og:image:width\" content=\"279\" \/>\n\t<meta property=\"og:image:height\" content=\"92\" \/>\n\t<meta property=\"og:image:type\" content=\"image\/png\" \/>\n<meta name=\"author\" content=\"Julien\" \/>\n<meta name=\"twitter:card\" content=\"summary_large_image\" \/>\n<meta name=\"twitter:label1\" content=\"\u00c9crit par\" \/>\n\t<meta name=\"twitter:data1\" content=\"Julien\" \/>\n\t<meta name=\"twitter:label2\" content=\"Dur\u00e9e de lecture est.\" \/>\n\t<meta name=\"twitter:data2\" content=\"2 minutes\" \/>\n<script type=\"application\/ld+json\" class=\"yoast-schema-graph\">{\"@context\":\"https:\/\/schema.org\",\"@graph\":[{\"@type\":\"Article\",\"@id\":\"https:\/\/vieassociative.be\/actualites\/elon-musk-nest-plus-lhomme-le-plus-riche-du-monde-dans-la-liste-milliardaire-du-fondateur-doracle-larry-ellison\/#article\",\"isPartOf\":{\"@id\":\"https:\/\/vieassociative.be\/actualites\/elon-musk-nest-plus-lhomme-le-plus-riche-du-monde-dans-la-liste-milliardaire-du-fondateur-doracle-larry-ellison\/\"},\"author\":{\"name\":\"Julien\",\"@id\":\"https:\/\/vieassociative.be\/actualites\/#\/schema\/person\/b87ac4f82f9d4e7b7cec7395b679edc4\"},\"headline\":\"Elon Musk n&rsquo;est plus l&rsquo;homme le plus riche du monde: dans la liste milliardaire du fondateur d&rsquo;Oracle Larry Ellison\",\"datePublished\":\"2025-09-10T20:17:43+00:00\",\"dateModified\":\"2025-09-10T20:17:43+00:00\",\"mainEntityOfPage\":{\"@id\":\"https:\/\/vieassociative.be\/actualites\/elon-musk-nest-plus-lhomme-le-plus-riche-du-monde-dans-la-liste-milliardaire-du-fondateur-doracle-larry-ellison\/\"},\"wordCount\":366,\"publisher\":{\"@id\":\"https:\/\/vieassociative.be\/actualites\/#organization\"},\"image\":{\"@id\":\"https:\/\/vieassociative.be\/actualites\/elon-musk-nest-plus-lhomme-le-plus-riche-du-monde-dans-la-liste-milliardaire-du-fondateur-doracle-larry-ellison\/#primaryimage\"},\"thumbnailUrl\":\"https:\/\/vieassociative.be\/actualites\/wp-content\/uploads\/2025\/09\/1757535464_Elon-Musk-nest-plus-lhomme-le-plus-riche-du-monde.jpg\",\"keywords\":[\"dans\",\"dOracle\",\"Ellison\",\"Elon\",\"fondateur\",\"Larry\",\"Lhomme\",\"liste\",\"milliardaire\",\"monde\",\"Musk\",\"nest\",\"riche\"],\"articleSection\":[\"Belgique\"],\"inLanguage\":\"fr-BE\"},{\"@type\":\"WebPage\",\"@id\":\"https:\/\/vieassociative.be\/actualites\/elon-musk-nest-plus-lhomme-le-plus-riche-du-monde-dans-la-liste-milliardaire-du-fondateur-doracle-larry-ellison\/\",\"url\":\"https:\/\/vieassociative.be\/actualites\/elon-musk-nest-plus-lhomme-le-plus-riche-du-monde-dans-la-liste-milliardaire-du-fondateur-doracle-larry-ellison\/\",\"name\":\"Elon Musk n'est plus l'homme le plus riche du monde: dans la liste milliardaire du fondateur d'Oracle Larry Ellison | Vie Associative\",\"isPartOf\":{\"@id\":\"https:\/\/vieassociative.be\/actualites\/#website\"},\"primaryImageOfPage\":{\"@id\":\"https:\/\/vieassociative.be\/actualites\/elon-musk-nest-plus-lhomme-le-plus-riche-du-monde-dans-la-liste-milliardaire-du-fondateur-doracle-larry-ellison\/#primaryimage\"},\"image\":{\"@id\":\"https:\/\/vieassociative.be\/actualites\/elon-musk-nest-plus-lhomme-le-plus-riche-du-monde-dans-la-liste-milliardaire-du-fondateur-doracle-larry-ellison\/#primaryimage\"},\"thumbnailUrl\":\"https:\/\/vieassociative.be\/actualites\/wp-content\/uploads\/2025\/09\/1757535464_Elon-Musk-nest-plus-lhomme-le-plus-riche-du-monde.jpg\",\"datePublished\":\"2025-09-10T20:17:43+00:00\",\"dateModified\":\"2025-09-10T20:17:43+00:00\",\"breadcrumb\":{\"@id\":\"https:\/\/vieassociative.be\/actualites\/elon-musk-nest-plus-lhomme-le-plus-riche-du-monde-dans-la-liste-milliardaire-du-fondateur-doracle-larry-ellison\/#breadcrumb\"},\"inLanguage\":\"fr-BE\",\"potentialAction\":[{\"@type\":\"ReadAction\",\"target\":[\"https:\/\/vieassociative.be\/actualites\/elon-musk-nest-plus-lhomme-le-plus-riche-du-monde-dans-la-liste-milliardaire-du-fondateur-doracle-larry-ellison\/\"]}]},{\"@type\":\"ImageObject\",\"inLanguage\":\"fr-BE\",\"@id\":\"https:\/\/vieassociative.be\/actualites\/elon-musk-nest-plus-lhomme-le-plus-riche-du-monde-dans-la-liste-milliardaire-du-fondateur-doracle-larry-ellison\/#primaryimage\",\"url\":\"https:\/\/vieassociative.be\/actualites\/wp-content\/uploads\/2025\/09\/1757535464_Elon-Musk-nest-plus-lhomme-le-plus-riche-du-monde.jpg\",\"contentUrl\":\"https:\/\/vieassociative.be\/actualites\/wp-content\/uploads\/2025\/09\/1757535464_Elon-Musk-nest-plus-lhomme-le-plus-riche-du-monde.jpg\",\"width\":1200,\"height\":883,\"caption\":\"Elon Musk n'est plus l'homme le plus riche du monde: dans la liste milliardaire du fondateur d'Oracle Larry Ellison\"},{\"@type\":\"BreadcrumbList\",\"@id\":\"https:\/\/vieassociative.be\/actualites\/elon-musk-nest-plus-lhomme-le-plus-riche-du-monde-dans-la-liste-milliardaire-du-fondateur-doracle-larry-ellison\/#breadcrumb\",\"itemListElement\":[{\"@type\":\"ListItem\",\"position\":1,\"name\":\"Accueil\",\"item\":\"https:\/\/vieassociative.be\/actualites\/\"},{\"@type\":\"ListItem\",\"position\":2,\"name\":\"Elon Musk n&rsquo;est plus l&rsquo;homme le plus riche du monde: dans la liste milliardaire du fondateur d&rsquo;Oracle Larry Ellison\"}]},{\"@type\":\"WebSite\",\"@id\":\"https:\/\/vieassociative.be\/actualites\/#website\",\"url\":\"https:\/\/vieassociative.be\/actualites\/\",\"name\":\"Vie Associative\",\"description\":\"\",\"publisher\":{\"@id\":\"https:\/\/vieassociative.be\/actualites\/#organization\"},\"potentialAction\":[{\"@type\":\"SearchAction\",\"target\":{\"@type\":\"EntryPoint\",\"urlTemplate\":\"https:\/\/vieassociative.be\/actualites\/?s={search_term_string}\"},\"query-input\":{\"@type\":\"PropertyValueSpecification\",\"valueRequired\":true,\"valueName\":\"search_term_string\"}}],\"inLanguage\":\"fr-BE\"},{\"@type\":\"Organization\",\"@id\":\"https:\/\/vieassociative.be\/actualites\/#organization\",\"name\":\"Vie Associative\",\"url\":\"https:\/\/vieassociative.be\/actualites\/\",\"logo\":{\"@type\":\"ImageObject\",\"inLanguage\":\"fr-BE\",\"@id\":\"https:\/\/vieassociative.be\/actualites\/#\/schema\/logo\/image\/\",\"url\":\"https:\/\/vieassociative.be\/actualites\/wp-content\/uploads\/2024\/09\/cropped-vieassociative_favicon.ico.png\",\"contentUrl\":\"https:\/\/vieassociative.be\/actualites\/wp-content\/uploads\/2024\/09\/cropped-vieassociative_favicon.ico.png\",\"width\":512,\"height\":512,\"caption\":\"Vie Associative\"},\"image\":{\"@id\":\"https:\/\/vieassociative.be\/actualites\/#\/schema\/logo\/image\/\"}},{\"@type\":\"Person\",\"@id\":\"https:\/\/vieassociative.be\/actualites\/#\/schema\/person\/b87ac4f82f9d4e7b7cec7395b679edc4\",\"name\":\"Julien\",\"image\":{\"@type\":\"ImageObject\",\"inLanguage\":\"fr-BE\",\"@id\":\"https:\/\/vieassociative.be\/actualites\/#\/schema\/person\/image\/\",\"url\":\"https:\/\/vieassociative.be\/actualites\/wp-content\/uploads\/2024\/09\/vie-associative-1-150x150.jpg\",\"contentUrl\":\"https:\/\/vieassociative.be\/actualites\/wp-content\/uploads\/2024\/09\/vie-associative-1-150x150.jpg\",\"caption\":\"Julien\"},\"description\":\"Je suis Julien, r\u00e9dacteur pour Vie Associative. Passionn\u00e9 par le monde associatif depuis plus de 10 ans, j'ai \u00e0 c\u0153ur de partager des histoires inspirantes et de mettre en lumi\u00e8re les initiatives locales. Mon objectif est de sensibiliser et d'encourager l'engagement communautaire \u00e0 travers mes articles.\",\"sameAs\":[\"https:\/\/vieassociative.be\/\"]}]}<\/script>\n<!-- \/ Yoast SEO plugin. -->","yoast_head_json":{"title":"Elon Musk n'est plus l'homme le plus riche du monde: dans la liste milliardaire du fondateur d'Oracle Larry Ellison | Vie Associative","robots":{"index":"index","follow":"follow","max-snippet":"max-snippet:-1","max-image-preview":"max-image-preview:large","max-video-preview":"max-video-preview:-1"},"canonical":"https:\/\/vieassociative.be\/actualites\/elon-musk-nest-plus-lhomme-le-plus-riche-du-monde-dans-la-liste-milliardaire-du-fondateur-doracle-larry-ellison\/","og_locale":"fr_FR","og_type":"article","og_title":"Elon Musk n'est plus l'homme le plus riche du monde: dans la liste milliardaire du fondateur d'Oracle Larry Ellison | Vie Associative","og_description":"Apr\u00e8s un saut de cours \u00e0 la part du groupe de logiciels Oracle&rsquo;s Share, le fondateur de 81 ans, Larry Ellison, a d\u00e9pass\u00e9 le milliardaire","og_url":"https:\/\/vieassociative.be\/actualites\/elon-musk-nest-plus-lhomme-le-plus-riche-du-monde-dans-la-liste-milliardaire-du-fondateur-doracle-larry-ellison\/","og_site_name":"Vie Associative","article_published_time":"2025-09-10T20:17:43+00:00","og_image":[{"width":279,"height":92,"url":"https:\/\/vieassociative.be\/actualites\/wp-content\/uploads\/2024\/09\/header_backgroundk-01-e1726694325946.png","type":"image\/png"}],"author":"Julien","twitter_card":"summary_large_image","twitter_misc":{"\u00c9crit par":"Julien","Dur\u00e9e de lecture est.":"2 minutes"},"schema":{"@context":"https:\/\/schema.org","@graph":[{"@type":"Article","@id":"https:\/\/vieassociative.be\/actualites\/elon-musk-nest-plus-lhomme-le-plus-riche-du-monde-dans-la-liste-milliardaire-du-fondateur-doracle-larry-ellison\/#article","isPartOf":{"@id":"https:\/\/vieassociative.be\/actualites\/elon-musk-nest-plus-lhomme-le-plus-riche-du-monde-dans-la-liste-milliardaire-du-fondateur-doracle-larry-ellison\/"},"author":{"name":"Julien","@id":"https:\/\/vieassociative.be\/actualites\/#\/schema\/person\/b87ac4f82f9d4e7b7cec7395b679edc4"},"headline":"Elon Musk n&rsquo;est plus l&rsquo;homme le plus riche du monde: dans la liste milliardaire du fondateur d&rsquo;Oracle Larry Ellison","datePublished":"2025-09-10T20:17:43+00:00","dateModified":"2025-09-10T20:17:43+00:00","mainEntityOfPage":{"@id":"https:\/\/vieassociative.be\/actualites\/elon-musk-nest-plus-lhomme-le-plus-riche-du-monde-dans-la-liste-milliardaire-du-fondateur-doracle-larry-ellison\/"},"wordCount":366,"publisher":{"@id":"https:\/\/vieassociative.be\/actualites\/#organization"},"image":{"@id":"https:\/\/vieassociative.be\/actualites\/elon-musk-nest-plus-lhomme-le-plus-riche-du-monde-dans-la-liste-milliardaire-du-fondateur-doracle-larry-ellison\/#primaryimage"},"thumbnailUrl":"https:\/\/vieassociative.be\/actualites\/wp-content\/uploads\/2025\/09\/1757535464_Elon-Musk-nest-plus-lhomme-le-plus-riche-du-monde.jpg","keywords":["dans","dOracle","Ellison","Elon","fondateur","Larry","Lhomme","liste","milliardaire","monde","Musk","nest","riche"],"articleSection":["Belgique"],"inLanguage":"fr-BE"},{"@type":"WebPage","@id":"https:\/\/vieassociative.be\/actualites\/elon-musk-nest-plus-lhomme-le-plus-riche-du-monde-dans-la-liste-milliardaire-du-fondateur-doracle-larry-ellison\/","url":"https:\/\/vieassociative.be\/actualites\/elon-musk-nest-plus-lhomme-le-plus-riche-du-monde-dans-la-liste-milliardaire-du-fondateur-doracle-larry-ellison\/","name":"Elon Musk n'est plus l'homme le plus riche du monde: dans la liste milliardaire du fondateur d'Oracle Larry Ellison | Vie Associative","isPartOf":{"@id":"https:\/\/vieassociative.be\/actualites\/#website"},"primaryImageOfPage":{"@id":"https:\/\/vieassociative.be\/actualites\/elon-musk-nest-plus-lhomme-le-plus-riche-du-monde-dans-la-liste-milliardaire-du-fondateur-doracle-larry-ellison\/#primaryimage"},"image":{"@id":"https:\/\/vieassociative.be\/actualites\/elon-musk-nest-plus-lhomme-le-plus-riche-du-monde-dans-la-liste-milliardaire-du-fondateur-doracle-larry-ellison\/#primaryimage"},"thumbnailUrl":"https:\/\/vieassociative.be\/actualites\/wp-content\/uploads\/2025\/09\/1757535464_Elon-Musk-nest-plus-lhomme-le-plus-riche-du-monde.jpg","datePublished":"2025-09-10T20:17:43+00:00","dateModified":"2025-09-10T20:17:43+00:00","breadcrumb":{"@id":"https:\/\/vieassociative.be\/actualites\/elon-musk-nest-plus-lhomme-le-plus-riche-du-monde-dans-la-liste-milliardaire-du-fondateur-doracle-larry-ellison\/#breadcrumb"},"inLanguage":"fr-BE","potentialAction":[{"@type":"ReadAction","target":["https:\/\/vieassociative.be\/actualites\/elon-musk-nest-plus-lhomme-le-plus-riche-du-monde-dans-la-liste-milliardaire-du-fondateur-doracle-larry-ellison\/"]}]},{"@type":"ImageObject","inLanguage":"fr-BE","@id":"https:\/\/vieassociative.be\/actualites\/elon-musk-nest-plus-lhomme-le-plus-riche-du-monde-dans-la-liste-milliardaire-du-fondateur-doracle-larry-ellison\/#primaryimage","url":"https:\/\/vieassociative.be\/actualites\/wp-content\/uploads\/2025\/09\/1757535464_Elon-Musk-nest-plus-lhomme-le-plus-riche-du-monde.jpg","contentUrl":"https:\/\/vieassociative.be\/actualites\/wp-content\/uploads\/2025\/09\/1757535464_Elon-Musk-nest-plus-lhomme-le-plus-riche-du-monde.jpg","width":1200,"height":883,"caption":"Elon Musk n'est plus l'homme le plus riche du monde: dans la liste milliardaire du fondateur d'Oracle Larry Ellison"},{"@type":"BreadcrumbList","@id":"https:\/\/vieassociative.be\/actualites\/elon-musk-nest-plus-lhomme-le-plus-riche-du-monde-dans-la-liste-milliardaire-du-fondateur-doracle-larry-ellison\/#breadcrumb","itemListElement":[{"@type":"ListItem","position":1,"name":"Accueil","item":"https:\/\/vieassociative.be\/actualites\/"},{"@type":"ListItem","position":2,"name":"Elon Musk n&rsquo;est plus l&rsquo;homme le plus riche du monde: dans la liste milliardaire du fondateur d&rsquo;Oracle Larry Ellison"}]},{"@type":"WebSite","@id":"https:\/\/vieassociative.be\/actualites\/#website","url":"https:\/\/vieassociative.be\/actualites\/","name":"Vie Associative","description":"","publisher":{"@id":"https:\/\/vieassociative.be\/actualites\/#organization"},"potentialAction":[{"@type":"SearchAction","target":{"@type":"EntryPoint","urlTemplate":"https:\/\/vieassociative.be\/actualites\/?s={search_term_string}"},"query-input":{"@type":"PropertyValueSpecification","valueRequired":true,"valueName":"search_term_string"}}],"inLanguage":"fr-BE"},{"@type":"Organization","@id":"https:\/\/vieassociative.be\/actualites\/#organization","name":"Vie Associative","url":"https:\/\/vieassociative.be\/actualites\/","logo":{"@type":"ImageObject","inLanguage":"fr-BE","@id":"https:\/\/vieassociative.be\/actualites\/#\/schema\/logo\/image\/","url":"https:\/\/vieassociative.be\/actualites\/wp-content\/uploads\/2024\/09\/cropped-vieassociative_favicon.ico.png","contentUrl":"https:\/\/vieassociative.be\/actualites\/wp-content\/uploads\/2024\/09\/cropped-vieassociative_favicon.ico.png","width":512,"height":512,"caption":"Vie Associative"},"image":{"@id":"https:\/\/vieassociative.be\/actualites\/#\/schema\/logo\/image\/"}},{"@type":"Person","@id":"https:\/\/vieassociative.be\/actualites\/#\/schema\/person\/b87ac4f82f9d4e7b7cec7395b679edc4","name":"Julien","image":{"@type":"ImageObject","inLanguage":"fr-BE","@id":"https:\/\/vieassociative.be\/actualites\/#\/schema\/person\/image\/","url":"https:\/\/vieassociative.be\/actualites\/wp-content\/uploads\/2024\/09\/vie-associative-1-150x150.jpg","contentUrl":"https:\/\/vieassociative.be\/actualites\/wp-content\/uploads\/2024\/09\/vie-associative-1-150x150.jpg","caption":"Julien"},"description":"Je suis Julien, r\u00e9dacteur pour Vie Associative. Passionn\u00e9 par le monde associatif depuis plus de 10 ans, j'ai \u00e0 c\u0153ur de partager des histoires inspirantes et de mettre en lumi\u00e8re les initiatives locales. Mon objectif est de sensibiliser et d'encourager l'engagement communautaire \u00e0 travers mes articles.","sameAs":["https:\/\/vieassociative.be\/"]}]}},"_links":{"self":[{"href":"https:\/\/vieassociative.be\/actualites\/wp-json\/wp\/v2\/posts\/9956"}],"collection":[{"href":"https:\/\/vieassociative.be\/actualites\/wp-json\/wp\/v2\/posts"}],"about":[{"href":"https:\/\/vieassociative.be\/actualites\/wp-json\/wp\/v2\/types\/post"}],"author":[{"embeddable":true,"href":"https:\/\/vieassociative.be\/actualites\/wp-json\/wp\/v2\/users\/1"}],"replies":[{"embeddable":true,"href":"https:\/\/vieassociative.be\/actualites\/wp-json\/wp\/v2\/comments?post=9956"}],"version-history":[{"count":0,"href":"https:\/\/vieassociative.be\/actualites\/wp-json\/wp\/v2\/posts\/9956\/revisions"}],"wp:featuredmedia":[{"embeddable":true,"href":"https:\/\/vieassociative.be\/actualites\/wp-json\/wp\/v2\/media\/9957"}],"wp:attachment":[{"href":"https:\/\/vieassociative.be\/actualites\/wp-json\/wp\/v2\/media?parent=9956"}],"wp:term":[{"taxonomy":"category","embeddable":true,"href":"https:\/\/vieassociative.be\/actualites\/wp-json\/wp\/v2\/categories?post=9956"},{"taxonomy":"post_tag","embeddable":true,"href":"https:\/\/vieassociative.be\/actualites\/wp-json\/wp\/v2\/tags?post=9956"}],"curies":[{"name":"wp","href":"https:\/\/api.w.org\/{rel}","templated":true}]}}