{"id":9952,"date":"2025-09-10T20:18:48","date_gmt":"2025-09-10T18:18:48","guid":{"rendered":"https:\/\/vieassociative.be\/actualites\/pourquoi-je-choisirais-liphone-17-dans-lair-iphone\/"},"modified":"2025-09-10T20:18:48","modified_gmt":"2025-09-10T18:18:48","slug":"pourquoi-je-choisirais-liphone-17-dans-lair-iphone","status":"publish","type":"post","link":"https:\/\/vieassociative.be\/actualites\/pourquoi-je-choisirais-liphone-17-dans-lair-iphone\/","title":{"rendered":"Pourquoi je choisirais l&rsquo;iPhone 17 dans l&rsquo;air iPhone"},"content":{"rendered":"<div class=\"mt-4 leading-6 md:mb-8\">L&rsquo;air iPhone est plus mince et plus l\u00e9ger, mais est-ce mieux que l&rsquo;iPhone 17?<\/div>\n<p><\/p>\n<p>Depuis la fin de l&rsquo;\u00e9v\u00e9nement de lancement de l&rsquo;iPhone 17 d&rsquo;Apple, je pensais \u00e0 laquelle de ses t\u00e9l\u00e9phones non-pro que j&rsquo;aimerais acheter. Le choix n&rsquo;est pas tr\u00e8s simple cette ann\u00e9e, car l&rsquo;iPhone 17 et l&rsquo;iPhone Air ont quelques compromis, et m\u00eame si l&rsquo;air iPhone est un peu plus cher, ce n&rsquo;est pas n\u00e9cessairement meilleur dans tout. Voici les diff\u00e9rences les plus importantes entre l&rsquo;iPhone 17 et l&rsquo;iPhone Air, et pourquoi je pense que le premier est probablement le meilleur choix, du moins pour moi.<\/p>\n<h2 id=\"iphone-17-is-available-in-more-colors\">L&rsquo;iPhone 17 est disponible en plus de couleurs<\/h2>\n<div class=\"eloquent-imagery-image\">\n<div class=\"flex justify-center\">\n                    <img decoding=\"async\" class=\"border border-gray-100\" src=\"https:\/\/vieassociative.be\/actualites\/wp-content\/uploads\/2025\/09\/Pourquoi-je-choisirais-liPhone-17-dans-lair-iPhone.png\" alt=\"Toutes les variantes de couleur iPhone 17.\" width=\"2000\" height=\"1053\" loading=\"lazy\"  >\n            <\/div>\n<\/p><\/div>\n<p>Je me soucie des looks de mon iPhone, m\u00eame si mes iPhones pr\u00e9c\u00e9dents et moins color\u00e9s sugg\u00e8rent le contraire. J&rsquo;ai g\u00e9n\u00e9ralement opt\u00e9 pour des teintes subtiles et sombres, mais cette fois-ci, j&rsquo;ai envie de changer un peu les choses et d&rsquo;aller pour une option color\u00e9e. L&rsquo;iPhone 17 me donne beaucoup de bons choix, avec cinq finitions diff\u00e9rentes. Vous pouvez obtenir ce t\u00e9l\u00e9phone en lavande, sage (une teinte verte) et brume bleu, \u00e0 l&rsquo;exception du blanc et du noir habituels. Cela lui donne cinq coloris diff\u00e9rents dans l&rsquo;ensemble, dont beaucoup sont le type de vibrant que je recherche.<\/p>\n<p>D&rsquo;un autre c\u00f4t\u00e9, l&rsquo;air de l&rsquo;iPhone n&rsquo;est disponible qu&rsquo;en quatre variantes de couleur: bleu ciel, or clair, blanc nuageux et espace noir. Parmi ceux-ci, j&rsquo;aime les variantes de couleur noir et blanc, mais les autres sont un peu trop subtiles pour moi cette ann\u00e9e.<\/p>\n<div class=\"mx-auto mb-12 mt-5 w-full max-w-3xl rounded-md border-2 border-gray-100 p-3 shadow-md md:px-7 md:pb-7 md:pt-5\" id=\"related-video\">\n<div class=\"mb-3 flex items-center md:mb-5\">\n        <img decoding=\"async\" class=\"mr-4 mt-0 h-10 w-10 md:mr-5 md:h-12 md:w-12\" src=\"https:\/\/vieassociative.be\/actualites\/wp-content\/uploads\/2025\/08\/1754414314_422_Les-brins-du-NYT-daujourdhui-indiquent-et-repondent-pour-le.jpg\" alt=\"Logo Lifehacker\"><\/p><\/div>\n<div class=\"aspect-video w-full overflow-hidden rounded-md\">\n<div id=\"video-container-01K4TB7B9N0ASXRFX03TY150E3\"><\/div>\n<\/p><\/div>\n<\/div>\n<h2 id=\"iphone-air-promises-better-build-quality\">iPhone Air promet une meilleure qualit\u00e9 de construction<\/h2>\n<div class=\"eloquent-imagery-image\">\n<div class=\"flex justify-center\">\n                    <img decoding=\"async\" class=\"border border-gray-100\" src=\"https:\/\/vieassociative.be\/actualites\/wp-content\/uploads\/2025\/09\/1757528327_266_Pourquoi-je-choisirais-liPhone-17-dans-lair-iPhone.png\" alt=\"IPhone Air dans la main d'une personne.\" width=\"2000\" height=\"1125\" loading=\"lazy\"  >\n            <\/div>\n<\/p><\/div>\n<p>Si vous comparez les \u00e9crans de l&rsquo;air iPhone et de l&rsquo;iPhone 17, vous remarquerez qu&rsquo;ils sont identiques dans tout sauf la taille. L&rsquo;Air iPhone obtient un \u00e9cran l\u00e9g\u00e8rement plus grand de 6,5 pouces, par opposition \u00e0 l&rsquo;\u00e9cran de 6,3 pouces de l&rsquo;iPhone 17. Quant \u00e0 la taille globale, l&rsquo;air iPhone mesure 6,5 pouces de hauteur, 2,94 pouces de large et 0,22 pouces d&rsquo;\u00e9paisseur. Oui, cela signifie que c&rsquo;est l&rsquo;iPhone le plus mince \u00e0 ce jour, mais l&rsquo;iPhone 17 n&rsquo;est pas sans charmes. En raison de cet \u00e9cran plus petit, il est un peu plus compact, \u00e0 5,89 pouces de hauteur et 2,81 pouces de large. Il vous suffit d&rsquo;\u00eatre pr\u00eat \u00e0 supporter qu&rsquo;il est l\u00e9g\u00e8rement plus \u00e9pais, \u00e0 0,34 pouce.<\/p>\n<p>Ensuite, il y a du poids. M\u00eame si l&rsquo;air de l&rsquo;iPhone est plus grand, il est plus l\u00e9ger que l&rsquo;iPhone 17. L&rsquo;air iPhone p\u00e8se 5,82 onces (165 grammes), tandis que l&rsquo;iPhone 17 p\u00e8se 6,24 onces (177 grammes). <\/p>\n<p>Pour moi, la grande diff\u00e9rence de qualit\u00e9 de construction est que l&rsquo;air iPhone a \u00e9galement un bouclier en c\u00e9ramique \u00e0 l&rsquo;arri\u00e8re du t\u00e9l\u00e9phone. L&rsquo;iPhone 17 a encore du verre \u00e0 l&rsquo;arri\u00e8re, ce qui signifie qu&rsquo;il est plus susceptible de se fissurer si vous le d\u00e9posez. Les deux smartphones utilisent le bouclier en c\u00e9ramique 2 pour prot\u00e9ger l&rsquo;affichage.<\/p>\n<h2 id=\"iphone-air-has-a-faster-processor-but-worse-battery-life\">iPhone Air a un processeur plus rapide, mais une pire autonomie de la batterie<\/h2>\n<div class=\"eloquent-imagery-image\">\n<div class=\"flex justify-center\">\n                    <img decoding=\"async\" class=\"border border-gray-100\" src=\"https:\/\/vieassociative.be\/actualites\/wp-content\/uploads\/2025\/09\/1757528327_12_Pourquoi-je-choisirais-liPhone-17-dans-lair-iPhone.png\" alt=\"Processeur A19 Pro.\" width=\"2000\" height=\"1151\" loading=\"lazy\"  >\n            <\/div>\n<\/p><\/div>\n<p>L&rsquo;iPhone Air est exp\u00e9di\u00e9 avec la m\u00eame puce A19 Pro que les mod\u00e8les iPhone 17 Pro. Il a un GPU \u00e0 5 c\u0153urs au lieu de celui \u00e0 6 c\u0153urs sur le 17 Pro, mais sinon, vous devriez obtenir des avantages de performance similaires de l&rsquo;air iPhone. L&rsquo;iPhone 17, quant \u00e0 lui, est livr\u00e9 avec la puce A19. Si vous n&rsquo;utilisez pas votre iPhone pour les charges de travail lourdes comme la modification des vid\u00e9os, le tournage de nombreuses vid\u00e9os ou la lecture de jeux graphiques, vous ne remarquerez probablement pas une grande diff\u00e9rence entre l&rsquo;A19 Pro et l&rsquo;A19. Mais pour les personnes ayant une forte utilisation, la puissance de traitement suppl\u00e9mentaire sera agr\u00e9able \u00e0 avoir. <\/p>\n<p>Ce n&rsquo;est pas une pure mise \u00e0 niveau, cependant. L&rsquo;effet secondaire d&rsquo;\u00eatre plus mince et plus l\u00e9ger est une pire autonomie de la batterie, ce qui est un grand con \u00e0 l&rsquo;air de l&rsquo;iPhone. Apple dit que vous obtiendrez jusqu&rsquo;\u00e0 27 heures de lecture vid\u00e9o sur une seule charge dans l&rsquo;air de l&rsquo;iPhone, mais 30 heures sur l&rsquo;iPhone 17.<\/p>\n<p>De plus, l&rsquo;iPhone 17 facture \u00e9galement plus rapidement que l&rsquo;air iPhone. Apple dit que l&rsquo;iPhone Air prend en charge Magsafe sans fil charge jusqu&rsquo;\u00e0 20W avec un adaptateur de 30W, tandis que l&rsquo;iPhone 17 prend en charge jusqu&rsquo;\u00e0 25W avec un adaptateur de charge de 30 W. Cela signifie que l&rsquo;iPhone 17 se chargera plus rapidement sans fil. C&rsquo;est une histoire similaire pour la charge filaire, avec une mise en garde. Selon les sp\u00e9cifications de l&rsquo;Apple, un air iPhone peut facturer de z\u00e9ro \u00e0 50% en 30 minutes avec un adaptateur de 20W ou plus, tandis que l&rsquo;iPhone 17 peut le faire en 20 minutes avec un adaptateur de 40W. C&rsquo;est plus rapide, bien que nous n&rsquo;ayons actuellement pas de revendications de temps de charge pour l&rsquo;iPhone 17 de base en utilisant un chargeur de 20W, donc ce n&rsquo;est pas une comparaison exacte avec l&rsquo;air. <\/p>\n<h2 id=\"iphone-17-is-better-for-photography\">L&rsquo;iPhone 17 est meilleur pour la photographie<\/h2>\n<div class=\"eloquent-imagery-image\">\n<div class=\"flex justify-center\">\n                    <img decoding=\"async\" class=\"border border-gray-100\" src=\"https:\/\/vieassociative.be\/actualites\/wp-content\/uploads\/2025\/09\/1757528327_668_Pourquoi-je-choisirais-liPhone-17-dans-lair-iPhone.png\" alt=\"Cam\u00e9ra arri\u00e8re unique d'iPhone Air.\" width=\"2000\" height=\"1125\" loading=\"lazy\"  >\n            <\/div>\n<\/p><\/div>\n<p>Pour moi, la cam\u00e9ra unique de l&rsquo;iPhone Air est un dealbreaker pour un t\u00e9l\u00e9phone qui co\u00fbte 1 000 $. Le capteur de 48 m\u00e9gapixels sur l&rsquo;appareil photo est probablement bon seul (Vie Associative n&rsquo;a pas encore \u00e9t\u00e9 pratique avec lui), mais en obtenant l&rsquo;air, vous manquez l&rsquo;objectif ultraide disponible sur tous les autres mod\u00e8les iPhone 17. Cela signifie pas de mode de prise de vue de 0,5x. L&rsquo;iPhone 17 prend \u00e9galement en charge les macro-photographies \/ enregistrements vid\u00e9o et les photos \/ vid\u00e9os spatiales, qui manque dans l&rsquo;air iPhone. Heureusement, la cam\u00e9ra frontale centrale est exactement la m\u00eame sur l&rsquo;iPhone 17 et l&rsquo;iPhone Air, vous pourrez donc prendre des vid\u00e9os horizontales avec elle m\u00eame en tenant votre t\u00e9l\u00e9phone verticalement.<\/p>\n<h2 id=\"iphone-17-is-cheaper-than-the-iphone-air\">L&rsquo;iPhone 17 est moins cher que l&rsquo;air iPhone<\/h2>\n<div class=\"eloquent-imagery-image\">\n<div class=\"flex justify-center\">\n                    <img decoding=\"async\" class=\"border border-gray-100\" src=\"https:\/\/vieassociative.be\/actualites\/wp-content\/uploads\/2025\/09\/1757528328_897_Pourquoi-je-choisirais-liPhone-17-dans-lair-iPhone.png\" alt=\"iPhone 17 sur un fond blanc.\" width=\"2000\" height=\"1125\" loading=\"lazy\"  >\n            <\/div>\n<\/p><\/div>\n<p>Apr\u00e8s avoir examin\u00e9 toutes les sp\u00e9cifications pour les deux t\u00e9l\u00e9phones, je me penche vers l&rsquo;iPhone 17 au-dessus de l&rsquo;air iPhone. Je ne suis pas vraiment obs\u00e9d\u00e9 par la minceur et la l\u00e9g\u00e8ret\u00e9 de mon t\u00e9l\u00e9phone autant que ce qu&rsquo;elle peut faire. Je pr\u00e9f\u00e8re avoir plus d&rsquo;options de cam\u00e9ra et une meilleure autonomie de la batterie, et l&rsquo;iPhone 17 est meilleur dans les deux aspects, selon les propres pages de sp\u00e9cifications d&rsquo;Apple. Le plus positif, cependant, est le prix de l&rsquo;iPhone 17, qui est un complet 200 $ moins cher que l&rsquo;air iPhone. <\/p>\n<p>L&rsquo;iPhone 17 de 256 Go est au prix de 799 $ et la variante 512 Go co\u00fbte 999 $. L&rsquo;iPhone Air a trois variantes de stockage, avec l&rsquo;option de 256 Go \u00e0 999 $, 512 Go \u00e0 1 199 $ et 1 To \u00e0 1 399 $. Si je devais pr\u00e9commander un iPhone aujourd&rsquo;hui, je choisirais tr\u00e8s probablement l&rsquo;iPhone 17 512 Go. Cela maintient le prix autour de la barre de 1 000 $ et me donne plus que suffisamment de stockage pour g\u00e9rer toutes mes photos, vid\u00e9os, applications et jeux pour les ann\u00e9es \u00e0 venir. Aussi sympa \u00e0 l&rsquo;apparence de l&rsquo;iPhone Air, je pense que la plupart des gens seraient mieux de d\u00e9penser un peu plus pour les meilleures cam\u00e9ras de l&rsquo;iPhone 17 Pro, ou simplement d&rsquo;\u00e9conomiser de l&rsquo;argent et d&rsquo;aller avec l&rsquo;iPhone 17 bien \u00e9quilibr\u00e9. <\/p>\n","protected":false},"excerpt":{"rendered":"<p>L&rsquo;air iPhone est plus mince et plus l\u00e9ger, mais est-ce mieux que l&rsquo;iPhone 17? Depuis la fin de l&rsquo;\u00e9v\u00e9nement de lancement de l&rsquo;iPhone 17 d&rsquo;Apple,<\/p>\n","protected":false},"author":1,"featured_media":9953,"comment_status":"","ping_status":"","sticky":false,"template":"","format":"standard","meta":{"footnotes":""},"categories":[13],"tags":[7402,166,652,748,2903,734],"class_list":["post-9952","post","type-post","status-publish","format-standard","has-post-thumbnail","hentry","category-technologie","tag-choisirais","tag-dans","tag-iphone","tag-lair","tag-liphone","tag-pourquoi","generate-columns","tablet-grid-50","mobile-grid-100","grid-parent","grid-33"],"yoast_head":"<!-- This site is optimized with the Yoast SEO plugin v24.0 - https:\/\/yoast.com\/wordpress\/plugins\/seo\/ -->\n<title>Pourquoi je choisirais l&#039;iPhone 17 dans l&#039;air iPhone | Vie Associative<\/title>\n<meta name=\"robots\" content=\"index, follow, max-snippet:-1, max-image-preview:large, max-video-preview:-1\" \/>\n<link rel=\"canonical\" href=\"https:\/\/vieassociative.be\/actualites\/pourquoi-je-choisirais-liphone-17-dans-lair-iphone\/\" \/>\n<meta property=\"og:locale\" content=\"fr_FR\" \/>\n<meta property=\"og:type\" content=\"article\" \/>\n<meta property=\"og:title\" content=\"Pourquoi je choisirais l&#039;iPhone 17 dans l&#039;air iPhone | Vie Associative\" \/>\n<meta property=\"og:description\" content=\"L&rsquo;air iPhone est plus mince et plus l\u00e9ger, mais est-ce mieux que l&rsquo;iPhone 17? Depuis la fin de l&rsquo;\u00e9v\u00e9nement de lancement de l&rsquo;iPhone 17 d&rsquo;Apple,\" \/>\n<meta property=\"og:url\" content=\"https:\/\/vieassociative.be\/actualites\/pourquoi-je-choisirais-liphone-17-dans-lair-iphone\/\" \/>\n<meta property=\"og:site_name\" content=\"Vie Associative\" \/>\n<meta property=\"article:published_time\" content=\"2025-09-10T18:18:48+00:00\" \/>\n<meta property=\"og:image\" content=\"https:\/\/vieassociative.be\/actualites\/wp-content\/uploads\/2025\/09\/Pourquoi-je-choisirais-liPhone-17-dans-lair-iPhone.png\" \/>\n<meta name=\"author\" content=\"Julien\" \/>\n<meta name=\"twitter:card\" content=\"summary_large_image\" \/>\n<meta name=\"twitter:label1\" content=\"\u00c9crit par\" \/>\n\t<meta name=\"twitter:data1\" content=\"Julien\" \/>\n\t<meta name=\"twitter:label2\" content=\"Dur\u00e9e de lecture est.\" \/>\n\t<meta name=\"twitter:data2\" content=\"6 minutes\" \/>\n<script type=\"application\/ld+json\" class=\"yoast-schema-graph\">{\"@context\":\"https:\/\/schema.org\",\"@graph\":[{\"@type\":\"Article\",\"@id\":\"https:\/\/vieassociative.be\/actualites\/pourquoi-je-choisirais-liphone-17-dans-lair-iphone\/#article\",\"isPartOf\":{\"@id\":\"https:\/\/vieassociative.be\/actualites\/pourquoi-je-choisirais-liphone-17-dans-lair-iphone\/\"},\"author\":{\"name\":\"Julien\",\"@id\":\"https:\/\/vieassociative.be\/actualites\/#\/schema\/person\/b87ac4f82f9d4e7b7cec7395b679edc4\"},\"headline\":\"Pourquoi je choisirais l&rsquo;iPhone 17 dans l&rsquo;air iPhone\",\"datePublished\":\"2025-09-10T18:18:48+00:00\",\"dateModified\":\"2025-09-10T18:18:48+00:00\",\"mainEntityOfPage\":{\"@id\":\"https:\/\/vieassociative.be\/actualites\/pourquoi-je-choisirais-liphone-17-dans-lair-iphone\/\"},\"wordCount\":1270,\"publisher\":{\"@id\":\"https:\/\/vieassociative.be\/actualites\/#organization\"},\"image\":{\"@id\":\"https:\/\/vieassociative.be\/actualites\/pourquoi-je-choisirais-liphone-17-dans-lair-iphone\/#primaryimage\"},\"thumbnailUrl\":\"https:\/\/vieassociative.be\/actualites\/wp-content\/uploads\/2025\/09\/1757528329_Pourquoi-je-choisirais-liPhone-17-dans-lair-iPhone.png\",\"keywords\":[\"choisirais\",\"dans\",\"iPhone\",\"lair\",\"liPhone\",\"Pourquoi\"],\"articleSection\":[\"Technologie\"],\"inLanguage\":\"fr-BE\"},{\"@type\":\"WebPage\",\"@id\":\"https:\/\/vieassociative.be\/actualites\/pourquoi-je-choisirais-liphone-17-dans-lair-iphone\/\",\"url\":\"https:\/\/vieassociative.be\/actualites\/pourquoi-je-choisirais-liphone-17-dans-lair-iphone\/\",\"name\":\"Pourquoi je choisirais l'iPhone 17 dans l'air iPhone | Vie Associative\",\"isPartOf\":{\"@id\":\"https:\/\/vieassociative.be\/actualites\/#website\"},\"primaryImageOfPage\":{\"@id\":\"https:\/\/vieassociative.be\/actualites\/pourquoi-je-choisirais-liphone-17-dans-lair-iphone\/#primaryimage\"},\"image\":{\"@id\":\"https:\/\/vieassociative.be\/actualites\/pourquoi-je-choisirais-liphone-17-dans-lair-iphone\/#primaryimage\"},\"thumbnailUrl\":\"https:\/\/vieassociative.be\/actualites\/wp-content\/uploads\/2025\/09\/1757528329_Pourquoi-je-choisirais-liPhone-17-dans-lair-iPhone.png\",\"datePublished\":\"2025-09-10T18:18:48+00:00\",\"dateModified\":\"2025-09-10T18:18:48+00:00\",\"breadcrumb\":{\"@id\":\"https:\/\/vieassociative.be\/actualites\/pourquoi-je-choisirais-liphone-17-dans-lair-iphone\/#breadcrumb\"},\"inLanguage\":\"fr-BE\",\"potentialAction\":[{\"@type\":\"ReadAction\",\"target\":[\"https:\/\/vieassociative.be\/actualites\/pourquoi-je-choisirais-liphone-17-dans-lair-iphone\/\"]}]},{\"@type\":\"ImageObject\",\"inLanguage\":\"fr-BE\",\"@id\":\"https:\/\/vieassociative.be\/actualites\/pourquoi-je-choisirais-liphone-17-dans-lair-iphone\/#primaryimage\",\"url\":\"https:\/\/vieassociative.be\/actualites\/wp-content\/uploads\/2025\/09\/1757528329_Pourquoi-je-choisirais-liPhone-17-dans-lair-iPhone.png\",\"contentUrl\":\"https:\/\/vieassociative.be\/actualites\/wp-content\/uploads\/2025\/09\/1757528329_Pourquoi-je-choisirais-liPhone-17-dans-lair-iPhone.png\",\"width\":1199,\"height\":675,\"caption\":\"Pourquoi je choisirais l'iPhone 17 dans l'air iPhone\"},{\"@type\":\"BreadcrumbList\",\"@id\":\"https:\/\/vieassociative.be\/actualites\/pourquoi-je-choisirais-liphone-17-dans-lair-iphone\/#breadcrumb\",\"itemListElement\":[{\"@type\":\"ListItem\",\"position\":1,\"name\":\"Accueil\",\"item\":\"https:\/\/vieassociative.be\/actualites\/\"},{\"@type\":\"ListItem\",\"position\":2,\"name\":\"Pourquoi je choisirais l&rsquo;iPhone 17 dans l&rsquo;air iPhone\"}]},{\"@type\":\"WebSite\",\"@id\":\"https:\/\/vieassociative.be\/actualites\/#website\",\"url\":\"https:\/\/vieassociative.be\/actualites\/\",\"name\":\"Vie Associative\",\"description\":\"\",\"publisher\":{\"@id\":\"https:\/\/vieassociative.be\/actualites\/#organization\"},\"potentialAction\":[{\"@type\":\"SearchAction\",\"target\":{\"@type\":\"EntryPoint\",\"urlTemplate\":\"https:\/\/vieassociative.be\/actualites\/?s={search_term_string}\"},\"query-input\":{\"@type\":\"PropertyValueSpecification\",\"valueRequired\":true,\"valueName\":\"search_term_string\"}}],\"inLanguage\":\"fr-BE\"},{\"@type\":\"Organization\",\"@id\":\"https:\/\/vieassociative.be\/actualites\/#organization\",\"name\":\"Vie Associative\",\"url\":\"https:\/\/vieassociative.be\/actualites\/\",\"logo\":{\"@type\":\"ImageObject\",\"inLanguage\":\"fr-BE\",\"@id\":\"https:\/\/vieassociative.be\/actualites\/#\/schema\/logo\/image\/\",\"url\":\"https:\/\/vieassociative.be\/actualites\/wp-content\/uploads\/2024\/09\/cropped-vieassociative_favicon.ico.png\",\"contentUrl\":\"https:\/\/vieassociative.be\/actualites\/wp-content\/uploads\/2024\/09\/cropped-vieassociative_favicon.ico.png\",\"width\":512,\"height\":512,\"caption\":\"Vie Associative\"},\"image\":{\"@id\":\"https:\/\/vieassociative.be\/actualites\/#\/schema\/logo\/image\/\"}},{\"@type\":\"Person\",\"@id\":\"https:\/\/vieassociative.be\/actualites\/#\/schema\/person\/b87ac4f82f9d4e7b7cec7395b679edc4\",\"name\":\"Julien\",\"image\":{\"@type\":\"ImageObject\",\"inLanguage\":\"fr-BE\",\"@id\":\"https:\/\/vieassociative.be\/actualites\/#\/schema\/person\/image\/\",\"url\":\"https:\/\/vieassociative.be\/actualites\/wp-content\/uploads\/2024\/09\/vie-associative-1-150x150.jpg\",\"contentUrl\":\"https:\/\/vieassociative.be\/actualites\/wp-content\/uploads\/2024\/09\/vie-associative-1-150x150.jpg\",\"caption\":\"Julien\"},\"description\":\"Je suis Julien, r\u00e9dacteur pour Vie Associative. Passionn\u00e9 par le monde associatif depuis plus de 10 ans, j'ai \u00e0 c\u0153ur de partager des histoires inspirantes et de mettre en lumi\u00e8re les initiatives locales. Mon objectif est de sensibiliser et d'encourager l'engagement communautaire \u00e0 travers mes articles.\",\"sameAs\":[\"https:\/\/vieassociative.be\/\"]}]}<\/script>\n<!-- \/ Yoast SEO plugin. -->","yoast_head_json":{"title":"Pourquoi je choisirais l'iPhone 17 dans l'air iPhone | Vie Associative","robots":{"index":"index","follow":"follow","max-snippet":"max-snippet:-1","max-image-preview":"max-image-preview:large","max-video-preview":"max-video-preview:-1"},"canonical":"https:\/\/vieassociative.be\/actualites\/pourquoi-je-choisirais-liphone-17-dans-lair-iphone\/","og_locale":"fr_FR","og_type":"article","og_title":"Pourquoi je choisirais l'iPhone 17 dans l'air iPhone | Vie Associative","og_description":"L&rsquo;air iPhone est plus mince et plus l\u00e9ger, mais est-ce mieux que l&rsquo;iPhone 17? Depuis la fin de l&rsquo;\u00e9v\u00e9nement de lancement de l&rsquo;iPhone 17 d&rsquo;Apple,","og_url":"https:\/\/vieassociative.be\/actualites\/pourquoi-je-choisirais-liphone-17-dans-lair-iphone\/","og_site_name":"Vie Associative","article_published_time":"2025-09-10T18:18:48+00:00","og_image":[{"url":"https:\/\/vieassociative.be\/actualites\/wp-content\/uploads\/2025\/09\/Pourquoi-je-choisirais-liPhone-17-dans-lair-iPhone.png","type":"","width":"","height":""}],"author":"Julien","twitter_card":"summary_large_image","twitter_misc":{"\u00c9crit par":"Julien","Dur\u00e9e de lecture est.":"6 minutes"},"schema":{"@context":"https:\/\/schema.org","@graph":[{"@type":"Article","@id":"https:\/\/vieassociative.be\/actualites\/pourquoi-je-choisirais-liphone-17-dans-lair-iphone\/#article","isPartOf":{"@id":"https:\/\/vieassociative.be\/actualites\/pourquoi-je-choisirais-liphone-17-dans-lair-iphone\/"},"author":{"name":"Julien","@id":"https:\/\/vieassociative.be\/actualites\/#\/schema\/person\/b87ac4f82f9d4e7b7cec7395b679edc4"},"headline":"Pourquoi je choisirais l&rsquo;iPhone 17 dans l&rsquo;air iPhone","datePublished":"2025-09-10T18:18:48+00:00","dateModified":"2025-09-10T18:18:48+00:00","mainEntityOfPage":{"@id":"https:\/\/vieassociative.be\/actualites\/pourquoi-je-choisirais-liphone-17-dans-lair-iphone\/"},"wordCount":1270,"publisher":{"@id":"https:\/\/vieassociative.be\/actualites\/#organization"},"image":{"@id":"https:\/\/vieassociative.be\/actualites\/pourquoi-je-choisirais-liphone-17-dans-lair-iphone\/#primaryimage"},"thumbnailUrl":"https:\/\/vieassociative.be\/actualites\/wp-content\/uploads\/2025\/09\/1757528329_Pourquoi-je-choisirais-liPhone-17-dans-lair-iPhone.png","keywords":["choisirais","dans","iPhone","lair","liPhone","Pourquoi"],"articleSection":["Technologie"],"inLanguage":"fr-BE"},{"@type":"WebPage","@id":"https:\/\/vieassociative.be\/actualites\/pourquoi-je-choisirais-liphone-17-dans-lair-iphone\/","url":"https:\/\/vieassociative.be\/actualites\/pourquoi-je-choisirais-liphone-17-dans-lair-iphone\/","name":"Pourquoi je choisirais l'iPhone 17 dans l'air iPhone | Vie Associative","isPartOf":{"@id":"https:\/\/vieassociative.be\/actualites\/#website"},"primaryImageOfPage":{"@id":"https:\/\/vieassociative.be\/actualites\/pourquoi-je-choisirais-liphone-17-dans-lair-iphone\/#primaryimage"},"image":{"@id":"https:\/\/vieassociative.be\/actualites\/pourquoi-je-choisirais-liphone-17-dans-lair-iphone\/#primaryimage"},"thumbnailUrl":"https:\/\/vieassociative.be\/actualites\/wp-content\/uploads\/2025\/09\/1757528329_Pourquoi-je-choisirais-liPhone-17-dans-lair-iPhone.png","datePublished":"2025-09-10T18:18:48+00:00","dateModified":"2025-09-10T18:18:48+00:00","breadcrumb":{"@id":"https:\/\/vieassociative.be\/actualites\/pourquoi-je-choisirais-liphone-17-dans-lair-iphone\/#breadcrumb"},"inLanguage":"fr-BE","potentialAction":[{"@type":"ReadAction","target":["https:\/\/vieassociative.be\/actualites\/pourquoi-je-choisirais-liphone-17-dans-lair-iphone\/"]}]},{"@type":"ImageObject","inLanguage":"fr-BE","@id":"https:\/\/vieassociative.be\/actualites\/pourquoi-je-choisirais-liphone-17-dans-lair-iphone\/#primaryimage","url":"https:\/\/vieassociative.be\/actualites\/wp-content\/uploads\/2025\/09\/1757528329_Pourquoi-je-choisirais-liPhone-17-dans-lair-iPhone.png","contentUrl":"https:\/\/vieassociative.be\/actualites\/wp-content\/uploads\/2025\/09\/1757528329_Pourquoi-je-choisirais-liPhone-17-dans-lair-iPhone.png","width":1199,"height":675,"caption":"Pourquoi je choisirais l'iPhone 17 dans l'air iPhone"},{"@type":"BreadcrumbList","@id":"https:\/\/vieassociative.be\/actualites\/pourquoi-je-choisirais-liphone-17-dans-lair-iphone\/#breadcrumb","itemListElement":[{"@type":"ListItem","position":1,"name":"Accueil","item":"https:\/\/vieassociative.be\/actualites\/"},{"@type":"ListItem","position":2,"name":"Pourquoi je choisirais l&rsquo;iPhone 17 dans l&rsquo;air iPhone"}]},{"@type":"WebSite","@id":"https:\/\/vieassociative.be\/actualites\/#website","url":"https:\/\/vieassociative.be\/actualites\/","name":"Vie Associative","description":"","publisher":{"@id":"https:\/\/vieassociative.be\/actualites\/#organization"},"potentialAction":[{"@type":"SearchAction","target":{"@type":"EntryPoint","urlTemplate":"https:\/\/vieassociative.be\/actualites\/?s={search_term_string}"},"query-input":{"@type":"PropertyValueSpecification","valueRequired":true,"valueName":"search_term_string"}}],"inLanguage":"fr-BE"},{"@type":"Organization","@id":"https:\/\/vieassociative.be\/actualites\/#organization","name":"Vie Associative","url":"https:\/\/vieassociative.be\/actualites\/","logo":{"@type":"ImageObject","inLanguage":"fr-BE","@id":"https:\/\/vieassociative.be\/actualites\/#\/schema\/logo\/image\/","url":"https:\/\/vieassociative.be\/actualites\/wp-content\/uploads\/2024\/09\/cropped-vieassociative_favicon.ico.png","contentUrl":"https:\/\/vieassociative.be\/actualites\/wp-content\/uploads\/2024\/09\/cropped-vieassociative_favicon.ico.png","width":512,"height":512,"caption":"Vie Associative"},"image":{"@id":"https:\/\/vieassociative.be\/actualites\/#\/schema\/logo\/image\/"}},{"@type":"Person","@id":"https:\/\/vieassociative.be\/actualites\/#\/schema\/person\/b87ac4f82f9d4e7b7cec7395b679edc4","name":"Julien","image":{"@type":"ImageObject","inLanguage":"fr-BE","@id":"https:\/\/vieassociative.be\/actualites\/#\/schema\/person\/image\/","url":"https:\/\/vieassociative.be\/actualites\/wp-content\/uploads\/2024\/09\/vie-associative-1-150x150.jpg","contentUrl":"https:\/\/vieassociative.be\/actualites\/wp-content\/uploads\/2024\/09\/vie-associative-1-150x150.jpg","caption":"Julien"},"description":"Je suis Julien, r\u00e9dacteur pour Vie Associative. Passionn\u00e9 par le monde associatif depuis plus de 10 ans, j'ai \u00e0 c\u0153ur de partager des histoires inspirantes et de mettre en lumi\u00e8re les initiatives locales. Mon objectif est de sensibiliser et d'encourager l'engagement communautaire \u00e0 travers mes articles.","sameAs":["https:\/\/vieassociative.be\/"]}]}},"_links":{"self":[{"href":"https:\/\/vieassociative.be\/actualites\/wp-json\/wp\/v2\/posts\/9952"}],"collection":[{"href":"https:\/\/vieassociative.be\/actualites\/wp-json\/wp\/v2\/posts"}],"about":[{"href":"https:\/\/vieassociative.be\/actualites\/wp-json\/wp\/v2\/types\/post"}],"author":[{"embeddable":true,"href":"https:\/\/vieassociative.be\/actualites\/wp-json\/wp\/v2\/users\/1"}],"replies":[{"embeddable":true,"href":"https:\/\/vieassociative.be\/actualites\/wp-json\/wp\/v2\/comments?post=9952"}],"version-history":[{"count":0,"href":"https:\/\/vieassociative.be\/actualites\/wp-json\/wp\/v2\/posts\/9952\/revisions"}],"wp:featuredmedia":[{"embeddable":true,"href":"https:\/\/vieassociative.be\/actualites\/wp-json\/wp\/v2\/media\/9953"}],"wp:attachment":[{"href":"https:\/\/vieassociative.be\/actualites\/wp-json\/wp\/v2\/media?parent=9952"}],"wp:term":[{"taxonomy":"category","embeddable":true,"href":"https:\/\/vieassociative.be\/actualites\/wp-json\/wp\/v2\/categories?post=9952"},{"taxonomy":"post_tag","embeddable":true,"href":"https:\/\/vieassociative.be\/actualites\/wp-json\/wp\/v2\/tags?post=9952"}],"curies":[{"name":"wp","href":"https:\/\/api.w.org\/{rel}","templated":true}]}}