{"id":9949,"date":"2025-09-10T16:17:29","date_gmt":"2025-09-10T14:17:29","guid":{"rendered":"https:\/\/vieassociative.be\/actualites\/cambrioleurs-de-voiture-preserves-et-arretes-a-eupen-et-raeren\/"},"modified":"2025-09-10T16:17:29","modified_gmt":"2025-09-10T14:17:29","slug":"cambrioleurs-de-voiture-preserves-et-arretes-a-eupen-et-raeren","status":"publish","type":"post","link":"https:\/\/vieassociative.be\/actualites\/cambrioleurs-de-voiture-preserves-et-arretes-a-eupen-et-raeren\/","title":{"rendered":"Cambrioleurs de voiture pr\u00e9serv\u00e9s et arr\u00eat\u00e9s \u00e0 Eupen et Raeren"},"content":{"rendered":"<p><strong>La zone de police de Weser-G\u00f6hl rapporte plusieurs incidents dans son rapport de mercredi. Entre autres choses, un effondrement de voiture suspect\u00e9 a pu \u00eatre identifi\u00e9 et arr\u00eat\u00e9.<\/strong><\/p>\n<p><span id=\"more-424226\"><\/span><strong>-MAJOOR CARRING CURGLAGES arr\u00eat\u00e9s:<\/strong> Pendant les mois d&rsquo;\u00e9t\u00e9, plusieurs v\u00e9hicules ont \u00e9t\u00e9 cambriol\u00e9s \u00e0 Eupen dans le centre-ville. Un suspect a \u00e9t\u00e9 identifi\u00e9 et arr\u00eat\u00e9 dans le cadre de l&rsquo;enqu\u00eate par la police criminelle locale de la zone de police de Weser-G\u00f6hl, dans laquelle les cam\u00e9ras de surveillance ont \u00e9galement \u00e9t\u00e9 utilis\u00e9es dans le centre-ville. Lors de la recherche \u00e0 domicile suivante \u00e0 la r\u00e9sidence du suspect, de nombreux voleurs ont \u00e9t\u00e9 trouv\u00e9s. Au total, 15 crimes ont \u00e9t\u00e9 d\u00e9couverts. Le suspect a \u00e9t\u00e9 amen\u00e9 au procureur de l&rsquo;EUPEN.<\/p>\n<p><strong>&#8211; Sacrifice \u00e0 Eupen et Raeren:<\/strong> Le 9 septembre, un homme plus \u00e2g\u00e9 d&rsquo;Eupen rapporte qu&rsquo;ils ont \u00e9t\u00e9 victimes de fraude. Il avait re\u00e7u un appel d&rsquo;un employ\u00e9 suppos\u00e9 de Crelan-Bank, qui lui a dit des paiements suspects sur son compte. L&rsquo;homme a utilis\u00e9 son Digipass (lecteur de carte bancaire) pour arr\u00eater les transactions suppos\u00e9es suspendues. Au lieu de cela, les dommages ont \u00e9t\u00e9 caus\u00e9s dans la plage de trois chiffres.<\/p>\n<p>Le 9 septembre, une femme d&rsquo;Eupen rapporte que son compte de messagerie a \u00e9t\u00e9 pirat\u00e9 et est utilis\u00e9 par une personne inconnue, vivant probablement en Allemagne, pour les achats et les comptes sur les r\u00e9seaux sociaux. Le propri\u00e9taire a imm\u00e9diatement chang\u00e9 son mot de passe et a inform\u00e9 les autorit\u00e9s allemandes et belges.<\/p>\n<p>Le 9 septembre, un homme de Raeren rapporte qu&rsquo;ils ont \u00e9t\u00e9 victimes d&rsquo;une fraude. Il a achet\u00e9 du bois de chauffage en ligne. Il a ensuite re\u00e7u un appel de sa banque qui l&rsquo;a inform\u00e9 que c&rsquo;\u00e9tait une fraude. En fait, le num\u00e9ro de t\u00e9l\u00e9phone et le num\u00e9ro de compte sur la facture \u00e9mis ne correspondent pas aux donn\u00e9es r\u00e9elles.<\/p>\n","protected":false},"excerpt":{"rendered":"<p>La zone de police de Weser-G\u00f6hl rapporte plusieurs incidents dans son rapport de mercredi. Entre autres choses, un effondrement de voiture suspect\u00e9 a pu \u00eatre<\/p>\n","protected":false},"author":1,"featured_media":1939,"comment_status":"","ping_status":"","sticky":false,"template":"","format":"standard","meta":{"footnotes":""},"categories":[298],"tags":[8491,8489,2329,8490,2645,1229],"class_list":["post-9949","post","type-post","status-publish","format-standard","has-post-thumbnail","hentry","category-belgique","tag-arretes","tag-cambrioleurs","tag-eupen","tag-preserves","tag-raeren","tag-voiture","generate-columns","tablet-grid-50","mobile-grid-100","grid-parent","grid-33"],"yoast_head":"<!-- This site is optimized with the Yoast SEO plugin v24.0 - https:\/\/yoast.com\/wordpress\/plugins\/seo\/ -->\n<title>Cambrioleurs de voiture pr\u00e9serv\u00e9s et arr\u00eat\u00e9s \u00e0 Eupen et Raeren | Vie Associative<\/title>\n<meta name=\"robots\" content=\"index, follow, max-snippet:-1, max-image-preview:large, max-video-preview:-1\" \/>\n<link rel=\"canonical\" href=\"https:\/\/vieassociative.be\/actualites\/cambrioleurs-de-voiture-preserves-et-arretes-a-eupen-et-raeren\/\" \/>\n<meta property=\"og:locale\" content=\"fr_FR\" \/>\n<meta property=\"og:type\" content=\"article\" \/>\n<meta property=\"og:title\" content=\"Cambrioleurs de voiture pr\u00e9serv\u00e9s et arr\u00eat\u00e9s \u00e0 Eupen et Raeren | Vie Associative\" \/>\n<meta property=\"og:description\" content=\"La zone de police de Weser-G\u00f6hl rapporte plusieurs incidents dans son rapport de mercredi. Entre autres choses, un effondrement de voiture suspect\u00e9 a pu \u00eatre\" \/>\n<meta property=\"og:url\" content=\"https:\/\/vieassociative.be\/actualites\/cambrioleurs-de-voiture-preserves-et-arretes-a-eupen-et-raeren\/\" \/>\n<meta property=\"og:site_name\" content=\"Vie Associative\" \/>\n<meta property=\"article:published_time\" content=\"2025-09-10T14:17:29+00:00\" \/>\n<meta property=\"og:image\" content=\"https:\/\/vieassociative.be\/actualites\/wp-content\/uploads\/2024\/09\/header_backgroundk-01-e1726694325946.png\" \/>\n\t<meta property=\"og:image:width\" content=\"279\" \/>\n\t<meta property=\"og:image:height\" content=\"92\" \/>\n\t<meta property=\"og:image:type\" content=\"image\/png\" \/>\n<meta name=\"author\" content=\"Julien\" \/>\n<meta name=\"twitter:card\" content=\"summary_large_image\" \/>\n<meta name=\"twitter:label1\" content=\"\u00c9crit par\" \/>\n\t<meta name=\"twitter:data1\" content=\"Julien\" \/>\n\t<meta name=\"twitter:label2\" content=\"Dur\u00e9e de lecture est.\" \/>\n\t<meta name=\"twitter:data2\" content=\"2 minutes\" \/>\n<script type=\"application\/ld+json\" class=\"yoast-schema-graph\">{\"@context\":\"https:\/\/schema.org\",\"@graph\":[{\"@type\":\"Article\",\"@id\":\"https:\/\/vieassociative.be\/actualites\/cambrioleurs-de-voiture-preserves-et-arretes-a-eupen-et-raeren\/#article\",\"isPartOf\":{\"@id\":\"https:\/\/vieassociative.be\/actualites\/cambrioleurs-de-voiture-preserves-et-arretes-a-eupen-et-raeren\/\"},\"author\":{\"name\":\"Julien\",\"@id\":\"https:\/\/vieassociative.be\/actualites\/#\/schema\/person\/b87ac4f82f9d4e7b7cec7395b679edc4\"},\"headline\":\"Cambrioleurs de voiture pr\u00e9serv\u00e9s et arr\u00eat\u00e9s \u00e0 Eupen et Raeren\",\"datePublished\":\"2025-09-10T14:17:29+00:00\",\"dateModified\":\"2025-09-10T14:17:29+00:00\",\"mainEntityOfPage\":{\"@id\":\"https:\/\/vieassociative.be\/actualites\/cambrioleurs-de-voiture-preserves-et-arretes-a-eupen-et-raeren\/\"},\"wordCount\":347,\"publisher\":{\"@id\":\"https:\/\/vieassociative.be\/actualites\/#organization\"},\"image\":{\"@id\":\"https:\/\/vieassociative.be\/actualites\/cambrioleurs-de-voiture-preserves-et-arretes-a-eupen-et-raeren\/#primaryimage\"},\"thumbnailUrl\":\"https:\/\/vieassociative.be\/actualites\/wp-content\/uploads\/2024\/11\/Raeren-Le-conducteur-tombe-dans-un-micro-sommeil-a-midi.jpeg\",\"keywords\":[\"arr\u00eat\u00e9s\",\"Cambrioleurs\",\"Eupen\",\"pr\u00e9serv\u00e9s\",\"Raeren\",\"voiture\"],\"articleSection\":[\"Belgique\"],\"inLanguage\":\"fr-BE\"},{\"@type\":\"WebPage\",\"@id\":\"https:\/\/vieassociative.be\/actualites\/cambrioleurs-de-voiture-preserves-et-arretes-a-eupen-et-raeren\/\",\"url\":\"https:\/\/vieassociative.be\/actualites\/cambrioleurs-de-voiture-preserves-et-arretes-a-eupen-et-raeren\/\",\"name\":\"Cambrioleurs de voiture pr\u00e9serv\u00e9s et arr\u00eat\u00e9s \u00e0 Eupen et Raeren | Vie Associative\",\"isPartOf\":{\"@id\":\"https:\/\/vieassociative.be\/actualites\/#website\"},\"primaryImageOfPage\":{\"@id\":\"https:\/\/vieassociative.be\/actualites\/cambrioleurs-de-voiture-preserves-et-arretes-a-eupen-et-raeren\/#primaryimage\"},\"image\":{\"@id\":\"https:\/\/vieassociative.be\/actualites\/cambrioleurs-de-voiture-preserves-et-arretes-a-eupen-et-raeren\/#primaryimage\"},\"thumbnailUrl\":\"https:\/\/vieassociative.be\/actualites\/wp-content\/uploads\/2024\/11\/Raeren-Le-conducteur-tombe-dans-un-micro-sommeil-a-midi.jpeg\",\"datePublished\":\"2025-09-10T14:17:29+00:00\",\"dateModified\":\"2025-09-10T14:17:29+00:00\",\"breadcrumb\":{\"@id\":\"https:\/\/vieassociative.be\/actualites\/cambrioleurs-de-voiture-preserves-et-arretes-a-eupen-et-raeren\/#breadcrumb\"},\"inLanguage\":\"fr-BE\",\"potentialAction\":[{\"@type\":\"ReadAction\",\"target\":[\"https:\/\/vieassociative.be\/actualites\/cambrioleurs-de-voiture-preserves-et-arretes-a-eupen-et-raeren\/\"]}]},{\"@type\":\"ImageObject\",\"inLanguage\":\"fr-BE\",\"@id\":\"https:\/\/vieassociative.be\/actualites\/cambrioleurs-de-voiture-preserves-et-arretes-a-eupen-et-raeren\/#primaryimage\",\"url\":\"https:\/\/vieassociative.be\/actualites\/wp-content\/uploads\/2024\/11\/Raeren-Le-conducteur-tombe-dans-un-micro-sommeil-a-midi.jpeg\",\"contentUrl\":\"https:\/\/vieassociative.be\/actualites\/wp-content\/uploads\/2024\/11\/Raeren-Le-conducteur-tombe-dans-un-micro-sommeil-a-midi.jpeg\",\"width\":1200,\"height\":800,\"caption\":\"Raeren : Le conducteur tombe dans un micro-sommeil \u00e0 midi\"},{\"@type\":\"BreadcrumbList\",\"@id\":\"https:\/\/vieassociative.be\/actualites\/cambrioleurs-de-voiture-preserves-et-arretes-a-eupen-et-raeren\/#breadcrumb\",\"itemListElement\":[{\"@type\":\"ListItem\",\"position\":1,\"name\":\"Accueil\",\"item\":\"https:\/\/vieassociative.be\/actualites\/\"},{\"@type\":\"ListItem\",\"position\":2,\"name\":\"Cambrioleurs de voiture pr\u00e9serv\u00e9s et arr\u00eat\u00e9s \u00e0 Eupen et Raeren\"}]},{\"@type\":\"WebSite\",\"@id\":\"https:\/\/vieassociative.be\/actualites\/#website\",\"url\":\"https:\/\/vieassociative.be\/actualites\/\",\"name\":\"Vie Associative\",\"description\":\"\",\"publisher\":{\"@id\":\"https:\/\/vieassociative.be\/actualites\/#organization\"},\"potentialAction\":[{\"@type\":\"SearchAction\",\"target\":{\"@type\":\"EntryPoint\",\"urlTemplate\":\"https:\/\/vieassociative.be\/actualites\/?s={search_term_string}\"},\"query-input\":{\"@type\":\"PropertyValueSpecification\",\"valueRequired\":true,\"valueName\":\"search_term_string\"}}],\"inLanguage\":\"fr-BE\"},{\"@type\":\"Organization\",\"@id\":\"https:\/\/vieassociative.be\/actualites\/#organization\",\"name\":\"Vie Associative\",\"url\":\"https:\/\/vieassociative.be\/actualites\/\",\"logo\":{\"@type\":\"ImageObject\",\"inLanguage\":\"fr-BE\",\"@id\":\"https:\/\/vieassociative.be\/actualites\/#\/schema\/logo\/image\/\",\"url\":\"https:\/\/vieassociative.be\/actualites\/wp-content\/uploads\/2024\/09\/cropped-vieassociative_favicon.ico.png\",\"contentUrl\":\"https:\/\/vieassociative.be\/actualites\/wp-content\/uploads\/2024\/09\/cropped-vieassociative_favicon.ico.png\",\"width\":512,\"height\":512,\"caption\":\"Vie Associative\"},\"image\":{\"@id\":\"https:\/\/vieassociative.be\/actualites\/#\/schema\/logo\/image\/\"}},{\"@type\":\"Person\",\"@id\":\"https:\/\/vieassociative.be\/actualites\/#\/schema\/person\/b87ac4f82f9d4e7b7cec7395b679edc4\",\"name\":\"Julien\",\"image\":{\"@type\":\"ImageObject\",\"inLanguage\":\"fr-BE\",\"@id\":\"https:\/\/vieassociative.be\/actualites\/#\/schema\/person\/image\/\",\"url\":\"https:\/\/vieassociative.be\/actualites\/wp-content\/uploads\/2024\/09\/vie-associative-1-150x150.jpg\",\"contentUrl\":\"https:\/\/vieassociative.be\/actualites\/wp-content\/uploads\/2024\/09\/vie-associative-1-150x150.jpg\",\"caption\":\"Julien\"},\"description\":\"Je suis Julien, r\u00e9dacteur pour Vie Associative. Passionn\u00e9 par le monde associatif depuis plus de 10 ans, j'ai \u00e0 c\u0153ur de partager des histoires inspirantes et de mettre en lumi\u00e8re les initiatives locales. Mon objectif est de sensibiliser et d'encourager l'engagement communautaire \u00e0 travers mes articles.\",\"sameAs\":[\"https:\/\/vieassociative.be\/\"]}]}<\/script>\n<!-- \/ Yoast SEO plugin. -->","yoast_head_json":{"title":"Cambrioleurs de voiture pr\u00e9serv\u00e9s et arr\u00eat\u00e9s \u00e0 Eupen et Raeren | Vie Associative","robots":{"index":"index","follow":"follow","max-snippet":"max-snippet:-1","max-image-preview":"max-image-preview:large","max-video-preview":"max-video-preview:-1"},"canonical":"https:\/\/vieassociative.be\/actualites\/cambrioleurs-de-voiture-preserves-et-arretes-a-eupen-et-raeren\/","og_locale":"fr_FR","og_type":"article","og_title":"Cambrioleurs de voiture pr\u00e9serv\u00e9s et arr\u00eat\u00e9s \u00e0 Eupen et Raeren | Vie Associative","og_description":"La zone de police de Weser-G\u00f6hl rapporte plusieurs incidents dans son rapport de mercredi. Entre autres choses, un effondrement de voiture suspect\u00e9 a pu \u00eatre","og_url":"https:\/\/vieassociative.be\/actualites\/cambrioleurs-de-voiture-preserves-et-arretes-a-eupen-et-raeren\/","og_site_name":"Vie Associative","article_published_time":"2025-09-10T14:17:29+00:00","og_image":[{"width":279,"height":92,"url":"https:\/\/vieassociative.be\/actualites\/wp-content\/uploads\/2024\/09\/header_backgroundk-01-e1726694325946.png","type":"image\/png"}],"author":"Julien","twitter_card":"summary_large_image","twitter_misc":{"\u00c9crit par":"Julien","Dur\u00e9e de lecture est.":"2 minutes"},"schema":{"@context":"https:\/\/schema.org","@graph":[{"@type":"Article","@id":"https:\/\/vieassociative.be\/actualites\/cambrioleurs-de-voiture-preserves-et-arretes-a-eupen-et-raeren\/#article","isPartOf":{"@id":"https:\/\/vieassociative.be\/actualites\/cambrioleurs-de-voiture-preserves-et-arretes-a-eupen-et-raeren\/"},"author":{"name":"Julien","@id":"https:\/\/vieassociative.be\/actualites\/#\/schema\/person\/b87ac4f82f9d4e7b7cec7395b679edc4"},"headline":"Cambrioleurs de voiture pr\u00e9serv\u00e9s et arr\u00eat\u00e9s \u00e0 Eupen et Raeren","datePublished":"2025-09-10T14:17:29+00:00","dateModified":"2025-09-10T14:17:29+00:00","mainEntityOfPage":{"@id":"https:\/\/vieassociative.be\/actualites\/cambrioleurs-de-voiture-preserves-et-arretes-a-eupen-et-raeren\/"},"wordCount":347,"publisher":{"@id":"https:\/\/vieassociative.be\/actualites\/#organization"},"image":{"@id":"https:\/\/vieassociative.be\/actualites\/cambrioleurs-de-voiture-preserves-et-arretes-a-eupen-et-raeren\/#primaryimage"},"thumbnailUrl":"https:\/\/vieassociative.be\/actualites\/wp-content\/uploads\/2024\/11\/Raeren-Le-conducteur-tombe-dans-un-micro-sommeil-a-midi.jpeg","keywords":["arr\u00eat\u00e9s","Cambrioleurs","Eupen","pr\u00e9serv\u00e9s","Raeren","voiture"],"articleSection":["Belgique"],"inLanguage":"fr-BE"},{"@type":"WebPage","@id":"https:\/\/vieassociative.be\/actualites\/cambrioleurs-de-voiture-preserves-et-arretes-a-eupen-et-raeren\/","url":"https:\/\/vieassociative.be\/actualites\/cambrioleurs-de-voiture-preserves-et-arretes-a-eupen-et-raeren\/","name":"Cambrioleurs de voiture pr\u00e9serv\u00e9s et arr\u00eat\u00e9s \u00e0 Eupen et Raeren | Vie Associative","isPartOf":{"@id":"https:\/\/vieassociative.be\/actualites\/#website"},"primaryImageOfPage":{"@id":"https:\/\/vieassociative.be\/actualites\/cambrioleurs-de-voiture-preserves-et-arretes-a-eupen-et-raeren\/#primaryimage"},"image":{"@id":"https:\/\/vieassociative.be\/actualites\/cambrioleurs-de-voiture-preserves-et-arretes-a-eupen-et-raeren\/#primaryimage"},"thumbnailUrl":"https:\/\/vieassociative.be\/actualites\/wp-content\/uploads\/2024\/11\/Raeren-Le-conducteur-tombe-dans-un-micro-sommeil-a-midi.jpeg","datePublished":"2025-09-10T14:17:29+00:00","dateModified":"2025-09-10T14:17:29+00:00","breadcrumb":{"@id":"https:\/\/vieassociative.be\/actualites\/cambrioleurs-de-voiture-preserves-et-arretes-a-eupen-et-raeren\/#breadcrumb"},"inLanguage":"fr-BE","potentialAction":[{"@type":"ReadAction","target":["https:\/\/vieassociative.be\/actualites\/cambrioleurs-de-voiture-preserves-et-arretes-a-eupen-et-raeren\/"]}]},{"@type":"ImageObject","inLanguage":"fr-BE","@id":"https:\/\/vieassociative.be\/actualites\/cambrioleurs-de-voiture-preserves-et-arretes-a-eupen-et-raeren\/#primaryimage","url":"https:\/\/vieassociative.be\/actualites\/wp-content\/uploads\/2024\/11\/Raeren-Le-conducteur-tombe-dans-un-micro-sommeil-a-midi.jpeg","contentUrl":"https:\/\/vieassociative.be\/actualites\/wp-content\/uploads\/2024\/11\/Raeren-Le-conducteur-tombe-dans-un-micro-sommeil-a-midi.jpeg","width":1200,"height":800,"caption":"Raeren : Le conducteur tombe dans un micro-sommeil \u00e0 midi"},{"@type":"BreadcrumbList","@id":"https:\/\/vieassociative.be\/actualites\/cambrioleurs-de-voiture-preserves-et-arretes-a-eupen-et-raeren\/#breadcrumb","itemListElement":[{"@type":"ListItem","position":1,"name":"Accueil","item":"https:\/\/vieassociative.be\/actualites\/"},{"@type":"ListItem","position":2,"name":"Cambrioleurs de voiture pr\u00e9serv\u00e9s et arr\u00eat\u00e9s \u00e0 Eupen et Raeren"}]},{"@type":"WebSite","@id":"https:\/\/vieassociative.be\/actualites\/#website","url":"https:\/\/vieassociative.be\/actualites\/","name":"Vie Associative","description":"","publisher":{"@id":"https:\/\/vieassociative.be\/actualites\/#organization"},"potentialAction":[{"@type":"SearchAction","target":{"@type":"EntryPoint","urlTemplate":"https:\/\/vieassociative.be\/actualites\/?s={search_term_string}"},"query-input":{"@type":"PropertyValueSpecification","valueRequired":true,"valueName":"search_term_string"}}],"inLanguage":"fr-BE"},{"@type":"Organization","@id":"https:\/\/vieassociative.be\/actualites\/#organization","name":"Vie Associative","url":"https:\/\/vieassociative.be\/actualites\/","logo":{"@type":"ImageObject","inLanguage":"fr-BE","@id":"https:\/\/vieassociative.be\/actualites\/#\/schema\/logo\/image\/","url":"https:\/\/vieassociative.be\/actualites\/wp-content\/uploads\/2024\/09\/cropped-vieassociative_favicon.ico.png","contentUrl":"https:\/\/vieassociative.be\/actualites\/wp-content\/uploads\/2024\/09\/cropped-vieassociative_favicon.ico.png","width":512,"height":512,"caption":"Vie Associative"},"image":{"@id":"https:\/\/vieassociative.be\/actualites\/#\/schema\/logo\/image\/"}},{"@type":"Person","@id":"https:\/\/vieassociative.be\/actualites\/#\/schema\/person\/b87ac4f82f9d4e7b7cec7395b679edc4","name":"Julien","image":{"@type":"ImageObject","inLanguage":"fr-BE","@id":"https:\/\/vieassociative.be\/actualites\/#\/schema\/person\/image\/","url":"https:\/\/vieassociative.be\/actualites\/wp-content\/uploads\/2024\/09\/vie-associative-1-150x150.jpg","contentUrl":"https:\/\/vieassociative.be\/actualites\/wp-content\/uploads\/2024\/09\/vie-associative-1-150x150.jpg","caption":"Julien"},"description":"Je suis Julien, r\u00e9dacteur pour Vie Associative. Passionn\u00e9 par le monde associatif depuis plus de 10 ans, j'ai \u00e0 c\u0153ur de partager des histoires inspirantes et de mettre en lumi\u00e8re les initiatives locales. Mon objectif est de sensibiliser et d'encourager l'engagement communautaire \u00e0 travers mes articles.","sameAs":["https:\/\/vieassociative.be\/"]}]}},"_links":{"self":[{"href":"https:\/\/vieassociative.be\/actualites\/wp-json\/wp\/v2\/posts\/9949"}],"collection":[{"href":"https:\/\/vieassociative.be\/actualites\/wp-json\/wp\/v2\/posts"}],"about":[{"href":"https:\/\/vieassociative.be\/actualites\/wp-json\/wp\/v2\/types\/post"}],"author":[{"embeddable":true,"href":"https:\/\/vieassociative.be\/actualites\/wp-json\/wp\/v2\/users\/1"}],"replies":[{"embeddable":true,"href":"https:\/\/vieassociative.be\/actualites\/wp-json\/wp\/v2\/comments?post=9949"}],"version-history":[{"count":0,"href":"https:\/\/vieassociative.be\/actualites\/wp-json\/wp\/v2\/posts\/9949\/revisions"}],"wp:featuredmedia":[{"embeddable":true,"href":"https:\/\/vieassociative.be\/actualites\/wp-json\/wp\/v2\/media\/1939"}],"wp:attachment":[{"href":"https:\/\/vieassociative.be\/actualites\/wp-json\/wp\/v2\/media?parent=9949"}],"wp:term":[{"taxonomy":"category","embeddable":true,"href":"https:\/\/vieassociative.be\/actualites\/wp-json\/wp\/v2\/categories?post=9949"},{"taxonomy":"post_tag","embeddable":true,"href":"https:\/\/vieassociative.be\/actualites\/wp-json\/wp\/v2\/tags?post=9949"}],"curies":[{"name":"wp","href":"https:\/\/api.w.org\/{rel}","templated":true}]}}