{"id":9947,"date":"2025-09-10T15:18:19","date_gmt":"2025-09-10T13:18:19","guid":{"rendered":"https:\/\/vieassociative.be\/actualites\/ce-motorola-razr-foldable-est-de-450-en-ce-moment\/"},"modified":"2025-09-10T15:18:19","modified_gmt":"2025-09-10T13:18:19","slug":"ce-motorola-razr-foldable-est-de-450-en-ce-moment","status":"publish","type":"post","link":"https:\/\/vieassociative.be\/actualites\/ce-motorola-razr-foldable-est-de-450-en-ce-moment\/","title":{"rendered":"Ce Motorola Razr + Foldable est de 450 $ en ce moment"},"content":{"rendered":"<div class=\"mt-4 leading-6 md:mb-8\">Il offre un design pliable haut de gamme, des \u00e9crans lumineux et des performances solides.<\/div>\n<p><\/p>\n<p><em>Saviez-vous que vous pouvez personnaliser Google pour filtrer les ordures? Prendre ces \u00e9tapes<\/em><em>  Pour de meilleurs r\u00e9sultats de recherche, notamment l&rsquo;ajout de Vie Associative comme source pr\u00e9f\u00e9r\u00e9e pour les nouvelles technologiques<\/em><em>.<\/em><\/p>\n<hr>\n<p>Le 2024 Motorola Razr + (d\u00e9verrouill\u00e9) co\u00fbte 449,99 $ sur Woot en ce moment, sous-coignant le prix d&rsquo;Amazon et m\u00eame plongeant en dessous de son plus haut niveau de tous les temps de 499,99 $ (selon les d\u00e9pur\u00e9s). C&rsquo;est un \u00e9cart important pour quiconque envisage un t\u00e9l\u00e9phone pliable. Woot jette la livraison standard gratuite pour les membres Prime, tandis que tout le monde paie 6 $. Le t\u00e9l\u00e9phone est d\u00e9bloqu\u00e9 avec une garantie Motorola compl\u00e8te d&rsquo;un an. Cette remise est valable pour les trois prochains jours (ou jusqu&rsquo;\u00e0 ce que les stocks s&rsquo;\u00e9puisent).<\/p>\n<p>Motorola n&rsquo;a pas r\u00e9invent\u00e9 la roue avec ce mod\u00e8le, mais le RAZR + 2024 est raffin\u00e9 de mani\u00e8re \u00e0 l&rsquo;aimer facile \u00e0 aimer. Le cadre en aluminium a des bords plus doux, et le cuir v\u00e9g\u00e9talien emp\u00eache le t\u00e9l\u00e9phone de se sentir glissant. Pli\u00e9, il se glisse parfaitement dans une poche, et la charni\u00e8re redessin\u00e9e est plus solide tout en \u00e9tant facile \u00e0 ouvrir \u00e0 une main. De plus, la cote IPX8 signifie qu&rsquo;elle peut survivre \u00e0 un dunk dans l&rsquo;eau, ce qui est une grande \u00e9tape par rapport \u00e0 la protection des \u00e9claboussures de l&rsquo;ann\u00e9e pr\u00e9c\u00e9dente. L&rsquo;\u00e9cran OLED ext\u00e9rieur de 4 pouces est vraiment utile, avec suffisamment de luminosit\u00e9 pour v\u00e9rifier les e-mails ou ex\u00e9cuter des applications \u00e0 l&rsquo;ext\u00e9rieur, et l&rsquo;affichage int\u00e9rieur de 6,9 \u200b\u200bpouces est net, rapide et lumineux, m\u00eame si le pli central est toujours visible lorsque l&rsquo;\u00e9cran est \u00e9teint, selon cette revue PCMAG.<\/p>\n<p>Les performances sont l&rsquo;endroit o\u00f9 le 2024 RAZR + ressemble \u00e0 une v\u00e9ritable mise \u00e0 niveau. Le Snapdragon 8S Gen 3 jumel\u00e9 avec 12 Go de RAM et 256 Go de stockage maintient tout en douceur, de la d\u00e9filement d\u00e9contract\u00e9 aux jeux plus lourds. La dur\u00e9e de vie de la batterie arrive \u00e0 environ 14 heures et demie (ce qui survivre \u00e0 Z Flip 5 de Samsung de quelques heures), et il recharge rapidement avec une brique de 45 W, bien que vous deviez fournir le v\u00f4tre car il n&rsquo;est pas inclus dans la bo\u00eete. Cela dit, la charge sans fil et la charge invers\u00e9e sont toutes deux \u00e0 bord, ajoutant une certaine flexibilit\u00e9. Les cam\u00e9ras, cependant, sont un sac mixte. L&rsquo;objectif principal de 50 MP r\u00e9siste bien en plein jour, mais le t\u00e9l\u00e9objectif aurait produit des coups de feu bruyants, et les photos de faible luminosit\u00e9 ne sont pas loin de ce que vous obtiendriez des produits phares de Samsung ou de Google.<\/p>\n<hr>\n","protected":false},"excerpt":{"rendered":"<p>Il offre un design pliable haut de gamme, des \u00e9crans lumineux et des performances solides. Saviez-vous que vous pouvez personnaliser Google pour filtrer les ordures?<\/p>\n","protected":false},"author":1,"featured_media":9948,"comment_status":"","ping_status":"","sticky":false,"template":"","format":"standard","meta":{"footnotes":""},"categories":[13],"tags":[76,8488,1429,8486,8487],"class_list":["post-9947","post","type-post","status-publish","format-standard","has-post-thumbnail","hentry","category-technologie","tag-est","tag-foldable","tag-moment","tag-motorola","tag-razr","generate-columns","tablet-grid-50","mobile-grid-100","grid-parent","grid-33"],"yoast_head":"<!-- This site is optimized with the Yoast SEO plugin v24.0 - https:\/\/yoast.com\/wordpress\/plugins\/seo\/ -->\n<title>Ce Motorola Razr + Foldable est de 450 $ en ce moment | Vie Associative<\/title>\n<meta name=\"robots\" content=\"index, follow, max-snippet:-1, max-image-preview:large, max-video-preview:-1\" \/>\n<link rel=\"canonical\" href=\"https:\/\/vieassociative.be\/actualites\/ce-motorola-razr-foldable-est-de-450-en-ce-moment\/\" \/>\n<meta property=\"og:locale\" content=\"fr_FR\" \/>\n<meta property=\"og:type\" content=\"article\" \/>\n<meta property=\"og:title\" content=\"Ce Motorola Razr + Foldable est de 450 $ en ce moment | Vie Associative\" \/>\n<meta property=\"og:description\" content=\"Il offre un design pliable haut de gamme, des \u00e9crans lumineux et des performances solides. Saviez-vous que vous pouvez personnaliser Google pour filtrer les ordures?\" \/>\n<meta property=\"og:url\" content=\"https:\/\/vieassociative.be\/actualites\/ce-motorola-razr-foldable-est-de-450-en-ce-moment\/\" \/>\n<meta property=\"og:site_name\" content=\"Vie Associative\" \/>\n<meta property=\"article:published_time\" content=\"2025-09-10T13:18:19+00:00\" \/>\n<meta property=\"og:image\" content=\"https:\/\/vieassociative.be\/actualites\/wp-content\/uploads\/2024\/09\/header_backgroundk-01-e1726694325946.png\" \/>\n\t<meta property=\"og:image:width\" content=\"279\" \/>\n\t<meta property=\"og:image:height\" content=\"92\" \/>\n\t<meta property=\"og:image:type\" content=\"image\/png\" \/>\n<meta name=\"author\" content=\"Julien\" \/>\n<meta name=\"twitter:card\" content=\"summary_large_image\" \/>\n<meta name=\"twitter:label1\" content=\"\u00c9crit par\" \/>\n\t<meta name=\"twitter:data1\" content=\"Julien\" \/>\n\t<meta name=\"twitter:label2\" content=\"Dur\u00e9e de lecture est.\" \/>\n\t<meta name=\"twitter:data2\" content=\"2 minutes\" \/>\n<script type=\"application\/ld+json\" class=\"yoast-schema-graph\">{\"@context\":\"https:\/\/schema.org\",\"@graph\":[{\"@type\":\"Article\",\"@id\":\"https:\/\/vieassociative.be\/actualites\/ce-motorola-razr-foldable-est-de-450-en-ce-moment\/#article\",\"isPartOf\":{\"@id\":\"https:\/\/vieassociative.be\/actualites\/ce-motorola-razr-foldable-est-de-450-en-ce-moment\/\"},\"author\":{\"name\":\"Julien\",\"@id\":\"https:\/\/vieassociative.be\/actualites\/#\/schema\/person\/b87ac4f82f9d4e7b7cec7395b679edc4\"},\"headline\":\"Ce Motorola Razr + Foldable est de 450 $ en ce moment\",\"datePublished\":\"2025-09-10T13:18:19+00:00\",\"dateModified\":\"2025-09-10T13:18:19+00:00\",\"mainEntityOfPage\":{\"@id\":\"https:\/\/vieassociative.be\/actualites\/ce-motorola-razr-foldable-est-de-450-en-ce-moment\/\"},\"wordCount\":488,\"publisher\":{\"@id\":\"https:\/\/vieassociative.be\/actualites\/#organization\"},\"image\":{\"@id\":\"https:\/\/vieassociative.be\/actualites\/ce-motorola-razr-foldable-est-de-450-en-ce-moment\/#primaryimage\"},\"thumbnailUrl\":\"https:\/\/vieassociative.be\/actualites\/wp-content\/uploads\/2025\/09\/Ce-Motorola-Razr-Foldable-est-de-450-en.png\",\"keywords\":[\"est\",\"Foldable\",\"moment\",\"Motorola\",\"Razr\"],\"articleSection\":[\"Technologie\"],\"inLanguage\":\"fr-BE\"},{\"@type\":\"WebPage\",\"@id\":\"https:\/\/vieassociative.be\/actualites\/ce-motorola-razr-foldable-est-de-450-en-ce-moment\/\",\"url\":\"https:\/\/vieassociative.be\/actualites\/ce-motorola-razr-foldable-est-de-450-en-ce-moment\/\",\"name\":\"Ce Motorola Razr + Foldable est de 450 $ en ce moment | Vie Associative\",\"isPartOf\":{\"@id\":\"https:\/\/vieassociative.be\/actualites\/#website\"},\"primaryImageOfPage\":{\"@id\":\"https:\/\/vieassociative.be\/actualites\/ce-motorola-razr-foldable-est-de-450-en-ce-moment\/#primaryimage\"},\"image\":{\"@id\":\"https:\/\/vieassociative.be\/actualites\/ce-motorola-razr-foldable-est-de-450-en-ce-moment\/#primaryimage\"},\"thumbnailUrl\":\"https:\/\/vieassociative.be\/actualites\/wp-content\/uploads\/2025\/09\/Ce-Motorola-Razr-Foldable-est-de-450-en.png\",\"datePublished\":\"2025-09-10T13:18:19+00:00\",\"dateModified\":\"2025-09-10T13:18:19+00:00\",\"breadcrumb\":{\"@id\":\"https:\/\/vieassociative.be\/actualites\/ce-motorola-razr-foldable-est-de-450-en-ce-moment\/#breadcrumb\"},\"inLanguage\":\"fr-BE\",\"potentialAction\":[{\"@type\":\"ReadAction\",\"target\":[\"https:\/\/vieassociative.be\/actualites\/ce-motorola-razr-foldable-est-de-450-en-ce-moment\/\"]}]},{\"@type\":\"ImageObject\",\"inLanguage\":\"fr-BE\",\"@id\":\"https:\/\/vieassociative.be\/actualites\/ce-motorola-razr-foldable-est-de-450-en-ce-moment\/#primaryimage\",\"url\":\"https:\/\/vieassociative.be\/actualites\/wp-content\/uploads\/2025\/09\/Ce-Motorola-Razr-Foldable-est-de-450-en.png\",\"contentUrl\":\"https:\/\/vieassociative.be\/actualites\/wp-content\/uploads\/2025\/09\/Ce-Motorola-Razr-Foldable-est-de-450-en.png\",\"width\":1200,\"height\":675,\"caption\":\"Ce Motorola Razr + Foldable est de 450 $ en ce moment\"},{\"@type\":\"BreadcrumbList\",\"@id\":\"https:\/\/vieassociative.be\/actualites\/ce-motorola-razr-foldable-est-de-450-en-ce-moment\/#breadcrumb\",\"itemListElement\":[{\"@type\":\"ListItem\",\"position\":1,\"name\":\"Accueil\",\"item\":\"https:\/\/vieassociative.be\/actualites\/\"},{\"@type\":\"ListItem\",\"position\":2,\"name\":\"Ce Motorola Razr + Foldable est de 450 $ en ce moment\"}]},{\"@type\":\"WebSite\",\"@id\":\"https:\/\/vieassociative.be\/actualites\/#website\",\"url\":\"https:\/\/vieassociative.be\/actualites\/\",\"name\":\"Vie Associative\",\"description\":\"\",\"publisher\":{\"@id\":\"https:\/\/vieassociative.be\/actualites\/#organization\"},\"potentialAction\":[{\"@type\":\"SearchAction\",\"target\":{\"@type\":\"EntryPoint\",\"urlTemplate\":\"https:\/\/vieassociative.be\/actualites\/?s={search_term_string}\"},\"query-input\":{\"@type\":\"PropertyValueSpecification\",\"valueRequired\":true,\"valueName\":\"search_term_string\"}}],\"inLanguage\":\"fr-BE\"},{\"@type\":\"Organization\",\"@id\":\"https:\/\/vieassociative.be\/actualites\/#organization\",\"name\":\"Vie Associative\",\"url\":\"https:\/\/vieassociative.be\/actualites\/\",\"logo\":{\"@type\":\"ImageObject\",\"inLanguage\":\"fr-BE\",\"@id\":\"https:\/\/vieassociative.be\/actualites\/#\/schema\/logo\/image\/\",\"url\":\"https:\/\/vieassociative.be\/actualites\/wp-content\/uploads\/2024\/09\/cropped-vieassociative_favicon.ico.png\",\"contentUrl\":\"https:\/\/vieassociative.be\/actualites\/wp-content\/uploads\/2024\/09\/cropped-vieassociative_favicon.ico.png\",\"width\":512,\"height\":512,\"caption\":\"Vie Associative\"},\"image\":{\"@id\":\"https:\/\/vieassociative.be\/actualites\/#\/schema\/logo\/image\/\"}},{\"@type\":\"Person\",\"@id\":\"https:\/\/vieassociative.be\/actualites\/#\/schema\/person\/b87ac4f82f9d4e7b7cec7395b679edc4\",\"name\":\"Julien\",\"image\":{\"@type\":\"ImageObject\",\"inLanguage\":\"fr-BE\",\"@id\":\"https:\/\/vieassociative.be\/actualites\/#\/schema\/person\/image\/\",\"url\":\"https:\/\/vieassociative.be\/actualites\/wp-content\/uploads\/2024\/09\/vie-associative-1-150x150.jpg\",\"contentUrl\":\"https:\/\/vieassociative.be\/actualites\/wp-content\/uploads\/2024\/09\/vie-associative-1-150x150.jpg\",\"caption\":\"Julien\"},\"description\":\"Je suis Julien, r\u00e9dacteur pour Vie Associative. Passionn\u00e9 par le monde associatif depuis plus de 10 ans, j'ai \u00e0 c\u0153ur de partager des histoires inspirantes et de mettre en lumi\u00e8re les initiatives locales. Mon objectif est de sensibiliser et d'encourager l'engagement communautaire \u00e0 travers mes articles.\",\"sameAs\":[\"https:\/\/vieassociative.be\/\"]}]}<\/script>\n<!-- \/ Yoast SEO plugin. -->","yoast_head_json":{"title":"Ce Motorola Razr + Foldable est de 450 $ en ce moment | Vie Associative","robots":{"index":"index","follow":"follow","max-snippet":"max-snippet:-1","max-image-preview":"max-image-preview:large","max-video-preview":"max-video-preview:-1"},"canonical":"https:\/\/vieassociative.be\/actualites\/ce-motorola-razr-foldable-est-de-450-en-ce-moment\/","og_locale":"fr_FR","og_type":"article","og_title":"Ce Motorola Razr + Foldable est de 450 $ en ce moment | Vie Associative","og_description":"Il offre un design pliable haut de gamme, des \u00e9crans lumineux et des performances solides. Saviez-vous que vous pouvez personnaliser Google pour filtrer les ordures?","og_url":"https:\/\/vieassociative.be\/actualites\/ce-motorola-razr-foldable-est-de-450-en-ce-moment\/","og_site_name":"Vie Associative","article_published_time":"2025-09-10T13:18:19+00:00","og_image":[{"width":279,"height":92,"url":"https:\/\/vieassociative.be\/actualites\/wp-content\/uploads\/2024\/09\/header_backgroundk-01-e1726694325946.png","type":"image\/png"}],"author":"Julien","twitter_card":"summary_large_image","twitter_misc":{"\u00c9crit par":"Julien","Dur\u00e9e de lecture est.":"2 minutes"},"schema":{"@context":"https:\/\/schema.org","@graph":[{"@type":"Article","@id":"https:\/\/vieassociative.be\/actualites\/ce-motorola-razr-foldable-est-de-450-en-ce-moment\/#article","isPartOf":{"@id":"https:\/\/vieassociative.be\/actualites\/ce-motorola-razr-foldable-est-de-450-en-ce-moment\/"},"author":{"name":"Julien","@id":"https:\/\/vieassociative.be\/actualites\/#\/schema\/person\/b87ac4f82f9d4e7b7cec7395b679edc4"},"headline":"Ce Motorola Razr + Foldable est de 450 $ en ce moment","datePublished":"2025-09-10T13:18:19+00:00","dateModified":"2025-09-10T13:18:19+00:00","mainEntityOfPage":{"@id":"https:\/\/vieassociative.be\/actualites\/ce-motorola-razr-foldable-est-de-450-en-ce-moment\/"},"wordCount":488,"publisher":{"@id":"https:\/\/vieassociative.be\/actualites\/#organization"},"image":{"@id":"https:\/\/vieassociative.be\/actualites\/ce-motorola-razr-foldable-est-de-450-en-ce-moment\/#primaryimage"},"thumbnailUrl":"https:\/\/vieassociative.be\/actualites\/wp-content\/uploads\/2025\/09\/Ce-Motorola-Razr-Foldable-est-de-450-en.png","keywords":["est","Foldable","moment","Motorola","Razr"],"articleSection":["Technologie"],"inLanguage":"fr-BE"},{"@type":"WebPage","@id":"https:\/\/vieassociative.be\/actualites\/ce-motorola-razr-foldable-est-de-450-en-ce-moment\/","url":"https:\/\/vieassociative.be\/actualites\/ce-motorola-razr-foldable-est-de-450-en-ce-moment\/","name":"Ce Motorola Razr + Foldable est de 450 $ en ce moment | Vie Associative","isPartOf":{"@id":"https:\/\/vieassociative.be\/actualites\/#website"},"primaryImageOfPage":{"@id":"https:\/\/vieassociative.be\/actualites\/ce-motorola-razr-foldable-est-de-450-en-ce-moment\/#primaryimage"},"image":{"@id":"https:\/\/vieassociative.be\/actualites\/ce-motorola-razr-foldable-est-de-450-en-ce-moment\/#primaryimage"},"thumbnailUrl":"https:\/\/vieassociative.be\/actualites\/wp-content\/uploads\/2025\/09\/Ce-Motorola-Razr-Foldable-est-de-450-en.png","datePublished":"2025-09-10T13:18:19+00:00","dateModified":"2025-09-10T13:18:19+00:00","breadcrumb":{"@id":"https:\/\/vieassociative.be\/actualites\/ce-motorola-razr-foldable-est-de-450-en-ce-moment\/#breadcrumb"},"inLanguage":"fr-BE","potentialAction":[{"@type":"ReadAction","target":["https:\/\/vieassociative.be\/actualites\/ce-motorola-razr-foldable-est-de-450-en-ce-moment\/"]}]},{"@type":"ImageObject","inLanguage":"fr-BE","@id":"https:\/\/vieassociative.be\/actualites\/ce-motorola-razr-foldable-est-de-450-en-ce-moment\/#primaryimage","url":"https:\/\/vieassociative.be\/actualites\/wp-content\/uploads\/2025\/09\/Ce-Motorola-Razr-Foldable-est-de-450-en.png","contentUrl":"https:\/\/vieassociative.be\/actualites\/wp-content\/uploads\/2025\/09\/Ce-Motorola-Razr-Foldable-est-de-450-en.png","width":1200,"height":675,"caption":"Ce Motorola Razr + Foldable est de 450 $ en ce moment"},{"@type":"BreadcrumbList","@id":"https:\/\/vieassociative.be\/actualites\/ce-motorola-razr-foldable-est-de-450-en-ce-moment\/#breadcrumb","itemListElement":[{"@type":"ListItem","position":1,"name":"Accueil","item":"https:\/\/vieassociative.be\/actualites\/"},{"@type":"ListItem","position":2,"name":"Ce Motorola Razr + Foldable est de 450 $ en ce moment"}]},{"@type":"WebSite","@id":"https:\/\/vieassociative.be\/actualites\/#website","url":"https:\/\/vieassociative.be\/actualites\/","name":"Vie Associative","description":"","publisher":{"@id":"https:\/\/vieassociative.be\/actualites\/#organization"},"potentialAction":[{"@type":"SearchAction","target":{"@type":"EntryPoint","urlTemplate":"https:\/\/vieassociative.be\/actualites\/?s={search_term_string}"},"query-input":{"@type":"PropertyValueSpecification","valueRequired":true,"valueName":"search_term_string"}}],"inLanguage":"fr-BE"},{"@type":"Organization","@id":"https:\/\/vieassociative.be\/actualites\/#organization","name":"Vie Associative","url":"https:\/\/vieassociative.be\/actualites\/","logo":{"@type":"ImageObject","inLanguage":"fr-BE","@id":"https:\/\/vieassociative.be\/actualites\/#\/schema\/logo\/image\/","url":"https:\/\/vieassociative.be\/actualites\/wp-content\/uploads\/2024\/09\/cropped-vieassociative_favicon.ico.png","contentUrl":"https:\/\/vieassociative.be\/actualites\/wp-content\/uploads\/2024\/09\/cropped-vieassociative_favicon.ico.png","width":512,"height":512,"caption":"Vie Associative"},"image":{"@id":"https:\/\/vieassociative.be\/actualites\/#\/schema\/logo\/image\/"}},{"@type":"Person","@id":"https:\/\/vieassociative.be\/actualites\/#\/schema\/person\/b87ac4f82f9d4e7b7cec7395b679edc4","name":"Julien","image":{"@type":"ImageObject","inLanguage":"fr-BE","@id":"https:\/\/vieassociative.be\/actualites\/#\/schema\/person\/image\/","url":"https:\/\/vieassociative.be\/actualites\/wp-content\/uploads\/2024\/09\/vie-associative-1-150x150.jpg","contentUrl":"https:\/\/vieassociative.be\/actualites\/wp-content\/uploads\/2024\/09\/vie-associative-1-150x150.jpg","caption":"Julien"},"description":"Je suis Julien, r\u00e9dacteur pour Vie Associative. Passionn\u00e9 par le monde associatif depuis plus de 10 ans, j'ai \u00e0 c\u0153ur de partager des histoires inspirantes et de mettre en lumi\u00e8re les initiatives locales. Mon objectif est de sensibiliser et d'encourager l'engagement communautaire \u00e0 travers mes articles.","sameAs":["https:\/\/vieassociative.be\/"]}]}},"_links":{"self":[{"href":"https:\/\/vieassociative.be\/actualites\/wp-json\/wp\/v2\/posts\/9947"}],"collection":[{"href":"https:\/\/vieassociative.be\/actualites\/wp-json\/wp\/v2\/posts"}],"about":[{"href":"https:\/\/vieassociative.be\/actualites\/wp-json\/wp\/v2\/types\/post"}],"author":[{"embeddable":true,"href":"https:\/\/vieassociative.be\/actualites\/wp-json\/wp\/v2\/users\/1"}],"replies":[{"embeddable":true,"href":"https:\/\/vieassociative.be\/actualites\/wp-json\/wp\/v2\/comments?post=9947"}],"version-history":[{"count":0,"href":"https:\/\/vieassociative.be\/actualites\/wp-json\/wp\/v2\/posts\/9947\/revisions"}],"wp:featuredmedia":[{"embeddable":true,"href":"https:\/\/vieassociative.be\/actualites\/wp-json\/wp\/v2\/media\/9948"}],"wp:attachment":[{"href":"https:\/\/vieassociative.be\/actualites\/wp-json\/wp\/v2\/media?parent=9947"}],"wp:term":[{"taxonomy":"category","embeddable":true,"href":"https:\/\/vieassociative.be\/actualites\/wp-json\/wp\/v2\/categories?post=9947"},{"taxonomy":"post_tag","embeddable":true,"href":"https:\/\/vieassociative.be\/actualites\/wp-json\/wp\/v2\/tags?post=9947"}],"curies":[{"name":"wp","href":"https:\/\/api.w.org\/{rel}","templated":true}]}}