{"id":9945,"date":"2025-09-10T10:19:26","date_gmt":"2025-09-10T08:19:26","guid":{"rendered":"https:\/\/vieassociative.be\/actualites\/polish-air-force-tire-des-drones-plusieurs-aeroports-les-autorites-avertissent-la-population\/"},"modified":"2025-09-10T10:19:26","modified_gmt":"2025-09-10T08:19:26","slug":"polish-air-force-tire-des-drones-plusieurs-aeroports-les-autorites-avertissent-la-population","status":"publish","type":"post","link":"https:\/\/vieassociative.be\/actualites\/polish-air-force-tire-des-drones-plusieurs-aeroports-les-autorites-avertissent-la-population\/","title":{"rendered":"Polish Air Force tire des drones &#8211; plusieurs a\u00e9roports &#8211; les autorit\u00e9s avertissent la population"},"content":{"rendered":"<p><strong>Au cours des attaques russes contre l&rsquo;Ukraine, l&rsquo;arm\u00e9e polonaise a d\u00e9truit des drones qui \u00e9taient entr\u00e9s dans l&rsquo;espace a\u00e9rien du pays de l&rsquo;OTAN. Cela a \u00e9t\u00e9 annonc\u00e9 par le commandement arm\u00e9 des forces arm\u00e9es sur X.<\/strong><\/p>\n<p><span id=\"more-424217\"><\/span>\u00ab\u00a0L&rsquo;op\u00e9ration pour identifier et neutraliser les objets est toujours en cours\u00a0\u00bb, a-t-il d\u00e9clar\u00e9. La population a \u00e9t\u00e9 invit\u00e9e \u00e0 rester \u00e0 la maison et \u00e0 poursuivre les communaut\u00e9s des autorit\u00e9s. Quatre a\u00e9roports du pays ont \u00e9t\u00e9 temporairement ferm\u00e9s, comme ont rapport\u00e9 plusieurs m\u00e9dias.<\/p>\n<p>Le Premier ministre polonais Donald Tusk a \u00e9crit sur X que des armes avaient \u00e9t\u00e9 utilis\u00e9es contre les objets de vol. Il \u00e9tait en contact constant avec la direction de l&rsquo;arm\u00e9e, le ministre de la D\u00e9fense et le pr\u00e9sident.<\/p>\n<div id=\"attachment_424222\" class=\"wp-caption alignleft\" style=\"max-width: 300px\"><img fetchpriority=\"high\" decoding=\"async\" class=\"wp-image-424222 size-medium\" src=\"https:\/\/vieassociative.be\/actualites\/wp-content\/uploads\/2025\/09\/Polish-Air-Force-tire-des-drones-plusieurs-aeroports.jpg\" alt=\"\" width=\"300\" height=\"200\"><\/div>\n<p>Le ministre de la D\u00e9fense Wladyslaw Kosiniak-Kamysz a annonc\u00e9 que la direction de l&rsquo;OTAN avait \u00e9t\u00e9 inform\u00e9e. Les unit\u00e9s de protection domestique de l&rsquo;arm\u00e9e sont charg\u00e9es de rechercher les drones de tir sur le sol. Il a appel\u00e9 les citoyens \u00e0 ne pas aborder ces ruines et \u00e0 informer la police en cas de d\u00e9couverte.<\/p>\n<p>-Pour a\u00e9roports en Pologne ferm\u00e9s: Comme l&rsquo;a rapport\u00e9 plusieurs m\u00e9dias, citant la FAA de l&rsquo;Air Force Authority, les autorit\u00e9s polonaises ont ferm\u00e9 quatre a\u00e9roports, notamment l&rsquo;a\u00e9roport international de Varsovie. Dans un message pour les pilotes, il indique que l&rsquo;a\u00e9roport de Varsovie Chopin \u00ab\u00a0n&rsquo;est pas disponible\u00a0\u00bb en raison d&rsquo;activit\u00e9s militaires impr\u00e9vues dans le cadre de la garantie de la s\u00e9curit\u00e9 de l&rsquo;\u00c9tat \u00ab\u00a0.<\/p>\n<p>L&rsquo;a\u00e9roport de Varsovie-Chopin a annonc\u00e9 qu&rsquo;une partie de l&rsquo;espace a\u00e9rien \u00e9tait ferm\u00e9e sur la Pologne en raison des activit\u00e9s de l&rsquo;arm\u00e9e. Aucun d\u00e9but et atterrissage ne sont actuellement en cours.<\/p>\n<div id=\"attachment_424223\" class=\"wp-caption alignleft\" style=\"max-width: 300px\"><img decoding=\"async\" class=\"wp-image-424223 size-medium\" src=\"https:\/\/vieassociative.be\/actualites\/wp-content\/uploads\/2025\/09\/1757492366_663_Polish-Air-Force-tire-des-drones-plusieurs-aeroports.jpg\" alt=\"\" width=\"300\" height=\"200\"><\/div>\n<p>En cons\u00e9quence, les a\u00e9roports de Lublin et Rzeszow dans l&rsquo;est du pays ont \u00e9galement \u00e9t\u00e9 touch\u00e9s. Il \u00e9tait initialement clair combien de drones \u00e9taient dans l&rsquo;espace a\u00e9rien polonais.<\/p>\n<p>&#8211; Proc\u00e9dure plus difficile contre les blessures d&rsquo;espace a\u00e9rien annonc\u00e9es: Au cours des derni\u00e8res semaines, les drones ont p\u00e9n\u00e9tr\u00e9 l&rsquo;espace a\u00e9rien sur la Pologne \u00e0 plusieurs reprises et se sont \u00e9cras\u00e9s. Personne n&rsquo;a \u00e9t\u00e9 bless\u00e9. Le ministre de la D\u00e9fense avait d\u00e9j\u00e0 d\u00e9clar\u00e9 mardi que les drones pouvaient \u00eatre abattus \u00e0 l&rsquo;avenir si cela \u00e9tait justifiable. L&rsquo;arm\u00e9e doit prendre la d\u00e9cision dans des cas individuels.<\/p>\n<p>L&rsquo;UE et l&rsquo;OTAN Pologne sont un important alli\u00e9 politique et militaire de l&rsquo;Ukraine attaqu\u00e9 par la Russie. Le pays a \u00e9galement une fonction centrale en tant que centre logistique pour l&rsquo;aide militaire de l&rsquo;Occident pour Kiev. La Pologne se sent \u00e9galement menac\u00e9e et am\u00e9lior\u00e9e par la Russie. (DPA)<\/p>\n","protected":false},"excerpt":{"rendered":"<p>Au cours des attaques russes contre l&rsquo;Ukraine, l&rsquo;arm\u00e9e polonaise a d\u00e9truit des drones qui \u00e9taient entr\u00e9s dans l&rsquo;espace a\u00e9rien du pays de l&rsquo;OTAN. Cela a<\/p>\n","protected":false},"author":1,"featured_media":9946,"comment_status":"","ping_status":"","sticky":false,"template":"","format":"standard","meta":{"footnotes":""},"categories":[298],"tags":[8044,1327,8484,8485,29,4144,540,14,3320,8483,3672,4476],"class_list":["post-9945","post","type-post","status-publish","format-standard","has-post-thumbnail","hentry","category-belgique","tag-aeroports","tag-air","tag-autorites","tag-avertissent","tag-des","tag-drones","tag-force","tag-les","tag-plusieurs","tag-polish","tag-population","tag-tire","generate-columns","tablet-grid-50","mobile-grid-100","grid-parent","grid-33"],"yoast_head":"<!-- This site is optimized with the Yoast SEO plugin v24.0 - https:\/\/yoast.com\/wordpress\/plugins\/seo\/ -->\n<title>Polish Air Force tire des drones - plusieurs a\u00e9roports - les autorit\u00e9s avertissent la population | Vie Associative<\/title>\n<meta name=\"robots\" content=\"index, follow, max-snippet:-1, max-image-preview:large, max-video-preview:-1\" \/>\n<link rel=\"canonical\" href=\"https:\/\/vieassociative.be\/actualites\/polish-air-force-tire-des-drones-plusieurs-aeroports-les-autorites-avertissent-la-population\/\" \/>\n<meta property=\"og:locale\" content=\"fr_FR\" \/>\n<meta property=\"og:type\" content=\"article\" \/>\n<meta property=\"og:title\" content=\"Polish Air Force tire des drones - plusieurs a\u00e9roports - les autorit\u00e9s avertissent la population | Vie Associative\" \/>\n<meta property=\"og:description\" content=\"Au cours des attaques russes contre l&rsquo;Ukraine, l&rsquo;arm\u00e9e polonaise a d\u00e9truit des drones qui \u00e9taient entr\u00e9s dans l&rsquo;espace a\u00e9rien du pays de l&rsquo;OTAN. Cela a\" \/>\n<meta property=\"og:url\" content=\"https:\/\/vieassociative.be\/actualites\/polish-air-force-tire-des-drones-plusieurs-aeroports-les-autorites-avertissent-la-population\/\" \/>\n<meta property=\"og:site_name\" content=\"Vie Associative\" \/>\n<meta property=\"article:published_time\" content=\"2025-09-10T08:19:26+00:00\" \/>\n<meta property=\"og:image\" content=\"https:\/\/vieassociative.be\/actualites\/wp-content\/uploads\/2024\/09\/header_backgroundk-01-e1726694325946.png\" \/>\n\t<meta property=\"og:image:width\" content=\"279\" \/>\n\t<meta property=\"og:image:height\" content=\"92\" \/>\n\t<meta property=\"og:image:type\" content=\"image\/png\" \/>\n<meta name=\"author\" content=\"Julien\" \/>\n<meta name=\"twitter:card\" content=\"summary_large_image\" \/>\n<meta name=\"twitter:label1\" content=\"\u00c9crit par\" \/>\n\t<meta name=\"twitter:data1\" content=\"Julien\" \/>\n\t<meta name=\"twitter:label2\" content=\"Dur\u00e9e de lecture est.\" \/>\n\t<meta name=\"twitter:data2\" content=\"2 minutes\" \/>\n<script type=\"application\/ld+json\" class=\"yoast-schema-graph\">{\"@context\":\"https:\/\/schema.org\",\"@graph\":[{\"@type\":\"Article\",\"@id\":\"https:\/\/vieassociative.be\/actualites\/polish-air-force-tire-des-drones-plusieurs-aeroports-les-autorites-avertissent-la-population\/#article\",\"isPartOf\":{\"@id\":\"https:\/\/vieassociative.be\/actualites\/polish-air-force-tire-des-drones-plusieurs-aeroports-les-autorites-avertissent-la-population\/\"},\"author\":{\"name\":\"Julien\",\"@id\":\"https:\/\/vieassociative.be\/actualites\/#\/schema\/person\/b87ac4f82f9d4e7b7cec7395b679edc4\"},\"headline\":\"Polish Air Force tire des drones &#8211; plusieurs a\u00e9roports &#8211; les autorit\u00e9s avertissent la population\",\"datePublished\":\"2025-09-10T08:19:26+00:00\",\"dateModified\":\"2025-09-10T08:19:26+00:00\",\"mainEntityOfPage\":{\"@id\":\"https:\/\/vieassociative.be\/actualites\/polish-air-force-tire-des-drones-plusieurs-aeroports-les-autorites-avertissent-la-population\/\"},\"wordCount\":505,\"publisher\":{\"@id\":\"https:\/\/vieassociative.be\/actualites\/#organization\"},\"image\":{\"@id\":\"https:\/\/vieassociative.be\/actualites\/polish-air-force-tire-des-drones-plusieurs-aeroports-les-autorites-avertissent-la-population\/#primaryimage\"},\"thumbnailUrl\":\"https:\/\/vieassociative.be\/actualites\/wp-content\/uploads\/2025\/09\/1757492367_Polish-Air-Force-tire-des-drones-plusieurs-aeroports.jpg\",\"keywords\":[\"a\u00e9roports\",\"air\",\"autorit\u00e9s\",\"avertissent\",\"Des\",\"drones\",\"forc\u00e9\",\"Les\",\"Plusieurs\",\"Polish\",\"population\",\"tir\u00e9\"],\"articleSection\":[\"Belgique\"],\"inLanguage\":\"fr-BE\"},{\"@type\":\"WebPage\",\"@id\":\"https:\/\/vieassociative.be\/actualites\/polish-air-force-tire-des-drones-plusieurs-aeroports-les-autorites-avertissent-la-population\/\",\"url\":\"https:\/\/vieassociative.be\/actualites\/polish-air-force-tire-des-drones-plusieurs-aeroports-les-autorites-avertissent-la-population\/\",\"name\":\"Polish Air Force tire des drones - plusieurs a\u00e9roports - les autorit\u00e9s avertissent la population | Vie Associative\",\"isPartOf\":{\"@id\":\"https:\/\/vieassociative.be\/actualites\/#website\"},\"primaryImageOfPage\":{\"@id\":\"https:\/\/vieassociative.be\/actualites\/polish-air-force-tire-des-drones-plusieurs-aeroports-les-autorites-avertissent-la-population\/#primaryimage\"},\"image\":{\"@id\":\"https:\/\/vieassociative.be\/actualites\/polish-air-force-tire-des-drones-plusieurs-aeroports-les-autorites-avertissent-la-population\/#primaryimage\"},\"thumbnailUrl\":\"https:\/\/vieassociative.be\/actualites\/wp-content\/uploads\/2025\/09\/1757492367_Polish-Air-Force-tire-des-drones-plusieurs-aeroports.jpg\",\"datePublished\":\"2025-09-10T08:19:26+00:00\",\"dateModified\":\"2025-09-10T08:19:26+00:00\",\"breadcrumb\":{\"@id\":\"https:\/\/vieassociative.be\/actualites\/polish-air-force-tire-des-drones-plusieurs-aeroports-les-autorites-avertissent-la-population\/#breadcrumb\"},\"inLanguage\":\"fr-BE\",\"potentialAction\":[{\"@type\":\"ReadAction\",\"target\":[\"https:\/\/vieassociative.be\/actualites\/polish-air-force-tire-des-drones-plusieurs-aeroports-les-autorites-avertissent-la-population\/\"]}]},{\"@type\":\"ImageObject\",\"inLanguage\":\"fr-BE\",\"@id\":\"https:\/\/vieassociative.be\/actualites\/polish-air-force-tire-des-drones-plusieurs-aeroports-les-autorites-avertissent-la-population\/#primaryimage\",\"url\":\"https:\/\/vieassociative.be\/actualites\/wp-content\/uploads\/2025\/09\/1757492367_Polish-Air-Force-tire-des-drones-plusieurs-aeroports.jpg\",\"contentUrl\":\"https:\/\/vieassociative.be\/actualites\/wp-content\/uploads\/2025\/09\/1757492367_Polish-Air-Force-tire-des-drones-plusieurs-aeroports.jpg\",\"width\":1200,\"height\":800,\"caption\":\"Polish Air Force tire des drones - plusieurs a\u00e9roports - les autorit\u00e9s avertissent la population\"},{\"@type\":\"BreadcrumbList\",\"@id\":\"https:\/\/vieassociative.be\/actualites\/polish-air-force-tire-des-drones-plusieurs-aeroports-les-autorites-avertissent-la-population\/#breadcrumb\",\"itemListElement\":[{\"@type\":\"ListItem\",\"position\":1,\"name\":\"Accueil\",\"item\":\"https:\/\/vieassociative.be\/actualites\/\"},{\"@type\":\"ListItem\",\"position\":2,\"name\":\"Polish Air Force tire des drones &#8211; plusieurs a\u00e9roports &#8211; les autorit\u00e9s avertissent la population\"}]},{\"@type\":\"WebSite\",\"@id\":\"https:\/\/vieassociative.be\/actualites\/#website\",\"url\":\"https:\/\/vieassociative.be\/actualites\/\",\"name\":\"Vie Associative\",\"description\":\"\",\"publisher\":{\"@id\":\"https:\/\/vieassociative.be\/actualites\/#organization\"},\"potentialAction\":[{\"@type\":\"SearchAction\",\"target\":{\"@type\":\"EntryPoint\",\"urlTemplate\":\"https:\/\/vieassociative.be\/actualites\/?s={search_term_string}\"},\"query-input\":{\"@type\":\"PropertyValueSpecification\",\"valueRequired\":true,\"valueName\":\"search_term_string\"}}],\"inLanguage\":\"fr-BE\"},{\"@type\":\"Organization\",\"@id\":\"https:\/\/vieassociative.be\/actualites\/#organization\",\"name\":\"Vie Associative\",\"url\":\"https:\/\/vieassociative.be\/actualites\/\",\"logo\":{\"@type\":\"ImageObject\",\"inLanguage\":\"fr-BE\",\"@id\":\"https:\/\/vieassociative.be\/actualites\/#\/schema\/logo\/image\/\",\"url\":\"https:\/\/vieassociative.be\/actualites\/wp-content\/uploads\/2024\/09\/cropped-vieassociative_favicon.ico.png\",\"contentUrl\":\"https:\/\/vieassociative.be\/actualites\/wp-content\/uploads\/2024\/09\/cropped-vieassociative_favicon.ico.png\",\"width\":512,\"height\":512,\"caption\":\"Vie Associative\"},\"image\":{\"@id\":\"https:\/\/vieassociative.be\/actualites\/#\/schema\/logo\/image\/\"}},{\"@type\":\"Person\",\"@id\":\"https:\/\/vieassociative.be\/actualites\/#\/schema\/person\/b87ac4f82f9d4e7b7cec7395b679edc4\",\"name\":\"Julien\",\"image\":{\"@type\":\"ImageObject\",\"inLanguage\":\"fr-BE\",\"@id\":\"https:\/\/vieassociative.be\/actualites\/#\/schema\/person\/image\/\",\"url\":\"https:\/\/vieassociative.be\/actualites\/wp-content\/uploads\/2024\/09\/vie-associative-1-150x150.jpg\",\"contentUrl\":\"https:\/\/vieassociative.be\/actualites\/wp-content\/uploads\/2024\/09\/vie-associative-1-150x150.jpg\",\"caption\":\"Julien\"},\"description\":\"Je suis Julien, r\u00e9dacteur pour Vie Associative. Passionn\u00e9 par le monde associatif depuis plus de 10 ans, j'ai \u00e0 c\u0153ur de partager des histoires inspirantes et de mettre en lumi\u00e8re les initiatives locales. Mon objectif est de sensibiliser et d'encourager l'engagement communautaire \u00e0 travers mes articles.\",\"sameAs\":[\"https:\/\/vieassociative.be\/\"]}]}<\/script>\n<!-- \/ Yoast SEO plugin. -->","yoast_head_json":{"title":"Polish Air Force tire des drones - plusieurs a\u00e9roports - les autorit\u00e9s avertissent la population | Vie Associative","robots":{"index":"index","follow":"follow","max-snippet":"max-snippet:-1","max-image-preview":"max-image-preview:large","max-video-preview":"max-video-preview:-1"},"canonical":"https:\/\/vieassociative.be\/actualites\/polish-air-force-tire-des-drones-plusieurs-aeroports-les-autorites-avertissent-la-population\/","og_locale":"fr_FR","og_type":"article","og_title":"Polish Air Force tire des drones - plusieurs a\u00e9roports - les autorit\u00e9s avertissent la population | Vie Associative","og_description":"Au cours des attaques russes contre l&rsquo;Ukraine, l&rsquo;arm\u00e9e polonaise a d\u00e9truit des drones qui \u00e9taient entr\u00e9s dans l&rsquo;espace a\u00e9rien du pays de l&rsquo;OTAN. Cela a","og_url":"https:\/\/vieassociative.be\/actualites\/polish-air-force-tire-des-drones-plusieurs-aeroports-les-autorites-avertissent-la-population\/","og_site_name":"Vie Associative","article_published_time":"2025-09-10T08:19:26+00:00","og_image":[{"width":279,"height":92,"url":"https:\/\/vieassociative.be\/actualites\/wp-content\/uploads\/2024\/09\/header_backgroundk-01-e1726694325946.png","type":"image\/png"}],"author":"Julien","twitter_card":"summary_large_image","twitter_misc":{"\u00c9crit par":"Julien","Dur\u00e9e de lecture est.":"2 minutes"},"schema":{"@context":"https:\/\/schema.org","@graph":[{"@type":"Article","@id":"https:\/\/vieassociative.be\/actualites\/polish-air-force-tire-des-drones-plusieurs-aeroports-les-autorites-avertissent-la-population\/#article","isPartOf":{"@id":"https:\/\/vieassociative.be\/actualites\/polish-air-force-tire-des-drones-plusieurs-aeroports-les-autorites-avertissent-la-population\/"},"author":{"name":"Julien","@id":"https:\/\/vieassociative.be\/actualites\/#\/schema\/person\/b87ac4f82f9d4e7b7cec7395b679edc4"},"headline":"Polish Air Force tire des drones &#8211; plusieurs a\u00e9roports &#8211; les autorit\u00e9s avertissent la population","datePublished":"2025-09-10T08:19:26+00:00","dateModified":"2025-09-10T08:19:26+00:00","mainEntityOfPage":{"@id":"https:\/\/vieassociative.be\/actualites\/polish-air-force-tire-des-drones-plusieurs-aeroports-les-autorites-avertissent-la-population\/"},"wordCount":505,"publisher":{"@id":"https:\/\/vieassociative.be\/actualites\/#organization"},"image":{"@id":"https:\/\/vieassociative.be\/actualites\/polish-air-force-tire-des-drones-plusieurs-aeroports-les-autorites-avertissent-la-population\/#primaryimage"},"thumbnailUrl":"https:\/\/vieassociative.be\/actualites\/wp-content\/uploads\/2025\/09\/1757492367_Polish-Air-Force-tire-des-drones-plusieurs-aeroports.jpg","keywords":["a\u00e9roports","air","autorit\u00e9s","avertissent","Des","drones","forc\u00e9","Les","Plusieurs","Polish","population","tir\u00e9"],"articleSection":["Belgique"],"inLanguage":"fr-BE"},{"@type":"WebPage","@id":"https:\/\/vieassociative.be\/actualites\/polish-air-force-tire-des-drones-plusieurs-aeroports-les-autorites-avertissent-la-population\/","url":"https:\/\/vieassociative.be\/actualites\/polish-air-force-tire-des-drones-plusieurs-aeroports-les-autorites-avertissent-la-population\/","name":"Polish Air Force tire des drones - plusieurs a\u00e9roports - les autorit\u00e9s avertissent la population | Vie Associative","isPartOf":{"@id":"https:\/\/vieassociative.be\/actualites\/#website"},"primaryImageOfPage":{"@id":"https:\/\/vieassociative.be\/actualites\/polish-air-force-tire-des-drones-plusieurs-aeroports-les-autorites-avertissent-la-population\/#primaryimage"},"image":{"@id":"https:\/\/vieassociative.be\/actualites\/polish-air-force-tire-des-drones-plusieurs-aeroports-les-autorites-avertissent-la-population\/#primaryimage"},"thumbnailUrl":"https:\/\/vieassociative.be\/actualites\/wp-content\/uploads\/2025\/09\/1757492367_Polish-Air-Force-tire-des-drones-plusieurs-aeroports.jpg","datePublished":"2025-09-10T08:19:26+00:00","dateModified":"2025-09-10T08:19:26+00:00","breadcrumb":{"@id":"https:\/\/vieassociative.be\/actualites\/polish-air-force-tire-des-drones-plusieurs-aeroports-les-autorites-avertissent-la-population\/#breadcrumb"},"inLanguage":"fr-BE","potentialAction":[{"@type":"ReadAction","target":["https:\/\/vieassociative.be\/actualites\/polish-air-force-tire-des-drones-plusieurs-aeroports-les-autorites-avertissent-la-population\/"]}]},{"@type":"ImageObject","inLanguage":"fr-BE","@id":"https:\/\/vieassociative.be\/actualites\/polish-air-force-tire-des-drones-plusieurs-aeroports-les-autorites-avertissent-la-population\/#primaryimage","url":"https:\/\/vieassociative.be\/actualites\/wp-content\/uploads\/2025\/09\/1757492367_Polish-Air-Force-tire-des-drones-plusieurs-aeroports.jpg","contentUrl":"https:\/\/vieassociative.be\/actualites\/wp-content\/uploads\/2025\/09\/1757492367_Polish-Air-Force-tire-des-drones-plusieurs-aeroports.jpg","width":1200,"height":800,"caption":"Polish Air Force tire des drones - plusieurs a\u00e9roports - les autorit\u00e9s avertissent la population"},{"@type":"BreadcrumbList","@id":"https:\/\/vieassociative.be\/actualites\/polish-air-force-tire-des-drones-plusieurs-aeroports-les-autorites-avertissent-la-population\/#breadcrumb","itemListElement":[{"@type":"ListItem","position":1,"name":"Accueil","item":"https:\/\/vieassociative.be\/actualites\/"},{"@type":"ListItem","position":2,"name":"Polish Air Force tire des drones &#8211; plusieurs a\u00e9roports &#8211; les autorit\u00e9s avertissent la population"}]},{"@type":"WebSite","@id":"https:\/\/vieassociative.be\/actualites\/#website","url":"https:\/\/vieassociative.be\/actualites\/","name":"Vie Associative","description":"","publisher":{"@id":"https:\/\/vieassociative.be\/actualites\/#organization"},"potentialAction":[{"@type":"SearchAction","target":{"@type":"EntryPoint","urlTemplate":"https:\/\/vieassociative.be\/actualites\/?s={search_term_string}"},"query-input":{"@type":"PropertyValueSpecification","valueRequired":true,"valueName":"search_term_string"}}],"inLanguage":"fr-BE"},{"@type":"Organization","@id":"https:\/\/vieassociative.be\/actualites\/#organization","name":"Vie Associative","url":"https:\/\/vieassociative.be\/actualites\/","logo":{"@type":"ImageObject","inLanguage":"fr-BE","@id":"https:\/\/vieassociative.be\/actualites\/#\/schema\/logo\/image\/","url":"https:\/\/vieassociative.be\/actualites\/wp-content\/uploads\/2024\/09\/cropped-vieassociative_favicon.ico.png","contentUrl":"https:\/\/vieassociative.be\/actualites\/wp-content\/uploads\/2024\/09\/cropped-vieassociative_favicon.ico.png","width":512,"height":512,"caption":"Vie Associative"},"image":{"@id":"https:\/\/vieassociative.be\/actualites\/#\/schema\/logo\/image\/"}},{"@type":"Person","@id":"https:\/\/vieassociative.be\/actualites\/#\/schema\/person\/b87ac4f82f9d4e7b7cec7395b679edc4","name":"Julien","image":{"@type":"ImageObject","inLanguage":"fr-BE","@id":"https:\/\/vieassociative.be\/actualites\/#\/schema\/person\/image\/","url":"https:\/\/vieassociative.be\/actualites\/wp-content\/uploads\/2024\/09\/vie-associative-1-150x150.jpg","contentUrl":"https:\/\/vieassociative.be\/actualites\/wp-content\/uploads\/2024\/09\/vie-associative-1-150x150.jpg","caption":"Julien"},"description":"Je suis Julien, r\u00e9dacteur pour Vie Associative. Passionn\u00e9 par le monde associatif depuis plus de 10 ans, j'ai \u00e0 c\u0153ur de partager des histoires inspirantes et de mettre en lumi\u00e8re les initiatives locales. Mon objectif est de sensibiliser et d'encourager l'engagement communautaire \u00e0 travers mes articles.","sameAs":["https:\/\/vieassociative.be\/"]}]}},"_links":{"self":[{"href":"https:\/\/vieassociative.be\/actualites\/wp-json\/wp\/v2\/posts\/9945"}],"collection":[{"href":"https:\/\/vieassociative.be\/actualites\/wp-json\/wp\/v2\/posts"}],"about":[{"href":"https:\/\/vieassociative.be\/actualites\/wp-json\/wp\/v2\/types\/post"}],"author":[{"embeddable":true,"href":"https:\/\/vieassociative.be\/actualites\/wp-json\/wp\/v2\/users\/1"}],"replies":[{"embeddable":true,"href":"https:\/\/vieassociative.be\/actualites\/wp-json\/wp\/v2\/comments?post=9945"}],"version-history":[{"count":0,"href":"https:\/\/vieassociative.be\/actualites\/wp-json\/wp\/v2\/posts\/9945\/revisions"}],"wp:featuredmedia":[{"embeddable":true,"href":"https:\/\/vieassociative.be\/actualites\/wp-json\/wp\/v2\/media\/9946"}],"wp:attachment":[{"href":"https:\/\/vieassociative.be\/actualites\/wp-json\/wp\/v2\/media?parent=9945"}],"wp:term":[{"taxonomy":"category","embeddable":true,"href":"https:\/\/vieassociative.be\/actualites\/wp-json\/wp\/v2\/categories?post=9945"},{"taxonomy":"post_tag","embeddable":true,"href":"https:\/\/vieassociative.be\/actualites\/wp-json\/wp\/v2\/tags?post=9945"}],"curies":[{"name":"wp","href":"https:\/\/api.w.org\/{rel}","templated":true}]}}