{"id":9943,"date":"2025-09-10T09:17:23","date_gmt":"2025-09-10T07:17:23","guid":{"rendered":"https:\/\/vieassociative.be\/actualites\/le-modele-de-base-iphone-17-pro-coute-plus-que-jamais\/"},"modified":"2025-09-10T09:17:23","modified_gmt":"2025-09-10T07:17:23","slug":"le-modele-de-base-iphone-17-pro-coute-plus-que-jamais","status":"publish","type":"post","link":"https:\/\/vieassociative.be\/actualites\/le-modele-de-base-iphone-17-pro-coute-plus-que-jamais\/","title":{"rendered":"Le mod\u00e8le de base iPhone 17 Pro co\u00fbte plus que jamais"},"content":{"rendered":"<div class=\"mt-4 leading-6 md:mb-8\">Mais ce n&rsquo;est pas vraiment ce que vous pensez.<\/div>\n<p><\/p>\n<p><em>Saviez-vous que vous pouvez personnaliser Google pour filtrer les ordures? Prendre ces \u00e9tapes<\/em><em>  Pour de meilleurs r\u00e9sultats de recherche, notamment en ajoutant mon travail chez Vie Associative comme source pr\u00e9f\u00e9r\u00e9e<\/em><em>.<\/em><\/p>\n<hr>\n<p>Il ne sera probablement pas surprenant pour de nombreux fans d&rsquo;Apple d&rsquo;apprendre qu&rsquo;Apple a annonc\u00e9 aujourd&rsquo;hui deux nouveaux Pro Iphones lors de son \u00e9v\u00e9nement \u00ab\u00a0Awe Droping\u00a0\u00bb. Comme les s\u00e9ries d&rsquo;iPhone pr\u00e9c\u00e9dentes, l&rsquo;iPhone 17 Pro et 17 Pro Max offrent les meilleures sp\u00e9cifications et les plus fonctionnalit\u00e9s que vous pouvez obtenir dans un t\u00e9l\u00e9phone Apple en ce moment, y compris le nouveau syst\u00e8me de cam\u00e9ra Pro. Mais il y a quelque chose de nouveau dans la s\u00e9rie professionnelle de cette ann\u00e9e qui n&rsquo;est pas un avantage. En fait, pour beaucoup, ce sera un peu d\u00e9cevant: il vous co\u00fbtera probablement plus pour acheter un iPhone pro cette ann\u00e9e. <\/p>\n<p>Depuis que Apple a lanc\u00e9 l&rsquo;iPhone X en 2017, la soci\u00e9t\u00e9 a \u00e9valu\u00e9 son smartphone premium \u00e0 partir de 999 $. L&rsquo;iPhone XS, l&rsquo;iPhone 11 Pro, etc. ont tous commenc\u00e9 \u00e0 un grand. Plus maintenant. L&rsquo;iPhone 17 Pro commence maintenant \u00e0 1 099 $, tandis que l&rsquo;iPhone 17 Pro Max commence \u00e0 1 199 $. Il semble que le nouvel iPhone Air, l&rsquo;iPhone le plus mince d&rsquo;Apple ait jamais pris ce prix de 999 $. <\/p>\n<div class=\"mx-auto mb-12 mt-5 w-full max-w-3xl rounded-md border-2 border-gray-100 p-3 shadow-md md:px-7 md:pb-7 md:pt-5\" id=\"related-video\">\n<div class=\"mb-3 flex items-center md:mb-5\">\n        <img decoding=\"async\" class=\"mr-4 mt-0 h-10 w-10 md:mr-5 md:h-12 md:w-12\" src=\"https:\/\/vieassociative.be\/actualites\/wp-content\/uploads\/2025\/08\/1754414314_422_Les-brins-du-NYT-daujourdhui-indiquent-et-repondent-pour-le.jpg\" alt=\"Logo Lifehacker\"><\/p><\/div>\n<div class=\"aspect-video w-full overflow-hidden rounded-md\">\n<div id=\"video-container-01K4S6TM0ZVH5BD5C0PV7KGWXG\"><\/div>\n<\/p><\/div>\n<\/div>\n<p>Voici la ventilation compl\u00e8te des prix pour les pros, d\u00e9termin\u00e9e par la taille du stockage:<\/p>\n<ul>\n<li>\n<p>iPhone 17 Pro (256 Go): 1 099 $<\/p>\n<\/li>\n<li>\n<p>iPhone 17 Pro (512 Go): 1 299 $<\/p>\n<\/li>\n<li>\n<p>iPhone 17 Pro (1 To): 1 49 $<\/p>\n<\/li>\n<li>\n<p>iPhone 17 Pro Max (256 Go): 1 199 $<\/p>\n<\/li>\n<li>\n<p>iPhone 17 Pro Max (512 Go): 1 399 $<\/p>\n<\/li>\n<li>\n<p>iPhone 17 Pro Max (1 To): 1 59 $<\/p>\n<\/li>\n<li>\n<p>iPhone 17 Pro Max: (2 To): 1 999 $<\/p>\n<\/li>\n<\/ul>\n<p>Mettons de c\u00f4t\u00e9 le fait qu&rsquo;Apple vous vendra un iPhone pour 2 000 $, si vous en voulez un. 1 100 $ lui-m\u00eame est beaucoup pour un smartphone, surtout lorsqu&rsquo;il y a tellement d&rsquo;options sur le march\u00e9 qui sont beaucoup moins ch\u00e8res. Apple le sait, bien s\u00fbr. Au cours de l&rsquo;\u00e9v\u00e9nement, la soci\u00e9t\u00e9 a tenu \u00e0 mettre en \u00e9vidence toute la gamme actuelle de l&rsquo;iPhone, qui commence maintenant avec l&rsquo;iPhone 16E \u00e0 599 $. Si tout ce que vous voulez, c&rsquo;est un iPhone qui fait les choses que vous attendez d&rsquo;un iPhone &#8211; prenez des photos, envoyez des iMessages, passez des appels FaceTime &#8211; vous pourriez envisager de regarder l\u00e0-bas. Si vous voulez les avantages professionnels, cependant, cela vous co\u00fbtera au moins presque <em>double <\/em>Cela, et plus que ce \u00e0 quoi vous vous attendiez l&rsquo;ann\u00e9e derni\u00e8re. <\/p>\n<h2 id=\"raising-prices-by-taking-away-choice\">Augmenter les prix en prenant le choix<\/h2>\n<p>Cependant, les looks sont un peu tromp\u00e9s ici. Ce n&rsquo;est pas qu&rsquo;Apple augmente les prix sur les iPhones eux-m\u00eames. Si vous vouliez un iPhone 16 Pro avec 256 Go hier, cela vous aurait \u00e9galement co\u00fbt\u00e9 1 099 $. La m\u00eame logique vaut pour le prix de la version 512 Go, ou le mod\u00e8le 256 Go de l&rsquo;iPhone 16 Pro Max. Ces prix, en ce qui concerne le stockage, correspondent entre iPhone 16 Pro et iPhone 17 Pro Lines. Seules deux choses sont nouvelles ici: l&rsquo;iPhone 17 Pro Max a une option de 2 To et les variantes de 128 Go sont maintenant manquantes.  <\/p>\n<p>C&rsquo;est vraiment le probl\u00e8me \u00e0 port\u00e9e de main: Apple augmente le stockage de base de ses iPhones cette ann\u00e9e, sans ajuster les prix. Ce n&rsquo;est pas une d\u00e9cision sans raison: 128 Go ne dure pas longtemps, surtout sur un iPhone Pro avec trois cam\u00e9ras de 48 MP. Mais maintenant, cette option de 999 $ a disparu. Il pourrait ne pas co\u00fbter plus cher pour obtenir un iPhone Pro 256 Go cette ann\u00e9e que l&rsquo;ann\u00e9e derni\u00e8re, mais il <em>fait<\/em> Co\u00fbt plus cher pour r\u00e9cup\u00e9rer un iPhone professionnel dans l&rsquo;ensemble. 100 $ de plus, pour \u00eatre exact. <\/p>\n<p>Lorsque j&rsquo;ai vu la nouvelle pour la premi\u00e8re fois que l&rsquo;iPhone 17 Pro commence maintenant \u00e0 1 099 $, j&rsquo;ai suppos\u00e9 que les tarifs de l&rsquo;administration Trump \u00e9taient \u00e0 bl\u00e2mer. Apr\u00e8s tout, les tarifs ont d\u00e9j\u00e0 pouss\u00e9 les entreprises \u00e0 augmenter les prix pour compenser l&rsquo;augmentation des droits d&rsquo;importation. Cela ne semblait vraiment qu&rsquo;une question de temps avant qu&rsquo;Apple d\u00e9cide de rendre ses produits plus chers. Cette d\u00e9cision de tarification pourrait toujours tr\u00e8s bien r\u00e9sulter de ces tarifs, car Apple aurait pu gagner l&rsquo;iPhone 17 de 256 Go de 999 $ s&rsquo;il le voulait. Mais les augmentations de prix pourraient certainement \u00eatre pires. En plus de laisser le co\u00fbt des tailles de stockage de la m\u00eame mani\u00e8re, la soci\u00e9t\u00e9 n&rsquo;a pas ajust\u00e9 le prix d&rsquo;autres produits, notamment AirPods Pro 3 (249 $), Apple Watch Series 11 (399 $), Apple Watch SE (249 $), Apple Watch Ultra 3 (799 $) et iPhone 17 (799 $). <\/p>\n<p>Si vous \u00eates quelqu&rsquo;un qui ach\u00e8te toujours un stockage d&rsquo;iPhone suppl\u00e9mentaire, ces prix ne vous phase pas. Mais pour les clients qui s&rsquo;en tiennent aux mod\u00e8les de base des t\u00e9l\u00e9phones Pro d&rsquo;Apple, l&rsquo;iPhone 17 Pro sera plus cher que jamais.  <\/p>\n","protected":false},"excerpt":{"rendered":"<p>Mais ce n&rsquo;est pas vraiment ce que vous pensez. Saviez-vous que vous pouvez personnaliser Google pour filtrer les ordures? Prendre ces \u00e9tapes Pour de meilleurs<\/p>\n","protected":false},"author":1,"featured_media":9944,"comment_status":"","ping_status":"","sticky":false,"template":"","format":"standard","meta":{"footnotes":""},"categories":[13],"tags":[582,1122,652,851,5113,630],"class_list":["post-9943","post","type-post","status-publish","format-standard","has-post-thumbnail","hentry","category-technologie","tag-base","tag-coute","tag-iphone","tag-jamais","tag-modele","tag-pro","generate-columns","tablet-grid-50","mobile-grid-100","grid-parent","grid-33"],"yoast_head":"<!-- This site is optimized with the Yoast SEO plugin v24.0 - https:\/\/yoast.com\/wordpress\/plugins\/seo\/ -->\n<title>Le mod\u00e8le de base iPhone 17 Pro co\u00fbte plus que jamais | Vie Associative<\/title>\n<meta name=\"robots\" content=\"index, follow, max-snippet:-1, max-image-preview:large, max-video-preview:-1\" \/>\n<link rel=\"canonical\" href=\"https:\/\/vieassociative.be\/actualites\/le-modele-de-base-iphone-17-pro-coute-plus-que-jamais\/\" \/>\n<meta property=\"og:locale\" content=\"fr_FR\" \/>\n<meta property=\"og:type\" content=\"article\" \/>\n<meta property=\"og:title\" content=\"Le mod\u00e8le de base iPhone 17 Pro co\u00fbte plus que jamais | Vie Associative\" \/>\n<meta property=\"og:description\" content=\"Mais ce n&rsquo;est pas vraiment ce que vous pensez. Saviez-vous que vous pouvez personnaliser Google pour filtrer les ordures? Prendre ces \u00e9tapes Pour de meilleurs\" \/>\n<meta property=\"og:url\" content=\"https:\/\/vieassociative.be\/actualites\/le-modele-de-base-iphone-17-pro-coute-plus-que-jamais\/\" \/>\n<meta property=\"og:site_name\" content=\"Vie Associative\" \/>\n<meta property=\"article:published_time\" content=\"2025-09-10T07:17:23+00:00\" \/>\n<meta property=\"og:image\" content=\"https:\/\/vieassociative.be\/actualites\/wp-content\/uploads\/2025\/08\/1754414314_422_Les-brins-du-NYT-daujourdhui-indiquent-et-repondent-pour-le.jpg\" \/>\n<meta name=\"author\" content=\"Julien\" \/>\n<meta name=\"twitter:card\" content=\"summary_large_image\" \/>\n<meta name=\"twitter:label1\" content=\"\u00c9crit par\" \/>\n\t<meta name=\"twitter:data1\" content=\"Julien\" \/>\n\t<meta name=\"twitter:label2\" content=\"Dur\u00e9e de lecture est.\" \/>\n\t<meta name=\"twitter:data2\" content=\"4 minutes\" \/>\n<script type=\"application\/ld+json\" class=\"yoast-schema-graph\">{\"@context\":\"https:\/\/schema.org\",\"@graph\":[{\"@type\":\"Article\",\"@id\":\"https:\/\/vieassociative.be\/actualites\/le-modele-de-base-iphone-17-pro-coute-plus-que-jamais\/#article\",\"isPartOf\":{\"@id\":\"https:\/\/vieassociative.be\/actualites\/le-modele-de-base-iphone-17-pro-coute-plus-que-jamais\/\"},\"author\":{\"name\":\"Julien\",\"@id\":\"https:\/\/vieassociative.be\/actualites\/#\/schema\/person\/b87ac4f82f9d4e7b7cec7395b679edc4\"},\"headline\":\"Le mod\u00e8le de base iPhone 17 Pro co\u00fbte plus que jamais\",\"datePublished\":\"2025-09-10T07:17:23+00:00\",\"dateModified\":\"2025-09-10T07:17:23+00:00\",\"mainEntityOfPage\":{\"@id\":\"https:\/\/vieassociative.be\/actualites\/le-modele-de-base-iphone-17-pro-coute-plus-que-jamais\/\"},\"wordCount\":845,\"publisher\":{\"@id\":\"https:\/\/vieassociative.be\/actualites\/#organization\"},\"image\":{\"@id\":\"https:\/\/vieassociative.be\/actualites\/le-modele-de-base-iphone-17-pro-coute-plus-que-jamais\/#primaryimage\"},\"thumbnailUrl\":\"https:\/\/vieassociative.be\/actualites\/wp-content\/uploads\/2025\/09\/Le-modele-de-base-iPhone-17-Pro-coute-plus-que.jpg\",\"keywords\":[\"base\",\"co\u00fbte\",\"iPhone\",\"jamais\",\"mod\u00e8le\",\"Pro\"],\"articleSection\":[\"Technologie\"],\"inLanguage\":\"fr-BE\"},{\"@type\":\"WebPage\",\"@id\":\"https:\/\/vieassociative.be\/actualites\/le-modele-de-base-iphone-17-pro-coute-plus-que-jamais\/\",\"url\":\"https:\/\/vieassociative.be\/actualites\/le-modele-de-base-iphone-17-pro-coute-plus-que-jamais\/\",\"name\":\"Le mod\u00e8le de base iPhone 17 Pro co\u00fbte plus que jamais | Vie Associative\",\"isPartOf\":{\"@id\":\"https:\/\/vieassociative.be\/actualites\/#website\"},\"primaryImageOfPage\":{\"@id\":\"https:\/\/vieassociative.be\/actualites\/le-modele-de-base-iphone-17-pro-coute-plus-que-jamais\/#primaryimage\"},\"image\":{\"@id\":\"https:\/\/vieassociative.be\/actualites\/le-modele-de-base-iphone-17-pro-coute-plus-que-jamais\/#primaryimage\"},\"thumbnailUrl\":\"https:\/\/vieassociative.be\/actualites\/wp-content\/uploads\/2025\/09\/Le-modele-de-base-iPhone-17-Pro-coute-plus-que.jpg\",\"datePublished\":\"2025-09-10T07:17:23+00:00\",\"dateModified\":\"2025-09-10T07:17:23+00:00\",\"breadcrumb\":{\"@id\":\"https:\/\/vieassociative.be\/actualites\/le-modele-de-base-iphone-17-pro-coute-plus-que-jamais\/#breadcrumb\"},\"inLanguage\":\"fr-BE\",\"potentialAction\":[{\"@type\":\"ReadAction\",\"target\":[\"https:\/\/vieassociative.be\/actualites\/le-modele-de-base-iphone-17-pro-coute-plus-que-jamais\/\"]}]},{\"@type\":\"ImageObject\",\"inLanguage\":\"fr-BE\",\"@id\":\"https:\/\/vieassociative.be\/actualites\/le-modele-de-base-iphone-17-pro-coute-plus-que-jamais\/#primaryimage\",\"url\":\"https:\/\/vieassociative.be\/actualites\/wp-content\/uploads\/2025\/09\/Le-modele-de-base-iPhone-17-Pro-coute-plus-que.jpg\",\"contentUrl\":\"https:\/\/vieassociative.be\/actualites\/wp-content\/uploads\/2025\/09\/Le-modele-de-base-iPhone-17-Pro-coute-plus-que.jpg\",\"width\":1200,\"height\":675,\"caption\":\"Le mod\u00e8le de base iPhone 17 Pro co\u00fbte plus que jamais\"},{\"@type\":\"BreadcrumbList\",\"@id\":\"https:\/\/vieassociative.be\/actualites\/le-modele-de-base-iphone-17-pro-coute-plus-que-jamais\/#breadcrumb\",\"itemListElement\":[{\"@type\":\"ListItem\",\"position\":1,\"name\":\"Accueil\",\"item\":\"https:\/\/vieassociative.be\/actualites\/\"},{\"@type\":\"ListItem\",\"position\":2,\"name\":\"Le mod\u00e8le de base iPhone 17 Pro co\u00fbte plus que jamais\"}]},{\"@type\":\"WebSite\",\"@id\":\"https:\/\/vieassociative.be\/actualites\/#website\",\"url\":\"https:\/\/vieassociative.be\/actualites\/\",\"name\":\"Vie Associative\",\"description\":\"\",\"publisher\":{\"@id\":\"https:\/\/vieassociative.be\/actualites\/#organization\"},\"potentialAction\":[{\"@type\":\"SearchAction\",\"target\":{\"@type\":\"EntryPoint\",\"urlTemplate\":\"https:\/\/vieassociative.be\/actualites\/?s={search_term_string}\"},\"query-input\":{\"@type\":\"PropertyValueSpecification\",\"valueRequired\":true,\"valueName\":\"search_term_string\"}}],\"inLanguage\":\"fr-BE\"},{\"@type\":\"Organization\",\"@id\":\"https:\/\/vieassociative.be\/actualites\/#organization\",\"name\":\"Vie Associative\",\"url\":\"https:\/\/vieassociative.be\/actualites\/\",\"logo\":{\"@type\":\"ImageObject\",\"inLanguage\":\"fr-BE\",\"@id\":\"https:\/\/vieassociative.be\/actualites\/#\/schema\/logo\/image\/\",\"url\":\"https:\/\/vieassociative.be\/actualites\/wp-content\/uploads\/2024\/09\/cropped-vieassociative_favicon.ico.png\",\"contentUrl\":\"https:\/\/vieassociative.be\/actualites\/wp-content\/uploads\/2024\/09\/cropped-vieassociative_favicon.ico.png\",\"width\":512,\"height\":512,\"caption\":\"Vie Associative\"},\"image\":{\"@id\":\"https:\/\/vieassociative.be\/actualites\/#\/schema\/logo\/image\/\"}},{\"@type\":\"Person\",\"@id\":\"https:\/\/vieassociative.be\/actualites\/#\/schema\/person\/b87ac4f82f9d4e7b7cec7395b679edc4\",\"name\":\"Julien\",\"image\":{\"@type\":\"ImageObject\",\"inLanguage\":\"fr-BE\",\"@id\":\"https:\/\/vieassociative.be\/actualites\/#\/schema\/person\/image\/\",\"url\":\"https:\/\/vieassociative.be\/actualites\/wp-content\/uploads\/2024\/09\/vie-associative-1-150x150.jpg\",\"contentUrl\":\"https:\/\/vieassociative.be\/actualites\/wp-content\/uploads\/2024\/09\/vie-associative-1-150x150.jpg\",\"caption\":\"Julien\"},\"description\":\"Je suis Julien, r\u00e9dacteur pour Vie Associative. Passionn\u00e9 par le monde associatif depuis plus de 10 ans, j'ai \u00e0 c\u0153ur de partager des histoires inspirantes et de mettre en lumi\u00e8re les initiatives locales. Mon objectif est de sensibiliser et d'encourager l'engagement communautaire \u00e0 travers mes articles.\",\"sameAs\":[\"https:\/\/vieassociative.be\/\"]}]}<\/script>\n<!-- \/ Yoast SEO plugin. -->","yoast_head_json":{"title":"Le mod\u00e8le de base iPhone 17 Pro co\u00fbte plus que jamais | Vie Associative","robots":{"index":"index","follow":"follow","max-snippet":"max-snippet:-1","max-image-preview":"max-image-preview:large","max-video-preview":"max-video-preview:-1"},"canonical":"https:\/\/vieassociative.be\/actualites\/le-modele-de-base-iphone-17-pro-coute-plus-que-jamais\/","og_locale":"fr_FR","og_type":"article","og_title":"Le mod\u00e8le de base iPhone 17 Pro co\u00fbte plus que jamais | Vie Associative","og_description":"Mais ce n&rsquo;est pas vraiment ce que vous pensez. Saviez-vous que vous pouvez personnaliser Google pour filtrer les ordures? Prendre ces \u00e9tapes Pour de meilleurs","og_url":"https:\/\/vieassociative.be\/actualites\/le-modele-de-base-iphone-17-pro-coute-plus-que-jamais\/","og_site_name":"Vie Associative","article_published_time":"2025-09-10T07:17:23+00:00","og_image":[{"url":"https:\/\/vieassociative.be\/actualites\/wp-content\/uploads\/2025\/08\/1754414314_422_Les-brins-du-NYT-daujourdhui-indiquent-et-repondent-pour-le.jpg","type":"","width":"","height":""}],"author":"Julien","twitter_card":"summary_large_image","twitter_misc":{"\u00c9crit par":"Julien","Dur\u00e9e de lecture est.":"4 minutes"},"schema":{"@context":"https:\/\/schema.org","@graph":[{"@type":"Article","@id":"https:\/\/vieassociative.be\/actualites\/le-modele-de-base-iphone-17-pro-coute-plus-que-jamais\/#article","isPartOf":{"@id":"https:\/\/vieassociative.be\/actualites\/le-modele-de-base-iphone-17-pro-coute-plus-que-jamais\/"},"author":{"name":"Julien","@id":"https:\/\/vieassociative.be\/actualites\/#\/schema\/person\/b87ac4f82f9d4e7b7cec7395b679edc4"},"headline":"Le mod\u00e8le de base iPhone 17 Pro co\u00fbte plus que jamais","datePublished":"2025-09-10T07:17:23+00:00","dateModified":"2025-09-10T07:17:23+00:00","mainEntityOfPage":{"@id":"https:\/\/vieassociative.be\/actualites\/le-modele-de-base-iphone-17-pro-coute-plus-que-jamais\/"},"wordCount":845,"publisher":{"@id":"https:\/\/vieassociative.be\/actualites\/#organization"},"image":{"@id":"https:\/\/vieassociative.be\/actualites\/le-modele-de-base-iphone-17-pro-coute-plus-que-jamais\/#primaryimage"},"thumbnailUrl":"https:\/\/vieassociative.be\/actualites\/wp-content\/uploads\/2025\/09\/Le-modele-de-base-iPhone-17-Pro-coute-plus-que.jpg","keywords":["base","co\u00fbte","iPhone","jamais","mod\u00e8le","Pro"],"articleSection":["Technologie"],"inLanguage":"fr-BE"},{"@type":"WebPage","@id":"https:\/\/vieassociative.be\/actualites\/le-modele-de-base-iphone-17-pro-coute-plus-que-jamais\/","url":"https:\/\/vieassociative.be\/actualites\/le-modele-de-base-iphone-17-pro-coute-plus-que-jamais\/","name":"Le mod\u00e8le de base iPhone 17 Pro co\u00fbte plus que jamais | Vie Associative","isPartOf":{"@id":"https:\/\/vieassociative.be\/actualites\/#website"},"primaryImageOfPage":{"@id":"https:\/\/vieassociative.be\/actualites\/le-modele-de-base-iphone-17-pro-coute-plus-que-jamais\/#primaryimage"},"image":{"@id":"https:\/\/vieassociative.be\/actualites\/le-modele-de-base-iphone-17-pro-coute-plus-que-jamais\/#primaryimage"},"thumbnailUrl":"https:\/\/vieassociative.be\/actualites\/wp-content\/uploads\/2025\/09\/Le-modele-de-base-iPhone-17-Pro-coute-plus-que.jpg","datePublished":"2025-09-10T07:17:23+00:00","dateModified":"2025-09-10T07:17:23+00:00","breadcrumb":{"@id":"https:\/\/vieassociative.be\/actualites\/le-modele-de-base-iphone-17-pro-coute-plus-que-jamais\/#breadcrumb"},"inLanguage":"fr-BE","potentialAction":[{"@type":"ReadAction","target":["https:\/\/vieassociative.be\/actualites\/le-modele-de-base-iphone-17-pro-coute-plus-que-jamais\/"]}]},{"@type":"ImageObject","inLanguage":"fr-BE","@id":"https:\/\/vieassociative.be\/actualites\/le-modele-de-base-iphone-17-pro-coute-plus-que-jamais\/#primaryimage","url":"https:\/\/vieassociative.be\/actualites\/wp-content\/uploads\/2025\/09\/Le-modele-de-base-iPhone-17-Pro-coute-plus-que.jpg","contentUrl":"https:\/\/vieassociative.be\/actualites\/wp-content\/uploads\/2025\/09\/Le-modele-de-base-iPhone-17-Pro-coute-plus-que.jpg","width":1200,"height":675,"caption":"Le mod\u00e8le de base iPhone 17 Pro co\u00fbte plus que jamais"},{"@type":"BreadcrumbList","@id":"https:\/\/vieassociative.be\/actualites\/le-modele-de-base-iphone-17-pro-coute-plus-que-jamais\/#breadcrumb","itemListElement":[{"@type":"ListItem","position":1,"name":"Accueil","item":"https:\/\/vieassociative.be\/actualites\/"},{"@type":"ListItem","position":2,"name":"Le mod\u00e8le de base iPhone 17 Pro co\u00fbte plus que jamais"}]},{"@type":"WebSite","@id":"https:\/\/vieassociative.be\/actualites\/#website","url":"https:\/\/vieassociative.be\/actualites\/","name":"Vie Associative","description":"","publisher":{"@id":"https:\/\/vieassociative.be\/actualites\/#organization"},"potentialAction":[{"@type":"SearchAction","target":{"@type":"EntryPoint","urlTemplate":"https:\/\/vieassociative.be\/actualites\/?s={search_term_string}"},"query-input":{"@type":"PropertyValueSpecification","valueRequired":true,"valueName":"search_term_string"}}],"inLanguage":"fr-BE"},{"@type":"Organization","@id":"https:\/\/vieassociative.be\/actualites\/#organization","name":"Vie Associative","url":"https:\/\/vieassociative.be\/actualites\/","logo":{"@type":"ImageObject","inLanguage":"fr-BE","@id":"https:\/\/vieassociative.be\/actualites\/#\/schema\/logo\/image\/","url":"https:\/\/vieassociative.be\/actualites\/wp-content\/uploads\/2024\/09\/cropped-vieassociative_favicon.ico.png","contentUrl":"https:\/\/vieassociative.be\/actualites\/wp-content\/uploads\/2024\/09\/cropped-vieassociative_favicon.ico.png","width":512,"height":512,"caption":"Vie Associative"},"image":{"@id":"https:\/\/vieassociative.be\/actualites\/#\/schema\/logo\/image\/"}},{"@type":"Person","@id":"https:\/\/vieassociative.be\/actualites\/#\/schema\/person\/b87ac4f82f9d4e7b7cec7395b679edc4","name":"Julien","image":{"@type":"ImageObject","inLanguage":"fr-BE","@id":"https:\/\/vieassociative.be\/actualites\/#\/schema\/person\/image\/","url":"https:\/\/vieassociative.be\/actualites\/wp-content\/uploads\/2024\/09\/vie-associative-1-150x150.jpg","contentUrl":"https:\/\/vieassociative.be\/actualites\/wp-content\/uploads\/2024\/09\/vie-associative-1-150x150.jpg","caption":"Julien"},"description":"Je suis Julien, r\u00e9dacteur pour Vie Associative. Passionn\u00e9 par le monde associatif depuis plus de 10 ans, j'ai \u00e0 c\u0153ur de partager des histoires inspirantes et de mettre en lumi\u00e8re les initiatives locales. Mon objectif est de sensibiliser et d'encourager l'engagement communautaire \u00e0 travers mes articles.","sameAs":["https:\/\/vieassociative.be\/"]}]}},"_links":{"self":[{"href":"https:\/\/vieassociative.be\/actualites\/wp-json\/wp\/v2\/posts\/9943"}],"collection":[{"href":"https:\/\/vieassociative.be\/actualites\/wp-json\/wp\/v2\/posts"}],"about":[{"href":"https:\/\/vieassociative.be\/actualites\/wp-json\/wp\/v2\/types\/post"}],"author":[{"embeddable":true,"href":"https:\/\/vieassociative.be\/actualites\/wp-json\/wp\/v2\/users\/1"}],"replies":[{"embeddable":true,"href":"https:\/\/vieassociative.be\/actualites\/wp-json\/wp\/v2\/comments?post=9943"}],"version-history":[{"count":0,"href":"https:\/\/vieassociative.be\/actualites\/wp-json\/wp\/v2\/posts\/9943\/revisions"}],"wp:featuredmedia":[{"embeddable":true,"href":"https:\/\/vieassociative.be\/actualites\/wp-json\/wp\/v2\/media\/9944"}],"wp:attachment":[{"href":"https:\/\/vieassociative.be\/actualites\/wp-json\/wp\/v2\/media?parent=9943"}],"wp:term":[{"taxonomy":"category","embeddable":true,"href":"https:\/\/vieassociative.be\/actualites\/wp-json\/wp\/v2\/categories?post=9943"},{"taxonomy":"post_tag","embeddable":true,"href":"https:\/\/vieassociative.be\/actualites\/wp-json\/wp\/v2\/tags?post=9943"}],"curies":[{"name":"wp","href":"https:\/\/api.w.org\/{rel}","templated":true}]}}