{"id":9939,"date":"2025-09-10T07:22:03","date_gmt":"2025-09-10T05:22:03","guid":{"rendered":"https:\/\/vieassociative.be\/actualites\/liphone-17-pro-et-pro-max-sont-la-avec-de-nouvelles-puces-et-un-zoom-plus-puissant\/"},"modified":"2025-09-10T07:22:03","modified_gmt":"2025-09-10T05:22:03","slug":"liphone-17-pro-et-pro-max-sont-la-avec-de-nouvelles-puces-et-un-zoom-plus-puissant","status":"publish","type":"post","link":"https:\/\/vieassociative.be\/actualites\/liphone-17-pro-et-pro-max-sont-la-avec-de-nouvelles-puces-et-un-zoom-plus-puissant\/","title":{"rendered":"L&rsquo;iPhone 17 Pro et Pro Max sont l\u00e0, avec de nouvelles puces et un zoom plus puissant"},"content":{"rendered":"<div class=\"mt-4 leading-6 md:mb-8\">L&rsquo;iPhone 17 Pro re\u00e7oit une mise \u00e0 niveau it\u00e9rative.<\/div>\n<p><\/p>\n<p>Apple a lanc\u00e9 l&rsquo;iPhone 17 Pro et le 17 Pro Max lors de son \u00e9v\u00e9nement \u00ab\u00a0Awe-Dropping\u00a0\u00bb aujourd&rsquo;hui. Ce sont les deux derniers t\u00e9l\u00e9phones \u00e0 r\u00e9v\u00e9ler lors de la pr\u00e9sentation, et les plus grands changements concernent les cam\u00e9ras et la dur\u00e9e de vie de la batterie. Apple a d\u00e9clar\u00e9 que l&rsquo;iPhone 17 Pro Max a la meilleure dur\u00e9e de vie de la batterie sur un iPhone, et que les deux mod\u00e8les ont des capteurs de 48 m\u00e9gapixels pour les trois cam\u00e9ras arri\u00e8re, ce qui est \u00e9galement un gros coup de pouce. En dehors de cela, la s\u00e9rie iPhone 17 Pro pr\u00e9sente une dissipation de chaleur de la chambre de vapeur am\u00e9lior\u00e9e, ce qui lui permet d&rsquo;offrir des performances \u00e9lev\u00e9es soutenues pendant des p\u00e9riodes plus longues en utilisant la nouvelle puce A19 Pro, a d\u00e9clar\u00e9 Apple. Voici tout ce qui est nouveau dans l&rsquo;iPhone 17 Pro et Pro Max.<\/p>\n<h2 id=\"iphone-17-pro-body-and-display\">IPhone 17 Pro corps et affichage<\/h2>\n<div class=\"eloquent-imagery-image\">\n<div class=\"flex justify-center\">\n                    <img decoding=\"async\" class=\"border border-gray-100\" src=\"https:\/\/vieassociative.be\/actualites\/wp-content\/uploads\/2025\/09\/LiPhone-17-Pro-et-Pro-Max-sont-la-avec-de.jpg\" alt=\"L'affichage de l'iPhone 17 Pro.\" width=\"2000\" height=\"1125\" loading=\"lazy\"  >\n            <\/div>\n<\/p><\/div>\n<p>L&rsquo;arri\u00e8re de la s\u00e9rie iPhone 17 Pro n&rsquo;utilise plus de verre et a plut\u00f4t opt\u00e9 pour un \u00abbouclier en c\u00e9ramique\u00bb. Compar\u00e9 au verre, le bouclier en c\u00e9ramique offre quatre fois plus de r\u00e9sistance aux fissures, du moins selon Apple. L&rsquo;affichage de l&rsquo;iPhone 17 Pro obtient \u00e9galement une couverture avant du bouclier en c\u00e9ramique 2, ce qui, selon Apple, est trois fois plus r\u00e9sistant aux rayures par rapport \u00e0 son pr\u00e9d\u00e9cesseur.<\/p>\n<p>Les deux mod\u00e8les iPhone 17 Pro pr\u00e9sentent l&rsquo;\u00e9cran Super Retina XDR, dans des tailles de 6,3 pouces et 6,9 pouces, respectivement. Avec cela, vous obtenez une promotion jusqu&rsquo;\u00e0 120 Hz, un support d&rsquo;affichage toujours sur et une meilleure anti-refLECTION pour r\u00e9duire l&rsquo;\u00e9blouissement. Il dispose \u00e9galement de 3 000 nits de luminosit\u00e9 ext\u00e9rieure maximale, ce qui devrait faciliter la voir ce qu&rsquo;il y a sur l&rsquo;\u00e9cran de votre iPhone 17 Pro lorsque vous \u00eates dans un endroit avec une lumi\u00e8re du soleil.<\/p>\n<div class=\"mx-auto mb-12 mt-5 w-full max-w-3xl rounded-md border-2 border-gray-100 p-3 shadow-md md:px-7 md:pb-7 md:pt-5\" id=\"related-video\">\n<div class=\"mb-3 flex items-center md:mb-5\">\n        <img decoding=\"async\" class=\"mr-4 mt-0 h-10 w-10 md:mr-5 md:h-12 md:w-12\" src=\"https:\/\/vieassociative.be\/actualites\/wp-content\/uploads\/2025\/08\/1754414314_422_Les-brins-du-NYT-daujourdhui-indiquent-et-repondent-pour-le.jpg\" alt=\"Logo Lifehacker\"><\/p><\/div>\n<div class=\"aspect-video w-full overflow-hidden rounded-md\">\n<div id=\"video-container-01K4S03PRX3NJ0YDH4C3JY2P4R\"><\/div>\n<\/p><\/div>\n<\/div>\n<p>Apple affirme que la s\u00e9rie iPhone 17 Pro dispose d&rsquo;une nouvelle conception monocoque en aluminium, qui offre les \u00ab\u00a0meilleures performances thermiques dans un iPhone\u00a0\u00bb. En tant que personne qui vit dans une ville chaude et humide (Mumbai, Inde), cette partie de l&rsquo;annonce a attir\u00e9 mon attention. Apple dit \u00e9galement qu&rsquo;il a int\u00e9gr\u00e9 les antennes autour du p\u00e9rim\u00e8tre pour de meilleures performances, ce qui signifie que l&rsquo;iPhone 17 Pro devrait d\u00e9penser moins d&rsquo;\u00e9nergie \u00e0 la recherche d&rsquo;un signal de t\u00e9l\u00e9phone portable. Enfin pour le refroidissement, il y a une chambre de vapeur dans ces mod\u00e8les pour am\u00e9liorer la dissipation de la chaleur. Avec ces am\u00e9liorations, Apple a promis que l&rsquo;iPhone 17 Pro et Pro Max peuvent offrir des performances \u00e9lev\u00e9es tout en \u00e9tant \u00e0 l&rsquo;aise.<\/p>\n<h2 id=\"iphone-17-pros-new-a19-pro-chip\">La nouvelle puce A19 Pro de l&rsquo;iPhone 17 Pro<\/h2>\n<div class=\"eloquent-imagery-image\">\n<div class=\"flex justify-center\">\n                    <img decoding=\"async\" class=\"border border-gray-100\" src=\"https:\/\/vieassociative.be\/actualites\/wp-content\/uploads\/2025\/09\/LiPhone-17-Pro-et-Pro-Max-sont-la-avec-de.png\" alt=\"Toutes les nouvelles fonctionnalit\u00e9s de l'iPhone 17 Pro.\" width=\"2000\" height=\"1126\" loading=\"lazy\"  >\n            <\/div>\n<\/p><\/div>\n<p>La s\u00e9rie iPhone 17 Pro est exp\u00e9di\u00e9e avec la nouvelle puce A19 Pro, qui a am\u00e9lior\u00e9 les performances thermiques. Cela devrait avoir un impact positif sur la dur\u00e9e de vie de la batterie, et il semble que la soci\u00e9t\u00e9 ait utilis\u00e9 tous les espaces disponibles pour vous permettre d&rsquo;utiliser l&rsquo;iPhone 17 Pro plus longtemps sans charger. Le d\u00e9placement des cam\u00e9ras vers la barre de cam\u00e9ra saillante (qu&rsquo;Apple appelle un \u00ab\u00a0plateau\u00a0\u00bb) a lib\u00e9r\u00e9 un certain espace pour la batterie, et Apple a m\u00eame d\u00e9clar\u00e9 que dans les mod\u00e8les ESIM uniquement de ce t\u00e9l\u00e9phone, vous obtiendrez deux heures suppl\u00e9mentaires de dur\u00e9e de vie de la batterie suppl\u00e9mentaire gr\u00e2ce \u00e0 une batterie encore plus grande. Les deux mod\u00e8les iPhone 17 Pro facturent de z\u00e9ro \u00e0 50% en 20 minutes, affirme la soci\u00e9t\u00e9.<\/p>\n<p>Quant \u00e0 la puissance, la puce A19 Pro a un CPU \u00e0 six c\u0153urs et un GPU \u00e0 six c\u0153urs. Apple a \u00e9galement construit des acc\u00e9l\u00e9rateurs neuronaux dans chaque noyau de GPU, et il pr\u00e9tend que le GPU travaille avec le nouveau moteur neuronal \u00e0 16 c\u0153urs pour alimenter les mod\u00e8les AI et fournir de meilleurs graphismes pendant les jeux. Le v\u00e9ritable avancement est de le faire sans surchauffer, ce que Apple semble promettre. L&rsquo;iPhone 17 Pro dispose \u00e9galement d&rsquo;une nouvelle puce N1 pour le r\u00e9seautage sans fil, ce qui permet de prendre en charge le Wi-Fi 7 et le Bluetooth 6, ce qui est bon d&rsquo;avoir alors que les accessoires commencent \u00e0 capitaliser sur ces nouveaux protocoles de connectivit\u00e9. Apple dit que la puce N1 am\u00e9liore \u00e9galement la fiabilit\u00e9 de AirDrop et la fonction Hotspot de votre iPhone.<\/p>\n<h2 id=\"iphone-17-pro-cameras\">cam\u00e9ras iPhone 17 Pro<\/h2>\n<div class=\"eloquent-imagery-image\">\n<div class=\"flex justify-center\">\n                    <img decoding=\"async\" class=\"border border-gray-100\" src=\"https:\/\/vieassociative.be\/actualites\/wp-content\/uploads\/2025\/09\/1757481722_135_LiPhone-17-Pro-et-Pro-Max-sont-la-avec-de.jpg\" alt=\"Une photo en gros plan des cam\u00e9ras de l'iPhone 17 Pro.\" width=\"2000\" height=\"1125\" loading=\"lazy\"  >\n            <\/div>\n<\/p><\/div>\n<p>Commen\u00e7ons par la cam\u00e9ra frontale en premier. Il y a un capteur de 18 m\u00e9gapixels am\u00e9lior\u00e9 dans la cam\u00e9ra frontale, qu&rsquo;Apple appelle la cam\u00e9ra en sc\u00e8ne centrale. Il est nomm\u00e9 de cette fa\u00e7on car il prend en charge diff\u00e9rents ratios d&rsquo;aspect, ce qui signifie que vous n&rsquo;avez plus \u00e0 faire pivoter votre iPhone pour prendre des selfies paysagistes. Apple dit \u00e9galement que l&rsquo;iPhone 17 Pro utilise l&rsquo;IA pour \u00e9tendre automatiquement le champ de vision des selfies de groupe, ce qui peut r\u00e9duire le besoin pour la personne avec les armes les plus longues pour prendre ces photos maintenant. \u00c0 l&rsquo;avant de la vid\u00e9o, la cam\u00e9ra centrale peut capturer une vid\u00e9o ultra-stabilis\u00e9e dans HDR 4K, et il vous permet d&rsquo;enregistrer en utilisant les cam\u00e9ras avant et arri\u00e8re simultan\u00e9ment dans un nouveau mode appel\u00e9 double capture. <\/p>\n<p>L&rsquo;iPhone 17 Pro et le 17 Pro Max ont trois cam\u00e9ras arri\u00e8re avec des capteurs de 48 m\u00e9gapixels. Le t\u00e9l\u00e9objectif de 48 m\u00e9gapixels, qui prend maintenant en charge jusqu&rsquo;\u00e0 un zoom optique 8X, qui est bien plus que le 5X qui a exp\u00e9di\u00e9 avec l&rsquo;iPhone 16 Pro. Cela fournira des photos plus claires d&rsquo;objets \u00e0 distance, comme des oiseaux ou d&rsquo;autres animaux qui ne s&rsquo;approchent pas toujours de vous. Il y a aussi un zoom num\u00e9rique 40x, ce qui est bien \u00e0 avoir \u00e0 la pinc\u00e9e, mais commencera \u00e0 croquer votre r\u00e9solution au-del\u00e0 d&rsquo;un certain point. Les deux autres cam\u00e9ras sont la cam\u00e9ra principale et une lentille ultraide. Cela signifie essentiellement que l&rsquo;iPhone 17 Pro peut tirer \u00e0 partir de macro et 0,5x ultrawide \u00e0 8x, ce qui est une gamme impressionnante.<\/p>\n<p>Ces t\u00e9l\u00e9phones ont \u00e9galement mis \u00e0 niveau leurs capacit\u00e9s d&rsquo;enregistrement vid\u00e9o, avec le support pour PROres Raw Capture. Ce format est pris en charge par la cam\u00e9ra coup\u00e9e finale et les applications de cam\u00e9ra Blackmagic pour le moment. La s\u00e9rie iPhone 17 Pro prend \u00e9galement en charge Genlock, qui vous permet de synchroniser avec pr\u00e9cision les vid\u00e9os sur plusieurs cam\u00e9ras et entr\u00e9es. Les vid\u00e9astes professionnels utilisent Genlock pour \u00e9viter de perdre du temps \u00e0 aligner manuellement les images de diff\u00e9rentes sources. Apple dit que Genlock est pris en charge par le nouvel accessoire Blackmagic Camera Camera, qui est vendu s\u00e9par\u00e9ment.<\/p>\n<h2 id=\"iphone-17-pro-price-and-availability\">Prix \u200b\u200bet disponibilit\u00e9 de l&rsquo;iPhone 17 Pro<\/h2>\n<div class=\"eloquent-imagery-image\">\n<div class=\"flex justify-center\">\n                    <img decoding=\"async\" class=\"border border-gray-100\" src=\"https:\/\/vieassociative.be\/actualites\/wp-content\/uploads\/2025\/09\/1757481723_618_LiPhone-17-Pro-et-Pro-Max-sont-la-avec-de.png\" alt=\"La cam\u00e9ra avant centrale avant de l'iPhone 17 Pro.\" width=\"2000\" height=\"1125\" loading=\"lazy\"  >\n            <\/div>\n<\/p><\/div>\n<p>La s\u00e9rie iPhone 17 Pro est disponible en trois couleurs: bleu profond, orange cosmique et argent. Voici le prix de tous les mod\u00e8les iPhone 17 Pro:<\/p>\n<ul>\n<li>\n<p>iPhone 17 Pro 256 Go: 1 099 $<\/p>\n<\/li>\n<li>\n<p>iPhone 17 Pro 512 Go: 1 299 $<\/p>\n<\/li>\n<li>\n<p>iPhone 17 Pro 1TB: 1 499 $<\/p>\n<\/li>\n<li>\n<p>iPhone 17 Pro Max 256 Go: 1 199 $<\/p>\n<\/li>\n<li>\n<p>iPhone 17 Pro Max 512 Go: 1 399 $<\/p>\n<\/li>\n<li>\n<p>iPhone 17 Pro Max 1Tb: 1 59 $<\/p>\n<\/li>\n<li>\n<p>iPhone 17 Pro Max 2TB: 1 999 $<\/p>\n<\/li>\n<\/ul>\n<p>Vous pouvez pr\u00e9commander l&rsquo;iPhone 17 Pro et l&rsquo;iPhone 17 Pro Max \u00e0 partir du vendredi 12 septembre. Les deux t\u00e9l\u00e9phones seront disponibles une semaine plus tard, le 19 septembre. Alors que d&rsquo;autres r\u00e9gions obtiendront un mod\u00e8le avec ESIM et une fente de carte SIM physique (ou uniquement SIM physique dans le cas de la Chine), les mod\u00e8les ESIM uniquement de l&rsquo;iPhone 17 Pro et de l&rsquo;iPhone 17 Pro Max seront disponibles dans les r\u00e9gions suivantes:<\/p>\n<ul>\n<li>\n<p>Bahre\u00efn<\/p>\n<\/li>\n<li>\n<p>Canada<\/p>\n<\/li>\n<li>\n<p>Guam<\/p>\n<\/li>\n<li>\n<p>Japon<\/p>\n<\/li>\n<li>\n<p>Koweit<\/p>\n<\/li>\n<li>\n<p>Mexique<\/p>\n<\/li>\n<li>\n<p>Oman<\/p>\n<\/li>\n<li>\n<p>Qatar<\/p>\n<\/li>\n<li>\n<p>Arabie Saoudite<\/p>\n<\/li>\n<li>\n<p>\u00c9mirats arabes unis<\/p>\n<\/li>\n<li>\n<p>\u00c9tats-Unis<\/p>\n<\/li>\n<li>\n<p>\u00celes Vierges am\u00e9ricaines<\/p>\n<\/li>\n<\/ul>\n<h2 id=\"iphone-17-pro-accessories\">Accessoires iPhone 17 Pro<\/h2>\n<div class=\"eloquent-imagery-image\">\n<div class=\"flex justify-center\">\n                    <img decoding=\"async\" class=\"border border-gray-100\" src=\"https:\/\/vieassociative.be\/actualites\/wp-content\/uploads\/2025\/09\/1757481723_706_LiPhone-17-Pro-et-Pro-Max-sont-la-avec-de.jpg\" alt=\"iPhone 17 Pro dans un bo\u00eetier technologique.\" width=\"2000\" height=\"1125\" loading=\"lazy\"  >\n            <\/div>\n<\/p><\/div>\n<p>Apple a \u00e9galement lanc\u00e9 un tas d&rsquo;accessoires pour la s\u00e9rie iPhone 17 Pro, qui comprend un nouveau cas \u00ab\u00a0Techwoven\u00a0\u00bb. Il s&rsquo;agit du successeur de l&rsquo;affaire fine tr\u00e8s malin\u00e9e, qui a d\u00e9j\u00e0 \u00e9t\u00e9 abandonn\u00e9e. Apple dit que TechSwoven est plus r\u00e9sistant aux rayures et aux taches, mais j&rsquo;attendrai des critiques avant de croire ces affirmations. L&rsquo;affaire Techsoven avec Magsafe co\u00fbtera 59 $.<\/p>\n<p>La soci\u00e9t\u00e9 a \u00e9galement lanc\u00e9 des cas clairs (49 $), des \u00e9tuis en silicone avec Magsafe (49 $) et une sangle \u00e0 bandouli\u00e8re (59 $) pour vous permettre de porter votre iPhone autour de votre cou. La sangle est compatible avec les cas tiss\u00e9s Tech.<\/p>\n<p>Par ailleurs, Apple a \u00e9galement promis un adaptateur \u00e9lectrique dynamique de 40 W avec 60W max pour 39 $, et un chargeur MAGSAFE certifi\u00e9 25W Qi2 pour 39 $ (1 m\u00e8tre) et 49 $ (2 m\u00e8tres).<\/p>\n","protected":false},"excerpt":{"rendered":"<p>L&rsquo;iPhone 17 Pro re\u00e7oit une mise \u00e0 niveau it\u00e9rative. Apple a lanc\u00e9 l&rsquo;iPhone 17 Pro et le 17 Pro Max lors de son \u00e9v\u00e9nement \u00ab\u00a0Awe-Dropping\u00a0\u00bb<\/p>\n","protected":false},"author":1,"featured_media":9940,"comment_status":"","ping_status":"","sticky":false,"template":"","format":"standard","meta":{"footnotes":""},"categories":[13],"tags":[61,1293,2903,16,1215,630,8482,3194,18,8257],"class_list":["post-9939","post","type-post","status-publish","format-standard","has-post-thumbnail","hentry","category-technologie","tag-avec","tag-la","tag-liphone","tag-max","tag-nouvelles","tag-pro","tag-puces","tag-puissant","tag-sont","tag-zoom","generate-columns","tablet-grid-50","mobile-grid-100","grid-parent","grid-33"],"yoast_head":"<!-- This site is optimized with the Yoast SEO plugin v24.0 - https:\/\/yoast.com\/wordpress\/plugins\/seo\/ -->\n<title>L&#039;iPhone 17 Pro et Pro Max sont l\u00e0, avec de nouvelles puces et un zoom plus puissant | Vie Associative<\/title>\n<meta name=\"robots\" content=\"index, follow, max-snippet:-1, max-image-preview:large, max-video-preview:-1\" \/>\n<link rel=\"canonical\" href=\"https:\/\/vieassociative.be\/actualites\/liphone-17-pro-et-pro-max-sont-la-avec-de-nouvelles-puces-et-un-zoom-plus-puissant\/\" \/>\n<meta property=\"og:locale\" content=\"fr_FR\" \/>\n<meta property=\"og:type\" content=\"article\" \/>\n<meta property=\"og:title\" content=\"L&#039;iPhone 17 Pro et Pro Max sont l\u00e0, avec de nouvelles puces et un zoom plus puissant | Vie Associative\" \/>\n<meta property=\"og:description\" content=\"L&rsquo;iPhone 17 Pro re\u00e7oit une mise \u00e0 niveau it\u00e9rative. Apple a lanc\u00e9 l&rsquo;iPhone 17 Pro et le 17 Pro Max lors de son \u00e9v\u00e9nement \u00ab\u00a0Awe-Dropping\u00a0\u00bb\" \/>\n<meta property=\"og:url\" content=\"https:\/\/vieassociative.be\/actualites\/liphone-17-pro-et-pro-max-sont-la-avec-de-nouvelles-puces-et-un-zoom-plus-puissant\/\" \/>\n<meta property=\"og:site_name\" content=\"Vie Associative\" \/>\n<meta property=\"article:published_time\" content=\"2025-09-10T05:22:03+00:00\" \/>\n<meta property=\"og:image\" content=\"https:\/\/vieassociative.be\/actualites\/wp-content\/uploads\/2025\/09\/LiPhone-17-Pro-et-Pro-Max-sont-la-avec-de.jpg\" \/>\n<meta name=\"author\" content=\"Julien\" \/>\n<meta name=\"twitter:card\" content=\"summary_large_image\" \/>\n<meta name=\"twitter:label1\" content=\"\u00c9crit par\" \/>\n\t<meta name=\"twitter:data1\" content=\"Julien\" \/>\n\t<meta name=\"twitter:label2\" content=\"Dur\u00e9e de lecture est.\" \/>\n\t<meta name=\"twitter:data2\" content=\"7 minutes\" \/>\n<script type=\"application\/ld+json\" class=\"yoast-schema-graph\">{\"@context\":\"https:\/\/schema.org\",\"@graph\":[{\"@type\":\"Article\",\"@id\":\"https:\/\/vieassociative.be\/actualites\/liphone-17-pro-et-pro-max-sont-la-avec-de-nouvelles-puces-et-un-zoom-plus-puissant\/#article\",\"isPartOf\":{\"@id\":\"https:\/\/vieassociative.be\/actualites\/liphone-17-pro-et-pro-max-sont-la-avec-de-nouvelles-puces-et-un-zoom-plus-puissant\/\"},\"author\":{\"name\":\"Julien\",\"@id\":\"https:\/\/vieassociative.be\/actualites\/#\/schema\/person\/b87ac4f82f9d4e7b7cec7395b679edc4\"},\"headline\":\"L&rsquo;iPhone 17 Pro et Pro Max sont l\u00e0, avec de nouvelles puces et un zoom plus puissant\",\"datePublished\":\"2025-09-10T05:22:03+00:00\",\"dateModified\":\"2025-09-10T05:22:03+00:00\",\"mainEntityOfPage\":{\"@id\":\"https:\/\/vieassociative.be\/actualites\/liphone-17-pro-et-pro-max-sont-la-avec-de-nouvelles-puces-et-un-zoom-plus-puissant\/\"},\"wordCount\":1510,\"publisher\":{\"@id\":\"https:\/\/vieassociative.be\/actualites\/#organization\"},\"image\":{\"@id\":\"https:\/\/vieassociative.be\/actualites\/liphone-17-pro-et-pro-max-sont-la-avec-de-nouvelles-puces-et-un-zoom-plus-puissant\/#primaryimage\"},\"thumbnailUrl\":\"https:\/\/vieassociative.be\/actualites\/wp-content\/uploads\/2025\/09\/1757481724_LiPhone-17-Pro-et-Pro-Max-sont-la-avec-de.jpg\",\"keywords\":[\"avec\",\"l\u00e0\",\"liPhone\",\"Max\",\"nouvelles\",\"Pro\",\"puces\",\"puissant\",\"sont\",\"Zoom\"],\"articleSection\":[\"Technologie\"],\"inLanguage\":\"fr-BE\"},{\"@type\":\"WebPage\",\"@id\":\"https:\/\/vieassociative.be\/actualites\/liphone-17-pro-et-pro-max-sont-la-avec-de-nouvelles-puces-et-un-zoom-plus-puissant\/\",\"url\":\"https:\/\/vieassociative.be\/actualites\/liphone-17-pro-et-pro-max-sont-la-avec-de-nouvelles-puces-et-un-zoom-plus-puissant\/\",\"name\":\"L'iPhone 17 Pro et Pro Max sont l\u00e0, avec de nouvelles puces et un zoom plus puissant | Vie Associative\",\"isPartOf\":{\"@id\":\"https:\/\/vieassociative.be\/actualites\/#website\"},\"primaryImageOfPage\":{\"@id\":\"https:\/\/vieassociative.be\/actualites\/liphone-17-pro-et-pro-max-sont-la-avec-de-nouvelles-puces-et-un-zoom-plus-puissant\/#primaryimage\"},\"image\":{\"@id\":\"https:\/\/vieassociative.be\/actualites\/liphone-17-pro-et-pro-max-sont-la-avec-de-nouvelles-puces-et-un-zoom-plus-puissant\/#primaryimage\"},\"thumbnailUrl\":\"https:\/\/vieassociative.be\/actualites\/wp-content\/uploads\/2025\/09\/1757481724_LiPhone-17-Pro-et-Pro-Max-sont-la-avec-de.jpg\",\"datePublished\":\"2025-09-10T05:22:03+00:00\",\"dateModified\":\"2025-09-10T05:22:03+00:00\",\"breadcrumb\":{\"@id\":\"https:\/\/vieassociative.be\/actualites\/liphone-17-pro-et-pro-max-sont-la-avec-de-nouvelles-puces-et-un-zoom-plus-puissant\/#breadcrumb\"},\"inLanguage\":\"fr-BE\",\"potentialAction\":[{\"@type\":\"ReadAction\",\"target\":[\"https:\/\/vieassociative.be\/actualites\/liphone-17-pro-et-pro-max-sont-la-avec-de-nouvelles-puces-et-un-zoom-plus-puissant\/\"]}]},{\"@type\":\"ImageObject\",\"inLanguage\":\"fr-BE\",\"@id\":\"https:\/\/vieassociative.be\/actualites\/liphone-17-pro-et-pro-max-sont-la-avec-de-nouvelles-puces-et-un-zoom-plus-puissant\/#primaryimage\",\"url\":\"https:\/\/vieassociative.be\/actualites\/wp-content\/uploads\/2025\/09\/1757481724_LiPhone-17-Pro-et-Pro-Max-sont-la-avec-de.jpg\",\"contentUrl\":\"https:\/\/vieassociative.be\/actualites\/wp-content\/uploads\/2025\/09\/1757481724_LiPhone-17-Pro-et-Pro-Max-sont-la-avec-de.jpg\",\"width\":1200,\"height\":675,\"caption\":\"L'iPhone 17 Pro et Pro Max sont l\u00e0, avec de nouvelles puces et un zoom plus puissant\"},{\"@type\":\"BreadcrumbList\",\"@id\":\"https:\/\/vieassociative.be\/actualites\/liphone-17-pro-et-pro-max-sont-la-avec-de-nouvelles-puces-et-un-zoom-plus-puissant\/#breadcrumb\",\"itemListElement\":[{\"@type\":\"ListItem\",\"position\":1,\"name\":\"Accueil\",\"item\":\"https:\/\/vieassociative.be\/actualites\/\"},{\"@type\":\"ListItem\",\"position\":2,\"name\":\"L&rsquo;iPhone 17 Pro et Pro Max sont l\u00e0, avec de nouvelles puces et un zoom plus puissant\"}]},{\"@type\":\"WebSite\",\"@id\":\"https:\/\/vieassociative.be\/actualites\/#website\",\"url\":\"https:\/\/vieassociative.be\/actualites\/\",\"name\":\"Vie Associative\",\"description\":\"\",\"publisher\":{\"@id\":\"https:\/\/vieassociative.be\/actualites\/#organization\"},\"potentialAction\":[{\"@type\":\"SearchAction\",\"target\":{\"@type\":\"EntryPoint\",\"urlTemplate\":\"https:\/\/vieassociative.be\/actualites\/?s={search_term_string}\"},\"query-input\":{\"@type\":\"PropertyValueSpecification\",\"valueRequired\":true,\"valueName\":\"search_term_string\"}}],\"inLanguage\":\"fr-BE\"},{\"@type\":\"Organization\",\"@id\":\"https:\/\/vieassociative.be\/actualites\/#organization\",\"name\":\"Vie Associative\",\"url\":\"https:\/\/vieassociative.be\/actualites\/\",\"logo\":{\"@type\":\"ImageObject\",\"inLanguage\":\"fr-BE\",\"@id\":\"https:\/\/vieassociative.be\/actualites\/#\/schema\/logo\/image\/\",\"url\":\"https:\/\/vieassociative.be\/actualites\/wp-content\/uploads\/2024\/09\/cropped-vieassociative_favicon.ico.png\",\"contentUrl\":\"https:\/\/vieassociative.be\/actualites\/wp-content\/uploads\/2024\/09\/cropped-vieassociative_favicon.ico.png\",\"width\":512,\"height\":512,\"caption\":\"Vie Associative\"},\"image\":{\"@id\":\"https:\/\/vieassociative.be\/actualites\/#\/schema\/logo\/image\/\"}},{\"@type\":\"Person\",\"@id\":\"https:\/\/vieassociative.be\/actualites\/#\/schema\/person\/b87ac4f82f9d4e7b7cec7395b679edc4\",\"name\":\"Julien\",\"image\":{\"@type\":\"ImageObject\",\"inLanguage\":\"fr-BE\",\"@id\":\"https:\/\/vieassociative.be\/actualites\/#\/schema\/person\/image\/\",\"url\":\"https:\/\/vieassociative.be\/actualites\/wp-content\/uploads\/2024\/09\/vie-associative-1-150x150.jpg\",\"contentUrl\":\"https:\/\/vieassociative.be\/actualites\/wp-content\/uploads\/2024\/09\/vie-associative-1-150x150.jpg\",\"caption\":\"Julien\"},\"description\":\"Je suis Julien, r\u00e9dacteur pour Vie Associative. Passionn\u00e9 par le monde associatif depuis plus de 10 ans, j'ai \u00e0 c\u0153ur de partager des histoires inspirantes et de mettre en lumi\u00e8re les initiatives locales. Mon objectif est de sensibiliser et d'encourager l'engagement communautaire \u00e0 travers mes articles.\",\"sameAs\":[\"https:\/\/vieassociative.be\/\"]}]}<\/script>\n<!-- \/ Yoast SEO plugin. -->","yoast_head_json":{"title":"L'iPhone 17 Pro et Pro Max sont l\u00e0, avec de nouvelles puces et un zoom plus puissant | Vie Associative","robots":{"index":"index","follow":"follow","max-snippet":"max-snippet:-1","max-image-preview":"max-image-preview:large","max-video-preview":"max-video-preview:-1"},"canonical":"https:\/\/vieassociative.be\/actualites\/liphone-17-pro-et-pro-max-sont-la-avec-de-nouvelles-puces-et-un-zoom-plus-puissant\/","og_locale":"fr_FR","og_type":"article","og_title":"L'iPhone 17 Pro et Pro Max sont l\u00e0, avec de nouvelles puces et un zoom plus puissant | Vie Associative","og_description":"L&rsquo;iPhone 17 Pro re\u00e7oit une mise \u00e0 niveau it\u00e9rative. Apple a lanc\u00e9 l&rsquo;iPhone 17 Pro et le 17 Pro Max lors de son \u00e9v\u00e9nement \u00ab\u00a0Awe-Dropping\u00a0\u00bb","og_url":"https:\/\/vieassociative.be\/actualites\/liphone-17-pro-et-pro-max-sont-la-avec-de-nouvelles-puces-et-un-zoom-plus-puissant\/","og_site_name":"Vie Associative","article_published_time":"2025-09-10T05:22:03+00:00","og_image":[{"url":"https:\/\/vieassociative.be\/actualites\/wp-content\/uploads\/2025\/09\/LiPhone-17-Pro-et-Pro-Max-sont-la-avec-de.jpg","type":"","width":"","height":""}],"author":"Julien","twitter_card":"summary_large_image","twitter_misc":{"\u00c9crit par":"Julien","Dur\u00e9e de lecture est.":"7 minutes"},"schema":{"@context":"https:\/\/schema.org","@graph":[{"@type":"Article","@id":"https:\/\/vieassociative.be\/actualites\/liphone-17-pro-et-pro-max-sont-la-avec-de-nouvelles-puces-et-un-zoom-plus-puissant\/#article","isPartOf":{"@id":"https:\/\/vieassociative.be\/actualites\/liphone-17-pro-et-pro-max-sont-la-avec-de-nouvelles-puces-et-un-zoom-plus-puissant\/"},"author":{"name":"Julien","@id":"https:\/\/vieassociative.be\/actualites\/#\/schema\/person\/b87ac4f82f9d4e7b7cec7395b679edc4"},"headline":"L&rsquo;iPhone 17 Pro et Pro Max sont l\u00e0, avec de nouvelles puces et un zoom plus puissant","datePublished":"2025-09-10T05:22:03+00:00","dateModified":"2025-09-10T05:22:03+00:00","mainEntityOfPage":{"@id":"https:\/\/vieassociative.be\/actualites\/liphone-17-pro-et-pro-max-sont-la-avec-de-nouvelles-puces-et-un-zoom-plus-puissant\/"},"wordCount":1510,"publisher":{"@id":"https:\/\/vieassociative.be\/actualites\/#organization"},"image":{"@id":"https:\/\/vieassociative.be\/actualites\/liphone-17-pro-et-pro-max-sont-la-avec-de-nouvelles-puces-et-un-zoom-plus-puissant\/#primaryimage"},"thumbnailUrl":"https:\/\/vieassociative.be\/actualites\/wp-content\/uploads\/2025\/09\/1757481724_LiPhone-17-Pro-et-Pro-Max-sont-la-avec-de.jpg","keywords":["avec","l\u00e0","liPhone","Max","nouvelles","Pro","puces","puissant","sont","Zoom"],"articleSection":["Technologie"],"inLanguage":"fr-BE"},{"@type":"WebPage","@id":"https:\/\/vieassociative.be\/actualites\/liphone-17-pro-et-pro-max-sont-la-avec-de-nouvelles-puces-et-un-zoom-plus-puissant\/","url":"https:\/\/vieassociative.be\/actualites\/liphone-17-pro-et-pro-max-sont-la-avec-de-nouvelles-puces-et-un-zoom-plus-puissant\/","name":"L'iPhone 17 Pro et Pro Max sont l\u00e0, avec de nouvelles puces et un zoom plus puissant | Vie Associative","isPartOf":{"@id":"https:\/\/vieassociative.be\/actualites\/#website"},"primaryImageOfPage":{"@id":"https:\/\/vieassociative.be\/actualites\/liphone-17-pro-et-pro-max-sont-la-avec-de-nouvelles-puces-et-un-zoom-plus-puissant\/#primaryimage"},"image":{"@id":"https:\/\/vieassociative.be\/actualites\/liphone-17-pro-et-pro-max-sont-la-avec-de-nouvelles-puces-et-un-zoom-plus-puissant\/#primaryimage"},"thumbnailUrl":"https:\/\/vieassociative.be\/actualites\/wp-content\/uploads\/2025\/09\/1757481724_LiPhone-17-Pro-et-Pro-Max-sont-la-avec-de.jpg","datePublished":"2025-09-10T05:22:03+00:00","dateModified":"2025-09-10T05:22:03+00:00","breadcrumb":{"@id":"https:\/\/vieassociative.be\/actualites\/liphone-17-pro-et-pro-max-sont-la-avec-de-nouvelles-puces-et-un-zoom-plus-puissant\/#breadcrumb"},"inLanguage":"fr-BE","potentialAction":[{"@type":"ReadAction","target":["https:\/\/vieassociative.be\/actualites\/liphone-17-pro-et-pro-max-sont-la-avec-de-nouvelles-puces-et-un-zoom-plus-puissant\/"]}]},{"@type":"ImageObject","inLanguage":"fr-BE","@id":"https:\/\/vieassociative.be\/actualites\/liphone-17-pro-et-pro-max-sont-la-avec-de-nouvelles-puces-et-un-zoom-plus-puissant\/#primaryimage","url":"https:\/\/vieassociative.be\/actualites\/wp-content\/uploads\/2025\/09\/1757481724_LiPhone-17-Pro-et-Pro-Max-sont-la-avec-de.jpg","contentUrl":"https:\/\/vieassociative.be\/actualites\/wp-content\/uploads\/2025\/09\/1757481724_LiPhone-17-Pro-et-Pro-Max-sont-la-avec-de.jpg","width":1200,"height":675,"caption":"L'iPhone 17 Pro et Pro Max sont l\u00e0, avec de nouvelles puces et un zoom plus puissant"},{"@type":"BreadcrumbList","@id":"https:\/\/vieassociative.be\/actualites\/liphone-17-pro-et-pro-max-sont-la-avec-de-nouvelles-puces-et-un-zoom-plus-puissant\/#breadcrumb","itemListElement":[{"@type":"ListItem","position":1,"name":"Accueil","item":"https:\/\/vieassociative.be\/actualites\/"},{"@type":"ListItem","position":2,"name":"L&rsquo;iPhone 17 Pro et Pro Max sont l\u00e0, avec de nouvelles puces et un zoom plus puissant"}]},{"@type":"WebSite","@id":"https:\/\/vieassociative.be\/actualites\/#website","url":"https:\/\/vieassociative.be\/actualites\/","name":"Vie Associative","description":"","publisher":{"@id":"https:\/\/vieassociative.be\/actualites\/#organization"},"potentialAction":[{"@type":"SearchAction","target":{"@type":"EntryPoint","urlTemplate":"https:\/\/vieassociative.be\/actualites\/?s={search_term_string}"},"query-input":{"@type":"PropertyValueSpecification","valueRequired":true,"valueName":"search_term_string"}}],"inLanguage":"fr-BE"},{"@type":"Organization","@id":"https:\/\/vieassociative.be\/actualites\/#organization","name":"Vie Associative","url":"https:\/\/vieassociative.be\/actualites\/","logo":{"@type":"ImageObject","inLanguage":"fr-BE","@id":"https:\/\/vieassociative.be\/actualites\/#\/schema\/logo\/image\/","url":"https:\/\/vieassociative.be\/actualites\/wp-content\/uploads\/2024\/09\/cropped-vieassociative_favicon.ico.png","contentUrl":"https:\/\/vieassociative.be\/actualites\/wp-content\/uploads\/2024\/09\/cropped-vieassociative_favicon.ico.png","width":512,"height":512,"caption":"Vie Associative"},"image":{"@id":"https:\/\/vieassociative.be\/actualites\/#\/schema\/logo\/image\/"}},{"@type":"Person","@id":"https:\/\/vieassociative.be\/actualites\/#\/schema\/person\/b87ac4f82f9d4e7b7cec7395b679edc4","name":"Julien","image":{"@type":"ImageObject","inLanguage":"fr-BE","@id":"https:\/\/vieassociative.be\/actualites\/#\/schema\/person\/image\/","url":"https:\/\/vieassociative.be\/actualites\/wp-content\/uploads\/2024\/09\/vie-associative-1-150x150.jpg","contentUrl":"https:\/\/vieassociative.be\/actualites\/wp-content\/uploads\/2024\/09\/vie-associative-1-150x150.jpg","caption":"Julien"},"description":"Je suis Julien, r\u00e9dacteur pour Vie Associative. Passionn\u00e9 par le monde associatif depuis plus de 10 ans, j'ai \u00e0 c\u0153ur de partager des histoires inspirantes et de mettre en lumi\u00e8re les initiatives locales. Mon objectif est de sensibiliser et d'encourager l'engagement communautaire \u00e0 travers mes articles.","sameAs":["https:\/\/vieassociative.be\/"]}]}},"_links":{"self":[{"href":"https:\/\/vieassociative.be\/actualites\/wp-json\/wp\/v2\/posts\/9939"}],"collection":[{"href":"https:\/\/vieassociative.be\/actualites\/wp-json\/wp\/v2\/posts"}],"about":[{"href":"https:\/\/vieassociative.be\/actualites\/wp-json\/wp\/v2\/types\/post"}],"author":[{"embeddable":true,"href":"https:\/\/vieassociative.be\/actualites\/wp-json\/wp\/v2\/users\/1"}],"replies":[{"embeddable":true,"href":"https:\/\/vieassociative.be\/actualites\/wp-json\/wp\/v2\/comments?post=9939"}],"version-history":[{"count":0,"href":"https:\/\/vieassociative.be\/actualites\/wp-json\/wp\/v2\/posts\/9939\/revisions"}],"wp:featuredmedia":[{"embeddable":true,"href":"https:\/\/vieassociative.be\/actualites\/wp-json\/wp\/v2\/media\/9940"}],"wp:attachment":[{"href":"https:\/\/vieassociative.be\/actualites\/wp-json\/wp\/v2\/media?parent=9939"}],"wp:term":[{"taxonomy":"category","embeddable":true,"href":"https:\/\/vieassociative.be\/actualites\/wp-json\/wp\/v2\/categories?post=9939"},{"taxonomy":"post_tag","embeddable":true,"href":"https:\/\/vieassociative.be\/actualites\/wp-json\/wp\/v2\/tags?post=9939"}],"curies":[{"name":"wp","href":"https:\/\/api.w.org\/{rel}","templated":true}]}}