{"id":9937,"date":"2025-09-10T04:18:26","date_gmt":"2025-09-10T02:18:26","guid":{"rendered":"https:\/\/vieassociative.be\/actualites\/high-health-council-recommande-la-vaccination-contre-les-infections-respiratoires-saisonnieres-grippe-et-covid-19\/"},"modified":"2025-09-10T04:18:26","modified_gmt":"2025-09-10T02:18:26","slug":"high-health-council-recommande-la-vaccination-contre-les-infections-respiratoires-saisonnieres-grippe-et-covid-19","status":"publish","type":"post","link":"https:\/\/vieassociative.be\/actualites\/high-health-council-recommande-la-vaccination-contre-les-infections-respiratoires-saisonnieres-grippe-et-covid-19\/","title":{"rendered":"High Health Council recommande la vaccination contre les infections respiratoires saisonni\u00e8res grippe et Covid-19"},"content":{"rendered":"<p><strong>Les mois froids approchent des infections respiratoires saisonni\u00e8res telles que la grippe ou le Covid-19. En automne, le temps est de renforcer le syst\u00e8me immunitaire avec une vaccination correspondante. Par cons\u00e9quent, le High Health Council recommande maintenant de recevoir la grippe et la vaccination Covid-19 contre les infections respiratoires saisonni\u00e8res.<\/strong><\/p>\n<p><span id=\"more-424154\"><\/span><strong>Qui devrait \u00eatre vaccin\u00e9?<\/strong><\/p>\n<p>Une vaccination est recommand\u00e9e pour les personnes suivantes:<\/p>\n<ul>\n<li>Les gens de 65 ans<\/li>\n<li>Les personnes avec un syst\u00e8me immunitaire affaibli<\/li>\n<li>R\u00e9sidents des centres r\u00e9sidentiels et de soins<\/li>\n<li>Femmes enceintes (apr\u00e8s consultation avec votre gyn\u00e9cologue)<\/li>\n<li>Personnes souffrant de poumons, de foie cardiaque, de reins, de maladies pr\u00e9c\u00e9dentes m\u00e9taboliques ou neuromusculaires<\/li>\n<li>Surpoids (IMC \u2265 40)<\/li>\n<li>Employ\u00e9s du secteur de la sant\u00e9<\/li>\n<li>Les gens qui vivent avec les gens particuli\u00e8rement en voie de disparition.<\/li>\n<\/ul>\n<p><strong>O\u00f9 pouvez-vous \u00eatre vaccin\u00e9?<\/strong><\/p>\n<div id=\"attachment_345120\" class=\"wp-caption alignleft\" style=\"max-width: 159px\"><img decoding=\"async\" class=\"wp-image-345120 size-thumbnail\" src=\"https:\/\/vieassociative.be\/actualites\/wp-content\/uploads\/2025\/09\/High-Health-Council-recommande-la-vaccination-contre-les-infections-respiratoires.jpeg\" alt=\"\" width=\"159\" height=\"159\"><\/div>\n<p>En plus de l&rsquo;opportunit\u00e9 d&rsquo;\u00eatre vaccin\u00e9e par son m\u00e9decin, ainsi que l&rsquo;ann\u00e9e derni\u00e8re, il est toujours possible d&rsquo;\u00eatre vaccin\u00e9 dans la pharmacie. Une date de vaccination peut \u00eatre convenu par t\u00e9l\u00e9phone. De plus, les personnes atteintes de mobilit\u00e9 r\u00e9duite peuvent \u00eatre vaccin\u00e9es par leur m\u00e9decin de famille, leur m\u00e9decin de famille ou une infirmi\u00e8re. Les gens qui vivent dans un centre r\u00e9sidentiel et de soins peuvent y \u00eatre vaccin\u00e9s.<\/p>\n<p><strong>Quelles pharmacies vaccin\u00e9es?<\/strong><\/p>\n<ul>\n<li>Pharmacie Reul, Aachener Str. 42 4700 Eupen, 087 742 944<\/li>\n<li>Pharmacie Mertens, Gospertsstra\u00dfe 85 4700 Eupen, 087 742 466<\/li>\n<li>Vpharma Eupen, Rotenbergplatz 1 4700 Eupen, 087 553 271<\/li>\n<li>Vpharma Kettenis, Aachener Str. 258 4700 Eupen, 087 554 179<\/li>\n<li>Pharmacie Bourdouxhe (uniquement Covid-19), Kirchstra\u00dfe 12 4720 Kelmis, 087 631 026<\/li>\n<li>Pharmacie Schunck, Bergstra\u00dfe 59, 4700 Eupen, 087 742 054<\/li>\n<li>Hardy Pharmacy, Engelbr\u00fccke 6 4770 Amel, 080 349 335<\/li>\n<li>Pharmacie Heck, Hauptstra\u00dfe 24, 4760 B\u00fcllingen, 080 647 552<\/li>\n<li>Eifeler Apotheke, Manderfeld 186 4760 B\u00fcllingen, 080 548 605<\/li>\n<li>Pharmacie Veghen, Aachener Str. 3 4780 St. Vith, 080 228 367<\/li>\n<li>Pharmacie Lentz, Haupttra\u00dfe 86 4780 St. Vith, 080 228 189<\/li>\n<\/ul>\n<p>Les pharmacies suivantes se vaccinaient exclusivement contre la grippe:<\/p>\n<ul>\n<li>Vpharma Lambertz, Haupttra\u00dfe 71, 4730 Raeren, 087 851 286<\/li>\n<li>Pharmacie Van den Bosssche, Hofstra\u00dfe 64, 4790 Oudler, 080 329 640<\/li>\n<li>Rathaus Pharmacy Lorent, Haupttra\u00dfe 27, 4780 St. Vith, 080 228 187<\/li>\n<\/ul>\n<p>La DG finance le vaccin contre Covid-19. Il est libre pour les citoyens. Plus d&rsquo;informations peuvent \u00eatre trouv\u00e9es \u00e0 <u>www.ostbelgienlive.be\/herbst<\/u><\/p>\n","protected":false},"excerpt":{"rendered":"<p>Les mois froids approchent des infections respiratoires saisonni\u00e8res telles que la grippe ou le Covid-19. En automne, le temps est de renforcer le syst\u00e8me immunitaire<\/p>\n","protected":false},"author":1,"featured_media":9938,"comment_status":"","ping_status":"","sticky":false,"template":"","format":"standard","meta":{"footnotes":""},"categories":[298],"tags":[796,8477,8481,758,5441,7807,1953,14,3728,8479,8480,8478],"class_list":["post-9937","post","type-post","status-publish","format-standard","has-post-thumbnail","hentry","category-belgique","tag-contre","tag-council","tag-covid19","tag-grippe","tag-health","tag-high","tag-infections","tag-les","tag-recommande","tag-respiratoires","tag-saisonnieres","tag-vaccination","generate-columns","tablet-grid-50","mobile-grid-100","grid-parent","grid-33"],"yoast_head":"<!-- This site is optimized with the Yoast SEO plugin v24.0 - https:\/\/yoast.com\/wordpress\/plugins\/seo\/ -->\n<title>High Health Council recommande la vaccination contre les infections respiratoires saisonni\u00e8res grippe et Covid-19 | Vie Associative<\/title>\n<meta name=\"robots\" content=\"index, follow, max-snippet:-1, max-image-preview:large, max-video-preview:-1\" \/>\n<link rel=\"canonical\" href=\"https:\/\/vieassociative.be\/actualites\/high-health-council-recommande-la-vaccination-contre-les-infections-respiratoires-saisonnieres-grippe-et-covid-19\/\" \/>\n<meta property=\"og:locale\" content=\"fr_FR\" \/>\n<meta property=\"og:type\" content=\"article\" \/>\n<meta property=\"og:title\" content=\"High Health Council recommande la vaccination contre les infections respiratoires saisonni\u00e8res grippe et Covid-19 | Vie Associative\" \/>\n<meta property=\"og:description\" content=\"Les mois froids approchent des infections respiratoires saisonni\u00e8res telles que la grippe ou le Covid-19. En automne, le temps est de renforcer le syst\u00e8me immunitaire\" \/>\n<meta property=\"og:url\" content=\"https:\/\/vieassociative.be\/actualites\/high-health-council-recommande-la-vaccination-contre-les-infections-respiratoires-saisonnieres-grippe-et-covid-19\/\" \/>\n<meta property=\"og:site_name\" content=\"Vie Associative\" \/>\n<meta property=\"article:published_time\" content=\"2025-09-10T02:18:26+00:00\" \/>\n<meta property=\"og:image\" content=\"https:\/\/vieassociative.be\/actualites\/wp-content\/uploads\/2024\/09\/header_backgroundk-01-e1726694325946.png\" \/>\n\t<meta property=\"og:image:width\" content=\"279\" \/>\n\t<meta property=\"og:image:height\" content=\"92\" \/>\n\t<meta property=\"og:image:type\" content=\"image\/png\" \/>\n<meta name=\"author\" content=\"Julien\" \/>\n<meta name=\"twitter:card\" content=\"summary_large_image\" \/>\n<meta name=\"twitter:label1\" content=\"\u00c9crit par\" \/>\n\t<meta name=\"twitter:data1\" content=\"Julien\" \/>\n\t<meta name=\"twitter:label2\" content=\"Dur\u00e9e de lecture est.\" \/>\n\t<meta name=\"twitter:data2\" content=\"2 minutes\" \/>\n<script type=\"application\/ld+json\" class=\"yoast-schema-graph\">{\"@context\":\"https:\/\/schema.org\",\"@graph\":[{\"@type\":\"Article\",\"@id\":\"https:\/\/vieassociative.be\/actualites\/high-health-council-recommande-la-vaccination-contre-les-infections-respiratoires-saisonnieres-grippe-et-covid-19\/#article\",\"isPartOf\":{\"@id\":\"https:\/\/vieassociative.be\/actualites\/high-health-council-recommande-la-vaccination-contre-les-infections-respiratoires-saisonnieres-grippe-et-covid-19\/\"},\"author\":{\"name\":\"Julien\",\"@id\":\"https:\/\/vieassociative.be\/actualites\/#\/schema\/person\/b87ac4f82f9d4e7b7cec7395b679edc4\"},\"headline\":\"High Health Council recommande la vaccination contre les infections respiratoires saisonni\u00e8res grippe et Covid-19\",\"datePublished\":\"2025-09-10T02:18:26+00:00\",\"dateModified\":\"2025-09-10T02:18:26+00:00\",\"mainEntityOfPage\":{\"@id\":\"https:\/\/vieassociative.be\/actualites\/high-health-council-recommande-la-vaccination-contre-les-infections-respiratoires-saisonnieres-grippe-et-covid-19\/\"},\"wordCount\":357,\"publisher\":{\"@id\":\"https:\/\/vieassociative.be\/actualites\/#organization\"},\"image\":{\"@id\":\"https:\/\/vieassociative.be\/actualites\/high-health-council-recommande-la-vaccination-contre-les-infections-respiratoires-saisonnieres-grippe-et-covid-19\/#primaryimage\"},\"thumbnailUrl\":\"https:\/\/vieassociative.be\/actualites\/wp-content\/uploads\/2025\/09\/1757470706_High-Health-Council-recommande-la-vaccination-contre-les-infections-respiratoires.jpeg\",\"keywords\":[\"contre\",\"Council\",\"Covid19\",\"grippe\",\"Health\",\"High\",\"infections\",\"Les\",\"recommande\",\"respiratoires\",\"saisonni\u00e8res\",\"vaccination\"],\"articleSection\":[\"Belgique\"],\"inLanguage\":\"fr-BE\"},{\"@type\":\"WebPage\",\"@id\":\"https:\/\/vieassociative.be\/actualites\/high-health-council-recommande-la-vaccination-contre-les-infections-respiratoires-saisonnieres-grippe-et-covid-19\/\",\"url\":\"https:\/\/vieassociative.be\/actualites\/high-health-council-recommande-la-vaccination-contre-les-infections-respiratoires-saisonnieres-grippe-et-covid-19\/\",\"name\":\"High Health Council recommande la vaccination contre les infections respiratoires saisonni\u00e8res grippe et Covid-19 | Vie Associative\",\"isPartOf\":{\"@id\":\"https:\/\/vieassociative.be\/actualites\/#website\"},\"primaryImageOfPage\":{\"@id\":\"https:\/\/vieassociative.be\/actualites\/high-health-council-recommande-la-vaccination-contre-les-infections-respiratoires-saisonnieres-grippe-et-covid-19\/#primaryimage\"},\"image\":{\"@id\":\"https:\/\/vieassociative.be\/actualites\/high-health-council-recommande-la-vaccination-contre-les-infections-respiratoires-saisonnieres-grippe-et-covid-19\/#primaryimage\"},\"thumbnailUrl\":\"https:\/\/vieassociative.be\/actualites\/wp-content\/uploads\/2025\/09\/1757470706_High-Health-Council-recommande-la-vaccination-contre-les-infections-respiratoires.jpeg\",\"datePublished\":\"2025-09-10T02:18:26+00:00\",\"dateModified\":\"2025-09-10T02:18:26+00:00\",\"breadcrumb\":{\"@id\":\"https:\/\/vieassociative.be\/actualites\/high-health-council-recommande-la-vaccination-contre-les-infections-respiratoires-saisonnieres-grippe-et-covid-19\/#breadcrumb\"},\"inLanguage\":\"fr-BE\",\"potentialAction\":[{\"@type\":\"ReadAction\",\"target\":[\"https:\/\/vieassociative.be\/actualites\/high-health-council-recommande-la-vaccination-contre-les-infections-respiratoires-saisonnieres-grippe-et-covid-19\/\"]}]},{\"@type\":\"ImageObject\",\"inLanguage\":\"fr-BE\",\"@id\":\"https:\/\/vieassociative.be\/actualites\/high-health-council-recommande-la-vaccination-contre-les-infections-respiratoires-saisonnieres-grippe-et-covid-19\/#primaryimage\",\"url\":\"https:\/\/vieassociative.be\/actualites\/wp-content\/uploads\/2025\/09\/1757470706_High-Health-Council-recommande-la-vaccination-contre-les-infections-respiratoires.jpeg\",\"contentUrl\":\"https:\/\/vieassociative.be\/actualites\/wp-content\/uploads\/2025\/09\/1757470706_High-Health-Council-recommande-la-vaccination-contre-les-infections-respiratoires.jpeg\",\"width\":1200,\"height\":767,\"caption\":\"High Health Council recommande la vaccination contre les infections respiratoires saisonni\u00e8res grippe et Covid-19\"},{\"@type\":\"BreadcrumbList\",\"@id\":\"https:\/\/vieassociative.be\/actualites\/high-health-council-recommande-la-vaccination-contre-les-infections-respiratoires-saisonnieres-grippe-et-covid-19\/#breadcrumb\",\"itemListElement\":[{\"@type\":\"ListItem\",\"position\":1,\"name\":\"Accueil\",\"item\":\"https:\/\/vieassociative.be\/actualites\/\"},{\"@type\":\"ListItem\",\"position\":2,\"name\":\"High Health Council recommande la vaccination contre les infections respiratoires saisonni\u00e8res grippe et Covid-19\"}]},{\"@type\":\"WebSite\",\"@id\":\"https:\/\/vieassociative.be\/actualites\/#website\",\"url\":\"https:\/\/vieassociative.be\/actualites\/\",\"name\":\"Vie Associative\",\"description\":\"\",\"publisher\":{\"@id\":\"https:\/\/vieassociative.be\/actualites\/#organization\"},\"potentialAction\":[{\"@type\":\"SearchAction\",\"target\":{\"@type\":\"EntryPoint\",\"urlTemplate\":\"https:\/\/vieassociative.be\/actualites\/?s={search_term_string}\"},\"query-input\":{\"@type\":\"PropertyValueSpecification\",\"valueRequired\":true,\"valueName\":\"search_term_string\"}}],\"inLanguage\":\"fr-BE\"},{\"@type\":\"Organization\",\"@id\":\"https:\/\/vieassociative.be\/actualites\/#organization\",\"name\":\"Vie Associative\",\"url\":\"https:\/\/vieassociative.be\/actualites\/\",\"logo\":{\"@type\":\"ImageObject\",\"inLanguage\":\"fr-BE\",\"@id\":\"https:\/\/vieassociative.be\/actualites\/#\/schema\/logo\/image\/\",\"url\":\"https:\/\/vieassociative.be\/actualites\/wp-content\/uploads\/2024\/09\/cropped-vieassociative_favicon.ico.png\",\"contentUrl\":\"https:\/\/vieassociative.be\/actualites\/wp-content\/uploads\/2024\/09\/cropped-vieassociative_favicon.ico.png\",\"width\":512,\"height\":512,\"caption\":\"Vie Associative\"},\"image\":{\"@id\":\"https:\/\/vieassociative.be\/actualites\/#\/schema\/logo\/image\/\"}},{\"@type\":\"Person\",\"@id\":\"https:\/\/vieassociative.be\/actualites\/#\/schema\/person\/b87ac4f82f9d4e7b7cec7395b679edc4\",\"name\":\"Julien\",\"image\":{\"@type\":\"ImageObject\",\"inLanguage\":\"fr-BE\",\"@id\":\"https:\/\/vieassociative.be\/actualites\/#\/schema\/person\/image\/\",\"url\":\"https:\/\/vieassociative.be\/actualites\/wp-content\/uploads\/2024\/09\/vie-associative-1-150x150.jpg\",\"contentUrl\":\"https:\/\/vieassociative.be\/actualites\/wp-content\/uploads\/2024\/09\/vie-associative-1-150x150.jpg\",\"caption\":\"Julien\"},\"description\":\"Je suis Julien, r\u00e9dacteur pour Vie Associative. Passionn\u00e9 par le monde associatif depuis plus de 10 ans, j'ai \u00e0 c\u0153ur de partager des histoires inspirantes et de mettre en lumi\u00e8re les initiatives locales. Mon objectif est de sensibiliser et d'encourager l'engagement communautaire \u00e0 travers mes articles.\",\"sameAs\":[\"https:\/\/vieassociative.be\/\"]}]}<\/script>\n<!-- \/ Yoast SEO plugin. -->","yoast_head_json":{"title":"High Health Council recommande la vaccination contre les infections respiratoires saisonni\u00e8res grippe et Covid-19 | Vie Associative","robots":{"index":"index","follow":"follow","max-snippet":"max-snippet:-1","max-image-preview":"max-image-preview:large","max-video-preview":"max-video-preview:-1"},"canonical":"https:\/\/vieassociative.be\/actualites\/high-health-council-recommande-la-vaccination-contre-les-infections-respiratoires-saisonnieres-grippe-et-covid-19\/","og_locale":"fr_FR","og_type":"article","og_title":"High Health Council recommande la vaccination contre les infections respiratoires saisonni\u00e8res grippe et Covid-19 | Vie Associative","og_description":"Les mois froids approchent des infections respiratoires saisonni\u00e8res telles que la grippe ou le Covid-19. En automne, le temps est de renforcer le syst\u00e8me immunitaire","og_url":"https:\/\/vieassociative.be\/actualites\/high-health-council-recommande-la-vaccination-contre-les-infections-respiratoires-saisonnieres-grippe-et-covid-19\/","og_site_name":"Vie Associative","article_published_time":"2025-09-10T02:18:26+00:00","og_image":[{"width":279,"height":92,"url":"https:\/\/vieassociative.be\/actualites\/wp-content\/uploads\/2024\/09\/header_backgroundk-01-e1726694325946.png","type":"image\/png"}],"author":"Julien","twitter_card":"summary_large_image","twitter_misc":{"\u00c9crit par":"Julien","Dur\u00e9e de lecture est.":"2 minutes"},"schema":{"@context":"https:\/\/schema.org","@graph":[{"@type":"Article","@id":"https:\/\/vieassociative.be\/actualites\/high-health-council-recommande-la-vaccination-contre-les-infections-respiratoires-saisonnieres-grippe-et-covid-19\/#article","isPartOf":{"@id":"https:\/\/vieassociative.be\/actualites\/high-health-council-recommande-la-vaccination-contre-les-infections-respiratoires-saisonnieres-grippe-et-covid-19\/"},"author":{"name":"Julien","@id":"https:\/\/vieassociative.be\/actualites\/#\/schema\/person\/b87ac4f82f9d4e7b7cec7395b679edc4"},"headline":"High Health Council recommande la vaccination contre les infections respiratoires saisonni\u00e8res grippe et Covid-19","datePublished":"2025-09-10T02:18:26+00:00","dateModified":"2025-09-10T02:18:26+00:00","mainEntityOfPage":{"@id":"https:\/\/vieassociative.be\/actualites\/high-health-council-recommande-la-vaccination-contre-les-infections-respiratoires-saisonnieres-grippe-et-covid-19\/"},"wordCount":357,"publisher":{"@id":"https:\/\/vieassociative.be\/actualites\/#organization"},"image":{"@id":"https:\/\/vieassociative.be\/actualites\/high-health-council-recommande-la-vaccination-contre-les-infections-respiratoires-saisonnieres-grippe-et-covid-19\/#primaryimage"},"thumbnailUrl":"https:\/\/vieassociative.be\/actualites\/wp-content\/uploads\/2025\/09\/1757470706_High-Health-Council-recommande-la-vaccination-contre-les-infections-respiratoires.jpeg","keywords":["contre","Council","Covid19","grippe","Health","High","infections","Les","recommande","respiratoires","saisonni\u00e8res","vaccination"],"articleSection":["Belgique"],"inLanguage":"fr-BE"},{"@type":"WebPage","@id":"https:\/\/vieassociative.be\/actualites\/high-health-council-recommande-la-vaccination-contre-les-infections-respiratoires-saisonnieres-grippe-et-covid-19\/","url":"https:\/\/vieassociative.be\/actualites\/high-health-council-recommande-la-vaccination-contre-les-infections-respiratoires-saisonnieres-grippe-et-covid-19\/","name":"High Health Council recommande la vaccination contre les infections respiratoires saisonni\u00e8res grippe et Covid-19 | Vie Associative","isPartOf":{"@id":"https:\/\/vieassociative.be\/actualites\/#website"},"primaryImageOfPage":{"@id":"https:\/\/vieassociative.be\/actualites\/high-health-council-recommande-la-vaccination-contre-les-infections-respiratoires-saisonnieres-grippe-et-covid-19\/#primaryimage"},"image":{"@id":"https:\/\/vieassociative.be\/actualites\/high-health-council-recommande-la-vaccination-contre-les-infections-respiratoires-saisonnieres-grippe-et-covid-19\/#primaryimage"},"thumbnailUrl":"https:\/\/vieassociative.be\/actualites\/wp-content\/uploads\/2025\/09\/1757470706_High-Health-Council-recommande-la-vaccination-contre-les-infections-respiratoires.jpeg","datePublished":"2025-09-10T02:18:26+00:00","dateModified":"2025-09-10T02:18:26+00:00","breadcrumb":{"@id":"https:\/\/vieassociative.be\/actualites\/high-health-council-recommande-la-vaccination-contre-les-infections-respiratoires-saisonnieres-grippe-et-covid-19\/#breadcrumb"},"inLanguage":"fr-BE","potentialAction":[{"@type":"ReadAction","target":["https:\/\/vieassociative.be\/actualites\/high-health-council-recommande-la-vaccination-contre-les-infections-respiratoires-saisonnieres-grippe-et-covid-19\/"]}]},{"@type":"ImageObject","inLanguage":"fr-BE","@id":"https:\/\/vieassociative.be\/actualites\/high-health-council-recommande-la-vaccination-contre-les-infections-respiratoires-saisonnieres-grippe-et-covid-19\/#primaryimage","url":"https:\/\/vieassociative.be\/actualites\/wp-content\/uploads\/2025\/09\/1757470706_High-Health-Council-recommande-la-vaccination-contre-les-infections-respiratoires.jpeg","contentUrl":"https:\/\/vieassociative.be\/actualites\/wp-content\/uploads\/2025\/09\/1757470706_High-Health-Council-recommande-la-vaccination-contre-les-infections-respiratoires.jpeg","width":1200,"height":767,"caption":"High Health Council recommande la vaccination contre les infections respiratoires saisonni\u00e8res grippe et Covid-19"},{"@type":"BreadcrumbList","@id":"https:\/\/vieassociative.be\/actualites\/high-health-council-recommande-la-vaccination-contre-les-infections-respiratoires-saisonnieres-grippe-et-covid-19\/#breadcrumb","itemListElement":[{"@type":"ListItem","position":1,"name":"Accueil","item":"https:\/\/vieassociative.be\/actualites\/"},{"@type":"ListItem","position":2,"name":"High Health Council recommande la vaccination contre les infections respiratoires saisonni\u00e8res grippe et Covid-19"}]},{"@type":"WebSite","@id":"https:\/\/vieassociative.be\/actualites\/#website","url":"https:\/\/vieassociative.be\/actualites\/","name":"Vie Associative","description":"","publisher":{"@id":"https:\/\/vieassociative.be\/actualites\/#organization"},"potentialAction":[{"@type":"SearchAction","target":{"@type":"EntryPoint","urlTemplate":"https:\/\/vieassociative.be\/actualites\/?s={search_term_string}"},"query-input":{"@type":"PropertyValueSpecification","valueRequired":true,"valueName":"search_term_string"}}],"inLanguage":"fr-BE"},{"@type":"Organization","@id":"https:\/\/vieassociative.be\/actualites\/#organization","name":"Vie Associative","url":"https:\/\/vieassociative.be\/actualites\/","logo":{"@type":"ImageObject","inLanguage":"fr-BE","@id":"https:\/\/vieassociative.be\/actualites\/#\/schema\/logo\/image\/","url":"https:\/\/vieassociative.be\/actualites\/wp-content\/uploads\/2024\/09\/cropped-vieassociative_favicon.ico.png","contentUrl":"https:\/\/vieassociative.be\/actualites\/wp-content\/uploads\/2024\/09\/cropped-vieassociative_favicon.ico.png","width":512,"height":512,"caption":"Vie Associative"},"image":{"@id":"https:\/\/vieassociative.be\/actualites\/#\/schema\/logo\/image\/"}},{"@type":"Person","@id":"https:\/\/vieassociative.be\/actualites\/#\/schema\/person\/b87ac4f82f9d4e7b7cec7395b679edc4","name":"Julien","image":{"@type":"ImageObject","inLanguage":"fr-BE","@id":"https:\/\/vieassociative.be\/actualites\/#\/schema\/person\/image\/","url":"https:\/\/vieassociative.be\/actualites\/wp-content\/uploads\/2024\/09\/vie-associative-1-150x150.jpg","contentUrl":"https:\/\/vieassociative.be\/actualites\/wp-content\/uploads\/2024\/09\/vie-associative-1-150x150.jpg","caption":"Julien"},"description":"Je suis Julien, r\u00e9dacteur pour Vie Associative. Passionn\u00e9 par le monde associatif depuis plus de 10 ans, j'ai \u00e0 c\u0153ur de partager des histoires inspirantes et de mettre en lumi\u00e8re les initiatives locales. Mon objectif est de sensibiliser et d'encourager l'engagement communautaire \u00e0 travers mes articles.","sameAs":["https:\/\/vieassociative.be\/"]}]}},"_links":{"self":[{"href":"https:\/\/vieassociative.be\/actualites\/wp-json\/wp\/v2\/posts\/9937"}],"collection":[{"href":"https:\/\/vieassociative.be\/actualites\/wp-json\/wp\/v2\/posts"}],"about":[{"href":"https:\/\/vieassociative.be\/actualites\/wp-json\/wp\/v2\/types\/post"}],"author":[{"embeddable":true,"href":"https:\/\/vieassociative.be\/actualites\/wp-json\/wp\/v2\/users\/1"}],"replies":[{"embeddable":true,"href":"https:\/\/vieassociative.be\/actualites\/wp-json\/wp\/v2\/comments?post=9937"}],"version-history":[{"count":0,"href":"https:\/\/vieassociative.be\/actualites\/wp-json\/wp\/v2\/posts\/9937\/revisions"}],"wp:featuredmedia":[{"embeddable":true,"href":"https:\/\/vieassociative.be\/actualites\/wp-json\/wp\/v2\/media\/9938"}],"wp:attachment":[{"href":"https:\/\/vieassociative.be\/actualites\/wp-json\/wp\/v2\/media?parent=9937"}],"wp:term":[{"taxonomy":"category","embeddable":true,"href":"https:\/\/vieassociative.be\/actualites\/wp-json\/wp\/v2\/categories?post=9937"},{"taxonomy":"post_tag","embeddable":true,"href":"https:\/\/vieassociative.be\/actualites\/wp-json\/wp\/v2\/tags?post=9937"}],"curies":[{"name":"wp","href":"https:\/\/api.w.org\/{rel}","templated":true}]}}