{"id":9935,"date":"2025-09-10T03:18:48","date_gmt":"2025-09-10T01:18:48","guid":{"rendered":"https:\/\/vieassociative.be\/actualites\/certains-utilisateurs-diphone-obtiennent-une-autre-annee-de-fonctionnalites-satellites-gratuites\/"},"modified":"2025-09-10T03:18:48","modified_gmt":"2025-09-10T01:18:48","slug":"certains-utilisateurs-diphone-obtiennent-une-autre-annee-de-fonctionnalites-satellites-gratuites","status":"publish","type":"post","link":"https:\/\/vieassociative.be\/actualites\/certains-utilisateurs-diphone-obtiennent-une-autre-annee-de-fonctionnalites-satellites-gratuites\/","title":{"rendered":"Certains utilisateurs d&rsquo;iPhone obtiennent une autre ann\u00e9e de fonctionnalit\u00e9s satellites gratuites"},"content":{"rendered":"<div class=\"mt-4 leading-6 md:mb-8\">Les utilisateurs iPhone 14 et 15 recevront un essai gratuit \u00e9tendu.<\/div>\n<p><\/p>\n<p>Vous l&rsquo;avez peut-\u00eatre manqu\u00e9 lors du lancement de haut niveau de l&rsquo;iPhone 17, mais Apple a prolong\u00e9 l&rsquo;essai gratuit de ses services satellites pour les iPhone 14 et 15. Les fonctionnalit\u00e9s des satellites incluent les SO d&rsquo;urgence via Satellite, qui vous permet de vous connecter aux services d&rsquo;urgence lorsque vous n&rsquo;avez pas de couverture mobile ou WiFi. Cette fonctionnalit\u00e9 peut \u00e9galement contacter automatiquement les services d&rsquo;urgence au cas o\u00f9 votre Apple Watch d\u00e9tectera une chute dure ou un accident de v\u00e9hicule.<\/p>\n<p>Initialement lanc\u00e9 avec l&rsquo;iPhone 14, cette fonctionnalit\u00e9 est offerte gratuitement jusqu&rsquo;\u00e0 deux ans avec un nouvel iPhone. Lors de l&rsquo;\u00e9v\u00e9nement iPhone de septembre 2025, Apple a annonc\u00e9 qu&rsquo;il \u00e9tend les fonctionnalit\u00e9s satellites pour une ann\u00e9e de plus pour les personnes qui ont l&rsquo;iPhone 14 et l&rsquo;iPhone 15. L&rsquo;annonce exclut l&rsquo;iPhone 16 car il ne fait qu&rsquo;un an depuis son lancement, et le service est disponible gratuitement pendant au moins deux ans.<\/p>\n<p>Tant que vous avez activ\u00e9 votre iPhone 14 ou 15 dans un pays qui prend en charge les fonctionnalit\u00e9s satellites d&rsquo;Apple avant 12 h PT le 9 septembre 2025, vous pouvez utiliser ces fonctionnalit\u00e9s gratuitement pour une autre ann\u00e9e. Pour le moment, les fonctionnalit\u00e9s satellites pour les iPhones sont disponibles dans les r\u00e9gions suivantes:<\/p>\n<div class=\"mx-auto mb-12 mt-5 w-full max-w-3xl rounded-md border-2 border-gray-100 p-3 shadow-md md:px-7 md:pb-7 md:pt-5\" id=\"related-video\">\n<div class=\"mb-3 flex items-center md:mb-5\">\n        <img decoding=\"async\" class=\"mr-4 mt-0 h-10 w-10 md:mr-5 md:h-12 md:w-12\" src=\"https:\/\/vieassociative.be\/actualites\/wp-content\/uploads\/2025\/08\/1754414314_422_Les-brins-du-NYT-daujourdhui-indiquent-et-repondent-pour-le.jpg\" alt=\"Logo Lifehacker\"><\/p><\/div>\n<div class=\"aspect-video w-full overflow-hidden rounded-md\">\n<div id=\"video-container-01K4RJ0H5GR50D3HDZKYK7G0K6\"><\/div>\n<\/p><\/div>\n<\/div>\n<ul>\n<li>\n<p>\u00c9tats-Unis<\/p>\n<\/li>\n<li>\n<p>Canada<\/p>\n<\/li>\n<li>\n<p>France<\/p>\n<\/li>\n<li>\n<p>Allemagne<\/p>\n<\/li>\n<li>\n<p>Irlande<\/p>\n<\/li>\n<li>\n<p>Royaume-Uni<\/p>\n<\/li>\n<li>\n<p>Australie<\/p>\n<\/li>\n<li>\n<p>Autriche<\/p>\n<\/li>\n<li>\n<p>Belgique<\/p>\n<\/li>\n<li>\n<p>Italie<\/p>\n<\/li>\n<li>\n<p>Luxembourg<\/p>\n<\/li>\n<li>\n<p>Pays-Bas<\/p>\n<\/li>\n<li>\n<p>Nouvelle-Z\u00e9lande<\/p>\n<\/li>\n<li>\n<p>Portugal<\/p>\n<\/li>\n<li>\n<p>Espagne<\/p>\n<\/li>\n<li>\n<p>Suisse<\/p>\n<\/li>\n<li>\n<p>Japon <\/p>\n<\/li>\n<\/ul>\n<p>Au moment de la r\u00e9daction du moment de la r\u00e9daction, Apple n&rsquo;a r\u00e9v\u00e9l\u00e9 aucun d\u00e9tail de prix pour les fonctionnalit\u00e9s des satellites apr\u00e8s l&rsquo;expiration de cet essai gratuit. Si votre iPhone a \u00e9t\u00e9 achet\u00e9 en dehors des r\u00e9gions mentionn\u00e9es ci-dessus, vous pourrez peut-\u00eatre toujours utiliser des fonctionnalit\u00e9s de satellite si vous visitez l&rsquo;un des pays o\u00f9 ils sont disponibles. Cependant, les iPhones achet\u00e9s en Arm\u00e9nie, au B\u00e9larus, en Chine continentale, \u00e0 Hong Kong, \u00e0 Macao, au Kazakhstan, au Kirghizistan et \u00e0 la Russie n&rsquo;ont pas du tout de caract\u00e9ristiques de connectivit\u00e9 satellite. <\/p>\n<p>Bien que la messagerie par satellite reste en grande partie \u00e0 contacter les services d&rsquo;urgence, vous pouvez \u00e9galement utiliser ces fonctionnalit\u00e9s pour envoyer des SMS \u00e0 quiconque lorsque vous n&rsquo;avez pas de service cellulaire. Si vous vous demandez comment utiliser les fonctionnalit\u00e9s de satellite de votre iPhone, vous pouvez consulter le guide de Vie Associative sur l&rsquo;utilisation des SO d&rsquo;urgence via le satellite.<\/p><\/p>\n","protected":false},"excerpt":{"rendered":"<p>Les utilisateurs iPhone 14 et 15 recevront un essai gratuit \u00e9tendu. Vous l&rsquo;avez peut-\u00eatre manqu\u00e9 lors du lancement de haut niveau de l&rsquo;iPhone 17, mais<\/p>\n","protected":false},"author":1,"featured_media":9936,"comment_status":"","ping_status":"","sticky":false,"template":"","format":"standard","meta":{"footnotes":""},"categories":[13],"tags":[549,3090,820,6889,1216,1861,5568,8476,110,4335],"class_list":["post-9935","post","type-post","status-publish","format-standard","has-post-thumbnail","hentry","category-technologie","tag-annee","tag-autre","tag-certains","tag-diphone","tag-fonctionnalites","tag-gratuites","tag-obtiennent","tag-satellites","tag-une","tag-utilisateurs","generate-columns","tablet-grid-50","mobile-grid-100","grid-parent","grid-33"],"yoast_head":"<!-- This site is optimized with the Yoast SEO plugin v24.0 - https:\/\/yoast.com\/wordpress\/plugins\/seo\/ -->\n<title>Certains utilisateurs d&#039;iPhone obtiennent une autre ann\u00e9e de fonctionnalit\u00e9s satellites gratuites | Vie Associative<\/title>\n<meta name=\"robots\" content=\"index, follow, max-snippet:-1, max-image-preview:large, max-video-preview:-1\" \/>\n<link rel=\"canonical\" href=\"https:\/\/vieassociative.be\/actualites\/certains-utilisateurs-diphone-obtiennent-une-autre-annee-de-fonctionnalites-satellites-gratuites\/\" \/>\n<meta property=\"og:locale\" content=\"fr_FR\" \/>\n<meta property=\"og:type\" content=\"article\" \/>\n<meta property=\"og:title\" content=\"Certains utilisateurs d&#039;iPhone obtiennent une autre ann\u00e9e de fonctionnalit\u00e9s satellites gratuites | Vie Associative\" \/>\n<meta property=\"og:description\" content=\"Les utilisateurs iPhone 14 et 15 recevront un essai gratuit \u00e9tendu. Vous l&rsquo;avez peut-\u00eatre manqu\u00e9 lors du lancement de haut niveau de l&rsquo;iPhone 17, mais\" \/>\n<meta property=\"og:url\" content=\"https:\/\/vieassociative.be\/actualites\/certains-utilisateurs-diphone-obtiennent-une-autre-annee-de-fonctionnalites-satellites-gratuites\/\" \/>\n<meta property=\"og:site_name\" content=\"Vie Associative\" \/>\n<meta property=\"article:published_time\" content=\"2025-09-10T01:18:48+00:00\" \/>\n<meta property=\"og:image\" content=\"https:\/\/vieassociative.be\/actualites\/wp-content\/uploads\/2025\/08\/1754414314_422_Les-brins-du-NYT-daujourdhui-indiquent-et-repondent-pour-le.jpg\" \/>\n<meta name=\"author\" content=\"Julien\" \/>\n<meta name=\"twitter:card\" content=\"summary_large_image\" \/>\n<meta name=\"twitter:label1\" content=\"\u00c9crit par\" \/>\n\t<meta name=\"twitter:data1\" content=\"Julien\" \/>\n\t<meta name=\"twitter:label2\" content=\"Dur\u00e9e de lecture est.\" \/>\n\t<meta name=\"twitter:data2\" content=\"2 minutes\" \/>\n<script type=\"application\/ld+json\" class=\"yoast-schema-graph\">{\"@context\":\"https:\/\/schema.org\",\"@graph\":[{\"@type\":\"Article\",\"@id\":\"https:\/\/vieassociative.be\/actualites\/certains-utilisateurs-diphone-obtiennent-une-autre-annee-de-fonctionnalites-satellites-gratuites\/#article\",\"isPartOf\":{\"@id\":\"https:\/\/vieassociative.be\/actualites\/certains-utilisateurs-diphone-obtiennent-une-autre-annee-de-fonctionnalites-satellites-gratuites\/\"},\"author\":{\"name\":\"Julien\",\"@id\":\"https:\/\/vieassociative.be\/actualites\/#\/schema\/person\/b87ac4f82f9d4e7b7cec7395b679edc4\"},\"headline\":\"Certains utilisateurs d&rsquo;iPhone obtiennent une autre ann\u00e9e de fonctionnalit\u00e9s satellites gratuites\",\"datePublished\":\"2025-09-10T01:18:48+00:00\",\"dateModified\":\"2025-09-10T01:18:48+00:00\",\"mainEntityOfPage\":{\"@id\":\"https:\/\/vieassociative.be\/actualites\/certains-utilisateurs-diphone-obtiennent-une-autre-annee-de-fonctionnalites-satellites-gratuites\/\"},\"wordCount\":437,\"publisher\":{\"@id\":\"https:\/\/vieassociative.be\/actualites\/#organization\"},\"image\":{\"@id\":\"https:\/\/vieassociative.be\/actualites\/certains-utilisateurs-diphone-obtiennent-une-autre-annee-de-fonctionnalites-satellites-gratuites\/#primaryimage\"},\"thumbnailUrl\":\"https:\/\/vieassociative.be\/actualites\/wp-content\/uploads\/2025\/09\/Certains-utilisateurs-diPhone-obtiennent-une-autre-annee-de-fonctionnalites-satellites.jpg\",\"keywords\":[\"ann\u00e9e\",\"autre\",\"certains\",\"diPhone\",\"fonctionnalit\u00e9s\",\"gratuites\",\"obtiennent\",\"satellites\",\"une\",\"utilisateurs\"],\"articleSection\":[\"Technologie\"],\"inLanguage\":\"fr-BE\"},{\"@type\":\"WebPage\",\"@id\":\"https:\/\/vieassociative.be\/actualites\/certains-utilisateurs-diphone-obtiennent-une-autre-annee-de-fonctionnalites-satellites-gratuites\/\",\"url\":\"https:\/\/vieassociative.be\/actualites\/certains-utilisateurs-diphone-obtiennent-une-autre-annee-de-fonctionnalites-satellites-gratuites\/\",\"name\":\"Certains utilisateurs d'iPhone obtiennent une autre ann\u00e9e de fonctionnalit\u00e9s satellites gratuites | Vie Associative\",\"isPartOf\":{\"@id\":\"https:\/\/vieassociative.be\/actualites\/#website\"},\"primaryImageOfPage\":{\"@id\":\"https:\/\/vieassociative.be\/actualites\/certains-utilisateurs-diphone-obtiennent-une-autre-annee-de-fonctionnalites-satellites-gratuites\/#primaryimage\"},\"image\":{\"@id\":\"https:\/\/vieassociative.be\/actualites\/certains-utilisateurs-diphone-obtiennent-une-autre-annee-de-fonctionnalites-satellites-gratuites\/#primaryimage\"},\"thumbnailUrl\":\"https:\/\/vieassociative.be\/actualites\/wp-content\/uploads\/2025\/09\/Certains-utilisateurs-diPhone-obtiennent-une-autre-annee-de-fonctionnalites-satellites.jpg\",\"datePublished\":\"2025-09-10T01:18:48+00:00\",\"dateModified\":\"2025-09-10T01:18:48+00:00\",\"breadcrumb\":{\"@id\":\"https:\/\/vieassociative.be\/actualites\/certains-utilisateurs-diphone-obtiennent-une-autre-annee-de-fonctionnalites-satellites-gratuites\/#breadcrumb\"},\"inLanguage\":\"fr-BE\",\"potentialAction\":[{\"@type\":\"ReadAction\",\"target\":[\"https:\/\/vieassociative.be\/actualites\/certains-utilisateurs-diphone-obtiennent-une-autre-annee-de-fonctionnalites-satellites-gratuites\/\"]}]},{\"@type\":\"ImageObject\",\"inLanguage\":\"fr-BE\",\"@id\":\"https:\/\/vieassociative.be\/actualites\/certains-utilisateurs-diphone-obtiennent-une-autre-annee-de-fonctionnalites-satellites-gratuites\/#primaryimage\",\"url\":\"https:\/\/vieassociative.be\/actualites\/wp-content\/uploads\/2025\/09\/Certains-utilisateurs-diPhone-obtiennent-une-autre-annee-de-fonctionnalites-satellites.jpg\",\"contentUrl\":\"https:\/\/vieassociative.be\/actualites\/wp-content\/uploads\/2025\/09\/Certains-utilisateurs-diPhone-obtiennent-une-autre-annee-de-fonctionnalites-satellites.jpg\",\"width\":1200,\"height\":675,\"caption\":\"Certains utilisateurs d'iPhone obtiennent une autre ann\u00e9e de fonctionnalit\u00e9s satellites gratuites\"},{\"@type\":\"BreadcrumbList\",\"@id\":\"https:\/\/vieassociative.be\/actualites\/certains-utilisateurs-diphone-obtiennent-une-autre-annee-de-fonctionnalites-satellites-gratuites\/#breadcrumb\",\"itemListElement\":[{\"@type\":\"ListItem\",\"position\":1,\"name\":\"Accueil\",\"item\":\"https:\/\/vieassociative.be\/actualites\/\"},{\"@type\":\"ListItem\",\"position\":2,\"name\":\"Certains utilisateurs d&rsquo;iPhone obtiennent une autre ann\u00e9e de fonctionnalit\u00e9s satellites gratuites\"}]},{\"@type\":\"WebSite\",\"@id\":\"https:\/\/vieassociative.be\/actualites\/#website\",\"url\":\"https:\/\/vieassociative.be\/actualites\/\",\"name\":\"Vie Associative\",\"description\":\"\",\"publisher\":{\"@id\":\"https:\/\/vieassociative.be\/actualites\/#organization\"},\"potentialAction\":[{\"@type\":\"SearchAction\",\"target\":{\"@type\":\"EntryPoint\",\"urlTemplate\":\"https:\/\/vieassociative.be\/actualites\/?s={search_term_string}\"},\"query-input\":{\"@type\":\"PropertyValueSpecification\",\"valueRequired\":true,\"valueName\":\"search_term_string\"}}],\"inLanguage\":\"fr-BE\"},{\"@type\":\"Organization\",\"@id\":\"https:\/\/vieassociative.be\/actualites\/#organization\",\"name\":\"Vie Associative\",\"url\":\"https:\/\/vieassociative.be\/actualites\/\",\"logo\":{\"@type\":\"ImageObject\",\"inLanguage\":\"fr-BE\",\"@id\":\"https:\/\/vieassociative.be\/actualites\/#\/schema\/logo\/image\/\",\"url\":\"https:\/\/vieassociative.be\/actualites\/wp-content\/uploads\/2024\/09\/cropped-vieassociative_favicon.ico.png\",\"contentUrl\":\"https:\/\/vieassociative.be\/actualites\/wp-content\/uploads\/2024\/09\/cropped-vieassociative_favicon.ico.png\",\"width\":512,\"height\":512,\"caption\":\"Vie Associative\"},\"image\":{\"@id\":\"https:\/\/vieassociative.be\/actualites\/#\/schema\/logo\/image\/\"}},{\"@type\":\"Person\",\"@id\":\"https:\/\/vieassociative.be\/actualites\/#\/schema\/person\/b87ac4f82f9d4e7b7cec7395b679edc4\",\"name\":\"Julien\",\"image\":{\"@type\":\"ImageObject\",\"inLanguage\":\"fr-BE\",\"@id\":\"https:\/\/vieassociative.be\/actualites\/#\/schema\/person\/image\/\",\"url\":\"https:\/\/vieassociative.be\/actualites\/wp-content\/uploads\/2024\/09\/vie-associative-1-150x150.jpg\",\"contentUrl\":\"https:\/\/vieassociative.be\/actualites\/wp-content\/uploads\/2024\/09\/vie-associative-1-150x150.jpg\",\"caption\":\"Julien\"},\"description\":\"Je suis Julien, r\u00e9dacteur pour Vie Associative. Passionn\u00e9 par le monde associatif depuis plus de 10 ans, j'ai \u00e0 c\u0153ur de partager des histoires inspirantes et de mettre en lumi\u00e8re les initiatives locales. Mon objectif est de sensibiliser et d'encourager l'engagement communautaire \u00e0 travers mes articles.\",\"sameAs\":[\"https:\/\/vieassociative.be\/\"]}]}<\/script>\n<!-- \/ Yoast SEO plugin. -->","yoast_head_json":{"title":"Certains utilisateurs d'iPhone obtiennent une autre ann\u00e9e de fonctionnalit\u00e9s satellites gratuites | Vie Associative","robots":{"index":"index","follow":"follow","max-snippet":"max-snippet:-1","max-image-preview":"max-image-preview:large","max-video-preview":"max-video-preview:-1"},"canonical":"https:\/\/vieassociative.be\/actualites\/certains-utilisateurs-diphone-obtiennent-une-autre-annee-de-fonctionnalites-satellites-gratuites\/","og_locale":"fr_FR","og_type":"article","og_title":"Certains utilisateurs d'iPhone obtiennent une autre ann\u00e9e de fonctionnalit\u00e9s satellites gratuites | Vie Associative","og_description":"Les utilisateurs iPhone 14 et 15 recevront un essai gratuit \u00e9tendu. Vous l&rsquo;avez peut-\u00eatre manqu\u00e9 lors du lancement de haut niveau de l&rsquo;iPhone 17, mais","og_url":"https:\/\/vieassociative.be\/actualites\/certains-utilisateurs-diphone-obtiennent-une-autre-annee-de-fonctionnalites-satellites-gratuites\/","og_site_name":"Vie Associative","article_published_time":"2025-09-10T01:18:48+00:00","og_image":[{"url":"https:\/\/vieassociative.be\/actualites\/wp-content\/uploads\/2025\/08\/1754414314_422_Les-brins-du-NYT-daujourdhui-indiquent-et-repondent-pour-le.jpg","type":"","width":"","height":""}],"author":"Julien","twitter_card":"summary_large_image","twitter_misc":{"\u00c9crit par":"Julien","Dur\u00e9e de lecture est.":"2 minutes"},"schema":{"@context":"https:\/\/schema.org","@graph":[{"@type":"Article","@id":"https:\/\/vieassociative.be\/actualites\/certains-utilisateurs-diphone-obtiennent-une-autre-annee-de-fonctionnalites-satellites-gratuites\/#article","isPartOf":{"@id":"https:\/\/vieassociative.be\/actualites\/certains-utilisateurs-diphone-obtiennent-une-autre-annee-de-fonctionnalites-satellites-gratuites\/"},"author":{"name":"Julien","@id":"https:\/\/vieassociative.be\/actualites\/#\/schema\/person\/b87ac4f82f9d4e7b7cec7395b679edc4"},"headline":"Certains utilisateurs d&rsquo;iPhone obtiennent une autre ann\u00e9e de fonctionnalit\u00e9s satellites gratuites","datePublished":"2025-09-10T01:18:48+00:00","dateModified":"2025-09-10T01:18:48+00:00","mainEntityOfPage":{"@id":"https:\/\/vieassociative.be\/actualites\/certains-utilisateurs-diphone-obtiennent-une-autre-annee-de-fonctionnalites-satellites-gratuites\/"},"wordCount":437,"publisher":{"@id":"https:\/\/vieassociative.be\/actualites\/#organization"},"image":{"@id":"https:\/\/vieassociative.be\/actualites\/certains-utilisateurs-diphone-obtiennent-une-autre-annee-de-fonctionnalites-satellites-gratuites\/#primaryimage"},"thumbnailUrl":"https:\/\/vieassociative.be\/actualites\/wp-content\/uploads\/2025\/09\/Certains-utilisateurs-diPhone-obtiennent-une-autre-annee-de-fonctionnalites-satellites.jpg","keywords":["ann\u00e9e","autre","certains","diPhone","fonctionnalit\u00e9s","gratuites","obtiennent","satellites","une","utilisateurs"],"articleSection":["Technologie"],"inLanguage":"fr-BE"},{"@type":"WebPage","@id":"https:\/\/vieassociative.be\/actualites\/certains-utilisateurs-diphone-obtiennent-une-autre-annee-de-fonctionnalites-satellites-gratuites\/","url":"https:\/\/vieassociative.be\/actualites\/certains-utilisateurs-diphone-obtiennent-une-autre-annee-de-fonctionnalites-satellites-gratuites\/","name":"Certains utilisateurs d'iPhone obtiennent une autre ann\u00e9e de fonctionnalit\u00e9s satellites gratuites | Vie Associative","isPartOf":{"@id":"https:\/\/vieassociative.be\/actualites\/#website"},"primaryImageOfPage":{"@id":"https:\/\/vieassociative.be\/actualites\/certains-utilisateurs-diphone-obtiennent-une-autre-annee-de-fonctionnalites-satellites-gratuites\/#primaryimage"},"image":{"@id":"https:\/\/vieassociative.be\/actualites\/certains-utilisateurs-diphone-obtiennent-une-autre-annee-de-fonctionnalites-satellites-gratuites\/#primaryimage"},"thumbnailUrl":"https:\/\/vieassociative.be\/actualites\/wp-content\/uploads\/2025\/09\/Certains-utilisateurs-diPhone-obtiennent-une-autre-annee-de-fonctionnalites-satellites.jpg","datePublished":"2025-09-10T01:18:48+00:00","dateModified":"2025-09-10T01:18:48+00:00","breadcrumb":{"@id":"https:\/\/vieassociative.be\/actualites\/certains-utilisateurs-diphone-obtiennent-une-autre-annee-de-fonctionnalites-satellites-gratuites\/#breadcrumb"},"inLanguage":"fr-BE","potentialAction":[{"@type":"ReadAction","target":["https:\/\/vieassociative.be\/actualites\/certains-utilisateurs-diphone-obtiennent-une-autre-annee-de-fonctionnalites-satellites-gratuites\/"]}]},{"@type":"ImageObject","inLanguage":"fr-BE","@id":"https:\/\/vieassociative.be\/actualites\/certains-utilisateurs-diphone-obtiennent-une-autre-annee-de-fonctionnalites-satellites-gratuites\/#primaryimage","url":"https:\/\/vieassociative.be\/actualites\/wp-content\/uploads\/2025\/09\/Certains-utilisateurs-diPhone-obtiennent-une-autre-annee-de-fonctionnalites-satellites.jpg","contentUrl":"https:\/\/vieassociative.be\/actualites\/wp-content\/uploads\/2025\/09\/Certains-utilisateurs-diPhone-obtiennent-une-autre-annee-de-fonctionnalites-satellites.jpg","width":1200,"height":675,"caption":"Certains utilisateurs d'iPhone obtiennent une autre ann\u00e9e de fonctionnalit\u00e9s satellites gratuites"},{"@type":"BreadcrumbList","@id":"https:\/\/vieassociative.be\/actualites\/certains-utilisateurs-diphone-obtiennent-une-autre-annee-de-fonctionnalites-satellites-gratuites\/#breadcrumb","itemListElement":[{"@type":"ListItem","position":1,"name":"Accueil","item":"https:\/\/vieassociative.be\/actualites\/"},{"@type":"ListItem","position":2,"name":"Certains utilisateurs d&rsquo;iPhone obtiennent une autre ann\u00e9e de fonctionnalit\u00e9s satellites gratuites"}]},{"@type":"WebSite","@id":"https:\/\/vieassociative.be\/actualites\/#website","url":"https:\/\/vieassociative.be\/actualites\/","name":"Vie Associative","description":"","publisher":{"@id":"https:\/\/vieassociative.be\/actualites\/#organization"},"potentialAction":[{"@type":"SearchAction","target":{"@type":"EntryPoint","urlTemplate":"https:\/\/vieassociative.be\/actualites\/?s={search_term_string}"},"query-input":{"@type":"PropertyValueSpecification","valueRequired":true,"valueName":"search_term_string"}}],"inLanguage":"fr-BE"},{"@type":"Organization","@id":"https:\/\/vieassociative.be\/actualites\/#organization","name":"Vie Associative","url":"https:\/\/vieassociative.be\/actualites\/","logo":{"@type":"ImageObject","inLanguage":"fr-BE","@id":"https:\/\/vieassociative.be\/actualites\/#\/schema\/logo\/image\/","url":"https:\/\/vieassociative.be\/actualites\/wp-content\/uploads\/2024\/09\/cropped-vieassociative_favicon.ico.png","contentUrl":"https:\/\/vieassociative.be\/actualites\/wp-content\/uploads\/2024\/09\/cropped-vieassociative_favicon.ico.png","width":512,"height":512,"caption":"Vie Associative"},"image":{"@id":"https:\/\/vieassociative.be\/actualites\/#\/schema\/logo\/image\/"}},{"@type":"Person","@id":"https:\/\/vieassociative.be\/actualites\/#\/schema\/person\/b87ac4f82f9d4e7b7cec7395b679edc4","name":"Julien","image":{"@type":"ImageObject","inLanguage":"fr-BE","@id":"https:\/\/vieassociative.be\/actualites\/#\/schema\/person\/image\/","url":"https:\/\/vieassociative.be\/actualites\/wp-content\/uploads\/2024\/09\/vie-associative-1-150x150.jpg","contentUrl":"https:\/\/vieassociative.be\/actualites\/wp-content\/uploads\/2024\/09\/vie-associative-1-150x150.jpg","caption":"Julien"},"description":"Je suis Julien, r\u00e9dacteur pour Vie Associative. Passionn\u00e9 par le monde associatif depuis plus de 10 ans, j'ai \u00e0 c\u0153ur de partager des histoires inspirantes et de mettre en lumi\u00e8re les initiatives locales. Mon objectif est de sensibiliser et d'encourager l'engagement communautaire \u00e0 travers mes articles.","sameAs":["https:\/\/vieassociative.be\/"]}]}},"_links":{"self":[{"href":"https:\/\/vieassociative.be\/actualites\/wp-json\/wp\/v2\/posts\/9935"}],"collection":[{"href":"https:\/\/vieassociative.be\/actualites\/wp-json\/wp\/v2\/posts"}],"about":[{"href":"https:\/\/vieassociative.be\/actualites\/wp-json\/wp\/v2\/types\/post"}],"author":[{"embeddable":true,"href":"https:\/\/vieassociative.be\/actualites\/wp-json\/wp\/v2\/users\/1"}],"replies":[{"embeddable":true,"href":"https:\/\/vieassociative.be\/actualites\/wp-json\/wp\/v2\/comments?post=9935"}],"version-history":[{"count":0,"href":"https:\/\/vieassociative.be\/actualites\/wp-json\/wp\/v2\/posts\/9935\/revisions"}],"wp:featuredmedia":[{"embeddable":true,"href":"https:\/\/vieassociative.be\/actualites\/wp-json\/wp\/v2\/media\/9936"}],"wp:attachment":[{"href":"https:\/\/vieassociative.be\/actualites\/wp-json\/wp\/v2\/media?parent=9935"}],"wp:term":[{"taxonomy":"category","embeddable":true,"href":"https:\/\/vieassociative.be\/actualites\/wp-json\/wp\/v2\/categories?post=9935"},{"taxonomy":"post_tag","embeddable":true,"href":"https:\/\/vieassociative.be\/actualites\/wp-json\/wp\/v2\/tags?post=9935"}],"curies":[{"name":"wp","href":"https:\/\/api.w.org\/{rel}","templated":true}]}}