{"id":9933,"date":"2025-09-10T01:17:44","date_gmt":"2025-09-09T23:17:44","guid":{"rendered":"https:\/\/vieassociative.be\/actualites\/lair-iphone-est-lappareil-apple-le-plus-interessant-depuis-des-annees\/"},"modified":"2025-09-10T01:17:44","modified_gmt":"2025-09-09T23:17:44","slug":"lair-iphone-est-lappareil-apple-le-plus-interessant-depuis-des-annees","status":"publish","type":"post","link":"https:\/\/vieassociative.be\/actualites\/lair-iphone-est-lappareil-apple-le-plus-interessant-depuis-des-annees\/","title":{"rendered":"L&rsquo;Air iPhone est l&rsquo;appareil Apple le plus int\u00e9ressant depuis des ann\u00e9es"},"content":{"rendered":"<div class=\"mt-4 leading-6 md:mb-8\">L&rsquo;iPhone 17 est officiel, mais son nouvel ami mince a vol\u00e9 les projecteurs.<\/div>\n<p><\/p>\n<p>Le grand \u00e9v\u00e9nement de lancement d&rsquo;Apple en septembre 2025 est termin\u00e9 et fini, et l&rsquo;iPhone 17 et l&rsquo;iPhone Air (sans le modificateur \u00ab\u00a017\u00a0\u00bb) sont officiels, aux c\u00f4t\u00e9s de l&rsquo;iPhone 17 Pro et de l&rsquo;iPhone 17 Pro Max. <\/p>\n<p>Voici tous les d\u00e9tails que vous devez conna\u00eetre dans les deux premiers de ces combin\u00e9s, qui sont probablement les options les plus populaires &#8211; en particulier l&rsquo;air, qui est nouveau pour 2025, remplace l&rsquo;iPhone 16 Plus dans la gamme et ressemble \u00e0 l&rsquo;appareil le plus int\u00e9ressant qu&rsquo;Apple a publi\u00e9 dans un certain temps.<\/p>\n<h2 id=\"thin-is-in\">Mince est dans<\/h2>\n<p>La minceur de smartphone est devenue particuli\u00e8rement pertinente en 2025 &#8211; voir le bord Samsung Galaxy S25, entre autres &#8211; et l&rsquo;air iPhone continue la tendance, mesurant \u00e0 seulement 5,6 mm (0,22 pouces), battant le dispositif de 5,8 mm (0,23 pouces) de cet appareil Samsung. Dans l&rsquo;annonce du battage m\u00e9diatique d&rsquo;Apple, il a \u00e9t\u00e9 d\u00e9crit comme \u00ab\u00a0un morceau de l&rsquo;avenir\u00a0\u00bb.<\/p>\n<div class=\"mx-auto mb-12 mt-5 w-full max-w-3xl rounded-md border-2 border-gray-100 p-3 shadow-md md:px-7 md:pb-7 md:pt-5\" id=\"related-video\">\n<div class=\"mb-3 flex items-center md:mb-5\">\n        <img decoding=\"async\" class=\"mr-4 mt-0 h-10 w-10 md:mr-5 md:h-12 md:w-12\" src=\"https:\/\/vieassociative.be\/actualites\/wp-content\/uploads\/2025\/08\/1754414314_422_Les-brins-du-NYT-daujourdhui-indiquent-et-repondent-pour-le.jpg\" alt=\"Logo Lifehacker\"><\/p><\/div>\n<div class=\"aspect-video w-full overflow-hidden rounded-md\">\n<div id=\"video-container-01K4R9K95FJ6AQRDBCW3BKN7XQ\"><\/div>\n<\/p><\/div>\n<\/div>\n<p>L&rsquo;iPhone Air s&rsquo;effectue dans le m\u00eame chipset A19 Pro que l&rsquo;iPhone 17 Pro et Pro Max, et est apparemment l&rsquo;iPhone le plus \u00e9conome en puissance et le plus durable d&rsquo;Apple &#8211; il a une protection du bouclier en c\u00e9ramique \u00e0 la fois \u00e0 l&rsquo;avant et \u00e0 l&rsquo;arri\u00e8re, avec le dernier bouclier en c\u00e9ramique 2 en gardant le panneau principal \u00e0 gratter &#8211; sans crack. Il est \u00e9galement fabriqu\u00e9 \u00e0 partir de titane recycl\u00e9 \u00e0 80%.<\/p>\n<div class=\"eloquent-imagery-image\">\n<div class=\"flex justify-center\">\n                    <img decoding=\"async\" class=\"border border-gray-100\" src=\"https:\/\/vieassociative.be\/actualites\/wp-content\/uploads\/2025\/09\/LAir-iPhone-est-lappareil-Apple-le-plus-interessant-depuis-des.jpg\" alt=\"Air iPhone\" width=\"2000\" height=\"1125\" loading=\"lazy\"  >\n            <\/div>\n<\/p><\/div>\n<div class=\"eloquent-imagery-image\">\n<div class=\"flex justify-center\">\n                    <img decoding=\"async\" class=\"border border-gray-100\" src=\"https:\/\/vieassociative.be\/actualites\/wp-content\/uploads\/2025\/09\/1757459864_942_LAir-iPhone-est-lappareil-Apple-le-plus-interessant-depuis-des.jpg\" alt=\"Air iPhone\" width=\"2000\" height=\"1125\" loading=\"lazy\"  >\n            <\/div>\n<\/p><\/div>\n<p>En termes de conception, il y a la barre de cam\u00e9ra de division (ou \u00ab\u00a0plateau\u00a0\u00bb en apple) \u00e0 l&rsquo;arri\u00e8re, tandis qu&rsquo;\u00e0 l&rsquo;avant, il y a un \u00e9cran de 6,5 pouces, prenant en charge les taux de rafra\u00eechissement variables de promotion jusqu&rsquo;\u00e0 120 Hz. Vous avez le choix de quatre couleurs diff\u00e9rentes: l&rsquo;espace noir, blanc nuage, or clair et bleu ciel.<\/p>\n<h2 id=\"iphone-air-downsides-camera-battery-life\">iPhone Air Inverse: Cam\u00e9ra, autonomie de la batterie<\/h2>\n<p>Donc, l&rsquo;air est super mince et aussi puissant que les mod\u00e8les Pro &#8211; quelle est la prise? Premi\u00e8rement, il n&rsquo;y a qu&rsquo;une seule cam\u00e9ra arri\u00e8re de 48 MP, bien qu&rsquo;Apple sugg\u00e8re qu&rsquo;il s&rsquo;agit en fait de quatre cam\u00e9ras en une: vous pouvez prendre des photos de 12 MP avec un zoom de t\u00e9l\u00e9objectif jusqu&rsquo;\u00e0 2x, par exemple. \u00c0 l&rsquo;avant, il y a une cam\u00e9ra de selfie 18 MP avec prise en charge de la sc\u00e8ne centrale, comme on le voit sur l&rsquo;iPad &#8211; la cam\u00e9ra essaiera de garder votre visage dans une prise de vue, et m\u00eame de passer automatiquement du portrait en mode paysage, en fonction du nombre de personnes en tir.<\/p>\n<p>L&rsquo;autre prise est la dur\u00e9e de vie de la batterie. Apple a entass\u00e9 la plupart des composants dans le haut du ch\u00e2ssis pour faire de la place pour une batterie plus grande et d\u00e9couper la fente physique de la carte SIM &#8211; ce sera uniquement un appareil ESIM partout dans le monde. M\u00eame ainsi, Apple ne cite que la \u00ab\u00a0batterie d&rsquo;une journ\u00e9e\u00a0\u00bb pour l&rsquo;air et vend une batterie portable pour cela qui entra\u00eenera une dur\u00e9e de vie de la batterie de lecture vid\u00e9o jusqu&rsquo;\u00e0 40 heures. Sans le pack, il est 27 heures &#8211; trois heures de moins que l&rsquo;iPhone 17.<\/p>\n<p>Malgr\u00e9 les limites, l&rsquo;apparence et le style de l&rsquo;air, tout en \u00e9tant un tout nouveau mod\u00e8le, sont susceptibles de le rendre attrayant pour beaucoup. L&rsquo;iPhone Plus a eu une course de 3 ans, \u00e0 partir de 2022 avec l&rsquo;iPhone 14, et avant cela, vous vous souvenez peut-\u00eatre de l&rsquo;iPhone 12 Mini et de l&rsquo;iPhone 13 Mini, et Apple esp\u00e8re que l&rsquo;air se vendra mieux que tous ces mod\u00e8les.<\/p>\n<div class=\"eloquent-imagery-image\">\n<div class=\"flex justify-center\">\n                    <img decoding=\"async\" class=\"border border-gray-100\" src=\"https:\/\/vieassociative.be\/actualites\/wp-content\/uploads\/2025\/09\/1757459864_187_LAir-iPhone-est-lappareil-Apple-le-plus-interessant-depuis-des.jpg\" alt=\"iPhone 17\" width=\"2000\" height=\"1125\" loading=\"lazy\"  >\n            <\/div>\n<\/p><\/div>\n<div class=\"eloquent-imagery-image\">\n<div class=\"flex justify-center\">\n                    <img decoding=\"async\" class=\"border border-gray-100\" src=\"https:\/\/vieassociative.be\/actualites\/wp-content\/uploads\/2025\/09\/1757459864_421_LAir-iPhone-est-lappareil-Apple-le-plus-interessant-depuis-des.jpg\" alt=\"iPhone 17\" width=\"2000\" height=\"1125\" loading=\"lazy\"  >\n            <\/div>\n<\/p><\/div>\n<h2 id=\"the-iphone-17-is-an-appealing-also-ran\">L&rsquo;iPhone 17 est un \u00e9galement attrayant<\/h2>\n<p>N&rsquo;oublions pas l&rsquo;humble iPhone 17. Bien que ces derni\u00e8res ann\u00e9es, l&rsquo;iPhone standard ait souvent \u00e9t\u00e9 \u00e9clips\u00e9 par les mod\u00e8les les plus chers et pleins de fonctionnalit\u00e9s, le produit phare d&rsquo;entr\u00e9e de gamme de cette ann\u00e9e est livr\u00e9 avec un \u00e9cran de 6,3 pouces (jusqu&rsquo;\u00e0 l&rsquo;\u00e9cran de 6,1 pouces sur l&rsquo;iPhone 16), et il obtient une promotion jusqu&rsquo;\u00e0 120 Hz pour la premi\u00e8re fois. La nouvelle protection en c\u00e9ramique Shield 2 est sur le devant, mais pas \u00e0 l&rsquo;arri\u00e8re, comme c&rsquo;est le cas avec l&rsquo;air.<\/p>\n<p>Il y a une mise \u00e0 niveau du processeur de l&rsquo;iPhone 16, mais uniquement vers le non-Pro A19 standard &#8211; ce qui dit simplement plus puissant et plus efficace que l&rsquo;A18. Il y a une configuration de cam\u00e9ra \u00e0 double objectif 48MP + 48MP \u00e0 l&rsquo;arri\u00e8re, offrant un mode ultrairs et jusqu&rsquo;\u00e0 2x zoom de t\u00e9l\u00e9objectif, ainsi que la m\u00eame cam\u00e9ra selfie 18MP avec une sc\u00e8ne centrale comme l&rsquo;air. Vos choix de couleurs pour l&rsquo;iPhone 17 standard sont noirs, lavande, bleu brume, sauge et blanc.<\/p>\n<p>Ces deux t\u00e9l\u00e9phones peuvent \u00eatre pr\u00e9command\u00e9s \u00e0 partir du vendredi 12 septembre et seront mis en vente le vendredi 19 septembre. Le prix commence \u00e0 799 $ pour l&rsquo;iPhone 17 (le m\u00eame que l&rsquo;iPhone 16), m\u00eame s&rsquo;il a le double du stockage de d\u00e9part de son pr\u00e9d\u00e9cesseur &#8211; 256 Go vs 128 Go. L&rsquo;air iPhone le moins cher est de 999 $, \u00e9galement avec 256 Go de stockage.<\/p>\n","protected":false},"excerpt":{"rendered":"<p>L&rsquo;iPhone 17 est officiel, mais son nouvel ami mince a vol\u00e9 les projecteurs. Le grand \u00e9v\u00e9nement de lancement d&rsquo;Apple en septembre 2025 est termin\u00e9 et<\/p>\n","protected":false},"author":1,"featured_media":9934,"comment_status":"","ping_status":"","sticky":false,"template":"","format":"standard","meta":{"footnotes":""},"categories":[13],"tags":[2392,54,1824,29,76,8475,652,748,2012],"class_list":["post-9933","post","type-post","status-publish","format-standard","has-post-thumbnail","hentry","category-technologie","tag-annees","tag-apple","tag-depuis","tag-des","tag-est","tag-interessant","tag-iphone","tag-lair","tag-lappareil","generate-columns","tablet-grid-50","mobile-grid-100","grid-parent","grid-33"],"yoast_head":"<!-- This site is optimized with the Yoast SEO plugin v24.0 - https:\/\/yoast.com\/wordpress\/plugins\/seo\/ -->\n<title>L&#039;Air iPhone est l&#039;appareil Apple le plus int\u00e9ressant depuis des ann\u00e9es | Vie Associative<\/title>\n<meta name=\"robots\" content=\"index, follow, max-snippet:-1, max-image-preview:large, max-video-preview:-1\" \/>\n<link rel=\"canonical\" href=\"https:\/\/vieassociative.be\/actualites\/lair-iphone-est-lappareil-apple-le-plus-interessant-depuis-des-annees\/\" \/>\n<meta property=\"og:locale\" content=\"fr_FR\" \/>\n<meta property=\"og:type\" content=\"article\" \/>\n<meta property=\"og:title\" content=\"L&#039;Air iPhone est l&#039;appareil Apple le plus int\u00e9ressant depuis des ann\u00e9es | Vie Associative\" \/>\n<meta property=\"og:description\" content=\"L&rsquo;iPhone 17 est officiel, mais son nouvel ami mince a vol\u00e9 les projecteurs. Le grand \u00e9v\u00e9nement de lancement d&rsquo;Apple en septembre 2025 est termin\u00e9 et\" \/>\n<meta property=\"og:url\" content=\"https:\/\/vieassociative.be\/actualites\/lair-iphone-est-lappareil-apple-le-plus-interessant-depuis-des-annees\/\" \/>\n<meta property=\"og:site_name\" content=\"Vie Associative\" \/>\n<meta property=\"article:published_time\" content=\"2025-09-09T23:17:44+00:00\" \/>\n<meta property=\"og:image\" content=\"https:\/\/vieassociative.be\/actualites\/wp-content\/uploads\/2025\/08\/1754414314_422_Les-brins-du-NYT-daujourdhui-indiquent-et-repondent-pour-le.jpg\" \/>\n<meta name=\"author\" content=\"Julien\" \/>\n<meta name=\"twitter:card\" content=\"summary_large_image\" \/>\n<meta name=\"twitter:label1\" content=\"\u00c9crit par\" \/>\n\t<meta name=\"twitter:data1\" content=\"Julien\" \/>\n\t<meta name=\"twitter:label2\" content=\"Dur\u00e9e de lecture est.\" \/>\n\t<meta name=\"twitter:data2\" content=\"4 minutes\" \/>\n<script type=\"application\/ld+json\" class=\"yoast-schema-graph\">{\"@context\":\"https:\/\/schema.org\",\"@graph\":[{\"@type\":\"Article\",\"@id\":\"https:\/\/vieassociative.be\/actualites\/lair-iphone-est-lappareil-apple-le-plus-interessant-depuis-des-annees\/#article\",\"isPartOf\":{\"@id\":\"https:\/\/vieassociative.be\/actualites\/lair-iphone-est-lappareil-apple-le-plus-interessant-depuis-des-annees\/\"},\"author\":{\"name\":\"Julien\",\"@id\":\"https:\/\/vieassociative.be\/actualites\/#\/schema\/person\/b87ac4f82f9d4e7b7cec7395b679edc4\"},\"headline\":\"L&rsquo;Air iPhone est l&rsquo;appareil Apple le plus int\u00e9ressant depuis des ann\u00e9es\",\"datePublished\":\"2025-09-09T23:17:44+00:00\",\"dateModified\":\"2025-09-09T23:17:44+00:00\",\"mainEntityOfPage\":{\"@id\":\"https:\/\/vieassociative.be\/actualites\/lair-iphone-est-lappareil-apple-le-plus-interessant-depuis-des-annees\/\"},\"wordCount\":912,\"publisher\":{\"@id\":\"https:\/\/vieassociative.be\/actualites\/#organization\"},\"image\":{\"@id\":\"https:\/\/vieassociative.be\/actualites\/lair-iphone-est-lappareil-apple-le-plus-interessant-depuis-des-annees\/#primaryimage\"},\"thumbnailUrl\":\"https:\/\/vieassociative.be\/actualites\/wp-content\/uploads\/2025\/09\/1757459865_LAir-iPhone-est-lappareil-Apple-le-plus-interessant-depuis-des.jpg\",\"keywords\":[\"ann\u00e9es\",\"Apple\",\"depuis\",\"Des\",\"est\",\"int\u00e9ressant\",\"iPhone\",\"lair\",\"lappareil\"],\"articleSection\":[\"Technologie\"],\"inLanguage\":\"fr-BE\"},{\"@type\":\"WebPage\",\"@id\":\"https:\/\/vieassociative.be\/actualites\/lair-iphone-est-lappareil-apple-le-plus-interessant-depuis-des-annees\/\",\"url\":\"https:\/\/vieassociative.be\/actualites\/lair-iphone-est-lappareil-apple-le-plus-interessant-depuis-des-annees\/\",\"name\":\"L'Air iPhone est l'appareil Apple le plus int\u00e9ressant depuis des ann\u00e9es | Vie Associative\",\"isPartOf\":{\"@id\":\"https:\/\/vieassociative.be\/actualites\/#website\"},\"primaryImageOfPage\":{\"@id\":\"https:\/\/vieassociative.be\/actualites\/lair-iphone-est-lappareil-apple-le-plus-interessant-depuis-des-annees\/#primaryimage\"},\"image\":{\"@id\":\"https:\/\/vieassociative.be\/actualites\/lair-iphone-est-lappareil-apple-le-plus-interessant-depuis-des-annees\/#primaryimage\"},\"thumbnailUrl\":\"https:\/\/vieassociative.be\/actualites\/wp-content\/uploads\/2025\/09\/1757459865_LAir-iPhone-est-lappareil-Apple-le-plus-interessant-depuis-des.jpg\",\"datePublished\":\"2025-09-09T23:17:44+00:00\",\"dateModified\":\"2025-09-09T23:17:44+00:00\",\"breadcrumb\":{\"@id\":\"https:\/\/vieassociative.be\/actualites\/lair-iphone-est-lappareil-apple-le-plus-interessant-depuis-des-annees\/#breadcrumb\"},\"inLanguage\":\"fr-BE\",\"potentialAction\":[{\"@type\":\"ReadAction\",\"target\":[\"https:\/\/vieassociative.be\/actualites\/lair-iphone-est-lappareil-apple-le-plus-interessant-depuis-des-annees\/\"]}]},{\"@type\":\"ImageObject\",\"inLanguage\":\"fr-BE\",\"@id\":\"https:\/\/vieassociative.be\/actualites\/lair-iphone-est-lappareil-apple-le-plus-interessant-depuis-des-annees\/#primaryimage\",\"url\":\"https:\/\/vieassociative.be\/actualites\/wp-content\/uploads\/2025\/09\/1757459865_LAir-iPhone-est-lappareil-Apple-le-plus-interessant-depuis-des.jpg\",\"contentUrl\":\"https:\/\/vieassociative.be\/actualites\/wp-content\/uploads\/2025\/09\/1757459865_LAir-iPhone-est-lappareil-Apple-le-plus-interessant-depuis-des.jpg\",\"width\":1200,\"height\":675,\"caption\":\"L'Air iPhone est l'appareil Apple le plus int\u00e9ressant depuis des ann\u00e9es\"},{\"@type\":\"BreadcrumbList\",\"@id\":\"https:\/\/vieassociative.be\/actualites\/lair-iphone-est-lappareil-apple-le-plus-interessant-depuis-des-annees\/#breadcrumb\",\"itemListElement\":[{\"@type\":\"ListItem\",\"position\":1,\"name\":\"Accueil\",\"item\":\"https:\/\/vieassociative.be\/actualites\/\"},{\"@type\":\"ListItem\",\"position\":2,\"name\":\"L&rsquo;Air iPhone est l&rsquo;appareil Apple le plus int\u00e9ressant depuis des ann\u00e9es\"}]},{\"@type\":\"WebSite\",\"@id\":\"https:\/\/vieassociative.be\/actualites\/#website\",\"url\":\"https:\/\/vieassociative.be\/actualites\/\",\"name\":\"Vie Associative\",\"description\":\"\",\"publisher\":{\"@id\":\"https:\/\/vieassociative.be\/actualites\/#organization\"},\"potentialAction\":[{\"@type\":\"SearchAction\",\"target\":{\"@type\":\"EntryPoint\",\"urlTemplate\":\"https:\/\/vieassociative.be\/actualites\/?s={search_term_string}\"},\"query-input\":{\"@type\":\"PropertyValueSpecification\",\"valueRequired\":true,\"valueName\":\"search_term_string\"}}],\"inLanguage\":\"fr-BE\"},{\"@type\":\"Organization\",\"@id\":\"https:\/\/vieassociative.be\/actualites\/#organization\",\"name\":\"Vie Associative\",\"url\":\"https:\/\/vieassociative.be\/actualites\/\",\"logo\":{\"@type\":\"ImageObject\",\"inLanguage\":\"fr-BE\",\"@id\":\"https:\/\/vieassociative.be\/actualites\/#\/schema\/logo\/image\/\",\"url\":\"https:\/\/vieassociative.be\/actualites\/wp-content\/uploads\/2024\/09\/cropped-vieassociative_favicon.ico.png\",\"contentUrl\":\"https:\/\/vieassociative.be\/actualites\/wp-content\/uploads\/2024\/09\/cropped-vieassociative_favicon.ico.png\",\"width\":512,\"height\":512,\"caption\":\"Vie Associative\"},\"image\":{\"@id\":\"https:\/\/vieassociative.be\/actualites\/#\/schema\/logo\/image\/\"}},{\"@type\":\"Person\",\"@id\":\"https:\/\/vieassociative.be\/actualites\/#\/schema\/person\/b87ac4f82f9d4e7b7cec7395b679edc4\",\"name\":\"Julien\",\"image\":{\"@type\":\"ImageObject\",\"inLanguage\":\"fr-BE\",\"@id\":\"https:\/\/vieassociative.be\/actualites\/#\/schema\/person\/image\/\",\"url\":\"https:\/\/vieassociative.be\/actualites\/wp-content\/uploads\/2024\/09\/vie-associative-1-150x150.jpg\",\"contentUrl\":\"https:\/\/vieassociative.be\/actualites\/wp-content\/uploads\/2024\/09\/vie-associative-1-150x150.jpg\",\"caption\":\"Julien\"},\"description\":\"Je suis Julien, r\u00e9dacteur pour Vie Associative. Passionn\u00e9 par le monde associatif depuis plus de 10 ans, j'ai \u00e0 c\u0153ur de partager des histoires inspirantes et de mettre en lumi\u00e8re les initiatives locales. Mon objectif est de sensibiliser et d'encourager l'engagement communautaire \u00e0 travers mes articles.\",\"sameAs\":[\"https:\/\/vieassociative.be\/\"]}]}<\/script>\n<!-- \/ Yoast SEO plugin. -->","yoast_head_json":{"title":"L'Air iPhone est l'appareil Apple le plus int\u00e9ressant depuis des ann\u00e9es | Vie Associative","robots":{"index":"index","follow":"follow","max-snippet":"max-snippet:-1","max-image-preview":"max-image-preview:large","max-video-preview":"max-video-preview:-1"},"canonical":"https:\/\/vieassociative.be\/actualites\/lair-iphone-est-lappareil-apple-le-plus-interessant-depuis-des-annees\/","og_locale":"fr_FR","og_type":"article","og_title":"L'Air iPhone est l'appareil Apple le plus int\u00e9ressant depuis des ann\u00e9es | Vie Associative","og_description":"L&rsquo;iPhone 17 est officiel, mais son nouvel ami mince a vol\u00e9 les projecteurs. Le grand \u00e9v\u00e9nement de lancement d&rsquo;Apple en septembre 2025 est termin\u00e9 et","og_url":"https:\/\/vieassociative.be\/actualites\/lair-iphone-est-lappareil-apple-le-plus-interessant-depuis-des-annees\/","og_site_name":"Vie Associative","article_published_time":"2025-09-09T23:17:44+00:00","og_image":[{"url":"https:\/\/vieassociative.be\/actualites\/wp-content\/uploads\/2025\/08\/1754414314_422_Les-brins-du-NYT-daujourdhui-indiquent-et-repondent-pour-le.jpg","type":"","width":"","height":""}],"author":"Julien","twitter_card":"summary_large_image","twitter_misc":{"\u00c9crit par":"Julien","Dur\u00e9e de lecture est.":"4 minutes"},"schema":{"@context":"https:\/\/schema.org","@graph":[{"@type":"Article","@id":"https:\/\/vieassociative.be\/actualites\/lair-iphone-est-lappareil-apple-le-plus-interessant-depuis-des-annees\/#article","isPartOf":{"@id":"https:\/\/vieassociative.be\/actualites\/lair-iphone-est-lappareil-apple-le-plus-interessant-depuis-des-annees\/"},"author":{"name":"Julien","@id":"https:\/\/vieassociative.be\/actualites\/#\/schema\/person\/b87ac4f82f9d4e7b7cec7395b679edc4"},"headline":"L&rsquo;Air iPhone est l&rsquo;appareil Apple le plus int\u00e9ressant depuis des ann\u00e9es","datePublished":"2025-09-09T23:17:44+00:00","dateModified":"2025-09-09T23:17:44+00:00","mainEntityOfPage":{"@id":"https:\/\/vieassociative.be\/actualites\/lair-iphone-est-lappareil-apple-le-plus-interessant-depuis-des-annees\/"},"wordCount":912,"publisher":{"@id":"https:\/\/vieassociative.be\/actualites\/#organization"},"image":{"@id":"https:\/\/vieassociative.be\/actualites\/lair-iphone-est-lappareil-apple-le-plus-interessant-depuis-des-annees\/#primaryimage"},"thumbnailUrl":"https:\/\/vieassociative.be\/actualites\/wp-content\/uploads\/2025\/09\/1757459865_LAir-iPhone-est-lappareil-Apple-le-plus-interessant-depuis-des.jpg","keywords":["ann\u00e9es","Apple","depuis","Des","est","int\u00e9ressant","iPhone","lair","lappareil"],"articleSection":["Technologie"],"inLanguage":"fr-BE"},{"@type":"WebPage","@id":"https:\/\/vieassociative.be\/actualites\/lair-iphone-est-lappareil-apple-le-plus-interessant-depuis-des-annees\/","url":"https:\/\/vieassociative.be\/actualites\/lair-iphone-est-lappareil-apple-le-plus-interessant-depuis-des-annees\/","name":"L'Air iPhone est l'appareil Apple le plus int\u00e9ressant depuis des ann\u00e9es | Vie Associative","isPartOf":{"@id":"https:\/\/vieassociative.be\/actualites\/#website"},"primaryImageOfPage":{"@id":"https:\/\/vieassociative.be\/actualites\/lair-iphone-est-lappareil-apple-le-plus-interessant-depuis-des-annees\/#primaryimage"},"image":{"@id":"https:\/\/vieassociative.be\/actualites\/lair-iphone-est-lappareil-apple-le-plus-interessant-depuis-des-annees\/#primaryimage"},"thumbnailUrl":"https:\/\/vieassociative.be\/actualites\/wp-content\/uploads\/2025\/09\/1757459865_LAir-iPhone-est-lappareil-Apple-le-plus-interessant-depuis-des.jpg","datePublished":"2025-09-09T23:17:44+00:00","dateModified":"2025-09-09T23:17:44+00:00","breadcrumb":{"@id":"https:\/\/vieassociative.be\/actualites\/lair-iphone-est-lappareil-apple-le-plus-interessant-depuis-des-annees\/#breadcrumb"},"inLanguage":"fr-BE","potentialAction":[{"@type":"ReadAction","target":["https:\/\/vieassociative.be\/actualites\/lair-iphone-est-lappareil-apple-le-plus-interessant-depuis-des-annees\/"]}]},{"@type":"ImageObject","inLanguage":"fr-BE","@id":"https:\/\/vieassociative.be\/actualites\/lair-iphone-est-lappareil-apple-le-plus-interessant-depuis-des-annees\/#primaryimage","url":"https:\/\/vieassociative.be\/actualites\/wp-content\/uploads\/2025\/09\/1757459865_LAir-iPhone-est-lappareil-Apple-le-plus-interessant-depuis-des.jpg","contentUrl":"https:\/\/vieassociative.be\/actualites\/wp-content\/uploads\/2025\/09\/1757459865_LAir-iPhone-est-lappareil-Apple-le-plus-interessant-depuis-des.jpg","width":1200,"height":675,"caption":"L'Air iPhone est l'appareil Apple le plus int\u00e9ressant depuis des ann\u00e9es"},{"@type":"BreadcrumbList","@id":"https:\/\/vieassociative.be\/actualites\/lair-iphone-est-lappareil-apple-le-plus-interessant-depuis-des-annees\/#breadcrumb","itemListElement":[{"@type":"ListItem","position":1,"name":"Accueil","item":"https:\/\/vieassociative.be\/actualites\/"},{"@type":"ListItem","position":2,"name":"L&rsquo;Air iPhone est l&rsquo;appareil Apple le plus int\u00e9ressant depuis des ann\u00e9es"}]},{"@type":"WebSite","@id":"https:\/\/vieassociative.be\/actualites\/#website","url":"https:\/\/vieassociative.be\/actualites\/","name":"Vie Associative","description":"","publisher":{"@id":"https:\/\/vieassociative.be\/actualites\/#organization"},"potentialAction":[{"@type":"SearchAction","target":{"@type":"EntryPoint","urlTemplate":"https:\/\/vieassociative.be\/actualites\/?s={search_term_string}"},"query-input":{"@type":"PropertyValueSpecification","valueRequired":true,"valueName":"search_term_string"}}],"inLanguage":"fr-BE"},{"@type":"Organization","@id":"https:\/\/vieassociative.be\/actualites\/#organization","name":"Vie Associative","url":"https:\/\/vieassociative.be\/actualites\/","logo":{"@type":"ImageObject","inLanguage":"fr-BE","@id":"https:\/\/vieassociative.be\/actualites\/#\/schema\/logo\/image\/","url":"https:\/\/vieassociative.be\/actualites\/wp-content\/uploads\/2024\/09\/cropped-vieassociative_favicon.ico.png","contentUrl":"https:\/\/vieassociative.be\/actualites\/wp-content\/uploads\/2024\/09\/cropped-vieassociative_favicon.ico.png","width":512,"height":512,"caption":"Vie Associative"},"image":{"@id":"https:\/\/vieassociative.be\/actualites\/#\/schema\/logo\/image\/"}},{"@type":"Person","@id":"https:\/\/vieassociative.be\/actualites\/#\/schema\/person\/b87ac4f82f9d4e7b7cec7395b679edc4","name":"Julien","image":{"@type":"ImageObject","inLanguage":"fr-BE","@id":"https:\/\/vieassociative.be\/actualites\/#\/schema\/person\/image\/","url":"https:\/\/vieassociative.be\/actualites\/wp-content\/uploads\/2024\/09\/vie-associative-1-150x150.jpg","contentUrl":"https:\/\/vieassociative.be\/actualites\/wp-content\/uploads\/2024\/09\/vie-associative-1-150x150.jpg","caption":"Julien"},"description":"Je suis Julien, r\u00e9dacteur pour Vie Associative. Passionn\u00e9 par le monde associatif depuis plus de 10 ans, j'ai \u00e0 c\u0153ur de partager des histoires inspirantes et de mettre en lumi\u00e8re les initiatives locales. Mon objectif est de sensibiliser et d'encourager l'engagement communautaire \u00e0 travers mes articles.","sameAs":["https:\/\/vieassociative.be\/"]}]}},"_links":{"self":[{"href":"https:\/\/vieassociative.be\/actualites\/wp-json\/wp\/v2\/posts\/9933"}],"collection":[{"href":"https:\/\/vieassociative.be\/actualites\/wp-json\/wp\/v2\/posts"}],"about":[{"href":"https:\/\/vieassociative.be\/actualites\/wp-json\/wp\/v2\/types\/post"}],"author":[{"embeddable":true,"href":"https:\/\/vieassociative.be\/actualites\/wp-json\/wp\/v2\/users\/1"}],"replies":[{"embeddable":true,"href":"https:\/\/vieassociative.be\/actualites\/wp-json\/wp\/v2\/comments?post=9933"}],"version-history":[{"count":0,"href":"https:\/\/vieassociative.be\/actualites\/wp-json\/wp\/v2\/posts\/9933\/revisions"}],"wp:featuredmedia":[{"embeddable":true,"href":"https:\/\/vieassociative.be\/actualites\/wp-json\/wp\/v2\/media\/9934"}],"wp:attachment":[{"href":"https:\/\/vieassociative.be\/actualites\/wp-json\/wp\/v2\/media?parent=9933"}],"wp:term":[{"taxonomy":"category","embeddable":true,"href":"https:\/\/vieassociative.be\/actualites\/wp-json\/wp\/v2\/categories?post=9933"},{"taxonomy":"post_tag","embeddable":true,"href":"https:\/\/vieassociative.be\/actualites\/wp-json\/wp\/v2\/tags?post=9933"}],"curies":[{"name":"wp","href":"https:\/\/api.w.org\/{rel}","templated":true}]}}