{"id":9931,"date":"2025-09-09T22:17:05","date_gmt":"2025-09-09T20:17:05","guid":{"rendered":"https:\/\/vieassociative.be\/actualites\/le-prince-laurent-admet-dans-un-message-comme-le-pere-biologique-dun-homme-de-25-ans-aujourdhui\/"},"modified":"2025-09-09T22:17:05","modified_gmt":"2025-09-09T20:17:05","slug":"le-prince-laurent-admet-dans-un-message-comme-le-pere-biologique-dun-homme-de-25-ans-aujourdhui","status":"publish","type":"post","link":"https:\/\/vieassociative.be\/actualites\/le-prince-laurent-admet-dans-un-message-comme-le-pere-biologique-dun-homme-de-25-ans-aujourdhui\/","title":{"rendered":"Le prince Laurent admet dans un message comme le p\u00e8re biologique d&rsquo;un homme de 25 ans aujourd&rsquo;hui"},"content":{"rendered":"<p><strong>Le prince Laurent a admis \u00eatre le p\u00e8re biologique d&rsquo;un homme de 25 ans nomm\u00e9 Clement Vandenkerckhove, comme il l&rsquo;a annonc\u00e9 mardi dans un message \u00e0 l&rsquo;agence de presse Belga.<\/strong><\/p>\n<p><span id=\"more-424188\"><\/span>Cl\u00e9ment Vandenkerckhove est le fils d&rsquo;Iris Vandenkerckhove. La chanteuse et actrice est mieux connue en Flandre sous le pseudonyme Wendy Van Wanteren.<\/p>\n<p>Wendy Van Wanten est une figure \u00e9blouissante du monde du divertissement flamand. Elle a commenc\u00e9 comme mannequin, plus tard, elle est all\u00e9e \u00e0 la t\u00e9l\u00e9vision et s&rsquo;est fait un nom en tant que chanteuse. L&rsquo;homme de 65 ans est maintenant devenu une v\u00e9ritable taille de coffre dans le showbiz belge.<\/p>\n<div id=\"attachment_48576\" class=\"wp-caption alignleft\" style=\"max-width: 300px\"><img fetchpriority=\"high\" decoding=\"async\" class=\"wp-image-48576 size-medium\" src=\"https:\/\/vieassociative.be\/actualites\/wp-content\/uploads\/2025\/09\/Le-prince-Laurent-admet-dans-un-message-comme-le-pere.jpg\" alt=\"\" width=\"300\" height=\"213\"  ><\/div>\n<p>Wendy Van Wanteren ou Iris Vandenkerckhove est la m\u00e8re de deux fils et une fille. Pendant longtemps, des sp\u00e9culations sur l&rsquo;identit\u00e9 du p\u00e8re de son deuxi\u00e8me fils Cl\u00e9ment. Le Clement, \u00e2g\u00e9 de 25 ans, avait expliqu\u00e9 dans le programme \u00ab\u00a0Het Huis\u00a0\u00bb du VRT en 2021 qui contrairement \u00e0 diff\u00e9rentes sp\u00e9culations, le prince Laurent n&rsquo;\u00e9tait pas son p\u00e8re biologique.<\/p>\n<p><strong>&#8211; Explication du prince Laurent:<\/strong> \u00ab\u00a0Avec cette explication, je confirme que je suis le p\u00e8re biologique de Cl\u00e9ment Vandenkerckhove. Ces derni\u00e8res ann\u00e9es, nous avons eu des conversations ouvertes et honn\u00eates \u00e0 ce sujet\u00a0\u00bb, explique le fr\u00e8re de 61 ans du roi Philippe dans son explication.<\/p>\n<p>\u00ab\u00a0Cette explication est guid\u00e9e par la bienveillance et le respect des personnes concern\u00e9es. C&rsquo;est le r\u00e9sultat d&rsquo;un chemin commun\u00a0\u00bb, poursuit le prince Laurent. \u00ab\u00a0Je vous demande d&rsquo;enregistrer ces informations avec la r\u00e9ticence qui n\u00e9cessite l&rsquo;intimit\u00e9 de ce sujet. Je ne donnerai aucune explication suppl\u00e9mentaire et je ne ferai aucune explication suppl\u00e9mentaire sur ce sujet\u00a0\u00bb, conclut la princesse Claire.<\/p>\n<p><strong>&#8211; Le palais se retient:<\/strong> Le palais royal ne voulait pas r\u00e9agir \u00e0 la reconnaissance de Cl\u00e9ment Vandenkerckhove en tant que fils biologique du prince Laurent. Cela a \u00e9t\u00e9 expliqu\u00e9 par un porte-parole du palais mardi peu apr\u00e8s l&rsquo;annonce de la nouvelle \u00e0 l&rsquo;agence Belga. (Cre)<\/p>\n","protected":false},"excerpt":{"rendered":"<p>Le prince Laurent a admis \u00eatre le p\u00e8re biologique d&rsquo;un homme de 25 ans nomm\u00e9 Clement Vandenkerckhove, comme il l&rsquo;a annonc\u00e9 mardi dans un message<\/p>\n","protected":false},"author":1,"featured_media":9932,"comment_status":"","ping_status":"","sticky":false,"template":"","format":"standard","meta":{"footnotes":""},"categories":[298],"tags":[7453,584,2330,8474,1254,166,354,4555,6235,1433,3065,4525],"class_list":["post-9931","post","type-post","status-publish","format-standard","has-post-thumbnail","hentry","category-belgique","tag-admet","tag-ans","tag-aujourdhui","tag-biologique","tag-comme","tag-dans","tag-dun","tag-homme","tag-laurent","tag-message","tag-pere","tag-prince","generate-columns","tablet-grid-50","mobile-grid-100","grid-parent","grid-33"],"yoast_head":"<!-- This site is optimized with the Yoast SEO plugin v24.0 - https:\/\/yoast.com\/wordpress\/plugins\/seo\/ -->\n<title>Le prince Laurent admet dans un message comme le p\u00e8re biologique d&#039;un homme de 25 ans aujourd&#039;hui | Vie Associative<\/title>\n<meta name=\"robots\" content=\"index, follow, max-snippet:-1, max-image-preview:large, max-video-preview:-1\" \/>\n<link rel=\"canonical\" href=\"https:\/\/vieassociative.be\/actualites\/le-prince-laurent-admet-dans-un-message-comme-le-pere-biologique-dun-homme-de-25-ans-aujourdhui\/\" \/>\n<meta property=\"og:locale\" content=\"fr_FR\" \/>\n<meta property=\"og:type\" content=\"article\" \/>\n<meta property=\"og:title\" content=\"Le prince Laurent admet dans un message comme le p\u00e8re biologique d&#039;un homme de 25 ans aujourd&#039;hui | Vie Associative\" \/>\n<meta property=\"og:description\" content=\"Le prince Laurent a admis \u00eatre le p\u00e8re biologique d&rsquo;un homme de 25 ans nomm\u00e9 Clement Vandenkerckhove, comme il l&rsquo;a annonc\u00e9 mardi dans un message\" \/>\n<meta property=\"og:url\" content=\"https:\/\/vieassociative.be\/actualites\/le-prince-laurent-admet-dans-un-message-comme-le-pere-biologique-dun-homme-de-25-ans-aujourdhui\/\" \/>\n<meta property=\"og:site_name\" content=\"Vie Associative\" \/>\n<meta property=\"article:published_time\" content=\"2025-09-09T20:17:05+00:00\" \/>\n<meta property=\"og:image\" content=\"https:\/\/vieassociative.be\/actualites\/wp-content\/uploads\/2024\/09\/header_backgroundk-01-e1726694325946.png\" \/>\n\t<meta property=\"og:image:width\" content=\"279\" \/>\n\t<meta property=\"og:image:height\" content=\"92\" \/>\n\t<meta property=\"og:image:type\" content=\"image\/png\" \/>\n<meta name=\"author\" content=\"Julien\" \/>\n<meta name=\"twitter:card\" content=\"summary_large_image\" \/>\n<meta name=\"twitter:label1\" content=\"\u00c9crit par\" \/>\n\t<meta name=\"twitter:data1\" content=\"Julien\" \/>\n\t<meta name=\"twitter:label2\" content=\"Dur\u00e9e de lecture est.\" \/>\n\t<meta name=\"twitter:data2\" content=\"2 minutes\" \/>\n<script type=\"application\/ld+json\" class=\"yoast-schema-graph\">{\"@context\":\"https:\/\/schema.org\",\"@graph\":[{\"@type\":\"Article\",\"@id\":\"https:\/\/vieassociative.be\/actualites\/le-prince-laurent-admet-dans-un-message-comme-le-pere-biologique-dun-homme-de-25-ans-aujourdhui\/#article\",\"isPartOf\":{\"@id\":\"https:\/\/vieassociative.be\/actualites\/le-prince-laurent-admet-dans-un-message-comme-le-pere-biologique-dun-homme-de-25-ans-aujourdhui\/\"},\"author\":{\"name\":\"Julien\",\"@id\":\"https:\/\/vieassociative.be\/actualites\/#\/schema\/person\/b87ac4f82f9d4e7b7cec7395b679edc4\"},\"headline\":\"Le prince Laurent admet dans un message comme le p\u00e8re biologique d&rsquo;un homme de 25 ans aujourd&rsquo;hui\",\"datePublished\":\"2025-09-09T20:17:05+00:00\",\"dateModified\":\"2025-09-09T20:17:05+00:00\",\"mainEntityOfPage\":{\"@id\":\"https:\/\/vieassociative.be\/actualites\/le-prince-laurent-admet-dans-un-message-comme-le-pere-biologique-dun-homme-de-25-ans-aujourdhui\/\"},\"wordCount\":361,\"publisher\":{\"@id\":\"https:\/\/vieassociative.be\/actualites\/#organization\"},\"image\":{\"@id\":\"https:\/\/vieassociative.be\/actualites\/le-prince-laurent-admet-dans-un-message-comme-le-pere-biologique-dun-homme-de-25-ans-aujourdhui\/#primaryimage\"},\"thumbnailUrl\":\"https:\/\/vieassociative.be\/actualites\/wp-content\/uploads\/2025\/09\/1757449026_Le-prince-Laurent-admet-dans-un-message-comme-le-pere.jpg\",\"keywords\":[\"admet\",\"ans\",\"aujourdhui\",\"biologique\",\"comme\",\"dans\",\"dun\",\"homme\",\"Laurent\",\"message\",\"P\u00e8re\",\"prince\"],\"articleSection\":[\"Belgique\"],\"inLanguage\":\"fr-BE\"},{\"@type\":\"WebPage\",\"@id\":\"https:\/\/vieassociative.be\/actualites\/le-prince-laurent-admet-dans-un-message-comme-le-pere-biologique-dun-homme-de-25-ans-aujourdhui\/\",\"url\":\"https:\/\/vieassociative.be\/actualites\/le-prince-laurent-admet-dans-un-message-comme-le-pere-biologique-dun-homme-de-25-ans-aujourdhui\/\",\"name\":\"Le prince Laurent admet dans un message comme le p\u00e8re biologique d'un homme de 25 ans aujourd'hui | Vie Associative\",\"isPartOf\":{\"@id\":\"https:\/\/vieassociative.be\/actualites\/#website\"},\"primaryImageOfPage\":{\"@id\":\"https:\/\/vieassociative.be\/actualites\/le-prince-laurent-admet-dans-un-message-comme-le-pere-biologique-dun-homme-de-25-ans-aujourdhui\/#primaryimage\"},\"image\":{\"@id\":\"https:\/\/vieassociative.be\/actualites\/le-prince-laurent-admet-dans-un-message-comme-le-pere-biologique-dun-homme-de-25-ans-aujourdhui\/#primaryimage\"},\"thumbnailUrl\":\"https:\/\/vieassociative.be\/actualites\/wp-content\/uploads\/2025\/09\/1757449026_Le-prince-Laurent-admet-dans-un-message-comme-le-pere.jpg\",\"datePublished\":\"2025-09-09T20:17:05+00:00\",\"dateModified\":\"2025-09-09T20:17:05+00:00\",\"breadcrumb\":{\"@id\":\"https:\/\/vieassociative.be\/actualites\/le-prince-laurent-admet-dans-un-message-comme-le-pere-biologique-dun-homme-de-25-ans-aujourdhui\/#breadcrumb\"},\"inLanguage\":\"fr-BE\",\"potentialAction\":[{\"@type\":\"ReadAction\",\"target\":[\"https:\/\/vieassociative.be\/actualites\/le-prince-laurent-admet-dans-un-message-comme-le-pere-biologique-dun-homme-de-25-ans-aujourdhui\/\"]}]},{\"@type\":\"ImageObject\",\"inLanguage\":\"fr-BE\",\"@id\":\"https:\/\/vieassociative.be\/actualites\/le-prince-laurent-admet-dans-un-message-comme-le-pere-biologique-dun-homme-de-25-ans-aujourdhui\/#primaryimage\",\"url\":\"https:\/\/vieassociative.be\/actualites\/wp-content\/uploads\/2025\/09\/1757449026_Le-prince-Laurent-admet-dans-un-message-comme-le-pere.jpg\",\"contentUrl\":\"https:\/\/vieassociative.be\/actualites\/wp-content\/uploads\/2025\/09\/1757449026_Le-prince-Laurent-admet-dans-un-message-comme-le-pere.jpg\",\"width\":1200,\"height\":800,\"caption\":\"Le prince Laurent admet dans un message comme le p\u00e8re biologique d'un homme de 25 ans aujourd'hui\"},{\"@type\":\"BreadcrumbList\",\"@id\":\"https:\/\/vieassociative.be\/actualites\/le-prince-laurent-admet-dans-un-message-comme-le-pere-biologique-dun-homme-de-25-ans-aujourdhui\/#breadcrumb\",\"itemListElement\":[{\"@type\":\"ListItem\",\"position\":1,\"name\":\"Accueil\",\"item\":\"https:\/\/vieassociative.be\/actualites\/\"},{\"@type\":\"ListItem\",\"position\":2,\"name\":\"Le prince Laurent admet dans un message comme le p\u00e8re biologique d&rsquo;un homme de 25 ans aujourd&rsquo;hui\"}]},{\"@type\":\"WebSite\",\"@id\":\"https:\/\/vieassociative.be\/actualites\/#website\",\"url\":\"https:\/\/vieassociative.be\/actualites\/\",\"name\":\"Vie Associative\",\"description\":\"\",\"publisher\":{\"@id\":\"https:\/\/vieassociative.be\/actualites\/#organization\"},\"potentialAction\":[{\"@type\":\"SearchAction\",\"target\":{\"@type\":\"EntryPoint\",\"urlTemplate\":\"https:\/\/vieassociative.be\/actualites\/?s={search_term_string}\"},\"query-input\":{\"@type\":\"PropertyValueSpecification\",\"valueRequired\":true,\"valueName\":\"search_term_string\"}}],\"inLanguage\":\"fr-BE\"},{\"@type\":\"Organization\",\"@id\":\"https:\/\/vieassociative.be\/actualites\/#organization\",\"name\":\"Vie Associative\",\"url\":\"https:\/\/vieassociative.be\/actualites\/\",\"logo\":{\"@type\":\"ImageObject\",\"inLanguage\":\"fr-BE\",\"@id\":\"https:\/\/vieassociative.be\/actualites\/#\/schema\/logo\/image\/\",\"url\":\"https:\/\/vieassociative.be\/actualites\/wp-content\/uploads\/2024\/09\/cropped-vieassociative_favicon.ico.png\",\"contentUrl\":\"https:\/\/vieassociative.be\/actualites\/wp-content\/uploads\/2024\/09\/cropped-vieassociative_favicon.ico.png\",\"width\":512,\"height\":512,\"caption\":\"Vie Associative\"},\"image\":{\"@id\":\"https:\/\/vieassociative.be\/actualites\/#\/schema\/logo\/image\/\"}},{\"@type\":\"Person\",\"@id\":\"https:\/\/vieassociative.be\/actualites\/#\/schema\/person\/b87ac4f82f9d4e7b7cec7395b679edc4\",\"name\":\"Julien\",\"image\":{\"@type\":\"ImageObject\",\"inLanguage\":\"fr-BE\",\"@id\":\"https:\/\/vieassociative.be\/actualites\/#\/schema\/person\/image\/\",\"url\":\"https:\/\/vieassociative.be\/actualites\/wp-content\/uploads\/2024\/09\/vie-associative-1-150x150.jpg\",\"contentUrl\":\"https:\/\/vieassociative.be\/actualites\/wp-content\/uploads\/2024\/09\/vie-associative-1-150x150.jpg\",\"caption\":\"Julien\"},\"description\":\"Je suis Julien, r\u00e9dacteur pour Vie Associative. Passionn\u00e9 par le monde associatif depuis plus de 10 ans, j'ai \u00e0 c\u0153ur de partager des histoires inspirantes et de mettre en lumi\u00e8re les initiatives locales. Mon objectif est de sensibiliser et d'encourager l'engagement communautaire \u00e0 travers mes articles.\",\"sameAs\":[\"https:\/\/vieassociative.be\/\"]}]}<\/script>\n<!-- \/ Yoast SEO plugin. -->","yoast_head_json":{"title":"Le prince Laurent admet dans un message comme le p\u00e8re biologique d'un homme de 25 ans aujourd'hui | Vie Associative","robots":{"index":"index","follow":"follow","max-snippet":"max-snippet:-1","max-image-preview":"max-image-preview:large","max-video-preview":"max-video-preview:-1"},"canonical":"https:\/\/vieassociative.be\/actualites\/le-prince-laurent-admet-dans-un-message-comme-le-pere-biologique-dun-homme-de-25-ans-aujourdhui\/","og_locale":"fr_FR","og_type":"article","og_title":"Le prince Laurent admet dans un message comme le p\u00e8re biologique d'un homme de 25 ans aujourd'hui | Vie Associative","og_description":"Le prince Laurent a admis \u00eatre le p\u00e8re biologique d&rsquo;un homme de 25 ans nomm\u00e9 Clement Vandenkerckhove, comme il l&rsquo;a annonc\u00e9 mardi dans un message","og_url":"https:\/\/vieassociative.be\/actualites\/le-prince-laurent-admet-dans-un-message-comme-le-pere-biologique-dun-homme-de-25-ans-aujourdhui\/","og_site_name":"Vie Associative","article_published_time":"2025-09-09T20:17:05+00:00","og_image":[{"width":279,"height":92,"url":"https:\/\/vieassociative.be\/actualites\/wp-content\/uploads\/2024\/09\/header_backgroundk-01-e1726694325946.png","type":"image\/png"}],"author":"Julien","twitter_card":"summary_large_image","twitter_misc":{"\u00c9crit par":"Julien","Dur\u00e9e de lecture est.":"2 minutes"},"schema":{"@context":"https:\/\/schema.org","@graph":[{"@type":"Article","@id":"https:\/\/vieassociative.be\/actualites\/le-prince-laurent-admet-dans-un-message-comme-le-pere-biologique-dun-homme-de-25-ans-aujourdhui\/#article","isPartOf":{"@id":"https:\/\/vieassociative.be\/actualites\/le-prince-laurent-admet-dans-un-message-comme-le-pere-biologique-dun-homme-de-25-ans-aujourdhui\/"},"author":{"name":"Julien","@id":"https:\/\/vieassociative.be\/actualites\/#\/schema\/person\/b87ac4f82f9d4e7b7cec7395b679edc4"},"headline":"Le prince Laurent admet dans un message comme le p\u00e8re biologique d&rsquo;un homme de 25 ans aujourd&rsquo;hui","datePublished":"2025-09-09T20:17:05+00:00","dateModified":"2025-09-09T20:17:05+00:00","mainEntityOfPage":{"@id":"https:\/\/vieassociative.be\/actualites\/le-prince-laurent-admet-dans-un-message-comme-le-pere-biologique-dun-homme-de-25-ans-aujourdhui\/"},"wordCount":361,"publisher":{"@id":"https:\/\/vieassociative.be\/actualites\/#organization"},"image":{"@id":"https:\/\/vieassociative.be\/actualites\/le-prince-laurent-admet-dans-un-message-comme-le-pere-biologique-dun-homme-de-25-ans-aujourdhui\/#primaryimage"},"thumbnailUrl":"https:\/\/vieassociative.be\/actualites\/wp-content\/uploads\/2025\/09\/1757449026_Le-prince-Laurent-admet-dans-un-message-comme-le-pere.jpg","keywords":["admet","ans","aujourdhui","biologique","comme","dans","dun","homme","Laurent","message","P\u00e8re","prince"],"articleSection":["Belgique"],"inLanguage":"fr-BE"},{"@type":"WebPage","@id":"https:\/\/vieassociative.be\/actualites\/le-prince-laurent-admet-dans-un-message-comme-le-pere-biologique-dun-homme-de-25-ans-aujourdhui\/","url":"https:\/\/vieassociative.be\/actualites\/le-prince-laurent-admet-dans-un-message-comme-le-pere-biologique-dun-homme-de-25-ans-aujourdhui\/","name":"Le prince Laurent admet dans un message comme le p\u00e8re biologique d'un homme de 25 ans aujourd'hui | Vie Associative","isPartOf":{"@id":"https:\/\/vieassociative.be\/actualites\/#website"},"primaryImageOfPage":{"@id":"https:\/\/vieassociative.be\/actualites\/le-prince-laurent-admet-dans-un-message-comme-le-pere-biologique-dun-homme-de-25-ans-aujourdhui\/#primaryimage"},"image":{"@id":"https:\/\/vieassociative.be\/actualites\/le-prince-laurent-admet-dans-un-message-comme-le-pere-biologique-dun-homme-de-25-ans-aujourdhui\/#primaryimage"},"thumbnailUrl":"https:\/\/vieassociative.be\/actualites\/wp-content\/uploads\/2025\/09\/1757449026_Le-prince-Laurent-admet-dans-un-message-comme-le-pere.jpg","datePublished":"2025-09-09T20:17:05+00:00","dateModified":"2025-09-09T20:17:05+00:00","breadcrumb":{"@id":"https:\/\/vieassociative.be\/actualites\/le-prince-laurent-admet-dans-un-message-comme-le-pere-biologique-dun-homme-de-25-ans-aujourdhui\/#breadcrumb"},"inLanguage":"fr-BE","potentialAction":[{"@type":"ReadAction","target":["https:\/\/vieassociative.be\/actualites\/le-prince-laurent-admet-dans-un-message-comme-le-pere-biologique-dun-homme-de-25-ans-aujourdhui\/"]}]},{"@type":"ImageObject","inLanguage":"fr-BE","@id":"https:\/\/vieassociative.be\/actualites\/le-prince-laurent-admet-dans-un-message-comme-le-pere-biologique-dun-homme-de-25-ans-aujourdhui\/#primaryimage","url":"https:\/\/vieassociative.be\/actualites\/wp-content\/uploads\/2025\/09\/1757449026_Le-prince-Laurent-admet-dans-un-message-comme-le-pere.jpg","contentUrl":"https:\/\/vieassociative.be\/actualites\/wp-content\/uploads\/2025\/09\/1757449026_Le-prince-Laurent-admet-dans-un-message-comme-le-pere.jpg","width":1200,"height":800,"caption":"Le prince Laurent admet dans un message comme le p\u00e8re biologique d'un homme de 25 ans aujourd'hui"},{"@type":"BreadcrumbList","@id":"https:\/\/vieassociative.be\/actualites\/le-prince-laurent-admet-dans-un-message-comme-le-pere-biologique-dun-homme-de-25-ans-aujourdhui\/#breadcrumb","itemListElement":[{"@type":"ListItem","position":1,"name":"Accueil","item":"https:\/\/vieassociative.be\/actualites\/"},{"@type":"ListItem","position":2,"name":"Le prince Laurent admet dans un message comme le p\u00e8re biologique d&rsquo;un homme de 25 ans aujourd&rsquo;hui"}]},{"@type":"WebSite","@id":"https:\/\/vieassociative.be\/actualites\/#website","url":"https:\/\/vieassociative.be\/actualites\/","name":"Vie Associative","description":"","publisher":{"@id":"https:\/\/vieassociative.be\/actualites\/#organization"},"potentialAction":[{"@type":"SearchAction","target":{"@type":"EntryPoint","urlTemplate":"https:\/\/vieassociative.be\/actualites\/?s={search_term_string}"},"query-input":{"@type":"PropertyValueSpecification","valueRequired":true,"valueName":"search_term_string"}}],"inLanguage":"fr-BE"},{"@type":"Organization","@id":"https:\/\/vieassociative.be\/actualites\/#organization","name":"Vie Associative","url":"https:\/\/vieassociative.be\/actualites\/","logo":{"@type":"ImageObject","inLanguage":"fr-BE","@id":"https:\/\/vieassociative.be\/actualites\/#\/schema\/logo\/image\/","url":"https:\/\/vieassociative.be\/actualites\/wp-content\/uploads\/2024\/09\/cropped-vieassociative_favicon.ico.png","contentUrl":"https:\/\/vieassociative.be\/actualites\/wp-content\/uploads\/2024\/09\/cropped-vieassociative_favicon.ico.png","width":512,"height":512,"caption":"Vie Associative"},"image":{"@id":"https:\/\/vieassociative.be\/actualites\/#\/schema\/logo\/image\/"}},{"@type":"Person","@id":"https:\/\/vieassociative.be\/actualites\/#\/schema\/person\/b87ac4f82f9d4e7b7cec7395b679edc4","name":"Julien","image":{"@type":"ImageObject","inLanguage":"fr-BE","@id":"https:\/\/vieassociative.be\/actualites\/#\/schema\/person\/image\/","url":"https:\/\/vieassociative.be\/actualites\/wp-content\/uploads\/2024\/09\/vie-associative-1-150x150.jpg","contentUrl":"https:\/\/vieassociative.be\/actualites\/wp-content\/uploads\/2024\/09\/vie-associative-1-150x150.jpg","caption":"Julien"},"description":"Je suis Julien, r\u00e9dacteur pour Vie Associative. Passionn\u00e9 par le monde associatif depuis plus de 10 ans, j'ai \u00e0 c\u0153ur de partager des histoires inspirantes et de mettre en lumi\u00e8re les initiatives locales. Mon objectif est de sensibiliser et d'encourager l'engagement communautaire \u00e0 travers mes articles.","sameAs":["https:\/\/vieassociative.be\/"]}]}},"_links":{"self":[{"href":"https:\/\/vieassociative.be\/actualites\/wp-json\/wp\/v2\/posts\/9931"}],"collection":[{"href":"https:\/\/vieassociative.be\/actualites\/wp-json\/wp\/v2\/posts"}],"about":[{"href":"https:\/\/vieassociative.be\/actualites\/wp-json\/wp\/v2\/types\/post"}],"author":[{"embeddable":true,"href":"https:\/\/vieassociative.be\/actualites\/wp-json\/wp\/v2\/users\/1"}],"replies":[{"embeddable":true,"href":"https:\/\/vieassociative.be\/actualites\/wp-json\/wp\/v2\/comments?post=9931"}],"version-history":[{"count":0,"href":"https:\/\/vieassociative.be\/actualites\/wp-json\/wp\/v2\/posts\/9931\/revisions"}],"wp:featuredmedia":[{"embeddable":true,"href":"https:\/\/vieassociative.be\/actualites\/wp-json\/wp\/v2\/media\/9932"}],"wp:attachment":[{"href":"https:\/\/vieassociative.be\/actualites\/wp-json\/wp\/v2\/media?parent=9931"}],"wp:term":[{"taxonomy":"category","embeddable":true,"href":"https:\/\/vieassociative.be\/actualites\/wp-json\/wp\/v2\/categories?post=9931"},{"taxonomy":"post_tag","embeddable":true,"href":"https:\/\/vieassociative.be\/actualites\/wp-json\/wp\/v2\/tags?post=9931"}],"curies":[{"name":"wp","href":"https:\/\/api.w.org\/{rel}","templated":true}]}}