{"id":993,"date":"2024-10-08T15:38:00","date_gmt":"2024-10-08T13:38:00","guid":{"rendered":"https:\/\/vieassociative.be\/actualites\/le-capteur-de-couleur-nix-mini-3-est-actuellement-en-vente-au-prix-de-80\/"},"modified":"2024-10-08T15:38:00","modified_gmt":"2024-10-08T13:38:00","slug":"le-capteur-de-couleur-nix-mini-3-est-actuellement-en-vente-au-prix-de-80","status":"publish","type":"post","link":"https:\/\/vieassociative.be\/actualites\/le-capteur-de-couleur-nix-mini-3-est-actuellement-en-vente-au-prix-de-80\/","title":{"rendered":"Le capteur de couleur Nix Mini 3 est actuellement en vente au prix de 80 $"},"content":{"rendered":"<div class=\"mt-4 leading-6 md:mb-8\">Le capteur peut lire la couleur de presque n\u2019importe quelle surface, comme si vous disposiez d\u2019un outil de suppression de couleur dans la vraie vie.<\/div>\n<p><\/p>\n<p>Vous pouvez obtenir le scanner de correspondance des couleurs Nix Mini 3 en vente au prix de 79,99 $ d\u00e8s maintenant (r\u00e9g. 97 $). Il s&rsquo;agit de la nouvelle version du Nix Mini 2 le plus vendu, d\u00e9sormais dot\u00e9 d&rsquo;une pr\u00e9cision des couleurs am\u00e9lior\u00e9e, d&rsquo;une r\u00e9sistance IPX4 \u00e0 l&rsquo;eau et \u00e0 la poussi\u00e8re et d&rsquo;un chargement USB-C pour une plus longue dur\u00e9e de vie de la batterie. Vous pouvez num\u00e9riser pratiquement n&rsquo;importe quelle surface pour trouver sa correspondance de couleur avec plus de 200 000 couleurs de peinture de marque ou codes de couleur num\u00e9riques RVB, HEX ou CMJN. Il s&rsquo;associe \u00e0 votre smartphone, o\u00f9 vous pouvez enregistrer les couleurs dans l&rsquo;application Nix Toolkit. Vous pouvez \u00e9galement payer un suppl\u00e9ment pour correspondre \u00e0 des biblioth\u00e8ques premium telles que Pantone, RAL et NCS.<\/p>\n<p>Vous pouvez obtenir le scanner de correspondance des couleurs Nix Mini 3 en vente au prix de 79,99 $ d\u00e8s maintenant (r\u00e9g. 97 $), bien que les prix puissent changer \u00e0 tout moment.<\/p>\n<div class=\"mx-auto mt-8 w-full max-w-4xl\">\n<div id=\"video-container-Xib2g6vIkbQ\"><\/div>\n<\/div>\n","protected":false},"excerpt":{"rendered":"<p>Le capteur peut lire la couleur de presque n\u2019importe quelle surface, comme si vous disposiez d\u2019un outil de suppression de couleur dans la vraie vie.<\/p>\n","protected":false},"author":1,"featured_media":994,"comment_status":"","ping_status":"","sticky":false,"template":"","format":"standard","meta":{"footnotes":""},"categories":[40],"tags":[19,1526,1527,76,1529,1528,1399,223],"class_list":["post-993","post","type-post","status-publish","format-standard","has-post-thumbnail","hentry","category-maison","tag-actuellement","tag-capteur","tag-couleur","tag-est","tag-mini","tag-nix","tag-prix","tag-vente","generate-columns","tablet-grid-50","mobile-grid-100","grid-parent","grid-33"],"yoast_head":"<!-- This site is optimized with the Yoast SEO plugin v24.0 - https:\/\/yoast.com\/wordpress\/plugins\/seo\/ -->\n<title>Le capteur de couleur Nix Mini 3 est actuellement en vente au prix de 80 $ | Vie Associative<\/title>\n<meta name=\"robots\" content=\"index, follow, max-snippet:-1, max-image-preview:large, max-video-preview:-1\" \/>\n<link rel=\"canonical\" href=\"https:\/\/vieassociative.be\/actualites\/le-capteur-de-couleur-nix-mini-3-est-actuellement-en-vente-au-prix-de-80\/\" \/>\n<meta property=\"og:locale\" content=\"fr_FR\" \/>\n<meta property=\"og:type\" content=\"article\" \/>\n<meta property=\"og:title\" content=\"Le capteur de couleur Nix Mini 3 est actuellement en vente au prix de 80 $ | Vie Associative\" \/>\n<meta property=\"og:description\" content=\"Le capteur peut lire la couleur de presque n\u2019importe quelle surface, comme si vous disposiez d\u2019un outil de suppression de couleur dans la vraie vie.\" \/>\n<meta property=\"og:url\" content=\"https:\/\/vieassociative.be\/actualites\/le-capteur-de-couleur-nix-mini-3-est-actuellement-en-vente-au-prix-de-80\/\" \/>\n<meta property=\"og:site_name\" content=\"Vie Associative\" \/>\n<meta property=\"article:published_time\" content=\"2024-10-08T13:38:00+00:00\" \/>\n<meta property=\"og:image\" content=\"https:\/\/vieassociative.be\/actualites\/wp-content\/uploads\/2024\/09\/header_backgroundk-01-e1726694325946.png\" \/>\n\t<meta property=\"og:image:width\" content=\"279\" \/>\n\t<meta property=\"og:image:height\" content=\"92\" \/>\n\t<meta property=\"og:image:type\" content=\"image\/png\" \/>\n<meta name=\"author\" content=\"Julien\" \/>\n<meta name=\"twitter:card\" content=\"summary_large_image\" \/>\n<meta name=\"twitter:label1\" content=\"\u00c9crit par\" \/>\n\t<meta name=\"twitter:data1\" content=\"Julien\" \/>\n\t<meta name=\"twitter:label2\" content=\"Dur\u00e9e de lecture est.\" \/>\n\t<meta name=\"twitter:data2\" content=\"1 minute\" \/>\n<script type=\"application\/ld+json\" class=\"yoast-schema-graph\">{\"@context\":\"https:\/\/schema.org\",\"@graph\":[{\"@type\":\"Article\",\"@id\":\"https:\/\/vieassociative.be\/actualites\/le-capteur-de-couleur-nix-mini-3-est-actuellement-en-vente-au-prix-de-80\/#article\",\"isPartOf\":{\"@id\":\"https:\/\/vieassociative.be\/actualites\/le-capteur-de-couleur-nix-mini-3-est-actuellement-en-vente-au-prix-de-80\/\"},\"author\":{\"name\":\"Julien\",\"@id\":\"https:\/\/vieassociative.be\/actualites\/#\/schema\/person\/b87ac4f82f9d4e7b7cec7395b679edc4\"},\"headline\":\"Le capteur de couleur Nix Mini 3 est actuellement en vente au prix de 80 $\",\"datePublished\":\"2024-10-08T13:38:00+00:00\",\"dateModified\":\"2024-10-08T13:38:00+00:00\",\"mainEntityOfPage\":{\"@id\":\"https:\/\/vieassociative.be\/actualites\/le-capteur-de-couleur-nix-mini-3-est-actuellement-en-vente-au-prix-de-80\/\"},\"wordCount\":210,\"publisher\":{\"@id\":\"https:\/\/vieassociative.be\/actualites\/#organization\"},\"image\":{\"@id\":\"https:\/\/vieassociative.be\/actualites\/le-capteur-de-couleur-nix-mini-3-est-actuellement-en-vente-au-prix-de-80\/#primaryimage\"},\"thumbnailUrl\":\"https:\/\/vieassociative.be\/actualites\/wp-content\/uploads\/2024\/10\/Le-capteur-de-couleur-Nix-Mini-3-est-actuellement-en.png\",\"keywords\":[\"actuellement\",\"capteur\",\"couleur\",\"est\",\"Mini\",\"Nix\",\"prix\",\"vente\"],\"articleSection\":[\"Maison\"],\"inLanguage\":\"fr-BE\"},{\"@type\":\"WebPage\",\"@id\":\"https:\/\/vieassociative.be\/actualites\/le-capteur-de-couleur-nix-mini-3-est-actuellement-en-vente-au-prix-de-80\/\",\"url\":\"https:\/\/vieassociative.be\/actualites\/le-capteur-de-couleur-nix-mini-3-est-actuellement-en-vente-au-prix-de-80\/\",\"name\":\"Le capteur de couleur Nix Mini 3 est actuellement en vente au prix de 80 $ | Vie Associative\",\"isPartOf\":{\"@id\":\"https:\/\/vieassociative.be\/actualites\/#website\"},\"primaryImageOfPage\":{\"@id\":\"https:\/\/vieassociative.be\/actualites\/le-capteur-de-couleur-nix-mini-3-est-actuellement-en-vente-au-prix-de-80\/#primaryimage\"},\"image\":{\"@id\":\"https:\/\/vieassociative.be\/actualites\/le-capteur-de-couleur-nix-mini-3-est-actuellement-en-vente-au-prix-de-80\/#primaryimage\"},\"thumbnailUrl\":\"https:\/\/vieassociative.be\/actualites\/wp-content\/uploads\/2024\/10\/Le-capteur-de-couleur-Nix-Mini-3-est-actuellement-en.png\",\"datePublished\":\"2024-10-08T13:38:00+00:00\",\"dateModified\":\"2024-10-08T13:38:00+00:00\",\"breadcrumb\":{\"@id\":\"https:\/\/vieassociative.be\/actualites\/le-capteur-de-couleur-nix-mini-3-est-actuellement-en-vente-au-prix-de-80\/#breadcrumb\"},\"inLanguage\":\"fr-BE\",\"potentialAction\":[{\"@type\":\"ReadAction\",\"target\":[\"https:\/\/vieassociative.be\/actualites\/le-capteur-de-couleur-nix-mini-3-est-actuellement-en-vente-au-prix-de-80\/\"]}]},{\"@type\":\"ImageObject\",\"inLanguage\":\"fr-BE\",\"@id\":\"https:\/\/vieassociative.be\/actualites\/le-capteur-de-couleur-nix-mini-3-est-actuellement-en-vente-au-prix-de-80\/#primaryimage\",\"url\":\"https:\/\/vieassociative.be\/actualites\/wp-content\/uploads\/2024\/10\/Le-capteur-de-couleur-Nix-Mini-3-est-actuellement-en.png\",\"contentUrl\":\"https:\/\/vieassociative.be\/actualites\/wp-content\/uploads\/2024\/10\/Le-capteur-de-couleur-Nix-Mini-3-est-actuellement-en.png\",\"width\":1200,\"height\":675,\"caption\":\"Le capteur de couleur Nix Mini 3 est actuellement en vente au prix de 80 $\"},{\"@type\":\"BreadcrumbList\",\"@id\":\"https:\/\/vieassociative.be\/actualites\/le-capteur-de-couleur-nix-mini-3-est-actuellement-en-vente-au-prix-de-80\/#breadcrumb\",\"itemListElement\":[{\"@type\":\"ListItem\",\"position\":1,\"name\":\"Accueil\",\"item\":\"https:\/\/vieassociative.be\/actualites\/\"},{\"@type\":\"ListItem\",\"position\":2,\"name\":\"Le capteur de couleur Nix Mini 3 est actuellement en vente au prix de 80 $\"}]},{\"@type\":\"WebSite\",\"@id\":\"https:\/\/vieassociative.be\/actualites\/#website\",\"url\":\"https:\/\/vieassociative.be\/actualites\/\",\"name\":\"Vie Associative\",\"description\":\"\",\"publisher\":{\"@id\":\"https:\/\/vieassociative.be\/actualites\/#organization\"},\"potentialAction\":[{\"@type\":\"SearchAction\",\"target\":{\"@type\":\"EntryPoint\",\"urlTemplate\":\"https:\/\/vieassociative.be\/actualites\/?s={search_term_string}\"},\"query-input\":{\"@type\":\"PropertyValueSpecification\",\"valueRequired\":true,\"valueName\":\"search_term_string\"}}],\"inLanguage\":\"fr-BE\"},{\"@type\":\"Organization\",\"@id\":\"https:\/\/vieassociative.be\/actualites\/#organization\",\"name\":\"Vie Associative\",\"url\":\"https:\/\/vieassociative.be\/actualites\/\",\"logo\":{\"@type\":\"ImageObject\",\"inLanguage\":\"fr-BE\",\"@id\":\"https:\/\/vieassociative.be\/actualites\/#\/schema\/logo\/image\/\",\"url\":\"https:\/\/vieassociative.be\/actualites\/wp-content\/uploads\/2024\/09\/cropped-vieassociative_favicon.ico.png\",\"contentUrl\":\"https:\/\/vieassociative.be\/actualites\/wp-content\/uploads\/2024\/09\/cropped-vieassociative_favicon.ico.png\",\"width\":512,\"height\":512,\"caption\":\"Vie Associative\"},\"image\":{\"@id\":\"https:\/\/vieassociative.be\/actualites\/#\/schema\/logo\/image\/\"}},{\"@type\":\"Person\",\"@id\":\"https:\/\/vieassociative.be\/actualites\/#\/schema\/person\/b87ac4f82f9d4e7b7cec7395b679edc4\",\"name\":\"Julien\",\"image\":{\"@type\":\"ImageObject\",\"inLanguage\":\"fr-BE\",\"@id\":\"https:\/\/vieassociative.be\/actualites\/#\/schema\/person\/image\/\",\"url\":\"https:\/\/vieassociative.be\/actualites\/wp-content\/uploads\/2024\/09\/vie-associative-1-150x150.jpg\",\"contentUrl\":\"https:\/\/vieassociative.be\/actualites\/wp-content\/uploads\/2024\/09\/vie-associative-1-150x150.jpg\",\"caption\":\"Julien\"},\"description\":\"Je suis Julien, r\u00e9dacteur pour Vie Associative. Passionn\u00e9 par le monde associatif depuis plus de 10 ans, j'ai \u00e0 c\u0153ur de partager des histoires inspirantes et de mettre en lumi\u00e8re les initiatives locales. Mon objectif est de sensibiliser et d'encourager l'engagement communautaire \u00e0 travers mes articles.\",\"sameAs\":[\"https:\/\/vieassociative.be\/\"]}]}<\/script>\n<!-- \/ Yoast SEO plugin. -->","yoast_head_json":{"title":"Le capteur de couleur Nix Mini 3 est actuellement en vente au prix de 80 $ | Vie Associative","robots":{"index":"index","follow":"follow","max-snippet":"max-snippet:-1","max-image-preview":"max-image-preview:large","max-video-preview":"max-video-preview:-1"},"canonical":"https:\/\/vieassociative.be\/actualites\/le-capteur-de-couleur-nix-mini-3-est-actuellement-en-vente-au-prix-de-80\/","og_locale":"fr_FR","og_type":"article","og_title":"Le capteur de couleur Nix Mini 3 est actuellement en vente au prix de 80 $ | Vie Associative","og_description":"Le capteur peut lire la couleur de presque n\u2019importe quelle surface, comme si vous disposiez d\u2019un outil de suppression de couleur dans la vraie vie.","og_url":"https:\/\/vieassociative.be\/actualites\/le-capteur-de-couleur-nix-mini-3-est-actuellement-en-vente-au-prix-de-80\/","og_site_name":"Vie Associative","article_published_time":"2024-10-08T13:38:00+00:00","og_image":[{"width":279,"height":92,"url":"https:\/\/vieassociative.be\/actualites\/wp-content\/uploads\/2024\/09\/header_backgroundk-01-e1726694325946.png","type":"image\/png"}],"author":"Julien","twitter_card":"summary_large_image","twitter_misc":{"\u00c9crit par":"Julien","Dur\u00e9e de lecture est.":"1 minute"},"schema":{"@context":"https:\/\/schema.org","@graph":[{"@type":"Article","@id":"https:\/\/vieassociative.be\/actualites\/le-capteur-de-couleur-nix-mini-3-est-actuellement-en-vente-au-prix-de-80\/#article","isPartOf":{"@id":"https:\/\/vieassociative.be\/actualites\/le-capteur-de-couleur-nix-mini-3-est-actuellement-en-vente-au-prix-de-80\/"},"author":{"name":"Julien","@id":"https:\/\/vieassociative.be\/actualites\/#\/schema\/person\/b87ac4f82f9d4e7b7cec7395b679edc4"},"headline":"Le capteur de couleur Nix Mini 3 est actuellement en vente au prix de 80 $","datePublished":"2024-10-08T13:38:00+00:00","dateModified":"2024-10-08T13:38:00+00:00","mainEntityOfPage":{"@id":"https:\/\/vieassociative.be\/actualites\/le-capteur-de-couleur-nix-mini-3-est-actuellement-en-vente-au-prix-de-80\/"},"wordCount":210,"publisher":{"@id":"https:\/\/vieassociative.be\/actualites\/#organization"},"image":{"@id":"https:\/\/vieassociative.be\/actualites\/le-capteur-de-couleur-nix-mini-3-est-actuellement-en-vente-au-prix-de-80\/#primaryimage"},"thumbnailUrl":"https:\/\/vieassociative.be\/actualites\/wp-content\/uploads\/2024\/10\/Le-capteur-de-couleur-Nix-Mini-3-est-actuellement-en.png","keywords":["actuellement","capteur","couleur","est","Mini","Nix","prix","vente"],"articleSection":["Maison"],"inLanguage":"fr-BE"},{"@type":"WebPage","@id":"https:\/\/vieassociative.be\/actualites\/le-capteur-de-couleur-nix-mini-3-est-actuellement-en-vente-au-prix-de-80\/","url":"https:\/\/vieassociative.be\/actualites\/le-capteur-de-couleur-nix-mini-3-est-actuellement-en-vente-au-prix-de-80\/","name":"Le capteur de couleur Nix Mini 3 est actuellement en vente au prix de 80 $ | Vie Associative","isPartOf":{"@id":"https:\/\/vieassociative.be\/actualites\/#website"},"primaryImageOfPage":{"@id":"https:\/\/vieassociative.be\/actualites\/le-capteur-de-couleur-nix-mini-3-est-actuellement-en-vente-au-prix-de-80\/#primaryimage"},"image":{"@id":"https:\/\/vieassociative.be\/actualites\/le-capteur-de-couleur-nix-mini-3-est-actuellement-en-vente-au-prix-de-80\/#primaryimage"},"thumbnailUrl":"https:\/\/vieassociative.be\/actualites\/wp-content\/uploads\/2024\/10\/Le-capteur-de-couleur-Nix-Mini-3-est-actuellement-en.png","datePublished":"2024-10-08T13:38:00+00:00","dateModified":"2024-10-08T13:38:00+00:00","breadcrumb":{"@id":"https:\/\/vieassociative.be\/actualites\/le-capteur-de-couleur-nix-mini-3-est-actuellement-en-vente-au-prix-de-80\/#breadcrumb"},"inLanguage":"fr-BE","potentialAction":[{"@type":"ReadAction","target":["https:\/\/vieassociative.be\/actualites\/le-capteur-de-couleur-nix-mini-3-est-actuellement-en-vente-au-prix-de-80\/"]}]},{"@type":"ImageObject","inLanguage":"fr-BE","@id":"https:\/\/vieassociative.be\/actualites\/le-capteur-de-couleur-nix-mini-3-est-actuellement-en-vente-au-prix-de-80\/#primaryimage","url":"https:\/\/vieassociative.be\/actualites\/wp-content\/uploads\/2024\/10\/Le-capteur-de-couleur-Nix-Mini-3-est-actuellement-en.png","contentUrl":"https:\/\/vieassociative.be\/actualites\/wp-content\/uploads\/2024\/10\/Le-capteur-de-couleur-Nix-Mini-3-est-actuellement-en.png","width":1200,"height":675,"caption":"Le capteur de couleur Nix Mini 3 est actuellement en vente au prix de 80 $"},{"@type":"BreadcrumbList","@id":"https:\/\/vieassociative.be\/actualites\/le-capteur-de-couleur-nix-mini-3-est-actuellement-en-vente-au-prix-de-80\/#breadcrumb","itemListElement":[{"@type":"ListItem","position":1,"name":"Accueil","item":"https:\/\/vieassociative.be\/actualites\/"},{"@type":"ListItem","position":2,"name":"Le capteur de couleur Nix Mini 3 est actuellement en vente au prix de 80 $"}]},{"@type":"WebSite","@id":"https:\/\/vieassociative.be\/actualites\/#website","url":"https:\/\/vieassociative.be\/actualites\/","name":"Vie Associative","description":"","publisher":{"@id":"https:\/\/vieassociative.be\/actualites\/#organization"},"potentialAction":[{"@type":"SearchAction","target":{"@type":"EntryPoint","urlTemplate":"https:\/\/vieassociative.be\/actualites\/?s={search_term_string}"},"query-input":{"@type":"PropertyValueSpecification","valueRequired":true,"valueName":"search_term_string"}}],"inLanguage":"fr-BE"},{"@type":"Organization","@id":"https:\/\/vieassociative.be\/actualites\/#organization","name":"Vie Associative","url":"https:\/\/vieassociative.be\/actualites\/","logo":{"@type":"ImageObject","inLanguage":"fr-BE","@id":"https:\/\/vieassociative.be\/actualites\/#\/schema\/logo\/image\/","url":"https:\/\/vieassociative.be\/actualites\/wp-content\/uploads\/2024\/09\/cropped-vieassociative_favicon.ico.png","contentUrl":"https:\/\/vieassociative.be\/actualites\/wp-content\/uploads\/2024\/09\/cropped-vieassociative_favicon.ico.png","width":512,"height":512,"caption":"Vie Associative"},"image":{"@id":"https:\/\/vieassociative.be\/actualites\/#\/schema\/logo\/image\/"}},{"@type":"Person","@id":"https:\/\/vieassociative.be\/actualites\/#\/schema\/person\/b87ac4f82f9d4e7b7cec7395b679edc4","name":"Julien","image":{"@type":"ImageObject","inLanguage":"fr-BE","@id":"https:\/\/vieassociative.be\/actualites\/#\/schema\/person\/image\/","url":"https:\/\/vieassociative.be\/actualites\/wp-content\/uploads\/2024\/09\/vie-associative-1-150x150.jpg","contentUrl":"https:\/\/vieassociative.be\/actualites\/wp-content\/uploads\/2024\/09\/vie-associative-1-150x150.jpg","caption":"Julien"},"description":"Je suis Julien, r\u00e9dacteur pour Vie Associative. Passionn\u00e9 par le monde associatif depuis plus de 10 ans, j'ai \u00e0 c\u0153ur de partager des histoires inspirantes et de mettre en lumi\u00e8re les initiatives locales. Mon objectif est de sensibiliser et d'encourager l'engagement communautaire \u00e0 travers mes articles.","sameAs":["https:\/\/vieassociative.be\/"]}]}},"_links":{"self":[{"href":"https:\/\/vieassociative.be\/actualites\/wp-json\/wp\/v2\/posts\/993"}],"collection":[{"href":"https:\/\/vieassociative.be\/actualites\/wp-json\/wp\/v2\/posts"}],"about":[{"href":"https:\/\/vieassociative.be\/actualites\/wp-json\/wp\/v2\/types\/post"}],"author":[{"embeddable":true,"href":"https:\/\/vieassociative.be\/actualites\/wp-json\/wp\/v2\/users\/1"}],"replies":[{"embeddable":true,"href":"https:\/\/vieassociative.be\/actualites\/wp-json\/wp\/v2\/comments?post=993"}],"version-history":[{"count":0,"href":"https:\/\/vieassociative.be\/actualites\/wp-json\/wp\/v2\/posts\/993\/revisions"}],"wp:featuredmedia":[{"embeddable":true,"href":"https:\/\/vieassociative.be\/actualites\/wp-json\/wp\/v2\/media\/994"}],"wp:attachment":[{"href":"https:\/\/vieassociative.be\/actualites\/wp-json\/wp\/v2\/media?parent=993"}],"wp:term":[{"taxonomy":"category","embeddable":true,"href":"https:\/\/vieassociative.be\/actualites\/wp-json\/wp\/v2\/categories?post=993"},{"taxonomy":"post_tag","embeddable":true,"href":"https:\/\/vieassociative.be\/actualites\/wp-json\/wp\/v2\/tags?post=993"}],"curies":[{"name":"wp","href":"https:\/\/api.w.org\/{rel}","templated":true}]}}