{"id":9925,"date":"2025-09-09T16:17:31","date_gmt":"2025-09-09T14:17:31","guid":{"rendered":"https:\/\/vieassociative.be\/actualites\/retrovision-montre-le-classique-de-hitchcock-psycho-milestone-of-the-cinema-vendredi-dans-le-cinema-eupener\/"},"modified":"2025-09-09T16:17:31","modified_gmt":"2025-09-09T14:17:31","slug":"retrovision-montre-le-classique-de-hitchcock-psycho-milestone-of-the-cinema-vendredi-dans-le-cinema-eupener","status":"publish","type":"post","link":"https:\/\/vieassociative.be\/actualites\/retrovision-montre-le-classique-de-hitchcock-psycho-milestone-of-the-cinema-vendredi-dans-le-cinema-eupener\/","title":{"rendered":"Retrovision montre le classique de Hitchcock \u00ab\u00a0Psycho\u00a0\u00bb -Milestone of the Cinema vendredi dans le cin\u00e9ma Eupener"},"content":{"rendered":"<p><strong>Au d\u00e9but de la troisi\u00e8me saison, le projet de cin\u00e9ma Retrovision montre le classique de Hitchcock \u00ab\u00a0Psycho\u00a0\u00bb le vendredi 12 septembre \u00e0 20 h. Dans le cin\u00e9ma Eupener, qui est entr\u00e9 dans l&rsquo;histoire du cin\u00e9ma.<\/strong><\/p>\n<p><span id=\"more-424165\"><\/span>Le film a \u00e9t\u00e9 innovant en 1960. Au d\u00e9but, il y avait la c\u00e9l\u00e8bre sc\u00e8ne de douche. Il est consid\u00e9r\u00e9 comme un excellent exemple de la fa\u00e7on dont la coupe du film peut sugg\u00e9rer la violence sans le montrer explicitement.<\/p>\n<p>Le son doit \u00e9galement \u00eatre soulign\u00e9. La musique de Bernard Herrmann (les violons hurlantes) a r\u00e9volutionn\u00e9 l&rsquo;importance du son dans l&rsquo;horreur. Jusque-l\u00e0, la musique n&rsquo;accompagnait souvent que, elle est devenue ici une attaque psychologique.<\/p>\n<\/p>\n<div id=\"attachment_222527\" class=\"wp-caption alignleft\" style=\"max-width: 200px\"><img fetchpriority=\"high\" decoding=\"async\" class=\"wp-image-222527 size-medium\" src=\"https:\/\/vieassociative.be\/actualites\/wp-content\/uploads\/2025\/09\/Retrovision-montre-le-classique-de-Hitchcock-Psycho-Milestone-of-the.jpeg\" alt=\"\" width=\"200\" height=\"300\"  ><\/div>\n<p>Enfin, le g\u00e9nie du film a utilis\u00e9 des perspectives inhabituelles Hitchcock pour cr\u00e9er de l&rsquo;inconfort et de la distance. Cela s&rsquo;applique, par exemple, \u00e0 la vue de l&rsquo;oiseau du meurtre dans la cage d&rsquo;escalier.<\/p>\n<p>Lorsque le film est sorti, les amateurs de cin\u00e9ma ont \u00e9t\u00e9 choqu\u00e9s. Beaucoup n&rsquo;avaient jamais rien vu de tel. Hitchcock a utilis\u00e9 quelques astuces de marketing: les op\u00e9rateurs de cin\u00e9ma n&rsquo;\u00e9taient plus autoris\u00e9s \u00e0 entrer \u00e0 quiconque au d\u00e9but du film. Cela a fait de la visite du cin\u00e9ma une exp\u00e9rience unique.<\/p>\n<p>\u00ab\u00a0Psycho\u00a0\u00bb raconte Marion Crane (Janet Leigh), une secr\u00e9taire qui vole et fuit de l&rsquo;argent \u00e0 son patron dans un moment de d\u00e9sespoir. En fuite, elle se retrouve dans un motel \u00e9loign\u00e9 qui est dirig\u00e9 par le jeune homme r\u00e9serv\u00e9 Norman Bates (Anthony Perkins).<\/p>\n<p>Une \u00e9trange tension se d\u00e9veloppe entre les deux. Marion pense \u00e0 r\u00e9organiser sa vie, Norman a l&rsquo;air amical mais \u00e9trangement li\u00e9 \u00e0 sa m\u00e8re dominante.<\/p>\n<p>Ensuite, un meurtre inattendu se produit qui dirige l&rsquo;histoire dans une direction compl\u00e8tement diff\u00e9rente: du vol de Marion \u00e0 la question de ce qui se passe vraiment dans le monde de Bates Motel et Norman.<\/p>\n<p>Le film est un m\u00e9lange de thriller, d&rsquo;ant\u00e9c\u00e9dents criminels et de psychodrame, qui continue de diriger le public sur de fausses pistes.<\/p>\n<\/p>\n<div id=\"attachment_424181\" class=\"wp-caption alignleft\" style=\"max-width: 271px\"><img decoding=\"async\" class=\"wp-image-424181 size-medium\" src=\"https:\/\/vieassociative.be\/actualites\/wp-content\/uploads\/2025\/09\/Retrovision-montre-le-classique-de-Hitchcock-Psycho-Milestone-of-the.jpg\" alt=\"\" width=\"271\" height=\"300\"  ><\/div>\n<p>Le projet \u00abRetrovision\u00bb est une initiative d&rsquo;un groupe de cin\u00e9astes et d&rsquo;amateurs de cin\u00e9ma belge orientaux, qui s&rsquo;est fix\u00e9 l&rsquo;objectif de ramener \u00e0 nouveau le classique embl\u00e9matique sur grand \u00e9cran. En coop\u00e9ration avec Kultkom, le comit\u00e9 culturel de la ville d&rsquo;Eupen et l&rsquo;infrastructure du cin\u00e9ma d&rsquo;Eupen, le projet a \u00e9t\u00e9 lanc\u00e9 au d\u00e9but de l&rsquo;\u00e9t\u00e9 2023.<\/p>\n<p>\u00ab\u00a0Retrovision\u00a0\u00bb veut aborder la nostalgie du public. En particulier, la g\u00e9n\u00e9ration plus \u00e2g\u00e9e a l&rsquo;occasion de pr\u00e9senter de grands films \u00e0 leurs enfants ou petits-enfants sur un grand \u00e9cran.<\/p>\n<p>Le programme de soutien est con\u00e7u de telle mani\u00e8re qu&rsquo;il est relaxant et divertissant pour le public. La musique accompagne les \u00e9v\u00e9nements, que ce soit comme une bande-son r\u00e9frig\u00e9r\u00e9e dans la grande salle ou avec un DJ en direct dans le foyer.<\/p>\n<p>\u00ab\u00a0Retrovision offre aux t\u00e9l\u00e9spectateurs la possibilit\u00e9 de s&rsquo;\u00e9teindre pendant quelques heures, de parler \u00e0 des personnes partageant les m\u00eames id\u00e9es ou simplement de profiter. Les soir\u00e9es r\u00e9unissent des gens int\u00e9ressants qui ne se sont peut-\u00eatre pas vus pendant un certain temps. Le hall de la jeune maison de charni\u00e8re est ouvert \u00e0 chaque soir\u00e9e de r\u00e9trovision et propose de d\u00e9licieuses bi\u00e8res pour une d\u00e9gustation partag\u00e9e\u00a0\u00bb, a d\u00e9clar\u00e9 les auteurs du projet.<\/p>\n<p><i>Pour seulement 6 euros, vous pouvez regarder un excellent film, rencontrer des gens sympas et prendre un verre. Plus d&rsquo;informations sous <u>r\u00e9trovision.cinema eupen.be<\/u> et <u>www.kultkom.be<\/u><\/i><\/p>\n","protected":false},"excerpt":{"rendered":"<p>Au d\u00e9but de la troisi\u00e8me saison, le projet de cin\u00e9ma Retrovision montre le classique de Hitchcock \u00ab\u00a0Psycho\u00a0\u00bb le vendredi 12 septembre \u00e0 20 h. Dans<\/p>\n","protected":false},"author":1,"featured_media":9926,"comment_status":"","ping_status":"","sticky":false,"template":"","format":"standard","meta":{"footnotes":""},"categories":[298],"tags":[98,3642,166,5049,8470,8472,1252,8471,2386,252],"class_list":["post-9925","post","type-post","status-publish","format-standard","has-post-thumbnail","hentry","category-belgique","tag-cinema","tag-classique","tag-dans","tag-eupener","tag-hitchcock","tag-milestone","tag-montre","tag-psycho","tag-retrovision","tag-vendredi","generate-columns","tablet-grid-50","mobile-grid-100","grid-parent","grid-33"],"yoast_head":"<!-- This site is optimized with the Yoast SEO plugin v24.0 - https:\/\/yoast.com\/wordpress\/plugins\/seo\/ -->\n<title>Retrovision montre le classique de Hitchcock &quot;Psycho&quot; -Milestone of the Cinema vendredi dans le cin\u00e9ma Eupener | Vie Associative<\/title>\n<meta name=\"robots\" content=\"index, follow, max-snippet:-1, max-image-preview:large, max-video-preview:-1\" \/>\n<link rel=\"canonical\" href=\"https:\/\/vieassociative.be\/actualites\/retrovision-montre-le-classique-de-hitchcock-psycho-milestone-of-the-cinema-vendredi-dans-le-cinema-eupener\/\" \/>\n<meta property=\"og:locale\" content=\"fr_FR\" \/>\n<meta property=\"og:type\" content=\"article\" \/>\n<meta property=\"og:title\" content=\"Retrovision montre le classique de Hitchcock &quot;Psycho&quot; -Milestone of the Cinema vendredi dans le cin\u00e9ma Eupener | Vie Associative\" \/>\n<meta property=\"og:description\" content=\"Au d\u00e9but de la troisi\u00e8me saison, le projet de cin\u00e9ma Retrovision montre le classique de Hitchcock \u00ab\u00a0Psycho\u00a0\u00bb le vendredi 12 septembre \u00e0 20 h. Dans\" \/>\n<meta property=\"og:url\" content=\"https:\/\/vieassociative.be\/actualites\/retrovision-montre-le-classique-de-hitchcock-psycho-milestone-of-the-cinema-vendredi-dans-le-cinema-eupener\/\" \/>\n<meta property=\"og:site_name\" content=\"Vie Associative\" \/>\n<meta property=\"article:published_time\" content=\"2025-09-09T14:17:31+00:00\" \/>\n<meta property=\"og:image\" content=\"https:\/\/vieassociative.be\/actualites\/wp-content\/uploads\/2024\/09\/header_backgroundk-01-e1726694325946.png\" \/>\n\t<meta property=\"og:image:width\" content=\"279\" \/>\n\t<meta property=\"og:image:height\" content=\"92\" \/>\n\t<meta property=\"og:image:type\" content=\"image\/png\" \/>\n<meta name=\"author\" content=\"Julien\" \/>\n<meta name=\"twitter:card\" content=\"summary_large_image\" \/>\n<meta name=\"twitter:label1\" content=\"\u00c9crit par\" \/>\n\t<meta name=\"twitter:data1\" content=\"Julien\" \/>\n\t<meta name=\"twitter:label2\" content=\"Dur\u00e9e de lecture est.\" \/>\n\t<meta name=\"twitter:data2\" content=\"3 minutes\" \/>\n<script type=\"application\/ld+json\" class=\"yoast-schema-graph\">{\"@context\":\"https:\/\/schema.org\",\"@graph\":[{\"@type\":\"Article\",\"@id\":\"https:\/\/vieassociative.be\/actualites\/retrovision-montre-le-classique-de-hitchcock-psycho-milestone-of-the-cinema-vendredi-dans-le-cinema-eupener\/#article\",\"isPartOf\":{\"@id\":\"https:\/\/vieassociative.be\/actualites\/retrovision-montre-le-classique-de-hitchcock-psycho-milestone-of-the-cinema-vendredi-dans-le-cinema-eupener\/\"},\"author\":{\"name\":\"Julien\",\"@id\":\"https:\/\/vieassociative.be\/actualites\/#\/schema\/person\/b87ac4f82f9d4e7b7cec7395b679edc4\"},\"headline\":\"Retrovision montre le classique de Hitchcock \u00ab\u00a0Psycho\u00a0\u00bb -Milestone of the Cinema vendredi dans le cin\u00e9ma Eupener\",\"datePublished\":\"2025-09-09T14:17:31+00:00\",\"dateModified\":\"2025-09-09T14:17:31+00:00\",\"mainEntityOfPage\":{\"@id\":\"https:\/\/vieassociative.be\/actualites\/retrovision-montre-le-classique-de-hitchcock-psycho-milestone-of-the-cinema-vendredi-dans-le-cinema-eupener\/\"},\"wordCount\":640,\"publisher\":{\"@id\":\"https:\/\/vieassociative.be\/actualites\/#organization\"},\"image\":{\"@id\":\"https:\/\/vieassociative.be\/actualites\/retrovision-montre-le-classique-de-hitchcock-psycho-milestone-of-the-cinema-vendredi-dans-le-cinema-eupener\/#primaryimage\"},\"thumbnailUrl\":\"https:\/\/vieassociative.be\/actualites\/wp-content\/uploads\/2025\/09\/1757427451_Retrovision-montre-le-classique-de-Hitchcock-Psycho-Milestone-of-the.jpg\",\"keywords\":[\"cin\u00e9ma\",\"classique\",\"dans\",\"Eupener\",\"Hitchcock\",\"Milestone\",\"montre\",\"Psycho\",\"R\u00e9trovision\",\"vendredi\"],\"articleSection\":[\"Belgique\"],\"inLanguage\":\"fr-BE\"},{\"@type\":\"WebPage\",\"@id\":\"https:\/\/vieassociative.be\/actualites\/retrovision-montre-le-classique-de-hitchcock-psycho-milestone-of-the-cinema-vendredi-dans-le-cinema-eupener\/\",\"url\":\"https:\/\/vieassociative.be\/actualites\/retrovision-montre-le-classique-de-hitchcock-psycho-milestone-of-the-cinema-vendredi-dans-le-cinema-eupener\/\",\"name\":\"Retrovision montre le classique de Hitchcock \\\"Psycho\\\" -Milestone of the Cinema vendredi dans le cin\u00e9ma Eupener | Vie Associative\",\"isPartOf\":{\"@id\":\"https:\/\/vieassociative.be\/actualites\/#website\"},\"primaryImageOfPage\":{\"@id\":\"https:\/\/vieassociative.be\/actualites\/retrovision-montre-le-classique-de-hitchcock-psycho-milestone-of-the-cinema-vendredi-dans-le-cinema-eupener\/#primaryimage\"},\"image\":{\"@id\":\"https:\/\/vieassociative.be\/actualites\/retrovision-montre-le-classique-de-hitchcock-psycho-milestone-of-the-cinema-vendredi-dans-le-cinema-eupener\/#primaryimage\"},\"thumbnailUrl\":\"https:\/\/vieassociative.be\/actualites\/wp-content\/uploads\/2025\/09\/1757427451_Retrovision-montre-le-classique-de-Hitchcock-Psycho-Milestone-of-the.jpg\",\"datePublished\":\"2025-09-09T14:17:31+00:00\",\"dateModified\":\"2025-09-09T14:17:31+00:00\",\"breadcrumb\":{\"@id\":\"https:\/\/vieassociative.be\/actualites\/retrovision-montre-le-classique-de-hitchcock-psycho-milestone-of-the-cinema-vendredi-dans-le-cinema-eupener\/#breadcrumb\"},\"inLanguage\":\"fr-BE\",\"potentialAction\":[{\"@type\":\"ReadAction\",\"target\":[\"https:\/\/vieassociative.be\/actualites\/retrovision-montre-le-classique-de-hitchcock-psycho-milestone-of-the-cinema-vendredi-dans-le-cinema-eupener\/\"]}]},{\"@type\":\"ImageObject\",\"inLanguage\":\"fr-BE\",\"@id\":\"https:\/\/vieassociative.be\/actualites\/retrovision-montre-le-classique-de-hitchcock-psycho-milestone-of-the-cinema-vendredi-dans-le-cinema-eupener\/#primaryimage\",\"url\":\"https:\/\/vieassociative.be\/actualites\/wp-content\/uploads\/2025\/09\/1757427451_Retrovision-montre-le-classique-de-Hitchcock-Psycho-Milestone-of-the.jpg\",\"contentUrl\":\"https:\/\/vieassociative.be\/actualites\/wp-content\/uploads\/2025\/09\/1757427451_Retrovision-montre-le-classique-de-Hitchcock-Psycho-Milestone-of-the.jpg\",\"width\":900,\"height\":600,\"caption\":\"Retrovision montre le classique de Hitchcock \\\"Psycho\\\" -Milestone of the Cinema vendredi dans le cin\u00e9ma Eupener\"},{\"@type\":\"BreadcrumbList\",\"@id\":\"https:\/\/vieassociative.be\/actualites\/retrovision-montre-le-classique-de-hitchcock-psycho-milestone-of-the-cinema-vendredi-dans-le-cinema-eupener\/#breadcrumb\",\"itemListElement\":[{\"@type\":\"ListItem\",\"position\":1,\"name\":\"Accueil\",\"item\":\"https:\/\/vieassociative.be\/actualites\/\"},{\"@type\":\"ListItem\",\"position\":2,\"name\":\"Retrovision montre le classique de Hitchcock \u00ab\u00a0Psycho\u00a0\u00bb -Milestone of the Cinema vendredi dans le cin\u00e9ma Eupener\"}]},{\"@type\":\"WebSite\",\"@id\":\"https:\/\/vieassociative.be\/actualites\/#website\",\"url\":\"https:\/\/vieassociative.be\/actualites\/\",\"name\":\"Vie Associative\",\"description\":\"\",\"publisher\":{\"@id\":\"https:\/\/vieassociative.be\/actualites\/#organization\"},\"potentialAction\":[{\"@type\":\"SearchAction\",\"target\":{\"@type\":\"EntryPoint\",\"urlTemplate\":\"https:\/\/vieassociative.be\/actualites\/?s={search_term_string}\"},\"query-input\":{\"@type\":\"PropertyValueSpecification\",\"valueRequired\":true,\"valueName\":\"search_term_string\"}}],\"inLanguage\":\"fr-BE\"},{\"@type\":\"Organization\",\"@id\":\"https:\/\/vieassociative.be\/actualites\/#organization\",\"name\":\"Vie Associative\",\"url\":\"https:\/\/vieassociative.be\/actualites\/\",\"logo\":{\"@type\":\"ImageObject\",\"inLanguage\":\"fr-BE\",\"@id\":\"https:\/\/vieassociative.be\/actualites\/#\/schema\/logo\/image\/\",\"url\":\"https:\/\/vieassociative.be\/actualites\/wp-content\/uploads\/2024\/09\/cropped-vieassociative_favicon.ico.png\",\"contentUrl\":\"https:\/\/vieassociative.be\/actualites\/wp-content\/uploads\/2024\/09\/cropped-vieassociative_favicon.ico.png\",\"width\":512,\"height\":512,\"caption\":\"Vie Associative\"},\"image\":{\"@id\":\"https:\/\/vieassociative.be\/actualites\/#\/schema\/logo\/image\/\"}},{\"@type\":\"Person\",\"@id\":\"https:\/\/vieassociative.be\/actualites\/#\/schema\/person\/b87ac4f82f9d4e7b7cec7395b679edc4\",\"name\":\"Julien\",\"image\":{\"@type\":\"ImageObject\",\"inLanguage\":\"fr-BE\",\"@id\":\"https:\/\/vieassociative.be\/actualites\/#\/schema\/person\/image\/\",\"url\":\"https:\/\/vieassociative.be\/actualites\/wp-content\/uploads\/2024\/09\/vie-associative-1-150x150.jpg\",\"contentUrl\":\"https:\/\/vieassociative.be\/actualites\/wp-content\/uploads\/2024\/09\/vie-associative-1-150x150.jpg\",\"caption\":\"Julien\"},\"description\":\"Je suis Julien, r\u00e9dacteur pour Vie Associative. Passionn\u00e9 par le monde associatif depuis plus de 10 ans, j'ai \u00e0 c\u0153ur de partager des histoires inspirantes et de mettre en lumi\u00e8re les initiatives locales. Mon objectif est de sensibiliser et d'encourager l'engagement communautaire \u00e0 travers mes articles.\",\"sameAs\":[\"https:\/\/vieassociative.be\/\"]}]}<\/script>\n<!-- \/ Yoast SEO plugin. -->","yoast_head_json":{"title":"Retrovision montre le classique de Hitchcock \"Psycho\" -Milestone of the Cinema vendredi dans le cin\u00e9ma Eupener | Vie Associative","robots":{"index":"index","follow":"follow","max-snippet":"max-snippet:-1","max-image-preview":"max-image-preview:large","max-video-preview":"max-video-preview:-1"},"canonical":"https:\/\/vieassociative.be\/actualites\/retrovision-montre-le-classique-de-hitchcock-psycho-milestone-of-the-cinema-vendredi-dans-le-cinema-eupener\/","og_locale":"fr_FR","og_type":"article","og_title":"Retrovision montre le classique de Hitchcock \"Psycho\" -Milestone of the Cinema vendredi dans le cin\u00e9ma Eupener | Vie Associative","og_description":"Au d\u00e9but de la troisi\u00e8me saison, le projet de cin\u00e9ma Retrovision montre le classique de Hitchcock \u00ab\u00a0Psycho\u00a0\u00bb le vendredi 12 septembre \u00e0 20 h. Dans","og_url":"https:\/\/vieassociative.be\/actualites\/retrovision-montre-le-classique-de-hitchcock-psycho-milestone-of-the-cinema-vendredi-dans-le-cinema-eupener\/","og_site_name":"Vie Associative","article_published_time":"2025-09-09T14:17:31+00:00","og_image":[{"width":279,"height":92,"url":"https:\/\/vieassociative.be\/actualites\/wp-content\/uploads\/2024\/09\/header_backgroundk-01-e1726694325946.png","type":"image\/png"}],"author":"Julien","twitter_card":"summary_large_image","twitter_misc":{"\u00c9crit par":"Julien","Dur\u00e9e de lecture est.":"3 minutes"},"schema":{"@context":"https:\/\/schema.org","@graph":[{"@type":"Article","@id":"https:\/\/vieassociative.be\/actualites\/retrovision-montre-le-classique-de-hitchcock-psycho-milestone-of-the-cinema-vendredi-dans-le-cinema-eupener\/#article","isPartOf":{"@id":"https:\/\/vieassociative.be\/actualites\/retrovision-montre-le-classique-de-hitchcock-psycho-milestone-of-the-cinema-vendredi-dans-le-cinema-eupener\/"},"author":{"name":"Julien","@id":"https:\/\/vieassociative.be\/actualites\/#\/schema\/person\/b87ac4f82f9d4e7b7cec7395b679edc4"},"headline":"Retrovision montre le classique de Hitchcock \u00ab\u00a0Psycho\u00a0\u00bb -Milestone of the Cinema vendredi dans le cin\u00e9ma Eupener","datePublished":"2025-09-09T14:17:31+00:00","dateModified":"2025-09-09T14:17:31+00:00","mainEntityOfPage":{"@id":"https:\/\/vieassociative.be\/actualites\/retrovision-montre-le-classique-de-hitchcock-psycho-milestone-of-the-cinema-vendredi-dans-le-cinema-eupener\/"},"wordCount":640,"publisher":{"@id":"https:\/\/vieassociative.be\/actualites\/#organization"},"image":{"@id":"https:\/\/vieassociative.be\/actualites\/retrovision-montre-le-classique-de-hitchcock-psycho-milestone-of-the-cinema-vendredi-dans-le-cinema-eupener\/#primaryimage"},"thumbnailUrl":"https:\/\/vieassociative.be\/actualites\/wp-content\/uploads\/2025\/09\/1757427451_Retrovision-montre-le-classique-de-Hitchcock-Psycho-Milestone-of-the.jpg","keywords":["cin\u00e9ma","classique","dans","Eupener","Hitchcock","Milestone","montre","Psycho","R\u00e9trovision","vendredi"],"articleSection":["Belgique"],"inLanguage":"fr-BE"},{"@type":"WebPage","@id":"https:\/\/vieassociative.be\/actualites\/retrovision-montre-le-classique-de-hitchcock-psycho-milestone-of-the-cinema-vendredi-dans-le-cinema-eupener\/","url":"https:\/\/vieassociative.be\/actualites\/retrovision-montre-le-classique-de-hitchcock-psycho-milestone-of-the-cinema-vendredi-dans-le-cinema-eupener\/","name":"Retrovision montre le classique de Hitchcock \"Psycho\" -Milestone of the Cinema vendredi dans le cin\u00e9ma Eupener | Vie Associative","isPartOf":{"@id":"https:\/\/vieassociative.be\/actualites\/#website"},"primaryImageOfPage":{"@id":"https:\/\/vieassociative.be\/actualites\/retrovision-montre-le-classique-de-hitchcock-psycho-milestone-of-the-cinema-vendredi-dans-le-cinema-eupener\/#primaryimage"},"image":{"@id":"https:\/\/vieassociative.be\/actualites\/retrovision-montre-le-classique-de-hitchcock-psycho-milestone-of-the-cinema-vendredi-dans-le-cinema-eupener\/#primaryimage"},"thumbnailUrl":"https:\/\/vieassociative.be\/actualites\/wp-content\/uploads\/2025\/09\/1757427451_Retrovision-montre-le-classique-de-Hitchcock-Psycho-Milestone-of-the.jpg","datePublished":"2025-09-09T14:17:31+00:00","dateModified":"2025-09-09T14:17:31+00:00","breadcrumb":{"@id":"https:\/\/vieassociative.be\/actualites\/retrovision-montre-le-classique-de-hitchcock-psycho-milestone-of-the-cinema-vendredi-dans-le-cinema-eupener\/#breadcrumb"},"inLanguage":"fr-BE","potentialAction":[{"@type":"ReadAction","target":["https:\/\/vieassociative.be\/actualites\/retrovision-montre-le-classique-de-hitchcock-psycho-milestone-of-the-cinema-vendredi-dans-le-cinema-eupener\/"]}]},{"@type":"ImageObject","inLanguage":"fr-BE","@id":"https:\/\/vieassociative.be\/actualites\/retrovision-montre-le-classique-de-hitchcock-psycho-milestone-of-the-cinema-vendredi-dans-le-cinema-eupener\/#primaryimage","url":"https:\/\/vieassociative.be\/actualites\/wp-content\/uploads\/2025\/09\/1757427451_Retrovision-montre-le-classique-de-Hitchcock-Psycho-Milestone-of-the.jpg","contentUrl":"https:\/\/vieassociative.be\/actualites\/wp-content\/uploads\/2025\/09\/1757427451_Retrovision-montre-le-classique-de-Hitchcock-Psycho-Milestone-of-the.jpg","width":900,"height":600,"caption":"Retrovision montre le classique de Hitchcock \"Psycho\" -Milestone of the Cinema vendredi dans le cin\u00e9ma Eupener"},{"@type":"BreadcrumbList","@id":"https:\/\/vieassociative.be\/actualites\/retrovision-montre-le-classique-de-hitchcock-psycho-milestone-of-the-cinema-vendredi-dans-le-cinema-eupener\/#breadcrumb","itemListElement":[{"@type":"ListItem","position":1,"name":"Accueil","item":"https:\/\/vieassociative.be\/actualites\/"},{"@type":"ListItem","position":2,"name":"Retrovision montre le classique de Hitchcock \u00ab\u00a0Psycho\u00a0\u00bb -Milestone of the Cinema vendredi dans le cin\u00e9ma Eupener"}]},{"@type":"WebSite","@id":"https:\/\/vieassociative.be\/actualites\/#website","url":"https:\/\/vieassociative.be\/actualites\/","name":"Vie Associative","description":"","publisher":{"@id":"https:\/\/vieassociative.be\/actualites\/#organization"},"potentialAction":[{"@type":"SearchAction","target":{"@type":"EntryPoint","urlTemplate":"https:\/\/vieassociative.be\/actualites\/?s={search_term_string}"},"query-input":{"@type":"PropertyValueSpecification","valueRequired":true,"valueName":"search_term_string"}}],"inLanguage":"fr-BE"},{"@type":"Organization","@id":"https:\/\/vieassociative.be\/actualites\/#organization","name":"Vie Associative","url":"https:\/\/vieassociative.be\/actualites\/","logo":{"@type":"ImageObject","inLanguage":"fr-BE","@id":"https:\/\/vieassociative.be\/actualites\/#\/schema\/logo\/image\/","url":"https:\/\/vieassociative.be\/actualites\/wp-content\/uploads\/2024\/09\/cropped-vieassociative_favicon.ico.png","contentUrl":"https:\/\/vieassociative.be\/actualites\/wp-content\/uploads\/2024\/09\/cropped-vieassociative_favicon.ico.png","width":512,"height":512,"caption":"Vie Associative"},"image":{"@id":"https:\/\/vieassociative.be\/actualites\/#\/schema\/logo\/image\/"}},{"@type":"Person","@id":"https:\/\/vieassociative.be\/actualites\/#\/schema\/person\/b87ac4f82f9d4e7b7cec7395b679edc4","name":"Julien","image":{"@type":"ImageObject","inLanguage":"fr-BE","@id":"https:\/\/vieassociative.be\/actualites\/#\/schema\/person\/image\/","url":"https:\/\/vieassociative.be\/actualites\/wp-content\/uploads\/2024\/09\/vie-associative-1-150x150.jpg","contentUrl":"https:\/\/vieassociative.be\/actualites\/wp-content\/uploads\/2024\/09\/vie-associative-1-150x150.jpg","caption":"Julien"},"description":"Je suis Julien, r\u00e9dacteur pour Vie Associative. Passionn\u00e9 par le monde associatif depuis plus de 10 ans, j'ai \u00e0 c\u0153ur de partager des histoires inspirantes et de mettre en lumi\u00e8re les initiatives locales. Mon objectif est de sensibiliser et d'encourager l'engagement communautaire \u00e0 travers mes articles.","sameAs":["https:\/\/vieassociative.be\/"]}]}},"_links":{"self":[{"href":"https:\/\/vieassociative.be\/actualites\/wp-json\/wp\/v2\/posts\/9925"}],"collection":[{"href":"https:\/\/vieassociative.be\/actualites\/wp-json\/wp\/v2\/posts"}],"about":[{"href":"https:\/\/vieassociative.be\/actualites\/wp-json\/wp\/v2\/types\/post"}],"author":[{"embeddable":true,"href":"https:\/\/vieassociative.be\/actualites\/wp-json\/wp\/v2\/users\/1"}],"replies":[{"embeddable":true,"href":"https:\/\/vieassociative.be\/actualites\/wp-json\/wp\/v2\/comments?post=9925"}],"version-history":[{"count":0,"href":"https:\/\/vieassociative.be\/actualites\/wp-json\/wp\/v2\/posts\/9925\/revisions"}],"wp:featuredmedia":[{"embeddable":true,"href":"https:\/\/vieassociative.be\/actualites\/wp-json\/wp\/v2\/media\/9926"}],"wp:attachment":[{"href":"https:\/\/vieassociative.be\/actualites\/wp-json\/wp\/v2\/media?parent=9925"}],"wp:term":[{"taxonomy":"category","embeddable":true,"href":"https:\/\/vieassociative.be\/actualites\/wp-json\/wp\/v2\/categories?post=9925"},{"taxonomy":"post_tag","embeddable":true,"href":"https:\/\/vieassociative.be\/actualites\/wp-json\/wp\/v2\/tags?post=9925"}],"curies":[{"name":"wp","href":"https:\/\/api.w.org\/{rel}","templated":true}]}}