{"id":9923,"date":"2025-09-09T15:18:11","date_gmt":"2025-09-09T13:18:11","guid":{"rendered":"https:\/\/vieassociative.be\/actualites\/les-denonciateurs-affirment-que-les-recherches-supprimees-sur-la-securite-des-enfants-en-vr\/"},"modified":"2025-09-09T15:18:11","modified_gmt":"2025-09-09T13:18:11","slug":"les-denonciateurs-affirment-que-les-recherches-supprimees-sur-la-securite-des-enfants-en-vr","status":"publish","type":"post","link":"https:\/\/vieassociative.be\/actualites\/les-denonciateurs-affirment-que-les-recherches-supprimees-sur-la-securite-des-enfants-en-vr\/","title":{"rendered":"Les d\u00e9nonciateurs affirment que les recherches supprim\u00e9es sur la s\u00e9curit\u00e9 des enfants en VR"},"content":{"rendered":"<div class=\"mt-4 leading-6 md:mb-8\">La controverse sur les effets de Meta sur les enfants se poursuit avec la lib\u00e9ration d&rsquo;une mine de documents internes et d&rsquo;audiences du Congr\u00e8s.<\/div>\n<p><\/p>\n<p><em>Saviez-vous que vous pouvez personnaliser Google pour filtrer les ordures? Prendre ces \u00e9tapes<\/em><em> Pour de meilleurs r\u00e9sultats de recherche, notamment en ajoutant mon travail chez Vie Associative comme source pr\u00e9f\u00e9r\u00e9e<\/em><em>.<\/em><\/p>\n<hr>\n<p>Un groupe de m\u00e9ta-employ\u00e9s actuels et anciens accuse la soci\u00e9t\u00e9 d&rsquo;avoir supprim\u00e9 ses propres recherches sur la s\u00e9curit\u00e9 des enfants dans la r\u00e9alit\u00e9 virtuelle. Selon deux m\u00e9ta-employ\u00e9s actuels et deux anciens, les avocats de Meta d\u00e9pissent, \u00e9ditent et vettent au veto aux \u00e9tudes internes sur la s\u00e9curit\u00e9 des jeunes dans la r\u00e9alit\u00e9 virtuelle afin de minimiser le risque de mauvaise presse, d&rsquo;actions en justice et de r\u00e9glementation gouvernementale. <\/p>\n<p>Pour \u00e9tayer les accusations, le groupe a pr\u00e9sent\u00e9 une mine de documents internes aux membres d&rsquo;un comit\u00e9 judiciaire du S\u00e9nat, avant les audiences sur la question qui se tiendra mardi. Obtenus pour la premi\u00e8re fois par le Washington Post, les documents comprennent des milliers de pages de messages internes, de pr\u00e9sentations et de m\u00e9mos qui, selon le groupe, indiquent une strat\u00e9gie de plusieurs ann\u00e9es, dirig\u00e9e par l&rsquo;\u00e9quipe juridique de Meta, pour fa\u00e7onner la recherche sur les \u00absujets sensibles\u00bb.<\/p>\n<div class=\"mx-auto mb-12 mt-5 w-full max-w-3xl rounded-md border-2 border-gray-100 p-3 shadow-md md:px-7 md:pb-7 md:pt-5\" id=\"related-video\">\n<div class=\"mb-3 flex items-center md:mb-5\">\n        <img decoding=\"async\" class=\"mr-4 mt-0 h-10 w-10 md:mr-5 md:h-12 md:w-12\" src=\"https:\/\/vieassociative.be\/actualites\/wp-content\/uploads\/2025\/08\/1754414314_422_Les-brins-du-NYT-daujourdhui-indiquent-et-repondent-pour-le.jpg\" alt=\"Logo Lifehacker\"><\/p><\/div>\n<div class=\"aspect-video w-full overflow-hidden rounded-md\">\n<div id=\"video-container-01K4Q7XG6YJT0X154B9326Y3V2\"><\/div>\n<\/p><\/div>\n<\/div>\n<p>Meta nie les accusations. Dans une d\u00e9claration au Washington Post, le porte-parole de la soci\u00e9t\u00e9 Dani Lever a class\u00e9 les accusations comme un \u00abpeu d&rsquo;exemples\u2026 cousus pour adapter un r\u00e9cit pr\u00e9d\u00e9termin\u00e9 et faux; en r\u00e9alit\u00e9 depuis le d\u00e9but de 2022, Meta a approuv\u00e9 pr\u00e8s de 180 \u00e9tudes li\u00e9es aux laboratoires de r\u00e9alit\u00e9 sur les probl\u00e8mes sociaux, notamment la s\u00e9curit\u00e9 des jeunes et le bien-\u00eatre.\u00bb <\/p>\n<h2 id=\"meta-and-child-safety\">M\u00e9ta et s\u00e9curit\u00e9 des enfants<\/h2>\n<p>En interne, il semble que Meta soit depuis longtemps au courant des questions li\u00e9es \u00e0 la s\u00e9curit\u00e9 des enfants et \u00e0 la r\u00e9alit\u00e9 virtuelle. Un article de babillard interne de 2017 inclus dans le Trove est intitul\u00e9 \u00abNous avons un probl\u00e8me d&rsquo;enfant et il est probablement temps d&rsquo;en parler.\u00bb Dans ce document, un m\u00e9ta-employ\u00e9 anonyme \u00e9crit: \u00abCes enfants sont tr\u00e8s \u00e9videmment sous notre limite d&rsquo;\u00e2ge de 13 ans\u2026\u00bb et estime que 80 \u00e0 90% des utilisateurs \u00e9taient mineurs dans certains espaces de r\u00e9alit\u00e9 virtuelle.<\/p>\n<p>Apr\u00e8s que des m\u00e9ta-\u00e9tudes divulgu\u00e9es ont conduit \u00e0 des audiences du Congr\u00e8s en 2021, la soci\u00e9t\u00e9 a fortement r\u00e9it\u00e9r\u00e9 l&rsquo;importance de la transparence, avec la r\u00e9daction du PDG Mark Zuckerberg, \u00ab\u00a0Si nous voulions cacher nos r\u00e9sultats, pourquoi aurions-nous \u00e9tabli une norme de pointe de la transparence et des rapports sur ce que nous faisons?\u00a0\u00bb<\/p>\n<p>Mais selon les d\u00e9nonciateurs, dans les coulisses, l&rsquo;\u00e9quipe juridique de META a commenc\u00e9 \u00e0 s\u00e9lectionner, \u00e0 \u00e9diter et m\u00eame \u00e0 opposer le veto \u00e0 la recherche sur la s\u00e9curit\u00e9 des jeunes pour \u00ab\u00e9tablir un d\u00e9ni plausible\u00bb, d\u00e9taillant des strat\u00e9gies potentielles pour \u00abatt\u00e9nuer le risque\u00bb de mener des recherches sensibles. Dans une pr\u00e9sentation de diapositives de novembre 2021, les avocats de Meta ont sugg\u00e9r\u00e9 que les chercheurs pourraient \u00abmener des recherches hautement sensibles au privil\u00e8ge avocat-client\u00bb, et avoir toutes les \u00e9tudes tr\u00e8s sensibles examin\u00e9es par les avocats et partag\u00e9es uniquement sur une base \u00ab\u00e0 savoir\u00bb.<\/p>\n<p>Une autre strat\u00e9gie de la diapositive sugg\u00e8re que les chercheurs \u00absoient conscients\u00bb de la fa\u00e7on dont les \u00e9tudes sont encadr\u00e9es, d&rsquo;\u00e9viter d&rsquo;utiliser des termes comme \u00abill\u00e9gaux\u00bb ou \u00abnon conformes\u00bb et \u00e9viter de dire quoi que ce soit viole une loi sp\u00e9cifique, en faveur de quitter les conclusions l\u00e9gales aux avocats. <\/p>\n<p>Un exemple de la politique de Meta dans la pratique est donn\u00e9 dans les documents et implique des conversations entre des m\u00e9ta chercheurs et une femme allemande. La m\u00e8re sans nom a rapport\u00e9 qu&rsquo;elle n&rsquo;avait pas permis \u00e0 ses fils d&rsquo;interagir avec des \u00e9trangers dans la r\u00e9alit\u00e9 virtuelle de Meta, mais son fils adolescent a interrompu pour dire que les adultes avaient propos\u00e9 sexuellement son fr\u00e8re, qui avait moins de 10 ans, \u00e0 plusieurs reprises. <\/p>\n<p>Selon l&rsquo;un des chercheurs et Jason Sattizahn, alors l&rsquo;un des sp\u00e9cialistes de Meta dans l&rsquo;\u00e9tude des enfants et de la technologie, les sup\u00e9rieurs \u00e0 Meta ont ordonn\u00e9 que l&rsquo;enregistrement des commentaires de l&rsquo;adolescent soit supprim\u00e9 et qu&rsquo;aucune mention de celle-ci ne soit faite dans le rapport de la soci\u00e9t\u00e9. Sattizahn dit qu&rsquo;il a finalement \u00e9t\u00e9 licenci\u00e9 de Meta apr\u00e8s des litiges avec les managers concernant les restrictions \u00e0 la recherche.<\/p>\n<h2 id=\"how-many-children-are-actually-using-metas-virtual-reality\">Combien d&rsquo;enfants utilisent r\u00e9ellement la r\u00e9alit\u00e9 virtuelle de Meta? <\/h2>\n<p>Malheureusement, il est impossible de savoir exactement combien d&rsquo;enfants utilisent activement les plates-formes VR de Meta. Pour l&rsquo;anecdote, j&rsquo;ai pass\u00e9 suffisamment de temps dans la r\u00e9alit\u00e9 virtuelle pour croire qu&rsquo;il y a un <em>parcelle<\/em> de personnes de moins de 13 ans dans presque tous les espaces de r\u00e9alit\u00e9 virtuelle, y compris (et surtout) les \u00abmondes horizon\u00bb de Meta de Meta. Je ne peux pas dire avec certitude que les gens derri\u00e8re les avatars sont des enfants, mais cela me semble certainement beaucoup d&rsquo;enfants, une conclusion sugg\u00e9r\u00e9e par des documents dans le trow. Un rapport indique que seulement 41% des utilisateurs ont donn\u00e9 la m\u00eame date de naissance qu&rsquo;ils avaient utilis\u00e9e pr\u00e9c\u00e9demment lorsqu&rsquo;on leur a demand\u00e9. \u00abCes r\u00e9sultats montrent que de nombreux utilisateurs peuvent ne pas vouloir nous fournir leur vrai DOB\u00bb, explique l&rsquo;analyse.<\/p>\n<p>Maintenir cette \u00abzone grise\u00bb de ne pas vraiment conna\u00eetre (ou reconna\u00eetre publiquement) l&rsquo;\u00e2ge des utilisateurs du service peut \u00eatre dans le meilleur int\u00e9r\u00eat de Meta. Selon un document inclus dans The Trove, l&rsquo;un des avocats de Meta a \u00e9crit: \u00abEn g\u00e9n\u00e9ral, le contexte est que nous devons \u00e9viter la collecte de donn\u00e9es de recherche qui indiquent qu&rsquo;il y a des U13 pr\u00e9sents dans la r\u00e9ractivit\u00e9 ou dans les applications VR (ou U18 actuellement dans le contexte de l&rsquo;horizon) en raison de pr\u00e9occupations r\u00e9glementaires.\u00bb<\/p>\n<p>La combinaison des documents et de la r\u00e9ponse de la m\u00e9ta indique une entreprise qui marche sur une ligne mince &#8211; promettant de la transparence et de la s\u00e9curit\u00e9 prometteurs, tout en g\u00e9rant en priv\u00e9 son processus de recherche pour limiter le retour de flamme sous forme de responsabilit\u00e9 et d&rsquo;attention des r\u00e9gulateurs. Que Meta supprime les informations dommageables ou exerce une prudence juridique compr\u00e9hensible est une question ouverte, mais j&rsquo;esp\u00e8re que ces audiences du Congr\u00e8s (aussi d\u00e9sordonn\u00e9es qu&rsquo;elles sont susceptibles de l&rsquo;\u00eatre) nous rapprochent de l&rsquo;objectif r\u00e9el de prot\u00e9ger les enfants dans des espaces immersifs.<\/p>\n","protected":false},"excerpt":{"rendered":"<p>La controverse sur les effets de Meta sur les enfants se poursuit avec la lib\u00e9ration d&rsquo;une mine de documents internes et d&rsquo;audiences du Congr\u00e8s. Saviez-vous<\/p>\n","protected":false},"author":1,"featured_media":9924,"comment_status":"","ping_status":"","sticky":false,"template":"","format":"standard","meta":{"footnotes":""},"categories":[13],"tags":[8467,8466,29,324,14,8468,151,8469,33],"class_list":["post-9923","post","type-post","status-publish","format-standard","has-post-thumbnail","hentry","category-technologie","tag-affirment","tag-denonciateurs","tag-des","tag-enfants","tag-les","tag-recherches","tag-securite","tag-supprimees","tag-sur","generate-columns","tablet-grid-50","mobile-grid-100","grid-parent","grid-33"],"yoast_head":"<!-- This site is optimized with the Yoast SEO plugin v24.0 - https:\/\/yoast.com\/wordpress\/plugins\/seo\/ -->\n<title>Les d\u00e9nonciateurs affirment que les recherches supprim\u00e9es sur la s\u00e9curit\u00e9 des enfants en VR | Vie Associative<\/title>\n<meta name=\"robots\" content=\"index, follow, max-snippet:-1, max-image-preview:large, max-video-preview:-1\" \/>\n<link rel=\"canonical\" href=\"https:\/\/vieassociative.be\/actualites\/les-denonciateurs-affirment-que-les-recherches-supprimees-sur-la-securite-des-enfants-en-vr\/\" \/>\n<meta property=\"og:locale\" content=\"fr_FR\" \/>\n<meta property=\"og:type\" content=\"article\" \/>\n<meta property=\"og:title\" content=\"Les d\u00e9nonciateurs affirment que les recherches supprim\u00e9es sur la s\u00e9curit\u00e9 des enfants en VR | Vie Associative\" \/>\n<meta property=\"og:description\" content=\"La controverse sur les effets de Meta sur les enfants se poursuit avec la lib\u00e9ration d&rsquo;une mine de documents internes et d&rsquo;audiences du Congr\u00e8s. Saviez-vous\" \/>\n<meta property=\"og:url\" content=\"https:\/\/vieassociative.be\/actualites\/les-denonciateurs-affirment-que-les-recherches-supprimees-sur-la-securite-des-enfants-en-vr\/\" \/>\n<meta property=\"og:site_name\" content=\"Vie Associative\" \/>\n<meta property=\"article:published_time\" content=\"2025-09-09T13:18:11+00:00\" \/>\n<meta property=\"og:image\" content=\"https:\/\/vieassociative.be\/actualites\/wp-content\/uploads\/2025\/08\/1754414314_422_Les-brins-du-NYT-daujourdhui-indiquent-et-repondent-pour-le.jpg\" \/>\n<meta name=\"author\" content=\"Julien\" \/>\n<meta name=\"twitter:card\" content=\"summary_large_image\" \/>\n<meta name=\"twitter:label1\" content=\"\u00c9crit par\" \/>\n\t<meta name=\"twitter:data1\" content=\"Julien\" \/>\n\t<meta name=\"twitter:label2\" content=\"Dur\u00e9e de lecture est.\" \/>\n\t<meta name=\"twitter:data2\" content=\"6 minutes\" \/>\n<script type=\"application\/ld+json\" class=\"yoast-schema-graph\">{\"@context\":\"https:\/\/schema.org\",\"@graph\":[{\"@type\":\"Article\",\"@id\":\"https:\/\/vieassociative.be\/actualites\/les-denonciateurs-affirment-que-les-recherches-supprimees-sur-la-securite-des-enfants-en-vr\/#article\",\"isPartOf\":{\"@id\":\"https:\/\/vieassociative.be\/actualites\/les-denonciateurs-affirment-que-les-recherches-supprimees-sur-la-securite-des-enfants-en-vr\/\"},\"author\":{\"name\":\"Julien\",\"@id\":\"https:\/\/vieassociative.be\/actualites\/#\/schema\/person\/b87ac4f82f9d4e7b7cec7395b679edc4\"},\"headline\":\"Les d\u00e9nonciateurs affirment que les recherches supprim\u00e9es sur la s\u00e9curit\u00e9 des enfants en VR\",\"datePublished\":\"2025-09-09T13:18:11+00:00\",\"dateModified\":\"2025-09-09T13:18:11+00:00\",\"mainEntityOfPage\":{\"@id\":\"https:\/\/vieassociative.be\/actualites\/les-denonciateurs-affirment-que-les-recherches-supprimees-sur-la-securite-des-enfants-en-vr\/\"},\"wordCount\":1174,\"publisher\":{\"@id\":\"https:\/\/vieassociative.be\/actualites\/#organization\"},\"image\":{\"@id\":\"https:\/\/vieassociative.be\/actualites\/les-denonciateurs-affirment-que-les-recherches-supprimees-sur-la-securite-des-enfants-en-vr\/#primaryimage\"},\"thumbnailUrl\":\"https:\/\/vieassociative.be\/actualites\/wp-content\/uploads\/2025\/09\/Les-denonciateurs-affirment-que-les-recherches-supprimees-sur-la-securite.jpg\",\"keywords\":[\"affirment\",\"d\u00e9nonciateurs\",\"Des\",\"enfants\",\"Les\",\"recherches\",\"s\u00e9curit\u00e9\",\"supprim\u00e9es\",\"sur\"],\"articleSection\":[\"Technologie\"],\"inLanguage\":\"fr-BE\"},{\"@type\":\"WebPage\",\"@id\":\"https:\/\/vieassociative.be\/actualites\/les-denonciateurs-affirment-que-les-recherches-supprimees-sur-la-securite-des-enfants-en-vr\/\",\"url\":\"https:\/\/vieassociative.be\/actualites\/les-denonciateurs-affirment-que-les-recherches-supprimees-sur-la-securite-des-enfants-en-vr\/\",\"name\":\"Les d\u00e9nonciateurs affirment que les recherches supprim\u00e9es sur la s\u00e9curit\u00e9 des enfants en VR | Vie Associative\",\"isPartOf\":{\"@id\":\"https:\/\/vieassociative.be\/actualites\/#website\"},\"primaryImageOfPage\":{\"@id\":\"https:\/\/vieassociative.be\/actualites\/les-denonciateurs-affirment-que-les-recherches-supprimees-sur-la-securite-des-enfants-en-vr\/#primaryimage\"},\"image\":{\"@id\":\"https:\/\/vieassociative.be\/actualites\/les-denonciateurs-affirment-que-les-recherches-supprimees-sur-la-securite-des-enfants-en-vr\/#primaryimage\"},\"thumbnailUrl\":\"https:\/\/vieassociative.be\/actualites\/wp-content\/uploads\/2025\/09\/Les-denonciateurs-affirment-que-les-recherches-supprimees-sur-la-securite.jpg\",\"datePublished\":\"2025-09-09T13:18:11+00:00\",\"dateModified\":\"2025-09-09T13:18:11+00:00\",\"breadcrumb\":{\"@id\":\"https:\/\/vieassociative.be\/actualites\/les-denonciateurs-affirment-que-les-recherches-supprimees-sur-la-securite-des-enfants-en-vr\/#breadcrumb\"},\"inLanguage\":\"fr-BE\",\"potentialAction\":[{\"@type\":\"ReadAction\",\"target\":[\"https:\/\/vieassociative.be\/actualites\/les-denonciateurs-affirment-que-les-recherches-supprimees-sur-la-securite-des-enfants-en-vr\/\"]}]},{\"@type\":\"ImageObject\",\"inLanguage\":\"fr-BE\",\"@id\":\"https:\/\/vieassociative.be\/actualites\/les-denonciateurs-affirment-que-les-recherches-supprimees-sur-la-securite-des-enfants-en-vr\/#primaryimage\",\"url\":\"https:\/\/vieassociative.be\/actualites\/wp-content\/uploads\/2025\/09\/Les-denonciateurs-affirment-que-les-recherches-supprimees-sur-la-securite.jpg\",\"contentUrl\":\"https:\/\/vieassociative.be\/actualites\/wp-content\/uploads\/2025\/09\/Les-denonciateurs-affirment-que-les-recherches-supprimees-sur-la-securite.jpg\",\"width\":1200,\"height\":675,\"caption\":\"Les d\u00e9nonciateurs affirment que les recherches supprim\u00e9es sur la s\u00e9curit\u00e9 des enfants en VR\"},{\"@type\":\"BreadcrumbList\",\"@id\":\"https:\/\/vieassociative.be\/actualites\/les-denonciateurs-affirment-que-les-recherches-supprimees-sur-la-securite-des-enfants-en-vr\/#breadcrumb\",\"itemListElement\":[{\"@type\":\"ListItem\",\"position\":1,\"name\":\"Accueil\",\"item\":\"https:\/\/vieassociative.be\/actualites\/\"},{\"@type\":\"ListItem\",\"position\":2,\"name\":\"Les d\u00e9nonciateurs affirment que les recherches supprim\u00e9es sur la s\u00e9curit\u00e9 des enfants en VR\"}]},{\"@type\":\"WebSite\",\"@id\":\"https:\/\/vieassociative.be\/actualites\/#website\",\"url\":\"https:\/\/vieassociative.be\/actualites\/\",\"name\":\"Vie Associative\",\"description\":\"\",\"publisher\":{\"@id\":\"https:\/\/vieassociative.be\/actualites\/#organization\"},\"potentialAction\":[{\"@type\":\"SearchAction\",\"target\":{\"@type\":\"EntryPoint\",\"urlTemplate\":\"https:\/\/vieassociative.be\/actualites\/?s={search_term_string}\"},\"query-input\":{\"@type\":\"PropertyValueSpecification\",\"valueRequired\":true,\"valueName\":\"search_term_string\"}}],\"inLanguage\":\"fr-BE\"},{\"@type\":\"Organization\",\"@id\":\"https:\/\/vieassociative.be\/actualites\/#organization\",\"name\":\"Vie Associative\",\"url\":\"https:\/\/vieassociative.be\/actualites\/\",\"logo\":{\"@type\":\"ImageObject\",\"inLanguage\":\"fr-BE\",\"@id\":\"https:\/\/vieassociative.be\/actualites\/#\/schema\/logo\/image\/\",\"url\":\"https:\/\/vieassociative.be\/actualites\/wp-content\/uploads\/2024\/09\/cropped-vieassociative_favicon.ico.png\",\"contentUrl\":\"https:\/\/vieassociative.be\/actualites\/wp-content\/uploads\/2024\/09\/cropped-vieassociative_favicon.ico.png\",\"width\":512,\"height\":512,\"caption\":\"Vie Associative\"},\"image\":{\"@id\":\"https:\/\/vieassociative.be\/actualites\/#\/schema\/logo\/image\/\"}},{\"@type\":\"Person\",\"@id\":\"https:\/\/vieassociative.be\/actualites\/#\/schema\/person\/b87ac4f82f9d4e7b7cec7395b679edc4\",\"name\":\"Julien\",\"image\":{\"@type\":\"ImageObject\",\"inLanguage\":\"fr-BE\",\"@id\":\"https:\/\/vieassociative.be\/actualites\/#\/schema\/person\/image\/\",\"url\":\"https:\/\/vieassociative.be\/actualites\/wp-content\/uploads\/2024\/09\/vie-associative-1-150x150.jpg\",\"contentUrl\":\"https:\/\/vieassociative.be\/actualites\/wp-content\/uploads\/2024\/09\/vie-associative-1-150x150.jpg\",\"caption\":\"Julien\"},\"description\":\"Je suis Julien, r\u00e9dacteur pour Vie Associative. Passionn\u00e9 par le monde associatif depuis plus de 10 ans, j'ai \u00e0 c\u0153ur de partager des histoires inspirantes et de mettre en lumi\u00e8re les initiatives locales. Mon objectif est de sensibiliser et d'encourager l'engagement communautaire \u00e0 travers mes articles.\",\"sameAs\":[\"https:\/\/vieassociative.be\/\"]}]}<\/script>\n<!-- \/ Yoast SEO plugin. -->","yoast_head_json":{"title":"Les d\u00e9nonciateurs affirment que les recherches supprim\u00e9es sur la s\u00e9curit\u00e9 des enfants en VR | Vie Associative","robots":{"index":"index","follow":"follow","max-snippet":"max-snippet:-1","max-image-preview":"max-image-preview:large","max-video-preview":"max-video-preview:-1"},"canonical":"https:\/\/vieassociative.be\/actualites\/les-denonciateurs-affirment-que-les-recherches-supprimees-sur-la-securite-des-enfants-en-vr\/","og_locale":"fr_FR","og_type":"article","og_title":"Les d\u00e9nonciateurs affirment que les recherches supprim\u00e9es sur la s\u00e9curit\u00e9 des enfants en VR | Vie Associative","og_description":"La controverse sur les effets de Meta sur les enfants se poursuit avec la lib\u00e9ration d&rsquo;une mine de documents internes et d&rsquo;audiences du Congr\u00e8s. Saviez-vous","og_url":"https:\/\/vieassociative.be\/actualites\/les-denonciateurs-affirment-que-les-recherches-supprimees-sur-la-securite-des-enfants-en-vr\/","og_site_name":"Vie Associative","article_published_time":"2025-09-09T13:18:11+00:00","og_image":[{"url":"https:\/\/vieassociative.be\/actualites\/wp-content\/uploads\/2025\/08\/1754414314_422_Les-brins-du-NYT-daujourdhui-indiquent-et-repondent-pour-le.jpg","type":"","width":"","height":""}],"author":"Julien","twitter_card":"summary_large_image","twitter_misc":{"\u00c9crit par":"Julien","Dur\u00e9e de lecture est.":"6 minutes"},"schema":{"@context":"https:\/\/schema.org","@graph":[{"@type":"Article","@id":"https:\/\/vieassociative.be\/actualites\/les-denonciateurs-affirment-que-les-recherches-supprimees-sur-la-securite-des-enfants-en-vr\/#article","isPartOf":{"@id":"https:\/\/vieassociative.be\/actualites\/les-denonciateurs-affirment-que-les-recherches-supprimees-sur-la-securite-des-enfants-en-vr\/"},"author":{"name":"Julien","@id":"https:\/\/vieassociative.be\/actualites\/#\/schema\/person\/b87ac4f82f9d4e7b7cec7395b679edc4"},"headline":"Les d\u00e9nonciateurs affirment que les recherches supprim\u00e9es sur la s\u00e9curit\u00e9 des enfants en VR","datePublished":"2025-09-09T13:18:11+00:00","dateModified":"2025-09-09T13:18:11+00:00","mainEntityOfPage":{"@id":"https:\/\/vieassociative.be\/actualites\/les-denonciateurs-affirment-que-les-recherches-supprimees-sur-la-securite-des-enfants-en-vr\/"},"wordCount":1174,"publisher":{"@id":"https:\/\/vieassociative.be\/actualites\/#organization"},"image":{"@id":"https:\/\/vieassociative.be\/actualites\/les-denonciateurs-affirment-que-les-recherches-supprimees-sur-la-securite-des-enfants-en-vr\/#primaryimage"},"thumbnailUrl":"https:\/\/vieassociative.be\/actualites\/wp-content\/uploads\/2025\/09\/Les-denonciateurs-affirment-que-les-recherches-supprimees-sur-la-securite.jpg","keywords":["affirment","d\u00e9nonciateurs","Des","enfants","Les","recherches","s\u00e9curit\u00e9","supprim\u00e9es","sur"],"articleSection":["Technologie"],"inLanguage":"fr-BE"},{"@type":"WebPage","@id":"https:\/\/vieassociative.be\/actualites\/les-denonciateurs-affirment-que-les-recherches-supprimees-sur-la-securite-des-enfants-en-vr\/","url":"https:\/\/vieassociative.be\/actualites\/les-denonciateurs-affirment-que-les-recherches-supprimees-sur-la-securite-des-enfants-en-vr\/","name":"Les d\u00e9nonciateurs affirment que les recherches supprim\u00e9es sur la s\u00e9curit\u00e9 des enfants en VR | Vie Associative","isPartOf":{"@id":"https:\/\/vieassociative.be\/actualites\/#website"},"primaryImageOfPage":{"@id":"https:\/\/vieassociative.be\/actualites\/les-denonciateurs-affirment-que-les-recherches-supprimees-sur-la-securite-des-enfants-en-vr\/#primaryimage"},"image":{"@id":"https:\/\/vieassociative.be\/actualites\/les-denonciateurs-affirment-que-les-recherches-supprimees-sur-la-securite-des-enfants-en-vr\/#primaryimage"},"thumbnailUrl":"https:\/\/vieassociative.be\/actualites\/wp-content\/uploads\/2025\/09\/Les-denonciateurs-affirment-que-les-recherches-supprimees-sur-la-securite.jpg","datePublished":"2025-09-09T13:18:11+00:00","dateModified":"2025-09-09T13:18:11+00:00","breadcrumb":{"@id":"https:\/\/vieassociative.be\/actualites\/les-denonciateurs-affirment-que-les-recherches-supprimees-sur-la-securite-des-enfants-en-vr\/#breadcrumb"},"inLanguage":"fr-BE","potentialAction":[{"@type":"ReadAction","target":["https:\/\/vieassociative.be\/actualites\/les-denonciateurs-affirment-que-les-recherches-supprimees-sur-la-securite-des-enfants-en-vr\/"]}]},{"@type":"ImageObject","inLanguage":"fr-BE","@id":"https:\/\/vieassociative.be\/actualites\/les-denonciateurs-affirment-que-les-recherches-supprimees-sur-la-securite-des-enfants-en-vr\/#primaryimage","url":"https:\/\/vieassociative.be\/actualites\/wp-content\/uploads\/2025\/09\/Les-denonciateurs-affirment-que-les-recherches-supprimees-sur-la-securite.jpg","contentUrl":"https:\/\/vieassociative.be\/actualites\/wp-content\/uploads\/2025\/09\/Les-denonciateurs-affirment-que-les-recherches-supprimees-sur-la-securite.jpg","width":1200,"height":675,"caption":"Les d\u00e9nonciateurs affirment que les recherches supprim\u00e9es sur la s\u00e9curit\u00e9 des enfants en VR"},{"@type":"BreadcrumbList","@id":"https:\/\/vieassociative.be\/actualites\/les-denonciateurs-affirment-que-les-recherches-supprimees-sur-la-securite-des-enfants-en-vr\/#breadcrumb","itemListElement":[{"@type":"ListItem","position":1,"name":"Accueil","item":"https:\/\/vieassociative.be\/actualites\/"},{"@type":"ListItem","position":2,"name":"Les d\u00e9nonciateurs affirment que les recherches supprim\u00e9es sur la s\u00e9curit\u00e9 des enfants en VR"}]},{"@type":"WebSite","@id":"https:\/\/vieassociative.be\/actualites\/#website","url":"https:\/\/vieassociative.be\/actualites\/","name":"Vie Associative","description":"","publisher":{"@id":"https:\/\/vieassociative.be\/actualites\/#organization"},"potentialAction":[{"@type":"SearchAction","target":{"@type":"EntryPoint","urlTemplate":"https:\/\/vieassociative.be\/actualites\/?s={search_term_string}"},"query-input":{"@type":"PropertyValueSpecification","valueRequired":true,"valueName":"search_term_string"}}],"inLanguage":"fr-BE"},{"@type":"Organization","@id":"https:\/\/vieassociative.be\/actualites\/#organization","name":"Vie Associative","url":"https:\/\/vieassociative.be\/actualites\/","logo":{"@type":"ImageObject","inLanguage":"fr-BE","@id":"https:\/\/vieassociative.be\/actualites\/#\/schema\/logo\/image\/","url":"https:\/\/vieassociative.be\/actualites\/wp-content\/uploads\/2024\/09\/cropped-vieassociative_favicon.ico.png","contentUrl":"https:\/\/vieassociative.be\/actualites\/wp-content\/uploads\/2024\/09\/cropped-vieassociative_favicon.ico.png","width":512,"height":512,"caption":"Vie Associative"},"image":{"@id":"https:\/\/vieassociative.be\/actualites\/#\/schema\/logo\/image\/"}},{"@type":"Person","@id":"https:\/\/vieassociative.be\/actualites\/#\/schema\/person\/b87ac4f82f9d4e7b7cec7395b679edc4","name":"Julien","image":{"@type":"ImageObject","inLanguage":"fr-BE","@id":"https:\/\/vieassociative.be\/actualites\/#\/schema\/person\/image\/","url":"https:\/\/vieassociative.be\/actualites\/wp-content\/uploads\/2024\/09\/vie-associative-1-150x150.jpg","contentUrl":"https:\/\/vieassociative.be\/actualites\/wp-content\/uploads\/2024\/09\/vie-associative-1-150x150.jpg","caption":"Julien"},"description":"Je suis Julien, r\u00e9dacteur pour Vie Associative. Passionn\u00e9 par le monde associatif depuis plus de 10 ans, j'ai \u00e0 c\u0153ur de partager des histoires inspirantes et de mettre en lumi\u00e8re les initiatives locales. Mon objectif est de sensibiliser et d'encourager l'engagement communautaire \u00e0 travers mes articles.","sameAs":["https:\/\/vieassociative.be\/"]}]}},"_links":{"self":[{"href":"https:\/\/vieassociative.be\/actualites\/wp-json\/wp\/v2\/posts\/9923"}],"collection":[{"href":"https:\/\/vieassociative.be\/actualites\/wp-json\/wp\/v2\/posts"}],"about":[{"href":"https:\/\/vieassociative.be\/actualites\/wp-json\/wp\/v2\/types\/post"}],"author":[{"embeddable":true,"href":"https:\/\/vieassociative.be\/actualites\/wp-json\/wp\/v2\/users\/1"}],"replies":[{"embeddable":true,"href":"https:\/\/vieassociative.be\/actualites\/wp-json\/wp\/v2\/comments?post=9923"}],"version-history":[{"count":0,"href":"https:\/\/vieassociative.be\/actualites\/wp-json\/wp\/v2\/posts\/9923\/revisions"}],"wp:featuredmedia":[{"embeddable":true,"href":"https:\/\/vieassociative.be\/actualites\/wp-json\/wp\/v2\/media\/9924"}],"wp:attachment":[{"href":"https:\/\/vieassociative.be\/actualites\/wp-json\/wp\/v2\/media?parent=9923"}],"wp:term":[{"taxonomy":"category","embeddable":true,"href":"https:\/\/vieassociative.be\/actualites\/wp-json\/wp\/v2\/categories?post=9923"},{"taxonomy":"post_tag","embeddable":true,"href":"https:\/\/vieassociative.be\/actualites\/wp-json\/wp\/v2\/tags?post=9923"}],"curies":[{"name":"wp","href":"https:\/\/api.w.org\/{rel}","templated":true}]}}