{"id":9917,"date":"2025-09-09T10:18:56","date_gmt":"2025-09-09T08:18:56","guid":{"rendered":"https:\/\/vieassociative.be\/actualites\/belgique-contre-le-kazakhstan-avec-ou-sans-openda-onze-allemands-contre-lirlande-du-nord-sous-pression\/"},"modified":"2025-09-09T10:18:56","modified_gmt":"2025-09-09T08:18:56","slug":"belgique-contre-le-kazakhstan-avec-ou-sans-openda-onze-allemands-contre-lirlande-du-nord-sous-pression","status":"publish","type":"post","link":"https:\/\/vieassociative.be\/actualites\/belgique-contre-le-kazakhstan-avec-ou-sans-openda-onze-allemands-contre-lirlande-du-nord-sous-pression\/","title":{"rendered":"Belgique contre le Kazakhstan avec ou sans Openda? &#8211; Onze allemands contre l&rsquo;Irlande du Nord sous pression"},"content":{"rendered":"<p><strong>Trois jours apr\u00e8s une victoire brillante 6-0 \u00e0 Liechtenstein, l&rsquo;\u00e9quipe nationale de football belge veut s&rsquo;ajouter au Kazakhstan dans le Lotto Park dimanche \u00e0 20 h 45. Et obtenez la meilleure situation de d\u00e9part possible en ce qui concerne les deux matchs de Gand contre le nord de la Mac\u00e9doine et Cardiff contre le Pays de Galles.<\/strong><\/p>\n<p><span id=\"more-423976\"><\/span>En raison de l&rsquo;exp\u00e9rience positive du match contre l&rsquo;Ukraine en Ligue des nations, qui n&rsquo;a pas eu lieu dans l&rsquo;immensit\u00e9 du stade de Bruxelles K\u00f6nig-Bau-Douin, mais dans la qualification Cegeka-Arena de Genk, les Belges jouent leurs trois matchs \u00e0 domicile restants dans le North Macedonia) et contre le Kazakhstan).<\/p>\n<div id=\"attachment_423986\" class=\"wp-caption alignleft\" style=\"max-width: 300px\"><img fetchpriority=\"high\" decoding=\"async\" class=\"wp-image-423986 size-medium\" src=\"https:\/\/vieassociative.be\/actualites\/wp-content\/uploads\/2025\/09\/Belgique-contre-le-Kazakhstan-avec-ou-sans-Openda-Onze.jpg\" alt=\"\" width=\"300\" height=\"200\"><\/div>\n<p>La Belgian Football Association n&rsquo;a pas beaucoup d&rsquo;argent car le Nation Stadium \u00e0 Bruxelles a une capacit\u00e9 nettement plus \u00e9lev\u00e9e, mais elle veut cr\u00e9er les meilleures conditions possibles pour la qualification directe pour la Coupe du monde 2026 aux \u00c9tats-Unis, au Mexique et au Canada. Et pour eux, vous devez d&rsquo;abord \u00eatre un groupe.<\/p>\n<p>Selon toute vraisemblance, les Red Devils montreront un visage diff\u00e9rent dimanche soir lors du quatri\u00e8me match de qualification contre le Kazakhstan (20 h 45 \/ Live sur RTBF1 \u00ab\u00a0La UNE\u00a0\u00bb et VTM) que de jeudi dernier \u00e0 Liechtenstein. \u00ab\u00a0Les onze de d\u00e9part ne seront pas les m\u00eames que jeudi, m\u00eame si j&rsquo;\u00e9tais tr\u00e8s satisfait des onze\u00a0\u00bb, a d\u00e9clar\u00e9 l&rsquo;entra\u00eeneur fran\u00e7ais Rudi Garcia samedi lors d&rsquo;une conf\u00e9rence de presse en Tubize. Garcia doit se passer des blessures de Joaquin Seys et Mike Penders.<\/p>\n<p>Les Red Devils rencontrent le num\u00e9ro 114 du classement mondial de la FIFA \u00e0 Lotto Park d&rsquo;Anderlecht, mais l&rsquo;entra\u00eeneur ne veut pas sous-estimer son adversaire.<\/p>\n<div id=\"attachment_309997\" class=\"wp-caption alignleft\" style=\"max-width: 300px\"><img decoding=\"async\" class=\"wp-image-309997 size-medium\" src=\"https:\/\/vieassociative.be\/actualites\/wp-content\/uploads\/2025\/09\/Belgique-contre-le-Kazakhstan-avec-ou-sans-Openda-Onze.jpeg\" alt=\"\" width=\"300\" height=\"200\"  ><\/div>\n<p>\u00ab\u00a0Quiconque a vu les matchs du Kazakhstan contre Macedonia et Kazakhstan contre le Pays de Galles sait que les Kazakhs ont perdu les deux matchs mais auraient pu r\u00e9cup\u00e9rer six points. Ils ne m\u00e9ritent pas de perdre les deux matchs\u00a0\u00bb, a averti l&rsquo;entra\u00eeneur national Garcia: \u00ab\u00a0Nous savons que c&rsquo;est une \u00e9quipe avec des joueurs rapides qui sont adapt\u00e9s aux attaques rapides. Comme nous l&rsquo;avons montr\u00e9 \u00e0 Liechtenstein, une \u00e9preuve avec une \u00e9poque.\u00a0\u00bb<\/p>\n<p>Cette fois, Garcia ne s&rsquo;inqui\u00e8te pas de la d\u00e9fense dans laquelle Zeno Debast et Arthur Theat devraient \u00eatre confirm\u00e9s comme d\u00e9fenseurs centraux, mais la temp\u00eate en l&rsquo;absence de buteur record Romelu Lukaku.<\/p>\n<p>L&rsquo;entra\u00eeneur fran\u00e7ais donnera \u00e0 la Lois Openda, qui a \u00e9t\u00e9 chang\u00e9 par RB Leipzig \u00e0 la Juventus Turin, ou sera plus un \u00ab\u00a0mauvais neuf\u00a0\u00bb (Charles de Ketelaere ou Leandro Trossard) contre une d\u00e9fense plus profonde contre une d\u00e9fense plus profonde contre une d\u00e9fense plus profonde. (Cre)<\/p>\n<h3>Nagelsmann se bat contre des s\u00e9ries historiques de d\u00e9faites<\/h3>\n<p><strong>Apr\u00e8s le faux d\u00e9but de la qualification de la Coupe du monde, l&rsquo;\u00e9quipe nationale de football allemande doit corriger la mis\u00e9rable impression de 0: 2 en Slovaquie lors du deuxi\u00e8me match contre l&rsquo;Irlande du Nord. Julian Nagelsmann a annonc\u00e9 le changement de personnel pour le match dimanche (20 h 45 \/ Live sur RTL). Cependant, l&rsquo;entra\u00eeneur national n&rsquo;a fourni aucun d\u00e9tail de sa planification.<\/strong><\/p>\n<p><!--more-->\u00ab\u00a0Un peu se produira\u00a0\u00bb, a d\u00e9clar\u00e9 l&rsquo;homme de 38 ans. Malgr\u00e9 la d\u00e9ception concernant la faible apparition \u00e0 Bratislava, il \u00ab\u00a0n&rsquo;\u00e9changerait pas dix joueurs\u00a0\u00bb, a d\u00e9clar\u00e9 l&rsquo;entra\u00eeneur national. Il est rest\u00e9 ouvert, que Joshua Kimmich soit rappel\u00e9 \u00e0 la position de la droite compl\u00e8te ou reste dans le milieu de terrain d\u00e9fensif.<\/p>\n<div id=\"attachment_423984\" class=\"wp-caption alignleft\" style=\"max-width: 300px\"><img decoding=\"async\" class=\"wp-image-423984 size-medium\" src=\"https:\/\/vieassociative.be\/actualites\/wp-content\/uploads\/2025\/09\/1757405936_927_Belgique-contre-le-Kazakhstan-avec-ou-sans-Openda-Onze.jpg\" alt=\"\" width=\"300\" height=\"200\"><\/div>\n<p>Dans le groupe A de la ronde d&rsquo;\u00e9limination pour la finale de la Coupe du monde 2026, l&rsquo;\u00e9quipe DFB est sous pression apr\u00e8s un seul des six matchs. Les \u00e9trangers en Irlande du Nord ont commenc\u00e9 3-1 contre le Luxembourg. Avec des points z\u00e9ro, l&rsquo;Allemagne est \u00e9tonnamment en bas de la table. Seul le vainqueur du groupe r\u00e9sout le billet direct de la Coupe du monde. Si Nagelsmann manque le sommet, lui et son \u00e9quipe doivent assurer la participation du tournoi \u00e0 deux matchs KO en mars.<\/p>\n<p>L&rsquo;\u00e9quipe nationale allemande n&rsquo;a pas perdu quatre matchs en succession depuis plus de 100 ans. Iionagelsmann peut-il emp\u00eacher une s\u00e9rie aussi n\u00e9gative contre l&rsquo;Irlande du Nord? Une nouvelle d\u00e9ception dimanche \u00e0 Cologne aurait m\u00eame des dimensions historiques pour l&rsquo;\u00e9quipe nationale allemande.<\/p>\n<p>Depuis plus de 100 ans, une \u00e9quipe DFB n&rsquo;a pas perdu quatre matchs les uns apr\u00e8s les autres. La derni\u00e8re fois, il y a eu une telle s\u00e9rie n\u00e9gative en 1913 lorsque m\u00eame sept matchs ont \u00e9t\u00e9 perdus. Auparavant, l&rsquo;Allemagne avait perdu les quatre premiers matchs internationaux de l&rsquo;histoire du DFB en 1908 et 1909 avant que le premier tirage ne soit succ\u00e9d\u00e9 avec 3: 3 en Hongrie.<\/p>\n<p>Nagelsmann serait m\u00eame le premier entra\u00eeneur DFB avec un tel \u00e9quilibre de d\u00e9faite. Avant que Otto Nerz ne soit nomm\u00e9 Coach Reich en 1926, il n&rsquo;y avait aucun entra\u00eeneur responsable de l&rsquo;\u00e9quipe nationale au sens d&rsquo;aujourd&rsquo;hui. (DPA)<\/p>\n<p><em><strong>Sur le sujet, voir \u00e9galement l&rsquo;article suivant sur OD:<\/strong><\/em><\/p>\n<div class=\"responsive-embed widescreen\">\n<blockquote class=\"wp-embedded-content\" data-secret=\"ilFGLFDpwi\">\n<p>6-0 Victoire dans le Liechtenstein: Red Teufel en tennis Form-0: 2 Faillite pour l&rsquo;\u00e9quipe allemande en Slovaquie<\/p>\n<\/blockquote>\n<p><iframe loading=\"lazy\" class=\"wp-embedded-content\" sandbox=\"allow-scripts\" security=\"restricted\" style=\"position: absolute; visibility: hidden;\" title=\"\u201e6:0-Sieg in Liechtenstein: Rote Teufel in Tennisform \u2013 0:2-Pleite f\u00fcr deutsche Mannschaft in der Slowakei\u201c \u2014 Ostbelgien Direkt\" src=\"https:\/\/ostbelgiendirekt.be\/about:blank\" data-secret=\"ilFGLFDpwi\" width=\"500\" height=\"282\" frameborder=\"0\" marginwidth=\"0\" marginheight=\"0\" scrolling=\"no\" data-rocket-lazyload=\"fitvidscompatible\" data-lazy-src=\"https:\/\/ostbelgiendirekt.be\/60-sieg-liechtenstein-423803\/embed#?secret=bJHYc4dFJE#?secret=ilFGLFDpwi\"><\/iframe><noscript><iframe class=\"wp-embedded-content\" sandbox=\"allow-scripts\" security=\"restricted\" style=\"position: absolute; visibility: hidden;\" title=\"\u201e6:0-Sieg in Liechtenstein: Rote Teufel in Tennisform \u2013 0:2-Pleite f\u00fcr deutsche Mannschaft in der Slowakei\u201c \u2014 Ostbelgien Direkt\" src=\"https:\/\/ostbelgiendirekt.be\/60-sieg-liechtenstein-423803\/embed#?secret=bJHYc4dFJE#?secret=ilFGLFDpwi\" data-secret=\"ilFGLFDpwi\" width=\"500\" height=\"282\" frameborder=\"0\" marginwidth=\"0\" marginheight=\"0\" scrolling=\"no\"><\/iframe><\/noscript><\/p>\n<\/div>\n","protected":false},"excerpt":{"rendered":"<p>Trois jours apr\u00e8s une victoire brillante 6-0 \u00e0 Liechtenstein, l&rsquo;\u00e9quipe nationale de football belge veut s&rsquo;ajouter au Kazakhstan dans le Lotto Park dimanche \u00e0 20<\/p>\n","protected":false},"author":1,"featured_media":9918,"comment_status":"","ping_status":"","sticky":false,"template":"","format":"standard","meta":{"footnotes":""},"categories":[298],"tags":[6730,61,383,796,3998,8463,2634,8462,3772,2551,130,467],"class_list":["post-9917","post","type-post","status-publish","format-standard","has-post-thumbnail","hentry","category-belgique","tag-allemands","tag-avec","tag-belgique","tag-contre","tag-kazakhstan","tag-lirlande","tag-nord","tag-onze","tag-openda","tag-pression","tag-sans","tag-sous","generate-columns","tablet-grid-50","mobile-grid-100","grid-parent","grid-33"],"yoast_head":"<!-- This site is optimized with the Yoast SEO plugin v24.0 - https:\/\/yoast.com\/wordpress\/plugins\/seo\/ -->\n<title>Belgique contre le Kazakhstan avec ou sans Openda? - Onze allemands contre l&#039;Irlande du Nord sous pression | Vie Associative<\/title>\n<meta name=\"robots\" content=\"index, follow, max-snippet:-1, max-image-preview:large, max-video-preview:-1\" \/>\n<link rel=\"canonical\" href=\"https:\/\/vieassociative.be\/actualites\/belgique-contre-le-kazakhstan-avec-ou-sans-openda-onze-allemands-contre-lirlande-du-nord-sous-pression\/\" \/>\n<meta property=\"og:locale\" content=\"fr_FR\" \/>\n<meta property=\"og:type\" content=\"article\" \/>\n<meta property=\"og:title\" content=\"Belgique contre le Kazakhstan avec ou sans Openda? - Onze allemands contre l&#039;Irlande du Nord sous pression | Vie Associative\" \/>\n<meta property=\"og:description\" content=\"Trois jours apr\u00e8s une victoire brillante 6-0 \u00e0 Liechtenstein, l&rsquo;\u00e9quipe nationale de football belge veut s&rsquo;ajouter au Kazakhstan dans le Lotto Park dimanche \u00e0 20\" \/>\n<meta property=\"og:url\" content=\"https:\/\/vieassociative.be\/actualites\/belgique-contre-le-kazakhstan-avec-ou-sans-openda-onze-allemands-contre-lirlande-du-nord-sous-pression\/\" \/>\n<meta property=\"og:site_name\" content=\"Vie Associative\" \/>\n<meta property=\"article:published_time\" content=\"2025-09-09T08:18:56+00:00\" \/>\n<meta property=\"og:image\" content=\"https:\/\/vieassociative.be\/actualites\/wp-content\/uploads\/2024\/09\/header_backgroundk-01-e1726694325946.png\" \/>\n\t<meta property=\"og:image:width\" content=\"279\" \/>\n\t<meta property=\"og:image:height\" content=\"92\" \/>\n\t<meta property=\"og:image:type\" content=\"image\/png\" \/>\n<meta name=\"author\" content=\"Julien\" \/>\n<meta name=\"twitter:card\" content=\"summary_large_image\" \/>\n<meta name=\"twitter:label1\" content=\"\u00c9crit par\" \/>\n\t<meta name=\"twitter:data1\" content=\"Julien\" \/>\n\t<meta name=\"twitter:label2\" content=\"Dur\u00e9e de lecture est.\" \/>\n\t<meta name=\"twitter:data2\" content=\"4 minutes\" \/>\n<script type=\"application\/ld+json\" class=\"yoast-schema-graph\">{\"@context\":\"https:\/\/schema.org\",\"@graph\":[{\"@type\":\"Article\",\"@id\":\"https:\/\/vieassociative.be\/actualites\/belgique-contre-le-kazakhstan-avec-ou-sans-openda-onze-allemands-contre-lirlande-du-nord-sous-pression\/#article\",\"isPartOf\":{\"@id\":\"https:\/\/vieassociative.be\/actualites\/belgique-contre-le-kazakhstan-avec-ou-sans-openda-onze-allemands-contre-lirlande-du-nord-sous-pression\/\"},\"author\":{\"name\":\"Julien\",\"@id\":\"https:\/\/vieassociative.be\/actualites\/#\/schema\/person\/b87ac4f82f9d4e7b7cec7395b679edc4\"},\"headline\":\"Belgique contre le Kazakhstan avec ou sans Openda? &#8211; Onze allemands contre l&rsquo;Irlande du Nord sous pression\",\"datePublished\":\"2025-09-09T08:18:56+00:00\",\"dateModified\":\"2025-09-09T08:18:56+00:00\",\"mainEntityOfPage\":{\"@id\":\"https:\/\/vieassociative.be\/actualites\/belgique-contre-le-kazakhstan-avec-ou-sans-openda-onze-allemands-contre-lirlande-du-nord-sous-pression\/\"},\"wordCount\":892,\"publisher\":{\"@id\":\"https:\/\/vieassociative.be\/actualites\/#organization\"},\"image\":{\"@id\":\"https:\/\/vieassociative.be\/actualites\/belgique-contre-le-kazakhstan-avec-ou-sans-openda-onze-allemands-contre-lirlande-du-nord-sous-pression\/#primaryimage\"},\"thumbnailUrl\":\"https:\/\/vieassociative.be\/actualites\/wp-content\/uploads\/2025\/09\/1757405937_Belgique-contre-le-Kazakhstan-avec-ou-sans-Openda-Onze.jpg\",\"keywords\":[\"allemands\",\"avec\",\"Belgique\",\"contre\",\"Kazakhstan\",\"lIrlande\",\"Nord\",\"Onze\",\"Openda\",\"pression\",\"sans\",\"sous\"],\"articleSection\":[\"Belgique\"],\"inLanguage\":\"fr-BE\"},{\"@type\":\"WebPage\",\"@id\":\"https:\/\/vieassociative.be\/actualites\/belgique-contre-le-kazakhstan-avec-ou-sans-openda-onze-allemands-contre-lirlande-du-nord-sous-pression\/\",\"url\":\"https:\/\/vieassociative.be\/actualites\/belgique-contre-le-kazakhstan-avec-ou-sans-openda-onze-allemands-contre-lirlande-du-nord-sous-pression\/\",\"name\":\"Belgique contre le Kazakhstan avec ou sans Openda? - Onze allemands contre l'Irlande du Nord sous pression | Vie Associative\",\"isPartOf\":{\"@id\":\"https:\/\/vieassociative.be\/actualites\/#website\"},\"primaryImageOfPage\":{\"@id\":\"https:\/\/vieassociative.be\/actualites\/belgique-contre-le-kazakhstan-avec-ou-sans-openda-onze-allemands-contre-lirlande-du-nord-sous-pression\/#primaryimage\"},\"image\":{\"@id\":\"https:\/\/vieassociative.be\/actualites\/belgique-contre-le-kazakhstan-avec-ou-sans-openda-onze-allemands-contre-lirlande-du-nord-sous-pression\/#primaryimage\"},\"thumbnailUrl\":\"https:\/\/vieassociative.be\/actualites\/wp-content\/uploads\/2025\/09\/1757405937_Belgique-contre-le-Kazakhstan-avec-ou-sans-Openda-Onze.jpg\",\"datePublished\":\"2025-09-09T08:18:56+00:00\",\"dateModified\":\"2025-09-09T08:18:56+00:00\",\"breadcrumb\":{\"@id\":\"https:\/\/vieassociative.be\/actualites\/belgique-contre-le-kazakhstan-avec-ou-sans-openda-onze-allemands-contre-lirlande-du-nord-sous-pression\/#breadcrumb\"},\"inLanguage\":\"fr-BE\",\"potentialAction\":[{\"@type\":\"ReadAction\",\"target\":[\"https:\/\/vieassociative.be\/actualites\/belgique-contre-le-kazakhstan-avec-ou-sans-openda-onze-allemands-contre-lirlande-du-nord-sous-pression\/\"]}]},{\"@type\":\"ImageObject\",\"inLanguage\":\"fr-BE\",\"@id\":\"https:\/\/vieassociative.be\/actualites\/belgique-contre-le-kazakhstan-avec-ou-sans-openda-onze-allemands-contre-lirlande-du-nord-sous-pression\/#primaryimage\",\"url\":\"https:\/\/vieassociative.be\/actualites\/wp-content\/uploads\/2025\/09\/1757405937_Belgique-contre-le-Kazakhstan-avec-ou-sans-Openda-Onze.jpg\",\"contentUrl\":\"https:\/\/vieassociative.be\/actualites\/wp-content\/uploads\/2025\/09\/1757405937_Belgique-contre-le-Kazakhstan-avec-ou-sans-Openda-Onze.jpg\",\"width\":1200,\"height\":800,\"caption\":\"Belgique contre le Kazakhstan avec ou sans Openda? - Onze allemands contre l'Irlande du Nord sous pression\"},{\"@type\":\"BreadcrumbList\",\"@id\":\"https:\/\/vieassociative.be\/actualites\/belgique-contre-le-kazakhstan-avec-ou-sans-openda-onze-allemands-contre-lirlande-du-nord-sous-pression\/#breadcrumb\",\"itemListElement\":[{\"@type\":\"ListItem\",\"position\":1,\"name\":\"Accueil\",\"item\":\"https:\/\/vieassociative.be\/actualites\/\"},{\"@type\":\"ListItem\",\"position\":2,\"name\":\"Belgique contre le Kazakhstan avec ou sans Openda? &#8211; Onze allemands contre l&rsquo;Irlande du Nord sous pression\"}]},{\"@type\":\"WebSite\",\"@id\":\"https:\/\/vieassociative.be\/actualites\/#website\",\"url\":\"https:\/\/vieassociative.be\/actualites\/\",\"name\":\"Vie Associative\",\"description\":\"\",\"publisher\":{\"@id\":\"https:\/\/vieassociative.be\/actualites\/#organization\"},\"potentialAction\":[{\"@type\":\"SearchAction\",\"target\":{\"@type\":\"EntryPoint\",\"urlTemplate\":\"https:\/\/vieassociative.be\/actualites\/?s={search_term_string}\"},\"query-input\":{\"@type\":\"PropertyValueSpecification\",\"valueRequired\":true,\"valueName\":\"search_term_string\"}}],\"inLanguage\":\"fr-BE\"},{\"@type\":\"Organization\",\"@id\":\"https:\/\/vieassociative.be\/actualites\/#organization\",\"name\":\"Vie Associative\",\"url\":\"https:\/\/vieassociative.be\/actualites\/\",\"logo\":{\"@type\":\"ImageObject\",\"inLanguage\":\"fr-BE\",\"@id\":\"https:\/\/vieassociative.be\/actualites\/#\/schema\/logo\/image\/\",\"url\":\"https:\/\/vieassociative.be\/actualites\/wp-content\/uploads\/2024\/09\/cropped-vieassociative_favicon.ico.png\",\"contentUrl\":\"https:\/\/vieassociative.be\/actualites\/wp-content\/uploads\/2024\/09\/cropped-vieassociative_favicon.ico.png\",\"width\":512,\"height\":512,\"caption\":\"Vie Associative\"},\"image\":{\"@id\":\"https:\/\/vieassociative.be\/actualites\/#\/schema\/logo\/image\/\"}},{\"@type\":\"Person\",\"@id\":\"https:\/\/vieassociative.be\/actualites\/#\/schema\/person\/b87ac4f82f9d4e7b7cec7395b679edc4\",\"name\":\"Julien\",\"image\":{\"@type\":\"ImageObject\",\"inLanguage\":\"fr-BE\",\"@id\":\"https:\/\/vieassociative.be\/actualites\/#\/schema\/person\/image\/\",\"url\":\"https:\/\/vieassociative.be\/actualites\/wp-content\/uploads\/2024\/09\/vie-associative-1-150x150.jpg\",\"contentUrl\":\"https:\/\/vieassociative.be\/actualites\/wp-content\/uploads\/2024\/09\/vie-associative-1-150x150.jpg\",\"caption\":\"Julien\"},\"description\":\"Je suis Julien, r\u00e9dacteur pour Vie Associative. Passionn\u00e9 par le monde associatif depuis plus de 10 ans, j'ai \u00e0 c\u0153ur de partager des histoires inspirantes et de mettre en lumi\u00e8re les initiatives locales. Mon objectif est de sensibiliser et d'encourager l'engagement communautaire \u00e0 travers mes articles.\",\"sameAs\":[\"https:\/\/vieassociative.be\/\"]}]}<\/script>\n<!-- \/ Yoast SEO plugin. -->","yoast_head_json":{"title":"Belgique contre le Kazakhstan avec ou sans Openda? - Onze allemands contre l'Irlande du Nord sous pression | Vie Associative","robots":{"index":"index","follow":"follow","max-snippet":"max-snippet:-1","max-image-preview":"max-image-preview:large","max-video-preview":"max-video-preview:-1"},"canonical":"https:\/\/vieassociative.be\/actualites\/belgique-contre-le-kazakhstan-avec-ou-sans-openda-onze-allemands-contre-lirlande-du-nord-sous-pression\/","og_locale":"fr_FR","og_type":"article","og_title":"Belgique contre le Kazakhstan avec ou sans Openda? - Onze allemands contre l'Irlande du Nord sous pression | Vie Associative","og_description":"Trois jours apr\u00e8s une victoire brillante 6-0 \u00e0 Liechtenstein, l&rsquo;\u00e9quipe nationale de football belge veut s&rsquo;ajouter au Kazakhstan dans le Lotto Park dimanche \u00e0 20","og_url":"https:\/\/vieassociative.be\/actualites\/belgique-contre-le-kazakhstan-avec-ou-sans-openda-onze-allemands-contre-lirlande-du-nord-sous-pression\/","og_site_name":"Vie Associative","article_published_time":"2025-09-09T08:18:56+00:00","og_image":[{"width":279,"height":92,"url":"https:\/\/vieassociative.be\/actualites\/wp-content\/uploads\/2024\/09\/header_backgroundk-01-e1726694325946.png","type":"image\/png"}],"author":"Julien","twitter_card":"summary_large_image","twitter_misc":{"\u00c9crit par":"Julien","Dur\u00e9e de lecture est.":"4 minutes"},"schema":{"@context":"https:\/\/schema.org","@graph":[{"@type":"Article","@id":"https:\/\/vieassociative.be\/actualites\/belgique-contre-le-kazakhstan-avec-ou-sans-openda-onze-allemands-contre-lirlande-du-nord-sous-pression\/#article","isPartOf":{"@id":"https:\/\/vieassociative.be\/actualites\/belgique-contre-le-kazakhstan-avec-ou-sans-openda-onze-allemands-contre-lirlande-du-nord-sous-pression\/"},"author":{"name":"Julien","@id":"https:\/\/vieassociative.be\/actualites\/#\/schema\/person\/b87ac4f82f9d4e7b7cec7395b679edc4"},"headline":"Belgique contre le Kazakhstan avec ou sans Openda? &#8211; Onze allemands contre l&rsquo;Irlande du Nord sous pression","datePublished":"2025-09-09T08:18:56+00:00","dateModified":"2025-09-09T08:18:56+00:00","mainEntityOfPage":{"@id":"https:\/\/vieassociative.be\/actualites\/belgique-contre-le-kazakhstan-avec-ou-sans-openda-onze-allemands-contre-lirlande-du-nord-sous-pression\/"},"wordCount":892,"publisher":{"@id":"https:\/\/vieassociative.be\/actualites\/#organization"},"image":{"@id":"https:\/\/vieassociative.be\/actualites\/belgique-contre-le-kazakhstan-avec-ou-sans-openda-onze-allemands-contre-lirlande-du-nord-sous-pression\/#primaryimage"},"thumbnailUrl":"https:\/\/vieassociative.be\/actualites\/wp-content\/uploads\/2025\/09\/1757405937_Belgique-contre-le-Kazakhstan-avec-ou-sans-Openda-Onze.jpg","keywords":["allemands","avec","Belgique","contre","Kazakhstan","lIrlande","Nord","Onze","Openda","pression","sans","sous"],"articleSection":["Belgique"],"inLanguage":"fr-BE"},{"@type":"WebPage","@id":"https:\/\/vieassociative.be\/actualites\/belgique-contre-le-kazakhstan-avec-ou-sans-openda-onze-allemands-contre-lirlande-du-nord-sous-pression\/","url":"https:\/\/vieassociative.be\/actualites\/belgique-contre-le-kazakhstan-avec-ou-sans-openda-onze-allemands-contre-lirlande-du-nord-sous-pression\/","name":"Belgique contre le Kazakhstan avec ou sans Openda? - Onze allemands contre l'Irlande du Nord sous pression | Vie Associative","isPartOf":{"@id":"https:\/\/vieassociative.be\/actualites\/#website"},"primaryImageOfPage":{"@id":"https:\/\/vieassociative.be\/actualites\/belgique-contre-le-kazakhstan-avec-ou-sans-openda-onze-allemands-contre-lirlande-du-nord-sous-pression\/#primaryimage"},"image":{"@id":"https:\/\/vieassociative.be\/actualites\/belgique-contre-le-kazakhstan-avec-ou-sans-openda-onze-allemands-contre-lirlande-du-nord-sous-pression\/#primaryimage"},"thumbnailUrl":"https:\/\/vieassociative.be\/actualites\/wp-content\/uploads\/2025\/09\/1757405937_Belgique-contre-le-Kazakhstan-avec-ou-sans-Openda-Onze.jpg","datePublished":"2025-09-09T08:18:56+00:00","dateModified":"2025-09-09T08:18:56+00:00","breadcrumb":{"@id":"https:\/\/vieassociative.be\/actualites\/belgique-contre-le-kazakhstan-avec-ou-sans-openda-onze-allemands-contre-lirlande-du-nord-sous-pression\/#breadcrumb"},"inLanguage":"fr-BE","potentialAction":[{"@type":"ReadAction","target":["https:\/\/vieassociative.be\/actualites\/belgique-contre-le-kazakhstan-avec-ou-sans-openda-onze-allemands-contre-lirlande-du-nord-sous-pression\/"]}]},{"@type":"ImageObject","inLanguage":"fr-BE","@id":"https:\/\/vieassociative.be\/actualites\/belgique-contre-le-kazakhstan-avec-ou-sans-openda-onze-allemands-contre-lirlande-du-nord-sous-pression\/#primaryimage","url":"https:\/\/vieassociative.be\/actualites\/wp-content\/uploads\/2025\/09\/1757405937_Belgique-contre-le-Kazakhstan-avec-ou-sans-Openda-Onze.jpg","contentUrl":"https:\/\/vieassociative.be\/actualites\/wp-content\/uploads\/2025\/09\/1757405937_Belgique-contre-le-Kazakhstan-avec-ou-sans-Openda-Onze.jpg","width":1200,"height":800,"caption":"Belgique contre le Kazakhstan avec ou sans Openda? - Onze allemands contre l'Irlande du Nord sous pression"},{"@type":"BreadcrumbList","@id":"https:\/\/vieassociative.be\/actualites\/belgique-contre-le-kazakhstan-avec-ou-sans-openda-onze-allemands-contre-lirlande-du-nord-sous-pression\/#breadcrumb","itemListElement":[{"@type":"ListItem","position":1,"name":"Accueil","item":"https:\/\/vieassociative.be\/actualites\/"},{"@type":"ListItem","position":2,"name":"Belgique contre le Kazakhstan avec ou sans Openda? &#8211; Onze allemands contre l&rsquo;Irlande du Nord sous pression"}]},{"@type":"WebSite","@id":"https:\/\/vieassociative.be\/actualites\/#website","url":"https:\/\/vieassociative.be\/actualites\/","name":"Vie Associative","description":"","publisher":{"@id":"https:\/\/vieassociative.be\/actualites\/#organization"},"potentialAction":[{"@type":"SearchAction","target":{"@type":"EntryPoint","urlTemplate":"https:\/\/vieassociative.be\/actualites\/?s={search_term_string}"},"query-input":{"@type":"PropertyValueSpecification","valueRequired":true,"valueName":"search_term_string"}}],"inLanguage":"fr-BE"},{"@type":"Organization","@id":"https:\/\/vieassociative.be\/actualites\/#organization","name":"Vie Associative","url":"https:\/\/vieassociative.be\/actualites\/","logo":{"@type":"ImageObject","inLanguage":"fr-BE","@id":"https:\/\/vieassociative.be\/actualites\/#\/schema\/logo\/image\/","url":"https:\/\/vieassociative.be\/actualites\/wp-content\/uploads\/2024\/09\/cropped-vieassociative_favicon.ico.png","contentUrl":"https:\/\/vieassociative.be\/actualites\/wp-content\/uploads\/2024\/09\/cropped-vieassociative_favicon.ico.png","width":512,"height":512,"caption":"Vie Associative"},"image":{"@id":"https:\/\/vieassociative.be\/actualites\/#\/schema\/logo\/image\/"}},{"@type":"Person","@id":"https:\/\/vieassociative.be\/actualites\/#\/schema\/person\/b87ac4f82f9d4e7b7cec7395b679edc4","name":"Julien","image":{"@type":"ImageObject","inLanguage":"fr-BE","@id":"https:\/\/vieassociative.be\/actualites\/#\/schema\/person\/image\/","url":"https:\/\/vieassociative.be\/actualites\/wp-content\/uploads\/2024\/09\/vie-associative-1-150x150.jpg","contentUrl":"https:\/\/vieassociative.be\/actualites\/wp-content\/uploads\/2024\/09\/vie-associative-1-150x150.jpg","caption":"Julien"},"description":"Je suis Julien, r\u00e9dacteur pour Vie Associative. Passionn\u00e9 par le monde associatif depuis plus de 10 ans, j'ai \u00e0 c\u0153ur de partager des histoires inspirantes et de mettre en lumi\u00e8re les initiatives locales. Mon objectif est de sensibiliser et d'encourager l'engagement communautaire \u00e0 travers mes articles.","sameAs":["https:\/\/vieassociative.be\/"]}]}},"_links":{"self":[{"href":"https:\/\/vieassociative.be\/actualites\/wp-json\/wp\/v2\/posts\/9917"}],"collection":[{"href":"https:\/\/vieassociative.be\/actualites\/wp-json\/wp\/v2\/posts"}],"about":[{"href":"https:\/\/vieassociative.be\/actualites\/wp-json\/wp\/v2\/types\/post"}],"author":[{"embeddable":true,"href":"https:\/\/vieassociative.be\/actualites\/wp-json\/wp\/v2\/users\/1"}],"replies":[{"embeddable":true,"href":"https:\/\/vieassociative.be\/actualites\/wp-json\/wp\/v2\/comments?post=9917"}],"version-history":[{"count":0,"href":"https:\/\/vieassociative.be\/actualites\/wp-json\/wp\/v2\/posts\/9917\/revisions"}],"wp:featuredmedia":[{"embeddable":true,"href":"https:\/\/vieassociative.be\/actualites\/wp-json\/wp\/v2\/media\/9918"}],"wp:attachment":[{"href":"https:\/\/vieassociative.be\/actualites\/wp-json\/wp\/v2\/media?parent=9917"}],"wp:term":[{"taxonomy":"category","embeddable":true,"href":"https:\/\/vieassociative.be\/actualites\/wp-json\/wp\/v2\/categories?post=9917"},{"taxonomy":"post_tag","embeddable":true,"href":"https:\/\/vieassociative.be\/actualites\/wp-json\/wp\/v2\/tags?post=9917"}],"curies":[{"name":"wp","href":"https:\/\/api.w.org\/{rel}","templated":true}]}}