{"id":9914,"date":"2025-09-09T04:17:21","date_gmt":"2025-09-09T02:17:21","guid":{"rendered":"https:\/\/vieassociative.be\/actualites\/pas-de-chance-pour-eupen-dans-la-coupe-dans-la-finale-1-16-de-la-coupe-croky-loin-de-royal-antwerp\/"},"modified":"2025-09-09T04:17:21","modified_gmt":"2025-09-09T02:17:21","slug":"pas-de-chance-pour-eupen-dans-la-coupe-dans-la-finale-1-16-de-la-coupe-croky-loin-de-royal-antwerp","status":"publish","type":"post","link":"https:\/\/vieassociative.be\/actualites\/pas-de-chance-pour-eupen-dans-la-coupe-dans-la-finale-1-16-de-la-coupe-croky-loin-de-royal-antwerp\/","title":{"rendered":"Pas de chance pour Eupen dans la coupe dans la finale 1\/16 de la Coupe Croky loin de Royal Antwerp"},"content":{"rendered":"<p><strong>Apr\u00e8s la \u00e9troite victoire 1-0 contre De Toekomst Borsbeke de la 1\u00e8re classe provinciale East Flanders, le club de deuxi\u00e8me division alors qu&rsquo;Eupen esp\u00e9rait la finale 1\/16 de la Coupe d&rsquo;\u00c9tat pour un autre match \u00e0 domicile contre un adversaire attrayant.<\/strong><\/p>\n<p><span id=\"more-424125\"><\/span>Le noir et blanc se fait en fait avec un adversaire attrayant, mais malheureusement \u00e0 sa place et non dans le stade fait maison. Le AS doit rivaliser au Royal Antwerp FC. La rencontre de la coupe dans le stade Bosuil d&rsquo;Anvers a lieu fin octobre. Quand exactement sera communiqu\u00e9 plus tard.<\/p>\n<p>Le \u00ab\u00a0Great Old\u00a0\u00bb, comme le Royal Anvers FC est nomm\u00e9 le plus ancien club de football du pays, a remport\u00e9 quatre fois jusqu&rsquo;\u00e0 pr\u00e9sent (1955, 1992, 2020, 2023) et en 1993 a m\u00eame atteint la finale du vainqueur de la Coupe d&rsquo;Europe dans le London Wembleystadion (contre AC Parma).<\/p>\n<div id=\"attachment_163269\" class=\"wp-caption alignleft\" style=\"max-width: 300px\"><img fetchpriority=\"high\" decoding=\"async\" class=\"wp-image-163269 size-medium\" src=\"https:\/\/vieassociative.be\/actualites\/wp-content\/uploads\/2025\/01\/51-\u2013-Anvers-prend-sa-revanche-contre-la-decevante-Union.jpeg\" alt=\"\" width=\"300\" height=\"292\"  ><\/div>\n<p>Le match nul des paires de la finale 1\/16, dans laquelle les \u00e9quipes de Jupiler Pro League sont \u00e9galement incluses pour la premi\u00e8re fois, ont provoqu\u00e9 des rencontres int\u00e9ressantes. Par exemple, le FC Li\u00e8ge re\u00e7oit l&rsquo;\u00e9quipe de Charleroi sportif dans un autre type de derby Walloon. <\/p>\n<p>Standard Li\u00e8ge n&rsquo;a pas de t\u00e2che facile \u00e0 l&rsquo;\u00e9cart de SK. Il y a aussi des duels voisins tels que KV Mechelen contre Lierse SK, Cercle Bruges contre KV Kortrijk, KRC Genk contre Patro Eisden ou Ninove contre RSC Anderlecht.<\/p>\n<p>Les amateurs ont automatiquement des droits \u00e0 domicile dans la coupe. La seule exception est Eendracht Aalst, qui ne r\u00e9pond pas aux exigences minimales et doit donc concourir loin du champion en titre FC Bruges.<\/p>\n<p>Pour cette raison, la Coupe Croky est quelque chose de sp\u00e9cial pour Eupen lorsqu&rsquo;il a atteint les demi-finales trois fois au cours des dix derni\u00e8res ann\u00e9es (contre Waregem 2017, Standard Li\u00e8ge 2021 et RSC Anderlecht 2022). <\/p>\n<p>Le AS a cependant moins r\u00e9ussi, car dans les trois derni\u00e8res \u00e9ditions, ils ont d\u00e9j\u00e0 \u00e9t\u00e9 \u00e9limin\u00e9s dans la finale du 1\/16 (contre KMSK Deinze, KV Ostend et Union Saint-Gilloise), comme le t\u00e9moigne le pr\u00e9sentation suivante:<\/p>\n<ul>\n<li>2024\/2025 1\/16-Final Union St. Gillo\u00efse<\/li>\n<li>2023\/2024 1\/16 Final KV Ostend<\/li>\n<li>2022\/2023 1\/16-Final KMSK Deinze<\/li>\n<li>2021\/2022 RSC ANDERLECHT 1\/2-Final<\/li>\n<li>2020\/2021 1\/2 Final Standard Li\u00e8ge<\/li>\n<li>2019\/2020 1\/8 final KV Kortrijk<\/li>\n<li>2018\/2019 1\/4 final KV Ostend<\/li>\n<li>2017\/2018 1\/8 Final Waasland-Beveren<\/li>\n<li>2016\/2017 1\/2 final SV Zulte-Waregem<\/li>\n<li>2015\/2016 1\/16 final aa gent<\/li>\n<\/ul>\n<p><strong>Sous tous les matchs de la finale 1\/16 de la Coupe Croky:<\/strong><\/p>\n<ul>\n<li>FC Bruges &#8211; Eendracht ealst<\/li>\n<li>Cercle Bruges &#8211; KV Kortrijk<\/li>\n<li>Fiche de fun\u00e9railles &#8211; KVC Westerlo<\/li>\n<li>RFC SERAING &#8211; Oh Leuven<\/li>\n<li>KSK Heist &#8211; Raal La Louvi\u00e8re<\/li>\n<li>FC Li\u00e8ge &#8211; SC Charleroi<\/li>\n<li>Saint-gil-gil-gil-gil-gil-gilloie tubulaire<\/li>\n<li>Belisia Bilzen &#8211; Sv Zulte Waregem<\/li>\n<li>Sk Beveren &#8211; Li\u00e8ge standard<\/li>\n<li>KVK Ninove &#8211; RSC Anderlecht<\/li>\n<li>Royal Antwerp FC &#8211; As Eupen<\/li>\n<li>KRC Genk &#8211; Patro Eisden<\/li>\n<li>Kv mechelen &#8211; lierse sk<\/li>\n<li>Knokke FC-VV SINT-TRUIDEN<\/li>\n<li>Dender &#8211; Charleroi olympique<\/li>\n<\/ul>\n<p><em><strong>Sur le sujet, voir \u00e9galement l&rsquo;article suivant sur OD:<\/strong><\/em><\/p>\n<div class=\"responsive-embed widescreen\">\n<blockquote class=\"wp-embedded-content\" data-secret=\"m9t2y4DmKi\">\n<p>Alors que Eupen se d\u00e9cha\u00eene l&#8217;embarras &#8211; seulement 1-0 contre Toekomst Borsbek (1\u00e8re classe provinciale) &#8211; deux p\u00e9nalit\u00e9s<\/p>\n<\/blockquote>\n<p><iframe loading=\"lazy\" class=\"wp-embedded-content\" sandbox=\"allow-scripts\" security=\"restricted\" style=\"position: absolute; visibility: hidden;\" title=\"\u201eAS Eupen schrammt an Blamage vorbei \u2013 Nur 1:0 gegen Toekomst Borsbeke (1. Provinzklasse) \u2013 Zwei Elfmeter verschossen\u201c \u2014 Ostbelgien Direkt\" src=\"https:\/\/ostbelgiendirekt.be\/about:blank\" data-secret=\"m9t2y4DmKi\" width=\"500\" height=\"282\" frameborder=\"0\" marginwidth=\"0\" marginheight=\"0\" scrolling=\"no\" data-rocket-lazyload=\"fitvidscompatible\" data-lazy-src=\"https:\/\/ostbelgiendirekt.be\/as-eupen-fast-pokalblamage-423930\/embed#?secret=VDSp3PtOSF#?secret=m9t2y4DmKi\"><\/iframe><noscript><iframe class=\"wp-embedded-content\" sandbox=\"allow-scripts\" security=\"restricted\" style=\"position: absolute; visibility: hidden;\" title=\"\u201eAS Eupen schrammt an Blamage vorbei \u2013 Nur 1:0 gegen Toekomst Borsbeke (1. Provinzklasse) \u2013 Zwei Elfmeter verschossen\u201c \u2014 Ostbelgien Direkt\" src=\"https:\/\/ostbelgiendirekt.be\/as-eupen-fast-pokalblamage-423930\/embed#?secret=VDSp3PtOSF#?secret=m9t2y4DmKi\" data-secret=\"m9t2y4DmKi\" width=\"500\" height=\"282\" frameborder=\"0\" marginwidth=\"0\" marginheight=\"0\" scrolling=\"no\"><\/iframe><\/noscript><\/p>\n<\/div>\n","protected":false},"excerpt":{"rendered":"<p>Apr\u00e8s la \u00e9troite victoire 1-0 contre De Toekomst Borsbeke de la 1\u00e8re classe provinciale East Flanders, le club de deuxi\u00e8me division alors qu&rsquo;Eupen esp\u00e9rait la<\/p>\n","protected":false},"author":1,"featured_media":7299,"comment_status":"","ping_status":"","sticky":false,"template":"","format":"standard","meta":{"footnotes":""},"categories":[298],"tags":[8460,5810,2472,8458,166,2329,879,3983,126,81,8459],"class_list":["post-9914","post","type-post","status-publish","format-standard","has-post-thumbnail","hentry","category-belgique","tag-antwerp","tag-chance","tag-coupe","tag-croky","tag-dans","tag-eupen","tag-finale","tag-loin","tag-pas","tag-pour","tag-royal","generate-columns","tablet-grid-50","mobile-grid-100","grid-parent","grid-33"],"yoast_head":"<!-- This site is optimized with the Yoast SEO plugin v24.0 - https:\/\/yoast.com\/wordpress\/plugins\/seo\/ -->\n<title>Pas de chance pour Eupen dans la coupe dans la finale 1\/16 de la Coupe Croky loin de Royal Antwerp | Vie Associative<\/title>\n<meta name=\"robots\" content=\"index, follow, max-snippet:-1, max-image-preview:large, max-video-preview:-1\" \/>\n<link rel=\"canonical\" href=\"https:\/\/vieassociative.be\/actualites\/pas-de-chance-pour-eupen-dans-la-coupe-dans-la-finale-1-16-de-la-coupe-croky-loin-de-royal-antwerp\/\" \/>\n<meta property=\"og:locale\" content=\"fr_FR\" \/>\n<meta property=\"og:type\" content=\"article\" \/>\n<meta property=\"og:title\" content=\"Pas de chance pour Eupen dans la coupe dans la finale 1\/16 de la Coupe Croky loin de Royal Antwerp | Vie Associative\" \/>\n<meta property=\"og:description\" content=\"Apr\u00e8s la \u00e9troite victoire 1-0 contre De Toekomst Borsbeke de la 1\u00e8re classe provinciale East Flanders, le club de deuxi\u00e8me division alors qu&rsquo;Eupen esp\u00e9rait la\" \/>\n<meta property=\"og:url\" content=\"https:\/\/vieassociative.be\/actualites\/pas-de-chance-pour-eupen-dans-la-coupe-dans-la-finale-1-16-de-la-coupe-croky-loin-de-royal-antwerp\/\" \/>\n<meta property=\"og:site_name\" content=\"Vie Associative\" \/>\n<meta property=\"article:published_time\" content=\"2025-09-09T02:17:21+00:00\" \/>\n<meta property=\"og:image\" content=\"https:\/\/vieassociative.be\/actualites\/wp-content\/uploads\/2024\/09\/header_backgroundk-01-e1726694325946.png\" \/>\n\t<meta property=\"og:image:width\" content=\"279\" \/>\n\t<meta property=\"og:image:height\" content=\"92\" \/>\n\t<meta property=\"og:image:type\" content=\"image\/png\" \/>\n<meta name=\"author\" content=\"Julien\" \/>\n<meta name=\"twitter:card\" content=\"summary_large_image\" \/>\n<meta name=\"twitter:label1\" content=\"\u00c9crit par\" \/>\n\t<meta name=\"twitter:data1\" content=\"Julien\" \/>\n\t<meta name=\"twitter:label2\" content=\"Dur\u00e9e de lecture est.\" \/>\n\t<meta name=\"twitter:data2\" content=\"2 minutes\" \/>\n<script type=\"application\/ld+json\" class=\"yoast-schema-graph\">{\"@context\":\"https:\/\/schema.org\",\"@graph\":[{\"@type\":\"Article\",\"@id\":\"https:\/\/vieassociative.be\/actualites\/pas-de-chance-pour-eupen-dans-la-coupe-dans-la-finale-1-16-de-la-coupe-croky-loin-de-royal-antwerp\/#article\",\"isPartOf\":{\"@id\":\"https:\/\/vieassociative.be\/actualites\/pas-de-chance-pour-eupen-dans-la-coupe-dans-la-finale-1-16-de-la-coupe-croky-loin-de-royal-antwerp\/\"},\"author\":{\"name\":\"Julien\",\"@id\":\"https:\/\/vieassociative.be\/actualites\/#\/schema\/person\/b87ac4f82f9d4e7b7cec7395b679edc4\"},\"headline\":\"Pas de chance pour Eupen dans la coupe dans la finale 1\/16 de la Coupe Croky loin de Royal Antwerp\",\"datePublished\":\"2025-09-09T02:17:21+00:00\",\"dateModified\":\"2025-09-09T02:17:21+00:00\",\"mainEntityOfPage\":{\"@id\":\"https:\/\/vieassociative.be\/actualites\/pas-de-chance-pour-eupen-dans-la-coupe-dans-la-finale-1-16-de-la-coupe-croky-loin-de-royal-antwerp\/\"},\"wordCount\":522,\"publisher\":{\"@id\":\"https:\/\/vieassociative.be\/actualites\/#organization\"},\"image\":{\"@id\":\"https:\/\/vieassociative.be\/actualites\/pas-de-chance-pour-eupen-dans-la-coupe-dans-la-finale-1-16-de-la-coupe-croky-loin-de-royal-antwerp\/#primaryimage\"},\"thumbnailUrl\":\"https:\/\/vieassociative.be\/actualites\/wp-content\/uploads\/2025\/05\/La-finale-de-reve-netait-excitante-que-dans-le-temps.jpg\",\"keywords\":[\"Antwerp\",\"chance\",\"Coupe\",\"Croky\",\"dans\",\"Eupen\",\"finale\",\"loin\",\"pas\",\"pour\",\"Royal\"],\"articleSection\":[\"Belgique\"],\"inLanguage\":\"fr-BE\"},{\"@type\":\"WebPage\",\"@id\":\"https:\/\/vieassociative.be\/actualites\/pas-de-chance-pour-eupen-dans-la-coupe-dans-la-finale-1-16-de-la-coupe-croky-loin-de-royal-antwerp\/\",\"url\":\"https:\/\/vieassociative.be\/actualites\/pas-de-chance-pour-eupen-dans-la-coupe-dans-la-finale-1-16-de-la-coupe-croky-loin-de-royal-antwerp\/\",\"name\":\"Pas de chance pour Eupen dans la coupe dans la finale 1\/16 de la Coupe Croky loin de Royal Antwerp | Vie Associative\",\"isPartOf\":{\"@id\":\"https:\/\/vieassociative.be\/actualites\/#website\"},\"primaryImageOfPage\":{\"@id\":\"https:\/\/vieassociative.be\/actualites\/pas-de-chance-pour-eupen-dans-la-coupe-dans-la-finale-1-16-de-la-coupe-croky-loin-de-royal-antwerp\/#primaryimage\"},\"image\":{\"@id\":\"https:\/\/vieassociative.be\/actualites\/pas-de-chance-pour-eupen-dans-la-coupe-dans-la-finale-1-16-de-la-coupe-croky-loin-de-royal-antwerp\/#primaryimage\"},\"thumbnailUrl\":\"https:\/\/vieassociative.be\/actualites\/wp-content\/uploads\/2025\/05\/La-finale-de-reve-netait-excitante-que-dans-le-temps.jpg\",\"datePublished\":\"2025-09-09T02:17:21+00:00\",\"dateModified\":\"2025-09-09T02:17:21+00:00\",\"breadcrumb\":{\"@id\":\"https:\/\/vieassociative.be\/actualites\/pas-de-chance-pour-eupen-dans-la-coupe-dans-la-finale-1-16-de-la-coupe-croky-loin-de-royal-antwerp\/#breadcrumb\"},\"inLanguage\":\"fr-BE\",\"potentialAction\":[{\"@type\":\"ReadAction\",\"target\":[\"https:\/\/vieassociative.be\/actualites\/pas-de-chance-pour-eupen-dans-la-coupe-dans-la-finale-1-16-de-la-coupe-croky-loin-de-royal-antwerp\/\"]}]},{\"@type\":\"ImageObject\",\"inLanguage\":\"fr-BE\",\"@id\":\"https:\/\/vieassociative.be\/actualites\/pas-de-chance-pour-eupen-dans-la-coupe-dans-la-finale-1-16-de-la-coupe-croky-loin-de-royal-antwerp\/#primaryimage\",\"url\":\"https:\/\/vieassociative.be\/actualites\/wp-content\/uploads\/2025\/05\/La-finale-de-reve-netait-excitante-que-dans-le-temps.jpg\",\"contentUrl\":\"https:\/\/vieassociative.be\/actualites\/wp-content\/uploads\/2025\/05\/La-finale-de-reve-netait-excitante-que-dans-le-temps.jpg\",\"width\":1200,\"height\":800,\"caption\":\"La finale de r\u00eave n'\u00e9tait excitante que dans le temps suppl\u00e9mentaire - FC Bruges apr\u00e8s 2-1 contre le vainqueur de la Coupe Anderlecht\"},{\"@type\":\"BreadcrumbList\",\"@id\":\"https:\/\/vieassociative.be\/actualites\/pas-de-chance-pour-eupen-dans-la-coupe-dans-la-finale-1-16-de-la-coupe-croky-loin-de-royal-antwerp\/#breadcrumb\",\"itemListElement\":[{\"@type\":\"ListItem\",\"position\":1,\"name\":\"Accueil\",\"item\":\"https:\/\/vieassociative.be\/actualites\/\"},{\"@type\":\"ListItem\",\"position\":2,\"name\":\"Pas de chance pour Eupen dans la coupe dans la finale 1\/16 de la Coupe Croky loin de Royal Antwerp\"}]},{\"@type\":\"WebSite\",\"@id\":\"https:\/\/vieassociative.be\/actualites\/#website\",\"url\":\"https:\/\/vieassociative.be\/actualites\/\",\"name\":\"Vie Associative\",\"description\":\"\",\"publisher\":{\"@id\":\"https:\/\/vieassociative.be\/actualites\/#organization\"},\"potentialAction\":[{\"@type\":\"SearchAction\",\"target\":{\"@type\":\"EntryPoint\",\"urlTemplate\":\"https:\/\/vieassociative.be\/actualites\/?s={search_term_string}\"},\"query-input\":{\"@type\":\"PropertyValueSpecification\",\"valueRequired\":true,\"valueName\":\"search_term_string\"}}],\"inLanguage\":\"fr-BE\"},{\"@type\":\"Organization\",\"@id\":\"https:\/\/vieassociative.be\/actualites\/#organization\",\"name\":\"Vie Associative\",\"url\":\"https:\/\/vieassociative.be\/actualites\/\",\"logo\":{\"@type\":\"ImageObject\",\"inLanguage\":\"fr-BE\",\"@id\":\"https:\/\/vieassociative.be\/actualites\/#\/schema\/logo\/image\/\",\"url\":\"https:\/\/vieassociative.be\/actualites\/wp-content\/uploads\/2024\/09\/cropped-vieassociative_favicon.ico.png\",\"contentUrl\":\"https:\/\/vieassociative.be\/actualites\/wp-content\/uploads\/2024\/09\/cropped-vieassociative_favicon.ico.png\",\"width\":512,\"height\":512,\"caption\":\"Vie Associative\"},\"image\":{\"@id\":\"https:\/\/vieassociative.be\/actualites\/#\/schema\/logo\/image\/\"}},{\"@type\":\"Person\",\"@id\":\"https:\/\/vieassociative.be\/actualites\/#\/schema\/person\/b87ac4f82f9d4e7b7cec7395b679edc4\",\"name\":\"Julien\",\"image\":{\"@type\":\"ImageObject\",\"inLanguage\":\"fr-BE\",\"@id\":\"https:\/\/vieassociative.be\/actualites\/#\/schema\/person\/image\/\",\"url\":\"https:\/\/vieassociative.be\/actualites\/wp-content\/uploads\/2024\/09\/vie-associative-1-150x150.jpg\",\"contentUrl\":\"https:\/\/vieassociative.be\/actualites\/wp-content\/uploads\/2024\/09\/vie-associative-1-150x150.jpg\",\"caption\":\"Julien\"},\"description\":\"Je suis Julien, r\u00e9dacteur pour Vie Associative. Passionn\u00e9 par le monde associatif depuis plus de 10 ans, j'ai \u00e0 c\u0153ur de partager des histoires inspirantes et de mettre en lumi\u00e8re les initiatives locales. Mon objectif est de sensibiliser et d'encourager l'engagement communautaire \u00e0 travers mes articles.\",\"sameAs\":[\"https:\/\/vieassociative.be\/\"]}]}<\/script>\n<!-- \/ Yoast SEO plugin. -->","yoast_head_json":{"title":"Pas de chance pour Eupen dans la coupe dans la finale 1\/16 de la Coupe Croky loin de Royal Antwerp | Vie Associative","robots":{"index":"index","follow":"follow","max-snippet":"max-snippet:-1","max-image-preview":"max-image-preview:large","max-video-preview":"max-video-preview:-1"},"canonical":"https:\/\/vieassociative.be\/actualites\/pas-de-chance-pour-eupen-dans-la-coupe-dans-la-finale-1-16-de-la-coupe-croky-loin-de-royal-antwerp\/","og_locale":"fr_FR","og_type":"article","og_title":"Pas de chance pour Eupen dans la coupe dans la finale 1\/16 de la Coupe Croky loin de Royal Antwerp | Vie Associative","og_description":"Apr\u00e8s la \u00e9troite victoire 1-0 contre De Toekomst Borsbeke de la 1\u00e8re classe provinciale East Flanders, le club de deuxi\u00e8me division alors qu&rsquo;Eupen esp\u00e9rait la","og_url":"https:\/\/vieassociative.be\/actualites\/pas-de-chance-pour-eupen-dans-la-coupe-dans-la-finale-1-16-de-la-coupe-croky-loin-de-royal-antwerp\/","og_site_name":"Vie Associative","article_published_time":"2025-09-09T02:17:21+00:00","og_image":[{"width":279,"height":92,"url":"https:\/\/vieassociative.be\/actualites\/wp-content\/uploads\/2024\/09\/header_backgroundk-01-e1726694325946.png","type":"image\/png"}],"author":"Julien","twitter_card":"summary_large_image","twitter_misc":{"\u00c9crit par":"Julien","Dur\u00e9e de lecture est.":"2 minutes"},"schema":{"@context":"https:\/\/schema.org","@graph":[{"@type":"Article","@id":"https:\/\/vieassociative.be\/actualites\/pas-de-chance-pour-eupen-dans-la-coupe-dans-la-finale-1-16-de-la-coupe-croky-loin-de-royal-antwerp\/#article","isPartOf":{"@id":"https:\/\/vieassociative.be\/actualites\/pas-de-chance-pour-eupen-dans-la-coupe-dans-la-finale-1-16-de-la-coupe-croky-loin-de-royal-antwerp\/"},"author":{"name":"Julien","@id":"https:\/\/vieassociative.be\/actualites\/#\/schema\/person\/b87ac4f82f9d4e7b7cec7395b679edc4"},"headline":"Pas de chance pour Eupen dans la coupe dans la finale 1\/16 de la Coupe Croky loin de Royal Antwerp","datePublished":"2025-09-09T02:17:21+00:00","dateModified":"2025-09-09T02:17:21+00:00","mainEntityOfPage":{"@id":"https:\/\/vieassociative.be\/actualites\/pas-de-chance-pour-eupen-dans-la-coupe-dans-la-finale-1-16-de-la-coupe-croky-loin-de-royal-antwerp\/"},"wordCount":522,"publisher":{"@id":"https:\/\/vieassociative.be\/actualites\/#organization"},"image":{"@id":"https:\/\/vieassociative.be\/actualites\/pas-de-chance-pour-eupen-dans-la-coupe-dans-la-finale-1-16-de-la-coupe-croky-loin-de-royal-antwerp\/#primaryimage"},"thumbnailUrl":"https:\/\/vieassociative.be\/actualites\/wp-content\/uploads\/2025\/05\/La-finale-de-reve-netait-excitante-que-dans-le-temps.jpg","keywords":["Antwerp","chance","Coupe","Croky","dans","Eupen","finale","loin","pas","pour","Royal"],"articleSection":["Belgique"],"inLanguage":"fr-BE"},{"@type":"WebPage","@id":"https:\/\/vieassociative.be\/actualites\/pas-de-chance-pour-eupen-dans-la-coupe-dans-la-finale-1-16-de-la-coupe-croky-loin-de-royal-antwerp\/","url":"https:\/\/vieassociative.be\/actualites\/pas-de-chance-pour-eupen-dans-la-coupe-dans-la-finale-1-16-de-la-coupe-croky-loin-de-royal-antwerp\/","name":"Pas de chance pour Eupen dans la coupe dans la finale 1\/16 de la Coupe Croky loin de Royal Antwerp | Vie Associative","isPartOf":{"@id":"https:\/\/vieassociative.be\/actualites\/#website"},"primaryImageOfPage":{"@id":"https:\/\/vieassociative.be\/actualites\/pas-de-chance-pour-eupen-dans-la-coupe-dans-la-finale-1-16-de-la-coupe-croky-loin-de-royal-antwerp\/#primaryimage"},"image":{"@id":"https:\/\/vieassociative.be\/actualites\/pas-de-chance-pour-eupen-dans-la-coupe-dans-la-finale-1-16-de-la-coupe-croky-loin-de-royal-antwerp\/#primaryimage"},"thumbnailUrl":"https:\/\/vieassociative.be\/actualites\/wp-content\/uploads\/2025\/05\/La-finale-de-reve-netait-excitante-que-dans-le-temps.jpg","datePublished":"2025-09-09T02:17:21+00:00","dateModified":"2025-09-09T02:17:21+00:00","breadcrumb":{"@id":"https:\/\/vieassociative.be\/actualites\/pas-de-chance-pour-eupen-dans-la-coupe-dans-la-finale-1-16-de-la-coupe-croky-loin-de-royal-antwerp\/#breadcrumb"},"inLanguage":"fr-BE","potentialAction":[{"@type":"ReadAction","target":["https:\/\/vieassociative.be\/actualites\/pas-de-chance-pour-eupen-dans-la-coupe-dans-la-finale-1-16-de-la-coupe-croky-loin-de-royal-antwerp\/"]}]},{"@type":"ImageObject","inLanguage":"fr-BE","@id":"https:\/\/vieassociative.be\/actualites\/pas-de-chance-pour-eupen-dans-la-coupe-dans-la-finale-1-16-de-la-coupe-croky-loin-de-royal-antwerp\/#primaryimage","url":"https:\/\/vieassociative.be\/actualites\/wp-content\/uploads\/2025\/05\/La-finale-de-reve-netait-excitante-que-dans-le-temps.jpg","contentUrl":"https:\/\/vieassociative.be\/actualites\/wp-content\/uploads\/2025\/05\/La-finale-de-reve-netait-excitante-que-dans-le-temps.jpg","width":1200,"height":800,"caption":"La finale de r\u00eave n'\u00e9tait excitante que dans le temps suppl\u00e9mentaire - FC Bruges apr\u00e8s 2-1 contre le vainqueur de la Coupe Anderlecht"},{"@type":"BreadcrumbList","@id":"https:\/\/vieassociative.be\/actualites\/pas-de-chance-pour-eupen-dans-la-coupe-dans-la-finale-1-16-de-la-coupe-croky-loin-de-royal-antwerp\/#breadcrumb","itemListElement":[{"@type":"ListItem","position":1,"name":"Accueil","item":"https:\/\/vieassociative.be\/actualites\/"},{"@type":"ListItem","position":2,"name":"Pas de chance pour Eupen dans la coupe dans la finale 1\/16 de la Coupe Croky loin de Royal Antwerp"}]},{"@type":"WebSite","@id":"https:\/\/vieassociative.be\/actualites\/#website","url":"https:\/\/vieassociative.be\/actualites\/","name":"Vie Associative","description":"","publisher":{"@id":"https:\/\/vieassociative.be\/actualites\/#organization"},"potentialAction":[{"@type":"SearchAction","target":{"@type":"EntryPoint","urlTemplate":"https:\/\/vieassociative.be\/actualites\/?s={search_term_string}"},"query-input":{"@type":"PropertyValueSpecification","valueRequired":true,"valueName":"search_term_string"}}],"inLanguage":"fr-BE"},{"@type":"Organization","@id":"https:\/\/vieassociative.be\/actualites\/#organization","name":"Vie Associative","url":"https:\/\/vieassociative.be\/actualites\/","logo":{"@type":"ImageObject","inLanguage":"fr-BE","@id":"https:\/\/vieassociative.be\/actualites\/#\/schema\/logo\/image\/","url":"https:\/\/vieassociative.be\/actualites\/wp-content\/uploads\/2024\/09\/cropped-vieassociative_favicon.ico.png","contentUrl":"https:\/\/vieassociative.be\/actualites\/wp-content\/uploads\/2024\/09\/cropped-vieassociative_favicon.ico.png","width":512,"height":512,"caption":"Vie Associative"},"image":{"@id":"https:\/\/vieassociative.be\/actualites\/#\/schema\/logo\/image\/"}},{"@type":"Person","@id":"https:\/\/vieassociative.be\/actualites\/#\/schema\/person\/b87ac4f82f9d4e7b7cec7395b679edc4","name":"Julien","image":{"@type":"ImageObject","inLanguage":"fr-BE","@id":"https:\/\/vieassociative.be\/actualites\/#\/schema\/person\/image\/","url":"https:\/\/vieassociative.be\/actualites\/wp-content\/uploads\/2024\/09\/vie-associative-1-150x150.jpg","contentUrl":"https:\/\/vieassociative.be\/actualites\/wp-content\/uploads\/2024\/09\/vie-associative-1-150x150.jpg","caption":"Julien"},"description":"Je suis Julien, r\u00e9dacteur pour Vie Associative. Passionn\u00e9 par le monde associatif depuis plus de 10 ans, j'ai \u00e0 c\u0153ur de partager des histoires inspirantes et de mettre en lumi\u00e8re les initiatives locales. Mon objectif est de sensibiliser et d'encourager l'engagement communautaire \u00e0 travers mes articles.","sameAs":["https:\/\/vieassociative.be\/"]}]}},"_links":{"self":[{"href":"https:\/\/vieassociative.be\/actualites\/wp-json\/wp\/v2\/posts\/9914"}],"collection":[{"href":"https:\/\/vieassociative.be\/actualites\/wp-json\/wp\/v2\/posts"}],"about":[{"href":"https:\/\/vieassociative.be\/actualites\/wp-json\/wp\/v2\/types\/post"}],"author":[{"embeddable":true,"href":"https:\/\/vieassociative.be\/actualites\/wp-json\/wp\/v2\/users\/1"}],"replies":[{"embeddable":true,"href":"https:\/\/vieassociative.be\/actualites\/wp-json\/wp\/v2\/comments?post=9914"}],"version-history":[{"count":0,"href":"https:\/\/vieassociative.be\/actualites\/wp-json\/wp\/v2\/posts\/9914\/revisions"}],"wp:featuredmedia":[{"embeddable":true,"href":"https:\/\/vieassociative.be\/actualites\/wp-json\/wp\/v2\/media\/7299"}],"wp:attachment":[{"href":"https:\/\/vieassociative.be\/actualites\/wp-json\/wp\/v2\/media?parent=9914"}],"wp:term":[{"taxonomy":"category","embeddable":true,"href":"https:\/\/vieassociative.be\/actualites\/wp-json\/wp\/v2\/categories?post=9914"},{"taxonomy":"post_tag","embeddable":true,"href":"https:\/\/vieassociative.be\/actualites\/wp-json\/wp\/v2\/tags?post=9914"}],"curies":[{"name":"wp","href":"https:\/\/api.w.org\/{rel}","templated":true}]}}