{"id":9912,"date":"2025-09-09T03:17:24","date_gmt":"2025-09-09T01:17:24","guid":{"rendered":"https:\/\/vieassociative.be\/actualites\/si-vous-avez-un-mini-televiseur-vous-devez-activer-ce-parametre\/"},"modified":"2025-09-09T03:17:24","modified_gmt":"2025-09-09T01:17:24","slug":"si-vous-avez-un-mini-televiseur-vous-devez-activer-ce-parametre","status":"publish","type":"post","link":"https:\/\/vieassociative.be\/actualites\/si-vous-avez-un-mini-televiseur-vous-devez-activer-ce-parametre\/","title":{"rendered":"Si vous avez un mini-t\u00e9l\u00e9viseur, vous devez activer ce param\u00e8tre"},"content":{"rendered":"<div class=\"mt-4 leading-6 md:mb-8\">La plupart des t\u00e9l\u00e9viseurs peuvent s&rsquo;adapter automatiquement en fonction de l&rsquo;\u00e9clairage de votre pi\u00e8ce.<\/div>\n<p><\/p>\n<p><em>Saviez-vous que vous pouvez personnaliser Google pour filtrer les ordures? Prendre ces \u00e9tapes<\/em><em> Pour de meilleurs r\u00e9sultats de recherche, notamment l&rsquo;ajout de Vie Associative comme source pr\u00e9f\u00e9r\u00e9e pour les nouvelles technologiques<\/em><em>.<\/em><\/p>\n<p>J&rsquo;ai pass\u00e9 en revue le TCL QM7 il y a un an, et je suis toujours impressionn\u00e9 par la qualit\u00e9 et la valeur de l&rsquo;argent offert par ce t\u00e9l\u00e9viseur QLED de milieu de niveau. Avec Hisense, TCL a soulev\u00e9 la barre des t\u00e9l\u00e9viseurs QLED, les deux marques qui se battent pour devenir le go-to pour la meilleure valeur QLED TV. <\/p>\n<p>L&rsquo;un des moments forts du QM7 est sa incroyable luminosit\u00e9 &#8211; jusqu&rsquo;\u00e0 2 400 nits, gr\u00e2ce au mini-vide LED pour l&rsquo;\u00e9cran. Mais cela peut en fait \u00eatre \u00e9crasant lorsque vous regardez la t\u00e9l\u00e9vision la nuit dans une chambre sombre, surtout si vous vous pr\u00e9parez \u00e0 vous endormir (ou si quelqu&rsquo;un d&rsquo;autre dans la chambre essaie d\u00e9j\u00e0 de dormir). Mais j&rsquo;ai trouv\u00e9 un cadre qui me permet (et ma femme) de coexister avec ce t\u00e9l\u00e9viseur dans notre chambre &#8211; et votre t\u00e9l\u00e9viseur QLED l&rsquo;a probablement aussi. <\/p>\n<div class=\"mx-auto mb-12 mt-5 w-full max-w-3xl rounded-md border-2 border-gray-100 p-3 shadow-md md:px-7 md:pb-7 md:pt-5\" id=\"related-video\">\n<div class=\"mb-3 flex items-center md:mb-5\">\n        <img decoding=\"async\" class=\"mr-4 mt-0 h-10 w-10 md:mr-5 md:h-12 md:w-12\" src=\"https:\/\/vieassociative.be\/actualites\/wp-content\/uploads\/2025\/08\/1754414314_422_Les-brins-du-NYT-daujourdhui-indiquent-et-repondent-pour-le.jpg\" alt=\"Logo Lifehacker\"><\/p><\/div>\n<div class=\"aspect-video w-full overflow-hidden rounded-md\">\n<div id=\"video-container-01K4NZDS0KTCC93A448G92GRB4\"><\/div>\n<\/p><\/div>\n<\/div>\n<div class=\"pogoClear mb-12 mt-10 rounded-md border-2 border-gray-100 py-7 shadow-xl md:py-6\">\n<div class=\"flex flex-wrap justify-between px-7 text-black no-underline md:flex-nowrap md:px-8\">\n<div class=\"order-1 mx-auto flex flex-col justify-center md:order-2 md:ml-4 md:w-full md:grow\">\n<div class=\"block cursor-pointer text-center font-akshar text-2xl font-medium leading-7 text-brand-green duration-200 ease-in-out hover:text-brand-green-700 md:text-left md:text-xl md:leading-6\">Classe TCL 75 \u201dQM7\n                <\/div>\n<div class=\"mt-4 hidden md:flex md:justify-between\">\n<div class=\"self-end\">\n<div class=\"mb-0 h-11 md:flex md:flex-col md:justify-center\">\n<div class=\" font-sans leading-4 text-black\">\n<div class=\"flex flex-wrap items-center justify-center gap-1 md:justify-start\">\n        <span class=\"font-bold\"><\/p>\n<p>            1 079,99 $<br \/>\n                            <span class=\"font-medium\">\u00e0 Walmart<\/span><br \/>\n                    <\/span>\n            <\/div>\n<\/p><\/div>\n<\/p><\/div>\n<\/p><\/div>\n<div class=\"w-44 self-end\">\n                            <button class=\"flex justify-center items-center w-full bg-brand-green text-white text-base font-sans font-medium rounded-md hover:bg-brand-green-700 hover:cursor-pointer md:text-sm h-11\"><\/p>\n<p>    Faire un magasin maintenant<br \/>\n<\/button>\n                        <\/div>\n<\/p><\/div>\n<\/p><\/div>\n<div class=\"order-2 mt-5 h-auto w-full md:order-1 md:mt-0 md:hidden\">\n<div class=\"flex aspect-video items-center justify-center\">\n                                            <img decoding=\"async\" class=\"m-0 max-h-full max-w-full rounded-md\" src=\"https:\/\/vieassociative.be\/actualites\/wp-content\/uploads\/2025\/09\/Si-vous-avez-un-mini-televiseur-vous-devez-activer-ce-parametre.png\" alt=\"TCL QM7\" width=\"auto\" height=\"auto\" loading=\"lazy\">\n                                    <\/div>\n<\/p><\/div>\n<div class=\"order-2 ml-2 hidden w-32 shrink-0 items-center md:order-1 md:ml-0 md:flex\">\n<div class=\"flex aspect-video items-center justify-center\">\n                                            <img decoding=\"async\" class=\"m-0 max-h-full max-w-full rounded-md\" src=\"https:\/\/vieassociative.be\/actualites\/wp-content\/uploads\/2025\/09\/Si-vous-avez-un-mini-televiseur-vous-devez-activer-ce-parametre.png\" alt=\"TCL QM7\" width=\"auto\" height=\"auto\" loading=\"lazy\">\n                                    <\/div>\n<\/p><\/div>\n<div class=\"order-3 flex grow flex-wrap md:hidden md:grow-0\">\n<div class=\"mt-4 w-full\">\n                        <button class=\"flex justify-center items-center w-full bg-brand-green text-white text-base font-sans font-medium rounded-md hover:bg-brand-green-700 hover:cursor-pointer md:text-sm h-11\"><\/p>\n<p>    Faire un magasin maintenant<br \/>\n<\/button>\n                    <\/div>\n<div class=\"mx-2 mt-4 w-full\">\n<div class=\" font-sans leading-4 text-black\">\n<div class=\"flex flex-wrap items-center justify-center gap-1 md:justify-start\">\n        <span class=\"font-bold\"><\/p>\n<p>            1 079,99 $<br \/>\n                            <span class=\"font-medium\">\u00e0 Walmart<\/span><br \/>\n                    <\/span>\n            <\/div>\n<\/p><\/div>\n<\/p><\/div>\n<\/p><\/div>\n<\/p><\/div>\n<\/div>\n<h2 id=\"turn-on-adaptive-brightness\">Activer l&rsquo;adaptation<\/h2>\n<p>Devoir \u00e0 baisser manuellement la luminosit\u00e9 du t\u00e9l\u00e9viseur chaque nuit s&rsquo;am\u00e9liorait assez rapidement (malgr\u00e9 le bouton \u00ab\u00a0Param\u00e8tres rapides\u00a0\u00bb sur la t\u00e9l\u00e9commande qui m&rsquo;a amen\u00e9 directement aux param\u00e8tres de luminosit\u00e9), alors j&rsquo;ai commenc\u00e9 \u00e0 chercher un moyen de le g\u00e9rer automatiquement. Heureusement pour moi, mon ensemble TCL a un cadre pour cela &#8211; et c&rsquo;est probablement le v\u00f4tre aussi. <\/p>\n<p>La plupart des t\u00e9l\u00e9viseurs intelligents modernes auront un param\u00e8tre avec un nom comme \u00ab\u00a0luminosit\u00e9 adaptative\u00a0\u00bb qui lui permettra de r\u00e9gler automatiquement la luminosit\u00e9 de l&rsquo;\u00e9cran en fonction de la lumi\u00e8re de votre environnement. C&rsquo;est le param\u00e8tre que vous devez vous activer, donc vous ne vous aveuglez pas si vous voulez regarder du t\u00e9l\u00e9viseur avant d&rsquo;aller au lit. <\/p>\n<p>Voici comment l&rsquo;activer pour le QM7; Le processus est probablement similaire pour d&rsquo;autres mod\u00e8les et marques:<\/p>\n<ol>\n<li>\n<p>Appuyez sur le <strong>Bouton Param\u00e8tres<\/strong> (Ic\u00f4ne du mat\u00e9riel) sur votre t\u00e9l\u00e9commande TCL.<\/p>\n<\/li>\n<li>\n<p>Se diriger vers <strong>Param\u00e8tres<\/strong> et s\u00e9lectionner <strong>Affichage et son<\/strong>.<\/p>\n<\/li>\n<li>\n<p>Choisir <strong>Param\u00e8tres intelligents<\/strong>.<\/p>\n<\/li>\n<li>\n<p>Dans le menu des param\u00e8tres intelligents, trouvez <strong>Image intelligente<\/strong>.<\/p>\n<\/li>\n<li>\n<p>Allumez le param\u00e8tre appel\u00e9 <strong>Luminosit\u00e9 adaptative<\/strong>. <\/p>\n<\/li>\n<\/ol>\n<p>Le QM7 a un capteur de lumi\u00e8re qui d\u00e9tecte la lumi\u00e8re dans votre pi\u00e8ce, qu&rsquo;il utilise ensuite pour changer la luminosit\u00e9 de votre t\u00e9l\u00e9viseur. Mon ensemble propose \u00e9galement <strong>Contenu adaptatif<\/strong>qui ajustera automatiquement vos param\u00e8tres d&rsquo;image en fonction de ce qui est \u00e0 l&rsquo;\u00e9cran. Par exemple, pendant les sc\u00e8nes sombres, le t\u00e9l\u00e9viseur diminuera pour pr\u00e9server les d\u00e9tails de l&rsquo;ombre, et pendant les sc\u00e8nes lumineuses, il augmentera les reflets pour que l&rsquo;image apparaisse davantage. <\/p>\n<p>Tous les ensembles QLED n&rsquo;offriront pas ces param\u00e8tres exacts, mais la plupart ont quelque chose de similaire. Chassez dans les menus et essayez de leur permettre si vous trouvez parfois que votre \u00e9cran super-brillant peut \u00eatre un peu \u00e9crasant.<\/p>\n<hr>\n","protected":false},"excerpt":{"rendered":"<p>La plupart des t\u00e9l\u00e9viseurs peuvent s&rsquo;adapter automatiquement en fonction de l&rsquo;\u00e9clairage de votre pi\u00e8ce. Saviez-vous que vous pouvez personnaliser Google pour filtrer les ordures? Prendre<\/p>\n","protected":false},"author":1,"featured_media":9913,"comment_status":"","ping_status":"","sticky":false,"template":"","format":"standard","meta":{"footnotes":""},"categories":[13],"tags":[4971,258,1086,8457,7564,4],"class_list":["post-9912","post","type-post","status-publish","format-standard","has-post-thumbnail","hentry","category-technologie","tag-activer","tag-avez","tag-devez","tag-miniteleviseur","tag-parametre","tag-vous","generate-columns","tablet-grid-50","mobile-grid-100","grid-parent","grid-33"],"yoast_head":"<!-- This site is optimized with the Yoast SEO plugin v24.0 - https:\/\/yoast.com\/wordpress\/plugins\/seo\/ -->\n<title>Si vous avez un mini-t\u00e9l\u00e9viseur, vous devez activer ce param\u00e8tre | Vie Associative<\/title>\n<meta name=\"robots\" content=\"index, follow, max-snippet:-1, max-image-preview:large, max-video-preview:-1\" \/>\n<link rel=\"canonical\" href=\"https:\/\/vieassociative.be\/actualites\/si-vous-avez-un-mini-televiseur-vous-devez-activer-ce-parametre\/\" \/>\n<meta property=\"og:locale\" content=\"fr_FR\" \/>\n<meta property=\"og:type\" content=\"article\" \/>\n<meta property=\"og:title\" content=\"Si vous avez un mini-t\u00e9l\u00e9viseur, vous devez activer ce param\u00e8tre | Vie Associative\" \/>\n<meta property=\"og:description\" content=\"La plupart des t\u00e9l\u00e9viseurs peuvent s&rsquo;adapter automatiquement en fonction de l&rsquo;\u00e9clairage de votre pi\u00e8ce. Saviez-vous que vous pouvez personnaliser Google pour filtrer les ordures? Prendre\" \/>\n<meta property=\"og:url\" content=\"https:\/\/vieassociative.be\/actualites\/si-vous-avez-un-mini-televiseur-vous-devez-activer-ce-parametre\/\" \/>\n<meta property=\"og:site_name\" content=\"Vie Associative\" \/>\n<meta property=\"article:published_time\" content=\"2025-09-09T01:17:24+00:00\" \/>\n<meta property=\"og:image\" content=\"https:\/\/vieassociative.be\/actualites\/wp-content\/uploads\/2025\/08\/1754414314_422_Les-brins-du-NYT-daujourdhui-indiquent-et-repondent-pour-le.jpg\" \/>\n<meta name=\"author\" content=\"Julien\" \/>\n<meta name=\"twitter:card\" content=\"summary_large_image\" \/>\n<meta name=\"twitter:label1\" content=\"\u00c9crit par\" \/>\n\t<meta name=\"twitter:data1\" content=\"Julien\" \/>\n\t<meta name=\"twitter:label2\" content=\"Dur\u00e9e de lecture est.\" \/>\n\t<meta name=\"twitter:data2\" content=\"3 minutes\" \/>\n<script type=\"application\/ld+json\" class=\"yoast-schema-graph\">{\"@context\":\"https:\/\/schema.org\",\"@graph\":[{\"@type\":\"Article\",\"@id\":\"https:\/\/vieassociative.be\/actualites\/si-vous-avez-un-mini-televiseur-vous-devez-activer-ce-parametre\/#article\",\"isPartOf\":{\"@id\":\"https:\/\/vieassociative.be\/actualites\/si-vous-avez-un-mini-televiseur-vous-devez-activer-ce-parametre\/\"},\"author\":{\"name\":\"Julien\",\"@id\":\"https:\/\/vieassociative.be\/actualites\/#\/schema\/person\/b87ac4f82f9d4e7b7cec7395b679edc4\"},\"headline\":\"Si vous avez un mini-t\u00e9l\u00e9viseur, vous devez activer ce param\u00e8tre\",\"datePublished\":\"2025-09-09T01:17:24+00:00\",\"dateModified\":\"2025-09-09T01:17:24+00:00\",\"mainEntityOfPage\":{\"@id\":\"https:\/\/vieassociative.be\/actualites\/si-vous-avez-un-mini-televiseur-vous-devez-activer-ce-parametre\/\"},\"wordCount\":582,\"publisher\":{\"@id\":\"https:\/\/vieassociative.be\/actualites\/#organization\"},\"image\":{\"@id\":\"https:\/\/vieassociative.be\/actualites\/si-vous-avez-un-mini-televiseur-vous-devez-activer-ce-parametre\/#primaryimage\"},\"thumbnailUrl\":\"https:\/\/vieassociative.be\/actualites\/wp-content\/uploads\/2025\/09\/1757380645_Si-vous-avez-un-mini-televiseur-vous-devez-activer-ce-parametre.png\",\"keywords\":[\"activer\",\"avez\",\"devez\",\"minit\u00e9l\u00e9viseur\",\"param\u00e8tre\",\"Vous\"],\"articleSection\":[\"Technologie\"],\"inLanguage\":\"fr-BE\"},{\"@type\":\"WebPage\",\"@id\":\"https:\/\/vieassociative.be\/actualites\/si-vous-avez-un-mini-televiseur-vous-devez-activer-ce-parametre\/\",\"url\":\"https:\/\/vieassociative.be\/actualites\/si-vous-avez-un-mini-televiseur-vous-devez-activer-ce-parametre\/\",\"name\":\"Si vous avez un mini-t\u00e9l\u00e9viseur, vous devez activer ce param\u00e8tre | Vie Associative\",\"isPartOf\":{\"@id\":\"https:\/\/vieassociative.be\/actualites\/#website\"},\"primaryImageOfPage\":{\"@id\":\"https:\/\/vieassociative.be\/actualites\/si-vous-avez-un-mini-televiseur-vous-devez-activer-ce-parametre\/#primaryimage\"},\"image\":{\"@id\":\"https:\/\/vieassociative.be\/actualites\/si-vous-avez-un-mini-televiseur-vous-devez-activer-ce-parametre\/#primaryimage\"},\"thumbnailUrl\":\"https:\/\/vieassociative.be\/actualites\/wp-content\/uploads\/2025\/09\/1757380645_Si-vous-avez-un-mini-televiseur-vous-devez-activer-ce-parametre.png\",\"datePublished\":\"2025-09-09T01:17:24+00:00\",\"dateModified\":\"2025-09-09T01:17:24+00:00\",\"breadcrumb\":{\"@id\":\"https:\/\/vieassociative.be\/actualites\/si-vous-avez-un-mini-televiseur-vous-devez-activer-ce-parametre\/#breadcrumb\"},\"inLanguage\":\"fr-BE\",\"potentialAction\":[{\"@type\":\"ReadAction\",\"target\":[\"https:\/\/vieassociative.be\/actualites\/si-vous-avez-un-mini-televiseur-vous-devez-activer-ce-parametre\/\"]}]},{\"@type\":\"ImageObject\",\"inLanguage\":\"fr-BE\",\"@id\":\"https:\/\/vieassociative.be\/actualites\/si-vous-avez-un-mini-televiseur-vous-devez-activer-ce-parametre\/#primaryimage\",\"url\":\"https:\/\/vieassociative.be\/actualites\/wp-content\/uploads\/2025\/09\/1757380645_Si-vous-avez-un-mini-televiseur-vous-devez-activer-ce-parametre.png\",\"contentUrl\":\"https:\/\/vieassociative.be\/actualites\/wp-content\/uploads\/2025\/09\/1757380645_Si-vous-avez-un-mini-televiseur-vous-devez-activer-ce-parametre.png\",\"width\":1200,\"height\":675,\"caption\":\"Si vous avez un mini-t\u00e9l\u00e9viseur, vous devez activer ce param\u00e8tre\"},{\"@type\":\"BreadcrumbList\",\"@id\":\"https:\/\/vieassociative.be\/actualites\/si-vous-avez-un-mini-televiseur-vous-devez-activer-ce-parametre\/#breadcrumb\",\"itemListElement\":[{\"@type\":\"ListItem\",\"position\":1,\"name\":\"Accueil\",\"item\":\"https:\/\/vieassociative.be\/actualites\/\"},{\"@type\":\"ListItem\",\"position\":2,\"name\":\"Si vous avez un mini-t\u00e9l\u00e9viseur, vous devez activer ce param\u00e8tre\"}]},{\"@type\":\"WebSite\",\"@id\":\"https:\/\/vieassociative.be\/actualites\/#website\",\"url\":\"https:\/\/vieassociative.be\/actualites\/\",\"name\":\"Vie Associative\",\"description\":\"\",\"publisher\":{\"@id\":\"https:\/\/vieassociative.be\/actualites\/#organization\"},\"potentialAction\":[{\"@type\":\"SearchAction\",\"target\":{\"@type\":\"EntryPoint\",\"urlTemplate\":\"https:\/\/vieassociative.be\/actualites\/?s={search_term_string}\"},\"query-input\":{\"@type\":\"PropertyValueSpecification\",\"valueRequired\":true,\"valueName\":\"search_term_string\"}}],\"inLanguage\":\"fr-BE\"},{\"@type\":\"Organization\",\"@id\":\"https:\/\/vieassociative.be\/actualites\/#organization\",\"name\":\"Vie Associative\",\"url\":\"https:\/\/vieassociative.be\/actualites\/\",\"logo\":{\"@type\":\"ImageObject\",\"inLanguage\":\"fr-BE\",\"@id\":\"https:\/\/vieassociative.be\/actualites\/#\/schema\/logo\/image\/\",\"url\":\"https:\/\/vieassociative.be\/actualites\/wp-content\/uploads\/2024\/09\/cropped-vieassociative_favicon.ico.png\",\"contentUrl\":\"https:\/\/vieassociative.be\/actualites\/wp-content\/uploads\/2024\/09\/cropped-vieassociative_favicon.ico.png\",\"width\":512,\"height\":512,\"caption\":\"Vie Associative\"},\"image\":{\"@id\":\"https:\/\/vieassociative.be\/actualites\/#\/schema\/logo\/image\/\"}},{\"@type\":\"Person\",\"@id\":\"https:\/\/vieassociative.be\/actualites\/#\/schema\/person\/b87ac4f82f9d4e7b7cec7395b679edc4\",\"name\":\"Julien\",\"image\":{\"@type\":\"ImageObject\",\"inLanguage\":\"fr-BE\",\"@id\":\"https:\/\/vieassociative.be\/actualites\/#\/schema\/person\/image\/\",\"url\":\"https:\/\/vieassociative.be\/actualites\/wp-content\/uploads\/2024\/09\/vie-associative-1-150x150.jpg\",\"contentUrl\":\"https:\/\/vieassociative.be\/actualites\/wp-content\/uploads\/2024\/09\/vie-associative-1-150x150.jpg\",\"caption\":\"Julien\"},\"description\":\"Je suis Julien, r\u00e9dacteur pour Vie Associative. Passionn\u00e9 par le monde associatif depuis plus de 10 ans, j'ai \u00e0 c\u0153ur de partager des histoires inspirantes et de mettre en lumi\u00e8re les initiatives locales. Mon objectif est de sensibiliser et d'encourager l'engagement communautaire \u00e0 travers mes articles.\",\"sameAs\":[\"https:\/\/vieassociative.be\/\"]}]}<\/script>\n<!-- \/ Yoast SEO plugin. -->","yoast_head_json":{"title":"Si vous avez un mini-t\u00e9l\u00e9viseur, vous devez activer ce param\u00e8tre | Vie Associative","robots":{"index":"index","follow":"follow","max-snippet":"max-snippet:-1","max-image-preview":"max-image-preview:large","max-video-preview":"max-video-preview:-1"},"canonical":"https:\/\/vieassociative.be\/actualites\/si-vous-avez-un-mini-televiseur-vous-devez-activer-ce-parametre\/","og_locale":"fr_FR","og_type":"article","og_title":"Si vous avez un mini-t\u00e9l\u00e9viseur, vous devez activer ce param\u00e8tre | Vie Associative","og_description":"La plupart des t\u00e9l\u00e9viseurs peuvent s&rsquo;adapter automatiquement en fonction de l&rsquo;\u00e9clairage de votre pi\u00e8ce. Saviez-vous que vous pouvez personnaliser Google pour filtrer les ordures? Prendre","og_url":"https:\/\/vieassociative.be\/actualites\/si-vous-avez-un-mini-televiseur-vous-devez-activer-ce-parametre\/","og_site_name":"Vie Associative","article_published_time":"2025-09-09T01:17:24+00:00","og_image":[{"url":"https:\/\/vieassociative.be\/actualites\/wp-content\/uploads\/2025\/08\/1754414314_422_Les-brins-du-NYT-daujourdhui-indiquent-et-repondent-pour-le.jpg","type":"","width":"","height":""}],"author":"Julien","twitter_card":"summary_large_image","twitter_misc":{"\u00c9crit par":"Julien","Dur\u00e9e de lecture est.":"3 minutes"},"schema":{"@context":"https:\/\/schema.org","@graph":[{"@type":"Article","@id":"https:\/\/vieassociative.be\/actualites\/si-vous-avez-un-mini-televiseur-vous-devez-activer-ce-parametre\/#article","isPartOf":{"@id":"https:\/\/vieassociative.be\/actualites\/si-vous-avez-un-mini-televiseur-vous-devez-activer-ce-parametre\/"},"author":{"name":"Julien","@id":"https:\/\/vieassociative.be\/actualites\/#\/schema\/person\/b87ac4f82f9d4e7b7cec7395b679edc4"},"headline":"Si vous avez un mini-t\u00e9l\u00e9viseur, vous devez activer ce param\u00e8tre","datePublished":"2025-09-09T01:17:24+00:00","dateModified":"2025-09-09T01:17:24+00:00","mainEntityOfPage":{"@id":"https:\/\/vieassociative.be\/actualites\/si-vous-avez-un-mini-televiseur-vous-devez-activer-ce-parametre\/"},"wordCount":582,"publisher":{"@id":"https:\/\/vieassociative.be\/actualites\/#organization"},"image":{"@id":"https:\/\/vieassociative.be\/actualites\/si-vous-avez-un-mini-televiseur-vous-devez-activer-ce-parametre\/#primaryimage"},"thumbnailUrl":"https:\/\/vieassociative.be\/actualites\/wp-content\/uploads\/2025\/09\/1757380645_Si-vous-avez-un-mini-televiseur-vous-devez-activer-ce-parametre.png","keywords":["activer","avez","devez","minit\u00e9l\u00e9viseur","param\u00e8tre","Vous"],"articleSection":["Technologie"],"inLanguage":"fr-BE"},{"@type":"WebPage","@id":"https:\/\/vieassociative.be\/actualites\/si-vous-avez-un-mini-televiseur-vous-devez-activer-ce-parametre\/","url":"https:\/\/vieassociative.be\/actualites\/si-vous-avez-un-mini-televiseur-vous-devez-activer-ce-parametre\/","name":"Si vous avez un mini-t\u00e9l\u00e9viseur, vous devez activer ce param\u00e8tre | Vie Associative","isPartOf":{"@id":"https:\/\/vieassociative.be\/actualites\/#website"},"primaryImageOfPage":{"@id":"https:\/\/vieassociative.be\/actualites\/si-vous-avez-un-mini-televiseur-vous-devez-activer-ce-parametre\/#primaryimage"},"image":{"@id":"https:\/\/vieassociative.be\/actualites\/si-vous-avez-un-mini-televiseur-vous-devez-activer-ce-parametre\/#primaryimage"},"thumbnailUrl":"https:\/\/vieassociative.be\/actualites\/wp-content\/uploads\/2025\/09\/1757380645_Si-vous-avez-un-mini-televiseur-vous-devez-activer-ce-parametre.png","datePublished":"2025-09-09T01:17:24+00:00","dateModified":"2025-09-09T01:17:24+00:00","breadcrumb":{"@id":"https:\/\/vieassociative.be\/actualites\/si-vous-avez-un-mini-televiseur-vous-devez-activer-ce-parametre\/#breadcrumb"},"inLanguage":"fr-BE","potentialAction":[{"@type":"ReadAction","target":["https:\/\/vieassociative.be\/actualites\/si-vous-avez-un-mini-televiseur-vous-devez-activer-ce-parametre\/"]}]},{"@type":"ImageObject","inLanguage":"fr-BE","@id":"https:\/\/vieassociative.be\/actualites\/si-vous-avez-un-mini-televiseur-vous-devez-activer-ce-parametre\/#primaryimage","url":"https:\/\/vieassociative.be\/actualites\/wp-content\/uploads\/2025\/09\/1757380645_Si-vous-avez-un-mini-televiseur-vous-devez-activer-ce-parametre.png","contentUrl":"https:\/\/vieassociative.be\/actualites\/wp-content\/uploads\/2025\/09\/1757380645_Si-vous-avez-un-mini-televiseur-vous-devez-activer-ce-parametre.png","width":1200,"height":675,"caption":"Si vous avez un mini-t\u00e9l\u00e9viseur, vous devez activer ce param\u00e8tre"},{"@type":"BreadcrumbList","@id":"https:\/\/vieassociative.be\/actualites\/si-vous-avez-un-mini-televiseur-vous-devez-activer-ce-parametre\/#breadcrumb","itemListElement":[{"@type":"ListItem","position":1,"name":"Accueil","item":"https:\/\/vieassociative.be\/actualites\/"},{"@type":"ListItem","position":2,"name":"Si vous avez un mini-t\u00e9l\u00e9viseur, vous devez activer ce param\u00e8tre"}]},{"@type":"WebSite","@id":"https:\/\/vieassociative.be\/actualites\/#website","url":"https:\/\/vieassociative.be\/actualites\/","name":"Vie Associative","description":"","publisher":{"@id":"https:\/\/vieassociative.be\/actualites\/#organization"},"potentialAction":[{"@type":"SearchAction","target":{"@type":"EntryPoint","urlTemplate":"https:\/\/vieassociative.be\/actualites\/?s={search_term_string}"},"query-input":{"@type":"PropertyValueSpecification","valueRequired":true,"valueName":"search_term_string"}}],"inLanguage":"fr-BE"},{"@type":"Organization","@id":"https:\/\/vieassociative.be\/actualites\/#organization","name":"Vie Associative","url":"https:\/\/vieassociative.be\/actualites\/","logo":{"@type":"ImageObject","inLanguage":"fr-BE","@id":"https:\/\/vieassociative.be\/actualites\/#\/schema\/logo\/image\/","url":"https:\/\/vieassociative.be\/actualites\/wp-content\/uploads\/2024\/09\/cropped-vieassociative_favicon.ico.png","contentUrl":"https:\/\/vieassociative.be\/actualites\/wp-content\/uploads\/2024\/09\/cropped-vieassociative_favicon.ico.png","width":512,"height":512,"caption":"Vie Associative"},"image":{"@id":"https:\/\/vieassociative.be\/actualites\/#\/schema\/logo\/image\/"}},{"@type":"Person","@id":"https:\/\/vieassociative.be\/actualites\/#\/schema\/person\/b87ac4f82f9d4e7b7cec7395b679edc4","name":"Julien","image":{"@type":"ImageObject","inLanguage":"fr-BE","@id":"https:\/\/vieassociative.be\/actualites\/#\/schema\/person\/image\/","url":"https:\/\/vieassociative.be\/actualites\/wp-content\/uploads\/2024\/09\/vie-associative-1-150x150.jpg","contentUrl":"https:\/\/vieassociative.be\/actualites\/wp-content\/uploads\/2024\/09\/vie-associative-1-150x150.jpg","caption":"Julien"},"description":"Je suis Julien, r\u00e9dacteur pour Vie Associative. Passionn\u00e9 par le monde associatif depuis plus de 10 ans, j'ai \u00e0 c\u0153ur de partager des histoires inspirantes et de mettre en lumi\u00e8re les initiatives locales. Mon objectif est de sensibiliser et d'encourager l'engagement communautaire \u00e0 travers mes articles.","sameAs":["https:\/\/vieassociative.be\/"]}]}},"_links":{"self":[{"href":"https:\/\/vieassociative.be\/actualites\/wp-json\/wp\/v2\/posts\/9912"}],"collection":[{"href":"https:\/\/vieassociative.be\/actualites\/wp-json\/wp\/v2\/posts"}],"about":[{"href":"https:\/\/vieassociative.be\/actualites\/wp-json\/wp\/v2\/types\/post"}],"author":[{"embeddable":true,"href":"https:\/\/vieassociative.be\/actualites\/wp-json\/wp\/v2\/users\/1"}],"replies":[{"embeddable":true,"href":"https:\/\/vieassociative.be\/actualites\/wp-json\/wp\/v2\/comments?post=9912"}],"version-history":[{"count":0,"href":"https:\/\/vieassociative.be\/actualites\/wp-json\/wp\/v2\/posts\/9912\/revisions"}],"wp:featuredmedia":[{"embeddable":true,"href":"https:\/\/vieassociative.be\/actualites\/wp-json\/wp\/v2\/media\/9913"}],"wp:attachment":[{"href":"https:\/\/vieassociative.be\/actualites\/wp-json\/wp\/v2\/media?parent=9912"}],"wp:term":[{"taxonomy":"category","embeddable":true,"href":"https:\/\/vieassociative.be\/actualites\/wp-json\/wp\/v2\/categories?post=9912"},{"taxonomy":"post_tag","embeddable":true,"href":"https:\/\/vieassociative.be\/actualites\/wp-json\/wp\/v2\/tags?post=9912"}],"curies":[{"name":"wp","href":"https:\/\/api.w.org\/{rel}","templated":true}]}}