{"id":9910,"date":"2025-09-09T02:19:47","date_gmt":"2025-09-09T00:19:47","guid":{"rendered":"https:\/\/vieassociative.be\/actualites\/tout-ce-que-nous-savons-sur-lapple-watch-ultra-3\/"},"modified":"2025-09-09T02:19:47","modified_gmt":"2025-09-09T00:19:47","slug":"tout-ce-que-nous-savons-sur-lapple-watch-ultra-3","status":"publish","type":"post","link":"https:\/\/vieassociative.be\/actualites\/tout-ce-que-nous-savons-sur-lapple-watch-ultra-3\/","title":{"rendered":"Tout ce que nous savons sur l&rsquo;Apple Watch Ultra 3"},"content":{"rendered":"<div class=\"mt-4 leading-6 md:mb-8\">Un nouveau processeur, un affichage plus grand et une connectivit\u00e9 satellite.<\/div>\n<p><\/p>\n<p><em>Saviez-vous que vous pouvez personnaliser Google pour filtrer les ordures? Prendre ces \u00e9tapes<\/em><em> Pour de meilleurs r\u00e9sultats de recherche, notamment en ajoutant mon travail chez Vie Associative comme source pr\u00e9f\u00e9r\u00e9e<\/em><em>.<\/em><\/p>\n<hr>\n<p>L&rsquo;\u00e9v\u00e9nement \u00ab\u00a0Awe Droping\u00a0\u00bb d&rsquo;Apple d\u00e9marre demain le 9 septembre, et tout le monde de la technologie est ax\u00e9 sur l&rsquo;iPhone 17. Mais les nouveaux iPhones ne sont pas les seules mises \u00e0 niveau Apple devrait d\u00e9voiler demain. Si l&rsquo;on en croit les rumeurs, nous verrons \u00e9galement les prochaines montres Apple de l&rsquo;entreprise, y compris l&rsquo;Apple Watch Ultra 3.<\/p>\n<p>Cet appareil marquerait le premier nouveau \u00ab\u00a0Ultra\u00a0\u00bb depuis Ultra 2 de 2023. Les ultras sont la ligne de montre \u00ab\u00a0Pro\u00a0\u00bb d&rsquo;Apple, ax\u00e9e sur la durabilit\u00e9 et la longue dur\u00e9e de vie de la batterie. Ils ont tendance \u00e0 \u00eatre plus chers que les autres montres Apple, mais ils sont \u00e9galement livr\u00e9s avec des fonctionnalit\u00e9s uniques, y compris l&rsquo;affichage de montre le plus grand et le plus brillant d&rsquo;Apple. Sur la base de ce que nous savons, l&rsquo;Ultra 3 ne sera pas une r\u00e9invention, mais il devrait offrir des mises \u00e0 niveau int\u00e9ressantes qui pourraient attirer les clients (\u00e0 condition qu&rsquo;ils soient d&rsquo;accord avec 800 $ sur une Apple Watch). <\/p>\n<div class=\"mx-auto mb-12 mt-5 w-full max-w-3xl rounded-md border-2 border-gray-100 p-3 shadow-md md:px-7 md:pb-7 md:pt-5\" id=\"related-video\">\n<div class=\"mb-3 flex items-center md:mb-5\">\n        <img decoding=\"async\" class=\"mr-4 mt-0 h-10 w-10 md:mr-5 md:h-12 md:w-12\" src=\"https:\/\/vieassociative.be\/actualites\/wp-content\/uploads\/2025\/08\/1754414314_422_Les-brins-du-NYT-daujourdhui-indiquent-et-repondent-pour-le.jpg\" alt=\"Logo Lifehacker\"><\/p><\/div>\n<div class=\"aspect-video w-full overflow-hidden rounded-md\">\n<div id=\"video-container-01K4NW55QYXWVYHW45CRHT0M5A\"><\/div>\n<\/p><\/div>\n<\/div>\n<p>Voici ce que les rumeurs sugg\u00e8rent que nous verrons demain. <\/p>\n<h2 id=\"an-upgraded-processor\">Un processeur am\u00e9lior\u00e9<\/h2>\n<p>Apple introduit fr\u00e9quemment un nouveau processeur, ou puce, avec de nouvelles montres Apple. L&rsquo;Ultra 2 utilise le S9, tandis que la s\u00e9rie 10 utilise le S10. En tant que tel, le moulin \u00e0 rumeurs a fait des allers-retours sur la question de savoir si l&rsquo;Ultra 3 adoptera la puce S10 de la s\u00e9rie 10 ou en exp\u00e9dier avec une toute nouvelle. <\/p>\n<p>Selon Mark Gurman de Bloomberg, les panneaux indiquent ce dernier. Gurman estime que la toute nouvelle montre Ultra d&rsquo;Apple pr\u00e9sentera la puce S11. Non seulement cela, mais il semble que les autres nouvelles montres intelligentes d&rsquo;Apple, la s\u00e9rie 11 et le nouveau SE, comporteront \u00e9galement le S11. <\/p>\n<p>Cela ne signifie pas que ces montres surpasseront les jetons pr\u00e9c\u00e9dents de l&rsquo;entreprise. Macrumors a analys\u00e9 l&rsquo;architecture divulgu\u00e9e du S11 et a constat\u00e9 que les puces S9 et S10 avaient la m\u00eame technologie sous-jacente que le nouveau S11. C&rsquo;est toujours une puce hautement performante: le S9, S10 et, vraisemblablement, S11, sont tous des processeurs \u00e0 double c\u0153ur 64 bits avec un moteur neuronal quadric\u0153ur, avec une bande ultra large de deuxi\u00e8me g\u00e9n\u00e9ration et 64 Go de stockage interne. Cependant, cela sugg\u00e8re que les mises \u00e0 niveau de la vitesse pourraient ne pas \u00eatre la raison de r\u00e9cup\u00e9rer l&rsquo;une des derni\u00e8res montres d&rsquo;Apple cette ann\u00e9e. Nous devrons voir ce que l&rsquo;entreprise annonce demain.<\/p>\n<h2 id=\"a-bigger-better-display\">Un affichage plus grand et meilleur<\/h2>\n<p>La s\u00e9rie Ultra a le plus grand \u00e9cran que vous pouvez obtenir sur une montre Apple, et selon les rumeurs, l&rsquo;Ultra 3 pourrait avoir un \u00e9cran encore plus grand. Macrumors dit que la nouvelle montre pourrait augmenter la r\u00e9solution d&rsquo;affichage de 410 x 502 \u00e0 422 x 514. Ce ne serait pas une augmentation spectaculaire, mais cela en ferait le plus grand \u00e9cran de montre qu&rsquo;Apple ait jamais fait.<\/p>\n<p>L&rsquo;Ultra 3 empruntera \u00e9galement \u00e0 la technologie d&rsquo;affichage de la s\u00e9rie 10: l&rsquo;affichage OLED LPTO3 de ce dernier permet \u00e0 la montre de rafra\u00eechir son affichage plus rapidement que l&rsquo;Ultra 2, ce qui permettrait des faces de montre toujours \u00e0 l&rsquo;origine d&rsquo;une seconde main en mouvement. La s\u00e9rie 10 est \u00e9galement livr\u00e9e avec un \u00e9cran OLED \u00e0 grand angle, qui augmente la luminosit\u00e9 de l&rsquo;\u00e9cran lorsqu&rsquo;il est vu \u00e0 un angle. L&rsquo;Ultra 3 pourrait embo\u00eeter le pas. <\/p>\n<h2 id=\"satellite-connectivity\">Connectivit\u00e9 satellite<\/h2>\n<p>Depuis la s\u00e9rie 3, Apple a offert aux clients la possibilit\u00e9 d&rsquo;acheter une montre qui prend en charge la connectivit\u00e9 cellulaire, mais l&rsquo;ultra 3 pourrait \u00eatre la premi\u00e8re smartwatch d&rsquo;Apple \u00e0 prendre en charge <em>satellite<\/em> Connectivit\u00e9. Cela signifie que chaque fois que votre montre est hors de port\u00e9e d&rsquo;un signal cellulaire, il pourrait plut\u00f4t se connecter \u00e0 un satellite. Ce type de connexion est g\u00e9n\u00e9ralement beaucoup plus lent qu&rsquo;une connexion cellulaire traditionnelle, mais elle fonctionne et vous permettrait de contacter des amis, de la famille ou des services d&rsquo;urgence lorsque vous n&rsquo;avez pas de service. Soudain, il n&rsquo;y a plus de \u00abzones mortes\u00bb.<\/p>\n<p>Cela ne sort pas du bleu. La connectivit\u00e9 par satellite fait fureur: Apple l&rsquo;a offert sur l&rsquo;iPhone depuis des ann\u00e9es maintenant, d&rsquo;abord pour des messages simples aux services d&rsquo;urgence, puis \u00e9largissant plus tard le support pour inclure des messages texte standard. En outre, T-Mobile a officiellement d\u00e9ploy\u00e9 son service satellite pour les clients cette ann\u00e9e, il serait donc appropri\u00e9 d&rsquo;avoir une Apple Watch cellulaire qui offre des capacit\u00e9s satellites similaires.<\/p>\n<h2 id=\"faster-cellular-connections\">Connexions cellulaires plus rapides<\/h2>\n<p>Mais les am\u00e9liorations de la connectivit\u00e9 ne sont pas limit\u00e9es aux zones sans service cellulaire. L&rsquo;Ultra 3 peut \u00e9galement \u00eatre la premi\u00e8re Apple Watch \u00e0 prendre en charge la 5G, car Apple peut appuyer sur MediaTek pour le modem int\u00e9gr\u00e9 de l&rsquo;appareil. Les montres Apple compatibles avec les cellules ne prennent en charge que la 4G LTE, de sorte que les utilisateurs passent vers un 5G Ultra 3 th\u00e9orique am\u00e9lioreraient les vitesses dans les zones avec des connexions 5G. <\/p>\n<h2 id=\"quick-charging\">Charge rapide <\/h2>\n<p>Macrumors estime que l&rsquo;Ultra 3 pourrait introduire une exp\u00e9rience de charge plus rapide, en suivant les traces de la s\u00e9rie 10. Cette montre peut se charger \u00e0 80% en 30 minutes, tandis que l&rsquo;ultra 2 a besoin de 60 minutes pour facturer \u00e0 80%. Macrumors souligne que la diff\u00e9rence se r\u00e9sume au mat\u00e9riau dont les montres sont faites: la s\u00e9rie 10 a un bo\u00eetier m\u00e9tallique avec une bobine de charge plus grande, tandis que l&rsquo;ultra 2 utilise le bo\u00eetier en cristal habituel que la plupart des autres montres Apple ont utilis\u00e9es. <\/p>\n<h2 id=\"a-blood-pressure-monitor\">Un moniteur de pression art\u00e9rielle<\/h2>\n<p>L&rsquo;Ultra 3 pourrait \u00e9galement introduire un moniteur de pression art\u00e9rielle pour la premi\u00e8re fois dans une montre Apple. C&rsquo;est quelque chose sur lequel Apple aurait travaill\u00e9 depuis un certain temps, et l&rsquo;Ultra 3 pourrait \u00eatre ses d\u00e9buts. Cela dit, Gurman sugg\u00e8re qu&rsquo;Apple a rencontr\u00e9 des probl\u00e8mes de \u00ab\u00a0r\u00e9glementation et d&rsquo;ing\u00e9nierie\u00a0\u00bb avec la fonctionnalit\u00e9, il est donc possible que nous ne le verrons qu&rsquo;au lancement de l&rsquo;Ultra 4 ou de la s\u00e9rie 12. <\/p>\n<p>C&rsquo;est un timing int\u00e9ressant, car Apple vient de recevoir le tout l\u00e9ger pour ramener le capteur d&rsquo;oxyg\u00e8ne sanguin de l&rsquo;Apple Watch. La soci\u00e9t\u00e9 a \u00e9t\u00e9 contrainte de d\u00e9sactiver la fonctionnalit\u00e9 des appareils s\u00e9rie 9 et Ultra 2 \u00e0 la suite d&rsquo;un proc\u00e8s, bien qu&rsquo;un cas ult\u00e9rieur ait permis \u00e0 la soci\u00e9t\u00e9 de r\u00e9tablir la fonctionnalit\u00e9. (Les montres plus anciennes avec le capteur d&rsquo;oxyg\u00e8ne sanguin ne l&rsquo;ont jamais vu d\u00e9sactiv\u00e9e.)<\/p>\n","protected":false},"excerpt":{"rendered":"<p>Un nouveau processeur, un affichage plus grand et une connectivit\u00e9 satellite. Saviez-vous que vous pouvez personnaliser Google pour filtrer les ordures? Prendre ces \u00e9tapes Pour<\/p>\n","protected":false},"author":1,"featured_media":9911,"comment_status":"","ping_status":"","sticky":false,"template":"","format":"standard","meta":{"footnotes":""},"categories":[13],"tags":[3184,393,4320,33,236,56,55],"class_list":["post-9910","post","type-post","status-publish","format-standard","has-post-thumbnail","hentry","category-technologie","tag-lapple","tag-nous","tag-savons","tag-sur","tag-tout","tag-ultra","tag-watch","generate-columns","tablet-grid-50","mobile-grid-100","grid-parent","grid-33"],"yoast_head":"<!-- This site is optimized with the Yoast SEO plugin v24.0 - https:\/\/yoast.com\/wordpress\/plugins\/seo\/ -->\n<title>Tout ce que nous savons sur l&#039;Apple Watch Ultra 3 | Vie Associative<\/title>\n<meta name=\"robots\" content=\"index, follow, max-snippet:-1, max-image-preview:large, max-video-preview:-1\" \/>\n<link rel=\"canonical\" href=\"https:\/\/vieassociative.be\/actualites\/tout-ce-que-nous-savons-sur-lapple-watch-ultra-3\/\" \/>\n<meta property=\"og:locale\" content=\"fr_FR\" \/>\n<meta property=\"og:type\" content=\"article\" \/>\n<meta property=\"og:title\" content=\"Tout ce que nous savons sur l&#039;Apple Watch Ultra 3 | Vie Associative\" \/>\n<meta property=\"og:description\" content=\"Un nouveau processeur, un affichage plus grand et une connectivit\u00e9 satellite. Saviez-vous que vous pouvez personnaliser Google pour filtrer les ordures? Prendre ces \u00e9tapes Pour\" \/>\n<meta property=\"og:url\" content=\"https:\/\/vieassociative.be\/actualites\/tout-ce-que-nous-savons-sur-lapple-watch-ultra-3\/\" \/>\n<meta property=\"og:site_name\" content=\"Vie Associative\" \/>\n<meta property=\"article:published_time\" content=\"2025-09-09T00:19:47+00:00\" \/>\n<meta property=\"og:image\" content=\"https:\/\/vieassociative.be\/actualites\/wp-content\/uploads\/2025\/08\/1754414314_422_Les-brins-du-NYT-daujourdhui-indiquent-et-repondent-pour-le.jpg\" \/>\n<meta name=\"author\" content=\"Julien\" \/>\n<meta name=\"twitter:card\" content=\"summary_large_image\" \/>\n<meta name=\"twitter:label1\" content=\"\u00c9crit par\" \/>\n\t<meta name=\"twitter:data1\" content=\"Julien\" \/>\n\t<meta name=\"twitter:label2\" content=\"Dur\u00e9e de lecture est.\" \/>\n\t<meta name=\"twitter:data2\" content=\"6 minutes\" \/>\n<script type=\"application\/ld+json\" class=\"yoast-schema-graph\">{\"@context\":\"https:\/\/schema.org\",\"@graph\":[{\"@type\":\"Article\",\"@id\":\"https:\/\/vieassociative.be\/actualites\/tout-ce-que-nous-savons-sur-lapple-watch-ultra-3\/#article\",\"isPartOf\":{\"@id\":\"https:\/\/vieassociative.be\/actualites\/tout-ce-que-nous-savons-sur-lapple-watch-ultra-3\/\"},\"author\":{\"name\":\"Julien\",\"@id\":\"https:\/\/vieassociative.be\/actualites\/#\/schema\/person\/b87ac4f82f9d4e7b7cec7395b679edc4\"},\"headline\":\"Tout ce que nous savons sur l&rsquo;Apple Watch Ultra 3\",\"datePublished\":\"2025-09-09T00:19:47+00:00\",\"dateModified\":\"2025-09-09T00:19:47+00:00\",\"mainEntityOfPage\":{\"@id\":\"https:\/\/vieassociative.be\/actualites\/tout-ce-que-nous-savons-sur-lapple-watch-ultra-3\/\"},\"wordCount\":1192,\"publisher\":{\"@id\":\"https:\/\/vieassociative.be\/actualites\/#organization\"},\"image\":{\"@id\":\"https:\/\/vieassociative.be\/actualites\/tout-ce-que-nous-savons-sur-lapple-watch-ultra-3\/#primaryimage\"},\"thumbnailUrl\":\"https:\/\/vieassociative.be\/actualites\/wp-content\/uploads\/2025\/09\/Tout-ce-que-nous-savons-sur-lApple-Watch-Ultra-3.jpg\",\"keywords\":[\"LApple\",\"nous\",\"savons\",\"sur\",\"tout\",\"Ultra\",\"Watch\"],\"articleSection\":[\"Technologie\"],\"inLanguage\":\"fr-BE\"},{\"@type\":\"WebPage\",\"@id\":\"https:\/\/vieassociative.be\/actualites\/tout-ce-que-nous-savons-sur-lapple-watch-ultra-3\/\",\"url\":\"https:\/\/vieassociative.be\/actualites\/tout-ce-que-nous-savons-sur-lapple-watch-ultra-3\/\",\"name\":\"Tout ce que nous savons sur l'Apple Watch Ultra 3 | Vie Associative\",\"isPartOf\":{\"@id\":\"https:\/\/vieassociative.be\/actualites\/#website\"},\"primaryImageOfPage\":{\"@id\":\"https:\/\/vieassociative.be\/actualites\/tout-ce-que-nous-savons-sur-lapple-watch-ultra-3\/#primaryimage\"},\"image\":{\"@id\":\"https:\/\/vieassociative.be\/actualites\/tout-ce-que-nous-savons-sur-lapple-watch-ultra-3\/#primaryimage\"},\"thumbnailUrl\":\"https:\/\/vieassociative.be\/actualites\/wp-content\/uploads\/2025\/09\/Tout-ce-que-nous-savons-sur-lApple-Watch-Ultra-3.jpg\",\"datePublished\":\"2025-09-09T00:19:47+00:00\",\"dateModified\":\"2025-09-09T00:19:47+00:00\",\"breadcrumb\":{\"@id\":\"https:\/\/vieassociative.be\/actualites\/tout-ce-que-nous-savons-sur-lapple-watch-ultra-3\/#breadcrumb\"},\"inLanguage\":\"fr-BE\",\"potentialAction\":[{\"@type\":\"ReadAction\",\"target\":[\"https:\/\/vieassociative.be\/actualites\/tout-ce-que-nous-savons-sur-lapple-watch-ultra-3\/\"]}]},{\"@type\":\"ImageObject\",\"inLanguage\":\"fr-BE\",\"@id\":\"https:\/\/vieassociative.be\/actualites\/tout-ce-que-nous-savons-sur-lapple-watch-ultra-3\/#primaryimage\",\"url\":\"https:\/\/vieassociative.be\/actualites\/wp-content\/uploads\/2025\/09\/Tout-ce-que-nous-savons-sur-lApple-Watch-Ultra-3.jpg\",\"contentUrl\":\"https:\/\/vieassociative.be\/actualites\/wp-content\/uploads\/2025\/09\/Tout-ce-que-nous-savons-sur-lApple-Watch-Ultra-3.jpg\",\"width\":1200,\"height\":675,\"caption\":\"Tout ce que nous savons sur l'Apple Watch Ultra 3\"},{\"@type\":\"BreadcrumbList\",\"@id\":\"https:\/\/vieassociative.be\/actualites\/tout-ce-que-nous-savons-sur-lapple-watch-ultra-3\/#breadcrumb\",\"itemListElement\":[{\"@type\":\"ListItem\",\"position\":1,\"name\":\"Accueil\",\"item\":\"https:\/\/vieassociative.be\/actualites\/\"},{\"@type\":\"ListItem\",\"position\":2,\"name\":\"Tout ce que nous savons sur l&rsquo;Apple Watch Ultra 3\"}]},{\"@type\":\"WebSite\",\"@id\":\"https:\/\/vieassociative.be\/actualites\/#website\",\"url\":\"https:\/\/vieassociative.be\/actualites\/\",\"name\":\"Vie Associative\",\"description\":\"\",\"publisher\":{\"@id\":\"https:\/\/vieassociative.be\/actualites\/#organization\"},\"potentialAction\":[{\"@type\":\"SearchAction\",\"target\":{\"@type\":\"EntryPoint\",\"urlTemplate\":\"https:\/\/vieassociative.be\/actualites\/?s={search_term_string}\"},\"query-input\":{\"@type\":\"PropertyValueSpecification\",\"valueRequired\":true,\"valueName\":\"search_term_string\"}}],\"inLanguage\":\"fr-BE\"},{\"@type\":\"Organization\",\"@id\":\"https:\/\/vieassociative.be\/actualites\/#organization\",\"name\":\"Vie Associative\",\"url\":\"https:\/\/vieassociative.be\/actualites\/\",\"logo\":{\"@type\":\"ImageObject\",\"inLanguage\":\"fr-BE\",\"@id\":\"https:\/\/vieassociative.be\/actualites\/#\/schema\/logo\/image\/\",\"url\":\"https:\/\/vieassociative.be\/actualites\/wp-content\/uploads\/2024\/09\/cropped-vieassociative_favicon.ico.png\",\"contentUrl\":\"https:\/\/vieassociative.be\/actualites\/wp-content\/uploads\/2024\/09\/cropped-vieassociative_favicon.ico.png\",\"width\":512,\"height\":512,\"caption\":\"Vie Associative\"},\"image\":{\"@id\":\"https:\/\/vieassociative.be\/actualites\/#\/schema\/logo\/image\/\"}},{\"@type\":\"Person\",\"@id\":\"https:\/\/vieassociative.be\/actualites\/#\/schema\/person\/b87ac4f82f9d4e7b7cec7395b679edc4\",\"name\":\"Julien\",\"image\":{\"@type\":\"ImageObject\",\"inLanguage\":\"fr-BE\",\"@id\":\"https:\/\/vieassociative.be\/actualites\/#\/schema\/person\/image\/\",\"url\":\"https:\/\/vieassociative.be\/actualites\/wp-content\/uploads\/2024\/09\/vie-associative-1-150x150.jpg\",\"contentUrl\":\"https:\/\/vieassociative.be\/actualites\/wp-content\/uploads\/2024\/09\/vie-associative-1-150x150.jpg\",\"caption\":\"Julien\"},\"description\":\"Je suis Julien, r\u00e9dacteur pour Vie Associative. Passionn\u00e9 par le monde associatif depuis plus de 10 ans, j'ai \u00e0 c\u0153ur de partager des histoires inspirantes et de mettre en lumi\u00e8re les initiatives locales. Mon objectif est de sensibiliser et d'encourager l'engagement communautaire \u00e0 travers mes articles.\",\"sameAs\":[\"https:\/\/vieassociative.be\/\"]}]}<\/script>\n<!-- \/ Yoast SEO plugin. -->","yoast_head_json":{"title":"Tout ce que nous savons sur l'Apple Watch Ultra 3 | Vie Associative","robots":{"index":"index","follow":"follow","max-snippet":"max-snippet:-1","max-image-preview":"max-image-preview:large","max-video-preview":"max-video-preview:-1"},"canonical":"https:\/\/vieassociative.be\/actualites\/tout-ce-que-nous-savons-sur-lapple-watch-ultra-3\/","og_locale":"fr_FR","og_type":"article","og_title":"Tout ce que nous savons sur l'Apple Watch Ultra 3 | Vie Associative","og_description":"Un nouveau processeur, un affichage plus grand et une connectivit\u00e9 satellite. Saviez-vous que vous pouvez personnaliser Google pour filtrer les ordures? Prendre ces \u00e9tapes Pour","og_url":"https:\/\/vieassociative.be\/actualites\/tout-ce-que-nous-savons-sur-lapple-watch-ultra-3\/","og_site_name":"Vie Associative","article_published_time":"2025-09-09T00:19:47+00:00","og_image":[{"url":"https:\/\/vieassociative.be\/actualites\/wp-content\/uploads\/2025\/08\/1754414314_422_Les-brins-du-NYT-daujourdhui-indiquent-et-repondent-pour-le.jpg","type":"","width":"","height":""}],"author":"Julien","twitter_card":"summary_large_image","twitter_misc":{"\u00c9crit par":"Julien","Dur\u00e9e de lecture est.":"6 minutes"},"schema":{"@context":"https:\/\/schema.org","@graph":[{"@type":"Article","@id":"https:\/\/vieassociative.be\/actualites\/tout-ce-que-nous-savons-sur-lapple-watch-ultra-3\/#article","isPartOf":{"@id":"https:\/\/vieassociative.be\/actualites\/tout-ce-que-nous-savons-sur-lapple-watch-ultra-3\/"},"author":{"name":"Julien","@id":"https:\/\/vieassociative.be\/actualites\/#\/schema\/person\/b87ac4f82f9d4e7b7cec7395b679edc4"},"headline":"Tout ce que nous savons sur l&rsquo;Apple Watch Ultra 3","datePublished":"2025-09-09T00:19:47+00:00","dateModified":"2025-09-09T00:19:47+00:00","mainEntityOfPage":{"@id":"https:\/\/vieassociative.be\/actualites\/tout-ce-que-nous-savons-sur-lapple-watch-ultra-3\/"},"wordCount":1192,"publisher":{"@id":"https:\/\/vieassociative.be\/actualites\/#organization"},"image":{"@id":"https:\/\/vieassociative.be\/actualites\/tout-ce-que-nous-savons-sur-lapple-watch-ultra-3\/#primaryimage"},"thumbnailUrl":"https:\/\/vieassociative.be\/actualites\/wp-content\/uploads\/2025\/09\/Tout-ce-que-nous-savons-sur-lApple-Watch-Ultra-3.jpg","keywords":["LApple","nous","savons","sur","tout","Ultra","Watch"],"articleSection":["Technologie"],"inLanguage":"fr-BE"},{"@type":"WebPage","@id":"https:\/\/vieassociative.be\/actualites\/tout-ce-que-nous-savons-sur-lapple-watch-ultra-3\/","url":"https:\/\/vieassociative.be\/actualites\/tout-ce-que-nous-savons-sur-lapple-watch-ultra-3\/","name":"Tout ce que nous savons sur l'Apple Watch Ultra 3 | Vie Associative","isPartOf":{"@id":"https:\/\/vieassociative.be\/actualites\/#website"},"primaryImageOfPage":{"@id":"https:\/\/vieassociative.be\/actualites\/tout-ce-que-nous-savons-sur-lapple-watch-ultra-3\/#primaryimage"},"image":{"@id":"https:\/\/vieassociative.be\/actualites\/tout-ce-que-nous-savons-sur-lapple-watch-ultra-3\/#primaryimage"},"thumbnailUrl":"https:\/\/vieassociative.be\/actualites\/wp-content\/uploads\/2025\/09\/Tout-ce-que-nous-savons-sur-lApple-Watch-Ultra-3.jpg","datePublished":"2025-09-09T00:19:47+00:00","dateModified":"2025-09-09T00:19:47+00:00","breadcrumb":{"@id":"https:\/\/vieassociative.be\/actualites\/tout-ce-que-nous-savons-sur-lapple-watch-ultra-3\/#breadcrumb"},"inLanguage":"fr-BE","potentialAction":[{"@type":"ReadAction","target":["https:\/\/vieassociative.be\/actualites\/tout-ce-que-nous-savons-sur-lapple-watch-ultra-3\/"]}]},{"@type":"ImageObject","inLanguage":"fr-BE","@id":"https:\/\/vieassociative.be\/actualites\/tout-ce-que-nous-savons-sur-lapple-watch-ultra-3\/#primaryimage","url":"https:\/\/vieassociative.be\/actualites\/wp-content\/uploads\/2025\/09\/Tout-ce-que-nous-savons-sur-lApple-Watch-Ultra-3.jpg","contentUrl":"https:\/\/vieassociative.be\/actualites\/wp-content\/uploads\/2025\/09\/Tout-ce-que-nous-savons-sur-lApple-Watch-Ultra-3.jpg","width":1200,"height":675,"caption":"Tout ce que nous savons sur l'Apple Watch Ultra 3"},{"@type":"BreadcrumbList","@id":"https:\/\/vieassociative.be\/actualites\/tout-ce-que-nous-savons-sur-lapple-watch-ultra-3\/#breadcrumb","itemListElement":[{"@type":"ListItem","position":1,"name":"Accueil","item":"https:\/\/vieassociative.be\/actualites\/"},{"@type":"ListItem","position":2,"name":"Tout ce que nous savons sur l&rsquo;Apple Watch Ultra 3"}]},{"@type":"WebSite","@id":"https:\/\/vieassociative.be\/actualites\/#website","url":"https:\/\/vieassociative.be\/actualites\/","name":"Vie Associative","description":"","publisher":{"@id":"https:\/\/vieassociative.be\/actualites\/#organization"},"potentialAction":[{"@type":"SearchAction","target":{"@type":"EntryPoint","urlTemplate":"https:\/\/vieassociative.be\/actualites\/?s={search_term_string}"},"query-input":{"@type":"PropertyValueSpecification","valueRequired":true,"valueName":"search_term_string"}}],"inLanguage":"fr-BE"},{"@type":"Organization","@id":"https:\/\/vieassociative.be\/actualites\/#organization","name":"Vie Associative","url":"https:\/\/vieassociative.be\/actualites\/","logo":{"@type":"ImageObject","inLanguage":"fr-BE","@id":"https:\/\/vieassociative.be\/actualites\/#\/schema\/logo\/image\/","url":"https:\/\/vieassociative.be\/actualites\/wp-content\/uploads\/2024\/09\/cropped-vieassociative_favicon.ico.png","contentUrl":"https:\/\/vieassociative.be\/actualites\/wp-content\/uploads\/2024\/09\/cropped-vieassociative_favicon.ico.png","width":512,"height":512,"caption":"Vie Associative"},"image":{"@id":"https:\/\/vieassociative.be\/actualites\/#\/schema\/logo\/image\/"}},{"@type":"Person","@id":"https:\/\/vieassociative.be\/actualites\/#\/schema\/person\/b87ac4f82f9d4e7b7cec7395b679edc4","name":"Julien","image":{"@type":"ImageObject","inLanguage":"fr-BE","@id":"https:\/\/vieassociative.be\/actualites\/#\/schema\/person\/image\/","url":"https:\/\/vieassociative.be\/actualites\/wp-content\/uploads\/2024\/09\/vie-associative-1-150x150.jpg","contentUrl":"https:\/\/vieassociative.be\/actualites\/wp-content\/uploads\/2024\/09\/vie-associative-1-150x150.jpg","caption":"Julien"},"description":"Je suis Julien, r\u00e9dacteur pour Vie Associative. Passionn\u00e9 par le monde associatif depuis plus de 10 ans, j'ai \u00e0 c\u0153ur de partager des histoires inspirantes et de mettre en lumi\u00e8re les initiatives locales. Mon objectif est de sensibiliser et d'encourager l'engagement communautaire \u00e0 travers mes articles.","sameAs":["https:\/\/vieassociative.be\/"]}]}},"_links":{"self":[{"href":"https:\/\/vieassociative.be\/actualites\/wp-json\/wp\/v2\/posts\/9910"}],"collection":[{"href":"https:\/\/vieassociative.be\/actualites\/wp-json\/wp\/v2\/posts"}],"about":[{"href":"https:\/\/vieassociative.be\/actualites\/wp-json\/wp\/v2\/types\/post"}],"author":[{"embeddable":true,"href":"https:\/\/vieassociative.be\/actualites\/wp-json\/wp\/v2\/users\/1"}],"replies":[{"embeddable":true,"href":"https:\/\/vieassociative.be\/actualites\/wp-json\/wp\/v2\/comments?post=9910"}],"version-history":[{"count":0,"href":"https:\/\/vieassociative.be\/actualites\/wp-json\/wp\/v2\/posts\/9910\/revisions"}],"wp:featuredmedia":[{"embeddable":true,"href":"https:\/\/vieassociative.be\/actualites\/wp-json\/wp\/v2\/media\/9911"}],"wp:attachment":[{"href":"https:\/\/vieassociative.be\/actualites\/wp-json\/wp\/v2\/media?parent=9910"}],"wp:term":[{"taxonomy":"category","embeddable":true,"href":"https:\/\/vieassociative.be\/actualites\/wp-json\/wp\/v2\/categories?post=9910"},{"taxonomy":"post_tag","embeddable":true,"href":"https:\/\/vieassociative.be\/actualites\/wp-json\/wp\/v2\/tags?post=9910"}],"curies":[{"name":"wp","href":"https:\/\/api.w.org\/{rel}","templated":true}]}}