{"id":9900,"date":"2025-09-08T16:17:24","date_gmt":"2025-09-08T14:17:24","guid":{"rendered":"https:\/\/vieassociative.be\/actualites\/premieres-reactions-a-louverture-dun-centre-de-grossesse-a-eupen-par-prisma\/"},"modified":"2025-09-08T16:17:24","modified_gmt":"2025-09-08T14:17:24","slug":"premieres-reactions-a-louverture-dun-centre-de-grossesse-a-eupen-par-prisma","status":"publish","type":"post","link":"https:\/\/vieassociative.be\/actualites\/premieres-reactions-a-louverture-dun-centre-de-grossesse-a-eupen-par-prisma\/","title":{"rendered":"Premi\u00e8res r\u00e9actions \u00e0 l&rsquo;ouverture d&rsquo;un centre de grossesse \u00e0 Eupen par \u00ab\u00a0Prisma\u00a0\u00bb"},"content":{"rendered":"<p><strong>L&rsquo;ouverture d&rsquo;un centre de grossesse \u00e0 Eupen par l&rsquo;association \u00ab\u00a0PRISMA\u00a0\u00bb, conseils et point de contact pour les femmes, a d\u00e9j\u00e0 d\u00e9clench\u00e9 des r\u00e9actions initiales.<\/strong><\/p>\n<p><span id=\"more-424104\"><\/span>Depuis mai, les interventions ont \u00e9t\u00e9 men\u00e9es par deux m\u00e9decins le mercredi dans les locaux de \u00abPrisma\u00bb sur Heggenstrasse \u00e0 Eupen dans un cadre extra-clinique, sans valeur et de confiance \u00bb, a d\u00e9clar\u00e9 la pr\u00e9sentation officielle, dans laquelle les affaires de sant\u00e9 et sociale Lydia Klinkenberg (Prodg) ont \u00e9galement pris part. <\/p>\n<\/p>\n<div id=\"attachment_424116\" class=\"wp-caption alignleft\" style=\"max-width: 300px\"><img fetchpriority=\"high\" decoding=\"async\" class=\"wp-image-424116 size-medium\" src=\"https:\/\/vieassociative.be\/actualites\/wp-content\/uploads\/2025\/09\/Premieres-reactions-a-louverture-dun-centre-de-grossesse-a-Eupen.jpg\" alt=\"\" width=\"300\" height=\"200\"><\/div>\n<p>\u00ab\u00a0Avant et apr\u00e8s la d\u00e9molition, les femmes se voient offrir des soins holistiques. Pendant de nombreuses ann\u00e9es, les employ\u00e9s et le conseil d&rsquo;administration avaient fait campagne pour que ce centre comble un \u00e9cart d&rsquo;approvisionnement\u00a0\u00bb, a \u00e9galement annonc\u00e9.<\/p>\n<p>Les deux journalistes et \u00e9crivains Marcel Bauer et Freddy des \u00e9lections sont les premiers \u00e0 commenter le sujet sensible.<\/p>\n<p>Tout d&rsquo;abord, Marcel Bauer a pris la parole dans une lettre au r\u00e9dacteur en chef de l&rsquo;\u00e9cho de la fronti\u00e8re de lundi.<\/p>\n<\/p>\n<h3>Marcel Bauer: \u00ab\u00a0Une voix pour le silencieuse\u00a0\u00bb<\/h3>\n<p>Le terme interruption de la grossesse est trompeur, car l&#8217;embryon et non la grossesse elle-m\u00eame est le but de l&rsquo;action, Bauer est une banalisation car l&rsquo;interruption de la grossesse est pr\u00e9sent\u00e9e comme une affaire purement m\u00e9dicale et non comme un meurtre de la vie humaine. Deux \u00eatres humains sont affect\u00e9s. \u00catre consid\u00e9r\u00e9.<\/p>\n<\/p>\n<div id=\"attachment_402959\" class=\"wp-caption alignleft\" style=\"max-width: 300px\"><img decoding=\"async\" class=\"wp-image-402959 size-medium\" src=\"https:\/\/vieassociative.be\/actualites\/wp-content\/uploads\/2024\/12\/1733019423_347_Un-regard-sur-le-monde-cache-de-lEglise-catholique-\u2013.jpg\" alt=\"\" width=\"300\" height=\"252\"  ><\/div>\n<p>Bauer \u00e9crit \u00e9galement dans sa lettre au r\u00e9dacteur en chef: \u00ab\u00a0Les progr\u00e8s dans la recherche sur l&#8217;embryon ont montr\u00e9 que le f\u0153tus n&rsquo;est pas un\u00a0\u00bb tas de cellules \u00ab\u00a0, car il est pr\u00e9sent\u00e9 par les partisans de l&rsquo;avortement. Depuis la f\u00e9condation, une nouvelle personne humaine est n\u00e9e de la mise \u00e0 l&rsquo;\u00e9poque d&rsquo;autres personnes. jugements ou dans l&rsquo;avortement. \u00bb<\/p>\n<p>Enfin, l&rsquo;auteur de la lettre \u00e0 l&rsquo;\u00e9diteur souligne: \u00ab\u00a0Prisma fait un travail admirable dans les conseils et les soins des femmes. Il reste \u00e0 esp\u00e9rer qu&rsquo;il reste pour s&rsquo;assurer que l&rsquo;association est visible pour assurer la pr\u00e9paration et le suivi des femmes dans le besoin et de ne pas disposer de la vie en attente.\u00a0\u00bb<\/p>\n<\/p>\n<h3>Freddy des \u00e9lections: \u00ab\u00a0La dignit\u00e9 humaine abolie\u00a0\u00bb<\/h3>\n<p>La r\u00e9f\u00e9rence \u00e0 la lettre de Bauer \u00e0 l&rsquo;\u00e9diteur s&rsquo;est \u00e9galement exprim\u00e9e lundi. Dans la lettre au r\u00e9dacteur, qu&rsquo;il a \u00e9galement envoy\u00e9 \u00ab\u00a0Orient Belgique directement\u00a0\u00bb, l&rsquo;\u00e9lection \u00e9crit ce qui suit dans ses propres mots \u00ab\u00a0par conviction profonde, mais respectueuse toutes les contradictions\u00a0\u00bb:<\/p>\n<p>\u00ab\u00a0La d\u00e9claration de Marcel Bauer m\u00e9rite beaucoup d&rsquo;attention: elle est \u00e9galement engag\u00e9e et prudente. Dans une question d\u00e9licate, il fait appel \u00e0 la contemplation. Le journaliste et \u00e9crivain mondial est inattendu et bien inform\u00e9. L&rsquo;auteur catholique ne fait pas r\u00e9f\u00e9rence \u00e0 des explications sur les papes ou les lettres texte des conf\u00e9rences de l&rsquo;\u00e9v\u00eaque, donne son opinion un format important.<\/p>\n<\/p>\n<div id=\"attachment_172113\" class=\"wp-caption alignleft\" style=\"max-width: 300px\"><img decoding=\"async\" class=\"wp-image-172113 size-medium\" src=\"https:\/\/vieassociative.be\/actualites\/wp-content\/uploads\/2025\/09\/Premieres-reactions-a-louverture-dun-centre-de-grossesse-a-Eupen.jpeg\" alt=\"\" width=\"300\" height=\"201\"  ><\/div>\n<p>Sans la souffrance des m\u00e8res et les probl\u00e8mes sociaux souvent dramatiques, il a longtemps subi les termes du d\u00e9bat international comme une question de cours et utilis\u00e9 sans danger, tel que \u00abl&rsquo;\u00e9cart de soins\u00bb, la \u00abd\u00e9molition\u00bb ou m\u00eame la \u00abpile de cellules\u00bb d&rsquo;un examen d&rsquo;exposition.<\/p>\n<p>Le fait que notre vie, laquelle de nos enfants et enfants n&rsquo;est pas gr\u00e2ce \u00e0 la d\u00e9votion aimante d&rsquo;une m\u00e8re, mais aurait d\u00fb provenir des co\u00efncidences d&rsquo;un \u00ab\u00a0 groupe \u00a0\u00bb, montre clairement que cet \u00e9v\u00e9nement miraculeux est un cr\u00e9ateur secr\u00e8tement cach\u00e9, dont les \u00abcommandements\u00bb sont bien plus que des religions chr\u00e9tiennes ou juives.<\/p>\n<p>Contre la sup\u00e9riorit\u00e9 de l&rsquo;intelligence artificielle, des t\u00e9lescopes spatiaux, des superordinateurs et des arsenaux nucl\u00e9aires, toutes des questions profond\u00e9ment existentielles sur le d\u00e9but, la fin et la d\u00e9termination d&rsquo;une vie humaine pour les cas m\u00e9dicaux et politiques agissent comme des d\u00e9fis souriants. Les philosophes anciens et d&rsquo;extr\u00eame-Orient, les grands penseurs des Lumi\u00e8res et de notre temps (Bergson, Heidegger, Camus ou Sartre) n&rsquo;ont pas r\u00e9pandu sans m\u00e9fiance leur g\u00e9nie. Encore plus: l&rsquo;adoration dans le christianisme en tant que fils de Dieu est n\u00e9 comme un \u00abcas social\u00bb dans une \u00e9curie. La vie la plus ancienne de Laotse, Bouddha ou Mohammed n&rsquo;a pas atterri dans un bac de d\u00e9chets st\u00e9riles. Michel-Ange et Mozart ne viennent pas de l&rsquo;acte de gr\u00e2ce d&rsquo;un gyn\u00e9cologue.<\/p>\n<p>Si les enfants sont tu\u00e9s par des agresseurs en Ukraine et dans la bande de Gaza, un toll\u00e9 mondial est \u00e0 juste titre horrifi\u00e9. Le f\u0153tus qui pousse au c\u0153ur d&rsquo;une m\u00e8re n&rsquo;est pas digne de soutien ou de protection dans les riches soci\u00e9t\u00e9s de prosp\u00e9rit\u00e9. \u00abLe sch\u00e9ma des hommes est motiv\u00e9\u00bb. \u00ab\u00a0(Cre)<\/p>\n","protected":false},"excerpt":{"rendered":"<p>L&rsquo;ouverture d&rsquo;un centre de grossesse \u00e0 Eupen par l&rsquo;association \u00ab\u00a0PRISMA\u00a0\u00bb, conseils et point de contact pour les femmes, a d\u00e9j\u00e0 d\u00e9clench\u00e9 des r\u00e9actions initiales. Depuis<\/p>\n","protected":false},"author":1,"featured_media":9901,"comment_status":"","ping_status":"","sticky":false,"template":"","format":"standard","meta":{"footnotes":""},"categories":[298],"tags":[5279,354,2329,8454,4668,676,597,8455,6121],"class_list":["post-9900","post","type-post","status-publish","format-standard","has-post-thumbnail","hentry","category-belgique","tag-centre","tag-dun","tag-eupen","tag-grossesse","tag-louverture","tag-par","tag-premieres","tag-prisma","tag-reactions","generate-columns","tablet-grid-50","mobile-grid-100","grid-parent","grid-33"],"yoast_head":"<!-- This site is optimized with the Yoast SEO plugin v24.0 - https:\/\/yoast.com\/wordpress\/plugins\/seo\/ -->\n<title>Premi\u00e8res r\u00e9actions \u00e0 l&#039;ouverture d&#039;un centre de grossesse \u00e0 Eupen par &quot;Prisma&quot; | Vie Associative<\/title>\n<meta name=\"robots\" content=\"index, follow, max-snippet:-1, max-image-preview:large, max-video-preview:-1\" \/>\n<link rel=\"canonical\" href=\"https:\/\/vieassociative.be\/actualites\/premieres-reactions-a-louverture-dun-centre-de-grossesse-a-eupen-par-prisma\/\" \/>\n<meta property=\"og:locale\" content=\"fr_FR\" \/>\n<meta property=\"og:type\" content=\"article\" \/>\n<meta property=\"og:title\" content=\"Premi\u00e8res r\u00e9actions \u00e0 l&#039;ouverture d&#039;un centre de grossesse \u00e0 Eupen par &quot;Prisma&quot; | Vie Associative\" \/>\n<meta property=\"og:description\" content=\"L&rsquo;ouverture d&rsquo;un centre de grossesse \u00e0 Eupen par l&rsquo;association \u00ab\u00a0PRISMA\u00a0\u00bb, conseils et point de contact pour les femmes, a d\u00e9j\u00e0 d\u00e9clench\u00e9 des r\u00e9actions initiales. Depuis\" \/>\n<meta property=\"og:url\" content=\"https:\/\/vieassociative.be\/actualites\/premieres-reactions-a-louverture-dun-centre-de-grossesse-a-eupen-par-prisma\/\" \/>\n<meta property=\"og:site_name\" content=\"Vie Associative\" \/>\n<meta property=\"article:published_time\" content=\"2025-09-08T14:17:24+00:00\" \/>\n<meta property=\"og:image\" content=\"https:\/\/vieassociative.be\/actualites\/wp-content\/uploads\/2024\/09\/header_backgroundk-01-e1726694325946.png\" \/>\n\t<meta property=\"og:image:width\" content=\"279\" \/>\n\t<meta property=\"og:image:height\" content=\"92\" \/>\n\t<meta property=\"og:image:type\" content=\"image\/png\" \/>\n<meta name=\"author\" content=\"Julien\" \/>\n<meta name=\"twitter:card\" content=\"summary_large_image\" \/>\n<meta name=\"twitter:label1\" content=\"\u00c9crit par\" \/>\n\t<meta name=\"twitter:data1\" content=\"Julien\" \/>\n\t<meta name=\"twitter:label2\" content=\"Dur\u00e9e de lecture est.\" \/>\n\t<meta name=\"twitter:data2\" content=\"4 minutes\" \/>\n<script type=\"application\/ld+json\" class=\"yoast-schema-graph\">{\"@context\":\"https:\/\/schema.org\",\"@graph\":[{\"@type\":\"Article\",\"@id\":\"https:\/\/vieassociative.be\/actualites\/premieres-reactions-a-louverture-dun-centre-de-grossesse-a-eupen-par-prisma\/#article\",\"isPartOf\":{\"@id\":\"https:\/\/vieassociative.be\/actualites\/premieres-reactions-a-louverture-dun-centre-de-grossesse-a-eupen-par-prisma\/\"},\"author\":{\"name\":\"Julien\",\"@id\":\"https:\/\/vieassociative.be\/actualites\/#\/schema\/person\/b87ac4f82f9d4e7b7cec7395b679edc4\"},\"headline\":\"Premi\u00e8res r\u00e9actions \u00e0 l&rsquo;ouverture d&rsquo;un centre de grossesse \u00e0 Eupen par \u00ab\u00a0Prisma\u00a0\u00bb\",\"datePublished\":\"2025-09-08T14:17:24+00:00\",\"dateModified\":\"2025-09-08T14:17:24+00:00\",\"mainEntityOfPage\":{\"@id\":\"https:\/\/vieassociative.be\/actualites\/premieres-reactions-a-louverture-dun-centre-de-grossesse-a-eupen-par-prisma\/\"},\"wordCount\":824,\"publisher\":{\"@id\":\"https:\/\/vieassociative.be\/actualites\/#organization\"},\"image\":{\"@id\":\"https:\/\/vieassociative.be\/actualites\/premieres-reactions-a-louverture-dun-centre-de-grossesse-a-eupen-par-prisma\/#primaryimage\"},\"thumbnailUrl\":\"https:\/\/vieassociative.be\/actualites\/wp-content\/uploads\/2025\/09\/1757341044_Premieres-reactions-a-louverture-dun-centre-de-grossesse-a-Eupen.jpg\",\"keywords\":[\"centre\",\"dun\",\"Eupen\",\"grossesse\",\"louverture\",\"par\",\"premi\u00e8res\",\"Prisma\",\"r\u00e9actions\"],\"articleSection\":[\"Belgique\"],\"inLanguage\":\"fr-BE\"},{\"@type\":\"WebPage\",\"@id\":\"https:\/\/vieassociative.be\/actualites\/premieres-reactions-a-louverture-dun-centre-de-grossesse-a-eupen-par-prisma\/\",\"url\":\"https:\/\/vieassociative.be\/actualites\/premieres-reactions-a-louverture-dun-centre-de-grossesse-a-eupen-par-prisma\/\",\"name\":\"Premi\u00e8res r\u00e9actions \u00e0 l'ouverture d'un centre de grossesse \u00e0 Eupen par \\\"Prisma\\\" | Vie Associative\",\"isPartOf\":{\"@id\":\"https:\/\/vieassociative.be\/actualites\/#website\"},\"primaryImageOfPage\":{\"@id\":\"https:\/\/vieassociative.be\/actualites\/premieres-reactions-a-louverture-dun-centre-de-grossesse-a-eupen-par-prisma\/#primaryimage\"},\"image\":{\"@id\":\"https:\/\/vieassociative.be\/actualites\/premieres-reactions-a-louverture-dun-centre-de-grossesse-a-eupen-par-prisma\/#primaryimage\"},\"thumbnailUrl\":\"https:\/\/vieassociative.be\/actualites\/wp-content\/uploads\/2025\/09\/1757341044_Premieres-reactions-a-louverture-dun-centre-de-grossesse-a-Eupen.jpg\",\"datePublished\":\"2025-09-08T14:17:24+00:00\",\"dateModified\":\"2025-09-08T14:17:24+00:00\",\"breadcrumb\":{\"@id\":\"https:\/\/vieassociative.be\/actualites\/premieres-reactions-a-louverture-dun-centre-de-grossesse-a-eupen-par-prisma\/#breadcrumb\"},\"inLanguage\":\"fr-BE\",\"potentialAction\":[{\"@type\":\"ReadAction\",\"target\":[\"https:\/\/vieassociative.be\/actualites\/premieres-reactions-a-louverture-dun-centre-de-grossesse-a-eupen-par-prisma\/\"]}]},{\"@type\":\"ImageObject\",\"inLanguage\":\"fr-BE\",\"@id\":\"https:\/\/vieassociative.be\/actualites\/premieres-reactions-a-louverture-dun-centre-de-grossesse-a-eupen-par-prisma\/#primaryimage\",\"url\":\"https:\/\/vieassociative.be\/actualites\/wp-content\/uploads\/2025\/09\/1757341044_Premieres-reactions-a-louverture-dun-centre-de-grossesse-a-Eupen.jpg\",\"contentUrl\":\"https:\/\/vieassociative.be\/actualites\/wp-content\/uploads\/2025\/09\/1757341044_Premieres-reactions-a-louverture-dun-centre-de-grossesse-a-Eupen.jpg\",\"width\":1200,\"height\":800,\"caption\":\"Premi\u00e8res r\u00e9actions \u00e0 l'ouverture d'un centre de grossesse \u00e0 Eupen par \\\"Prisma\\\"\"},{\"@type\":\"BreadcrumbList\",\"@id\":\"https:\/\/vieassociative.be\/actualites\/premieres-reactions-a-louverture-dun-centre-de-grossesse-a-eupen-par-prisma\/#breadcrumb\",\"itemListElement\":[{\"@type\":\"ListItem\",\"position\":1,\"name\":\"Accueil\",\"item\":\"https:\/\/vieassociative.be\/actualites\/\"},{\"@type\":\"ListItem\",\"position\":2,\"name\":\"Premi\u00e8res r\u00e9actions \u00e0 l&rsquo;ouverture d&rsquo;un centre de grossesse \u00e0 Eupen par \u00ab\u00a0Prisma\u00a0\u00bb\"}]},{\"@type\":\"WebSite\",\"@id\":\"https:\/\/vieassociative.be\/actualites\/#website\",\"url\":\"https:\/\/vieassociative.be\/actualites\/\",\"name\":\"Vie Associative\",\"description\":\"\",\"publisher\":{\"@id\":\"https:\/\/vieassociative.be\/actualites\/#organization\"},\"potentialAction\":[{\"@type\":\"SearchAction\",\"target\":{\"@type\":\"EntryPoint\",\"urlTemplate\":\"https:\/\/vieassociative.be\/actualites\/?s={search_term_string}\"},\"query-input\":{\"@type\":\"PropertyValueSpecification\",\"valueRequired\":true,\"valueName\":\"search_term_string\"}}],\"inLanguage\":\"fr-BE\"},{\"@type\":\"Organization\",\"@id\":\"https:\/\/vieassociative.be\/actualites\/#organization\",\"name\":\"Vie Associative\",\"url\":\"https:\/\/vieassociative.be\/actualites\/\",\"logo\":{\"@type\":\"ImageObject\",\"inLanguage\":\"fr-BE\",\"@id\":\"https:\/\/vieassociative.be\/actualites\/#\/schema\/logo\/image\/\",\"url\":\"https:\/\/vieassociative.be\/actualites\/wp-content\/uploads\/2024\/09\/cropped-vieassociative_favicon.ico.png\",\"contentUrl\":\"https:\/\/vieassociative.be\/actualites\/wp-content\/uploads\/2024\/09\/cropped-vieassociative_favicon.ico.png\",\"width\":512,\"height\":512,\"caption\":\"Vie Associative\"},\"image\":{\"@id\":\"https:\/\/vieassociative.be\/actualites\/#\/schema\/logo\/image\/\"}},{\"@type\":\"Person\",\"@id\":\"https:\/\/vieassociative.be\/actualites\/#\/schema\/person\/b87ac4f82f9d4e7b7cec7395b679edc4\",\"name\":\"Julien\",\"image\":{\"@type\":\"ImageObject\",\"inLanguage\":\"fr-BE\",\"@id\":\"https:\/\/vieassociative.be\/actualites\/#\/schema\/person\/image\/\",\"url\":\"https:\/\/vieassociative.be\/actualites\/wp-content\/uploads\/2024\/09\/vie-associative-1-150x150.jpg\",\"contentUrl\":\"https:\/\/vieassociative.be\/actualites\/wp-content\/uploads\/2024\/09\/vie-associative-1-150x150.jpg\",\"caption\":\"Julien\"},\"description\":\"Je suis Julien, r\u00e9dacteur pour Vie Associative. Passionn\u00e9 par le monde associatif depuis plus de 10 ans, j'ai \u00e0 c\u0153ur de partager des histoires inspirantes et de mettre en lumi\u00e8re les initiatives locales. Mon objectif est de sensibiliser et d'encourager l'engagement communautaire \u00e0 travers mes articles.\",\"sameAs\":[\"https:\/\/vieassociative.be\/\"]}]}<\/script>\n<!-- \/ Yoast SEO plugin. -->","yoast_head_json":{"title":"Premi\u00e8res r\u00e9actions \u00e0 l'ouverture d'un centre de grossesse \u00e0 Eupen par \"Prisma\" | Vie Associative","robots":{"index":"index","follow":"follow","max-snippet":"max-snippet:-1","max-image-preview":"max-image-preview:large","max-video-preview":"max-video-preview:-1"},"canonical":"https:\/\/vieassociative.be\/actualites\/premieres-reactions-a-louverture-dun-centre-de-grossesse-a-eupen-par-prisma\/","og_locale":"fr_FR","og_type":"article","og_title":"Premi\u00e8res r\u00e9actions \u00e0 l'ouverture d'un centre de grossesse \u00e0 Eupen par \"Prisma\" | Vie Associative","og_description":"L&rsquo;ouverture d&rsquo;un centre de grossesse \u00e0 Eupen par l&rsquo;association \u00ab\u00a0PRISMA\u00a0\u00bb, conseils et point de contact pour les femmes, a d\u00e9j\u00e0 d\u00e9clench\u00e9 des r\u00e9actions initiales. Depuis","og_url":"https:\/\/vieassociative.be\/actualites\/premieres-reactions-a-louverture-dun-centre-de-grossesse-a-eupen-par-prisma\/","og_site_name":"Vie Associative","article_published_time":"2025-09-08T14:17:24+00:00","og_image":[{"width":279,"height":92,"url":"https:\/\/vieassociative.be\/actualites\/wp-content\/uploads\/2024\/09\/header_backgroundk-01-e1726694325946.png","type":"image\/png"}],"author":"Julien","twitter_card":"summary_large_image","twitter_misc":{"\u00c9crit par":"Julien","Dur\u00e9e de lecture est.":"4 minutes"},"schema":{"@context":"https:\/\/schema.org","@graph":[{"@type":"Article","@id":"https:\/\/vieassociative.be\/actualites\/premieres-reactions-a-louverture-dun-centre-de-grossesse-a-eupen-par-prisma\/#article","isPartOf":{"@id":"https:\/\/vieassociative.be\/actualites\/premieres-reactions-a-louverture-dun-centre-de-grossesse-a-eupen-par-prisma\/"},"author":{"name":"Julien","@id":"https:\/\/vieassociative.be\/actualites\/#\/schema\/person\/b87ac4f82f9d4e7b7cec7395b679edc4"},"headline":"Premi\u00e8res r\u00e9actions \u00e0 l&rsquo;ouverture d&rsquo;un centre de grossesse \u00e0 Eupen par \u00ab\u00a0Prisma\u00a0\u00bb","datePublished":"2025-09-08T14:17:24+00:00","dateModified":"2025-09-08T14:17:24+00:00","mainEntityOfPage":{"@id":"https:\/\/vieassociative.be\/actualites\/premieres-reactions-a-louverture-dun-centre-de-grossesse-a-eupen-par-prisma\/"},"wordCount":824,"publisher":{"@id":"https:\/\/vieassociative.be\/actualites\/#organization"},"image":{"@id":"https:\/\/vieassociative.be\/actualites\/premieres-reactions-a-louverture-dun-centre-de-grossesse-a-eupen-par-prisma\/#primaryimage"},"thumbnailUrl":"https:\/\/vieassociative.be\/actualites\/wp-content\/uploads\/2025\/09\/1757341044_Premieres-reactions-a-louverture-dun-centre-de-grossesse-a-Eupen.jpg","keywords":["centre","dun","Eupen","grossesse","louverture","par","premi\u00e8res","Prisma","r\u00e9actions"],"articleSection":["Belgique"],"inLanguage":"fr-BE"},{"@type":"WebPage","@id":"https:\/\/vieassociative.be\/actualites\/premieres-reactions-a-louverture-dun-centre-de-grossesse-a-eupen-par-prisma\/","url":"https:\/\/vieassociative.be\/actualites\/premieres-reactions-a-louverture-dun-centre-de-grossesse-a-eupen-par-prisma\/","name":"Premi\u00e8res r\u00e9actions \u00e0 l'ouverture d'un centre de grossesse \u00e0 Eupen par \"Prisma\" | Vie Associative","isPartOf":{"@id":"https:\/\/vieassociative.be\/actualites\/#website"},"primaryImageOfPage":{"@id":"https:\/\/vieassociative.be\/actualites\/premieres-reactions-a-louverture-dun-centre-de-grossesse-a-eupen-par-prisma\/#primaryimage"},"image":{"@id":"https:\/\/vieassociative.be\/actualites\/premieres-reactions-a-louverture-dun-centre-de-grossesse-a-eupen-par-prisma\/#primaryimage"},"thumbnailUrl":"https:\/\/vieassociative.be\/actualites\/wp-content\/uploads\/2025\/09\/1757341044_Premieres-reactions-a-louverture-dun-centre-de-grossesse-a-Eupen.jpg","datePublished":"2025-09-08T14:17:24+00:00","dateModified":"2025-09-08T14:17:24+00:00","breadcrumb":{"@id":"https:\/\/vieassociative.be\/actualites\/premieres-reactions-a-louverture-dun-centre-de-grossesse-a-eupen-par-prisma\/#breadcrumb"},"inLanguage":"fr-BE","potentialAction":[{"@type":"ReadAction","target":["https:\/\/vieassociative.be\/actualites\/premieres-reactions-a-louverture-dun-centre-de-grossesse-a-eupen-par-prisma\/"]}]},{"@type":"ImageObject","inLanguage":"fr-BE","@id":"https:\/\/vieassociative.be\/actualites\/premieres-reactions-a-louverture-dun-centre-de-grossesse-a-eupen-par-prisma\/#primaryimage","url":"https:\/\/vieassociative.be\/actualites\/wp-content\/uploads\/2025\/09\/1757341044_Premieres-reactions-a-louverture-dun-centre-de-grossesse-a-Eupen.jpg","contentUrl":"https:\/\/vieassociative.be\/actualites\/wp-content\/uploads\/2025\/09\/1757341044_Premieres-reactions-a-louverture-dun-centre-de-grossesse-a-Eupen.jpg","width":1200,"height":800,"caption":"Premi\u00e8res r\u00e9actions \u00e0 l'ouverture d'un centre de grossesse \u00e0 Eupen par \"Prisma\""},{"@type":"BreadcrumbList","@id":"https:\/\/vieassociative.be\/actualites\/premieres-reactions-a-louverture-dun-centre-de-grossesse-a-eupen-par-prisma\/#breadcrumb","itemListElement":[{"@type":"ListItem","position":1,"name":"Accueil","item":"https:\/\/vieassociative.be\/actualites\/"},{"@type":"ListItem","position":2,"name":"Premi\u00e8res r\u00e9actions \u00e0 l&rsquo;ouverture d&rsquo;un centre de grossesse \u00e0 Eupen par \u00ab\u00a0Prisma\u00a0\u00bb"}]},{"@type":"WebSite","@id":"https:\/\/vieassociative.be\/actualites\/#website","url":"https:\/\/vieassociative.be\/actualites\/","name":"Vie Associative","description":"","publisher":{"@id":"https:\/\/vieassociative.be\/actualites\/#organization"},"potentialAction":[{"@type":"SearchAction","target":{"@type":"EntryPoint","urlTemplate":"https:\/\/vieassociative.be\/actualites\/?s={search_term_string}"},"query-input":{"@type":"PropertyValueSpecification","valueRequired":true,"valueName":"search_term_string"}}],"inLanguage":"fr-BE"},{"@type":"Organization","@id":"https:\/\/vieassociative.be\/actualites\/#organization","name":"Vie Associative","url":"https:\/\/vieassociative.be\/actualites\/","logo":{"@type":"ImageObject","inLanguage":"fr-BE","@id":"https:\/\/vieassociative.be\/actualites\/#\/schema\/logo\/image\/","url":"https:\/\/vieassociative.be\/actualites\/wp-content\/uploads\/2024\/09\/cropped-vieassociative_favicon.ico.png","contentUrl":"https:\/\/vieassociative.be\/actualites\/wp-content\/uploads\/2024\/09\/cropped-vieassociative_favicon.ico.png","width":512,"height":512,"caption":"Vie Associative"},"image":{"@id":"https:\/\/vieassociative.be\/actualites\/#\/schema\/logo\/image\/"}},{"@type":"Person","@id":"https:\/\/vieassociative.be\/actualites\/#\/schema\/person\/b87ac4f82f9d4e7b7cec7395b679edc4","name":"Julien","image":{"@type":"ImageObject","inLanguage":"fr-BE","@id":"https:\/\/vieassociative.be\/actualites\/#\/schema\/person\/image\/","url":"https:\/\/vieassociative.be\/actualites\/wp-content\/uploads\/2024\/09\/vie-associative-1-150x150.jpg","contentUrl":"https:\/\/vieassociative.be\/actualites\/wp-content\/uploads\/2024\/09\/vie-associative-1-150x150.jpg","caption":"Julien"},"description":"Je suis Julien, r\u00e9dacteur pour Vie Associative. Passionn\u00e9 par le monde associatif depuis plus de 10 ans, j'ai \u00e0 c\u0153ur de partager des histoires inspirantes et de mettre en lumi\u00e8re les initiatives locales. Mon objectif est de sensibiliser et d'encourager l'engagement communautaire \u00e0 travers mes articles.","sameAs":["https:\/\/vieassociative.be\/"]}]}},"_links":{"self":[{"href":"https:\/\/vieassociative.be\/actualites\/wp-json\/wp\/v2\/posts\/9900"}],"collection":[{"href":"https:\/\/vieassociative.be\/actualites\/wp-json\/wp\/v2\/posts"}],"about":[{"href":"https:\/\/vieassociative.be\/actualites\/wp-json\/wp\/v2\/types\/post"}],"author":[{"embeddable":true,"href":"https:\/\/vieassociative.be\/actualites\/wp-json\/wp\/v2\/users\/1"}],"replies":[{"embeddable":true,"href":"https:\/\/vieassociative.be\/actualites\/wp-json\/wp\/v2\/comments?post=9900"}],"version-history":[{"count":0,"href":"https:\/\/vieassociative.be\/actualites\/wp-json\/wp\/v2\/posts\/9900\/revisions"}],"wp:featuredmedia":[{"embeddable":true,"href":"https:\/\/vieassociative.be\/actualites\/wp-json\/wp\/v2\/media\/9901"}],"wp:attachment":[{"href":"https:\/\/vieassociative.be\/actualites\/wp-json\/wp\/v2\/media?parent=9900"}],"wp:term":[{"taxonomy":"category","embeddable":true,"href":"https:\/\/vieassociative.be\/actualites\/wp-json\/wp\/v2\/categories?post=9900"},{"taxonomy":"post_tag","embeddable":true,"href":"https:\/\/vieassociative.be\/actualites\/wp-json\/wp\/v2\/tags?post=9900"}],"curies":[{"name":"wp","href":"https:\/\/api.w.org\/{rel}","templated":true}]}}