{"id":9887,"date":"2025-09-07T22:16:56","date_gmt":"2025-09-07T20:16:56","guid":{"rendered":"https:\/\/vieassociative.be\/actualites\/plus-de-70-000-demonstrations-a-bruxelles-pour-la-palestine\/"},"modified":"2025-09-07T22:16:56","modified_gmt":"2025-09-07T20:16:56","slug":"plus-de-70-000-demonstrations-a-bruxelles-pour-la-palestine","status":"publish","type":"post","link":"https:\/\/vieassociative.be\/actualites\/plus-de-70-000-demonstrations-a-bruxelles-pour-la-palestine\/","title":{"rendered":"Plus de 70 000 d\u00e9monstrations \u00e0 Bruxelles pour la Palestine"},"content":{"rendered":"<p><strong>Selon la police, 70 000 manifestants ont particip\u00e9 au rassemblement pour soutenir la Palestine dimanche apr\u00e8s-midi \u00e0 Bruxelles. Les organisateurs, en revanche, ont parl\u00e9 de 110 000 personnes.<\/strong><\/p>\n<p><span id=\"more-424022\"><\/span>Une centaine d&rsquo;organisations et d&rsquo;ONG ont lanc\u00e9 l&rsquo;\u00e9v\u00e9nement. La marche a commenc\u00e9 par un rassemblement au Bruxelles Nordbahnhof, o\u00f9 plusieurs discours ont \u00e9t\u00e9 prononc\u00e9s. Les manifestants ont ensuite d\u00e9m\u00e9nag\u00e9 pour placer Jean Rey pr\u00e8s des institutions europ\u00e9ennes.<\/p>\n<p>Les participants \u00e0 la mars \u00e9taient v\u00eatus de rouge, beaucoup avaient \u00e9galement un carton rouge avec eux. Ce faisant, ils voulaient d\u00e9noncer la \u00abresponsabilit\u00e9\u00bb du gouvernement f\u00e9d\u00e9ral belge et de l&rsquo;Union europ\u00e9enne.<\/p>\n<div id=\"attachment_424028\" class=\"wp-caption alignleft\" style=\"max-width: 300px\"><img fetchpriority=\"high\" decoding=\"async\" class=\"wp-image-424028 size-medium\" src=\"https:\/\/vieassociative.be\/actualites\/wp-content\/uploads\/2025\/09\/Plus-de-70-000-demonstrations-a-Bruxelles-pour-la-Palestine.jpg\" alt=\"\" width=\"300\" height=\"200\"><\/div>\n<p>Malgr\u00e9 les mesures d\u00e9cid\u00e9es par le gouvernement belge il y a pr\u00e8s d&rsquo;une semaine, les manifestants Belgique et l&rsquo;UE doivent agir ensemble contre \u00ab\u00a0le plan isra\u00e9li-am\u00e9ricain au nettoyage ethnique de la bande de Gaza\u00a0\u00bb.<\/p>\n<p>Mardi soir, les cinq parties du gouvernement du Premier ministre Bart de Wever (N-VA) ont convenu de sanctions contre Isra\u00ebl et de la reconnaissance d&rsquo;un \u00c9tat palestinien devant l&rsquo;ONU, qui ne devrait cependant \u00eatre officiellement confirm\u00e9e que dans certaines conditions par un d\u00e9cret royal (voir l&rsquo;article ailleurs).<\/p>\n<p>\u00ab\u00a0Bien que le gouvernement f\u00e9d\u00e9ral belge ait finalement d\u00e9cid\u00e9 de prendre des mesures nationales contre Isra\u00ebl, ils sont encore loin de le faire que la Belgique\u00a0\u00bb, explique Gr\u00e9gory Mauz\u00e9, porte-parole de l&rsquo;Association belge-palestinienne (ABP).<\/p>\n<div id=\"attachment_424030\" class=\"wp-caption alignleft\" style=\"max-width: 300px\"><img decoding=\"async\" class=\"wp-image-424030 size-medium\" src=\"https:\/\/vieassociative.be\/actualites\/wp-content\/uploads\/2025\/09\/1757276216_9_Plus-de-70-000-demonstrations-a-Bruxelles-pour-la-Palestine.jpg\" alt=\"\" width=\"300\" height=\"200\"><\/div>\n<p>\u00ab\u00a0Ce sont de petites \u00e9tapes dans la bonne direction qui doivent \u00eatre mises en \u0153uvre le plus rapidement possible. Ils ne sont pas suffisants pour mettre fin \u00e0 la complicit\u00e9 de notre pays au g\u00e9nocide. De plus, la Belgique doit exiger que l&rsquo;Union europ\u00e9enne imposent des sanctions contre Isra\u00ebl\u00a0\u00bb, a soulign\u00e9 Mauz\u00e9.<\/p>\n<p>\u00ab\u00a0La pression des citoyens et de la soci\u00e9t\u00e9 civile a finalement conduit \u00e0 un changement dans la situation et a forc\u00e9 le gouvernement \u00e0 renoncer \u00e0 son attitude coupable et en attente, mais les mesures annonc\u00e9es sont encore loin d&rsquo;\u00eatre justifi\u00e9es par nos obligations en vertu du droit international\u00a0\u00bb, a soulign\u00e9 le porte-parole de l&rsquo;Association belge-palestinienne.<\/p>\n<p>L&rsquo;organisation palestinienne Beitna a ajout\u00e9: \u00ab\u00a0Apr\u00e8s pr\u00e8s de deux ans de g\u00e9nocide et 76 ans de ligne ill\u00e9gale &#8211; Up par la Palestine par Isra\u00ebl, la Belgique ne peut plus se cacher derri\u00e8re des promesses vides. Le droit international et le droit national exigent que la Belgique mette fin \u00e0 sa complication.<\/p>\n<p><em><strong>Sur le sujet, voir \u00e9galement l&rsquo;article suivant sur OD:<\/strong><\/em><\/p>\n<div class=\"responsive-embed widescreen\">\n<blockquote class=\"wp-embedded-content\" data-secret=\"OafCkbBx2V\">\n<p>Le gouvernement parvient \u00e0 l&rsquo;accord: Belgique pour la reconnaissance d&rsquo;un \u00c9tat palestinien (dans des conditions)<\/p>\n<\/blockquote>\n<p><iframe loading=\"lazy\" class=\"wp-embedded-content\" sandbox=\"allow-scripts\" security=\"restricted\" style=\"position: absolute; visibility: hidden;\" title=\"\u201eRegierung erzielt Einigung: Belgien f\u00fcr Anerkennung eines pal\u00e4stinensischen Staates (unter Bedingungen)\u201c \u2014 Ostbelgien Direkt\" src=\"https:\/\/ostbelgiendirekt.be\/about:blank\" data-secret=\"OafCkbBx2V\" width=\"500\" height=\"282\" frameborder=\"0\" marginwidth=\"0\" marginheight=\"0\" scrolling=\"no\" data-rocket-lazyload=\"fitvidscompatible\" data-lazy-src=\"https:\/\/ostbelgiendirekt.be\/belgische-regierung-zu-palaestina-423629\/embed#?secret=67MfX6v8Xg#?secret=OafCkbBx2V\"><\/iframe><noscript><iframe class=\"wp-embedded-content\" sandbox=\"allow-scripts\" security=\"restricted\" style=\"position: absolute; visibility: hidden;\" title=\"\u201eRegierung erzielt Einigung: Belgien f\u00fcr Anerkennung eines pal\u00e4stinensischen Staates (unter Bedingungen)\u201c \u2014 Ostbelgien Direkt\" src=\"https:\/\/ostbelgiendirekt.be\/belgische-regierung-zu-palaestina-423629\/embed#?secret=67MfX6v8Xg#?secret=OafCkbBx2V\" data-secret=\"OafCkbBx2V\" width=\"500\" height=\"282\" frameborder=\"0\" marginwidth=\"0\" marginheight=\"0\" scrolling=\"no\"><\/iframe><\/noscript><\/p>\n<\/div>\n","protected":false},"excerpt":{"rendered":"<p>Selon la police, 70 000 manifestants ont particip\u00e9 au rassemblement pour soutenir la Palestine dimanche apr\u00e8s-midi \u00e0 Bruxelles. Les organisateurs, en revanche, ont parl\u00e9 de<\/p>\n","protected":false},"author":1,"featured_media":9888,"comment_status":"","ping_status":"","sticky":false,"template":"","format":"standard","meta":{"footnotes":""},"categories":[298],"tags":[455,8450,7907,81],"class_list":["post-9887","post","type-post","status-publish","format-standard","has-post-thumbnail","hentry","category-belgique","tag-bruxelles","tag-demonstrations","tag-palestine","tag-pour","generate-columns","tablet-grid-50","mobile-grid-100","grid-parent","grid-33"],"yoast_head":"<!-- This site is optimized with the Yoast SEO plugin v24.0 - https:\/\/yoast.com\/wordpress\/plugins\/seo\/ -->\n<title>Plus de 70 000 d\u00e9monstrations \u00e0 Bruxelles pour la Palestine | Vie Associative<\/title>\n<meta name=\"robots\" content=\"index, follow, max-snippet:-1, max-image-preview:large, max-video-preview:-1\" \/>\n<link rel=\"canonical\" href=\"https:\/\/vieassociative.be\/actualites\/plus-de-70-000-demonstrations-a-bruxelles-pour-la-palestine\/\" \/>\n<meta property=\"og:locale\" content=\"fr_FR\" \/>\n<meta property=\"og:type\" content=\"article\" \/>\n<meta property=\"og:title\" content=\"Plus de 70 000 d\u00e9monstrations \u00e0 Bruxelles pour la Palestine | Vie Associative\" \/>\n<meta property=\"og:description\" content=\"Selon la police, 70 000 manifestants ont particip\u00e9 au rassemblement pour soutenir la Palestine dimanche apr\u00e8s-midi \u00e0 Bruxelles. Les organisateurs, en revanche, ont parl\u00e9 de\" \/>\n<meta property=\"og:url\" content=\"https:\/\/vieassociative.be\/actualites\/plus-de-70-000-demonstrations-a-bruxelles-pour-la-palestine\/\" \/>\n<meta property=\"og:site_name\" content=\"Vie Associative\" \/>\n<meta property=\"article:published_time\" content=\"2025-09-07T20:16:56+00:00\" \/>\n<meta property=\"og:image\" content=\"https:\/\/vieassociative.be\/actualites\/wp-content\/uploads\/2024\/09\/header_backgroundk-01-e1726694325946.png\" \/>\n\t<meta property=\"og:image:width\" content=\"279\" \/>\n\t<meta property=\"og:image:height\" content=\"92\" \/>\n\t<meta property=\"og:image:type\" content=\"image\/png\" \/>\n<meta name=\"author\" content=\"Julien\" \/>\n<meta name=\"twitter:card\" content=\"summary_large_image\" \/>\n<meta name=\"twitter:label1\" content=\"\u00c9crit par\" \/>\n\t<meta name=\"twitter:data1\" content=\"Julien\" \/>\n\t<meta name=\"twitter:label2\" content=\"Dur\u00e9e de lecture est.\" \/>\n\t<meta name=\"twitter:data2\" content=\"2 minutes\" \/>\n<script type=\"application\/ld+json\" class=\"yoast-schema-graph\">{\"@context\":\"https:\/\/schema.org\",\"@graph\":[{\"@type\":\"Article\",\"@id\":\"https:\/\/vieassociative.be\/actualites\/plus-de-70-000-demonstrations-a-bruxelles-pour-la-palestine\/#article\",\"isPartOf\":{\"@id\":\"https:\/\/vieassociative.be\/actualites\/plus-de-70-000-demonstrations-a-bruxelles-pour-la-palestine\/\"},\"author\":{\"name\":\"Julien\",\"@id\":\"https:\/\/vieassociative.be\/actualites\/#\/schema\/person\/b87ac4f82f9d4e7b7cec7395b679edc4\"},\"headline\":\"Plus de 70 000 d\u00e9monstrations \u00e0 Bruxelles pour la Palestine\",\"datePublished\":\"2025-09-07T20:16:56+00:00\",\"dateModified\":\"2025-09-07T20:16:56+00:00\",\"mainEntityOfPage\":{\"@id\":\"https:\/\/vieassociative.be\/actualites\/plus-de-70-000-demonstrations-a-bruxelles-pour-la-palestine\/\"},\"wordCount\":445,\"publisher\":{\"@id\":\"https:\/\/vieassociative.be\/actualites\/#organization\"},\"image\":{\"@id\":\"https:\/\/vieassociative.be\/actualites\/plus-de-70-000-demonstrations-a-bruxelles-pour-la-palestine\/#primaryimage\"},\"thumbnailUrl\":\"https:\/\/vieassociative.be\/actualites\/wp-content\/uploads\/2025\/09\/1757276217_Plus-de-70-000-demonstrations-a-Bruxelles-pour-la-Palestine.jpg\",\"keywords\":[\"Bruxelles\",\"d\u00e9monstrations\",\"Palestine\",\"pour\"],\"articleSection\":[\"Belgique\"],\"inLanguage\":\"fr-BE\"},{\"@type\":\"WebPage\",\"@id\":\"https:\/\/vieassociative.be\/actualites\/plus-de-70-000-demonstrations-a-bruxelles-pour-la-palestine\/\",\"url\":\"https:\/\/vieassociative.be\/actualites\/plus-de-70-000-demonstrations-a-bruxelles-pour-la-palestine\/\",\"name\":\"Plus de 70 000 d\u00e9monstrations \u00e0 Bruxelles pour la Palestine | Vie Associative\",\"isPartOf\":{\"@id\":\"https:\/\/vieassociative.be\/actualites\/#website\"},\"primaryImageOfPage\":{\"@id\":\"https:\/\/vieassociative.be\/actualites\/plus-de-70-000-demonstrations-a-bruxelles-pour-la-palestine\/#primaryimage\"},\"image\":{\"@id\":\"https:\/\/vieassociative.be\/actualites\/plus-de-70-000-demonstrations-a-bruxelles-pour-la-palestine\/#primaryimage\"},\"thumbnailUrl\":\"https:\/\/vieassociative.be\/actualites\/wp-content\/uploads\/2025\/09\/1757276217_Plus-de-70-000-demonstrations-a-Bruxelles-pour-la-Palestine.jpg\",\"datePublished\":\"2025-09-07T20:16:56+00:00\",\"dateModified\":\"2025-09-07T20:16:56+00:00\",\"breadcrumb\":{\"@id\":\"https:\/\/vieassociative.be\/actualites\/plus-de-70-000-demonstrations-a-bruxelles-pour-la-palestine\/#breadcrumb\"},\"inLanguage\":\"fr-BE\",\"potentialAction\":[{\"@type\":\"ReadAction\",\"target\":[\"https:\/\/vieassociative.be\/actualites\/plus-de-70-000-demonstrations-a-bruxelles-pour-la-palestine\/\"]}]},{\"@type\":\"ImageObject\",\"inLanguage\":\"fr-BE\",\"@id\":\"https:\/\/vieassociative.be\/actualites\/plus-de-70-000-demonstrations-a-bruxelles-pour-la-palestine\/#primaryimage\",\"url\":\"https:\/\/vieassociative.be\/actualites\/wp-content\/uploads\/2025\/09\/1757276217_Plus-de-70-000-demonstrations-a-Bruxelles-pour-la-Palestine.jpg\",\"contentUrl\":\"https:\/\/vieassociative.be\/actualites\/wp-content\/uploads\/2025\/09\/1757276217_Plus-de-70-000-demonstrations-a-Bruxelles-pour-la-Palestine.jpg\",\"width\":1200,\"height\":800,\"caption\":\"Plus de 70 000 d\u00e9monstrations \u00e0 Bruxelles pour la Palestine\"},{\"@type\":\"BreadcrumbList\",\"@id\":\"https:\/\/vieassociative.be\/actualites\/plus-de-70-000-demonstrations-a-bruxelles-pour-la-palestine\/#breadcrumb\",\"itemListElement\":[{\"@type\":\"ListItem\",\"position\":1,\"name\":\"Accueil\",\"item\":\"https:\/\/vieassociative.be\/actualites\/\"},{\"@type\":\"ListItem\",\"position\":2,\"name\":\"Plus de 70 000 d\u00e9monstrations \u00e0 Bruxelles pour la Palestine\"}]},{\"@type\":\"WebSite\",\"@id\":\"https:\/\/vieassociative.be\/actualites\/#website\",\"url\":\"https:\/\/vieassociative.be\/actualites\/\",\"name\":\"Vie Associative\",\"description\":\"\",\"publisher\":{\"@id\":\"https:\/\/vieassociative.be\/actualites\/#organization\"},\"potentialAction\":[{\"@type\":\"SearchAction\",\"target\":{\"@type\":\"EntryPoint\",\"urlTemplate\":\"https:\/\/vieassociative.be\/actualites\/?s={search_term_string}\"},\"query-input\":{\"@type\":\"PropertyValueSpecification\",\"valueRequired\":true,\"valueName\":\"search_term_string\"}}],\"inLanguage\":\"fr-BE\"},{\"@type\":\"Organization\",\"@id\":\"https:\/\/vieassociative.be\/actualites\/#organization\",\"name\":\"Vie Associative\",\"url\":\"https:\/\/vieassociative.be\/actualites\/\",\"logo\":{\"@type\":\"ImageObject\",\"inLanguage\":\"fr-BE\",\"@id\":\"https:\/\/vieassociative.be\/actualites\/#\/schema\/logo\/image\/\",\"url\":\"https:\/\/vieassociative.be\/actualites\/wp-content\/uploads\/2024\/09\/cropped-vieassociative_favicon.ico.png\",\"contentUrl\":\"https:\/\/vieassociative.be\/actualites\/wp-content\/uploads\/2024\/09\/cropped-vieassociative_favicon.ico.png\",\"width\":512,\"height\":512,\"caption\":\"Vie Associative\"},\"image\":{\"@id\":\"https:\/\/vieassociative.be\/actualites\/#\/schema\/logo\/image\/\"}},{\"@type\":\"Person\",\"@id\":\"https:\/\/vieassociative.be\/actualites\/#\/schema\/person\/b87ac4f82f9d4e7b7cec7395b679edc4\",\"name\":\"Julien\",\"image\":{\"@type\":\"ImageObject\",\"inLanguage\":\"fr-BE\",\"@id\":\"https:\/\/vieassociative.be\/actualites\/#\/schema\/person\/image\/\",\"url\":\"https:\/\/vieassociative.be\/actualites\/wp-content\/uploads\/2024\/09\/vie-associative-1-150x150.jpg\",\"contentUrl\":\"https:\/\/vieassociative.be\/actualites\/wp-content\/uploads\/2024\/09\/vie-associative-1-150x150.jpg\",\"caption\":\"Julien\"},\"description\":\"Je suis Julien, r\u00e9dacteur pour Vie Associative. Passionn\u00e9 par le monde associatif depuis plus de 10 ans, j'ai \u00e0 c\u0153ur de partager des histoires inspirantes et de mettre en lumi\u00e8re les initiatives locales. Mon objectif est de sensibiliser et d'encourager l'engagement communautaire \u00e0 travers mes articles.\",\"sameAs\":[\"https:\/\/vieassociative.be\/\"]}]}<\/script>\n<!-- \/ Yoast SEO plugin. -->","yoast_head_json":{"title":"Plus de 70 000 d\u00e9monstrations \u00e0 Bruxelles pour la Palestine | Vie Associative","robots":{"index":"index","follow":"follow","max-snippet":"max-snippet:-1","max-image-preview":"max-image-preview:large","max-video-preview":"max-video-preview:-1"},"canonical":"https:\/\/vieassociative.be\/actualites\/plus-de-70-000-demonstrations-a-bruxelles-pour-la-palestine\/","og_locale":"fr_FR","og_type":"article","og_title":"Plus de 70 000 d\u00e9monstrations \u00e0 Bruxelles pour la Palestine | Vie Associative","og_description":"Selon la police, 70 000 manifestants ont particip\u00e9 au rassemblement pour soutenir la Palestine dimanche apr\u00e8s-midi \u00e0 Bruxelles. Les organisateurs, en revanche, ont parl\u00e9 de","og_url":"https:\/\/vieassociative.be\/actualites\/plus-de-70-000-demonstrations-a-bruxelles-pour-la-palestine\/","og_site_name":"Vie Associative","article_published_time":"2025-09-07T20:16:56+00:00","og_image":[{"width":279,"height":92,"url":"https:\/\/vieassociative.be\/actualites\/wp-content\/uploads\/2024\/09\/header_backgroundk-01-e1726694325946.png","type":"image\/png"}],"author":"Julien","twitter_card":"summary_large_image","twitter_misc":{"\u00c9crit par":"Julien","Dur\u00e9e de lecture est.":"2 minutes"},"schema":{"@context":"https:\/\/schema.org","@graph":[{"@type":"Article","@id":"https:\/\/vieassociative.be\/actualites\/plus-de-70-000-demonstrations-a-bruxelles-pour-la-palestine\/#article","isPartOf":{"@id":"https:\/\/vieassociative.be\/actualites\/plus-de-70-000-demonstrations-a-bruxelles-pour-la-palestine\/"},"author":{"name":"Julien","@id":"https:\/\/vieassociative.be\/actualites\/#\/schema\/person\/b87ac4f82f9d4e7b7cec7395b679edc4"},"headline":"Plus de 70 000 d\u00e9monstrations \u00e0 Bruxelles pour la Palestine","datePublished":"2025-09-07T20:16:56+00:00","dateModified":"2025-09-07T20:16:56+00:00","mainEntityOfPage":{"@id":"https:\/\/vieassociative.be\/actualites\/plus-de-70-000-demonstrations-a-bruxelles-pour-la-palestine\/"},"wordCount":445,"publisher":{"@id":"https:\/\/vieassociative.be\/actualites\/#organization"},"image":{"@id":"https:\/\/vieassociative.be\/actualites\/plus-de-70-000-demonstrations-a-bruxelles-pour-la-palestine\/#primaryimage"},"thumbnailUrl":"https:\/\/vieassociative.be\/actualites\/wp-content\/uploads\/2025\/09\/1757276217_Plus-de-70-000-demonstrations-a-Bruxelles-pour-la-Palestine.jpg","keywords":["Bruxelles","d\u00e9monstrations","Palestine","pour"],"articleSection":["Belgique"],"inLanguage":"fr-BE"},{"@type":"WebPage","@id":"https:\/\/vieassociative.be\/actualites\/plus-de-70-000-demonstrations-a-bruxelles-pour-la-palestine\/","url":"https:\/\/vieassociative.be\/actualites\/plus-de-70-000-demonstrations-a-bruxelles-pour-la-palestine\/","name":"Plus de 70 000 d\u00e9monstrations \u00e0 Bruxelles pour la Palestine | Vie Associative","isPartOf":{"@id":"https:\/\/vieassociative.be\/actualites\/#website"},"primaryImageOfPage":{"@id":"https:\/\/vieassociative.be\/actualites\/plus-de-70-000-demonstrations-a-bruxelles-pour-la-palestine\/#primaryimage"},"image":{"@id":"https:\/\/vieassociative.be\/actualites\/plus-de-70-000-demonstrations-a-bruxelles-pour-la-palestine\/#primaryimage"},"thumbnailUrl":"https:\/\/vieassociative.be\/actualites\/wp-content\/uploads\/2025\/09\/1757276217_Plus-de-70-000-demonstrations-a-Bruxelles-pour-la-Palestine.jpg","datePublished":"2025-09-07T20:16:56+00:00","dateModified":"2025-09-07T20:16:56+00:00","breadcrumb":{"@id":"https:\/\/vieassociative.be\/actualites\/plus-de-70-000-demonstrations-a-bruxelles-pour-la-palestine\/#breadcrumb"},"inLanguage":"fr-BE","potentialAction":[{"@type":"ReadAction","target":["https:\/\/vieassociative.be\/actualites\/plus-de-70-000-demonstrations-a-bruxelles-pour-la-palestine\/"]}]},{"@type":"ImageObject","inLanguage":"fr-BE","@id":"https:\/\/vieassociative.be\/actualites\/plus-de-70-000-demonstrations-a-bruxelles-pour-la-palestine\/#primaryimage","url":"https:\/\/vieassociative.be\/actualites\/wp-content\/uploads\/2025\/09\/1757276217_Plus-de-70-000-demonstrations-a-Bruxelles-pour-la-Palestine.jpg","contentUrl":"https:\/\/vieassociative.be\/actualites\/wp-content\/uploads\/2025\/09\/1757276217_Plus-de-70-000-demonstrations-a-Bruxelles-pour-la-Palestine.jpg","width":1200,"height":800,"caption":"Plus de 70 000 d\u00e9monstrations \u00e0 Bruxelles pour la Palestine"},{"@type":"BreadcrumbList","@id":"https:\/\/vieassociative.be\/actualites\/plus-de-70-000-demonstrations-a-bruxelles-pour-la-palestine\/#breadcrumb","itemListElement":[{"@type":"ListItem","position":1,"name":"Accueil","item":"https:\/\/vieassociative.be\/actualites\/"},{"@type":"ListItem","position":2,"name":"Plus de 70 000 d\u00e9monstrations \u00e0 Bruxelles pour la Palestine"}]},{"@type":"WebSite","@id":"https:\/\/vieassociative.be\/actualites\/#website","url":"https:\/\/vieassociative.be\/actualites\/","name":"Vie Associative","description":"","publisher":{"@id":"https:\/\/vieassociative.be\/actualites\/#organization"},"potentialAction":[{"@type":"SearchAction","target":{"@type":"EntryPoint","urlTemplate":"https:\/\/vieassociative.be\/actualites\/?s={search_term_string}"},"query-input":{"@type":"PropertyValueSpecification","valueRequired":true,"valueName":"search_term_string"}}],"inLanguage":"fr-BE"},{"@type":"Organization","@id":"https:\/\/vieassociative.be\/actualites\/#organization","name":"Vie Associative","url":"https:\/\/vieassociative.be\/actualites\/","logo":{"@type":"ImageObject","inLanguage":"fr-BE","@id":"https:\/\/vieassociative.be\/actualites\/#\/schema\/logo\/image\/","url":"https:\/\/vieassociative.be\/actualites\/wp-content\/uploads\/2024\/09\/cropped-vieassociative_favicon.ico.png","contentUrl":"https:\/\/vieassociative.be\/actualites\/wp-content\/uploads\/2024\/09\/cropped-vieassociative_favicon.ico.png","width":512,"height":512,"caption":"Vie Associative"},"image":{"@id":"https:\/\/vieassociative.be\/actualites\/#\/schema\/logo\/image\/"}},{"@type":"Person","@id":"https:\/\/vieassociative.be\/actualites\/#\/schema\/person\/b87ac4f82f9d4e7b7cec7395b679edc4","name":"Julien","image":{"@type":"ImageObject","inLanguage":"fr-BE","@id":"https:\/\/vieassociative.be\/actualites\/#\/schema\/person\/image\/","url":"https:\/\/vieassociative.be\/actualites\/wp-content\/uploads\/2024\/09\/vie-associative-1-150x150.jpg","contentUrl":"https:\/\/vieassociative.be\/actualites\/wp-content\/uploads\/2024\/09\/vie-associative-1-150x150.jpg","caption":"Julien"},"description":"Je suis Julien, r\u00e9dacteur pour Vie Associative. Passionn\u00e9 par le monde associatif depuis plus de 10 ans, j'ai \u00e0 c\u0153ur de partager des histoires inspirantes et de mettre en lumi\u00e8re les initiatives locales. Mon objectif est de sensibiliser et d'encourager l'engagement communautaire \u00e0 travers mes articles.","sameAs":["https:\/\/vieassociative.be\/"]}]}},"_links":{"self":[{"href":"https:\/\/vieassociative.be\/actualites\/wp-json\/wp\/v2\/posts\/9887"}],"collection":[{"href":"https:\/\/vieassociative.be\/actualites\/wp-json\/wp\/v2\/posts"}],"about":[{"href":"https:\/\/vieassociative.be\/actualites\/wp-json\/wp\/v2\/types\/post"}],"author":[{"embeddable":true,"href":"https:\/\/vieassociative.be\/actualites\/wp-json\/wp\/v2\/users\/1"}],"replies":[{"embeddable":true,"href":"https:\/\/vieassociative.be\/actualites\/wp-json\/wp\/v2\/comments?post=9887"}],"version-history":[{"count":0,"href":"https:\/\/vieassociative.be\/actualites\/wp-json\/wp\/v2\/posts\/9887\/revisions"}],"wp:featuredmedia":[{"embeddable":true,"href":"https:\/\/vieassociative.be\/actualites\/wp-json\/wp\/v2\/media\/9888"}],"wp:attachment":[{"href":"https:\/\/vieassociative.be\/actualites\/wp-json\/wp\/v2\/media?parent=9887"}],"wp:term":[{"taxonomy":"category","embeddable":true,"href":"https:\/\/vieassociative.be\/actualites\/wp-json\/wp\/v2\/categories?post=9887"},{"taxonomy":"post_tag","embeddable":true,"href":"https:\/\/vieassociative.be\/actualites\/wp-json\/wp\/v2\/tags?post=9887"}],"curies":[{"name":"wp","href":"https:\/\/api.w.org\/{rel}","templated":true}]}}