{"id":9881,"date":"2025-09-07T16:18:55","date_gmt":"2025-09-07T14:18:55","guid":{"rendered":"https:\/\/vieassociative.be\/actualites\/le-pape-leo-xiv-parle-sacre-au-influenceur-de-dieu-italien-carlo-acutis-est-le-premier-saint-internet\/"},"modified":"2025-09-07T16:18:55","modified_gmt":"2025-09-07T14:18:55","slug":"le-pape-leo-xiv-parle-sacre-au-influenceur-de-dieu-italien-carlo-acutis-est-le-premier-saint-internet","status":"publish","type":"post","link":"https:\/\/vieassociative.be\/actualites\/le-pape-leo-xiv-parle-sacre-au-influenceur-de-dieu-italien-carlo-acutis-est-le-premier-saint-internet\/","title":{"rendered":"Le pape Leo XIV parle sacr\u00e9 au \u00ab\u00a0influenceur de Dieu\u00a0\u00bb -Italien Carlo Acutis est le premier saint Internet"},"content":{"rendered":"<p><strong>L&rsquo;adolescente italienne Carlo Acutis est d\u00e9c\u00e9d\u00e9e d&rsquo;un cancer en 2006. Leo XIV est maintenant soumis \u00e0 un grand applaudissement. Mais il y a aussi une critique de l&rsquo;\u00e9glise.<\/strong><\/p>\n<p><span id=\"more-424009\"><\/span>L&rsquo;\u00c9glise catholique a un saint de ce mill\u00e9naire pour la premi\u00e8re fois: le pape Leo XVI a parl\u00e9 dans une grande messe devant plus de 80 000 personnes sur la place Saint-Pierre. L&rsquo;adolescente italienne Carlo Acutis Heilig, d\u00e9c\u00e9d\u00e9e d&rsquo;une leuc\u00e9mie \u00e0 l&rsquo;\u00e2ge de 15 ans seulement \u00e0 l&rsquo;\u00e2ge de 15 ans.<\/p>\n<p>Leo l&rsquo;a f\u00e9licit\u00e9 comme un excellent exemple d&rsquo;un jeune chr\u00e9tien qui a mis sa vie au service de Dieu. Le Vatican d\u00e9crit le nouveau saint comme \u00abl&rsquo;influenceur de Dieu\u00bb parce qu&rsquo;il a \u00e9galement fait campagne pour sa foi sur Internet.<\/p>\n<div id=\"attachment_424016\" class=\"wp-caption alignleft\" style=\"max-width: 300px\"><img fetchpriority=\"high\" decoding=\"async\" class=\"wp-image-424016 size-medium\" src=\"https:\/\/vieassociative.be\/actualites\/wp-content\/uploads\/2025\/09\/Le-pape-Leo-XIV-parle-sacre-au-influenceur-de-Dieu.jpg\" alt=\"\" width=\"300\" height=\"200\"><\/div>\n<p>Avec Acutis, un autre italien a \u00e9t\u00e9 \u00e9lev\u00e9 au Saint au service ext\u00e9rieur, d\u00e9c\u00e9d\u00e9 \u00e0 un jeune \u00e2ge: Pier Giorgio Frassati (1901-1925). L&rsquo;\u00c9glise catholique, avec ses 1,4 milliard de croyants dans le monde, esp\u00e8re redevenir plus attrayante avec les \u00ab\u00a0jeunes saints\u00a0\u00bb. Leo a parl\u00e9 d&rsquo;une \u00ab\u00a0invitation \u00e0 nous tous &#8211; en particulier les jeunes &#8211; pas pour gaspiller nos vies, mais pour le faire monter et en faire un chef-d&rsquo;\u0153uvre\u00a0\u00bb.<\/p>\n<p>Pour le nouveau pape des \u00c9tats-Unis, il s&rsquo;agissait des premi\u00e8res annulations depuis qu&rsquo;il a \u00e9t\u00e9 \u00e9lu successeur du pape argentin il y a quatre mois. Ensuite, des reliques des deux ont \u00e9t\u00e9 amen\u00e9es \u00e0 l&rsquo;autel. Deux photos de la survie d&rsquo;entre elles \u00e9taient suspendues \u00e0 la basilique Saint-Pierre. Les parents d&rsquo;Acutis et ses deux fr\u00e8res et s\u0153urs faisaient \u00e9galement partie du service. Il n&rsquo;y avait qu&rsquo;une telle canony avec sa famille une fois. Selon le Vatican, un total de plus de 80 000 personnes ont particip\u00e9.<\/p>\n<p>L&rsquo;adolescent est d\u00e9c\u00e9d\u00e9 quelques jours apr\u00e8s le d\u00e9clenchement de sa maladie. Du point de vue de l&rsquo;\u00c9glise catholique, il avait v\u00e9cu une vie exemplaire jusque-l\u00e0. De plus, apr\u00e8s sa mort, il aurait effectu\u00e9 deux \u00ab\u00a0gu\u00e9rison miracle\u00a0\u00bb \u00e0 Florence et au Br\u00e9sil. Acutis est \u00e9galement appel\u00e9 \u00ab\u00a0cyber-ap\u00f4tre\u00a0\u00bb par le Vatican. Cependant, il y a des critiques. Certains doutent que le jeune italien de la famille riche \u00e9tait en fait tellement cru.<\/p>\n<div id=\"attachment_424017\" class=\"wp-caption alignleft\" style=\"max-width: 300px\"><img decoding=\"async\" class=\"wp-image-424017 size-medium\" src=\"https:\/\/vieassociative.be\/actualites\/wp-content\/uploads\/2025\/09\/1757254735_134_Le-pape-Leo-XIV-parle-sacre-au-influenceur-de-Dieu.jpg\" alt=\"\" width=\"300\" height=\"200\"><\/div>\n<p>En attendant, un vrai culte personnel s&rsquo;est d\u00e9velopp\u00e9 autour de \u00abSanto Carlo\u00bb. Son corps peut \u00eatre vu dans une \u00e9glise de la petite ville italienne d&rsquo;Assise dans un cercueil avec une vitre, en jean et des baskets. L&rsquo;ann\u00e9e derni\u00e8re, plus d&rsquo;un million de personnes sont arriv\u00e9es. Dans les boutiques de souvenirs de la ville natale de Saint Franz d&rsquo;Assise, non seulement des souvenirs sont vendus au fondateur de l&rsquo;Ordre franciscain, mais aussi \u00e0 l&rsquo;adolescent. Des reliques de lui \u00e9taient d\u00e9j\u00e0 expos\u00e9es en Allemagne.<\/p>\n<p>\u00c0 la foire, on pouvait voir des croyants qui portaient des t-shirts avec Acutis comme Superman. Avec l&rsquo;adolescent, Pier Giorgio Frassati a \u00e9t\u00e9 canonis\u00e9, qui aurait fait campagne pour des personnes pauvres et exclues il y a cent ans. Les deux projets reviennent toujours au pr\u00e9d\u00e9cesseur de Leo Francis. Au total, l&rsquo;\u00c9glise catholique compte plus de 10 000 saints, en commen\u00e7ant par la Sainte M\u00e8re Maria et presque tous les ap\u00f4tres.<\/p>\n<p>B\u00e9ni et les canonisations se d\u00e9roulent apr\u00e8s un processus compliqu\u00e9 \u00e0 plusieurs \u00e9tapes. En r\u00e8gle g\u00e9n\u00e9rale, il est n\u00e9cessaire qu&rsquo;un saint miracle puisse \u00eatre attribu\u00e9. Pour cela, la vie des candidats est examin\u00e9e exactement. Cela a commenc\u00e9 une fois 50 ans apr\u00e8s la mort. Parfois, des si\u00e8cles passaient jusqu&rsquo;au canon. Chez Acutis, cela n&rsquo;a m\u00eame pas pris 20 ans. (DPA)<\/p>\n","protected":false},"excerpt":{"rendered":"<p>L&rsquo;adolescente italienne Carlo Acutis est d\u00e9c\u00e9d\u00e9e d&rsquo;un cancer en 2006. Leo XIV est maintenant soumis \u00e0 un grand applaudissement. Mais il y a aussi une<\/p>\n","protected":false},"author":1,"featured_media":9882,"comment_status":"","ping_status":"","sticky":false,"template":"","format":"standard","meta":{"footnotes":""},"categories":[298],"tags":[8448,8447,7304,76,8446,4066,6816,6902,4201,3127,443,8445,4018,6903],"class_list":["post-9881","post","type-post","status-publish","format-standard","has-post-thumbnail","hentry","category-belgique","tag-acutis","tag-carlo","tag-dieu","tag-est","tag-influenceur","tag-internet","tag-italien","tag-leo","tag-pape","tag-parle","tag-premier","tag-sacre","tag-saint","tag-xiv","generate-columns","tablet-grid-50","mobile-grid-100","grid-parent","grid-33"],"yoast_head":"<!-- This site is optimized with the Yoast SEO plugin v24.0 - https:\/\/yoast.com\/wordpress\/plugins\/seo\/ -->\n<title>Le pape Leo XIV parle sacr\u00e9 au &quot;influenceur de Dieu&quot; -Italien Carlo Acutis est le premier saint Internet | Vie Associative<\/title>\n<meta name=\"robots\" content=\"index, follow, max-snippet:-1, max-image-preview:large, max-video-preview:-1\" \/>\n<link rel=\"canonical\" href=\"https:\/\/vieassociative.be\/actualites\/le-pape-leo-xiv-parle-sacre-au-influenceur-de-dieu-italien-carlo-acutis-est-le-premier-saint-internet\/\" \/>\n<meta property=\"og:locale\" content=\"fr_FR\" \/>\n<meta property=\"og:type\" content=\"article\" \/>\n<meta property=\"og:title\" content=\"Le pape Leo XIV parle sacr\u00e9 au &quot;influenceur de Dieu&quot; -Italien Carlo Acutis est le premier saint Internet | Vie Associative\" \/>\n<meta property=\"og:description\" content=\"L&rsquo;adolescente italienne Carlo Acutis est d\u00e9c\u00e9d\u00e9e d&rsquo;un cancer en 2006. Leo XIV est maintenant soumis \u00e0 un grand applaudissement. Mais il y a aussi une\" \/>\n<meta property=\"og:url\" content=\"https:\/\/vieassociative.be\/actualites\/le-pape-leo-xiv-parle-sacre-au-influenceur-de-dieu-italien-carlo-acutis-est-le-premier-saint-internet\/\" \/>\n<meta property=\"og:site_name\" content=\"Vie Associative\" \/>\n<meta property=\"article:published_time\" content=\"2025-09-07T14:18:55+00:00\" \/>\n<meta property=\"og:image\" content=\"https:\/\/vieassociative.be\/actualites\/wp-content\/uploads\/2024\/09\/header_backgroundk-01-e1726694325946.png\" \/>\n\t<meta property=\"og:image:width\" content=\"279\" \/>\n\t<meta property=\"og:image:height\" content=\"92\" \/>\n\t<meta property=\"og:image:type\" content=\"image\/png\" \/>\n<meta name=\"author\" content=\"Julien\" \/>\n<meta name=\"twitter:card\" content=\"summary_large_image\" \/>\n<meta name=\"twitter:label1\" content=\"\u00c9crit par\" \/>\n\t<meta name=\"twitter:data1\" content=\"Julien\" \/>\n\t<meta name=\"twitter:label2\" content=\"Dur\u00e9e de lecture est.\" \/>\n\t<meta name=\"twitter:data2\" content=\"3 minutes\" \/>\n<script type=\"application\/ld+json\" class=\"yoast-schema-graph\">{\"@context\":\"https:\/\/schema.org\",\"@graph\":[{\"@type\":\"Article\",\"@id\":\"https:\/\/vieassociative.be\/actualites\/le-pape-leo-xiv-parle-sacre-au-influenceur-de-dieu-italien-carlo-acutis-est-le-premier-saint-internet\/#article\",\"isPartOf\":{\"@id\":\"https:\/\/vieassociative.be\/actualites\/le-pape-leo-xiv-parle-sacre-au-influenceur-de-dieu-italien-carlo-acutis-est-le-premier-saint-internet\/\"},\"author\":{\"name\":\"Julien\",\"@id\":\"https:\/\/vieassociative.be\/actualites\/#\/schema\/person\/b87ac4f82f9d4e7b7cec7395b679edc4\"},\"headline\":\"Le pape Leo XIV parle sacr\u00e9 au \u00ab\u00a0influenceur de Dieu\u00a0\u00bb -Italien Carlo Acutis est le premier saint Internet\",\"datePublished\":\"2025-09-07T14:18:55+00:00\",\"dateModified\":\"2025-09-07T14:18:55+00:00\",\"mainEntityOfPage\":{\"@id\":\"https:\/\/vieassociative.be\/actualites\/le-pape-leo-xiv-parle-sacre-au-influenceur-de-dieu-italien-carlo-acutis-est-le-premier-saint-internet\/\"},\"wordCount\":641,\"publisher\":{\"@id\":\"https:\/\/vieassociative.be\/actualites\/#organization\"},\"image\":{\"@id\":\"https:\/\/vieassociative.be\/actualites\/le-pape-leo-xiv-parle-sacre-au-influenceur-de-dieu-italien-carlo-acutis-est-le-premier-saint-internet\/#primaryimage\"},\"thumbnailUrl\":\"https:\/\/vieassociative.be\/actualites\/wp-content\/uploads\/2025\/09\/1757254736_Le-pape-Leo-XIV-parle-sacre-au-influenceur-de-Dieu.jpg\",\"keywords\":[\"Acutis\",\"Carlo\",\"Dieu\",\"est\",\"influenceur\",\"Internet\",\"italien\",\"Leo\",\"pape\",\"parle\",\"premier\",\"sacr\u00e9\",\"Saint\",\"XIV\"],\"articleSection\":[\"Belgique\"],\"inLanguage\":\"fr-BE\"},{\"@type\":\"WebPage\",\"@id\":\"https:\/\/vieassociative.be\/actualites\/le-pape-leo-xiv-parle-sacre-au-influenceur-de-dieu-italien-carlo-acutis-est-le-premier-saint-internet\/\",\"url\":\"https:\/\/vieassociative.be\/actualites\/le-pape-leo-xiv-parle-sacre-au-influenceur-de-dieu-italien-carlo-acutis-est-le-premier-saint-internet\/\",\"name\":\"Le pape Leo XIV parle sacr\u00e9 au \\\"influenceur de Dieu\\\" -Italien Carlo Acutis est le premier saint Internet | Vie Associative\",\"isPartOf\":{\"@id\":\"https:\/\/vieassociative.be\/actualites\/#website\"},\"primaryImageOfPage\":{\"@id\":\"https:\/\/vieassociative.be\/actualites\/le-pape-leo-xiv-parle-sacre-au-influenceur-de-dieu-italien-carlo-acutis-est-le-premier-saint-internet\/#primaryimage\"},\"image\":{\"@id\":\"https:\/\/vieassociative.be\/actualites\/le-pape-leo-xiv-parle-sacre-au-influenceur-de-dieu-italien-carlo-acutis-est-le-premier-saint-internet\/#primaryimage\"},\"thumbnailUrl\":\"https:\/\/vieassociative.be\/actualites\/wp-content\/uploads\/2025\/09\/1757254736_Le-pape-Leo-XIV-parle-sacre-au-influenceur-de-Dieu.jpg\",\"datePublished\":\"2025-09-07T14:18:55+00:00\",\"dateModified\":\"2025-09-07T14:18:55+00:00\",\"breadcrumb\":{\"@id\":\"https:\/\/vieassociative.be\/actualites\/le-pape-leo-xiv-parle-sacre-au-influenceur-de-dieu-italien-carlo-acutis-est-le-premier-saint-internet\/#breadcrumb\"},\"inLanguage\":\"fr-BE\",\"potentialAction\":[{\"@type\":\"ReadAction\",\"target\":[\"https:\/\/vieassociative.be\/actualites\/le-pape-leo-xiv-parle-sacre-au-influenceur-de-dieu-italien-carlo-acutis-est-le-premier-saint-internet\/\"]}]},{\"@type\":\"ImageObject\",\"inLanguage\":\"fr-BE\",\"@id\":\"https:\/\/vieassociative.be\/actualites\/le-pape-leo-xiv-parle-sacre-au-influenceur-de-dieu-italien-carlo-acutis-est-le-premier-saint-internet\/#primaryimage\",\"url\":\"https:\/\/vieassociative.be\/actualites\/wp-content\/uploads\/2025\/09\/1757254736_Le-pape-Leo-XIV-parle-sacre-au-influenceur-de-Dieu.jpg\",\"contentUrl\":\"https:\/\/vieassociative.be\/actualites\/wp-content\/uploads\/2025\/09\/1757254736_Le-pape-Leo-XIV-parle-sacre-au-influenceur-de-Dieu.jpg\",\"width\":1200,\"height\":800,\"caption\":\"Le pape Leo XIV parle sacr\u00e9 au \\\"influenceur de Dieu\\\" -Italien Carlo Acutis est le premier saint Internet\"},{\"@type\":\"BreadcrumbList\",\"@id\":\"https:\/\/vieassociative.be\/actualites\/le-pape-leo-xiv-parle-sacre-au-influenceur-de-dieu-italien-carlo-acutis-est-le-premier-saint-internet\/#breadcrumb\",\"itemListElement\":[{\"@type\":\"ListItem\",\"position\":1,\"name\":\"Accueil\",\"item\":\"https:\/\/vieassociative.be\/actualites\/\"},{\"@type\":\"ListItem\",\"position\":2,\"name\":\"Le pape Leo XIV parle sacr\u00e9 au \u00ab\u00a0influenceur de Dieu\u00a0\u00bb -Italien Carlo Acutis est le premier saint Internet\"}]},{\"@type\":\"WebSite\",\"@id\":\"https:\/\/vieassociative.be\/actualites\/#website\",\"url\":\"https:\/\/vieassociative.be\/actualites\/\",\"name\":\"Vie Associative\",\"description\":\"\",\"publisher\":{\"@id\":\"https:\/\/vieassociative.be\/actualites\/#organization\"},\"potentialAction\":[{\"@type\":\"SearchAction\",\"target\":{\"@type\":\"EntryPoint\",\"urlTemplate\":\"https:\/\/vieassociative.be\/actualites\/?s={search_term_string}\"},\"query-input\":{\"@type\":\"PropertyValueSpecification\",\"valueRequired\":true,\"valueName\":\"search_term_string\"}}],\"inLanguage\":\"fr-BE\"},{\"@type\":\"Organization\",\"@id\":\"https:\/\/vieassociative.be\/actualites\/#organization\",\"name\":\"Vie Associative\",\"url\":\"https:\/\/vieassociative.be\/actualites\/\",\"logo\":{\"@type\":\"ImageObject\",\"inLanguage\":\"fr-BE\",\"@id\":\"https:\/\/vieassociative.be\/actualites\/#\/schema\/logo\/image\/\",\"url\":\"https:\/\/vieassociative.be\/actualites\/wp-content\/uploads\/2024\/09\/cropped-vieassociative_favicon.ico.png\",\"contentUrl\":\"https:\/\/vieassociative.be\/actualites\/wp-content\/uploads\/2024\/09\/cropped-vieassociative_favicon.ico.png\",\"width\":512,\"height\":512,\"caption\":\"Vie Associative\"},\"image\":{\"@id\":\"https:\/\/vieassociative.be\/actualites\/#\/schema\/logo\/image\/\"}},{\"@type\":\"Person\",\"@id\":\"https:\/\/vieassociative.be\/actualites\/#\/schema\/person\/b87ac4f82f9d4e7b7cec7395b679edc4\",\"name\":\"Julien\",\"image\":{\"@type\":\"ImageObject\",\"inLanguage\":\"fr-BE\",\"@id\":\"https:\/\/vieassociative.be\/actualites\/#\/schema\/person\/image\/\",\"url\":\"https:\/\/vieassociative.be\/actualites\/wp-content\/uploads\/2024\/09\/vie-associative-1-150x150.jpg\",\"contentUrl\":\"https:\/\/vieassociative.be\/actualites\/wp-content\/uploads\/2024\/09\/vie-associative-1-150x150.jpg\",\"caption\":\"Julien\"},\"description\":\"Je suis Julien, r\u00e9dacteur pour Vie Associative. Passionn\u00e9 par le monde associatif depuis plus de 10 ans, j'ai \u00e0 c\u0153ur de partager des histoires inspirantes et de mettre en lumi\u00e8re les initiatives locales. Mon objectif est de sensibiliser et d'encourager l'engagement communautaire \u00e0 travers mes articles.\",\"sameAs\":[\"https:\/\/vieassociative.be\/\"]}]}<\/script>\n<!-- \/ Yoast SEO plugin. -->","yoast_head_json":{"title":"Le pape Leo XIV parle sacr\u00e9 au \"influenceur de Dieu\" -Italien Carlo Acutis est le premier saint Internet | Vie Associative","robots":{"index":"index","follow":"follow","max-snippet":"max-snippet:-1","max-image-preview":"max-image-preview:large","max-video-preview":"max-video-preview:-1"},"canonical":"https:\/\/vieassociative.be\/actualites\/le-pape-leo-xiv-parle-sacre-au-influenceur-de-dieu-italien-carlo-acutis-est-le-premier-saint-internet\/","og_locale":"fr_FR","og_type":"article","og_title":"Le pape Leo XIV parle sacr\u00e9 au \"influenceur de Dieu\" -Italien Carlo Acutis est le premier saint Internet | Vie Associative","og_description":"L&rsquo;adolescente italienne Carlo Acutis est d\u00e9c\u00e9d\u00e9e d&rsquo;un cancer en 2006. Leo XIV est maintenant soumis \u00e0 un grand applaudissement. Mais il y a aussi une","og_url":"https:\/\/vieassociative.be\/actualites\/le-pape-leo-xiv-parle-sacre-au-influenceur-de-dieu-italien-carlo-acutis-est-le-premier-saint-internet\/","og_site_name":"Vie Associative","article_published_time":"2025-09-07T14:18:55+00:00","og_image":[{"width":279,"height":92,"url":"https:\/\/vieassociative.be\/actualites\/wp-content\/uploads\/2024\/09\/header_backgroundk-01-e1726694325946.png","type":"image\/png"}],"author":"Julien","twitter_card":"summary_large_image","twitter_misc":{"\u00c9crit par":"Julien","Dur\u00e9e de lecture est.":"3 minutes"},"schema":{"@context":"https:\/\/schema.org","@graph":[{"@type":"Article","@id":"https:\/\/vieassociative.be\/actualites\/le-pape-leo-xiv-parle-sacre-au-influenceur-de-dieu-italien-carlo-acutis-est-le-premier-saint-internet\/#article","isPartOf":{"@id":"https:\/\/vieassociative.be\/actualites\/le-pape-leo-xiv-parle-sacre-au-influenceur-de-dieu-italien-carlo-acutis-est-le-premier-saint-internet\/"},"author":{"name":"Julien","@id":"https:\/\/vieassociative.be\/actualites\/#\/schema\/person\/b87ac4f82f9d4e7b7cec7395b679edc4"},"headline":"Le pape Leo XIV parle sacr\u00e9 au \u00ab\u00a0influenceur de Dieu\u00a0\u00bb -Italien Carlo Acutis est le premier saint Internet","datePublished":"2025-09-07T14:18:55+00:00","dateModified":"2025-09-07T14:18:55+00:00","mainEntityOfPage":{"@id":"https:\/\/vieassociative.be\/actualites\/le-pape-leo-xiv-parle-sacre-au-influenceur-de-dieu-italien-carlo-acutis-est-le-premier-saint-internet\/"},"wordCount":641,"publisher":{"@id":"https:\/\/vieassociative.be\/actualites\/#organization"},"image":{"@id":"https:\/\/vieassociative.be\/actualites\/le-pape-leo-xiv-parle-sacre-au-influenceur-de-dieu-italien-carlo-acutis-est-le-premier-saint-internet\/#primaryimage"},"thumbnailUrl":"https:\/\/vieassociative.be\/actualites\/wp-content\/uploads\/2025\/09\/1757254736_Le-pape-Leo-XIV-parle-sacre-au-influenceur-de-Dieu.jpg","keywords":["Acutis","Carlo","Dieu","est","influenceur","Internet","italien","Leo","pape","parle","premier","sacr\u00e9","Saint","XIV"],"articleSection":["Belgique"],"inLanguage":"fr-BE"},{"@type":"WebPage","@id":"https:\/\/vieassociative.be\/actualites\/le-pape-leo-xiv-parle-sacre-au-influenceur-de-dieu-italien-carlo-acutis-est-le-premier-saint-internet\/","url":"https:\/\/vieassociative.be\/actualites\/le-pape-leo-xiv-parle-sacre-au-influenceur-de-dieu-italien-carlo-acutis-est-le-premier-saint-internet\/","name":"Le pape Leo XIV parle sacr\u00e9 au \"influenceur de Dieu\" -Italien Carlo Acutis est le premier saint Internet | Vie Associative","isPartOf":{"@id":"https:\/\/vieassociative.be\/actualites\/#website"},"primaryImageOfPage":{"@id":"https:\/\/vieassociative.be\/actualites\/le-pape-leo-xiv-parle-sacre-au-influenceur-de-dieu-italien-carlo-acutis-est-le-premier-saint-internet\/#primaryimage"},"image":{"@id":"https:\/\/vieassociative.be\/actualites\/le-pape-leo-xiv-parle-sacre-au-influenceur-de-dieu-italien-carlo-acutis-est-le-premier-saint-internet\/#primaryimage"},"thumbnailUrl":"https:\/\/vieassociative.be\/actualites\/wp-content\/uploads\/2025\/09\/1757254736_Le-pape-Leo-XIV-parle-sacre-au-influenceur-de-Dieu.jpg","datePublished":"2025-09-07T14:18:55+00:00","dateModified":"2025-09-07T14:18:55+00:00","breadcrumb":{"@id":"https:\/\/vieassociative.be\/actualites\/le-pape-leo-xiv-parle-sacre-au-influenceur-de-dieu-italien-carlo-acutis-est-le-premier-saint-internet\/#breadcrumb"},"inLanguage":"fr-BE","potentialAction":[{"@type":"ReadAction","target":["https:\/\/vieassociative.be\/actualites\/le-pape-leo-xiv-parle-sacre-au-influenceur-de-dieu-italien-carlo-acutis-est-le-premier-saint-internet\/"]}]},{"@type":"ImageObject","inLanguage":"fr-BE","@id":"https:\/\/vieassociative.be\/actualites\/le-pape-leo-xiv-parle-sacre-au-influenceur-de-dieu-italien-carlo-acutis-est-le-premier-saint-internet\/#primaryimage","url":"https:\/\/vieassociative.be\/actualites\/wp-content\/uploads\/2025\/09\/1757254736_Le-pape-Leo-XIV-parle-sacre-au-influenceur-de-Dieu.jpg","contentUrl":"https:\/\/vieassociative.be\/actualites\/wp-content\/uploads\/2025\/09\/1757254736_Le-pape-Leo-XIV-parle-sacre-au-influenceur-de-Dieu.jpg","width":1200,"height":800,"caption":"Le pape Leo XIV parle sacr\u00e9 au \"influenceur de Dieu\" -Italien Carlo Acutis est le premier saint Internet"},{"@type":"BreadcrumbList","@id":"https:\/\/vieassociative.be\/actualites\/le-pape-leo-xiv-parle-sacre-au-influenceur-de-dieu-italien-carlo-acutis-est-le-premier-saint-internet\/#breadcrumb","itemListElement":[{"@type":"ListItem","position":1,"name":"Accueil","item":"https:\/\/vieassociative.be\/actualites\/"},{"@type":"ListItem","position":2,"name":"Le pape Leo XIV parle sacr\u00e9 au \u00ab\u00a0influenceur de Dieu\u00a0\u00bb -Italien Carlo Acutis est le premier saint Internet"}]},{"@type":"WebSite","@id":"https:\/\/vieassociative.be\/actualites\/#website","url":"https:\/\/vieassociative.be\/actualites\/","name":"Vie Associative","description":"","publisher":{"@id":"https:\/\/vieassociative.be\/actualites\/#organization"},"potentialAction":[{"@type":"SearchAction","target":{"@type":"EntryPoint","urlTemplate":"https:\/\/vieassociative.be\/actualites\/?s={search_term_string}"},"query-input":{"@type":"PropertyValueSpecification","valueRequired":true,"valueName":"search_term_string"}}],"inLanguage":"fr-BE"},{"@type":"Organization","@id":"https:\/\/vieassociative.be\/actualites\/#organization","name":"Vie Associative","url":"https:\/\/vieassociative.be\/actualites\/","logo":{"@type":"ImageObject","inLanguage":"fr-BE","@id":"https:\/\/vieassociative.be\/actualites\/#\/schema\/logo\/image\/","url":"https:\/\/vieassociative.be\/actualites\/wp-content\/uploads\/2024\/09\/cropped-vieassociative_favicon.ico.png","contentUrl":"https:\/\/vieassociative.be\/actualites\/wp-content\/uploads\/2024\/09\/cropped-vieassociative_favicon.ico.png","width":512,"height":512,"caption":"Vie Associative"},"image":{"@id":"https:\/\/vieassociative.be\/actualites\/#\/schema\/logo\/image\/"}},{"@type":"Person","@id":"https:\/\/vieassociative.be\/actualites\/#\/schema\/person\/b87ac4f82f9d4e7b7cec7395b679edc4","name":"Julien","image":{"@type":"ImageObject","inLanguage":"fr-BE","@id":"https:\/\/vieassociative.be\/actualites\/#\/schema\/person\/image\/","url":"https:\/\/vieassociative.be\/actualites\/wp-content\/uploads\/2024\/09\/vie-associative-1-150x150.jpg","contentUrl":"https:\/\/vieassociative.be\/actualites\/wp-content\/uploads\/2024\/09\/vie-associative-1-150x150.jpg","caption":"Julien"},"description":"Je suis Julien, r\u00e9dacteur pour Vie Associative. Passionn\u00e9 par le monde associatif depuis plus de 10 ans, j'ai \u00e0 c\u0153ur de partager des histoires inspirantes et de mettre en lumi\u00e8re les initiatives locales. Mon objectif est de sensibiliser et d'encourager l'engagement communautaire \u00e0 travers mes articles.","sameAs":["https:\/\/vieassociative.be\/"]}]}},"_links":{"self":[{"href":"https:\/\/vieassociative.be\/actualites\/wp-json\/wp\/v2\/posts\/9881"}],"collection":[{"href":"https:\/\/vieassociative.be\/actualites\/wp-json\/wp\/v2\/posts"}],"about":[{"href":"https:\/\/vieassociative.be\/actualites\/wp-json\/wp\/v2\/types\/post"}],"author":[{"embeddable":true,"href":"https:\/\/vieassociative.be\/actualites\/wp-json\/wp\/v2\/users\/1"}],"replies":[{"embeddable":true,"href":"https:\/\/vieassociative.be\/actualites\/wp-json\/wp\/v2\/comments?post=9881"}],"version-history":[{"count":0,"href":"https:\/\/vieassociative.be\/actualites\/wp-json\/wp\/v2\/posts\/9881\/revisions"}],"wp:featuredmedia":[{"embeddable":true,"href":"https:\/\/vieassociative.be\/actualites\/wp-json\/wp\/v2\/media\/9882"}],"wp:attachment":[{"href":"https:\/\/vieassociative.be\/actualites\/wp-json\/wp\/v2\/media?parent=9881"}],"wp:term":[{"taxonomy":"category","embeddable":true,"href":"https:\/\/vieassociative.be\/actualites\/wp-json\/wp\/v2\/categories?post=9881"},{"taxonomy":"post_tag","embeddable":true,"href":"https:\/\/vieassociative.be\/actualites\/wp-json\/wp\/v2\/tags?post=9881"}],"curies":[{"name":"wp","href":"https:\/\/api.w.org\/{rel}","templated":true}]}}