{"id":9879,"date":"2025-09-07T15:20:36","date_gmt":"2025-09-07T13:20:36","guid":{"rendered":"https:\/\/vieassociative.be\/actualites\/les-sept-premieres-choses-a-faire-avec-votre-merach-mini-stepper\/"},"modified":"2025-09-07T15:20:36","modified_gmt":"2025-09-07T13:20:36","slug":"les-sept-premieres-choses-a-faire-avec-votre-merach-mini-stepper","status":"publish","type":"post","link":"https:\/\/vieassociative.be\/actualites\/les-sept-premieres-choses-a-faire-avec-votre-merach-mini-stepper\/","title":{"rendered":"Les sept premi\u00e8res choses \u00e0 faire avec votre Merach Mini Stepper"},"content":{"rendered":"<div class=\"mt-4 leading-6 md:mb-8\">Le meilleur \u00e9quipement d&rsquo;exercice est celui que vous utilisez r\u00e9ellement.<\/div>\n<p><\/p>\n<p>La lutte avec n&rsquo;importe quel \u00e9quipement de gymtom\u00e8tres \u00e0 domicile est de trouver la motivation pour la mettre \u00e0 bon escient. Comme je l&rsquo;ai \u00e9crit dans ma premi\u00e8re critique, le Merach Mini Stepper n&rsquo;est pas exactement un entra\u00eenement exigeant. Il est parfait pour atteindre des objectifs de fitness modestes ou quiconque essaie de se faufiler dans un mouvement doux tout au long de la journ\u00e9e. Mais pour y parvenir, vous devez vous assurer que vous utilisez votre mini stepper pour un pas &#8211; et pas comme d\u00e9coration int\u00e9rieure.<\/p>\n<p>La cl\u00e9 pour utiliser r\u00e9ellement votre mini stepper (ou tout \u00e9quipement d&rsquo;entra\u00eenement) consiste constamment \u00e0 vous pr\u00e9parer au succ\u00e8s d\u00e8s le premier jour. Voici les \u00e9tapes \u00e0 prendre pour transformer votre mini pas de stepper d&rsquo;une bonne intention en une habitude quotidienne.<\/p>\n<div class=\"pogoClear mb-12 mt-10 rounded-md border-2 border-gray-100 py-7 shadow-xl md:py-6\">\n<div class=\"flex flex-wrap justify-between px-7 text-black no-underline md:flex-nowrap md:px-8\">\n<div class=\"order-1 mx-auto flex flex-col justify-center md:order-2 md:ml-4 md:w-full md:grow\">\n<div class=\"block cursor-pointer text-center font-akshar text-2xl font-medium leading-7 text-brand-green duration-200 ease-in-out hover:text-brand-green-700 md:text-left md:text-xl md:leading-6\">Mini Mini Stepper\n                <\/div>\n<div class=\"mt-4 hidden md:flex md:justify-between\">\n<div class=\"self-end\">\n<div class=\"mb-0 h-11 md:flex md:flex-col md:justify-center\">\n<div class=\" font-sans leading-4 text-black\">\n<div class=\"flex flex-wrap items-center justify-center gap-1 md:justify-start\">\n        <span class=\"font-bold\"><\/p>\n<p>            55,99 $<br \/>\n                            <span class=\"font-medium\">\u00e0 Walmart<\/span><br \/>\n                    <\/span>\n            <\/div>\n<div class=\"flex items-center justify-center gap-x-1 font-bold md:justify-start\">\n            <span class=\"text-sm line-through\">79,99 $<\/span><br \/>\n            <span class=\"text-sm text-brand-green\">\u00c9conomisez 24,00 $<\/span>\n        <\/div>\n<\/p><\/div>\n<\/p><\/div>\n<\/p><\/div>\n<div class=\"w-44 self-end\">\n                            <button class=\"flex justify-center items-center w-full bg-brand-green text-white text-base font-sans font-medium rounded-md hover:bg-brand-green-700 hover:cursor-pointer md:text-sm h-11\"><\/p>\n<p>    Faire un magasin maintenant<br \/>\n<\/button>\n                        <\/div>\n<\/p><\/div>\n<\/p><\/div>\n<div class=\"order-2 mt-5 h-auto w-full md:order-1 md:mt-0 md:hidden\">\n<div class=\"flex aspect-video items-center justify-center\">\n                                            <img decoding=\"async\" class=\"m-0 max-h-full max-w-full rounded-md\" src=\"https:\/\/vieassociative.be\/actualites\/wp-content\/uploads\/2025\/09\/Les-sept-premieres-choses-a-faire-avec-votre-Merach-Mini.jpg\" alt=\"STEPPERS MERACH pour l'exercice \u00e0 la maison, 330 livres de pouce portable mini-escalier portable pour une utilisation \u00e0 domicile et au bureau, exerciseur de p\u00e9dale de pied, \u00e9quipement de fitness compact\" width=\"auto\" height=\"auto\" loading=\"lazy\">\n                                    <\/div>\n<\/p><\/div>\n<div class=\"order-2 ml-2 hidden w-32 shrink-0 items-center md:order-1 md:ml-0 md:flex\">\n<div class=\"flex aspect-video items-center justify-center\">\n                                            <img decoding=\"async\" class=\"m-0 max-h-full max-w-full rounded-md\" src=\"https:\/\/vieassociative.be\/actualites\/wp-content\/uploads\/2025\/09\/Les-sept-premieres-choses-a-faire-avec-votre-Merach-Mini.jpg\" alt=\"STEPPERS MERACH pour l'exercice \u00e0 la maison, 330 livres de pouce portable mini-escalier portable pour une utilisation \u00e0 domicile et au bureau, exerciseur de p\u00e9dale de pied, \u00e9quipement de fitness compact\" width=\"auto\" height=\"auto\" loading=\"lazy\">\n                                    <\/div>\n<\/p><\/div>\n<div class=\"order-3 flex grow flex-wrap md:hidden md:grow-0\">\n<div class=\"mt-4 w-full\">\n                        <button class=\"flex justify-center items-center w-full bg-brand-green text-white text-base font-sans font-medium rounded-md hover:bg-brand-green-700 hover:cursor-pointer md:text-sm h-11\"><\/p>\n<p>    Faire un magasin maintenant<br \/>\n<\/button>\n                    <\/div>\n<div class=\"mx-2 mt-4 w-full\">\n<div class=\" font-sans leading-4 text-black\">\n<div class=\"flex flex-wrap items-center justify-center gap-1 md:justify-start\">\n        <span class=\"font-bold\"><\/p>\n<p>            55,99 $<br \/>\n                            <span class=\"font-medium\">\u00e0 Walmart<\/span><br \/>\n                    <\/span>\n            <\/div>\n<div class=\"flex items-center justify-center gap-x-1 font-bold md:justify-start\">\n            <span class=\"text-sm line-through\">79,99 $<\/span><br \/>\n            <span class=\"text-sm text-brand-green\">\u00c9conomisez 24,00 $<\/span>\n        <\/div>\n<\/p><\/div>\n<\/p><\/div>\n<\/p><\/div>\n<\/p><\/div>\n<\/div>\n<h2 id=\"find-your-perfect-spot\">Trouvez votre endroit parfait<\/h2>\n<div class=\"eloquent-imagery-image\">\n<div class=\"flex justify-center\">\n                    <img decoding=\"async\" class=\"border border-gray-100\" src=\"https:\/\/vieassociative.be\/actualites\/wp-content\/uploads\/2025\/09\/1757251235_552_Les-sept-premieres-choses-a-faire-avec-votre-Merach-Mini.jpg\" alt=\"Mini Mini Stepper\" width=\"2000\" height=\"1125\" loading=\"lazy\"  >\n            <\/div>\n<\/p><\/div>\n<p>Je pense que la plus grande erreur que vous pouvez faire est de traiter votre mini stepper ou une autre machine d&rsquo;entra\u00eenement comme un bagage, en le stockant apr\u00e8s chaque utilisation. Au lieu de cela, d\u00e9signez un endroit permanent o\u00f9 il peut vivre \u00e0 plein temps. Je promets, ce ne sera pas une horreur. Un coin de votre salon, de votre chambre ou de votre bureau \u00e0 domicile fonctionne parfaitement. Plus il est facile d&rsquo;acc\u00e9der, plus vous l&rsquo;utiliserez probablement.<\/p>\n<div class=\"mx-auto mb-12 mt-5 w-full max-w-3xl rounded-md border-2 border-gray-100 p-3 shadow-md md:px-7 md:pb-7 md:pt-5\" id=\"related-video\">\n<div class=\"mb-3 flex items-center md:mb-5\">\n        <img decoding=\"async\" class=\"mr-4 mt-0 h-10 w-10 md:mr-5 md:h-12 md:w-12\" src=\"https:\/\/vieassociative.be\/actualites\/wp-content\/uploads\/2025\/08\/1754414314_422_Les-brins-du-NYT-daujourdhui-indiquent-et-repondent-pour-le.jpg\" alt=\"Logo Lifehacker\"><\/p><\/div>\n<div class=\"aspect-video w-full overflow-hidden rounded-md\">\n<div id=\"video-container-01K4J2GW6CVZ1YBYXPHS4DZHZT\"><\/div>\n<\/p><\/div>\n<\/div>\n<p>Je garde mon mini-stepper entre ma chaise de salon et mon canap\u00e9 &#8211; parfait pour faire avancer nous et faire quelques pas pendant que je regarde la t\u00e9l\u00e9vision, car la mise en place peut se sentir monotone sans distraction appropri\u00e9e. Cr\u00e9ez une zone de divertissement autour de votre pas \u00e0 pas ou positionnez-la pour que vous fassiez autre chose que regarder le mur.<\/p>\n<h2 id=\"adjust-your-settings\">Ajustez vos param\u00e8tres<\/h2>\n<p>Ce mini stepper a deux modes principaux: la mont\u00e9e de haut en bas ou de torsion de c\u00f4t\u00e9. Lorsque le levier est en baisse, comme indiqu\u00e9 sur la photo ci-dessous, vous \u00eates pr\u00eat \u00e0 tord. Ce mouvement de torsion ressemble moins \u00e0 un grimpeur d&rsquo;escalier, et plus comme si vous essayiez de skier. Je sais que je le ressens plus dans mes fessiers pour me garder stable pendant ce mouvement.<\/p>\n<div class=\"eloquent-imagery-image\">\n<div class=\"flex justify-center\">\n                    <img decoding=\"async\" class=\"border border-gray-100\" src=\"https:\/\/vieassociative.be\/actualites\/wp-content\/uploads\/2025\/09\/1757251235_9_Les-sept-premieres-choses-a-faire-avec-votre-Merach-Mini.jpg\" alt=\"Mini Mini Stepper\" width=\"2000\" height=\"1125\" loading=\"lazy\"  >\n            <\/div>\n<\/p><\/div>\n<p>Lorsque le levier est en place comme indiqu\u00e9 ici, vous pouvez monter et descendre. Cela ressemble plus \u00e0 des escaliers, et c&rsquo;est certainement le choix pour un mouvement plus doux et plus familier.<\/p>\n<div class=\"eloquent-imagery-image\">\n<div class=\"flex justify-center\">\n                    <img decoding=\"async\" class=\"border border-gray-100\" src=\"https:\/\/vieassociative.be\/actualites\/wp-content\/uploads\/2025\/09\/1757251236_762_Les-sept-premieres-choses-a-faire-avec-votre-Merach-Mini.jpg\" alt=\"Mini Mini Stepper\" width=\"2000\" height=\"1125\" loading=\"lazy\"  >\n            <\/div>\n<\/p><\/div>\n<p>Vous avez \u00e9galement la possibilit\u00e9 de couper sur vos bandes de r\u00e9sistance, que je recommande fortement d&rsquo;engager votre haut du corps. Sinon, vous pourriez simplement garder vos mains sur vos hanches pour maintenir un sentiment de stabilit\u00e9.<\/p>\n<div class=\"eloquent-imagery-image\">\n<div class=\"flex justify-center\">\n                    <img decoding=\"async\" class=\"border border-gray-100\" src=\"https:\/\/vieassociative.be\/actualites\/wp-content\/uploads\/2025\/09\/1757251236_395_Les-sept-premieres-choses-a-faire-avec-votre-Merach-Mini.jpg\" alt=\"Mini Mini Stepper\" width=\"2000\" height=\"1125\" loading=\"lazy\"  >\n            <\/div>\n<\/p><\/div>\n<p>Assurez-vous que vous utilisez un mode qui esp\u00e8re que vous atteignez vos objectifs de fitness <em>et <\/em>Que vous ne d\u00e9testez pas autant, vous \u00e9viterez de faire de l&rsquo;exercice en premier lieu.<\/p>\n<h2 id=\"set-up-your-display-and-monitoring\">Configurez votre affichage et votre surveillance<\/h2>\n<p>Le Mini Stepper a un \u00e9cran LCD de base qui suit les \u00e9tapes, le temps et une approximation des calories br\u00fbl\u00e9es. Bien s\u00fbr, comme avec les elliptiques dans le gymnase, les estimations caloriques sont extr\u00eamement optimistes &#8211; vous \u00eates le mieux en ignorant simplement ceux-ci. En fait, je suis le type pour couvrir les \u00e9crans d&rsquo;\u00e9quipement pendant les entra\u00eenements pour \u00e9viter l&rsquo;observation de l&rsquo;horloge obsessionnelle. D&rsquo;autres fois, voir ce num\u00e9ro d&rsquo;\u00e9tape augmenter est exactement ce dont j&rsquo;ai besoin de motivation.<\/p>\n<div class=\"eloquent-imagery-image\">\n<div class=\"flex justify-center\">\n                    <img decoding=\"async\" class=\"border border-gray-100\" src=\"https:\/\/vieassociative.be\/actualites\/wp-content\/uploads\/2025\/09\/1757251236_7_Les-sept-premieres-choses-a-faire-avec-votre-Merach-Mini.jpg\" alt=\"Mini Mini Stepper\" width=\"2000\" height=\"1500\" loading=\"lazy\"  >\n            <\/div>\n<\/p><\/div>\n<p>Exp\u00e9rimentez pour voir ce qui fonctionne pour vous. Appuyez sur le bouton une fois pour allumer l&rsquo;affichage, puis \u00e0 nouveau pour faire basculer les r\u00e9p\u00e9titions par minute, les calories et la dur\u00e9e de votre entra\u00eenement. Le nombre total de pas en haut est intouchable, donc si vous ne voulez pas voir cela, vous devrez couvrir tout l&rsquo;\u00e9cran. <\/p>\n<h2 id=\"perfect-your-form\">Perfectionner votre forme<\/h2>\n<p>Une forme appropri\u00e9e sur votre Mini Mini Stepper commence par la compr\u00e9hension de la conception de la p\u00e9dale. Les coussinets de pied textur\u00e9s sont con\u00e7us pour accueillir tout votre pied &#8211; pas juste les boules de vos pieds. Placez la majorit\u00e9 de votre pied en toute s\u00e9curit\u00e9 sur la plate-forme pour engager toute votre jambe et assure une meilleure stabilit\u00e9. Gardez votre poids r\u00e9parti uniform\u00e9ment sur les deux pieds et \u00e9vitez de favoriser un c\u00f4t\u00e9. <\/p>\n<p>Votre mouvement de pas doit \u00eatre d\u00e9lib\u00e9r\u00e9 et contr\u00f4l\u00e9: imaginez que vous montez des escaliers r\u00e9els plut\u00f4t que de rebondir rapidement. Chaque \u00e9tape devrait avoir une br\u00e8ve pause en bas pour vous assurer que vous ne rebondissez pas seulement sur les balles de vos pieds. <\/p>\n<p>Lorsque vous d\u00e9butez, trouvez un rythme confortable que vous pouvez maintenir tout au long de votre entra\u00eenement. La plupart des d\u00e9butants b\u00e9n\u00e9ficient de 60 \u00e0 80 pas par minute, tandis que les utilisateurs plus avanc\u00e9s pourraient travailler jusqu&rsquo;\u00e0 plus de 100 \u00e9tapes par minute.<\/p>\n<p>Ce mini stepper \u00e0 double action a des cylindres hydrauliques par opposition \u00e0 des boutons ou des leviers de r\u00e9sistance manuelle. syst\u00e8me. La r\u00e9sistance doit \u00eatre lisse et coh\u00e9rente, pas saccad\u00e9e ou trop difficile. Si vous entendez des sons inhabituels ou ressentez une r\u00e9sistance in\u00e9gale entre les p\u00e9dales, v\u00e9rifiez que les deux cylindres sont en place. <\/p>\n<h2 id=\"set-realistic-goals\">Fixer des objectifs r\u00e9alistes<\/h2>\n<p>Comme avec n&rsquo;importe quelle sorte d&rsquo;objectif de fitness, r\u00e9sistez \u00e0 la tentation de faire du tout le premier jour. Commencez par des s\u00e9ances de 10 \u00e0 15 minutes et augmentez progressivement de 2 \u00e0 3 minutes par semaine. Ne soyez pas le genre de personne qui abandonne votre stepper parce que vous vous fixez un objectif irr\u00e9aliste et une perte de int\u00e9r\u00eat ou de la motivation. Si vous voulez construire une habitude \u00e0 long terme, la coh\u00e9rence l&#8217;emporte sur l&rsquo;intensit\u00e9. <\/p>\n<p>La meilleure fa\u00e7on de s&rsquo;attaquer \u00e0 celle-ci est de planifier un calendrier d&rsquo;entra\u00eenement &#8211; quel que soit ce qui vous ressemble. Vous pouvez suivre une vid\u00e9o d&rsquo;entra\u00eenement ou simplement vous engager \u00e0 incorporer votre stepper dans votre routine TV nocturne. Les steppers du matin trouvent souvent plus facile de maintenir la coh\u00e9rence car moins d&rsquo;obstacles quotidiens surviennent t\u00f4t dans la journ\u00e9e. Les steppers du soir peuvent l&rsquo;utiliser comme un moyen de se d\u00e9compresser du travail. La meilleure strat\u00e9gie est ce que l&rsquo;on vous aide \u00e0 vous en tenir \u00e0 votre habitude.  <\/p>\n<h2 id=\"create-a-workout-ritual\">Cr\u00e9er un rituel d&rsquo;entra\u00eenement<\/h2>\n<p>En tant que coureur de marathon, je jure par des rituels avant l&rsquo;entra\u00eenement. Cela pourrait inclure la mise en place de vos v\u00eatements d&rsquo;entra\u00eenement, le remplissage de votre bouteille d&rsquo;eau, la mise en file d&rsquo;attente de vos divertissements et la r\u00e9alisation de quelques \u00e9tirements dynamiques. Avoir des signaux rituels pr\u00e9-entra\u00eenement coh\u00e9rents \u00e0 votre cerveau que c&rsquo;est du temps d&rsquo;exercice et aide \u00e0 vous transformer dans la bonne mentalit\u00e9.<\/p>\n<p>Comme mentionn\u00e9 ci-dessus, il est utile de consacrer une \u00e9mission, un podcast ou une liste de lecture exclusivement pour vos s\u00e9ances de trempage. Tout ce qui cr\u00e9e une association positive et une motivation \u00e0 faire de l&rsquo;exercice.<\/p>\n<h2 id=\"track-your-progress\">Suivez vos progr\u00e8s<\/h2>\n<p>Que vous utilisiez une application de fitness, un calendrier mural ou un ordinateur portable simple, le suivi de vos s\u00e9ances de stepper offre une motivation puissante. Personnellement, j&rsquo;utilise une feuille de calcul. Enregistrez la date, la dur\u00e9e et ce que vous avez ressenti \u00e0 chaque entra\u00eenement. Si j&rsquo;ai appris quelque chose de Duolingo, c&rsquo;est que voir votre s\u00e9quence de coh\u00e9rence se d\u00e9veloppe cr\u00e9e un \u00e9lan psychologique.<\/p>\n<h2 id=\"the-bottom-line\">La ligne de fond<\/h2>\n<p>La diff\u00e9rence entre une personne qui colle avec son pas \u00e0 pas et celle qui ne se r\u00e9sume pas souvent \u00e0 la consistance. Peut-\u00eatre que vous tomberez malade, partez en vacances ou faites face \u00e0 une p\u00e9riode de travail particuli\u00e8rement charg\u00e9e. D\u00e9cidez \u00e0 l&rsquo;avance comment vous g\u00e9rez ces situations. Peut-\u00eatre que vous vous engagez \u00e0 faire des s\u00e9ances plus courtes de 5 minutes lorsque vous \u00eates press\u00e9 pour le temps, ou \u00e0 d\u00e9finir un rappel pour revenir \u00e0 votre habitude lorsque vous \u00eates de retour de vacances. <\/p>\n<p>Avoir un plan pour surmonter ces obstacles emp\u00eache les pauses temporaires de devenir l&rsquo;abandon permanent. N&rsquo;oubliez pas que le meilleur \u00e9quipement d&rsquo;exercice est celui que vous utilisez r\u00e9ellement. <\/p>\n","protected":false},"excerpt":{"rendered":"<p>Le meilleur \u00e9quipement d&rsquo;exercice est celui que vous utilisez r\u00e9ellement. La lutte avec n&rsquo;importe quel \u00e9quipement de gymtom\u00e8tres \u00e0 domicile est de trouver la motivation<\/p>\n","protected":false},"author":1,"featured_media":9880,"comment_status":"","ping_status":"","sticky":false,"template":"","format":"standard","meta":{"footnotes":""},"categories":[38],"tags":[61,93,127,14,919,1529,597,525,7499,8],"class_list":["post-9879","post","type-post","status-publish","format-standard","has-post-thumbnail","hentry","category-sante","tag-avec","tag-choses","tag-faire","tag-les","tag-merach","tag-mini","tag-premieres","tag-sept","tag-stepper","tag-votre","generate-columns","tablet-grid-50","mobile-grid-100","grid-parent","grid-33"],"yoast_head":"<!-- This site is optimized with the Yoast SEO plugin v24.0 - https:\/\/yoast.com\/wordpress\/plugins\/seo\/ -->\n<title>Les sept premi\u00e8res choses \u00e0 faire avec votre Merach Mini Stepper | Vie Associative<\/title>\n<meta name=\"robots\" content=\"index, follow, max-snippet:-1, max-image-preview:large, max-video-preview:-1\" \/>\n<link rel=\"canonical\" href=\"https:\/\/vieassociative.be\/actualites\/les-sept-premieres-choses-a-faire-avec-votre-merach-mini-stepper\/\" \/>\n<meta property=\"og:locale\" content=\"fr_FR\" \/>\n<meta property=\"og:type\" content=\"article\" \/>\n<meta property=\"og:title\" content=\"Les sept premi\u00e8res choses \u00e0 faire avec votre Merach Mini Stepper | Vie Associative\" \/>\n<meta property=\"og:description\" content=\"Le meilleur \u00e9quipement d&rsquo;exercice est celui que vous utilisez r\u00e9ellement. La lutte avec n&rsquo;importe quel \u00e9quipement de gymtom\u00e8tres \u00e0 domicile est de trouver la motivation\" \/>\n<meta property=\"og:url\" content=\"https:\/\/vieassociative.be\/actualites\/les-sept-premieres-choses-a-faire-avec-votre-merach-mini-stepper\/\" \/>\n<meta property=\"og:site_name\" content=\"Vie Associative\" \/>\n<meta property=\"article:published_time\" content=\"2025-09-07T13:20:36+00:00\" \/>\n<meta property=\"og:image\" content=\"https:\/\/vieassociative.be\/actualites\/wp-content\/uploads\/2025\/09\/Les-sept-premieres-choses-a-faire-avec-votre-Merach-Mini.jpg\" \/>\n<meta name=\"author\" content=\"Julien\" \/>\n<meta name=\"twitter:card\" content=\"summary_large_image\" \/>\n<meta name=\"twitter:label1\" content=\"\u00c9crit par\" \/>\n\t<meta name=\"twitter:data1\" content=\"Julien\" \/>\n\t<meta name=\"twitter:label2\" content=\"Dur\u00e9e de lecture est.\" \/>\n\t<meta name=\"twitter:data2\" content=\"7 minutes\" \/>\n<script type=\"application\/ld+json\" class=\"yoast-schema-graph\">{\"@context\":\"https:\/\/schema.org\",\"@graph\":[{\"@type\":\"Article\",\"@id\":\"https:\/\/vieassociative.be\/actualites\/les-sept-premieres-choses-a-faire-avec-votre-merach-mini-stepper\/#article\",\"isPartOf\":{\"@id\":\"https:\/\/vieassociative.be\/actualites\/les-sept-premieres-choses-a-faire-avec-votre-merach-mini-stepper\/\"},\"author\":{\"name\":\"Julien\",\"@id\":\"https:\/\/vieassociative.be\/actualites\/#\/schema\/person\/b87ac4f82f9d4e7b7cec7395b679edc4\"},\"headline\":\"Les sept premi\u00e8res choses \u00e0 faire avec votre Merach Mini Stepper\",\"datePublished\":\"2025-09-07T13:20:36+00:00\",\"dateModified\":\"2025-09-07T13:20:36+00:00\",\"mainEntityOfPage\":{\"@id\":\"https:\/\/vieassociative.be\/actualites\/les-sept-premieres-choses-a-faire-avec-votre-merach-mini-stepper\/\"},\"wordCount\":1445,\"publisher\":{\"@id\":\"https:\/\/vieassociative.be\/actualites\/#organization\"},\"image\":{\"@id\":\"https:\/\/vieassociative.be\/actualites\/les-sept-premieres-choses-a-faire-avec-votre-merach-mini-stepper\/#primaryimage\"},\"thumbnailUrl\":\"https:\/\/vieassociative.be\/actualites\/wp-content\/uploads\/2025\/09\/Les-sept-premieres-choses-a-faire-avec-votre-Merach-Mini.png\",\"keywords\":[\"avec\",\"choses\",\"faire\",\"Les\",\"Merach\",\"Mini\",\"premi\u00e8res\",\"Sept\",\"stepper\",\"votre\"],\"articleSection\":[\"Sant\u00e9\"],\"inLanguage\":\"fr-BE\"},{\"@type\":\"WebPage\",\"@id\":\"https:\/\/vieassociative.be\/actualites\/les-sept-premieres-choses-a-faire-avec-votre-merach-mini-stepper\/\",\"url\":\"https:\/\/vieassociative.be\/actualites\/les-sept-premieres-choses-a-faire-avec-votre-merach-mini-stepper\/\",\"name\":\"Les sept premi\u00e8res choses \u00e0 faire avec votre Merach Mini Stepper | Vie Associative\",\"isPartOf\":{\"@id\":\"https:\/\/vieassociative.be\/actualites\/#website\"},\"primaryImageOfPage\":{\"@id\":\"https:\/\/vieassociative.be\/actualites\/les-sept-premieres-choses-a-faire-avec-votre-merach-mini-stepper\/#primaryimage\"},\"image\":{\"@id\":\"https:\/\/vieassociative.be\/actualites\/les-sept-premieres-choses-a-faire-avec-votre-merach-mini-stepper\/#primaryimage\"},\"thumbnailUrl\":\"https:\/\/vieassociative.be\/actualites\/wp-content\/uploads\/2025\/09\/Les-sept-premieres-choses-a-faire-avec-votre-Merach-Mini.png\",\"datePublished\":\"2025-09-07T13:20:36+00:00\",\"dateModified\":\"2025-09-07T13:20:36+00:00\",\"breadcrumb\":{\"@id\":\"https:\/\/vieassociative.be\/actualites\/les-sept-premieres-choses-a-faire-avec-votre-merach-mini-stepper\/#breadcrumb\"},\"inLanguage\":\"fr-BE\",\"potentialAction\":[{\"@type\":\"ReadAction\",\"target\":[\"https:\/\/vieassociative.be\/actualites\/les-sept-premieres-choses-a-faire-avec-votre-merach-mini-stepper\/\"]}]},{\"@type\":\"ImageObject\",\"inLanguage\":\"fr-BE\",\"@id\":\"https:\/\/vieassociative.be\/actualites\/les-sept-premieres-choses-a-faire-avec-votre-merach-mini-stepper\/#primaryimage\",\"url\":\"https:\/\/vieassociative.be\/actualites\/wp-content\/uploads\/2025\/09\/Les-sept-premieres-choses-a-faire-avec-votre-Merach-Mini.png\",\"contentUrl\":\"https:\/\/vieassociative.be\/actualites\/wp-content\/uploads\/2025\/09\/Les-sept-premieres-choses-a-faire-avec-votre-Merach-Mini.png\",\"width\":1200,\"height\":675,\"caption\":\"Les sept premi\u00e8res choses \u00e0 faire avec votre Merach Mini Stepper\"},{\"@type\":\"BreadcrumbList\",\"@id\":\"https:\/\/vieassociative.be\/actualites\/les-sept-premieres-choses-a-faire-avec-votre-merach-mini-stepper\/#breadcrumb\",\"itemListElement\":[{\"@type\":\"ListItem\",\"position\":1,\"name\":\"Accueil\",\"item\":\"https:\/\/vieassociative.be\/actualites\/\"},{\"@type\":\"ListItem\",\"position\":2,\"name\":\"Les sept premi\u00e8res choses \u00e0 faire avec votre Merach Mini Stepper\"}]},{\"@type\":\"WebSite\",\"@id\":\"https:\/\/vieassociative.be\/actualites\/#website\",\"url\":\"https:\/\/vieassociative.be\/actualites\/\",\"name\":\"Vie Associative\",\"description\":\"\",\"publisher\":{\"@id\":\"https:\/\/vieassociative.be\/actualites\/#organization\"},\"potentialAction\":[{\"@type\":\"SearchAction\",\"target\":{\"@type\":\"EntryPoint\",\"urlTemplate\":\"https:\/\/vieassociative.be\/actualites\/?s={search_term_string}\"},\"query-input\":{\"@type\":\"PropertyValueSpecification\",\"valueRequired\":true,\"valueName\":\"search_term_string\"}}],\"inLanguage\":\"fr-BE\"},{\"@type\":\"Organization\",\"@id\":\"https:\/\/vieassociative.be\/actualites\/#organization\",\"name\":\"Vie Associative\",\"url\":\"https:\/\/vieassociative.be\/actualites\/\",\"logo\":{\"@type\":\"ImageObject\",\"inLanguage\":\"fr-BE\",\"@id\":\"https:\/\/vieassociative.be\/actualites\/#\/schema\/logo\/image\/\",\"url\":\"https:\/\/vieassociative.be\/actualites\/wp-content\/uploads\/2024\/09\/cropped-vieassociative_favicon.ico.png\",\"contentUrl\":\"https:\/\/vieassociative.be\/actualites\/wp-content\/uploads\/2024\/09\/cropped-vieassociative_favicon.ico.png\",\"width\":512,\"height\":512,\"caption\":\"Vie Associative\"},\"image\":{\"@id\":\"https:\/\/vieassociative.be\/actualites\/#\/schema\/logo\/image\/\"}},{\"@type\":\"Person\",\"@id\":\"https:\/\/vieassociative.be\/actualites\/#\/schema\/person\/b87ac4f82f9d4e7b7cec7395b679edc4\",\"name\":\"Julien\",\"image\":{\"@type\":\"ImageObject\",\"inLanguage\":\"fr-BE\",\"@id\":\"https:\/\/vieassociative.be\/actualites\/#\/schema\/person\/image\/\",\"url\":\"https:\/\/vieassociative.be\/actualites\/wp-content\/uploads\/2024\/09\/vie-associative-1-150x150.jpg\",\"contentUrl\":\"https:\/\/vieassociative.be\/actualites\/wp-content\/uploads\/2024\/09\/vie-associative-1-150x150.jpg\",\"caption\":\"Julien\"},\"description\":\"Je suis Julien, r\u00e9dacteur pour Vie Associative. Passionn\u00e9 par le monde associatif depuis plus de 10 ans, j'ai \u00e0 c\u0153ur de partager des histoires inspirantes et de mettre en lumi\u00e8re les initiatives locales. Mon objectif est de sensibiliser et d'encourager l'engagement communautaire \u00e0 travers mes articles.\",\"sameAs\":[\"https:\/\/vieassociative.be\/\"]}]}<\/script>\n<!-- \/ Yoast SEO plugin. -->","yoast_head_json":{"title":"Les sept premi\u00e8res choses \u00e0 faire avec votre Merach Mini Stepper | Vie Associative","robots":{"index":"index","follow":"follow","max-snippet":"max-snippet:-1","max-image-preview":"max-image-preview:large","max-video-preview":"max-video-preview:-1"},"canonical":"https:\/\/vieassociative.be\/actualites\/les-sept-premieres-choses-a-faire-avec-votre-merach-mini-stepper\/","og_locale":"fr_FR","og_type":"article","og_title":"Les sept premi\u00e8res choses \u00e0 faire avec votre Merach Mini Stepper | Vie Associative","og_description":"Le meilleur \u00e9quipement d&rsquo;exercice est celui que vous utilisez r\u00e9ellement. La lutte avec n&rsquo;importe quel \u00e9quipement de gymtom\u00e8tres \u00e0 domicile est de trouver la motivation","og_url":"https:\/\/vieassociative.be\/actualites\/les-sept-premieres-choses-a-faire-avec-votre-merach-mini-stepper\/","og_site_name":"Vie Associative","article_published_time":"2025-09-07T13:20:36+00:00","og_image":[{"url":"https:\/\/vieassociative.be\/actualites\/wp-content\/uploads\/2025\/09\/Les-sept-premieres-choses-a-faire-avec-votre-Merach-Mini.jpg","type":"","width":"","height":""}],"author":"Julien","twitter_card":"summary_large_image","twitter_misc":{"\u00c9crit par":"Julien","Dur\u00e9e de lecture est.":"7 minutes"},"schema":{"@context":"https:\/\/schema.org","@graph":[{"@type":"Article","@id":"https:\/\/vieassociative.be\/actualites\/les-sept-premieres-choses-a-faire-avec-votre-merach-mini-stepper\/#article","isPartOf":{"@id":"https:\/\/vieassociative.be\/actualites\/les-sept-premieres-choses-a-faire-avec-votre-merach-mini-stepper\/"},"author":{"name":"Julien","@id":"https:\/\/vieassociative.be\/actualites\/#\/schema\/person\/b87ac4f82f9d4e7b7cec7395b679edc4"},"headline":"Les sept premi\u00e8res choses \u00e0 faire avec votre Merach Mini Stepper","datePublished":"2025-09-07T13:20:36+00:00","dateModified":"2025-09-07T13:20:36+00:00","mainEntityOfPage":{"@id":"https:\/\/vieassociative.be\/actualites\/les-sept-premieres-choses-a-faire-avec-votre-merach-mini-stepper\/"},"wordCount":1445,"publisher":{"@id":"https:\/\/vieassociative.be\/actualites\/#organization"},"image":{"@id":"https:\/\/vieassociative.be\/actualites\/les-sept-premieres-choses-a-faire-avec-votre-merach-mini-stepper\/#primaryimage"},"thumbnailUrl":"https:\/\/vieassociative.be\/actualites\/wp-content\/uploads\/2025\/09\/Les-sept-premieres-choses-a-faire-avec-votre-Merach-Mini.png","keywords":["avec","choses","faire","Les","Merach","Mini","premi\u00e8res","Sept","stepper","votre"],"articleSection":["Sant\u00e9"],"inLanguage":"fr-BE"},{"@type":"WebPage","@id":"https:\/\/vieassociative.be\/actualites\/les-sept-premieres-choses-a-faire-avec-votre-merach-mini-stepper\/","url":"https:\/\/vieassociative.be\/actualites\/les-sept-premieres-choses-a-faire-avec-votre-merach-mini-stepper\/","name":"Les sept premi\u00e8res choses \u00e0 faire avec votre Merach Mini Stepper | Vie Associative","isPartOf":{"@id":"https:\/\/vieassociative.be\/actualites\/#website"},"primaryImageOfPage":{"@id":"https:\/\/vieassociative.be\/actualites\/les-sept-premieres-choses-a-faire-avec-votre-merach-mini-stepper\/#primaryimage"},"image":{"@id":"https:\/\/vieassociative.be\/actualites\/les-sept-premieres-choses-a-faire-avec-votre-merach-mini-stepper\/#primaryimage"},"thumbnailUrl":"https:\/\/vieassociative.be\/actualites\/wp-content\/uploads\/2025\/09\/Les-sept-premieres-choses-a-faire-avec-votre-Merach-Mini.png","datePublished":"2025-09-07T13:20:36+00:00","dateModified":"2025-09-07T13:20:36+00:00","breadcrumb":{"@id":"https:\/\/vieassociative.be\/actualites\/les-sept-premieres-choses-a-faire-avec-votre-merach-mini-stepper\/#breadcrumb"},"inLanguage":"fr-BE","potentialAction":[{"@type":"ReadAction","target":["https:\/\/vieassociative.be\/actualites\/les-sept-premieres-choses-a-faire-avec-votre-merach-mini-stepper\/"]}]},{"@type":"ImageObject","inLanguage":"fr-BE","@id":"https:\/\/vieassociative.be\/actualites\/les-sept-premieres-choses-a-faire-avec-votre-merach-mini-stepper\/#primaryimage","url":"https:\/\/vieassociative.be\/actualites\/wp-content\/uploads\/2025\/09\/Les-sept-premieres-choses-a-faire-avec-votre-Merach-Mini.png","contentUrl":"https:\/\/vieassociative.be\/actualites\/wp-content\/uploads\/2025\/09\/Les-sept-premieres-choses-a-faire-avec-votre-Merach-Mini.png","width":1200,"height":675,"caption":"Les sept premi\u00e8res choses \u00e0 faire avec votre Merach Mini Stepper"},{"@type":"BreadcrumbList","@id":"https:\/\/vieassociative.be\/actualites\/les-sept-premieres-choses-a-faire-avec-votre-merach-mini-stepper\/#breadcrumb","itemListElement":[{"@type":"ListItem","position":1,"name":"Accueil","item":"https:\/\/vieassociative.be\/actualites\/"},{"@type":"ListItem","position":2,"name":"Les sept premi\u00e8res choses \u00e0 faire avec votre Merach Mini Stepper"}]},{"@type":"WebSite","@id":"https:\/\/vieassociative.be\/actualites\/#website","url":"https:\/\/vieassociative.be\/actualites\/","name":"Vie Associative","description":"","publisher":{"@id":"https:\/\/vieassociative.be\/actualites\/#organization"},"potentialAction":[{"@type":"SearchAction","target":{"@type":"EntryPoint","urlTemplate":"https:\/\/vieassociative.be\/actualites\/?s={search_term_string}"},"query-input":{"@type":"PropertyValueSpecification","valueRequired":true,"valueName":"search_term_string"}}],"inLanguage":"fr-BE"},{"@type":"Organization","@id":"https:\/\/vieassociative.be\/actualites\/#organization","name":"Vie Associative","url":"https:\/\/vieassociative.be\/actualites\/","logo":{"@type":"ImageObject","inLanguage":"fr-BE","@id":"https:\/\/vieassociative.be\/actualites\/#\/schema\/logo\/image\/","url":"https:\/\/vieassociative.be\/actualites\/wp-content\/uploads\/2024\/09\/cropped-vieassociative_favicon.ico.png","contentUrl":"https:\/\/vieassociative.be\/actualites\/wp-content\/uploads\/2024\/09\/cropped-vieassociative_favicon.ico.png","width":512,"height":512,"caption":"Vie Associative"},"image":{"@id":"https:\/\/vieassociative.be\/actualites\/#\/schema\/logo\/image\/"}},{"@type":"Person","@id":"https:\/\/vieassociative.be\/actualites\/#\/schema\/person\/b87ac4f82f9d4e7b7cec7395b679edc4","name":"Julien","image":{"@type":"ImageObject","inLanguage":"fr-BE","@id":"https:\/\/vieassociative.be\/actualites\/#\/schema\/person\/image\/","url":"https:\/\/vieassociative.be\/actualites\/wp-content\/uploads\/2024\/09\/vie-associative-1-150x150.jpg","contentUrl":"https:\/\/vieassociative.be\/actualites\/wp-content\/uploads\/2024\/09\/vie-associative-1-150x150.jpg","caption":"Julien"},"description":"Je suis Julien, r\u00e9dacteur pour Vie Associative. Passionn\u00e9 par le monde associatif depuis plus de 10 ans, j'ai \u00e0 c\u0153ur de partager des histoires inspirantes et de mettre en lumi\u00e8re les initiatives locales. Mon objectif est de sensibiliser et d'encourager l'engagement communautaire \u00e0 travers mes articles.","sameAs":["https:\/\/vieassociative.be\/"]}]}},"_links":{"self":[{"href":"https:\/\/vieassociative.be\/actualites\/wp-json\/wp\/v2\/posts\/9879"}],"collection":[{"href":"https:\/\/vieassociative.be\/actualites\/wp-json\/wp\/v2\/posts"}],"about":[{"href":"https:\/\/vieassociative.be\/actualites\/wp-json\/wp\/v2\/types\/post"}],"author":[{"embeddable":true,"href":"https:\/\/vieassociative.be\/actualites\/wp-json\/wp\/v2\/users\/1"}],"replies":[{"embeddable":true,"href":"https:\/\/vieassociative.be\/actualites\/wp-json\/wp\/v2\/comments?post=9879"}],"version-history":[{"count":0,"href":"https:\/\/vieassociative.be\/actualites\/wp-json\/wp\/v2\/posts\/9879\/revisions"}],"wp:featuredmedia":[{"embeddable":true,"href":"https:\/\/vieassociative.be\/actualites\/wp-json\/wp\/v2\/media\/9880"}],"wp:attachment":[{"href":"https:\/\/vieassociative.be\/actualites\/wp-json\/wp\/v2\/media?parent=9879"}],"wp:term":[{"taxonomy":"category","embeddable":true,"href":"https:\/\/vieassociative.be\/actualites\/wp-json\/wp\/v2\/categories?post=9879"},{"taxonomy":"post_tag","embeddable":true,"href":"https:\/\/vieassociative.be\/actualites\/wp-json\/wp\/v2\/tags?post=9879"}],"curies":[{"name":"wp","href":"https:\/\/api.w.org\/{rel}","templated":true}]}}