{"id":9878,"date":"2025-09-07T09:16:59","date_gmt":"2025-09-07T07:16:59","guid":{"rendered":"https:\/\/vieassociative.be\/actualites\/le-luna-smart-ring-est-la-derniere-alternative-oura-sans-abonnement-2\/"},"modified":"2025-09-07T09:16:59","modified_gmt":"2025-09-07T07:16:59","slug":"le-luna-smart-ring-est-la-derniere-alternative-oura-sans-abonnement-2","status":"publish","type":"post","link":"https:\/\/vieassociative.be\/actualites\/le-luna-smart-ring-est-la-derniere-alternative-oura-sans-abonnement-2\/","title":{"rendered":"Le Luna Smart Ring est la derni\u00e8re alternative Oura sans abonnement"},"content":{"rendered":"<div class=\"mt-4 leading-6 md:mb-8\">Je ne sais pas si je suis plus intrigu\u00e9 par le prix ou le cas de charge.<\/div>\n<p><\/p>\n<p>Une nouvelle bague intelligente sans abonnement a frapp\u00e9 le march\u00e9, et contrairement \u00e0 la bague Oura, elle ne n\u00e9cessite pas d&rsquo;abonnement. Le Luna Ring 2.0 co\u00fbte m\u00eame moins \u00e0 l&rsquo;avant: il commence \u00e0 300 $ (ou 349 $ avec le cas de charge), environ 50 $ moins cher que Oura et Ultrahuman. <\/p>\n<p>La bague Luna est fabriqu\u00e9e par Noise, une entreprise de portables bas\u00e9e en Inde. Le Luna 2.0 est la premi\u00e8re version de l&rsquo;anneau disponible aux \u00c9tats-Unis, au cas o\u00f9 vous vous demandiez si vous avez manqu\u00e9 un anneau pr\u00e9c\u00e9dent entier. Noise a taquin\u00e9 l&rsquo;anneau au CES en janvier, mais il frappe enfin le march\u00e9 pour de vrai. <\/p>\n<p>Selon la fiche des sp\u00e9cifications, l&rsquo;anneau Luna et son application suivront le sommeil, la fr\u00e9quence cardiaque et l&rsquo;oxyg\u00e8ne sanguin, la marche et la course \u00e0 la d\u00e9tection automatique et fourniront un entra\u00eeneur d&rsquo;IA. Comme le dispositif ultrahuman, il fournira \u00e9galement des rappels de fen\u00eatre de caf\u00e9ine. Le tableau de comparaison de la page de produit r\u00e9pertorie le logiciel comme \u00abgratuit\u00bb contrairement \u00e0 l&rsquo;abonnement de 5,99 $ \/ mois de notre \u00abMonthuman de\u00ab Fontiales restreintes \u00bbd&rsquo;Ultrahuman (Ultrahuman propose des modules compl\u00e9mentaires pour les frais), ce qui sugg\u00e8re \u00e9galement le bruit n&rsquo;a pas non plus l&rsquo;intention d&rsquo;offrir un niveau de sous-conception premium. (J&rsquo;ai pr\u00e9par\u00e9 une comparaison compl\u00e8te des co\u00fbts entre le ring Oura et les Ultrahuman si vous \u00eates curieux, mais il suffit de dire que la Luna devrait \u00eatre moins ch\u00e8re que les deux.)<\/p>\n<div class=\"mx-auto mb-12 mt-5 w-full max-w-3xl rounded-md border-2 border-gray-100 p-3 shadow-md md:px-7 md:pb-7 md:pt-5\" id=\"related-video\">\n<div class=\"mb-3 flex items-center md:mb-5\">\n        <img decoding=\"async\" class=\"mr-4 mt-0 h-10 w-10 md:mr-5 md:h-12 md:w-12\" src=\"https:\/\/vieassociative.be\/actualites\/wp-content\/uploads\/2025\/08\/1754414314_422_Les-brins-du-NYT-daujourdhui-indiquent-et-repondent-pour-le.jpg\" alt=\"Logo Lifehacker\"><\/p><\/div>\n<div class=\"aspect-video w-full overflow-hidden rounded-md\">\n<div id=\"video-container-01K4HEN2EV1TCXWBQY7ZWC6WK4\"><\/div>\n<\/p><\/div>\n<\/div>\n<p>Cela dit, le graphique de comparaison de Noise me semble un peu \u00e9teint &#8211; il r\u00e9pertorie Ultrahuman et Oura car les deux ont la m\u00eame dur\u00e9e de vie de la batterie et le m\u00eame temps de charge, mais j&rsquo;ai trouv\u00e9 que ces deux-l\u00e0 \u00e9taient consid\u00e9rablement diff\u00e9rents, Oura ayant une dur\u00e9e de vie de la batterie plus longue et un temps de charge plus court. Il sera int\u00e9ressant de voir si Luna s&rsquo;en tient \u00e0 ses promesses de dur\u00e9e de vie de la batterie \u00ab4-7 jours\u00bb et de temps de charge \u00ab120 minutes\u00bb. Ces statistiques le mettraient \u00e0 peu pr\u00e8s \u00e0 \u00e9galit\u00e9 avec Ultrahuman. <\/p>\n<p>Jusqu&rsquo;\u00e0 pr\u00e9sent, Luna semble \u00eatre un clone d&rsquo;Oura ad\u00e9quat, moins les frais d&rsquo;abonnement mensuels. Il poss\u00e8de \u00e9galement une fonctionnalit\u00e9 qu&rsquo;aucune de ses deux plus grandes concurrents n&rsquo;offre: un cas de charge. Selon l&rsquo;entreprise, le bo\u00eetier de charge de la bague Luna offre 30 jours de dur\u00e9e de vie de la batterie. Si vous me demandez, \u00eatre capable d&rsquo;apporter un \u00e9tui dans votre sac de gym ou en voyage change la donne, car j&rsquo;enl\u00e8ve toujours ma bague intelligente lorsque je soul\u00e8ve des poids, et j&rsquo;aimerais un endroit pour le mettre. S&rsquo;il compl\u00e9t \u00e9galement la batterie, tant mieux. <\/p>\n","protected":false},"excerpt":{"rendered":"<p>Je ne sais pas si je suis plus intrigu\u00e9 par le prix ou le cas de charge. Une nouvelle bague intelligente sans abonnement a frapp\u00e9<\/p>\n","protected":false},"author":1,"featured_media":9865,"comment_status":"","ping_status":"","sticky":false,"template":"","format":"standard","meta":{"footnotes":""},"categories":[38],"tags":[228,1126,139,76,8437,5459,2311,130,4246],"class_list":["post-9878","post","type-post","status-publish","format-standard","has-post-thumbnail","hentry","category-sante","tag-abonnement","tag-alternative","tag-derniere","tag-est","tag-luna","tag-oura","tag-ring","tag-sans","tag-smart","generate-columns","tablet-grid-50","mobile-grid-100","grid-parent","grid-33"],"yoast_head":"<!-- This site is optimized with the Yoast SEO plugin v24.0 - https:\/\/yoast.com\/wordpress\/plugins\/seo\/ -->\n<title>Le Luna Smart Ring est la derni\u00e8re alternative Oura sans abonnement | Vie Associative<\/title>\n<meta name=\"robots\" content=\"index, follow, max-snippet:-1, max-image-preview:large, max-video-preview:-1\" \/>\n<link rel=\"canonical\" href=\"https:\/\/vieassociative.be\/actualites\/le-luna-smart-ring-est-la-derniere-alternative-oura-sans-abonnement-2\/\" \/>\n<meta property=\"og:locale\" content=\"fr_FR\" \/>\n<meta property=\"og:type\" content=\"article\" \/>\n<meta property=\"og:title\" content=\"Le Luna Smart Ring est la derni\u00e8re alternative Oura sans abonnement | Vie Associative\" \/>\n<meta property=\"og:description\" content=\"Je ne sais pas si je suis plus intrigu\u00e9 par le prix ou le cas de charge. Une nouvelle bague intelligente sans abonnement a frapp\u00e9\" \/>\n<meta property=\"og:url\" content=\"https:\/\/vieassociative.be\/actualites\/le-luna-smart-ring-est-la-derniere-alternative-oura-sans-abonnement-2\/\" \/>\n<meta property=\"og:site_name\" content=\"Vie Associative\" \/>\n<meta property=\"article:published_time\" content=\"2025-09-07T07:16:59+00:00\" \/>\n<meta property=\"og:image\" content=\"https:\/\/vieassociative.be\/actualites\/wp-content\/uploads\/2025\/08\/1754414314_422_Les-brins-du-NYT-daujourdhui-indiquent-et-repondent-pour-le.jpg\" \/>\n<meta name=\"author\" content=\"Julien\" \/>\n<meta name=\"twitter:card\" content=\"summary_large_image\" \/>\n<meta name=\"twitter:label1\" content=\"\u00c9crit par\" \/>\n\t<meta name=\"twitter:data1\" content=\"Julien\" \/>\n\t<meta name=\"twitter:label2\" content=\"Dur\u00e9e de lecture est.\" \/>\n\t<meta name=\"twitter:data2\" content=\"2 minutes\" \/>\n<script type=\"application\/ld+json\" class=\"yoast-schema-graph\">{\"@context\":\"https:\/\/schema.org\",\"@graph\":[{\"@type\":\"Article\",\"@id\":\"https:\/\/vieassociative.be\/actualites\/le-luna-smart-ring-est-la-derniere-alternative-oura-sans-abonnement-2\/#article\",\"isPartOf\":{\"@id\":\"https:\/\/vieassociative.be\/actualites\/le-luna-smart-ring-est-la-derniere-alternative-oura-sans-abonnement-2\/\"},\"author\":{\"name\":\"Julien\",\"@id\":\"https:\/\/vieassociative.be\/actualites\/#\/schema\/person\/b87ac4f82f9d4e7b7cec7395b679edc4\"},\"headline\":\"Le Luna Smart Ring est la derni\u00e8re alternative Oura sans abonnement\",\"datePublished\":\"2025-09-07T07:16:59+00:00\",\"dateModified\":\"2025-09-07T07:16:59+00:00\",\"mainEntityOfPage\":{\"@id\":\"https:\/\/vieassociative.be\/actualites\/le-luna-smart-ring-est-la-derniere-alternative-oura-sans-abonnement-2\/\"},\"wordCount\":513,\"publisher\":{\"@id\":\"https:\/\/vieassociative.be\/actualites\/#organization\"},\"image\":{\"@id\":\"https:\/\/vieassociative.be\/actualites\/le-luna-smart-ring-est-la-derniere-alternative-oura-sans-abonnement-2\/#primaryimage\"},\"thumbnailUrl\":\"https:\/\/vieassociative.be\/actualites\/wp-content\/uploads\/2025\/09\/Le-Luna-Smart-Ring-est-la-derniere-alternative-Oura-sans.png\",\"keywords\":[\"abonnement\",\"alternative\",\"derni\u00e8re\",\"est\",\"Luna\",\"Oura\",\"Ring\",\"sans\",\"Smart\"],\"articleSection\":[\"Sant\u00e9\"],\"inLanguage\":\"fr-BE\"},{\"@type\":\"WebPage\",\"@id\":\"https:\/\/vieassociative.be\/actualites\/le-luna-smart-ring-est-la-derniere-alternative-oura-sans-abonnement-2\/\",\"url\":\"https:\/\/vieassociative.be\/actualites\/le-luna-smart-ring-est-la-derniere-alternative-oura-sans-abonnement-2\/\",\"name\":\"Le Luna Smart Ring est la derni\u00e8re alternative Oura sans abonnement | Vie Associative\",\"isPartOf\":{\"@id\":\"https:\/\/vieassociative.be\/actualites\/#website\"},\"primaryImageOfPage\":{\"@id\":\"https:\/\/vieassociative.be\/actualites\/le-luna-smart-ring-est-la-derniere-alternative-oura-sans-abonnement-2\/#primaryimage\"},\"image\":{\"@id\":\"https:\/\/vieassociative.be\/actualites\/le-luna-smart-ring-est-la-derniere-alternative-oura-sans-abonnement-2\/#primaryimage\"},\"thumbnailUrl\":\"https:\/\/vieassociative.be\/actualites\/wp-content\/uploads\/2025\/09\/Le-Luna-Smart-Ring-est-la-derniere-alternative-Oura-sans.png\",\"datePublished\":\"2025-09-07T07:16:59+00:00\",\"dateModified\":\"2025-09-07T07:16:59+00:00\",\"breadcrumb\":{\"@id\":\"https:\/\/vieassociative.be\/actualites\/le-luna-smart-ring-est-la-derniere-alternative-oura-sans-abonnement-2\/#breadcrumb\"},\"inLanguage\":\"fr-BE\",\"potentialAction\":[{\"@type\":\"ReadAction\",\"target\":[\"https:\/\/vieassociative.be\/actualites\/le-luna-smart-ring-est-la-derniere-alternative-oura-sans-abonnement-2\/\"]}]},{\"@type\":\"ImageObject\",\"inLanguage\":\"fr-BE\",\"@id\":\"https:\/\/vieassociative.be\/actualites\/le-luna-smart-ring-est-la-derniere-alternative-oura-sans-abonnement-2\/#primaryimage\",\"url\":\"https:\/\/vieassociative.be\/actualites\/wp-content\/uploads\/2025\/09\/Le-Luna-Smart-Ring-est-la-derniere-alternative-Oura-sans.png\",\"contentUrl\":\"https:\/\/vieassociative.be\/actualites\/wp-content\/uploads\/2025\/09\/Le-Luna-Smart-Ring-est-la-derniere-alternative-Oura-sans.png\",\"width\":1200,\"height\":675,\"caption\":\"Le Luna Smart Ring est la derni\u00e8re alternative Oura sans abonnement\"},{\"@type\":\"BreadcrumbList\",\"@id\":\"https:\/\/vieassociative.be\/actualites\/le-luna-smart-ring-est-la-derniere-alternative-oura-sans-abonnement-2\/#breadcrumb\",\"itemListElement\":[{\"@type\":\"ListItem\",\"position\":1,\"name\":\"Accueil\",\"item\":\"https:\/\/vieassociative.be\/actualites\/\"},{\"@type\":\"ListItem\",\"position\":2,\"name\":\"Le Luna Smart Ring est la derni\u00e8re alternative Oura sans abonnement\"}]},{\"@type\":\"WebSite\",\"@id\":\"https:\/\/vieassociative.be\/actualites\/#website\",\"url\":\"https:\/\/vieassociative.be\/actualites\/\",\"name\":\"Vie Associative\",\"description\":\"\",\"publisher\":{\"@id\":\"https:\/\/vieassociative.be\/actualites\/#organization\"},\"potentialAction\":[{\"@type\":\"SearchAction\",\"target\":{\"@type\":\"EntryPoint\",\"urlTemplate\":\"https:\/\/vieassociative.be\/actualites\/?s={search_term_string}\"},\"query-input\":{\"@type\":\"PropertyValueSpecification\",\"valueRequired\":true,\"valueName\":\"search_term_string\"}}],\"inLanguage\":\"fr-BE\"},{\"@type\":\"Organization\",\"@id\":\"https:\/\/vieassociative.be\/actualites\/#organization\",\"name\":\"Vie Associative\",\"url\":\"https:\/\/vieassociative.be\/actualites\/\",\"logo\":{\"@type\":\"ImageObject\",\"inLanguage\":\"fr-BE\",\"@id\":\"https:\/\/vieassociative.be\/actualites\/#\/schema\/logo\/image\/\",\"url\":\"https:\/\/vieassociative.be\/actualites\/wp-content\/uploads\/2024\/09\/cropped-vieassociative_favicon.ico.png\",\"contentUrl\":\"https:\/\/vieassociative.be\/actualites\/wp-content\/uploads\/2024\/09\/cropped-vieassociative_favicon.ico.png\",\"width\":512,\"height\":512,\"caption\":\"Vie Associative\"},\"image\":{\"@id\":\"https:\/\/vieassociative.be\/actualites\/#\/schema\/logo\/image\/\"}},{\"@type\":\"Person\",\"@id\":\"https:\/\/vieassociative.be\/actualites\/#\/schema\/person\/b87ac4f82f9d4e7b7cec7395b679edc4\",\"name\":\"Julien\",\"image\":{\"@type\":\"ImageObject\",\"inLanguage\":\"fr-BE\",\"@id\":\"https:\/\/vieassociative.be\/actualites\/#\/schema\/person\/image\/\",\"url\":\"https:\/\/vieassociative.be\/actualites\/wp-content\/uploads\/2024\/09\/vie-associative-1-150x150.jpg\",\"contentUrl\":\"https:\/\/vieassociative.be\/actualites\/wp-content\/uploads\/2024\/09\/vie-associative-1-150x150.jpg\",\"caption\":\"Julien\"},\"description\":\"Je suis Julien, r\u00e9dacteur pour Vie Associative. Passionn\u00e9 par le monde associatif depuis plus de 10 ans, j'ai \u00e0 c\u0153ur de partager des histoires inspirantes et de mettre en lumi\u00e8re les initiatives locales. Mon objectif est de sensibiliser et d'encourager l'engagement communautaire \u00e0 travers mes articles.\",\"sameAs\":[\"https:\/\/vieassociative.be\/\"]}]}<\/script>\n<!-- \/ Yoast SEO plugin. -->","yoast_head_json":{"title":"Le Luna Smart Ring est la derni\u00e8re alternative Oura sans abonnement | Vie Associative","robots":{"index":"index","follow":"follow","max-snippet":"max-snippet:-1","max-image-preview":"max-image-preview:large","max-video-preview":"max-video-preview:-1"},"canonical":"https:\/\/vieassociative.be\/actualites\/le-luna-smart-ring-est-la-derniere-alternative-oura-sans-abonnement-2\/","og_locale":"fr_FR","og_type":"article","og_title":"Le Luna Smart Ring est la derni\u00e8re alternative Oura sans abonnement | Vie Associative","og_description":"Je ne sais pas si je suis plus intrigu\u00e9 par le prix ou le cas de charge. Une nouvelle bague intelligente sans abonnement a frapp\u00e9","og_url":"https:\/\/vieassociative.be\/actualites\/le-luna-smart-ring-est-la-derniere-alternative-oura-sans-abonnement-2\/","og_site_name":"Vie Associative","article_published_time":"2025-09-07T07:16:59+00:00","og_image":[{"url":"https:\/\/vieassociative.be\/actualites\/wp-content\/uploads\/2025\/08\/1754414314_422_Les-brins-du-NYT-daujourdhui-indiquent-et-repondent-pour-le.jpg","type":"","width":"","height":""}],"author":"Julien","twitter_card":"summary_large_image","twitter_misc":{"\u00c9crit par":"Julien","Dur\u00e9e de lecture est.":"2 minutes"},"schema":{"@context":"https:\/\/schema.org","@graph":[{"@type":"Article","@id":"https:\/\/vieassociative.be\/actualites\/le-luna-smart-ring-est-la-derniere-alternative-oura-sans-abonnement-2\/#article","isPartOf":{"@id":"https:\/\/vieassociative.be\/actualites\/le-luna-smart-ring-est-la-derniere-alternative-oura-sans-abonnement-2\/"},"author":{"name":"Julien","@id":"https:\/\/vieassociative.be\/actualites\/#\/schema\/person\/b87ac4f82f9d4e7b7cec7395b679edc4"},"headline":"Le Luna Smart Ring est la derni\u00e8re alternative Oura sans abonnement","datePublished":"2025-09-07T07:16:59+00:00","dateModified":"2025-09-07T07:16:59+00:00","mainEntityOfPage":{"@id":"https:\/\/vieassociative.be\/actualites\/le-luna-smart-ring-est-la-derniere-alternative-oura-sans-abonnement-2\/"},"wordCount":513,"publisher":{"@id":"https:\/\/vieassociative.be\/actualites\/#organization"},"image":{"@id":"https:\/\/vieassociative.be\/actualites\/le-luna-smart-ring-est-la-derniere-alternative-oura-sans-abonnement-2\/#primaryimage"},"thumbnailUrl":"https:\/\/vieassociative.be\/actualites\/wp-content\/uploads\/2025\/09\/Le-Luna-Smart-Ring-est-la-derniere-alternative-Oura-sans.png","keywords":["abonnement","alternative","derni\u00e8re","est","Luna","Oura","Ring","sans","Smart"],"articleSection":["Sant\u00e9"],"inLanguage":"fr-BE"},{"@type":"WebPage","@id":"https:\/\/vieassociative.be\/actualites\/le-luna-smart-ring-est-la-derniere-alternative-oura-sans-abonnement-2\/","url":"https:\/\/vieassociative.be\/actualites\/le-luna-smart-ring-est-la-derniere-alternative-oura-sans-abonnement-2\/","name":"Le Luna Smart Ring est la derni\u00e8re alternative Oura sans abonnement | Vie Associative","isPartOf":{"@id":"https:\/\/vieassociative.be\/actualites\/#website"},"primaryImageOfPage":{"@id":"https:\/\/vieassociative.be\/actualites\/le-luna-smart-ring-est-la-derniere-alternative-oura-sans-abonnement-2\/#primaryimage"},"image":{"@id":"https:\/\/vieassociative.be\/actualites\/le-luna-smart-ring-est-la-derniere-alternative-oura-sans-abonnement-2\/#primaryimage"},"thumbnailUrl":"https:\/\/vieassociative.be\/actualites\/wp-content\/uploads\/2025\/09\/Le-Luna-Smart-Ring-est-la-derniere-alternative-Oura-sans.png","datePublished":"2025-09-07T07:16:59+00:00","dateModified":"2025-09-07T07:16:59+00:00","breadcrumb":{"@id":"https:\/\/vieassociative.be\/actualites\/le-luna-smart-ring-est-la-derniere-alternative-oura-sans-abonnement-2\/#breadcrumb"},"inLanguage":"fr-BE","potentialAction":[{"@type":"ReadAction","target":["https:\/\/vieassociative.be\/actualites\/le-luna-smart-ring-est-la-derniere-alternative-oura-sans-abonnement-2\/"]}]},{"@type":"ImageObject","inLanguage":"fr-BE","@id":"https:\/\/vieassociative.be\/actualites\/le-luna-smart-ring-est-la-derniere-alternative-oura-sans-abonnement-2\/#primaryimage","url":"https:\/\/vieassociative.be\/actualites\/wp-content\/uploads\/2025\/09\/Le-Luna-Smart-Ring-est-la-derniere-alternative-Oura-sans.png","contentUrl":"https:\/\/vieassociative.be\/actualites\/wp-content\/uploads\/2025\/09\/Le-Luna-Smart-Ring-est-la-derniere-alternative-Oura-sans.png","width":1200,"height":675,"caption":"Le Luna Smart Ring est la derni\u00e8re alternative Oura sans abonnement"},{"@type":"BreadcrumbList","@id":"https:\/\/vieassociative.be\/actualites\/le-luna-smart-ring-est-la-derniere-alternative-oura-sans-abonnement-2\/#breadcrumb","itemListElement":[{"@type":"ListItem","position":1,"name":"Accueil","item":"https:\/\/vieassociative.be\/actualites\/"},{"@type":"ListItem","position":2,"name":"Le Luna Smart Ring est la derni\u00e8re alternative Oura sans abonnement"}]},{"@type":"WebSite","@id":"https:\/\/vieassociative.be\/actualites\/#website","url":"https:\/\/vieassociative.be\/actualites\/","name":"Vie Associative","description":"","publisher":{"@id":"https:\/\/vieassociative.be\/actualites\/#organization"},"potentialAction":[{"@type":"SearchAction","target":{"@type":"EntryPoint","urlTemplate":"https:\/\/vieassociative.be\/actualites\/?s={search_term_string}"},"query-input":{"@type":"PropertyValueSpecification","valueRequired":true,"valueName":"search_term_string"}}],"inLanguage":"fr-BE"},{"@type":"Organization","@id":"https:\/\/vieassociative.be\/actualites\/#organization","name":"Vie Associative","url":"https:\/\/vieassociative.be\/actualites\/","logo":{"@type":"ImageObject","inLanguage":"fr-BE","@id":"https:\/\/vieassociative.be\/actualites\/#\/schema\/logo\/image\/","url":"https:\/\/vieassociative.be\/actualites\/wp-content\/uploads\/2024\/09\/cropped-vieassociative_favicon.ico.png","contentUrl":"https:\/\/vieassociative.be\/actualites\/wp-content\/uploads\/2024\/09\/cropped-vieassociative_favicon.ico.png","width":512,"height":512,"caption":"Vie Associative"},"image":{"@id":"https:\/\/vieassociative.be\/actualites\/#\/schema\/logo\/image\/"}},{"@type":"Person","@id":"https:\/\/vieassociative.be\/actualites\/#\/schema\/person\/b87ac4f82f9d4e7b7cec7395b679edc4","name":"Julien","image":{"@type":"ImageObject","inLanguage":"fr-BE","@id":"https:\/\/vieassociative.be\/actualites\/#\/schema\/person\/image\/","url":"https:\/\/vieassociative.be\/actualites\/wp-content\/uploads\/2024\/09\/vie-associative-1-150x150.jpg","contentUrl":"https:\/\/vieassociative.be\/actualites\/wp-content\/uploads\/2024\/09\/vie-associative-1-150x150.jpg","caption":"Julien"},"description":"Je suis Julien, r\u00e9dacteur pour Vie Associative. Passionn\u00e9 par le monde associatif depuis plus de 10 ans, j'ai \u00e0 c\u0153ur de partager des histoires inspirantes et de mettre en lumi\u00e8re les initiatives locales. Mon objectif est de sensibiliser et d'encourager l'engagement communautaire \u00e0 travers mes articles.","sameAs":["https:\/\/vieassociative.be\/"]}]}},"_links":{"self":[{"href":"https:\/\/vieassociative.be\/actualites\/wp-json\/wp\/v2\/posts\/9878"}],"collection":[{"href":"https:\/\/vieassociative.be\/actualites\/wp-json\/wp\/v2\/posts"}],"about":[{"href":"https:\/\/vieassociative.be\/actualites\/wp-json\/wp\/v2\/types\/post"}],"author":[{"embeddable":true,"href":"https:\/\/vieassociative.be\/actualites\/wp-json\/wp\/v2\/users\/1"}],"replies":[{"embeddable":true,"href":"https:\/\/vieassociative.be\/actualites\/wp-json\/wp\/v2\/comments?post=9878"}],"version-history":[{"count":0,"href":"https:\/\/vieassociative.be\/actualites\/wp-json\/wp\/v2\/posts\/9878\/revisions"}],"wp:featuredmedia":[{"embeddable":true,"href":"https:\/\/vieassociative.be\/actualites\/wp-json\/wp\/v2\/media\/9865"}],"wp:attachment":[{"href":"https:\/\/vieassociative.be\/actualites\/wp-json\/wp\/v2\/media?parent=9878"}],"wp:term":[{"taxonomy":"category","embeddable":true,"href":"https:\/\/vieassociative.be\/actualites\/wp-json\/wp\/v2\/categories?post=9878"},{"taxonomy":"post_tag","embeddable":true,"href":"https:\/\/vieassociative.be\/actualites\/wp-json\/wp\/v2\/tags?post=9878"}],"curies":[{"name":"wp","href":"https:\/\/api.w.org\/{rel}","templated":true}]}}