{"id":9870,"date":"2025-09-07T03:17:06","date_gmt":"2025-09-07T01:17:06","guid":{"rendered":"https:\/\/vieassociative.be\/actualites\/mon-amazon-de-la-journee-preferee-le-samsung-galaxy-s25-fe-avec-une-carte-cadeau-de-100\/"},"modified":"2025-09-07T03:17:06","modified_gmt":"2025-09-07T01:17:06","slug":"mon-amazon-de-la-journee-preferee-le-samsung-galaxy-s25-fe-avec-une-carte-cadeau-de-100","status":"publish","type":"post","link":"https:\/\/vieassociative.be\/actualites\/mon-amazon-de-la-journee-preferee-le-samsung-galaxy-s25-fe-avec-une-carte-cadeau-de-100\/","title":{"rendered":"Mon Amazon de la journ\u00e9e pr\u00e9f\u00e9r\u00e9e: le Samsung Galaxy S25 Fe avec une carte-cadeau de 100 $"},"content":{"rendered":"<div class=\"mt-4 leading-6 md:mb-8\">Obtenez la nouvelle Samsung Galaxy S25 Fe avec une carte-cadeau Amazon de 100 $ et une mise \u00e0 niveau de stockage gratuite.<\/div>\n<p><\/p>\n<p><em>Saviez-vous que vous pouvez personnaliser Google pour filtrer les ordures? <strong>Prendre ces \u00e9tapes<\/strong><\/em><em> Pour de meilleurs r\u00e9sultats de recherche, y compris <strong>Ajouter Vie Associative comme source pr\u00e9f\u00e9r\u00e9e pour les nouvelles technologiques<\/strong><\/em><em>.<\/em><\/p>\n<p>Le nouveau t\u00e9l\u00e9phone budg\u00e9taire de Samsung, le Galaxy S25 FE, est le dernier mod\u00e8le de la s\u00e9rie Galaxy S25, et il est d\u00e9j\u00e0 r\u00e9duit malgr\u00e9 sa sortie cette semaine. Lors de son dernier \u00e9v\u00e9nement Galaxy, la soci\u00e9t\u00e9 a d\u00e9voil\u00e9 trois autres appareils avec le S25 FE: The Galaxy Tab S11, le Galaxy Tab S10 Lite et les Buds Galaxy 3 Fe, qui voient tous des offres similaires. L&rsquo;accord se d\u00e9roule jusqu&rsquo;au 21 septembre.<\/p>\n<div class=\"pogoClear mb-12 mt-10 rounded-md border-2 border-gray-100 py-7 shadow-xl md:py-6\">\n<div class=\"flex flex-wrap justify-between px-7 text-black no-underline md:flex-nowrap md:px-8\">\n<div class=\"order-1 mx-auto flex flex-col justify-center md:order-2 md:ml-4 md:w-full md:grow\">\n<div class=\"block cursor-pointer text-center font-akshar text-2xl font-medium leading-7 text-brand-green duration-200 ease-in-out hover:text-brand-green-700 md:text-left md:text-xl md:leading-6\">Samsung Galaxy S25 Fe 256 Go 6.7 \u00ab\u00a0Smartphone d\u00e9verrouill\u00e9 + 100 $ CARTE-CADEAU Amazon\n                <\/div>\n<div class=\"mt-4 hidden md:flex md:justify-between\">\n<div class=\"self-end\">\n<div class=\"mb-0 h-11 md:flex md:flex-col md:justify-center\">\n<div class=\" font-sans leading-4 text-black\">\n<div class=\"flex flex-wrap items-center justify-center gap-1 md:justify-start\">\n        <span class=\"font-bold\"><\/p>\n<p>            649,99 $<br \/>\n                            <span class=\"font-medium\">\u00e0 Amazon<\/span><br \/>\n                    <\/span>\n            <\/div>\n<div class=\"flex items-center justify-center gap-x-1 font-bold md:justify-start\">\n            <span class=\"text-sm line-through\">809,99 $<\/span><br \/>\n            <span class=\"text-sm text-brand-green\">\u00c9conomisez 160,00 $<\/span>\n        <\/div>\n<\/p><\/div>\n<\/p><\/div>\n<\/p><\/div>\n<div class=\"w-44 self-end\">\n                            <button class=\"flex justify-center items-center w-full bg-brand-green text-white text-base font-sans font-medium rounded-md hover:bg-brand-green-700 hover:cursor-pointer md:text-sm h-11\"><\/p>\n<p>    Conclure un accord<br \/>\n<\/button>\n                        <\/div>\n<\/p><\/div>\n<\/p><\/div>\n<div class=\"order-2 mt-5 h-auto w-full md:order-1 md:mt-0 md:hidden\">\n<div class=\"flex aspect-video items-center justify-center\">\n                                            <img decoding=\"async\" class=\"m-0 max-h-full max-w-full rounded-md\" src=\"https:\/\/vieassociative.be\/actualites\/wp-content\/uploads\/2025\/09\/Mon-Amazon-de-la-journee-preferee-le-Samsung-Galaxy-S25.jpg\" alt=\"Samsung Galaxy S25 Fe 256 Go 6.7\" unlocked smartphone amazon gift card width=\"auto\" height=\"auto\" loading=\"lazy\">\n                                    <\/div>\n<\/p><\/div>\n<div class=\"order-2 ml-2 hidden w-32 shrink-0 items-center md:order-1 md:ml-0 md:flex\">\n<div class=\"flex aspect-video items-center justify-center\">\n                                            <img decoding=\"async\" class=\"m-0 max-h-full max-w-full rounded-md\" src=\"https:\/\/vieassociative.be\/actualites\/wp-content\/uploads\/2025\/09\/Mon-Amazon-de-la-journee-preferee-le-Samsung-Galaxy-S25.jpg\" alt=\"Samsung Galaxy S25 Fe 256 Go 6.7\" unlocked smartphone amazon gift card width=\"auto\" height=\"auto\" loading=\"lazy\">\n                                    <\/div>\n<\/p><\/div>\n<div class=\"order-3 flex grow flex-wrap md:hidden md:grow-0\">\n<div class=\"mt-4 w-full\">\n                        <button class=\"flex justify-center items-center w-full bg-brand-green text-white text-base font-sans font-medium rounded-md hover:bg-brand-green-700 hover:cursor-pointer md:text-sm h-11\"><\/p>\n<p>    Conclure un accord<br \/>\n<\/button>\n                    <\/div>\n<div class=\"mx-2 mt-4 w-full\">\n<div class=\" font-sans leading-4 text-black\">\n<div class=\"flex flex-wrap items-center justify-center gap-1 md:justify-start\">\n        <span class=\"font-bold\"><\/p>\n<p>            649,99 $<br \/>\n                            <span class=\"font-medium\">\u00e0 Amazon<\/span><br \/>\n                    <\/span>\n            <\/div>\n<div class=\"flex items-center justify-center gap-x-1 font-bold md:justify-start\">\n            <span class=\"text-sm line-through\">809,99 $<\/span><br \/>\n            <span class=\"text-sm text-brand-green\">\u00c9conomisez 160,00 $<\/span>\n        <\/div>\n<\/p><\/div>\n<\/p><\/div>\n<\/p><\/div>\n<\/p><\/div>\n<\/div>\n<p>La s\u00e9rie FE de Samsung signifie \u00ab\u00a0Fan Edition\u00a0\u00bb, et c&rsquo;est la version budg\u00e9taire de ses appareils. Le Galaxy S25 Fe est livr\u00e9 avec un \u00e9cran AMOLED dynamique 2x de 6,7 pouces, avec une r\u00e9solution FHD + de 2 340 x 1 080 et un taux de rafra\u00eechissement \u00e0 120 Hz. En ce qui concerne la puissance de traitement, vous obtenez la puce Samsung Exynos 2400, qui comprend 8 Go de RAM. Le S25 Fe vous donne toujours acc\u00e8s \u00e0 toutes les fonctionnalit\u00e9s Galaxy AI du S25, telles que la barre maintenant et maintenant Bref, Circle to Search et les vid\u00e9os de garniture automatique. Cette offre vous offre la version de stockage de 256 Go, qui est l&rsquo;option de stockage la plus \u00e9lev\u00e9e que vous pouvez obtenir.<\/p>\n<p>La batterie est l\u00e9g\u00e8rement meilleure que le S24 FE de l&rsquo;ann\u00e9e derni\u00e8re, allant jusqu&rsquo;\u00e0 4 900 mAh \u00e0 4700 mAh. Vous pouvez le charger rapidement avec 45W ou avec une charge sans fil 15W. La cam\u00e9ra a une lentille primaire de 50 MP, une ultra-large 12MP et un t\u00e9l\u00e9objectif 8MP, ainsi qu&rsquo;une cam\u00e9ra selfie 12MP. Vous obtenez \u00e9galement certaines des m\u00eames cloches et sifflets des autres t\u00e9l\u00e9phones haut de gamme, notamment un capteur d&#8217;empreintes digitales optique dans le jeu, une reconnaissance faciale et une prise en charge sans fil pour Samsung Dex.<\/p>\n<p>Si vous avez un t\u00e9l\u00e9phone plus ancien dont vous souhaitez vous d\u00e9barrasser, Amazon propose jusqu&rsquo;\u00e0 650 $ en \u00e9change sous forme de cartes-cadeaux Amazon. Ceci est s\u00e9par\u00e9 de la carte-cadeau Amazon de 100 $ que vous obtenez d\u00e9j\u00e0.<\/p>\n<hr>\n","protected":false},"excerpt":{"rendered":"<p>Obtenez la nouvelle Samsung Galaxy S25 Fe avec une carte-cadeau Amazon de 100 $ et une mise \u00e0 niveau de stockage gratuite. Saviez-vous que vous<\/p>\n","protected":false},"author":1,"featured_media":9871,"comment_status":"","ping_status":"","sticky":false,"template":"","format":"standard","meta":{"footnotes":""},"categories":[13],"tags":[51,61,1224,4183,2877,49,52,4796,1878,110],"class_list":["post-9870","post","type-post","status-publish","format-standard","has-post-thumbnail","hentry","category-technologie","tag-amazon","tag-avec","tag-cartecadeau","tag-galaxy","tag-journee","tag-mon","tag-preferee","tag-s25","tag-samsung","tag-une","generate-columns","tablet-grid-50","mobile-grid-100","grid-parent","grid-33"],"yoast_head":"<!-- This site is optimized with the Yoast SEO plugin v24.0 - https:\/\/yoast.com\/wordpress\/plugins\/seo\/ -->\n<title>Mon Amazon de la journ\u00e9e pr\u00e9f\u00e9r\u00e9e: le Samsung Galaxy S25 Fe avec une carte-cadeau de 100 $ | Vie Associative<\/title>\n<meta name=\"robots\" content=\"index, follow, max-snippet:-1, max-image-preview:large, max-video-preview:-1\" \/>\n<link rel=\"canonical\" href=\"https:\/\/vieassociative.be\/actualites\/mon-amazon-de-la-journee-preferee-le-samsung-galaxy-s25-fe-avec-une-carte-cadeau-de-100\/\" \/>\n<meta property=\"og:locale\" content=\"fr_FR\" \/>\n<meta property=\"og:type\" content=\"article\" \/>\n<meta property=\"og:title\" content=\"Mon Amazon de la journ\u00e9e pr\u00e9f\u00e9r\u00e9e: le Samsung Galaxy S25 Fe avec une carte-cadeau de 100 $ | Vie Associative\" \/>\n<meta property=\"og:description\" content=\"Obtenez la nouvelle Samsung Galaxy S25 Fe avec une carte-cadeau Amazon de 100 $ et une mise \u00e0 niveau de stockage gratuite. Saviez-vous que vous\" \/>\n<meta property=\"og:url\" content=\"https:\/\/vieassociative.be\/actualites\/mon-amazon-de-la-journee-preferee-le-samsung-galaxy-s25-fe-avec-une-carte-cadeau-de-100\/\" \/>\n<meta property=\"og:site_name\" content=\"Vie Associative\" \/>\n<meta property=\"article:published_time\" content=\"2025-09-07T01:17:06+00:00\" \/>\n<meta property=\"og:image\" content=\"https:\/\/vieassociative.be\/actualites\/wp-content\/uploads\/2025\/09\/Mon-Amazon-de-la-journee-preferee-le-Samsung-Galaxy-S25.jpg\" \/>\n<meta name=\"author\" content=\"Julien\" \/>\n<meta name=\"twitter:card\" content=\"summary_large_image\" \/>\n<meta name=\"twitter:label1\" content=\"\u00c9crit par\" \/>\n\t<meta name=\"twitter:data1\" content=\"Julien\" \/>\n\t<meta name=\"twitter:label2\" content=\"Dur\u00e9e de lecture est.\" \/>\n\t<meta name=\"twitter:data2\" content=\"2 minutes\" \/>\n<script type=\"application\/ld+json\" class=\"yoast-schema-graph\">{\"@context\":\"https:\/\/schema.org\",\"@graph\":[{\"@type\":\"Article\",\"@id\":\"https:\/\/vieassociative.be\/actualites\/mon-amazon-de-la-journee-preferee-le-samsung-galaxy-s25-fe-avec-une-carte-cadeau-de-100\/#article\",\"isPartOf\":{\"@id\":\"https:\/\/vieassociative.be\/actualites\/mon-amazon-de-la-journee-preferee-le-samsung-galaxy-s25-fe-avec-une-carte-cadeau-de-100\/\"},\"author\":{\"name\":\"Julien\",\"@id\":\"https:\/\/vieassociative.be\/actualites\/#\/schema\/person\/b87ac4f82f9d4e7b7cec7395b679edc4\"},\"headline\":\"Mon Amazon de la journ\u00e9e pr\u00e9f\u00e9r\u00e9e: le Samsung Galaxy S25 Fe avec une carte-cadeau de 100 $\",\"datePublished\":\"2025-09-07T01:17:06+00:00\",\"dateModified\":\"2025-09-07T01:17:06+00:00\",\"mainEntityOfPage\":{\"@id\":\"https:\/\/vieassociative.be\/actualites\/mon-amazon-de-la-journee-preferee-le-samsung-galaxy-s25-fe-avec-une-carte-cadeau-de-100\/\"},\"wordCount\":441,\"publisher\":{\"@id\":\"https:\/\/vieassociative.be\/actualites\/#organization\"},\"image\":{\"@id\":\"https:\/\/vieassociative.be\/actualites\/mon-amazon-de-la-journee-preferee-le-samsung-galaxy-s25-fe-avec-une-carte-cadeau-de-100\/#primaryimage\"},\"thumbnailUrl\":\"https:\/\/vieassociative.be\/actualites\/wp-content\/uploads\/2025\/09\/Mon-Amazon-de-la-journee-preferee-le-Samsung-Galaxy-S25.png\",\"keywords\":[\"Amazon\",\"avec\",\"cartecadeau\",\"Galaxy\",\"journ\u00e9e\",\"Mon\",\"pr\u00e9f\u00e9r\u00e9e\",\"S25\",\"Samsung\",\"une\"],\"articleSection\":[\"Technologie\"],\"inLanguage\":\"fr-BE\"},{\"@type\":\"WebPage\",\"@id\":\"https:\/\/vieassociative.be\/actualites\/mon-amazon-de-la-journee-preferee-le-samsung-galaxy-s25-fe-avec-une-carte-cadeau-de-100\/\",\"url\":\"https:\/\/vieassociative.be\/actualites\/mon-amazon-de-la-journee-preferee-le-samsung-galaxy-s25-fe-avec-une-carte-cadeau-de-100\/\",\"name\":\"Mon Amazon de la journ\u00e9e pr\u00e9f\u00e9r\u00e9e: le Samsung Galaxy S25 Fe avec une carte-cadeau de 100 $ | Vie Associative\",\"isPartOf\":{\"@id\":\"https:\/\/vieassociative.be\/actualites\/#website\"},\"primaryImageOfPage\":{\"@id\":\"https:\/\/vieassociative.be\/actualites\/mon-amazon-de-la-journee-preferee-le-samsung-galaxy-s25-fe-avec-une-carte-cadeau-de-100\/#primaryimage\"},\"image\":{\"@id\":\"https:\/\/vieassociative.be\/actualites\/mon-amazon-de-la-journee-preferee-le-samsung-galaxy-s25-fe-avec-une-carte-cadeau-de-100\/#primaryimage\"},\"thumbnailUrl\":\"https:\/\/vieassociative.be\/actualites\/wp-content\/uploads\/2025\/09\/Mon-Amazon-de-la-journee-preferee-le-Samsung-Galaxy-S25.png\",\"datePublished\":\"2025-09-07T01:17:06+00:00\",\"dateModified\":\"2025-09-07T01:17:06+00:00\",\"breadcrumb\":{\"@id\":\"https:\/\/vieassociative.be\/actualites\/mon-amazon-de-la-journee-preferee-le-samsung-galaxy-s25-fe-avec-une-carte-cadeau-de-100\/#breadcrumb\"},\"inLanguage\":\"fr-BE\",\"potentialAction\":[{\"@type\":\"ReadAction\",\"target\":[\"https:\/\/vieassociative.be\/actualites\/mon-amazon-de-la-journee-preferee-le-samsung-galaxy-s25-fe-avec-une-carte-cadeau-de-100\/\"]}]},{\"@type\":\"ImageObject\",\"inLanguage\":\"fr-BE\",\"@id\":\"https:\/\/vieassociative.be\/actualites\/mon-amazon-de-la-journee-preferee-le-samsung-galaxy-s25-fe-avec-une-carte-cadeau-de-100\/#primaryimage\",\"url\":\"https:\/\/vieassociative.be\/actualites\/wp-content\/uploads\/2025\/09\/Mon-Amazon-de-la-journee-preferee-le-Samsung-Galaxy-S25.png\",\"contentUrl\":\"https:\/\/vieassociative.be\/actualites\/wp-content\/uploads\/2025\/09\/Mon-Amazon-de-la-journee-preferee-le-Samsung-Galaxy-S25.png\",\"width\":1200,\"height\":675,\"caption\":\"Mon Amazon de la journ\u00e9e pr\u00e9f\u00e9r\u00e9e: le Samsung Galaxy S25 Fe avec une carte-cadeau de 100 $\"},{\"@type\":\"BreadcrumbList\",\"@id\":\"https:\/\/vieassociative.be\/actualites\/mon-amazon-de-la-journee-preferee-le-samsung-galaxy-s25-fe-avec-une-carte-cadeau-de-100\/#breadcrumb\",\"itemListElement\":[{\"@type\":\"ListItem\",\"position\":1,\"name\":\"Accueil\",\"item\":\"https:\/\/vieassociative.be\/actualites\/\"},{\"@type\":\"ListItem\",\"position\":2,\"name\":\"Mon Amazon de la journ\u00e9e pr\u00e9f\u00e9r\u00e9e: le Samsung Galaxy S25 Fe avec une carte-cadeau de 100 $\"}]},{\"@type\":\"WebSite\",\"@id\":\"https:\/\/vieassociative.be\/actualites\/#website\",\"url\":\"https:\/\/vieassociative.be\/actualites\/\",\"name\":\"Vie Associative\",\"description\":\"\",\"publisher\":{\"@id\":\"https:\/\/vieassociative.be\/actualites\/#organization\"},\"potentialAction\":[{\"@type\":\"SearchAction\",\"target\":{\"@type\":\"EntryPoint\",\"urlTemplate\":\"https:\/\/vieassociative.be\/actualites\/?s={search_term_string}\"},\"query-input\":{\"@type\":\"PropertyValueSpecification\",\"valueRequired\":true,\"valueName\":\"search_term_string\"}}],\"inLanguage\":\"fr-BE\"},{\"@type\":\"Organization\",\"@id\":\"https:\/\/vieassociative.be\/actualites\/#organization\",\"name\":\"Vie Associative\",\"url\":\"https:\/\/vieassociative.be\/actualites\/\",\"logo\":{\"@type\":\"ImageObject\",\"inLanguage\":\"fr-BE\",\"@id\":\"https:\/\/vieassociative.be\/actualites\/#\/schema\/logo\/image\/\",\"url\":\"https:\/\/vieassociative.be\/actualites\/wp-content\/uploads\/2024\/09\/cropped-vieassociative_favicon.ico.png\",\"contentUrl\":\"https:\/\/vieassociative.be\/actualites\/wp-content\/uploads\/2024\/09\/cropped-vieassociative_favicon.ico.png\",\"width\":512,\"height\":512,\"caption\":\"Vie Associative\"},\"image\":{\"@id\":\"https:\/\/vieassociative.be\/actualites\/#\/schema\/logo\/image\/\"}},{\"@type\":\"Person\",\"@id\":\"https:\/\/vieassociative.be\/actualites\/#\/schema\/person\/b87ac4f82f9d4e7b7cec7395b679edc4\",\"name\":\"Julien\",\"image\":{\"@type\":\"ImageObject\",\"inLanguage\":\"fr-BE\",\"@id\":\"https:\/\/vieassociative.be\/actualites\/#\/schema\/person\/image\/\",\"url\":\"https:\/\/vieassociative.be\/actualites\/wp-content\/uploads\/2024\/09\/vie-associative-1-150x150.jpg\",\"contentUrl\":\"https:\/\/vieassociative.be\/actualites\/wp-content\/uploads\/2024\/09\/vie-associative-1-150x150.jpg\",\"caption\":\"Julien\"},\"description\":\"Je suis Julien, r\u00e9dacteur pour Vie Associative. Passionn\u00e9 par le monde associatif depuis plus de 10 ans, j'ai \u00e0 c\u0153ur de partager des histoires inspirantes et de mettre en lumi\u00e8re les initiatives locales. Mon objectif est de sensibiliser et d'encourager l'engagement communautaire \u00e0 travers mes articles.\",\"sameAs\":[\"https:\/\/vieassociative.be\/\"]}]}<\/script>\n<!-- \/ Yoast SEO plugin. -->","yoast_head_json":{"title":"Mon Amazon de la journ\u00e9e pr\u00e9f\u00e9r\u00e9e: le Samsung Galaxy S25 Fe avec une carte-cadeau de 100 $ | Vie Associative","robots":{"index":"index","follow":"follow","max-snippet":"max-snippet:-1","max-image-preview":"max-image-preview:large","max-video-preview":"max-video-preview:-1"},"canonical":"https:\/\/vieassociative.be\/actualites\/mon-amazon-de-la-journee-preferee-le-samsung-galaxy-s25-fe-avec-une-carte-cadeau-de-100\/","og_locale":"fr_FR","og_type":"article","og_title":"Mon Amazon de la journ\u00e9e pr\u00e9f\u00e9r\u00e9e: le Samsung Galaxy S25 Fe avec une carte-cadeau de 100 $ | Vie Associative","og_description":"Obtenez la nouvelle Samsung Galaxy S25 Fe avec une carte-cadeau Amazon de 100 $ et une mise \u00e0 niveau de stockage gratuite. Saviez-vous que vous","og_url":"https:\/\/vieassociative.be\/actualites\/mon-amazon-de-la-journee-preferee-le-samsung-galaxy-s25-fe-avec-une-carte-cadeau-de-100\/","og_site_name":"Vie Associative","article_published_time":"2025-09-07T01:17:06+00:00","og_image":[{"url":"https:\/\/vieassociative.be\/actualites\/wp-content\/uploads\/2025\/09\/Mon-Amazon-de-la-journee-preferee-le-Samsung-Galaxy-S25.jpg","type":"","width":"","height":""}],"author":"Julien","twitter_card":"summary_large_image","twitter_misc":{"\u00c9crit par":"Julien","Dur\u00e9e de lecture est.":"2 minutes"},"schema":{"@context":"https:\/\/schema.org","@graph":[{"@type":"Article","@id":"https:\/\/vieassociative.be\/actualites\/mon-amazon-de-la-journee-preferee-le-samsung-galaxy-s25-fe-avec-une-carte-cadeau-de-100\/#article","isPartOf":{"@id":"https:\/\/vieassociative.be\/actualites\/mon-amazon-de-la-journee-preferee-le-samsung-galaxy-s25-fe-avec-une-carte-cadeau-de-100\/"},"author":{"name":"Julien","@id":"https:\/\/vieassociative.be\/actualites\/#\/schema\/person\/b87ac4f82f9d4e7b7cec7395b679edc4"},"headline":"Mon Amazon de la journ\u00e9e pr\u00e9f\u00e9r\u00e9e: le Samsung Galaxy S25 Fe avec une carte-cadeau de 100 $","datePublished":"2025-09-07T01:17:06+00:00","dateModified":"2025-09-07T01:17:06+00:00","mainEntityOfPage":{"@id":"https:\/\/vieassociative.be\/actualites\/mon-amazon-de-la-journee-preferee-le-samsung-galaxy-s25-fe-avec-une-carte-cadeau-de-100\/"},"wordCount":441,"publisher":{"@id":"https:\/\/vieassociative.be\/actualites\/#organization"},"image":{"@id":"https:\/\/vieassociative.be\/actualites\/mon-amazon-de-la-journee-preferee-le-samsung-galaxy-s25-fe-avec-une-carte-cadeau-de-100\/#primaryimage"},"thumbnailUrl":"https:\/\/vieassociative.be\/actualites\/wp-content\/uploads\/2025\/09\/Mon-Amazon-de-la-journee-preferee-le-Samsung-Galaxy-S25.png","keywords":["Amazon","avec","cartecadeau","Galaxy","journ\u00e9e","Mon","pr\u00e9f\u00e9r\u00e9e","S25","Samsung","une"],"articleSection":["Technologie"],"inLanguage":"fr-BE"},{"@type":"WebPage","@id":"https:\/\/vieassociative.be\/actualites\/mon-amazon-de-la-journee-preferee-le-samsung-galaxy-s25-fe-avec-une-carte-cadeau-de-100\/","url":"https:\/\/vieassociative.be\/actualites\/mon-amazon-de-la-journee-preferee-le-samsung-galaxy-s25-fe-avec-une-carte-cadeau-de-100\/","name":"Mon Amazon de la journ\u00e9e pr\u00e9f\u00e9r\u00e9e: le Samsung Galaxy S25 Fe avec une carte-cadeau de 100 $ | Vie Associative","isPartOf":{"@id":"https:\/\/vieassociative.be\/actualites\/#website"},"primaryImageOfPage":{"@id":"https:\/\/vieassociative.be\/actualites\/mon-amazon-de-la-journee-preferee-le-samsung-galaxy-s25-fe-avec-une-carte-cadeau-de-100\/#primaryimage"},"image":{"@id":"https:\/\/vieassociative.be\/actualites\/mon-amazon-de-la-journee-preferee-le-samsung-galaxy-s25-fe-avec-une-carte-cadeau-de-100\/#primaryimage"},"thumbnailUrl":"https:\/\/vieassociative.be\/actualites\/wp-content\/uploads\/2025\/09\/Mon-Amazon-de-la-journee-preferee-le-Samsung-Galaxy-S25.png","datePublished":"2025-09-07T01:17:06+00:00","dateModified":"2025-09-07T01:17:06+00:00","breadcrumb":{"@id":"https:\/\/vieassociative.be\/actualites\/mon-amazon-de-la-journee-preferee-le-samsung-galaxy-s25-fe-avec-une-carte-cadeau-de-100\/#breadcrumb"},"inLanguage":"fr-BE","potentialAction":[{"@type":"ReadAction","target":["https:\/\/vieassociative.be\/actualites\/mon-amazon-de-la-journee-preferee-le-samsung-galaxy-s25-fe-avec-une-carte-cadeau-de-100\/"]}]},{"@type":"ImageObject","inLanguage":"fr-BE","@id":"https:\/\/vieassociative.be\/actualites\/mon-amazon-de-la-journee-preferee-le-samsung-galaxy-s25-fe-avec-une-carte-cadeau-de-100\/#primaryimage","url":"https:\/\/vieassociative.be\/actualites\/wp-content\/uploads\/2025\/09\/Mon-Amazon-de-la-journee-preferee-le-Samsung-Galaxy-S25.png","contentUrl":"https:\/\/vieassociative.be\/actualites\/wp-content\/uploads\/2025\/09\/Mon-Amazon-de-la-journee-preferee-le-Samsung-Galaxy-S25.png","width":1200,"height":675,"caption":"Mon Amazon de la journ\u00e9e pr\u00e9f\u00e9r\u00e9e: le Samsung Galaxy S25 Fe avec une carte-cadeau de 100 $"},{"@type":"BreadcrumbList","@id":"https:\/\/vieassociative.be\/actualites\/mon-amazon-de-la-journee-preferee-le-samsung-galaxy-s25-fe-avec-une-carte-cadeau-de-100\/#breadcrumb","itemListElement":[{"@type":"ListItem","position":1,"name":"Accueil","item":"https:\/\/vieassociative.be\/actualites\/"},{"@type":"ListItem","position":2,"name":"Mon Amazon de la journ\u00e9e pr\u00e9f\u00e9r\u00e9e: le Samsung Galaxy S25 Fe avec une carte-cadeau de 100 $"}]},{"@type":"WebSite","@id":"https:\/\/vieassociative.be\/actualites\/#website","url":"https:\/\/vieassociative.be\/actualites\/","name":"Vie Associative","description":"","publisher":{"@id":"https:\/\/vieassociative.be\/actualites\/#organization"},"potentialAction":[{"@type":"SearchAction","target":{"@type":"EntryPoint","urlTemplate":"https:\/\/vieassociative.be\/actualites\/?s={search_term_string}"},"query-input":{"@type":"PropertyValueSpecification","valueRequired":true,"valueName":"search_term_string"}}],"inLanguage":"fr-BE"},{"@type":"Organization","@id":"https:\/\/vieassociative.be\/actualites\/#organization","name":"Vie Associative","url":"https:\/\/vieassociative.be\/actualites\/","logo":{"@type":"ImageObject","inLanguage":"fr-BE","@id":"https:\/\/vieassociative.be\/actualites\/#\/schema\/logo\/image\/","url":"https:\/\/vieassociative.be\/actualites\/wp-content\/uploads\/2024\/09\/cropped-vieassociative_favicon.ico.png","contentUrl":"https:\/\/vieassociative.be\/actualites\/wp-content\/uploads\/2024\/09\/cropped-vieassociative_favicon.ico.png","width":512,"height":512,"caption":"Vie Associative"},"image":{"@id":"https:\/\/vieassociative.be\/actualites\/#\/schema\/logo\/image\/"}},{"@type":"Person","@id":"https:\/\/vieassociative.be\/actualites\/#\/schema\/person\/b87ac4f82f9d4e7b7cec7395b679edc4","name":"Julien","image":{"@type":"ImageObject","inLanguage":"fr-BE","@id":"https:\/\/vieassociative.be\/actualites\/#\/schema\/person\/image\/","url":"https:\/\/vieassociative.be\/actualites\/wp-content\/uploads\/2024\/09\/vie-associative-1-150x150.jpg","contentUrl":"https:\/\/vieassociative.be\/actualites\/wp-content\/uploads\/2024\/09\/vie-associative-1-150x150.jpg","caption":"Julien"},"description":"Je suis Julien, r\u00e9dacteur pour Vie Associative. Passionn\u00e9 par le monde associatif depuis plus de 10 ans, j'ai \u00e0 c\u0153ur de partager des histoires inspirantes et de mettre en lumi\u00e8re les initiatives locales. Mon objectif est de sensibiliser et d'encourager l'engagement communautaire \u00e0 travers mes articles.","sameAs":["https:\/\/vieassociative.be\/"]}]}},"_links":{"self":[{"href":"https:\/\/vieassociative.be\/actualites\/wp-json\/wp\/v2\/posts\/9870"}],"collection":[{"href":"https:\/\/vieassociative.be\/actualites\/wp-json\/wp\/v2\/posts"}],"about":[{"href":"https:\/\/vieassociative.be\/actualites\/wp-json\/wp\/v2\/types\/post"}],"author":[{"embeddable":true,"href":"https:\/\/vieassociative.be\/actualites\/wp-json\/wp\/v2\/users\/1"}],"replies":[{"embeddable":true,"href":"https:\/\/vieassociative.be\/actualites\/wp-json\/wp\/v2\/comments?post=9870"}],"version-history":[{"count":0,"href":"https:\/\/vieassociative.be\/actualites\/wp-json\/wp\/v2\/posts\/9870\/revisions"}],"wp:featuredmedia":[{"embeddable":true,"href":"https:\/\/vieassociative.be\/actualites\/wp-json\/wp\/v2\/media\/9871"}],"wp:attachment":[{"href":"https:\/\/vieassociative.be\/actualites\/wp-json\/wp\/v2\/media?parent=9870"}],"wp:term":[{"taxonomy":"category","embeddable":true,"href":"https:\/\/vieassociative.be\/actualites\/wp-json\/wp\/v2\/categories?post=9870"},{"taxonomy":"post_tag","embeddable":true,"href":"https:\/\/vieassociative.be\/actualites\/wp-json\/wp\/v2\/tags?post=9870"}],"curies":[{"name":"wp","href":"https:\/\/api.w.org\/{rel}","templated":true}]}}