{"id":987,"date":"2024-10-08T12:18:27","date_gmt":"2024-10-08T10:18:27","guid":{"rendered":"https:\/\/vieassociative.be\/actualites\/les-oignons-verts-braises-sont-le-plat-daccompagnement-parfait-et-bon-marche-en-semaine\/"},"modified":"2024-10-08T12:18:27","modified_gmt":"2024-10-08T10:18:27","slug":"les-oignons-verts-braises-sont-le-plat-daccompagnement-parfait-et-bon-marche-en-semaine","status":"publish","type":"post","link":"https:\/\/vieassociative.be\/actualites\/les-oignons-verts-braises-sont-le-plat-daccompagnement-parfait-et-bon-marche-en-semaine\/","title":{"rendered":"Les oignons verts brais\u00e9s sont le plat d\u2019accompagnement parfait et bon march\u00e9 en semaine"},"content":{"rendered":"<div class=\"mt-4 leading-6 md:mb-8\">Ce c\u00f4t\u00e9 v\u00e9g\u00e9tal est rapide, pratique et plein de saveurs.<\/div>\n<p><\/p>\n<p>J&rsquo;ai essay\u00e9 de manger plus de l\u00e9gumes, de produits verts et de parties de plantes autres que des pommes de terre. Cela se passe comme pr\u00e9vu (bon, pas g\u00e9nial). J&rsquo;ai incorpor\u00e9 de la courge delicata po\u00eal\u00e9e \u00e0 mon petit-d\u00e9jeuner il y a quelques jours, mais j&rsquo;ai besoin de quelque chose de vert. Heureusement, je suis tomb\u00e9 sur les oignons verts brais\u00e9s au beurre de Molly Stevens en parcourant Food52. <\/p>\n<p>Ces oignons verts constituent le parfait accompagnement de l\u00e9gumes en semaine. Rapide, pratique et plein de saveurs, tout ce que vous avez \u00e0 faire est de couper quelques oignons verts, de les jeter dans une casserole avec de l&rsquo;eau et du beurre, de couvrir cette po\u00eale et de les laisser braiser jusqu&rsquo;\u00e0 ce qu&rsquo;ils soient tendres et parfum\u00e9s. Retirez le rev\u00eatement et laissez les extr\u00e9mit\u00e9s bien dor\u00e9es, et vous serez r\u00e9compens\u00e9 par un pays des merveilles de textures et de saveurs. <\/p>\n<p>Les bulbes braisent de mani\u00e8re juteuse et beurr\u00e9e, presque fondante dans la bouche, tandis que les extr\u00e9mit\u00e9s vertes s&rsquo;assombrissent, presque br\u00fblantes, en morceaux croustillants et savoureux qui offrent un peu de contraste pour les bulbes. C&rsquo;est parfait. <\/p>\n<p>Je n\u2019ai pas exactement respect\u00e9 les ratios de Stevens. Moi, une femme qui vit seule la plupart du temps, je n&rsquo;avais pas envie de braiser et de manger cinq bottes d&rsquo;oignons verts, alors j&rsquo;ai r\u00e9duit \u00e0 deux, mais j&rsquo;ai quand m\u00eame utilis\u00e9 deux cuill\u00e8res \u00e0 soupe de beurre (je dois \u00eatre moi). J&rsquo;ai \u00e9galement omis l&rsquo;estragon, car je n&rsquo;en avais pas. Malgr\u00e9 cela, ils se sont r\u00e9v\u00e9l\u00e9s excellents.<\/p>\n<p>Une fois vos oignons verts brais\u00e9s, vous pouvez les manger avec la prot\u00e9ine de votre choix, les hacher et les r\u00e9partir dans du riz ou des p\u00e2tes, ou les \u00e9mincer et les m\u00e9langer dans une trempette ou une vinaigrette. Je pense aussi qu&rsquo;ils seraient excellents sur un sandwich aux \u0153ufs : coupez-les en morceaux faciles \u00e0 g\u00e9rer, m\u00e9langez-les avec un peu de mayonnaise et \u00e9talez-le sur du pain grill\u00e9 avant de construire le reste de votre BEC.<\/p>\n<h2 id=\"easy-braised-scallions-for-one-lightly-adapted-from-molly-stevens-recipe\">Oignons verts brais\u00e9s faciles pour un (l\u00e9g\u00e8rement adapt\u00e9 de la recette de Molly Stevens)<\/h2>\n<h2>Ingr\u00e9dients:<\/h2>\n<ul>\n<li>\n<p>2 bottes d&rsquo;oignons verts (environ 14)<\/p>\n<\/li>\n<li>\n<p>1\/4 tasse d&rsquo;eau<\/p>\n<\/li>\n<li>\n<p>2 cuill\u00e8res \u00e0 soupe de beurre sal\u00e9, coup\u00e9 en petits morceaux de 1\/4 de pouce<\/p>\n<\/li>\n<li>\n<p>1 pinc\u00e9e de gros sel \u00e0 trois doigts<\/p>\n<\/li>\n<\/ul>\n<p>Rincez les oignons verts et coupez les racines. Prenez une r\u00f4tissoire qui s\u2019adapte juste aux oignons verts dans le sens de la longueur. Placez la moiti\u00e9 des oignons verts dans la po\u00eale avec les bulbes d&rsquo;un c\u00f4t\u00e9, puis placez le reste dans la po\u00eale avec les bulbes du c\u00f4t\u00e9 oppos\u00e9. Ajoutez l&rsquo;eau dans la po\u00eale et r\u00e9partissez le beurre sur les oignons verts.<\/p>\n<p>Couvrir herm\u00e9tiquement la po\u00eale de papier d&rsquo;aluminium et r\u00f4tir au four \u00e0 350 \u2109 pendant 30 minutes. D\u00e9couvrez, augmentez la temp\u00e9rature \u00e0 450 \u2109 et faites r\u00f4tir encore 10 \u00e0 15 minutes, en remuant les oignons verts toutes les cinq minutes environ, jusqu&rsquo;\u00e0 ce que presque tout le liquide se soit \u00e9vapor\u00e9 et que les extr\u00e9mit\u00e9s des oignons verts soient brunes. Servir chaud, ti\u00e8de ou \u00e0 temp\u00e9rature ambiante.<\/p>\n","protected":false},"excerpt":{"rendered":"<p>Ce c\u00f4t\u00e9 v\u00e9g\u00e9tal est rapide, pratique et plein de saveurs. J&rsquo;ai essay\u00e9 de manger plus de l\u00e9gumes, de produits verts et de parties de plantes<\/p>\n","protected":false},"author":1,"featured_media":988,"comment_status":"","ping_status":"","sticky":false,"template":"","format":"standard","meta":{"footnotes":""},"categories":[39],"tags":[1036,1520,1521,14,1523,1518,1522,211,1348,18,1519],"class_list":["post-987","post","type-post","status-publish","format-standard","has-post-thumbnail","hentry","category-gastronomie","tag-bon","tag-braises","tag-daccompagnement","tag-les","tag-marche","tag-oignons","tag-parfait","tag-plat","tag-semaine","tag-sont","tag-verts","generate-columns","tablet-grid-50","mobile-grid-100","grid-parent","grid-33"],"yoast_head":"<!-- This site is optimized with the Yoast SEO plugin v24.0 - https:\/\/yoast.com\/wordpress\/plugins\/seo\/ -->\n<title>Les oignons verts brais\u00e9s sont le plat d\u2019accompagnement parfait et bon march\u00e9 en semaine | Vie Associative<\/title>\n<meta name=\"robots\" content=\"index, follow, max-snippet:-1, max-image-preview:large, max-video-preview:-1\" \/>\n<link rel=\"canonical\" href=\"https:\/\/vieassociative.be\/actualites\/les-oignons-verts-braises-sont-le-plat-daccompagnement-parfait-et-bon-marche-en-semaine\/\" \/>\n<meta property=\"og:locale\" content=\"fr_FR\" \/>\n<meta property=\"og:type\" content=\"article\" \/>\n<meta property=\"og:title\" content=\"Les oignons verts brais\u00e9s sont le plat d\u2019accompagnement parfait et bon march\u00e9 en semaine | Vie Associative\" \/>\n<meta property=\"og:description\" content=\"Ce c\u00f4t\u00e9 v\u00e9g\u00e9tal est rapide, pratique et plein de saveurs. J&rsquo;ai essay\u00e9 de manger plus de l\u00e9gumes, de produits verts et de parties de plantes\" \/>\n<meta property=\"og:url\" content=\"https:\/\/vieassociative.be\/actualites\/les-oignons-verts-braises-sont-le-plat-daccompagnement-parfait-et-bon-marche-en-semaine\/\" \/>\n<meta property=\"og:site_name\" content=\"Vie Associative\" \/>\n<meta property=\"article:published_time\" content=\"2024-10-08T10:18:27+00:00\" \/>\n<meta property=\"og:image\" content=\"https:\/\/vieassociative.be\/actualites\/wp-content\/uploads\/2024\/09\/header_backgroundk-01-e1726694325946.png\" \/>\n\t<meta property=\"og:image:width\" content=\"279\" \/>\n\t<meta property=\"og:image:height\" content=\"92\" \/>\n\t<meta property=\"og:image:type\" content=\"image\/png\" \/>\n<meta name=\"author\" content=\"Julien\" \/>\n<meta name=\"twitter:card\" content=\"summary_large_image\" \/>\n<meta name=\"twitter:label1\" content=\"\u00c9crit par\" \/>\n\t<meta name=\"twitter:data1\" content=\"Julien\" \/>\n\t<meta name=\"twitter:label2\" content=\"Dur\u00e9e de lecture est.\" \/>\n\t<meta name=\"twitter:data2\" content=\"3 minutes\" \/>\n<script type=\"application\/ld+json\" class=\"yoast-schema-graph\">{\"@context\":\"https:\/\/schema.org\",\"@graph\":[{\"@type\":\"Article\",\"@id\":\"https:\/\/vieassociative.be\/actualites\/les-oignons-verts-braises-sont-le-plat-daccompagnement-parfait-et-bon-marche-en-semaine\/#article\",\"isPartOf\":{\"@id\":\"https:\/\/vieassociative.be\/actualites\/les-oignons-verts-braises-sont-le-plat-daccompagnement-parfait-et-bon-marche-en-semaine\/\"},\"author\":{\"name\":\"Julien\",\"@id\":\"https:\/\/vieassociative.be\/actualites\/#\/schema\/person\/b87ac4f82f9d4e7b7cec7395b679edc4\"},\"headline\":\"Les oignons verts brais\u00e9s sont le plat d\u2019accompagnement parfait et bon march\u00e9 en semaine\",\"datePublished\":\"2024-10-08T10:18:27+00:00\",\"dateModified\":\"2024-10-08T10:18:27+00:00\",\"mainEntityOfPage\":{\"@id\":\"https:\/\/vieassociative.be\/actualites\/les-oignons-verts-braises-sont-le-plat-daccompagnement-parfait-et-bon-marche-en-semaine\/\"},\"wordCount\":592,\"publisher\":{\"@id\":\"https:\/\/vieassociative.be\/actualites\/#organization\"},\"image\":{\"@id\":\"https:\/\/vieassociative.be\/actualites\/les-oignons-verts-braises-sont-le-plat-daccompagnement-parfait-et-bon-marche-en-semaine\/#primaryimage\"},\"thumbnailUrl\":\"https:\/\/vieassociative.be\/actualites\/wp-content\/uploads\/2024\/10\/Les-oignons-verts-braises-sont-le-plat-daccompagnement-parfait-et.jpg\",\"keywords\":[\"bon\",\"brais\u00e9s\",\"daccompagnement\",\"Les\",\"march\u00e9\",\"oignons\",\"parfait\",\"plat\",\"semaine\",\"sont\",\"verts\"],\"articleSection\":[\"Gastronomie\"],\"inLanguage\":\"fr-BE\"},{\"@type\":\"WebPage\",\"@id\":\"https:\/\/vieassociative.be\/actualites\/les-oignons-verts-braises-sont-le-plat-daccompagnement-parfait-et-bon-marche-en-semaine\/\",\"url\":\"https:\/\/vieassociative.be\/actualites\/les-oignons-verts-braises-sont-le-plat-daccompagnement-parfait-et-bon-marche-en-semaine\/\",\"name\":\"Les oignons verts brais\u00e9s sont le plat d\u2019accompagnement parfait et bon march\u00e9 en semaine | Vie Associative\",\"isPartOf\":{\"@id\":\"https:\/\/vieassociative.be\/actualites\/#website\"},\"primaryImageOfPage\":{\"@id\":\"https:\/\/vieassociative.be\/actualites\/les-oignons-verts-braises-sont-le-plat-daccompagnement-parfait-et-bon-marche-en-semaine\/#primaryimage\"},\"image\":{\"@id\":\"https:\/\/vieassociative.be\/actualites\/les-oignons-verts-braises-sont-le-plat-daccompagnement-parfait-et-bon-marche-en-semaine\/#primaryimage\"},\"thumbnailUrl\":\"https:\/\/vieassociative.be\/actualites\/wp-content\/uploads\/2024\/10\/Les-oignons-verts-braises-sont-le-plat-daccompagnement-parfait-et.jpg\",\"datePublished\":\"2024-10-08T10:18:27+00:00\",\"dateModified\":\"2024-10-08T10:18:27+00:00\",\"breadcrumb\":{\"@id\":\"https:\/\/vieassociative.be\/actualites\/les-oignons-verts-braises-sont-le-plat-daccompagnement-parfait-et-bon-marche-en-semaine\/#breadcrumb\"},\"inLanguage\":\"fr-BE\",\"potentialAction\":[{\"@type\":\"ReadAction\",\"target\":[\"https:\/\/vieassociative.be\/actualites\/les-oignons-verts-braises-sont-le-plat-daccompagnement-parfait-et-bon-marche-en-semaine\/\"]}]},{\"@type\":\"ImageObject\",\"inLanguage\":\"fr-BE\",\"@id\":\"https:\/\/vieassociative.be\/actualites\/les-oignons-verts-braises-sont-le-plat-daccompagnement-parfait-et-bon-marche-en-semaine\/#primaryimage\",\"url\":\"https:\/\/vieassociative.be\/actualites\/wp-content\/uploads\/2024\/10\/Les-oignons-verts-braises-sont-le-plat-daccompagnement-parfait-et.jpg\",\"contentUrl\":\"https:\/\/vieassociative.be\/actualites\/wp-content\/uploads\/2024\/10\/Les-oignons-verts-braises-sont-le-plat-daccompagnement-parfait-et.jpg\",\"width\":1200,\"height\":675,\"caption\":\"Les oignons verts brais\u00e9s sont le plat d\u2019accompagnement parfait et bon march\u00e9 en semaine\"},{\"@type\":\"BreadcrumbList\",\"@id\":\"https:\/\/vieassociative.be\/actualites\/les-oignons-verts-braises-sont-le-plat-daccompagnement-parfait-et-bon-marche-en-semaine\/#breadcrumb\",\"itemListElement\":[{\"@type\":\"ListItem\",\"position\":1,\"name\":\"Accueil\",\"item\":\"https:\/\/vieassociative.be\/actualites\/\"},{\"@type\":\"ListItem\",\"position\":2,\"name\":\"Les oignons verts brais\u00e9s sont le plat d\u2019accompagnement parfait et bon march\u00e9 en semaine\"}]},{\"@type\":\"WebSite\",\"@id\":\"https:\/\/vieassociative.be\/actualites\/#website\",\"url\":\"https:\/\/vieassociative.be\/actualites\/\",\"name\":\"Vie Associative\",\"description\":\"\",\"publisher\":{\"@id\":\"https:\/\/vieassociative.be\/actualites\/#organization\"},\"potentialAction\":[{\"@type\":\"SearchAction\",\"target\":{\"@type\":\"EntryPoint\",\"urlTemplate\":\"https:\/\/vieassociative.be\/actualites\/?s={search_term_string}\"},\"query-input\":{\"@type\":\"PropertyValueSpecification\",\"valueRequired\":true,\"valueName\":\"search_term_string\"}}],\"inLanguage\":\"fr-BE\"},{\"@type\":\"Organization\",\"@id\":\"https:\/\/vieassociative.be\/actualites\/#organization\",\"name\":\"Vie Associative\",\"url\":\"https:\/\/vieassociative.be\/actualites\/\",\"logo\":{\"@type\":\"ImageObject\",\"inLanguage\":\"fr-BE\",\"@id\":\"https:\/\/vieassociative.be\/actualites\/#\/schema\/logo\/image\/\",\"url\":\"https:\/\/vieassociative.be\/actualites\/wp-content\/uploads\/2024\/09\/cropped-vieassociative_favicon.ico.png\",\"contentUrl\":\"https:\/\/vieassociative.be\/actualites\/wp-content\/uploads\/2024\/09\/cropped-vieassociative_favicon.ico.png\",\"width\":512,\"height\":512,\"caption\":\"Vie Associative\"},\"image\":{\"@id\":\"https:\/\/vieassociative.be\/actualites\/#\/schema\/logo\/image\/\"}},{\"@type\":\"Person\",\"@id\":\"https:\/\/vieassociative.be\/actualites\/#\/schema\/person\/b87ac4f82f9d4e7b7cec7395b679edc4\",\"name\":\"Julien\",\"image\":{\"@type\":\"ImageObject\",\"inLanguage\":\"fr-BE\",\"@id\":\"https:\/\/vieassociative.be\/actualites\/#\/schema\/person\/image\/\",\"url\":\"https:\/\/vieassociative.be\/actualites\/wp-content\/uploads\/2024\/09\/vie-associative-1-150x150.jpg\",\"contentUrl\":\"https:\/\/vieassociative.be\/actualites\/wp-content\/uploads\/2024\/09\/vie-associative-1-150x150.jpg\",\"caption\":\"Julien\"},\"description\":\"Je suis Julien, r\u00e9dacteur pour Vie Associative. Passionn\u00e9 par le monde associatif depuis plus de 10 ans, j'ai \u00e0 c\u0153ur de partager des histoires inspirantes et de mettre en lumi\u00e8re les initiatives locales. Mon objectif est de sensibiliser et d'encourager l'engagement communautaire \u00e0 travers mes articles.\",\"sameAs\":[\"https:\/\/vieassociative.be\/\"]}]}<\/script>\n<!-- \/ Yoast SEO plugin. -->","yoast_head_json":{"title":"Les oignons verts brais\u00e9s sont le plat d\u2019accompagnement parfait et bon march\u00e9 en semaine | Vie Associative","robots":{"index":"index","follow":"follow","max-snippet":"max-snippet:-1","max-image-preview":"max-image-preview:large","max-video-preview":"max-video-preview:-1"},"canonical":"https:\/\/vieassociative.be\/actualites\/les-oignons-verts-braises-sont-le-plat-daccompagnement-parfait-et-bon-marche-en-semaine\/","og_locale":"fr_FR","og_type":"article","og_title":"Les oignons verts brais\u00e9s sont le plat d\u2019accompagnement parfait et bon march\u00e9 en semaine | Vie Associative","og_description":"Ce c\u00f4t\u00e9 v\u00e9g\u00e9tal est rapide, pratique et plein de saveurs. J&rsquo;ai essay\u00e9 de manger plus de l\u00e9gumes, de produits verts et de parties de plantes","og_url":"https:\/\/vieassociative.be\/actualites\/les-oignons-verts-braises-sont-le-plat-daccompagnement-parfait-et-bon-marche-en-semaine\/","og_site_name":"Vie Associative","article_published_time":"2024-10-08T10:18:27+00:00","og_image":[{"width":279,"height":92,"url":"https:\/\/vieassociative.be\/actualites\/wp-content\/uploads\/2024\/09\/header_backgroundk-01-e1726694325946.png","type":"image\/png"}],"author":"Julien","twitter_card":"summary_large_image","twitter_misc":{"\u00c9crit par":"Julien","Dur\u00e9e de lecture est.":"3 minutes"},"schema":{"@context":"https:\/\/schema.org","@graph":[{"@type":"Article","@id":"https:\/\/vieassociative.be\/actualites\/les-oignons-verts-braises-sont-le-plat-daccompagnement-parfait-et-bon-marche-en-semaine\/#article","isPartOf":{"@id":"https:\/\/vieassociative.be\/actualites\/les-oignons-verts-braises-sont-le-plat-daccompagnement-parfait-et-bon-marche-en-semaine\/"},"author":{"name":"Julien","@id":"https:\/\/vieassociative.be\/actualites\/#\/schema\/person\/b87ac4f82f9d4e7b7cec7395b679edc4"},"headline":"Les oignons verts brais\u00e9s sont le plat d\u2019accompagnement parfait et bon march\u00e9 en semaine","datePublished":"2024-10-08T10:18:27+00:00","dateModified":"2024-10-08T10:18:27+00:00","mainEntityOfPage":{"@id":"https:\/\/vieassociative.be\/actualites\/les-oignons-verts-braises-sont-le-plat-daccompagnement-parfait-et-bon-marche-en-semaine\/"},"wordCount":592,"publisher":{"@id":"https:\/\/vieassociative.be\/actualites\/#organization"},"image":{"@id":"https:\/\/vieassociative.be\/actualites\/les-oignons-verts-braises-sont-le-plat-daccompagnement-parfait-et-bon-marche-en-semaine\/#primaryimage"},"thumbnailUrl":"https:\/\/vieassociative.be\/actualites\/wp-content\/uploads\/2024\/10\/Les-oignons-verts-braises-sont-le-plat-daccompagnement-parfait-et.jpg","keywords":["bon","brais\u00e9s","daccompagnement","Les","march\u00e9","oignons","parfait","plat","semaine","sont","verts"],"articleSection":["Gastronomie"],"inLanguage":"fr-BE"},{"@type":"WebPage","@id":"https:\/\/vieassociative.be\/actualites\/les-oignons-verts-braises-sont-le-plat-daccompagnement-parfait-et-bon-marche-en-semaine\/","url":"https:\/\/vieassociative.be\/actualites\/les-oignons-verts-braises-sont-le-plat-daccompagnement-parfait-et-bon-marche-en-semaine\/","name":"Les oignons verts brais\u00e9s sont le plat d\u2019accompagnement parfait et bon march\u00e9 en semaine | Vie Associative","isPartOf":{"@id":"https:\/\/vieassociative.be\/actualites\/#website"},"primaryImageOfPage":{"@id":"https:\/\/vieassociative.be\/actualites\/les-oignons-verts-braises-sont-le-plat-daccompagnement-parfait-et-bon-marche-en-semaine\/#primaryimage"},"image":{"@id":"https:\/\/vieassociative.be\/actualites\/les-oignons-verts-braises-sont-le-plat-daccompagnement-parfait-et-bon-marche-en-semaine\/#primaryimage"},"thumbnailUrl":"https:\/\/vieassociative.be\/actualites\/wp-content\/uploads\/2024\/10\/Les-oignons-verts-braises-sont-le-plat-daccompagnement-parfait-et.jpg","datePublished":"2024-10-08T10:18:27+00:00","dateModified":"2024-10-08T10:18:27+00:00","breadcrumb":{"@id":"https:\/\/vieassociative.be\/actualites\/les-oignons-verts-braises-sont-le-plat-daccompagnement-parfait-et-bon-marche-en-semaine\/#breadcrumb"},"inLanguage":"fr-BE","potentialAction":[{"@type":"ReadAction","target":["https:\/\/vieassociative.be\/actualites\/les-oignons-verts-braises-sont-le-plat-daccompagnement-parfait-et-bon-marche-en-semaine\/"]}]},{"@type":"ImageObject","inLanguage":"fr-BE","@id":"https:\/\/vieassociative.be\/actualites\/les-oignons-verts-braises-sont-le-plat-daccompagnement-parfait-et-bon-marche-en-semaine\/#primaryimage","url":"https:\/\/vieassociative.be\/actualites\/wp-content\/uploads\/2024\/10\/Les-oignons-verts-braises-sont-le-plat-daccompagnement-parfait-et.jpg","contentUrl":"https:\/\/vieassociative.be\/actualites\/wp-content\/uploads\/2024\/10\/Les-oignons-verts-braises-sont-le-plat-daccompagnement-parfait-et.jpg","width":1200,"height":675,"caption":"Les oignons verts brais\u00e9s sont le plat d\u2019accompagnement parfait et bon march\u00e9 en semaine"},{"@type":"BreadcrumbList","@id":"https:\/\/vieassociative.be\/actualites\/les-oignons-verts-braises-sont-le-plat-daccompagnement-parfait-et-bon-marche-en-semaine\/#breadcrumb","itemListElement":[{"@type":"ListItem","position":1,"name":"Accueil","item":"https:\/\/vieassociative.be\/actualites\/"},{"@type":"ListItem","position":2,"name":"Les oignons verts brais\u00e9s sont le plat d\u2019accompagnement parfait et bon march\u00e9 en semaine"}]},{"@type":"WebSite","@id":"https:\/\/vieassociative.be\/actualites\/#website","url":"https:\/\/vieassociative.be\/actualites\/","name":"Vie Associative","description":"","publisher":{"@id":"https:\/\/vieassociative.be\/actualites\/#organization"},"potentialAction":[{"@type":"SearchAction","target":{"@type":"EntryPoint","urlTemplate":"https:\/\/vieassociative.be\/actualites\/?s={search_term_string}"},"query-input":{"@type":"PropertyValueSpecification","valueRequired":true,"valueName":"search_term_string"}}],"inLanguage":"fr-BE"},{"@type":"Organization","@id":"https:\/\/vieassociative.be\/actualites\/#organization","name":"Vie Associative","url":"https:\/\/vieassociative.be\/actualites\/","logo":{"@type":"ImageObject","inLanguage":"fr-BE","@id":"https:\/\/vieassociative.be\/actualites\/#\/schema\/logo\/image\/","url":"https:\/\/vieassociative.be\/actualites\/wp-content\/uploads\/2024\/09\/cropped-vieassociative_favicon.ico.png","contentUrl":"https:\/\/vieassociative.be\/actualites\/wp-content\/uploads\/2024\/09\/cropped-vieassociative_favicon.ico.png","width":512,"height":512,"caption":"Vie Associative"},"image":{"@id":"https:\/\/vieassociative.be\/actualites\/#\/schema\/logo\/image\/"}},{"@type":"Person","@id":"https:\/\/vieassociative.be\/actualites\/#\/schema\/person\/b87ac4f82f9d4e7b7cec7395b679edc4","name":"Julien","image":{"@type":"ImageObject","inLanguage":"fr-BE","@id":"https:\/\/vieassociative.be\/actualites\/#\/schema\/person\/image\/","url":"https:\/\/vieassociative.be\/actualites\/wp-content\/uploads\/2024\/09\/vie-associative-1-150x150.jpg","contentUrl":"https:\/\/vieassociative.be\/actualites\/wp-content\/uploads\/2024\/09\/vie-associative-1-150x150.jpg","caption":"Julien"},"description":"Je suis Julien, r\u00e9dacteur pour Vie Associative. Passionn\u00e9 par le monde associatif depuis plus de 10 ans, j'ai \u00e0 c\u0153ur de partager des histoires inspirantes et de mettre en lumi\u00e8re les initiatives locales. Mon objectif est de sensibiliser et d'encourager l'engagement communautaire \u00e0 travers mes articles.","sameAs":["https:\/\/vieassociative.be\/"]}]}},"_links":{"self":[{"href":"https:\/\/vieassociative.be\/actualites\/wp-json\/wp\/v2\/posts\/987"}],"collection":[{"href":"https:\/\/vieassociative.be\/actualites\/wp-json\/wp\/v2\/posts"}],"about":[{"href":"https:\/\/vieassociative.be\/actualites\/wp-json\/wp\/v2\/types\/post"}],"author":[{"embeddable":true,"href":"https:\/\/vieassociative.be\/actualites\/wp-json\/wp\/v2\/users\/1"}],"replies":[{"embeddable":true,"href":"https:\/\/vieassociative.be\/actualites\/wp-json\/wp\/v2\/comments?post=987"}],"version-history":[{"count":0,"href":"https:\/\/vieassociative.be\/actualites\/wp-json\/wp\/v2\/posts\/987\/revisions"}],"wp:featuredmedia":[{"embeddable":true,"href":"https:\/\/vieassociative.be\/actualites\/wp-json\/wp\/v2\/media\/988"}],"wp:attachment":[{"href":"https:\/\/vieassociative.be\/actualites\/wp-json\/wp\/v2\/media?parent=987"}],"wp:term":[{"taxonomy":"category","embeddable":true,"href":"https:\/\/vieassociative.be\/actualites\/wp-json\/wp\/v2\/categories?post=987"},{"taxonomy":"post_tag","embeddable":true,"href":"https:\/\/vieassociative.be\/actualites\/wp-json\/wp\/v2\/tags?post=987"}],"curies":[{"name":"wp","href":"https:\/\/api.w.org\/{rel}","templated":true}]}}