{"id":9862,"date":"2025-09-06T16:17:01","date_gmt":"2025-09-06T14:17:01","guid":{"rendered":"https:\/\/vieassociative.be\/actualites\/paasch-continue-de-rever-de-la-dg-comme-une-region-modele-pour-la-protection-du-climat-malgre-la-situation-financiere-tendue\/"},"modified":"2025-09-06T16:17:01","modified_gmt":"2025-09-06T14:17:01","slug":"paasch-continue-de-rever-de-la-dg-comme-une-region-modele-pour-la-protection-du-climat-malgre-la-situation-financiere-tendue","status":"publish","type":"post","link":"https:\/\/vieassociative.be\/actualites\/paasch-continue-de-rever-de-la-dg-comme-une-region-modele-pour-la-protection-du-climat-malgre-la-situation-financiere-tendue\/","title":{"rendered":"Paasch continue de r\u00eaver de la DG comme une \u00ab\u00a0r\u00e9gion mod\u00e8le pour la protection du climat\u00a0\u00bb &#8211; malgr\u00e9 la situation financi\u00e8re tendue"},"content":{"rendered":"<p><strong>\u00ab\u00a0Quelle que soit la situation financi\u00e8re difficile, le gouvernement de la communaut\u00e9 germanophone continue de s&rsquo;engager dans les objectifs du plan \u00e9nerg\u00e9tique et climatique int\u00e9gr\u00e9 en continuant \u00e0 poursuivre l&rsquo;attitude ambitieuse de faire une r\u00e9gion mod\u00e8le pour la protection climatique contre l&rsquo;Est de la Belgique.\u00a0\u00bb<\/strong><\/p>\n<p><span id=\"more-423918\"><\/span>Avec ces mots, le Premier ministre de la DG, Oliver Paasch (ProDG), a clairement indiqu\u00e9 que son gouvernement continue de soutenir les mesures d&rsquo;efficacit\u00e9 \u00e9nerg\u00e9tique dans le cadre de ses responsabilit\u00e9s, par exemple en accordant des primes \u00e9nerg\u00e9tiques, ce qui a fait une partie importante des mesures visant \u00e0 r\u00e9duire les \u00e9missions de gaz \u00e0 effet de serre.<\/p>\n<p>\u00c9tant donn\u00e9 que la juridiction des primes \u00e9nerg\u00e9tiques en 2021 est pass\u00e9e de la r\u00e9gion de Walloon \u00e0 la DG, non seulement la bureaucratie associ\u00e9e avait \u00e9t\u00e9 consid\u00e9rablement r\u00e9duite, mais un syst\u00e8me significativement simplifi\u00e9 a \u00e9galement \u00e9t\u00e9 construit.<\/p>\n<div id=\"attachment_301325\" class=\"wp-caption alignleft\" style=\"max-width: 300px\"><img fetchpriority=\"high\" decoding=\"async\" class=\"wp-image-301325 size-medium\" src=\"https:\/\/vieassociative.be\/actualites\/wp-content\/uploads\/2025\/09\/Paasch-continue-de-rever-de-la-DG-comme-une-region.jpeg\" alt=\"\" width=\"300\" height=\"200\"  ><\/div>\n<p>\u00ab\u00a0Les fonds fournis pour cela ont \u00e9galement \u00e9t\u00e9 m\u00e9pris\u00e9s en faveur des candidats par rapport au Geldern, qui a d\u00e9j\u00e0 \u00e9t\u00e9 fourni par le c\u00f4t\u00e9 wallonien.<\/p>\n<p>Afin d&rsquo;utiliser encore plus pr\u00e9cis\u00e9ment les primes \u00e9nerg\u00e9tiques et de les envoyer aux m\u00e9nages, pour lesquels la mise en \u0153uvre de ces mesures peut \u00eatre un obstacle financier insurmontable, le gouvernement DG a l&rsquo;intention d&rsquo;adapter le syst\u00e8me premium pour augmenter l&rsquo;efficacit\u00e9 \u00e9nerg\u00e9tique des b\u00e2timents r\u00e9sidentiels.<\/p>\n<p>Par exemple, une limite de salaire du m\u00e9nage demandeur doit \u00eatre introduite comme acc\u00e8s aux primes \u00e9nerg\u00e9tiques de la DG de 114 400 euros (revenu annuel \u00e0 l&rsquo;\u00e9chelle mondiale), plus 5 000 euros par enfant droit \u00e0 l&rsquo;entretien. Le nouveau r\u00e8glement devrait entrer en vigueur en 2026. Les applications en cours pour 2025 ne sont pas affect\u00e9es, a-t-elle d\u00e9clar\u00e9 dans un communiqu\u00e9 de presse. (Cre)<\/p>\n<p><em><strong>Sur le sujet, voir \u00e9galement l&rsquo;article suivant sur OD:<\/strong><\/em><\/p>\n<div class=\"responsive-embed widescreen\">\n<blockquote class=\"wp-embedded-content\" data-secret=\"gmmnf9XXgP\">\n<p>Balter interroge Paasch sur les d\u00e9penses du gouvernement DG pour des \u00e9tudes externes et des consultants<\/p>\n<\/blockquote>\n<p><iframe loading=\"lazy\" class=\"wp-embedded-content\" sandbox=\"allow-scripts\" security=\"restricted\" style=\"position: absolute; visibility: hidden;\" title=\"\u201eBalter fragt nach bei Paasch zu den Ausgaben der Regierung der DG f\u00fcr externe Studien und Berater\u201c \u2014 Ostbelgien Direkt\" src=\"https:\/\/ostbelgiendirekt.be\/about:blank\" data-secret=\"gmmnf9XXgP\" width=\"500\" height=\"282\" frameborder=\"0\" marginwidth=\"0\" marginheight=\"0\" scrolling=\"no\" data-rocket-lazyload=\"fitvidscompatible\" data-lazy-src=\"https:\/\/ostbelgiendirekt.be\/dg-externe-studien-und-berater-423764\/embed#?secret=u8iRB86p4L#?secret=gmmnf9XXgP\"><\/iframe><noscript><iframe class=\"wp-embedded-content\" sandbox=\"allow-scripts\" security=\"restricted\" style=\"position: absolute; visibility: hidden;\" title=\"\u201eBalter fragt nach bei Paasch zu den Ausgaben der Regierung der DG f\u00fcr externe Studien und Berater\u201c \u2014 Ostbelgien Direkt\" src=\"https:\/\/ostbelgiendirekt.be\/dg-externe-studien-und-berater-423764\/embed#?secret=u8iRB86p4L#?secret=gmmnf9XXgP\" data-secret=\"gmmnf9XXgP\" width=\"500\" height=\"282\" frameborder=\"0\" marginwidth=\"0\" marginheight=\"0\" scrolling=\"no\"><\/iframe><\/noscript><\/p>\n<\/div>\n","protected":false},"excerpt":{"rendered":"<p>\u00ab\u00a0Quelle que soit la situation financi\u00e8re difficile, le gouvernement de la communaut\u00e9 germanophone continue de s&rsquo;engager dans les objectifs du plan \u00e9nerg\u00e9tique et climatique int\u00e9gr\u00e9<\/p>\n","protected":false},"author":1,"featured_media":9863,"comment_status":"","ping_status":"","sticky":false,"template":"","format":"standard","meta":{"footnotes":""},"categories":[298],"tags":[2991,1254,2426,7416,4205,5113,2553,81,3054,4041,8435,1376,8436,110],"class_list":["post-9862","post","type-post","status-publish","format-standard","has-post-thumbnail","hentry","category-belgique","tag-climat","tag-comme","tag-continue","tag-financiere","tag-malgre","tag-modele","tag-paasch","tag-pour","tag-protection","tag-region","tag-rever","tag-situation","tag-tendue","tag-une","generate-columns","tablet-grid-50","mobile-grid-100","grid-parent","grid-33"],"yoast_head":"<!-- This site is optimized with the Yoast SEO plugin v24.0 - https:\/\/yoast.com\/wordpress\/plugins\/seo\/ -->\n<title>Paasch continue de r\u00eaver de la DG comme une &quot;r\u00e9gion mod\u00e8le pour la protection du climat&quot; - malgr\u00e9 la situation financi\u00e8re tendue | Vie Associative<\/title>\n<meta name=\"robots\" content=\"index, follow, max-snippet:-1, max-image-preview:large, max-video-preview:-1\" \/>\n<link rel=\"canonical\" href=\"https:\/\/vieassociative.be\/actualites\/paasch-continue-de-rever-de-la-dg-comme-une-region-modele-pour-la-protection-du-climat-malgre-la-situation-financiere-tendue\/\" \/>\n<meta property=\"og:locale\" content=\"fr_FR\" \/>\n<meta property=\"og:type\" content=\"article\" \/>\n<meta property=\"og:title\" content=\"Paasch continue de r\u00eaver de la DG comme une &quot;r\u00e9gion mod\u00e8le pour la protection du climat&quot; - malgr\u00e9 la situation financi\u00e8re tendue | Vie Associative\" \/>\n<meta property=\"og:description\" content=\"\u00ab\u00a0Quelle que soit la situation financi\u00e8re difficile, le gouvernement de la communaut\u00e9 germanophone continue de s&rsquo;engager dans les objectifs du plan \u00e9nerg\u00e9tique et climatique int\u00e9gr\u00e9\" \/>\n<meta property=\"og:url\" content=\"https:\/\/vieassociative.be\/actualites\/paasch-continue-de-rever-de-la-dg-comme-une-region-modele-pour-la-protection-du-climat-malgre-la-situation-financiere-tendue\/\" \/>\n<meta property=\"og:site_name\" content=\"Vie Associative\" \/>\n<meta property=\"article:published_time\" content=\"2025-09-06T14:17:01+00:00\" \/>\n<meta property=\"og:image\" content=\"https:\/\/vieassociative.be\/actualites\/wp-content\/uploads\/2024\/09\/header_backgroundk-01-e1726694325946.png\" \/>\n\t<meta property=\"og:image:width\" content=\"279\" \/>\n\t<meta property=\"og:image:height\" content=\"92\" \/>\n\t<meta property=\"og:image:type\" content=\"image\/png\" \/>\n<meta name=\"author\" content=\"Julien\" \/>\n<meta name=\"twitter:card\" content=\"summary_large_image\" \/>\n<meta name=\"twitter:label1\" content=\"\u00c9crit par\" \/>\n\t<meta name=\"twitter:data1\" content=\"Julien\" \/>\n\t<meta name=\"twitter:label2\" content=\"Dur\u00e9e de lecture est.\" \/>\n\t<meta name=\"twitter:data2\" content=\"2 minutes\" \/>\n<script type=\"application\/ld+json\" class=\"yoast-schema-graph\">{\"@context\":\"https:\/\/schema.org\",\"@graph\":[{\"@type\":\"Article\",\"@id\":\"https:\/\/vieassociative.be\/actualites\/paasch-continue-de-rever-de-la-dg-comme-une-region-modele-pour-la-protection-du-climat-malgre-la-situation-financiere-tendue\/#article\",\"isPartOf\":{\"@id\":\"https:\/\/vieassociative.be\/actualites\/paasch-continue-de-rever-de-la-dg-comme-une-region-modele-pour-la-protection-du-climat-malgre-la-situation-financiere-tendue\/\"},\"author\":{\"name\":\"Julien\",\"@id\":\"https:\/\/vieassociative.be\/actualites\/#\/schema\/person\/b87ac4f82f9d4e7b7cec7395b679edc4\"},\"headline\":\"Paasch continue de r\u00eaver de la DG comme une \u00ab\u00a0r\u00e9gion mod\u00e8le pour la protection du climat\u00a0\u00bb &#8211; malgr\u00e9 la situation financi\u00e8re tendue\",\"datePublished\":\"2025-09-06T14:17:01+00:00\",\"dateModified\":\"2025-09-06T14:17:01+00:00\",\"mainEntityOfPage\":{\"@id\":\"https:\/\/vieassociative.be\/actualites\/paasch-continue-de-rever-de-la-dg-comme-une-region-modele-pour-la-protection-du-climat-malgre-la-situation-financiere-tendue\/\"},\"wordCount\":361,\"publisher\":{\"@id\":\"https:\/\/vieassociative.be\/actualites\/#organization\"},\"image\":{\"@id\":\"https:\/\/vieassociative.be\/actualites\/paasch-continue-de-rever-de-la-dg-comme-une-region-modele-pour-la-protection-du-climat-malgre-la-situation-financiere-tendue\/#primaryimage\"},\"thumbnailUrl\":\"https:\/\/vieassociative.be\/actualites\/wp-content\/uploads\/2025\/09\/Paasch-continue-de-rever-de-la-DG-comme-une-region.jpg\",\"keywords\":[\"climat\",\"comme\",\"continue\",\"financi\u00e8re\",\"malgr\u00e9\",\"mod\u00e8le\",\"Paasch\",\"pour\",\"protection\",\"R\u00e9gion\",\"r\u00eaver\",\"situation\",\"tendue\",\"une\"],\"articleSection\":[\"Belgique\"],\"inLanguage\":\"fr-BE\"},{\"@type\":\"WebPage\",\"@id\":\"https:\/\/vieassociative.be\/actualites\/paasch-continue-de-rever-de-la-dg-comme-une-region-modele-pour-la-protection-du-climat-malgre-la-situation-financiere-tendue\/\",\"url\":\"https:\/\/vieassociative.be\/actualites\/paasch-continue-de-rever-de-la-dg-comme-une-region-modele-pour-la-protection-du-climat-malgre-la-situation-financiere-tendue\/\",\"name\":\"Paasch continue de r\u00eaver de la DG comme une \\\"r\u00e9gion mod\u00e8le pour la protection du climat\\\" - malgr\u00e9 la situation financi\u00e8re tendue | Vie Associative\",\"isPartOf\":{\"@id\":\"https:\/\/vieassociative.be\/actualites\/#website\"},\"primaryImageOfPage\":{\"@id\":\"https:\/\/vieassociative.be\/actualites\/paasch-continue-de-rever-de-la-dg-comme-une-region-modele-pour-la-protection-du-climat-malgre-la-situation-financiere-tendue\/#primaryimage\"},\"image\":{\"@id\":\"https:\/\/vieassociative.be\/actualites\/paasch-continue-de-rever-de-la-dg-comme-une-region-modele-pour-la-protection-du-climat-malgre-la-situation-financiere-tendue\/#primaryimage\"},\"thumbnailUrl\":\"https:\/\/vieassociative.be\/actualites\/wp-content\/uploads\/2025\/09\/Paasch-continue-de-rever-de-la-DG-comme-une-region.jpg\",\"datePublished\":\"2025-09-06T14:17:01+00:00\",\"dateModified\":\"2025-09-06T14:17:01+00:00\",\"breadcrumb\":{\"@id\":\"https:\/\/vieassociative.be\/actualites\/paasch-continue-de-rever-de-la-dg-comme-une-region-modele-pour-la-protection-du-climat-malgre-la-situation-financiere-tendue\/#breadcrumb\"},\"inLanguage\":\"fr-BE\",\"potentialAction\":[{\"@type\":\"ReadAction\",\"target\":[\"https:\/\/vieassociative.be\/actualites\/paasch-continue-de-rever-de-la-dg-comme-une-region-modele-pour-la-protection-du-climat-malgre-la-situation-financiere-tendue\/\"]}]},{\"@type\":\"ImageObject\",\"inLanguage\":\"fr-BE\",\"@id\":\"https:\/\/vieassociative.be\/actualites\/paasch-continue-de-rever-de-la-dg-comme-une-region-modele-pour-la-protection-du-climat-malgre-la-situation-financiere-tendue\/#primaryimage\",\"url\":\"https:\/\/vieassociative.be\/actualites\/wp-content\/uploads\/2025\/09\/Paasch-continue-de-rever-de-la-DG-comme-une-region.jpg\",\"contentUrl\":\"https:\/\/vieassociative.be\/actualites\/wp-content\/uploads\/2025\/09\/Paasch-continue-de-rever-de-la-DG-comme-une-region.jpg\",\"width\":1300,\"height\":869,\"caption\":\"Paasch continue de r\u00eaver de la DG comme une \\\"r\u00e9gion mod\u00e8le pour la protection du climat\\\" - malgr\u00e9 la situation financi\u00e8re tendue\"},{\"@type\":\"BreadcrumbList\",\"@id\":\"https:\/\/vieassociative.be\/actualites\/paasch-continue-de-rever-de-la-dg-comme-une-region-modele-pour-la-protection-du-climat-malgre-la-situation-financiere-tendue\/#breadcrumb\",\"itemListElement\":[{\"@type\":\"ListItem\",\"position\":1,\"name\":\"Accueil\",\"item\":\"https:\/\/vieassociative.be\/actualites\/\"},{\"@type\":\"ListItem\",\"position\":2,\"name\":\"Paasch continue de r\u00eaver de la DG comme une \u00ab\u00a0r\u00e9gion mod\u00e8le pour la protection du climat\u00a0\u00bb &#8211; malgr\u00e9 la situation financi\u00e8re tendue\"}]},{\"@type\":\"WebSite\",\"@id\":\"https:\/\/vieassociative.be\/actualites\/#website\",\"url\":\"https:\/\/vieassociative.be\/actualites\/\",\"name\":\"Vie Associative\",\"description\":\"\",\"publisher\":{\"@id\":\"https:\/\/vieassociative.be\/actualites\/#organization\"},\"potentialAction\":[{\"@type\":\"SearchAction\",\"target\":{\"@type\":\"EntryPoint\",\"urlTemplate\":\"https:\/\/vieassociative.be\/actualites\/?s={search_term_string}\"},\"query-input\":{\"@type\":\"PropertyValueSpecification\",\"valueRequired\":true,\"valueName\":\"search_term_string\"}}],\"inLanguage\":\"fr-BE\"},{\"@type\":\"Organization\",\"@id\":\"https:\/\/vieassociative.be\/actualites\/#organization\",\"name\":\"Vie Associative\",\"url\":\"https:\/\/vieassociative.be\/actualites\/\",\"logo\":{\"@type\":\"ImageObject\",\"inLanguage\":\"fr-BE\",\"@id\":\"https:\/\/vieassociative.be\/actualites\/#\/schema\/logo\/image\/\",\"url\":\"https:\/\/vieassociative.be\/actualites\/wp-content\/uploads\/2024\/09\/cropped-vieassociative_favicon.ico.png\",\"contentUrl\":\"https:\/\/vieassociative.be\/actualites\/wp-content\/uploads\/2024\/09\/cropped-vieassociative_favicon.ico.png\",\"width\":512,\"height\":512,\"caption\":\"Vie Associative\"},\"image\":{\"@id\":\"https:\/\/vieassociative.be\/actualites\/#\/schema\/logo\/image\/\"}},{\"@type\":\"Person\",\"@id\":\"https:\/\/vieassociative.be\/actualites\/#\/schema\/person\/b87ac4f82f9d4e7b7cec7395b679edc4\",\"name\":\"Julien\",\"image\":{\"@type\":\"ImageObject\",\"inLanguage\":\"fr-BE\",\"@id\":\"https:\/\/vieassociative.be\/actualites\/#\/schema\/person\/image\/\",\"url\":\"https:\/\/vieassociative.be\/actualites\/wp-content\/uploads\/2024\/09\/vie-associative-1-150x150.jpg\",\"contentUrl\":\"https:\/\/vieassociative.be\/actualites\/wp-content\/uploads\/2024\/09\/vie-associative-1-150x150.jpg\",\"caption\":\"Julien\"},\"description\":\"Je suis Julien, r\u00e9dacteur pour Vie Associative. Passionn\u00e9 par le monde associatif depuis plus de 10 ans, j'ai \u00e0 c\u0153ur de partager des histoires inspirantes et de mettre en lumi\u00e8re les initiatives locales. Mon objectif est de sensibiliser et d'encourager l'engagement communautaire \u00e0 travers mes articles.\",\"sameAs\":[\"https:\/\/vieassociative.be\/\"]}]}<\/script>\n<!-- \/ Yoast SEO plugin. -->","yoast_head_json":{"title":"Paasch continue de r\u00eaver de la DG comme une \"r\u00e9gion mod\u00e8le pour la protection du climat\" - malgr\u00e9 la situation financi\u00e8re tendue | Vie Associative","robots":{"index":"index","follow":"follow","max-snippet":"max-snippet:-1","max-image-preview":"max-image-preview:large","max-video-preview":"max-video-preview:-1"},"canonical":"https:\/\/vieassociative.be\/actualites\/paasch-continue-de-rever-de-la-dg-comme-une-region-modele-pour-la-protection-du-climat-malgre-la-situation-financiere-tendue\/","og_locale":"fr_FR","og_type":"article","og_title":"Paasch continue de r\u00eaver de la DG comme une \"r\u00e9gion mod\u00e8le pour la protection du climat\" - malgr\u00e9 la situation financi\u00e8re tendue | Vie Associative","og_description":"\u00ab\u00a0Quelle que soit la situation financi\u00e8re difficile, le gouvernement de la communaut\u00e9 germanophone continue de s&rsquo;engager dans les objectifs du plan \u00e9nerg\u00e9tique et climatique int\u00e9gr\u00e9","og_url":"https:\/\/vieassociative.be\/actualites\/paasch-continue-de-rever-de-la-dg-comme-une-region-modele-pour-la-protection-du-climat-malgre-la-situation-financiere-tendue\/","og_site_name":"Vie Associative","article_published_time":"2025-09-06T14:17:01+00:00","og_image":[{"width":279,"height":92,"url":"https:\/\/vieassociative.be\/actualites\/wp-content\/uploads\/2024\/09\/header_backgroundk-01-e1726694325946.png","type":"image\/png"}],"author":"Julien","twitter_card":"summary_large_image","twitter_misc":{"\u00c9crit par":"Julien","Dur\u00e9e de lecture est.":"2 minutes"},"schema":{"@context":"https:\/\/schema.org","@graph":[{"@type":"Article","@id":"https:\/\/vieassociative.be\/actualites\/paasch-continue-de-rever-de-la-dg-comme-une-region-modele-pour-la-protection-du-climat-malgre-la-situation-financiere-tendue\/#article","isPartOf":{"@id":"https:\/\/vieassociative.be\/actualites\/paasch-continue-de-rever-de-la-dg-comme-une-region-modele-pour-la-protection-du-climat-malgre-la-situation-financiere-tendue\/"},"author":{"name":"Julien","@id":"https:\/\/vieassociative.be\/actualites\/#\/schema\/person\/b87ac4f82f9d4e7b7cec7395b679edc4"},"headline":"Paasch continue de r\u00eaver de la DG comme une \u00ab\u00a0r\u00e9gion mod\u00e8le pour la protection du climat\u00a0\u00bb &#8211; malgr\u00e9 la situation financi\u00e8re tendue","datePublished":"2025-09-06T14:17:01+00:00","dateModified":"2025-09-06T14:17:01+00:00","mainEntityOfPage":{"@id":"https:\/\/vieassociative.be\/actualites\/paasch-continue-de-rever-de-la-dg-comme-une-region-modele-pour-la-protection-du-climat-malgre-la-situation-financiere-tendue\/"},"wordCount":361,"publisher":{"@id":"https:\/\/vieassociative.be\/actualites\/#organization"},"image":{"@id":"https:\/\/vieassociative.be\/actualites\/paasch-continue-de-rever-de-la-dg-comme-une-region-modele-pour-la-protection-du-climat-malgre-la-situation-financiere-tendue\/#primaryimage"},"thumbnailUrl":"https:\/\/vieassociative.be\/actualites\/wp-content\/uploads\/2025\/09\/Paasch-continue-de-rever-de-la-DG-comme-une-region.jpg","keywords":["climat","comme","continue","financi\u00e8re","malgr\u00e9","mod\u00e8le","Paasch","pour","protection","R\u00e9gion","r\u00eaver","situation","tendue","une"],"articleSection":["Belgique"],"inLanguage":"fr-BE"},{"@type":"WebPage","@id":"https:\/\/vieassociative.be\/actualites\/paasch-continue-de-rever-de-la-dg-comme-une-region-modele-pour-la-protection-du-climat-malgre-la-situation-financiere-tendue\/","url":"https:\/\/vieassociative.be\/actualites\/paasch-continue-de-rever-de-la-dg-comme-une-region-modele-pour-la-protection-du-climat-malgre-la-situation-financiere-tendue\/","name":"Paasch continue de r\u00eaver de la DG comme une \"r\u00e9gion mod\u00e8le pour la protection du climat\" - malgr\u00e9 la situation financi\u00e8re tendue | Vie Associative","isPartOf":{"@id":"https:\/\/vieassociative.be\/actualites\/#website"},"primaryImageOfPage":{"@id":"https:\/\/vieassociative.be\/actualites\/paasch-continue-de-rever-de-la-dg-comme-une-region-modele-pour-la-protection-du-climat-malgre-la-situation-financiere-tendue\/#primaryimage"},"image":{"@id":"https:\/\/vieassociative.be\/actualites\/paasch-continue-de-rever-de-la-dg-comme-une-region-modele-pour-la-protection-du-climat-malgre-la-situation-financiere-tendue\/#primaryimage"},"thumbnailUrl":"https:\/\/vieassociative.be\/actualites\/wp-content\/uploads\/2025\/09\/Paasch-continue-de-rever-de-la-DG-comme-une-region.jpg","datePublished":"2025-09-06T14:17:01+00:00","dateModified":"2025-09-06T14:17:01+00:00","breadcrumb":{"@id":"https:\/\/vieassociative.be\/actualites\/paasch-continue-de-rever-de-la-dg-comme-une-region-modele-pour-la-protection-du-climat-malgre-la-situation-financiere-tendue\/#breadcrumb"},"inLanguage":"fr-BE","potentialAction":[{"@type":"ReadAction","target":["https:\/\/vieassociative.be\/actualites\/paasch-continue-de-rever-de-la-dg-comme-une-region-modele-pour-la-protection-du-climat-malgre-la-situation-financiere-tendue\/"]}]},{"@type":"ImageObject","inLanguage":"fr-BE","@id":"https:\/\/vieassociative.be\/actualites\/paasch-continue-de-rever-de-la-dg-comme-une-region-modele-pour-la-protection-du-climat-malgre-la-situation-financiere-tendue\/#primaryimage","url":"https:\/\/vieassociative.be\/actualites\/wp-content\/uploads\/2025\/09\/Paasch-continue-de-rever-de-la-DG-comme-une-region.jpg","contentUrl":"https:\/\/vieassociative.be\/actualites\/wp-content\/uploads\/2025\/09\/Paasch-continue-de-rever-de-la-DG-comme-une-region.jpg","width":1300,"height":869,"caption":"Paasch continue de r\u00eaver de la DG comme une \"r\u00e9gion mod\u00e8le pour la protection du climat\" - malgr\u00e9 la situation financi\u00e8re tendue"},{"@type":"BreadcrumbList","@id":"https:\/\/vieassociative.be\/actualites\/paasch-continue-de-rever-de-la-dg-comme-une-region-modele-pour-la-protection-du-climat-malgre-la-situation-financiere-tendue\/#breadcrumb","itemListElement":[{"@type":"ListItem","position":1,"name":"Accueil","item":"https:\/\/vieassociative.be\/actualites\/"},{"@type":"ListItem","position":2,"name":"Paasch continue de r\u00eaver de la DG comme une \u00ab\u00a0r\u00e9gion mod\u00e8le pour la protection du climat\u00a0\u00bb &#8211; malgr\u00e9 la situation financi\u00e8re tendue"}]},{"@type":"WebSite","@id":"https:\/\/vieassociative.be\/actualites\/#website","url":"https:\/\/vieassociative.be\/actualites\/","name":"Vie Associative","description":"","publisher":{"@id":"https:\/\/vieassociative.be\/actualites\/#organization"},"potentialAction":[{"@type":"SearchAction","target":{"@type":"EntryPoint","urlTemplate":"https:\/\/vieassociative.be\/actualites\/?s={search_term_string}"},"query-input":{"@type":"PropertyValueSpecification","valueRequired":true,"valueName":"search_term_string"}}],"inLanguage":"fr-BE"},{"@type":"Organization","@id":"https:\/\/vieassociative.be\/actualites\/#organization","name":"Vie Associative","url":"https:\/\/vieassociative.be\/actualites\/","logo":{"@type":"ImageObject","inLanguage":"fr-BE","@id":"https:\/\/vieassociative.be\/actualites\/#\/schema\/logo\/image\/","url":"https:\/\/vieassociative.be\/actualites\/wp-content\/uploads\/2024\/09\/cropped-vieassociative_favicon.ico.png","contentUrl":"https:\/\/vieassociative.be\/actualites\/wp-content\/uploads\/2024\/09\/cropped-vieassociative_favicon.ico.png","width":512,"height":512,"caption":"Vie Associative"},"image":{"@id":"https:\/\/vieassociative.be\/actualites\/#\/schema\/logo\/image\/"}},{"@type":"Person","@id":"https:\/\/vieassociative.be\/actualites\/#\/schema\/person\/b87ac4f82f9d4e7b7cec7395b679edc4","name":"Julien","image":{"@type":"ImageObject","inLanguage":"fr-BE","@id":"https:\/\/vieassociative.be\/actualites\/#\/schema\/person\/image\/","url":"https:\/\/vieassociative.be\/actualites\/wp-content\/uploads\/2024\/09\/vie-associative-1-150x150.jpg","contentUrl":"https:\/\/vieassociative.be\/actualites\/wp-content\/uploads\/2024\/09\/vie-associative-1-150x150.jpg","caption":"Julien"},"description":"Je suis Julien, r\u00e9dacteur pour Vie Associative. Passionn\u00e9 par le monde associatif depuis plus de 10 ans, j'ai \u00e0 c\u0153ur de partager des histoires inspirantes et de mettre en lumi\u00e8re les initiatives locales. Mon objectif est de sensibiliser et d'encourager l'engagement communautaire \u00e0 travers mes articles.","sameAs":["https:\/\/vieassociative.be\/"]}]}},"_links":{"self":[{"href":"https:\/\/vieassociative.be\/actualites\/wp-json\/wp\/v2\/posts\/9862"}],"collection":[{"href":"https:\/\/vieassociative.be\/actualites\/wp-json\/wp\/v2\/posts"}],"about":[{"href":"https:\/\/vieassociative.be\/actualites\/wp-json\/wp\/v2\/types\/post"}],"author":[{"embeddable":true,"href":"https:\/\/vieassociative.be\/actualites\/wp-json\/wp\/v2\/users\/1"}],"replies":[{"embeddable":true,"href":"https:\/\/vieassociative.be\/actualites\/wp-json\/wp\/v2\/comments?post=9862"}],"version-history":[{"count":0,"href":"https:\/\/vieassociative.be\/actualites\/wp-json\/wp\/v2\/posts\/9862\/revisions"}],"wp:featuredmedia":[{"embeddable":true,"href":"https:\/\/vieassociative.be\/actualites\/wp-json\/wp\/v2\/media\/9863"}],"wp:attachment":[{"href":"https:\/\/vieassociative.be\/actualites\/wp-json\/wp\/v2\/media?parent=9862"}],"wp:term":[{"taxonomy":"category","embeddable":true,"href":"https:\/\/vieassociative.be\/actualites\/wp-json\/wp\/v2\/categories?post=9862"},{"taxonomy":"post_tag","embeddable":true,"href":"https:\/\/vieassociative.be\/actualites\/wp-json\/wp\/v2\/tags?post=9862"}],"curies":[{"name":"wp","href":"https:\/\/api.w.org\/{rel}","templated":true}]}}