{"id":9860,"date":"2025-09-06T15:17:07","date_gmt":"2025-09-06T13:17:07","guid":{"rendered":"https:\/\/vieassociative.be\/actualites\/voici-quand-ios-26-tombera-probablement\/"},"modified":"2025-09-06T15:17:07","modified_gmt":"2025-09-06T13:17:07","slug":"voici-quand-ios-26-tombera-probablement","status":"publish","type":"post","link":"https:\/\/vieassociative.be\/actualites\/voici-quand-ios-26-tombera-probablement\/","title":{"rendered":"Voici quand iOS 26 tombera probablement"},"content":{"rendered":"<div class=\"mt-4 leading-6 md:mb-8\">C&rsquo;est \u00e0 ce moment que Apple pr\u00e9voit probablement de lancer iOS 26.<\/div>\n<p><\/p>\n<p>L&rsquo;iPhone 17 est presque \u00e0 nos portes. La semaine prochaine, Apple prendra la sc\u00e8ne virtuelle et annoncera sa prochaine g\u00e9n\u00e9ration de smartphones. Il y aura de grandes mises \u00e0 jour, comme l&rsquo;air iPhone ultra-mince et la bosse de cam\u00e9ra redessin\u00e9e sur le pro, ainsi que des r\u00e9visions standard, comme l&rsquo;iPhone 17.<\/p>\n<p>Mais alors que les nouveaux iPhones d&rsquo;Apple peuvent \u00eatre tr\u00e8s diff\u00e9rents, ce qu&rsquo;ils ont tous en commun, c&rsquo;est qu&rsquo;ils seront tr\u00e8s probablement exp\u00e9di\u00e9s avec iOS 26, le dernier et grand IPhone OS d&rsquo;Apple, hors de la bo\u00eete. Apple a de grands projets pour iOS 26, y compris la nouvelle refonte du verre liquide, des fonctionnalit\u00e9s de messagerie fra\u00eeches, des mises \u00e0 jour d&rsquo;Apple Music, entre autres changements.  <\/p>\n<p>Vous n&rsquo;aurez pas besoin d&rsquo;acheter un appareil de la s\u00e9rie iPhone 17 afin d&rsquo;ex\u00e9cuter iOS 26, bien s\u00fbr: Apple prend en charge l&rsquo;iPhone 11 et plus r\u00e9cent avec cette prochaine mise \u00e0 jour. Cela signifie que iOS 26 devra \u00eatre lanc\u00e9 au moins \u00e0 la date de sortie de l&rsquo;iPhone 17 pour \u00eatre synchronis\u00e9 avec le reste des iPhones d&rsquo;Apple.<\/p>\n<div class=\"mx-auto mb-12 mt-5 w-full max-w-3xl rounded-md border-2 border-gray-100 p-3 shadow-md md:px-7 md:pb-7 md:pt-5\" id=\"related-video\">\n<div class=\"mb-3 flex items-center md:mb-5\">\n        <img decoding=\"async\" class=\"mr-4 mt-0 h-10 w-10 md:mr-5 md:h-12 md:w-12\" src=\"https:\/\/vieassociative.be\/actualites\/wp-content\/uploads\/2025\/08\/1754414314_422_Les-brins-du-NYT-daujourdhui-indiquent-et-repondent-pour-le.jpg\" alt=\"Logo Lifehacker\"><\/p><\/div>\n<div class=\"aspect-video w-full overflow-hidden rounded-md\">\n<div id=\"video-container-01K4FFQ9ZVQQR2W98YB76PCZEP\"><\/div>\n<\/p><\/div>\n<\/div>\n<h2 id=\"when-will-ios-26-come-out\">Quand iOS 26 sortira-t-il?<\/h2>\n<p>Personne ne peut pr\u00e9dire l&rsquo;avenir, et il y a peu de fuites et de rumeurs en renversant les haricots \u00e0 cette date de sortie. Cela dit, nous pouvons nous tourner vers l&rsquo;histoire r\u00e9cente pour faire une supposition \u00e9clair\u00e9e sur le moment o\u00f9 Apple pr\u00e9voit de lancer le nouveau syst\u00e8me d&rsquo;exploitation cette ann\u00e9e. <\/p>\n<p>WCCFTech pense qu&rsquo;Apple baissera iOS 26 une semaine apr\u00e8s avoir annonc\u00e9 ses derniers iPhones. En effet, la soci\u00e9t\u00e9 a suivi cette strat\u00e9gie l&rsquo;ann\u00e9e derni\u00e8re: Apple a annonc\u00e9 l&rsquo;iPhone 16 le 9 septembre, puis a abandonn\u00e9 la mise \u00e0 jour officielle de iOS 18 le 16 septembre. Il serait logique que Apple refl\u00e8te cette chronologie avec l&rsquo;iPhone 17 et iOS 26, et, dans l&rsquo;affirmative, la date de sortie d&rsquo;iOS 26 serait \u00e9galement le 16 septembre. <\/p>\n<p>L&rsquo;ann\u00e9e pr\u00e9c\u00e9dente, Apple s&rsquo;est l\u00e9g\u00e8rement d\u00e9vi\u00e9 de ce mod\u00e8le, lib\u00e9rant iOS 17 six jours apr\u00e8s avoir d\u00e9voil\u00e9 la s\u00e9rie iPhone 15. Un an avant <em>que<\/em>Cependant, Apple a suivi le mod\u00e8le d&rsquo;une semaine pour iOS 16. Bien que tout soit possible, je ne serais pas surpris du tout de voir iOS 26 une semaine apr\u00e8s l&rsquo;\u00e9v\u00e9nement d&rsquo;Apple mardi, bien que le pr\u00e9c\u00e9dent historique puisse \u00e9galement permettre un lancement du lundi. <\/p>\n<p>Chaque fois qu&rsquo;Apple lance iOS 26, il publiera probablement \u00e9galement ses autres mises \u00e0 jour logicielles, y compris les iPados 26, MacOS 26, Watchos 26, TVOS 26 et Watchos 26 &#8211; \u00e0 moins que l&rsquo;entreprise rencontre des probl\u00e8mes avec toute mise \u00e0 jour dont il a besoin de temps suppl\u00e9mentaire pour d\u00e9panner.<\/p>\n<h2 id=\"you-can-run-ios-26-right-now\">Tu peux ex\u00e9cuter iOS 26 maintenant<\/h2>\n<p>Vous n&rsquo;avez pas vraiment \u00e0 attendre qu&rsquo;Apple publie officiellement iOS 26 pour essayer toutes ces nouvelles fonctionnalit\u00e9s et modifications. La soci\u00e9t\u00e9 a test\u00e9 le logiciel depuis juin (bien que la version b\u00eata publique ne soit pas lanc\u00e9e avant juillet), enracinant des bogues et des probl\u00e8mes pour optimiser l&rsquo;exp\u00e9rience pour le grand public. <\/p>\n<p>Il y a un risque dans l&rsquo;installation d&rsquo;une version b\u00eata sur votre appareil, car le logiciel n&rsquo;est pas encore termin\u00e9. Mais si vous voulez d\u00e9couvrir iOS 26 avant la plupart de vos amis et votre famille, l&rsquo;option est l\u00e0. Alors que nous nous rapprochons de la fin du cycle b\u00eata, les risques sont inf\u00e9rieurs \u00e0 ce qu&rsquo;ils ne l&rsquo;\u00e9taient quand Apple cherchait toujours des bugs plus gros. Pourtant, si vous choisissez d&rsquo;installer la version b\u00eata de votre iPhone, assurez-vous d&rsquo;archiver votre t\u00e9l\u00e9phone sur une source s\u00e9curis\u00e9e, comme votre Mac ou votre PC, car vous pourriez perdre vos donn\u00e9es si vous avez besoin de r\u00e9trograder \u00e0 iOS 18. <\/p>\n","protected":false},"excerpt":{"rendered":"<p>C&rsquo;est \u00e0 ce moment que Apple pr\u00e9voit probablement de lancer iOS 26. L&rsquo;iPhone 17 est presque \u00e0 nos portes. La semaine prochaine, Apple prendra la<\/p>\n","protected":false},"author":1,"featured_media":9861,"comment_status":"","ping_status":"","sticky":false,"template":"","format":"standard","meta":{"footnotes":""},"categories":[13],"tags":[21,419,123,8434,529],"class_list":["post-9860","post","type-post","status-publish","format-standard","has-post-thumbnail","hentry","category-technologie","tag-ios","tag-probablement","tag-quand","tag-tombera","tag-voici","generate-columns","tablet-grid-50","mobile-grid-100","grid-parent","grid-33"],"yoast_head":"<!-- This site is optimized with the Yoast SEO plugin v24.0 - https:\/\/yoast.com\/wordpress\/plugins\/seo\/ -->\n<title>Voici quand iOS 26 tombera probablement | Vie Associative<\/title>\n<meta name=\"robots\" content=\"index, follow, max-snippet:-1, max-image-preview:large, max-video-preview:-1\" \/>\n<link rel=\"canonical\" href=\"https:\/\/vieassociative.be\/actualites\/voici-quand-ios-26-tombera-probablement\/\" \/>\n<meta property=\"og:locale\" content=\"fr_FR\" \/>\n<meta property=\"og:type\" content=\"article\" \/>\n<meta property=\"og:title\" content=\"Voici quand iOS 26 tombera probablement | Vie Associative\" \/>\n<meta property=\"og:description\" content=\"C&rsquo;est \u00e0 ce moment que Apple pr\u00e9voit probablement de lancer iOS 26. L&rsquo;iPhone 17 est presque \u00e0 nos portes. La semaine prochaine, Apple prendra la\" \/>\n<meta property=\"og:url\" content=\"https:\/\/vieassociative.be\/actualites\/voici-quand-ios-26-tombera-probablement\/\" \/>\n<meta property=\"og:site_name\" content=\"Vie Associative\" \/>\n<meta property=\"article:published_time\" content=\"2025-09-06T13:17:07+00:00\" \/>\n<meta property=\"og:image\" content=\"https:\/\/vieassociative.be\/actualites\/wp-content\/uploads\/2025\/08\/1754414314_422_Les-brins-du-NYT-daujourdhui-indiquent-et-repondent-pour-le.jpg\" \/>\n<meta name=\"author\" content=\"Julien\" \/>\n<meta name=\"twitter:card\" content=\"summary_large_image\" \/>\n<meta name=\"twitter:label1\" content=\"\u00c9crit par\" \/>\n\t<meta name=\"twitter:data1\" content=\"Julien\" \/>\n\t<meta name=\"twitter:label2\" content=\"Dur\u00e9e de lecture est.\" \/>\n\t<meta name=\"twitter:data2\" content=\"3 minutes\" \/>\n<script type=\"application\/ld+json\" class=\"yoast-schema-graph\">{\"@context\":\"https:\/\/schema.org\",\"@graph\":[{\"@type\":\"Article\",\"@id\":\"https:\/\/vieassociative.be\/actualites\/voici-quand-ios-26-tombera-probablement\/#article\",\"isPartOf\":{\"@id\":\"https:\/\/vieassociative.be\/actualites\/voici-quand-ios-26-tombera-probablement\/\"},\"author\":{\"name\":\"Julien\",\"@id\":\"https:\/\/vieassociative.be\/actualites\/#\/schema\/person\/b87ac4f82f9d4e7b7cec7395b679edc4\"},\"headline\":\"Voici quand iOS 26 tombera probablement\",\"datePublished\":\"2025-09-06T13:17:07+00:00\",\"dateModified\":\"2025-09-06T13:17:07+00:00\",\"mainEntityOfPage\":{\"@id\":\"https:\/\/vieassociative.be\/actualites\/voici-quand-ios-26-tombera-probablement\/\"},\"wordCount\":674,\"publisher\":{\"@id\":\"https:\/\/vieassociative.be\/actualites\/#organization\"},\"image\":{\"@id\":\"https:\/\/vieassociative.be\/actualites\/voici-quand-ios-26-tombera-probablement\/#primaryimage\"},\"thumbnailUrl\":\"https:\/\/vieassociative.be\/actualites\/wp-content\/uploads\/2025\/09\/Voici-quand-iOS-26-tombera-probablement.jpg\",\"keywords\":[\"iOS\",\"probablement\",\"Quand\",\"tombera\",\"Voici\"],\"articleSection\":[\"Technologie\"],\"inLanguage\":\"fr-BE\"},{\"@type\":\"WebPage\",\"@id\":\"https:\/\/vieassociative.be\/actualites\/voici-quand-ios-26-tombera-probablement\/\",\"url\":\"https:\/\/vieassociative.be\/actualites\/voici-quand-ios-26-tombera-probablement\/\",\"name\":\"Voici quand iOS 26 tombera probablement | Vie Associative\",\"isPartOf\":{\"@id\":\"https:\/\/vieassociative.be\/actualites\/#website\"},\"primaryImageOfPage\":{\"@id\":\"https:\/\/vieassociative.be\/actualites\/voici-quand-ios-26-tombera-probablement\/#primaryimage\"},\"image\":{\"@id\":\"https:\/\/vieassociative.be\/actualites\/voici-quand-ios-26-tombera-probablement\/#primaryimage\"},\"thumbnailUrl\":\"https:\/\/vieassociative.be\/actualites\/wp-content\/uploads\/2025\/09\/Voici-quand-iOS-26-tombera-probablement.jpg\",\"datePublished\":\"2025-09-06T13:17:07+00:00\",\"dateModified\":\"2025-09-06T13:17:07+00:00\",\"breadcrumb\":{\"@id\":\"https:\/\/vieassociative.be\/actualites\/voici-quand-ios-26-tombera-probablement\/#breadcrumb\"},\"inLanguage\":\"fr-BE\",\"potentialAction\":[{\"@type\":\"ReadAction\",\"target\":[\"https:\/\/vieassociative.be\/actualites\/voici-quand-ios-26-tombera-probablement\/\"]}]},{\"@type\":\"ImageObject\",\"inLanguage\":\"fr-BE\",\"@id\":\"https:\/\/vieassociative.be\/actualites\/voici-quand-ios-26-tombera-probablement\/#primaryimage\",\"url\":\"https:\/\/vieassociative.be\/actualites\/wp-content\/uploads\/2025\/09\/Voici-quand-iOS-26-tombera-probablement.jpg\",\"contentUrl\":\"https:\/\/vieassociative.be\/actualites\/wp-content\/uploads\/2025\/09\/Voici-quand-iOS-26-tombera-probablement.jpg\",\"width\":1200,\"height\":675,\"caption\":\"Voici quand iOS 26 tombera probablement\"},{\"@type\":\"BreadcrumbList\",\"@id\":\"https:\/\/vieassociative.be\/actualites\/voici-quand-ios-26-tombera-probablement\/#breadcrumb\",\"itemListElement\":[{\"@type\":\"ListItem\",\"position\":1,\"name\":\"Accueil\",\"item\":\"https:\/\/vieassociative.be\/actualites\/\"},{\"@type\":\"ListItem\",\"position\":2,\"name\":\"Voici quand iOS 26 tombera probablement\"}]},{\"@type\":\"WebSite\",\"@id\":\"https:\/\/vieassociative.be\/actualites\/#website\",\"url\":\"https:\/\/vieassociative.be\/actualites\/\",\"name\":\"Vie Associative\",\"description\":\"\",\"publisher\":{\"@id\":\"https:\/\/vieassociative.be\/actualites\/#organization\"},\"potentialAction\":[{\"@type\":\"SearchAction\",\"target\":{\"@type\":\"EntryPoint\",\"urlTemplate\":\"https:\/\/vieassociative.be\/actualites\/?s={search_term_string}\"},\"query-input\":{\"@type\":\"PropertyValueSpecification\",\"valueRequired\":true,\"valueName\":\"search_term_string\"}}],\"inLanguage\":\"fr-BE\"},{\"@type\":\"Organization\",\"@id\":\"https:\/\/vieassociative.be\/actualites\/#organization\",\"name\":\"Vie Associative\",\"url\":\"https:\/\/vieassociative.be\/actualites\/\",\"logo\":{\"@type\":\"ImageObject\",\"inLanguage\":\"fr-BE\",\"@id\":\"https:\/\/vieassociative.be\/actualites\/#\/schema\/logo\/image\/\",\"url\":\"https:\/\/vieassociative.be\/actualites\/wp-content\/uploads\/2024\/09\/cropped-vieassociative_favicon.ico.png\",\"contentUrl\":\"https:\/\/vieassociative.be\/actualites\/wp-content\/uploads\/2024\/09\/cropped-vieassociative_favicon.ico.png\",\"width\":512,\"height\":512,\"caption\":\"Vie Associative\"},\"image\":{\"@id\":\"https:\/\/vieassociative.be\/actualites\/#\/schema\/logo\/image\/\"}},{\"@type\":\"Person\",\"@id\":\"https:\/\/vieassociative.be\/actualites\/#\/schema\/person\/b87ac4f82f9d4e7b7cec7395b679edc4\",\"name\":\"Julien\",\"image\":{\"@type\":\"ImageObject\",\"inLanguage\":\"fr-BE\",\"@id\":\"https:\/\/vieassociative.be\/actualites\/#\/schema\/person\/image\/\",\"url\":\"https:\/\/vieassociative.be\/actualites\/wp-content\/uploads\/2024\/09\/vie-associative-1-150x150.jpg\",\"contentUrl\":\"https:\/\/vieassociative.be\/actualites\/wp-content\/uploads\/2024\/09\/vie-associative-1-150x150.jpg\",\"caption\":\"Julien\"},\"description\":\"Je suis Julien, r\u00e9dacteur pour Vie Associative. Passionn\u00e9 par le monde associatif depuis plus de 10 ans, j'ai \u00e0 c\u0153ur de partager des histoires inspirantes et de mettre en lumi\u00e8re les initiatives locales. Mon objectif est de sensibiliser et d'encourager l'engagement communautaire \u00e0 travers mes articles.\",\"sameAs\":[\"https:\/\/vieassociative.be\/\"]}]}<\/script>\n<!-- \/ Yoast SEO plugin. -->","yoast_head_json":{"title":"Voici quand iOS 26 tombera probablement | Vie Associative","robots":{"index":"index","follow":"follow","max-snippet":"max-snippet:-1","max-image-preview":"max-image-preview:large","max-video-preview":"max-video-preview:-1"},"canonical":"https:\/\/vieassociative.be\/actualites\/voici-quand-ios-26-tombera-probablement\/","og_locale":"fr_FR","og_type":"article","og_title":"Voici quand iOS 26 tombera probablement | Vie Associative","og_description":"C&rsquo;est \u00e0 ce moment que Apple pr\u00e9voit probablement de lancer iOS 26. L&rsquo;iPhone 17 est presque \u00e0 nos portes. La semaine prochaine, Apple prendra la","og_url":"https:\/\/vieassociative.be\/actualites\/voici-quand-ios-26-tombera-probablement\/","og_site_name":"Vie Associative","article_published_time":"2025-09-06T13:17:07+00:00","og_image":[{"url":"https:\/\/vieassociative.be\/actualites\/wp-content\/uploads\/2025\/08\/1754414314_422_Les-brins-du-NYT-daujourdhui-indiquent-et-repondent-pour-le.jpg","type":"","width":"","height":""}],"author":"Julien","twitter_card":"summary_large_image","twitter_misc":{"\u00c9crit par":"Julien","Dur\u00e9e de lecture est.":"3 minutes"},"schema":{"@context":"https:\/\/schema.org","@graph":[{"@type":"Article","@id":"https:\/\/vieassociative.be\/actualites\/voici-quand-ios-26-tombera-probablement\/#article","isPartOf":{"@id":"https:\/\/vieassociative.be\/actualites\/voici-quand-ios-26-tombera-probablement\/"},"author":{"name":"Julien","@id":"https:\/\/vieassociative.be\/actualites\/#\/schema\/person\/b87ac4f82f9d4e7b7cec7395b679edc4"},"headline":"Voici quand iOS 26 tombera probablement","datePublished":"2025-09-06T13:17:07+00:00","dateModified":"2025-09-06T13:17:07+00:00","mainEntityOfPage":{"@id":"https:\/\/vieassociative.be\/actualites\/voici-quand-ios-26-tombera-probablement\/"},"wordCount":674,"publisher":{"@id":"https:\/\/vieassociative.be\/actualites\/#organization"},"image":{"@id":"https:\/\/vieassociative.be\/actualites\/voici-quand-ios-26-tombera-probablement\/#primaryimage"},"thumbnailUrl":"https:\/\/vieassociative.be\/actualites\/wp-content\/uploads\/2025\/09\/Voici-quand-iOS-26-tombera-probablement.jpg","keywords":["iOS","probablement","Quand","tombera","Voici"],"articleSection":["Technologie"],"inLanguage":"fr-BE"},{"@type":"WebPage","@id":"https:\/\/vieassociative.be\/actualites\/voici-quand-ios-26-tombera-probablement\/","url":"https:\/\/vieassociative.be\/actualites\/voici-quand-ios-26-tombera-probablement\/","name":"Voici quand iOS 26 tombera probablement | Vie Associative","isPartOf":{"@id":"https:\/\/vieassociative.be\/actualites\/#website"},"primaryImageOfPage":{"@id":"https:\/\/vieassociative.be\/actualites\/voici-quand-ios-26-tombera-probablement\/#primaryimage"},"image":{"@id":"https:\/\/vieassociative.be\/actualites\/voici-quand-ios-26-tombera-probablement\/#primaryimage"},"thumbnailUrl":"https:\/\/vieassociative.be\/actualites\/wp-content\/uploads\/2025\/09\/Voici-quand-iOS-26-tombera-probablement.jpg","datePublished":"2025-09-06T13:17:07+00:00","dateModified":"2025-09-06T13:17:07+00:00","breadcrumb":{"@id":"https:\/\/vieassociative.be\/actualites\/voici-quand-ios-26-tombera-probablement\/#breadcrumb"},"inLanguage":"fr-BE","potentialAction":[{"@type":"ReadAction","target":["https:\/\/vieassociative.be\/actualites\/voici-quand-ios-26-tombera-probablement\/"]}]},{"@type":"ImageObject","inLanguage":"fr-BE","@id":"https:\/\/vieassociative.be\/actualites\/voici-quand-ios-26-tombera-probablement\/#primaryimage","url":"https:\/\/vieassociative.be\/actualites\/wp-content\/uploads\/2025\/09\/Voici-quand-iOS-26-tombera-probablement.jpg","contentUrl":"https:\/\/vieassociative.be\/actualites\/wp-content\/uploads\/2025\/09\/Voici-quand-iOS-26-tombera-probablement.jpg","width":1200,"height":675,"caption":"Voici quand iOS 26 tombera probablement"},{"@type":"BreadcrumbList","@id":"https:\/\/vieassociative.be\/actualites\/voici-quand-ios-26-tombera-probablement\/#breadcrumb","itemListElement":[{"@type":"ListItem","position":1,"name":"Accueil","item":"https:\/\/vieassociative.be\/actualites\/"},{"@type":"ListItem","position":2,"name":"Voici quand iOS 26 tombera probablement"}]},{"@type":"WebSite","@id":"https:\/\/vieassociative.be\/actualites\/#website","url":"https:\/\/vieassociative.be\/actualites\/","name":"Vie Associative","description":"","publisher":{"@id":"https:\/\/vieassociative.be\/actualites\/#organization"},"potentialAction":[{"@type":"SearchAction","target":{"@type":"EntryPoint","urlTemplate":"https:\/\/vieassociative.be\/actualites\/?s={search_term_string}"},"query-input":{"@type":"PropertyValueSpecification","valueRequired":true,"valueName":"search_term_string"}}],"inLanguage":"fr-BE"},{"@type":"Organization","@id":"https:\/\/vieassociative.be\/actualites\/#organization","name":"Vie Associative","url":"https:\/\/vieassociative.be\/actualites\/","logo":{"@type":"ImageObject","inLanguage":"fr-BE","@id":"https:\/\/vieassociative.be\/actualites\/#\/schema\/logo\/image\/","url":"https:\/\/vieassociative.be\/actualites\/wp-content\/uploads\/2024\/09\/cropped-vieassociative_favicon.ico.png","contentUrl":"https:\/\/vieassociative.be\/actualites\/wp-content\/uploads\/2024\/09\/cropped-vieassociative_favicon.ico.png","width":512,"height":512,"caption":"Vie Associative"},"image":{"@id":"https:\/\/vieassociative.be\/actualites\/#\/schema\/logo\/image\/"}},{"@type":"Person","@id":"https:\/\/vieassociative.be\/actualites\/#\/schema\/person\/b87ac4f82f9d4e7b7cec7395b679edc4","name":"Julien","image":{"@type":"ImageObject","inLanguage":"fr-BE","@id":"https:\/\/vieassociative.be\/actualites\/#\/schema\/person\/image\/","url":"https:\/\/vieassociative.be\/actualites\/wp-content\/uploads\/2024\/09\/vie-associative-1-150x150.jpg","contentUrl":"https:\/\/vieassociative.be\/actualites\/wp-content\/uploads\/2024\/09\/vie-associative-1-150x150.jpg","caption":"Julien"},"description":"Je suis Julien, r\u00e9dacteur pour Vie Associative. Passionn\u00e9 par le monde associatif depuis plus de 10 ans, j'ai \u00e0 c\u0153ur de partager des histoires inspirantes et de mettre en lumi\u00e8re les initiatives locales. Mon objectif est de sensibiliser et d'encourager l'engagement communautaire \u00e0 travers mes articles.","sameAs":["https:\/\/vieassociative.be\/"]}]}},"_links":{"self":[{"href":"https:\/\/vieassociative.be\/actualites\/wp-json\/wp\/v2\/posts\/9860"}],"collection":[{"href":"https:\/\/vieassociative.be\/actualites\/wp-json\/wp\/v2\/posts"}],"about":[{"href":"https:\/\/vieassociative.be\/actualites\/wp-json\/wp\/v2\/types\/post"}],"author":[{"embeddable":true,"href":"https:\/\/vieassociative.be\/actualites\/wp-json\/wp\/v2\/users\/1"}],"replies":[{"embeddable":true,"href":"https:\/\/vieassociative.be\/actualites\/wp-json\/wp\/v2\/comments?post=9860"}],"version-history":[{"count":0,"href":"https:\/\/vieassociative.be\/actualites\/wp-json\/wp\/v2\/posts\/9860\/revisions"}],"wp:featuredmedia":[{"embeddable":true,"href":"https:\/\/vieassociative.be\/actualites\/wp-json\/wp\/v2\/media\/9861"}],"wp:attachment":[{"href":"https:\/\/vieassociative.be\/actualites\/wp-json\/wp\/v2\/media?parent=9860"}],"wp:term":[{"taxonomy":"category","embeddable":true,"href":"https:\/\/vieassociative.be\/actualites\/wp-json\/wp\/v2\/categories?post=9860"},{"taxonomy":"post_tag","embeddable":true,"href":"https:\/\/vieassociative.be\/actualites\/wp-json\/wp\/v2\/tags?post=9860"}],"curies":[{"name":"wp","href":"https:\/\/api.w.org\/{rel}","templated":true}]}}