{"id":9855,"date":"2025-09-06T10:17:03","date_gmt":"2025-09-06T08:17:03","guid":{"rendered":"https:\/\/vieassociative.be\/actualites\/comme-eupen-contre-kvc-borske-embarras-embarrasse\/"},"modified":"2025-09-06T10:17:03","modified_gmt":"2025-09-06T08:17:03","slug":"comme-eupen-contre-kvc-borske-embarras-embarrasse","status":"publish","type":"post","link":"https:\/\/vieassociative.be\/actualites\/comme-eupen-contre-kvc-borske-embarras-embarrasse\/","title":{"rendered":"Comme Eupen contre KVC Borske: embarras embarrass\u00e9"},"content":{"rendered":"<p><strong>Deuxi\u00e8me division de football alors qu&rsquo;Eupen entre d\u00e9j\u00e0 dans la Coupe d&rsquo;\u00c9tat (Coupe Croky) dans la finale 1\/32. L&rsquo;adversaire est un club que la plupart des fans du noir et blanc ne connaissent pas encore: le KVC de Toekomst Borsbeke de la 1\u00e8re classe provinciale East Flanders.<\/strong><\/p>\n<p><span id=\"more-423878\"><\/span>Le KVC Borske a d\u00e9j\u00e0 r\u00e9ussi cinq tours pr\u00e9liminaires dans la coupe et, entre autres, a lanc\u00e9 des querelles de Stade (amateurs D2) et RFC MEUX (amateurs D1) de la course.<\/p>\n<p>Le As Eupen est bien s\u00fbr pr\u00e9f\u00e9r\u00e9. Tout autre chose qu&rsquo;une victoire de l&rsquo;\u00e9quipe de la deuxi\u00e8me division serait un embarras pour Eupen. Apr\u00e8s tout, Eupen a atteint la demi-finale de la Coupe \u00e0 trois reprises depuis la fondation de la Coupe Croky, comme le montre la liste suivante (adversaire de la Round Cup de saison):<\/p>\n<ul>\n<li>2024 \/ 2025-1 \/ 16 St. Gillo\u00efse final-Union<\/li>\n<li>2023 \/ 2024-1 \/ 16 OSTEND FINAL-KV<\/li>\n<li>2022 \/ 2023-1 \/ 16 Final-Kmsk Deinze<\/li>\n<li>2021 \/ 2022-1 \/ 2 Final-RSC Anderlecht<\/li>\n<li>2020 \/ 2021-1 \/ 2 LIE-LIGNE-STANDE<\/li>\n<li>2019 \/ 2020-1 \/ 8 KORTRIJK final-kv<\/li>\n<li>2018 \/ 2019-1 \/ 4 OSTEND FINAL-KV<\/li>\n<li>2017 \/ 2018-1 \/ 8 Final-Waasland-Bouveren<\/li>\n<li>2016 \/ 2017-1 \/ 2 Final-SV Zulte-Waregem<\/li>\n<li>2015 \/ 2016-1 \/ 16 Final-AA Gand<\/li>\n<\/ul>\n<div id=\"attachment_414861\" class=\"wp-caption alignleft\" style=\"max-width: 300px\"><img fetchpriority=\"high\" decoding=\"async\" class=\"wp-image-414861 size-medium\" src=\"https:\/\/vieassociative.be\/actualites\/wp-content\/uploads\/2025\/09\/Comme-Eupen-contre-KVC-Borske-embarras-embarrasse.jpg\" alt=\"\" width=\"300\" height=\"200\"  ><\/div>\n<p>Cependant, il est temps que l&rsquo;As brille \u00e0 nouveau dans la coupe, car les trois derni\u00e8res \u00e9ditions de la Croky Cup se sont termin\u00e9es dans la finale 1\/16 pour le noir et blanc.<\/p>\n<p>Soit dit en passant, les couleurs du club du KVC Toekomst Borsbeke sont \u00e9galement en noir et blanc. Habituellement, les Flames d&rsquo;East avaient \u00e9galement des droits \u00e0 domicile contre l&rsquo;AS Eupen, comme c&rsquo;est le cas pour tous les clubs amateurs, mais parce que le sport de Vrede n&rsquo;est pas suffisant pour que les exigences minimales re\u00e7oivent une \u00e9quipe professionnelle, la rencontre aura lieu samedi soir \u00e0 partir de 20 heures. Dans le stade Eupener Kehrweg.<\/p>\n<p>Les joueurs bless\u00e9s Nicolas Gavory, Amadou Keita, Ga\u00ebtan Hendrickx et Nathan Bitumazala sont hors de question pour une affectation lors du match de la Coupe d&rsquo;aujourd&rsquo;hui. Le Th\u00e9o Mar\u00e9chal (l\u00e9ger blessure) et Kevin M\u00f6hwald (fi\u00e8vre) ne sont pas non plus disponibles. Le nouveau venu Mondy Prunier, qui a \u00e9t\u00e9 officiellement pr\u00e9sent\u00e9 vendredi, n&rsquo;est pas encore admissible \u00e0 jouer. Eupen a pr\u00eat\u00e9 l&rsquo;international de 25 ans en Ha\u00efti au First Division Club Sporting Charleroi.<\/p>\n<p>Pendant ce temps, quatre bus supporters ont \u00e9t\u00e9 annonc\u00e9s de Borsbek. Pour les East Flams, le match d&rsquo;aujourd&rsquo;hui dans les triple demi-finalistes de la Coupe et les anciens clubs de premi\u00e8re division, en tant qu&rsquo;Eupen, est le plus grand succ\u00e8s de l&rsquo;histoire des clubs. C&rsquo;est le jeu de l&rsquo;ann\u00e9e pour eux.<\/p>\n<p>L&rsquo;entra\u00eeneur Sammy Van Den Bosssche veut \u00e9galement profiter de la large sortie \u00e0 Eupen: \u00ab\u00a0Vous pouvez sentir que tout le monde est tr\u00e8s heureux de jouer. Mais il n&rsquo;y a pas de pression, l&rsquo;atmosph\u00e8re est d\u00e9tendue. Nous devons en profiter en tant qu&rsquo;\u00e9quipe et en tant que club, mais il est et reste un jeu.<\/p>\n","protected":false},"excerpt":{"rendered":"<p>Deuxi\u00e8me division de football alors qu&rsquo;Eupen entre d\u00e9j\u00e0 dans la Coupe d&rsquo;\u00c9tat (Coupe Croky) dans la finale 1\/32. L&rsquo;adversaire est un club que la plupart<\/p>\n","protected":false},"author":1,"featured_media":9856,"comment_status":"","ping_status":"","sticky":false,"template":"","format":"standard","meta":{"footnotes":""},"categories":[298],"tags":[8433,1254,796,3268,3874,2329,8432],"class_list":["post-9855","post","type-post","status-publish","format-standard","has-post-thumbnail","hentry","category-belgique","tag-borske","tag-comme","tag-contre","tag-embarras","tag-embarrasse","tag-eupen","tag-kvc","generate-columns","tablet-grid-50","mobile-grid-100","grid-parent","grid-33"],"yoast_head":"<!-- This site is optimized with the Yoast SEO plugin v24.0 - https:\/\/yoast.com\/wordpress\/plugins\/seo\/ -->\n<title>Comme Eupen contre KVC Borske: embarras embarrass\u00e9 | Vie Associative<\/title>\n<meta name=\"robots\" content=\"index, follow, max-snippet:-1, max-image-preview:large, max-video-preview:-1\" \/>\n<link rel=\"canonical\" href=\"https:\/\/vieassociative.be\/actualites\/comme-eupen-contre-kvc-borske-embarras-embarrasse\/\" \/>\n<meta property=\"og:locale\" content=\"fr_FR\" \/>\n<meta property=\"og:type\" content=\"article\" \/>\n<meta property=\"og:title\" content=\"Comme Eupen contre KVC Borske: embarras embarrass\u00e9 | Vie Associative\" \/>\n<meta property=\"og:description\" content=\"Deuxi\u00e8me division de football alors qu&rsquo;Eupen entre d\u00e9j\u00e0 dans la Coupe d&rsquo;\u00c9tat (Coupe Croky) dans la finale 1\/32. L&rsquo;adversaire est un club que la plupart\" \/>\n<meta property=\"og:url\" content=\"https:\/\/vieassociative.be\/actualites\/comme-eupen-contre-kvc-borske-embarras-embarrasse\/\" \/>\n<meta property=\"og:site_name\" content=\"Vie Associative\" \/>\n<meta property=\"article:published_time\" content=\"2025-09-06T08:17:03+00:00\" \/>\n<meta property=\"og:image\" content=\"https:\/\/vieassociative.be\/actualites\/wp-content\/uploads\/2024\/09\/header_backgroundk-01-e1726694325946.png\" \/>\n\t<meta property=\"og:image:width\" content=\"279\" \/>\n\t<meta property=\"og:image:height\" content=\"92\" \/>\n\t<meta property=\"og:image:type\" content=\"image\/png\" \/>\n<meta name=\"author\" content=\"Julien\" \/>\n<meta name=\"twitter:card\" content=\"summary_large_image\" \/>\n<meta name=\"twitter:label1\" content=\"\u00c9crit par\" \/>\n\t<meta name=\"twitter:data1\" content=\"Julien\" \/>\n\t<meta name=\"twitter:label2\" content=\"Dur\u00e9e de lecture est.\" \/>\n\t<meta name=\"twitter:data2\" content=\"2 minutes\" \/>\n<script type=\"application\/ld+json\" class=\"yoast-schema-graph\">{\"@context\":\"https:\/\/schema.org\",\"@graph\":[{\"@type\":\"Article\",\"@id\":\"https:\/\/vieassociative.be\/actualites\/comme-eupen-contre-kvc-borske-embarras-embarrasse\/#article\",\"isPartOf\":{\"@id\":\"https:\/\/vieassociative.be\/actualites\/comme-eupen-contre-kvc-borske-embarras-embarrasse\/\"},\"author\":{\"name\":\"Julien\",\"@id\":\"https:\/\/vieassociative.be\/actualites\/#\/schema\/person\/b87ac4f82f9d4e7b7cec7395b679edc4\"},\"headline\":\"Comme Eupen contre KVC Borske: embarras embarrass\u00e9\",\"datePublished\":\"2025-09-06T08:17:03+00:00\",\"dateModified\":\"2025-09-06T08:17:03+00:00\",\"mainEntityOfPage\":{\"@id\":\"https:\/\/vieassociative.be\/actualites\/comme-eupen-contre-kvc-borske-embarras-embarrasse\/\"},\"wordCount\":503,\"publisher\":{\"@id\":\"https:\/\/vieassociative.be\/actualites\/#organization\"},\"image\":{\"@id\":\"https:\/\/vieassociative.be\/actualites\/comme-eupen-contre-kvc-borske-embarras-embarrasse\/#primaryimage\"},\"thumbnailUrl\":\"https:\/\/vieassociative.be\/actualites\/wp-content\/uploads\/2025\/09\/1757146624_Comme-Eupen-contre-KVC-Borske-embarras-embarrasse.jpg\",\"keywords\":[\"Borske\",\"comme\",\"contre\",\"embarras\",\"embarrass\u00e9\",\"Eupen\",\"KVC\"],\"articleSection\":[\"Belgique\"],\"inLanguage\":\"fr-BE\"},{\"@type\":\"WebPage\",\"@id\":\"https:\/\/vieassociative.be\/actualites\/comme-eupen-contre-kvc-borske-embarras-embarrasse\/\",\"url\":\"https:\/\/vieassociative.be\/actualites\/comme-eupen-contre-kvc-borske-embarras-embarrasse\/\",\"name\":\"Comme Eupen contre KVC Borske: embarras embarrass\u00e9 | Vie Associative\",\"isPartOf\":{\"@id\":\"https:\/\/vieassociative.be\/actualites\/#website\"},\"primaryImageOfPage\":{\"@id\":\"https:\/\/vieassociative.be\/actualites\/comme-eupen-contre-kvc-borske-embarras-embarrasse\/#primaryimage\"},\"image\":{\"@id\":\"https:\/\/vieassociative.be\/actualites\/comme-eupen-contre-kvc-borske-embarras-embarrasse\/#primaryimage\"},\"thumbnailUrl\":\"https:\/\/vieassociative.be\/actualites\/wp-content\/uploads\/2025\/09\/1757146624_Comme-Eupen-contre-KVC-Borske-embarras-embarrasse.jpg\",\"datePublished\":\"2025-09-06T08:17:03+00:00\",\"dateModified\":\"2025-09-06T08:17:03+00:00\",\"breadcrumb\":{\"@id\":\"https:\/\/vieassociative.be\/actualites\/comme-eupen-contre-kvc-borske-embarras-embarrasse\/#breadcrumb\"},\"inLanguage\":\"fr-BE\",\"potentialAction\":[{\"@type\":\"ReadAction\",\"target\":[\"https:\/\/vieassociative.be\/actualites\/comme-eupen-contre-kvc-borske-embarras-embarrasse\/\"]}]},{\"@type\":\"ImageObject\",\"inLanguage\":\"fr-BE\",\"@id\":\"https:\/\/vieassociative.be\/actualites\/comme-eupen-contre-kvc-borske-embarras-embarrasse\/#primaryimage\",\"url\":\"https:\/\/vieassociative.be\/actualites\/wp-content\/uploads\/2025\/09\/1757146624_Comme-Eupen-contre-KVC-Borske-embarras-embarrasse.jpg\",\"contentUrl\":\"https:\/\/vieassociative.be\/actualites\/wp-content\/uploads\/2025\/09\/1757146624_Comme-Eupen-contre-KVC-Borske-embarras-embarrasse.jpg\",\"width\":1280,\"height\":720,\"caption\":\"Comme Eupen contre KVC Borske: embarras embarrass\u00e9\"},{\"@type\":\"BreadcrumbList\",\"@id\":\"https:\/\/vieassociative.be\/actualites\/comme-eupen-contre-kvc-borske-embarras-embarrasse\/#breadcrumb\",\"itemListElement\":[{\"@type\":\"ListItem\",\"position\":1,\"name\":\"Accueil\",\"item\":\"https:\/\/vieassociative.be\/actualites\/\"},{\"@type\":\"ListItem\",\"position\":2,\"name\":\"Comme Eupen contre KVC Borske: embarras embarrass\u00e9\"}]},{\"@type\":\"WebSite\",\"@id\":\"https:\/\/vieassociative.be\/actualites\/#website\",\"url\":\"https:\/\/vieassociative.be\/actualites\/\",\"name\":\"Vie Associative\",\"description\":\"\",\"publisher\":{\"@id\":\"https:\/\/vieassociative.be\/actualites\/#organization\"},\"potentialAction\":[{\"@type\":\"SearchAction\",\"target\":{\"@type\":\"EntryPoint\",\"urlTemplate\":\"https:\/\/vieassociative.be\/actualites\/?s={search_term_string}\"},\"query-input\":{\"@type\":\"PropertyValueSpecification\",\"valueRequired\":true,\"valueName\":\"search_term_string\"}}],\"inLanguage\":\"fr-BE\"},{\"@type\":\"Organization\",\"@id\":\"https:\/\/vieassociative.be\/actualites\/#organization\",\"name\":\"Vie Associative\",\"url\":\"https:\/\/vieassociative.be\/actualites\/\",\"logo\":{\"@type\":\"ImageObject\",\"inLanguage\":\"fr-BE\",\"@id\":\"https:\/\/vieassociative.be\/actualites\/#\/schema\/logo\/image\/\",\"url\":\"https:\/\/vieassociative.be\/actualites\/wp-content\/uploads\/2024\/09\/cropped-vieassociative_favicon.ico.png\",\"contentUrl\":\"https:\/\/vieassociative.be\/actualites\/wp-content\/uploads\/2024\/09\/cropped-vieassociative_favicon.ico.png\",\"width\":512,\"height\":512,\"caption\":\"Vie Associative\"},\"image\":{\"@id\":\"https:\/\/vieassociative.be\/actualites\/#\/schema\/logo\/image\/\"}},{\"@type\":\"Person\",\"@id\":\"https:\/\/vieassociative.be\/actualites\/#\/schema\/person\/b87ac4f82f9d4e7b7cec7395b679edc4\",\"name\":\"Julien\",\"image\":{\"@type\":\"ImageObject\",\"inLanguage\":\"fr-BE\",\"@id\":\"https:\/\/vieassociative.be\/actualites\/#\/schema\/person\/image\/\",\"url\":\"https:\/\/vieassociative.be\/actualites\/wp-content\/uploads\/2024\/09\/vie-associative-1-150x150.jpg\",\"contentUrl\":\"https:\/\/vieassociative.be\/actualites\/wp-content\/uploads\/2024\/09\/vie-associative-1-150x150.jpg\",\"caption\":\"Julien\"},\"description\":\"Je suis Julien, r\u00e9dacteur pour Vie Associative. Passionn\u00e9 par le monde associatif depuis plus de 10 ans, j'ai \u00e0 c\u0153ur de partager des histoires inspirantes et de mettre en lumi\u00e8re les initiatives locales. Mon objectif est de sensibiliser et d'encourager l'engagement communautaire \u00e0 travers mes articles.\",\"sameAs\":[\"https:\/\/vieassociative.be\/\"]}]}<\/script>\n<!-- \/ Yoast SEO plugin. -->","yoast_head_json":{"title":"Comme Eupen contre KVC Borske: embarras embarrass\u00e9 | Vie Associative","robots":{"index":"index","follow":"follow","max-snippet":"max-snippet:-1","max-image-preview":"max-image-preview:large","max-video-preview":"max-video-preview:-1"},"canonical":"https:\/\/vieassociative.be\/actualites\/comme-eupen-contre-kvc-borske-embarras-embarrasse\/","og_locale":"fr_FR","og_type":"article","og_title":"Comme Eupen contre KVC Borske: embarras embarrass\u00e9 | Vie Associative","og_description":"Deuxi\u00e8me division de football alors qu&rsquo;Eupen entre d\u00e9j\u00e0 dans la Coupe d&rsquo;\u00c9tat (Coupe Croky) dans la finale 1\/32. L&rsquo;adversaire est un club que la plupart","og_url":"https:\/\/vieassociative.be\/actualites\/comme-eupen-contre-kvc-borske-embarras-embarrasse\/","og_site_name":"Vie Associative","article_published_time":"2025-09-06T08:17:03+00:00","og_image":[{"width":279,"height":92,"url":"https:\/\/vieassociative.be\/actualites\/wp-content\/uploads\/2024\/09\/header_backgroundk-01-e1726694325946.png","type":"image\/png"}],"author":"Julien","twitter_card":"summary_large_image","twitter_misc":{"\u00c9crit par":"Julien","Dur\u00e9e de lecture est.":"2 minutes"},"schema":{"@context":"https:\/\/schema.org","@graph":[{"@type":"Article","@id":"https:\/\/vieassociative.be\/actualites\/comme-eupen-contre-kvc-borske-embarras-embarrasse\/#article","isPartOf":{"@id":"https:\/\/vieassociative.be\/actualites\/comme-eupen-contre-kvc-borske-embarras-embarrasse\/"},"author":{"name":"Julien","@id":"https:\/\/vieassociative.be\/actualites\/#\/schema\/person\/b87ac4f82f9d4e7b7cec7395b679edc4"},"headline":"Comme Eupen contre KVC Borske: embarras embarrass\u00e9","datePublished":"2025-09-06T08:17:03+00:00","dateModified":"2025-09-06T08:17:03+00:00","mainEntityOfPage":{"@id":"https:\/\/vieassociative.be\/actualites\/comme-eupen-contre-kvc-borske-embarras-embarrasse\/"},"wordCount":503,"publisher":{"@id":"https:\/\/vieassociative.be\/actualites\/#organization"},"image":{"@id":"https:\/\/vieassociative.be\/actualites\/comme-eupen-contre-kvc-borske-embarras-embarrasse\/#primaryimage"},"thumbnailUrl":"https:\/\/vieassociative.be\/actualites\/wp-content\/uploads\/2025\/09\/1757146624_Comme-Eupen-contre-KVC-Borske-embarras-embarrasse.jpg","keywords":["Borske","comme","contre","embarras","embarrass\u00e9","Eupen","KVC"],"articleSection":["Belgique"],"inLanguage":"fr-BE"},{"@type":"WebPage","@id":"https:\/\/vieassociative.be\/actualites\/comme-eupen-contre-kvc-borske-embarras-embarrasse\/","url":"https:\/\/vieassociative.be\/actualites\/comme-eupen-contre-kvc-borske-embarras-embarrasse\/","name":"Comme Eupen contre KVC Borske: embarras embarrass\u00e9 | Vie Associative","isPartOf":{"@id":"https:\/\/vieassociative.be\/actualites\/#website"},"primaryImageOfPage":{"@id":"https:\/\/vieassociative.be\/actualites\/comme-eupen-contre-kvc-borske-embarras-embarrasse\/#primaryimage"},"image":{"@id":"https:\/\/vieassociative.be\/actualites\/comme-eupen-contre-kvc-borske-embarras-embarrasse\/#primaryimage"},"thumbnailUrl":"https:\/\/vieassociative.be\/actualites\/wp-content\/uploads\/2025\/09\/1757146624_Comme-Eupen-contre-KVC-Borske-embarras-embarrasse.jpg","datePublished":"2025-09-06T08:17:03+00:00","dateModified":"2025-09-06T08:17:03+00:00","breadcrumb":{"@id":"https:\/\/vieassociative.be\/actualites\/comme-eupen-contre-kvc-borske-embarras-embarrasse\/#breadcrumb"},"inLanguage":"fr-BE","potentialAction":[{"@type":"ReadAction","target":["https:\/\/vieassociative.be\/actualites\/comme-eupen-contre-kvc-borske-embarras-embarrasse\/"]}]},{"@type":"ImageObject","inLanguage":"fr-BE","@id":"https:\/\/vieassociative.be\/actualites\/comme-eupen-contre-kvc-borske-embarras-embarrasse\/#primaryimage","url":"https:\/\/vieassociative.be\/actualites\/wp-content\/uploads\/2025\/09\/1757146624_Comme-Eupen-contre-KVC-Borske-embarras-embarrasse.jpg","contentUrl":"https:\/\/vieassociative.be\/actualites\/wp-content\/uploads\/2025\/09\/1757146624_Comme-Eupen-contre-KVC-Borske-embarras-embarrasse.jpg","width":1280,"height":720,"caption":"Comme Eupen contre KVC Borske: embarras embarrass\u00e9"},{"@type":"BreadcrumbList","@id":"https:\/\/vieassociative.be\/actualites\/comme-eupen-contre-kvc-borske-embarras-embarrasse\/#breadcrumb","itemListElement":[{"@type":"ListItem","position":1,"name":"Accueil","item":"https:\/\/vieassociative.be\/actualites\/"},{"@type":"ListItem","position":2,"name":"Comme Eupen contre KVC Borske: embarras embarrass\u00e9"}]},{"@type":"WebSite","@id":"https:\/\/vieassociative.be\/actualites\/#website","url":"https:\/\/vieassociative.be\/actualites\/","name":"Vie Associative","description":"","publisher":{"@id":"https:\/\/vieassociative.be\/actualites\/#organization"},"potentialAction":[{"@type":"SearchAction","target":{"@type":"EntryPoint","urlTemplate":"https:\/\/vieassociative.be\/actualites\/?s={search_term_string}"},"query-input":{"@type":"PropertyValueSpecification","valueRequired":true,"valueName":"search_term_string"}}],"inLanguage":"fr-BE"},{"@type":"Organization","@id":"https:\/\/vieassociative.be\/actualites\/#organization","name":"Vie Associative","url":"https:\/\/vieassociative.be\/actualites\/","logo":{"@type":"ImageObject","inLanguage":"fr-BE","@id":"https:\/\/vieassociative.be\/actualites\/#\/schema\/logo\/image\/","url":"https:\/\/vieassociative.be\/actualites\/wp-content\/uploads\/2024\/09\/cropped-vieassociative_favicon.ico.png","contentUrl":"https:\/\/vieassociative.be\/actualites\/wp-content\/uploads\/2024\/09\/cropped-vieassociative_favicon.ico.png","width":512,"height":512,"caption":"Vie Associative"},"image":{"@id":"https:\/\/vieassociative.be\/actualites\/#\/schema\/logo\/image\/"}},{"@type":"Person","@id":"https:\/\/vieassociative.be\/actualites\/#\/schema\/person\/b87ac4f82f9d4e7b7cec7395b679edc4","name":"Julien","image":{"@type":"ImageObject","inLanguage":"fr-BE","@id":"https:\/\/vieassociative.be\/actualites\/#\/schema\/person\/image\/","url":"https:\/\/vieassociative.be\/actualites\/wp-content\/uploads\/2024\/09\/vie-associative-1-150x150.jpg","contentUrl":"https:\/\/vieassociative.be\/actualites\/wp-content\/uploads\/2024\/09\/vie-associative-1-150x150.jpg","caption":"Julien"},"description":"Je suis Julien, r\u00e9dacteur pour Vie Associative. Passionn\u00e9 par le monde associatif depuis plus de 10 ans, j'ai \u00e0 c\u0153ur de partager des histoires inspirantes et de mettre en lumi\u00e8re les initiatives locales. Mon objectif est de sensibiliser et d'encourager l'engagement communautaire \u00e0 travers mes articles.","sameAs":["https:\/\/vieassociative.be\/"]}]}},"_links":{"self":[{"href":"https:\/\/vieassociative.be\/actualites\/wp-json\/wp\/v2\/posts\/9855"}],"collection":[{"href":"https:\/\/vieassociative.be\/actualites\/wp-json\/wp\/v2\/posts"}],"about":[{"href":"https:\/\/vieassociative.be\/actualites\/wp-json\/wp\/v2\/types\/post"}],"author":[{"embeddable":true,"href":"https:\/\/vieassociative.be\/actualites\/wp-json\/wp\/v2\/users\/1"}],"replies":[{"embeddable":true,"href":"https:\/\/vieassociative.be\/actualites\/wp-json\/wp\/v2\/comments?post=9855"}],"version-history":[{"count":0,"href":"https:\/\/vieassociative.be\/actualites\/wp-json\/wp\/v2\/posts\/9855\/revisions"}],"wp:featuredmedia":[{"embeddable":true,"href":"https:\/\/vieassociative.be\/actualites\/wp-json\/wp\/v2\/media\/9856"}],"wp:attachment":[{"href":"https:\/\/vieassociative.be\/actualites\/wp-json\/wp\/v2\/media?parent=9855"}],"wp:term":[{"taxonomy":"category","embeddable":true,"href":"https:\/\/vieassociative.be\/actualites\/wp-json\/wp\/v2\/categories?post=9855"},{"taxonomy":"post_tag","embeddable":true,"href":"https:\/\/vieassociative.be\/actualites\/wp-json\/wp\/v2\/tags?post=9855"}],"curies":[{"name":"wp","href":"https:\/\/api.w.org\/{rel}","templated":true}]}}