{"id":9853,"date":"2025-09-06T09:17:08","date_gmt":"2025-09-06T07:17:08","guid":{"rendered":"https:\/\/vieassociative.be\/actualites\/le-prochain-boox-palma-e-lecteur-pourrait-egalement-etre-un-telephone\/"},"modified":"2025-09-06T09:17:08","modified_gmt":"2025-09-06T07:17:08","slug":"le-prochain-boox-palma-e-lecteur-pourrait-egalement-etre-un-telephone","status":"publish","type":"post","link":"https:\/\/vieassociative.be\/actualites\/le-prochain-boox-palma-e-lecteur-pourrait-egalement-etre-un-telephone\/","title":{"rendered":"Le prochain BOOX Palma E-lecteur pourrait \u00e9galement \u00eatre un t\u00e9l\u00e9phone"},"content":{"rendered":"<div class=\"mt-4 leading-6 md:mb-8\">On dirait qu&rsquo;il aura \u00e9galement un \u00e9cran couleur.<\/div>\n<p><\/p>\n<p>Le Boox Palma E-leader est incontestablement mon gadget pr\u00e9f\u00e9r\u00e9 des derni\u00e8res ann\u00e9es, mais je comprends aussi pourquoi tant de gens le trouvent un peu confondant. Il s&rsquo;agit d&rsquo;un appareil E-Ink en forme de t\u00e9l\u00e9phone qui a toutes les capacit\u00e9s d&rsquo;un smartphone Android moderne &#8211; en plus de servir vos livres \u00e9lectroniques, il peut ex\u00e9cuter des applications \u00e0 partir du Google Play Store; Il a m\u00eame une cam\u00e9ra. Mais n&rsquo;a pas de fonctionnalit\u00e9 cellulaire, ce qui signifie qu&rsquo;il ne peut pas prendre d&rsquo;appels. Cela pourrait changer, et bient\u00f4t.<\/p>\n<p>Selon un rapport de The Verge, la soci\u00e9t\u00e9 m\u00e8re de Boox, la soci\u00e9t\u00e9 de technologie chinoise ONYX International, travaille sur un nouvel appareil de type Palma qui conservera la forme et l&rsquo;affichage en enceinte \u00e9lectronique de la Palma actuelle, mais ajoutera \u00e0 la fois la connectivit\u00e9 et la couleur cellulaire &#8211; deux des fonctionnalit\u00e9s les plus demand\u00e9es des fans purs et durs de l&rsquo;appareil, au moins dans les derni\u00e8res ann\u00e9es.<\/p>\n<p>Le Verge a jet\u00e9 un coup d&rsquo;\u0153il au successeur pr\u00e9sum\u00e9 de Palma lors de l&rsquo;IFA 2025, un salon europ\u00e9en semblable au CES. Bien qu&rsquo;il ne soit pas expos\u00e9 sur le salon, un journaliste a \u00e9t\u00e9 montr\u00e9 un appareil qui ressemblait beaucoup au Palma, mais qui avait \u00e0 la fois un \u00e9cran de couleur (presque certainement le m\u00eame \u00e9cran Kaleido 3 trouv\u00e9 sur la couleur BOOX GO 7) et des ic\u00f4nes indiquant une connexion cellulaire 4G + LTE. Aucun d\u00e9tail concret sur les sp\u00e9cifications ou une date de sortie n&rsquo;a \u00e9t\u00e9 fourni. (Vous pouvez en savoir plus et voir une image de l&rsquo;appareil, sur le verge). <\/p>\n<div class=\"mx-auto mb-12 mt-5 w-full max-w-3xl rounded-md border-2 border-gray-100 p-3 shadow-md md:px-7 md:pb-7 md:pt-5\" id=\"related-video\">\n<div class=\"mb-3 flex items-center md:mb-5\">\n        <img decoding=\"async\" class=\"mr-4 mt-0 h-10 w-10 md:mr-5 md:h-12 md:w-12\" src=\"https:\/\/vieassociative.be\/actualites\/wp-content\/uploads\/2025\/08\/1754414314_422_Les-brins-du-NYT-daujourdhui-indiquent-et-repondent-pour-le.jpg\" alt=\"Logo Lifehacker\"><\/p><\/div>\n<div class=\"aspect-video w-full overflow-hidden rounded-md\">\n<div id=\"video-container-01K4EW276QHVKNMB57HK2548PT\"><\/div>\n<\/p><\/div>\n<\/div>\n<h2 id=\"function-finally-follows-form\">La fonction suit enfin la forme<\/h2>\n<p>Personnellement, j&rsquo;adore le Palma car il est plus portable que le lecteur \u00e9lectronique moyen. Parce qu&rsquo;il est plus facile \u00e0 transporter, j&rsquo;en lis plus et j&rsquo;utilise moins d&rsquo;applications addictives sur mon t\u00e9l\u00e9phone (bien que le Palma puisse ex\u00e9cuter la plupart des applications, les m\u00e9dias sociaux ne sont pas tr\u00e8s amusants sur un \u00e9cran de liaison \u00e9lectronique lent). Mais j&rsquo;ai encore besoin de transporter mon t\u00e9l\u00e9phone, pour toutes les raisons habituelles (messagerie, cartes, tap-to-pay), donc ce n&rsquo;est pas l&rsquo;appareil qui change la vie qu&rsquo;il pourrait \u00eatre. Cela pourrait changer si BOOX lib\u00e8re en effet un palma qui peut passer des appels et ex\u00e9cuter des applications de messagerie sur une connexion cellulaire.<\/p>\n<p>Cependant, il y a beaucoup de questions \u00e0 r\u00e9pondre avant de pouvoir \u00eatre trop excit\u00e9e, cependant. D&rsquo;une part, l&rsquo;appareil n&rsquo;a pas \u00e9t\u00e9 officiellement annonc\u00e9, et il n&rsquo;y a aucune garantie qu&rsquo;il sera publi\u00e9 \u00e0 court terme, ou s&rsquo;il sera vendu aux \u00c9tats-Unis (tous les produits BOOX ne sont pas disponibles sur le march\u00e9 am\u00e9ricain). Ensuite, il y a la question du support des op\u00e9rateurs &#8211; vous ne pourrez certainement pas acheter un t\u00e9l\u00e9phone Palma directement aupr\u00e8s de Verizon ou T-Mobile, et ce n&rsquo;est pas une chose s\u00fbre qu&rsquo;un appareil de niche de fabrication chinoise, il jouera bien avec chaque transporteur domestique. <\/p>\n<p>Nous n&rsquo;avons \u00e9galement aucune information sur ce que cette chose pourrait co\u00fbter. Pour 300 $, le Palma a d\u00e9j\u00e0 beaucoup de capacit\u00e9s de type t\u00e9l\u00e9phone, mais l&rsquo;ajout d&rsquo;un \u00e9cran couleur et d&rsquo;un modem (et de le faire certifier pour jouer bien avec les r\u00e9seaux bas\u00e9s sur les \u00c9tats-Unis) poussera sans aucun doute ce nombre beaucoup plus \u00e9lev\u00e9. Les tarifs ne sont pas susceptibles d&rsquo;aider les choses non plus: le plus r\u00e9cent Palma 2 \u00e9tait de 299 $, et \u00e9tant donn\u00e9 que tous les \u00e9crans en enceinte \u00e9lectronique sont fabriqu\u00e9s \u00e0 l&rsquo;\u00e9tranger, il n&rsquo;y a aucune chance qu&rsquo;il ne soit pas confront\u00e9 \u00e0 ces frais d&rsquo;importation suppl\u00e9mentaires.<\/p>\n<p>Cela dit, un autre appareil d\u00e9j\u00e0 sur le march\u00e9 me donne une assez bonne id\u00e9e de la fa\u00e7on dont l&rsquo;utilisation d&rsquo;un t\u00e9l\u00e9phone Palma sera.<\/p>\n<h2 id=\"not-the-first-e-ink-phone\">Pas le premier t\u00e9l\u00e9phone e-ink<\/h2>\n<p>Depuis quelques mois, je jouais avec le BigMe Hibreak Pro, un lecteur \u00e9lectronique de 459 $ qui ressemble \u00e9norm\u00e9ment \u00e0 mon Palma 2 (vous pouvez voir les deux sur l&rsquo;image en haut de cet article). \u00c0 bien des \u00e9gards, le HiBreak Pro est un match pour un match pour le Palma &#8230; mais il a \u00e9galement une capacit\u00e9 cellulaire 5G. <\/p>\n<p>Un appareil comme celui-ci contient beaucoup d&rsquo;attrait &#8211; je suis \u00e0 un point o\u00f9 je commence \u00e0 en vouloir la primaut\u00e9 de mon iPhone dans ma vie. J&rsquo;adorerais ne porter qu&rsquo;un seul appareil, et un qui ne me branche pas aussi facilement aux horreurs d&rsquo;Internet et des m\u00e9dias sociaux, mais qui peut toujours g\u00e9rer les fonctions les plus essentielles (me garder connect\u00e9 \u00e0 ma famille, g\u00e9rer les paiements NFC, me guider via Google Maps). <\/p>\n<p>Mais jusqu&rsquo;\u00e0 pr\u00e9sent, pour moi, le HiBreak Pro n&rsquo;est pas le cas &#8211; comme avec d&rsquo;autres appareils BigMe que j&rsquo;ai test\u00e9s, je trouve son logiciel profond\u00e9ment frustrant, et je n&rsquo;ai pas eu le temps ou l&rsquo;\u00e9nergie pour consacrer \u00e0 l&rsquo;installation d&rsquo;un lanceur alternatif. (Cela n&rsquo;aide pas que le premier appareil que j&rsquo;ai re\u00e7u ait un port USB-C d\u00e9fectueux, et obtenir un remplacement a pris quelques mois.) Je pense g\u00e9n\u00e9ralement que Boox fait de meilleurs appareils que BigMe, donc j&rsquo;esp\u00e8re qu&rsquo;un t\u00e9l\u00e9phone Palma r\u00e9soudrait certains de ces probl\u00e8mes.<\/p>\n<p>\u00c0 ce stade, c&rsquo;est toujours un gros si. Malgr\u00e9 leur adorabilit\u00e9, les lecteurs \u00e9lectroniques de Boox ne sont certainement pas aussi conviviaux qu&rsquo;un Kindle. Et bien que le Palma ait attir\u00e9 un suivi culte (sans parler de l&rsquo;attention traditionnelle des points de vente comme le New York Times), un t\u00e9l\u00e9phone e-ink aura toujours un attrait de niche, ce qui signifie que nous en verrons tr\u00e8s peu de choses d&rsquo;une entreprise technologique \u00e9tablie comme Apple ou Samsung. Un t\u00e9l\u00e9phone Palma peut satisfaire \u00e0 des purs et durs en ligne, mais je ne m&rsquo;attends pas \u00e0 en voir trop de nombreux en conduisant dans le m\u00e9tro.<\/p>\n","protected":false},"excerpt":{"rendered":"<p>On dirait qu&rsquo;il aura \u00e9galement un \u00e9cran couleur. Le Boox Palma E-leader est incontestablement mon gadget pr\u00e9f\u00e9r\u00e9 des derni\u00e8res ann\u00e9es, mais je comprends aussi pourquoi<\/p>\n","protected":false},"author":1,"featured_media":9854,"comment_status":"","ping_status":"","sticky":false,"template":"","format":"standard","meta":{"footnotes":""},"categories":[13],"tags":[5136,172,8431,23,7829,1041,1109,542],"class_list":["post-9853","post","type-post","status-publish","format-standard","has-post-thumbnail","hentry","category-technologie","tag-boox","tag-egalement","tag-electeur","tag-etre","tag-palma","tag-pourrait","tag-prochain","tag-telephone","generate-columns","tablet-grid-50","mobile-grid-100","grid-parent","grid-33"],"yoast_head":"<!-- This site is optimized with the Yoast SEO plugin v24.0 - https:\/\/yoast.com\/wordpress\/plugins\/seo\/ -->\n<title>Le prochain BOOX Palma E-lecteur pourrait \u00e9galement \u00eatre un t\u00e9l\u00e9phone | Vie Associative<\/title>\n<meta name=\"robots\" content=\"index, follow, max-snippet:-1, max-image-preview:large, max-video-preview:-1\" \/>\n<link rel=\"canonical\" href=\"https:\/\/vieassociative.be\/actualites\/le-prochain-boox-palma-e-lecteur-pourrait-egalement-etre-un-telephone\/\" \/>\n<meta property=\"og:locale\" content=\"fr_FR\" \/>\n<meta property=\"og:type\" content=\"article\" \/>\n<meta property=\"og:title\" content=\"Le prochain BOOX Palma E-lecteur pourrait \u00e9galement \u00eatre un t\u00e9l\u00e9phone | Vie Associative\" \/>\n<meta property=\"og:description\" content=\"On dirait qu&rsquo;il aura \u00e9galement un \u00e9cran couleur. Le Boox Palma E-leader est incontestablement mon gadget pr\u00e9f\u00e9r\u00e9 des derni\u00e8res ann\u00e9es, mais je comprends aussi pourquoi\" \/>\n<meta property=\"og:url\" content=\"https:\/\/vieassociative.be\/actualites\/le-prochain-boox-palma-e-lecteur-pourrait-egalement-etre-un-telephone\/\" \/>\n<meta property=\"og:site_name\" content=\"Vie Associative\" \/>\n<meta property=\"article:published_time\" content=\"2025-09-06T07:17:08+00:00\" \/>\n<meta property=\"og:image\" content=\"https:\/\/vieassociative.be\/actualites\/wp-content\/uploads\/2025\/08\/1754414314_422_Les-brins-du-NYT-daujourdhui-indiquent-et-repondent-pour-le.jpg\" \/>\n<meta name=\"author\" content=\"Julien\" \/>\n<meta name=\"twitter:card\" content=\"summary_large_image\" \/>\n<meta name=\"twitter:label1\" content=\"\u00c9crit par\" \/>\n\t<meta name=\"twitter:data1\" content=\"Julien\" \/>\n\t<meta name=\"twitter:label2\" content=\"Dur\u00e9e de lecture est.\" \/>\n\t<meta name=\"twitter:data2\" content=\"5 minutes\" \/>\n<script type=\"application\/ld+json\" class=\"yoast-schema-graph\">{\"@context\":\"https:\/\/schema.org\",\"@graph\":[{\"@type\":\"Article\",\"@id\":\"https:\/\/vieassociative.be\/actualites\/le-prochain-boox-palma-e-lecteur-pourrait-egalement-etre-un-telephone\/#article\",\"isPartOf\":{\"@id\":\"https:\/\/vieassociative.be\/actualites\/le-prochain-boox-palma-e-lecteur-pourrait-egalement-etre-un-telephone\/\"},\"author\":{\"name\":\"Julien\",\"@id\":\"https:\/\/vieassociative.be\/actualites\/#\/schema\/person\/b87ac4f82f9d4e7b7cec7395b679edc4\"},\"headline\":\"Le prochain BOOX Palma E-lecteur pourrait \u00e9galement \u00eatre un t\u00e9l\u00e9phone\",\"datePublished\":\"2025-09-06T07:17:08+00:00\",\"dateModified\":\"2025-09-06T07:17:08+00:00\",\"mainEntityOfPage\":{\"@id\":\"https:\/\/vieassociative.be\/actualites\/le-prochain-boox-palma-e-lecteur-pourrait-egalement-etre-un-telephone\/\"},\"wordCount\":1072,\"publisher\":{\"@id\":\"https:\/\/vieassociative.be\/actualites\/#organization\"},\"image\":{\"@id\":\"https:\/\/vieassociative.be\/actualites\/le-prochain-boox-palma-e-lecteur-pourrait-egalement-etre-un-telephone\/#primaryimage\"},\"thumbnailUrl\":\"https:\/\/vieassociative.be\/actualites\/wp-content\/uploads\/2025\/09\/Le-prochain-BOOX-Palma-E-lecteur-pourrait-egalement-etre-un-telephone.png\",\"keywords\":[\"Boox\",\"\u00e9galement\",\"Electeur\",\"\u00eatre\",\"Palma\",\"pourrait\",\"prochain\",\"t\u00e9l\u00e9phone\"],\"articleSection\":[\"Technologie\"],\"inLanguage\":\"fr-BE\"},{\"@type\":\"WebPage\",\"@id\":\"https:\/\/vieassociative.be\/actualites\/le-prochain-boox-palma-e-lecteur-pourrait-egalement-etre-un-telephone\/\",\"url\":\"https:\/\/vieassociative.be\/actualites\/le-prochain-boox-palma-e-lecteur-pourrait-egalement-etre-un-telephone\/\",\"name\":\"Le prochain BOOX Palma E-lecteur pourrait \u00e9galement \u00eatre un t\u00e9l\u00e9phone | Vie Associative\",\"isPartOf\":{\"@id\":\"https:\/\/vieassociative.be\/actualites\/#website\"},\"primaryImageOfPage\":{\"@id\":\"https:\/\/vieassociative.be\/actualites\/le-prochain-boox-palma-e-lecteur-pourrait-egalement-etre-un-telephone\/#primaryimage\"},\"image\":{\"@id\":\"https:\/\/vieassociative.be\/actualites\/le-prochain-boox-palma-e-lecteur-pourrait-egalement-etre-un-telephone\/#primaryimage\"},\"thumbnailUrl\":\"https:\/\/vieassociative.be\/actualites\/wp-content\/uploads\/2025\/09\/Le-prochain-BOOX-Palma-E-lecteur-pourrait-egalement-etre-un-telephone.png\",\"datePublished\":\"2025-09-06T07:17:08+00:00\",\"dateModified\":\"2025-09-06T07:17:08+00:00\",\"breadcrumb\":{\"@id\":\"https:\/\/vieassociative.be\/actualites\/le-prochain-boox-palma-e-lecteur-pourrait-egalement-etre-un-telephone\/#breadcrumb\"},\"inLanguage\":\"fr-BE\",\"potentialAction\":[{\"@type\":\"ReadAction\",\"target\":[\"https:\/\/vieassociative.be\/actualites\/le-prochain-boox-palma-e-lecteur-pourrait-egalement-etre-un-telephone\/\"]}]},{\"@type\":\"ImageObject\",\"inLanguage\":\"fr-BE\",\"@id\":\"https:\/\/vieassociative.be\/actualites\/le-prochain-boox-palma-e-lecteur-pourrait-egalement-etre-un-telephone\/#primaryimage\",\"url\":\"https:\/\/vieassociative.be\/actualites\/wp-content\/uploads\/2025\/09\/Le-prochain-BOOX-Palma-E-lecteur-pourrait-egalement-etre-un-telephone.png\",\"contentUrl\":\"https:\/\/vieassociative.be\/actualites\/wp-content\/uploads\/2025\/09\/Le-prochain-BOOX-Palma-E-lecteur-pourrait-egalement-etre-un-telephone.png\",\"width\":1200,\"height\":675,\"caption\":\"Le prochain BOOX Palma E-lecteur pourrait \u00e9galement \u00eatre un t\u00e9l\u00e9phone\"},{\"@type\":\"BreadcrumbList\",\"@id\":\"https:\/\/vieassociative.be\/actualites\/le-prochain-boox-palma-e-lecteur-pourrait-egalement-etre-un-telephone\/#breadcrumb\",\"itemListElement\":[{\"@type\":\"ListItem\",\"position\":1,\"name\":\"Accueil\",\"item\":\"https:\/\/vieassociative.be\/actualites\/\"},{\"@type\":\"ListItem\",\"position\":2,\"name\":\"Le prochain BOOX Palma E-lecteur pourrait \u00e9galement \u00eatre un t\u00e9l\u00e9phone\"}]},{\"@type\":\"WebSite\",\"@id\":\"https:\/\/vieassociative.be\/actualites\/#website\",\"url\":\"https:\/\/vieassociative.be\/actualites\/\",\"name\":\"Vie Associative\",\"description\":\"\",\"publisher\":{\"@id\":\"https:\/\/vieassociative.be\/actualites\/#organization\"},\"potentialAction\":[{\"@type\":\"SearchAction\",\"target\":{\"@type\":\"EntryPoint\",\"urlTemplate\":\"https:\/\/vieassociative.be\/actualites\/?s={search_term_string}\"},\"query-input\":{\"@type\":\"PropertyValueSpecification\",\"valueRequired\":true,\"valueName\":\"search_term_string\"}}],\"inLanguage\":\"fr-BE\"},{\"@type\":\"Organization\",\"@id\":\"https:\/\/vieassociative.be\/actualites\/#organization\",\"name\":\"Vie Associative\",\"url\":\"https:\/\/vieassociative.be\/actualites\/\",\"logo\":{\"@type\":\"ImageObject\",\"inLanguage\":\"fr-BE\",\"@id\":\"https:\/\/vieassociative.be\/actualites\/#\/schema\/logo\/image\/\",\"url\":\"https:\/\/vieassociative.be\/actualites\/wp-content\/uploads\/2024\/09\/cropped-vieassociative_favicon.ico.png\",\"contentUrl\":\"https:\/\/vieassociative.be\/actualites\/wp-content\/uploads\/2024\/09\/cropped-vieassociative_favicon.ico.png\",\"width\":512,\"height\":512,\"caption\":\"Vie Associative\"},\"image\":{\"@id\":\"https:\/\/vieassociative.be\/actualites\/#\/schema\/logo\/image\/\"}},{\"@type\":\"Person\",\"@id\":\"https:\/\/vieassociative.be\/actualites\/#\/schema\/person\/b87ac4f82f9d4e7b7cec7395b679edc4\",\"name\":\"Julien\",\"image\":{\"@type\":\"ImageObject\",\"inLanguage\":\"fr-BE\",\"@id\":\"https:\/\/vieassociative.be\/actualites\/#\/schema\/person\/image\/\",\"url\":\"https:\/\/vieassociative.be\/actualites\/wp-content\/uploads\/2024\/09\/vie-associative-1-150x150.jpg\",\"contentUrl\":\"https:\/\/vieassociative.be\/actualites\/wp-content\/uploads\/2024\/09\/vie-associative-1-150x150.jpg\",\"caption\":\"Julien\"},\"description\":\"Je suis Julien, r\u00e9dacteur pour Vie Associative. Passionn\u00e9 par le monde associatif depuis plus de 10 ans, j'ai \u00e0 c\u0153ur de partager des histoires inspirantes et de mettre en lumi\u00e8re les initiatives locales. Mon objectif est de sensibiliser et d'encourager l'engagement communautaire \u00e0 travers mes articles.\",\"sameAs\":[\"https:\/\/vieassociative.be\/\"]}]}<\/script>\n<!-- \/ Yoast SEO plugin. -->","yoast_head_json":{"title":"Le prochain BOOX Palma E-lecteur pourrait \u00e9galement \u00eatre un t\u00e9l\u00e9phone | Vie Associative","robots":{"index":"index","follow":"follow","max-snippet":"max-snippet:-1","max-image-preview":"max-image-preview:large","max-video-preview":"max-video-preview:-1"},"canonical":"https:\/\/vieassociative.be\/actualites\/le-prochain-boox-palma-e-lecteur-pourrait-egalement-etre-un-telephone\/","og_locale":"fr_FR","og_type":"article","og_title":"Le prochain BOOX Palma E-lecteur pourrait \u00e9galement \u00eatre un t\u00e9l\u00e9phone | Vie Associative","og_description":"On dirait qu&rsquo;il aura \u00e9galement un \u00e9cran couleur. Le Boox Palma E-leader est incontestablement mon gadget pr\u00e9f\u00e9r\u00e9 des derni\u00e8res ann\u00e9es, mais je comprends aussi pourquoi","og_url":"https:\/\/vieassociative.be\/actualites\/le-prochain-boox-palma-e-lecteur-pourrait-egalement-etre-un-telephone\/","og_site_name":"Vie Associative","article_published_time":"2025-09-06T07:17:08+00:00","og_image":[{"url":"https:\/\/vieassociative.be\/actualites\/wp-content\/uploads\/2025\/08\/1754414314_422_Les-brins-du-NYT-daujourdhui-indiquent-et-repondent-pour-le.jpg","type":"","width":"","height":""}],"author":"Julien","twitter_card":"summary_large_image","twitter_misc":{"\u00c9crit par":"Julien","Dur\u00e9e de lecture est.":"5 minutes"},"schema":{"@context":"https:\/\/schema.org","@graph":[{"@type":"Article","@id":"https:\/\/vieassociative.be\/actualites\/le-prochain-boox-palma-e-lecteur-pourrait-egalement-etre-un-telephone\/#article","isPartOf":{"@id":"https:\/\/vieassociative.be\/actualites\/le-prochain-boox-palma-e-lecteur-pourrait-egalement-etre-un-telephone\/"},"author":{"name":"Julien","@id":"https:\/\/vieassociative.be\/actualites\/#\/schema\/person\/b87ac4f82f9d4e7b7cec7395b679edc4"},"headline":"Le prochain BOOX Palma E-lecteur pourrait \u00e9galement \u00eatre un t\u00e9l\u00e9phone","datePublished":"2025-09-06T07:17:08+00:00","dateModified":"2025-09-06T07:17:08+00:00","mainEntityOfPage":{"@id":"https:\/\/vieassociative.be\/actualites\/le-prochain-boox-palma-e-lecteur-pourrait-egalement-etre-un-telephone\/"},"wordCount":1072,"publisher":{"@id":"https:\/\/vieassociative.be\/actualites\/#organization"},"image":{"@id":"https:\/\/vieassociative.be\/actualites\/le-prochain-boox-palma-e-lecteur-pourrait-egalement-etre-un-telephone\/#primaryimage"},"thumbnailUrl":"https:\/\/vieassociative.be\/actualites\/wp-content\/uploads\/2025\/09\/Le-prochain-BOOX-Palma-E-lecteur-pourrait-egalement-etre-un-telephone.png","keywords":["Boox","\u00e9galement","Electeur","\u00eatre","Palma","pourrait","prochain","t\u00e9l\u00e9phone"],"articleSection":["Technologie"],"inLanguage":"fr-BE"},{"@type":"WebPage","@id":"https:\/\/vieassociative.be\/actualites\/le-prochain-boox-palma-e-lecteur-pourrait-egalement-etre-un-telephone\/","url":"https:\/\/vieassociative.be\/actualites\/le-prochain-boox-palma-e-lecteur-pourrait-egalement-etre-un-telephone\/","name":"Le prochain BOOX Palma E-lecteur pourrait \u00e9galement \u00eatre un t\u00e9l\u00e9phone | Vie Associative","isPartOf":{"@id":"https:\/\/vieassociative.be\/actualites\/#website"},"primaryImageOfPage":{"@id":"https:\/\/vieassociative.be\/actualites\/le-prochain-boox-palma-e-lecteur-pourrait-egalement-etre-un-telephone\/#primaryimage"},"image":{"@id":"https:\/\/vieassociative.be\/actualites\/le-prochain-boox-palma-e-lecteur-pourrait-egalement-etre-un-telephone\/#primaryimage"},"thumbnailUrl":"https:\/\/vieassociative.be\/actualites\/wp-content\/uploads\/2025\/09\/Le-prochain-BOOX-Palma-E-lecteur-pourrait-egalement-etre-un-telephone.png","datePublished":"2025-09-06T07:17:08+00:00","dateModified":"2025-09-06T07:17:08+00:00","breadcrumb":{"@id":"https:\/\/vieassociative.be\/actualites\/le-prochain-boox-palma-e-lecteur-pourrait-egalement-etre-un-telephone\/#breadcrumb"},"inLanguage":"fr-BE","potentialAction":[{"@type":"ReadAction","target":["https:\/\/vieassociative.be\/actualites\/le-prochain-boox-palma-e-lecteur-pourrait-egalement-etre-un-telephone\/"]}]},{"@type":"ImageObject","inLanguage":"fr-BE","@id":"https:\/\/vieassociative.be\/actualites\/le-prochain-boox-palma-e-lecteur-pourrait-egalement-etre-un-telephone\/#primaryimage","url":"https:\/\/vieassociative.be\/actualites\/wp-content\/uploads\/2025\/09\/Le-prochain-BOOX-Palma-E-lecteur-pourrait-egalement-etre-un-telephone.png","contentUrl":"https:\/\/vieassociative.be\/actualites\/wp-content\/uploads\/2025\/09\/Le-prochain-BOOX-Palma-E-lecteur-pourrait-egalement-etre-un-telephone.png","width":1200,"height":675,"caption":"Le prochain BOOX Palma E-lecteur pourrait \u00e9galement \u00eatre un t\u00e9l\u00e9phone"},{"@type":"BreadcrumbList","@id":"https:\/\/vieassociative.be\/actualites\/le-prochain-boox-palma-e-lecteur-pourrait-egalement-etre-un-telephone\/#breadcrumb","itemListElement":[{"@type":"ListItem","position":1,"name":"Accueil","item":"https:\/\/vieassociative.be\/actualites\/"},{"@type":"ListItem","position":2,"name":"Le prochain BOOX Palma E-lecteur pourrait \u00e9galement \u00eatre un t\u00e9l\u00e9phone"}]},{"@type":"WebSite","@id":"https:\/\/vieassociative.be\/actualites\/#website","url":"https:\/\/vieassociative.be\/actualites\/","name":"Vie Associative","description":"","publisher":{"@id":"https:\/\/vieassociative.be\/actualites\/#organization"},"potentialAction":[{"@type":"SearchAction","target":{"@type":"EntryPoint","urlTemplate":"https:\/\/vieassociative.be\/actualites\/?s={search_term_string}"},"query-input":{"@type":"PropertyValueSpecification","valueRequired":true,"valueName":"search_term_string"}}],"inLanguage":"fr-BE"},{"@type":"Organization","@id":"https:\/\/vieassociative.be\/actualites\/#organization","name":"Vie Associative","url":"https:\/\/vieassociative.be\/actualites\/","logo":{"@type":"ImageObject","inLanguage":"fr-BE","@id":"https:\/\/vieassociative.be\/actualites\/#\/schema\/logo\/image\/","url":"https:\/\/vieassociative.be\/actualites\/wp-content\/uploads\/2024\/09\/cropped-vieassociative_favicon.ico.png","contentUrl":"https:\/\/vieassociative.be\/actualites\/wp-content\/uploads\/2024\/09\/cropped-vieassociative_favicon.ico.png","width":512,"height":512,"caption":"Vie Associative"},"image":{"@id":"https:\/\/vieassociative.be\/actualites\/#\/schema\/logo\/image\/"}},{"@type":"Person","@id":"https:\/\/vieassociative.be\/actualites\/#\/schema\/person\/b87ac4f82f9d4e7b7cec7395b679edc4","name":"Julien","image":{"@type":"ImageObject","inLanguage":"fr-BE","@id":"https:\/\/vieassociative.be\/actualites\/#\/schema\/person\/image\/","url":"https:\/\/vieassociative.be\/actualites\/wp-content\/uploads\/2024\/09\/vie-associative-1-150x150.jpg","contentUrl":"https:\/\/vieassociative.be\/actualites\/wp-content\/uploads\/2024\/09\/vie-associative-1-150x150.jpg","caption":"Julien"},"description":"Je suis Julien, r\u00e9dacteur pour Vie Associative. Passionn\u00e9 par le monde associatif depuis plus de 10 ans, j'ai \u00e0 c\u0153ur de partager des histoires inspirantes et de mettre en lumi\u00e8re les initiatives locales. Mon objectif est de sensibiliser et d'encourager l'engagement communautaire \u00e0 travers mes articles.","sameAs":["https:\/\/vieassociative.be\/"]}]}},"_links":{"self":[{"href":"https:\/\/vieassociative.be\/actualites\/wp-json\/wp\/v2\/posts\/9853"}],"collection":[{"href":"https:\/\/vieassociative.be\/actualites\/wp-json\/wp\/v2\/posts"}],"about":[{"href":"https:\/\/vieassociative.be\/actualites\/wp-json\/wp\/v2\/types\/post"}],"author":[{"embeddable":true,"href":"https:\/\/vieassociative.be\/actualites\/wp-json\/wp\/v2\/users\/1"}],"replies":[{"embeddable":true,"href":"https:\/\/vieassociative.be\/actualites\/wp-json\/wp\/v2\/comments?post=9853"}],"version-history":[{"count":0,"href":"https:\/\/vieassociative.be\/actualites\/wp-json\/wp\/v2\/posts\/9853\/revisions"}],"wp:featuredmedia":[{"embeddable":true,"href":"https:\/\/vieassociative.be\/actualites\/wp-json\/wp\/v2\/media\/9854"}],"wp:attachment":[{"href":"https:\/\/vieassociative.be\/actualites\/wp-json\/wp\/v2\/media?parent=9853"}],"wp:term":[{"taxonomy":"category","embeddable":true,"href":"https:\/\/vieassociative.be\/actualites\/wp-json\/wp\/v2\/categories?post=9853"},{"taxonomy":"post_tag","embeddable":true,"href":"https:\/\/vieassociative.be\/actualites\/wp-json\/wp\/v2\/tags?post=9853"}],"curies":[{"name":"wp","href":"https:\/\/api.w.org\/{rel}","templated":true}]}}