{"id":9836,"date":"2025-09-05T14:17:23","date_gmt":"2025-09-05T12:17:23","guid":{"rendered":"https:\/\/vieassociative.be\/actualites\/tous-les-nouveaux-appareils-que-samsung-a-annonces-lors-de-son-dernier-evenement-galaxy\/"},"modified":"2025-09-05T14:17:23","modified_gmt":"2025-09-05T12:17:23","slug":"tous-les-nouveaux-appareils-que-samsung-a-annonces-lors-de-son-dernier-evenement-galaxy","status":"publish","type":"post","link":"https:\/\/vieassociative.be\/actualites\/tous-les-nouveaux-appareils-que-samsung-a-annonces-lors-de-son-dernier-evenement-galaxy\/","title":{"rendered":"Tous les nouveaux appareils que Samsung a annonc\u00e9s lors de son dernier \u00e9v\u00e9nement Galaxy"},"content":{"rendered":"<div class=\"mt-4 leading-6 md:mb-8\">Le dernier smartphone Galaxy \u00ab\u00a0Fan Edition\u00a0\u00bb est l\u00e0.<\/div>\n<p><\/p>\n<p><em>Saviez-vous que vous pouvez personnaliser Google pour filtrer les ordures? Prendre ces \u00e9tapes<\/em><em> Pour de meilleurs r\u00e9sultats de recherche, notamment l&rsquo;ajout de Vie Associative comme source pr\u00e9f\u00e9r\u00e9e pour les nouvelles technologiques<\/em><em>.<\/em><\/p>\n<hr>\n<p>Samsung a un 2025 occup\u00e9. Lors de leur dernier \u00e9v\u00e9nement Galaxy, la soci\u00e9t\u00e9 a d\u00e9voil\u00e9 quatre appareils: le Galaxy S25 FE (le dernier mod\u00e8le \u00ab\u00a0budget\u00a0\u00bb de la s\u00e9rie Galaxy S25), ainsi que la s\u00e9rie Galaxy Tab S11, Galaxy Tab S10 Lite et The Galaxy Buds 3 Fe. <\/p>\n<h2 id=\"galaxy-s25-fe\">Galaxy S25 Fe<\/h2>\n<div class=\"eloquent-imagery-image\">\n<div class=\"flex justify-center\">\n                    <img decoding=\"async\" class=\"border border-gray-100\" src=\"https:\/\/vieassociative.be\/actualites\/wp-content\/uploads\/2025\/09\/Tous-les-nouveaux-appareils-que-Samsung-a-annonces-lors-de.jpg\" alt=\"Le nouveau Samsung Galaxy S25 Fe.\" width=\"2000\" height=\"1125\" loading=\"lazy\"  >\n            <\/div>\n<\/p><\/div>\n<p>Le Galaxy S25 Fe est la derni\u00e8re entr\u00e9e de Samsung dans son \u00ab\u00a0Fan Edition\u00a0\u00bb des appareils. Cette galaxie est livr\u00e9e avec un \u00e9cran 2X AMOLED dynamique de 6,7 pouces, avec une r\u00e9solution FHD + de 2340 x 1080 et un taux de rafra\u00eechissement \u00e0 120 Hz. L&#8217;empreinte du S25 FE est tr\u00e8s similaire au S25 + plus t\u00f4t cette ann\u00e9e. <\/p>\n<div class=\"mx-auto mb-12 mt-5 w-full max-w-3xl rounded-md border-2 border-gray-100 p-3 shadow-md md:px-7 md:pb-7 md:pt-5\" id=\"related-video\">\n<div class=\"mb-3 flex items-center md:mb-5\">\n        <img decoding=\"async\" class=\"mr-4 mt-0 h-10 w-10 md:mr-5 md:h-12 md:w-12\" src=\"https:\/\/vieassociative.be\/actualites\/wp-content\/uploads\/2025\/08\/1754414314_422_Les-brins-du-NYT-daujourdhui-indiquent-et-repondent-pour-le.jpg\" alt=\"Logo Lifehacker\"><\/p><\/div>\n<div class=\"aspect-video w-full overflow-hidden rounded-md\">\n<div id=\"video-container-01K4CVKCZZ57KW3TVPKBN889EV\"><\/div>\n<\/p><\/div>\n<\/div>\n<p>Le t\u00e9l\u00e9phone alimente le Samsung Exynos 2400, qui comprend 8 Go de RAM, au lieu du processeur Elite Qualcomm Snapdragon 8 trouv\u00e9 sur les mod\u00e8les phares S25. Avec le S25 FE, vous aurez toujours acc\u00e8s \u00e0 toutes les fonctionnalit\u00e9s Galaxy AI du S25, telles que la barre maintenant et maintenant Bref, Circle to Search et Auto Trims. <\/p>\n<p>Le S25 FE est livr\u00e9 avec une batterie de 4 900 mAh, qui est en hausse de 4 700 mAh sur le S24 FE de l&rsquo;ann\u00e9e derni\u00e8re, avec une charge rapide filaire 45 W et une charge sans fil de 15 W. Les options de stockage pour le S25 FE incluent 128 Go, 256 Go et 512 Go. <\/p>\n<p>En se tournant vers les cam\u00e9ras, le S25 Fe a une lentille principale primaire de 50 MP, une ultra-largeur de 12 MP et un t\u00e9l\u00e9objectif 8MP, ainsi qu&rsquo;une cam\u00e9ra selfie 12MP. D&rsquo;autres sp\u00e9cifications du S25 FE comprennent un capteur d&#8217;empreintes digitales optique dans le jeu, une reconnaissance faciale et une prise en charge sans fil pour Samsung Dex. Le S25 Fe est disponible en Jetblack, Marine, IcyBlue et White. <\/p>\n<p>Vous pouvez commander le Galaxy S25 Fe \u00e0 partir d&rsquo;aujourd&rsquo;hui. <\/p>\n<h2 id=\"galaxy-tab-s11-series\">S\u00e9rie Galaxy Tab S11<\/h2>\n<div class=\"eloquent-imagery-image\">\n<div class=\"flex justify-center\">\n                    <img decoding=\"async\" class=\"border border-gray-100\" src=\"https:\/\/vieassociative.be\/actualites\/wp-content\/uploads\/2025\/09\/1757074643_693_Tous-les-nouveaux-appareils-que-Samsung-a-annonces-lors-de.jpg\" alt=\"Le nouveau Samsung Galaxy Tab S11 Ultra et Galaxy Tab S11.\" width=\"2000\" height=\"1125\" loading=\"lazy\"  >\n            <\/div>\n<\/p><\/div>\n<p>Samsung a \u00e9galement d\u00e9voil\u00e9 la s\u00e9rie Galaxy Tab S11, et pour cette ann\u00e9e, il n&rsquo;y a que deux mod\u00e8les: une version de base et un mod\u00e8le ultra. Il n&rsquo;y a pas de mod\u00e8le plus cette fois-ci. <\/p>\n<p>L&rsquo;onglet de base S11 a un \u00e9cran AMOLED dynamique de 11 pouces 2x, tandis que l&rsquo;Ultra a un \u00e9cran plus grand de 14,6 pouces. Les affichages des deux mod\u00e8les ont un taux de rafra\u00eechissement de 120 Hz. L&rsquo;alimentation des tablettes est la puce MediaTek Dimensit\u00e9 2400+ avec jusqu&rsquo;\u00e0 16 Go de RAM (selon la capacit\u00e9 de stockage). <\/p>\n<p>Les options de stockage comprennent 128 Go, 256 Go et 512 Go pour l&rsquo;onglet de base S11 et 256 Go, 512 Go et 1 To pour l&rsquo;ultra. Tous les mod\u00e8les sont livr\u00e9s avec un emplacement pour carte microSD avec un support pour des cartes allant jusqu&rsquo;\u00e0 2 To. <\/p>\n<p>Le TAB S11 a une batterie de 8 400 mAh, tandis que le Tab S11 Ultra a une batterie de 11 600 mAh. Les autres sp\u00e9cifications incluent un capteur d&#8217;empreintes digitales \u00e0 l&rsquo;\u00e9cran, une r\u00e9sistance \u00e0 l&rsquo;eau et \u00e0 la poussi\u00e8re IP68, un support Wi-Fi 7 et un stylo S qui se connecte via Bluetooth.<\/p>\n<p>Pour les cam\u00e9ras, l&rsquo;onglet de base S11 a une lentille principale 13MP \u00e0 l&rsquo;arri\u00e8re et un selfie 12MP. Le TAB S11 Ultra a une configuration \u00e0 double cam\u00e9ra arri\u00e8re avec un objectif de 13 MP de large et 8 MP ultra-large, ainsi qu&rsquo;une lentille selfie 12MP. Les tablettes sont disponibles en deux couleurs: gris et argent.<\/p>\n<p>La s\u00e9rie Galaxy Tab S11 est disponible sur commande aujourd&rsquo;hui.<\/p>\n<h2 id=\"galaxy-tab-s10-lite\">Galaxy Tab S10 Lite<\/h2>\n<div class=\"eloquent-imagery-image\">\n<div class=\"flex justify-center\">\n                    <img decoding=\"async\" class=\"border border-gray-100\" src=\"https:\/\/vieassociative.be\/actualites\/wp-content\/uploads\/2025\/09\/1757074643_408_Tous-les-nouveaux-appareils-que-Samsung-a-annonces-lors-de.jpg\" alt=\"Le nouveau Tab Galaxy Samsung S10 Lite.\" width=\"2000\" height=\"1125\" loading=\"lazy\"  >\n            <\/div>\n<\/p><\/div>\n<p>Samsung a \u00e9galement montr\u00e9 le Galaxy Tab S10 Lite, qui remplace directement le Galaxy Tab S6 Lite. Le Tab S10 Lite a un \u00e9cran LCD de 10,9 pouces avec un taux de rafra\u00eechissement \u00e0 90 Hz. L&rsquo;alimentation de la tablette est la puce Exynos 1380 avec jusqu&rsquo;\u00e0 8 Go de RAM.<\/p>\n<p>Les options de stockage pour la tablette comprennent 128 Go ou 256 Go, ainsi qu&rsquo;un emplacement pour carte microSD pour un stockage extensible. Le Lite a une batterie de 8 000 mAh, avec une lentille de cam\u00e9ra principale de 8 MP \u00e0 l&rsquo;arri\u00e8re et une cam\u00e9ra selfie 5MP. <\/p>\n<p>Les autres sp\u00e9cifications de la tablette comprennent le Wi-Fi 6, un stylo Bluetooth et une r\u00e9sistance \u00e0 l&rsquo;eau et \u00e0 la poussi\u00e8re IP42. La tablette sera disponible en gris, argent et corallir\u00e9.<\/p>\n<p>Le Galaxy Tab S10 Lite est disponible sur commande aujourd&rsquo;hui.<\/p>\n<h2 id=\"galaxy-buds-3-fe\">Galaxy Buds 3 Fe<\/h2>\n<div class=\"eloquent-imagery-image\">\n<div class=\"flex justify-center\">\n                    <img decoding=\"async\" class=\"border border-gray-100\" src=\"https:\/\/vieassociative.be\/actualites\/wp-content\/uploads\/2025\/09\/1757074643_34_Tous-les-nouveaux-appareils-que-Samsung-a-annonces-lors-de.jpg\" alt=\"Le nouveau Samsung Galaxy Buds 3 Fe.\" width=\"2000\" height=\"1125\" loading=\"lazy\"  >\n            <\/div>\n<\/p><\/div>\n<p>Enfin, il y a le Galaxy Buds 3 Fe, qui est l&rsquo;\u00e9dition des fans de Galaxy Buds 3 de l&rsquo;ann\u00e9e derni\u00e8re. <\/p>\n<p>Les \u00e9couteurs sont livr\u00e9s avec un pilote audio dynamique de 11 mm, une annulation de bruit actif (ANC), un \u00e9galiseur personnalis\u00e9 ambiant et une r\u00e9sistance \u00e0 l&rsquo;eau et \u00e0 la poussi\u00e8re IP54. Bien que la conception soit similaire aux Buds Galaxy 3, le mod\u00e8le FE n&rsquo;a pas de lumi\u00e8res de lame. <\/p>\n<p>Les Galaxy Buds 3 Fe offrent jusqu&rsquo;\u00e0 six heures de temps d&rsquo;\u00e9coute avec ANC et 8,5 heures avec ANC. Vous obtiendrez 30 heures suppl\u00e9mentaires \u00e0 partir de la caisse de charge. Les \u00e9couteurs sont disponibles en deux couleurs: noir et blanc. <\/p>\n<p>Les Galaxy Buds 3 Fe sont disponibles sur commande aujourd&rsquo;hui.<\/p>\n","protected":false},"excerpt":{"rendered":"<p>Le dernier smartphone Galaxy \u00ab\u00a0Fan Edition\u00a0\u00bb est l\u00e0. Saviez-vous que vous pouvez personnaliser Google pour filtrer les ordures? Prendre ces \u00e9tapes Pour de meilleurs r\u00e9sultats<\/p>\n","protected":false},"author":1,"featured_media":9837,"comment_status":"","ping_status":"","sticky":false,"template":"","format":"standard","meta":{"footnotes":""},"categories":[13],"tags":[5918,451,2682,7675,4183,14,353,2052,1878,800,546],"class_list":["post-9836","post","type-post","status-publish","format-standard","has-post-thumbnail","hentry","category-technologie","tag-annonces","tag-appareils","tag-dernier","tag-evenement","tag-galaxy","tag-les","tag-lors","tag-nouveaux","tag-samsung","tag-son","tag-tous","generate-columns","tablet-grid-50","mobile-grid-100","grid-parent","grid-33"],"yoast_head":"<!-- This site is optimized with the Yoast SEO plugin v24.0 - https:\/\/yoast.com\/wordpress\/plugins\/seo\/ -->\n<title>Tous les nouveaux appareils que Samsung a annonc\u00e9s lors de son dernier \u00e9v\u00e9nement Galaxy | Vie Associative<\/title>\n<meta name=\"robots\" content=\"index, follow, max-snippet:-1, max-image-preview:large, max-video-preview:-1\" \/>\n<link rel=\"canonical\" href=\"https:\/\/vieassociative.be\/actualites\/tous-les-nouveaux-appareils-que-samsung-a-annonces-lors-de-son-dernier-evenement-galaxy\/\" \/>\n<meta property=\"og:locale\" content=\"fr_FR\" \/>\n<meta property=\"og:type\" content=\"article\" \/>\n<meta property=\"og:title\" content=\"Tous les nouveaux appareils que Samsung a annonc\u00e9s lors de son dernier \u00e9v\u00e9nement Galaxy | Vie Associative\" \/>\n<meta property=\"og:description\" content=\"Le dernier smartphone Galaxy \u00ab\u00a0Fan Edition\u00a0\u00bb est l\u00e0. Saviez-vous que vous pouvez personnaliser Google pour filtrer les ordures? Prendre ces \u00e9tapes Pour de meilleurs r\u00e9sultats\" \/>\n<meta property=\"og:url\" content=\"https:\/\/vieassociative.be\/actualites\/tous-les-nouveaux-appareils-que-samsung-a-annonces-lors-de-son-dernier-evenement-galaxy\/\" \/>\n<meta property=\"og:site_name\" content=\"Vie Associative\" \/>\n<meta property=\"article:published_time\" content=\"2025-09-05T12:17:23+00:00\" \/>\n<meta property=\"og:image\" content=\"https:\/\/vieassociative.be\/actualites\/wp-content\/uploads\/2025\/09\/Tous-les-nouveaux-appareils-que-Samsung-a-annonces-lors-de.jpg\" \/>\n<meta name=\"author\" content=\"Julien\" \/>\n<meta name=\"twitter:card\" content=\"summary_large_image\" \/>\n<meta name=\"twitter:label1\" content=\"\u00c9crit par\" \/>\n\t<meta name=\"twitter:data1\" content=\"Julien\" \/>\n\t<meta name=\"twitter:label2\" content=\"Dur\u00e9e de lecture est.\" \/>\n\t<meta name=\"twitter:data2\" content=\"4 minutes\" \/>\n<script type=\"application\/ld+json\" class=\"yoast-schema-graph\">{\"@context\":\"https:\/\/schema.org\",\"@graph\":[{\"@type\":\"Article\",\"@id\":\"https:\/\/vieassociative.be\/actualites\/tous-les-nouveaux-appareils-que-samsung-a-annonces-lors-de-son-dernier-evenement-galaxy\/#article\",\"isPartOf\":{\"@id\":\"https:\/\/vieassociative.be\/actualites\/tous-les-nouveaux-appareils-que-samsung-a-annonces-lors-de-son-dernier-evenement-galaxy\/\"},\"author\":{\"name\":\"Julien\",\"@id\":\"https:\/\/vieassociative.be\/actualites\/#\/schema\/person\/b87ac4f82f9d4e7b7cec7395b679edc4\"},\"headline\":\"Tous les nouveaux appareils que Samsung a annonc\u00e9s lors de son dernier \u00e9v\u00e9nement Galaxy\",\"datePublished\":\"2025-09-05T12:17:23+00:00\",\"dateModified\":\"2025-09-05T12:17:23+00:00\",\"mainEntityOfPage\":{\"@id\":\"https:\/\/vieassociative.be\/actualites\/tous-les-nouveaux-appareils-que-samsung-a-annonces-lors-de-son-dernier-evenement-galaxy\/\"},\"wordCount\":919,\"publisher\":{\"@id\":\"https:\/\/vieassociative.be\/actualites\/#organization\"},\"image\":{\"@id\":\"https:\/\/vieassociative.be\/actualites\/tous-les-nouveaux-appareils-que-samsung-a-annonces-lors-de-son-dernier-evenement-galaxy\/#primaryimage\"},\"thumbnailUrl\":\"https:\/\/vieassociative.be\/actualites\/wp-content\/uploads\/2025\/09\/1757074645_Tous-les-nouveaux-appareils-que-Samsung-a-annonces-lors-de.jpg\",\"keywords\":[\"annonces\",\"appareils\",\"dernier\",\"\u00e9v\u00e9nement\",\"Galaxy\",\"Les\",\"lors\",\"nouveaux\",\"Samsung\",\"son\",\"tous\"],\"articleSection\":[\"Technologie\"],\"inLanguage\":\"fr-BE\"},{\"@type\":\"WebPage\",\"@id\":\"https:\/\/vieassociative.be\/actualites\/tous-les-nouveaux-appareils-que-samsung-a-annonces-lors-de-son-dernier-evenement-galaxy\/\",\"url\":\"https:\/\/vieassociative.be\/actualites\/tous-les-nouveaux-appareils-que-samsung-a-annonces-lors-de-son-dernier-evenement-galaxy\/\",\"name\":\"Tous les nouveaux appareils que Samsung a annonc\u00e9s lors de son dernier \u00e9v\u00e9nement Galaxy | Vie Associative\",\"isPartOf\":{\"@id\":\"https:\/\/vieassociative.be\/actualites\/#website\"},\"primaryImageOfPage\":{\"@id\":\"https:\/\/vieassociative.be\/actualites\/tous-les-nouveaux-appareils-que-samsung-a-annonces-lors-de-son-dernier-evenement-galaxy\/#primaryimage\"},\"image\":{\"@id\":\"https:\/\/vieassociative.be\/actualites\/tous-les-nouveaux-appareils-que-samsung-a-annonces-lors-de-son-dernier-evenement-galaxy\/#primaryimage\"},\"thumbnailUrl\":\"https:\/\/vieassociative.be\/actualites\/wp-content\/uploads\/2025\/09\/1757074645_Tous-les-nouveaux-appareils-que-Samsung-a-annonces-lors-de.jpg\",\"datePublished\":\"2025-09-05T12:17:23+00:00\",\"dateModified\":\"2025-09-05T12:17:23+00:00\",\"breadcrumb\":{\"@id\":\"https:\/\/vieassociative.be\/actualites\/tous-les-nouveaux-appareils-que-samsung-a-annonces-lors-de-son-dernier-evenement-galaxy\/#breadcrumb\"},\"inLanguage\":\"fr-BE\",\"potentialAction\":[{\"@type\":\"ReadAction\",\"target\":[\"https:\/\/vieassociative.be\/actualites\/tous-les-nouveaux-appareils-que-samsung-a-annonces-lors-de-son-dernier-evenement-galaxy\/\"]}]},{\"@type\":\"ImageObject\",\"inLanguage\":\"fr-BE\",\"@id\":\"https:\/\/vieassociative.be\/actualites\/tous-les-nouveaux-appareils-que-samsung-a-annonces-lors-de-son-dernier-evenement-galaxy\/#primaryimage\",\"url\":\"https:\/\/vieassociative.be\/actualites\/wp-content\/uploads\/2025\/09\/1757074645_Tous-les-nouveaux-appareils-que-Samsung-a-annonces-lors-de.jpg\",\"contentUrl\":\"https:\/\/vieassociative.be\/actualites\/wp-content\/uploads\/2025\/09\/1757074645_Tous-les-nouveaux-appareils-que-Samsung-a-annonces-lors-de.jpg\",\"width\":1200,\"height\":675,\"caption\":\"Tous les nouveaux appareils que Samsung a annonc\u00e9s lors de son dernier \u00e9v\u00e9nement Galaxy\"},{\"@type\":\"BreadcrumbList\",\"@id\":\"https:\/\/vieassociative.be\/actualites\/tous-les-nouveaux-appareils-que-samsung-a-annonces-lors-de-son-dernier-evenement-galaxy\/#breadcrumb\",\"itemListElement\":[{\"@type\":\"ListItem\",\"position\":1,\"name\":\"Accueil\",\"item\":\"https:\/\/vieassociative.be\/actualites\/\"},{\"@type\":\"ListItem\",\"position\":2,\"name\":\"Tous les nouveaux appareils que Samsung a annonc\u00e9s lors de son dernier \u00e9v\u00e9nement Galaxy\"}]},{\"@type\":\"WebSite\",\"@id\":\"https:\/\/vieassociative.be\/actualites\/#website\",\"url\":\"https:\/\/vieassociative.be\/actualites\/\",\"name\":\"Vie Associative\",\"description\":\"\",\"publisher\":{\"@id\":\"https:\/\/vieassociative.be\/actualites\/#organization\"},\"potentialAction\":[{\"@type\":\"SearchAction\",\"target\":{\"@type\":\"EntryPoint\",\"urlTemplate\":\"https:\/\/vieassociative.be\/actualites\/?s={search_term_string}\"},\"query-input\":{\"@type\":\"PropertyValueSpecification\",\"valueRequired\":true,\"valueName\":\"search_term_string\"}}],\"inLanguage\":\"fr-BE\"},{\"@type\":\"Organization\",\"@id\":\"https:\/\/vieassociative.be\/actualites\/#organization\",\"name\":\"Vie Associative\",\"url\":\"https:\/\/vieassociative.be\/actualites\/\",\"logo\":{\"@type\":\"ImageObject\",\"inLanguage\":\"fr-BE\",\"@id\":\"https:\/\/vieassociative.be\/actualites\/#\/schema\/logo\/image\/\",\"url\":\"https:\/\/vieassociative.be\/actualites\/wp-content\/uploads\/2024\/09\/cropped-vieassociative_favicon.ico.png\",\"contentUrl\":\"https:\/\/vieassociative.be\/actualites\/wp-content\/uploads\/2024\/09\/cropped-vieassociative_favicon.ico.png\",\"width\":512,\"height\":512,\"caption\":\"Vie Associative\"},\"image\":{\"@id\":\"https:\/\/vieassociative.be\/actualites\/#\/schema\/logo\/image\/\"}},{\"@type\":\"Person\",\"@id\":\"https:\/\/vieassociative.be\/actualites\/#\/schema\/person\/b87ac4f82f9d4e7b7cec7395b679edc4\",\"name\":\"Julien\",\"image\":{\"@type\":\"ImageObject\",\"inLanguage\":\"fr-BE\",\"@id\":\"https:\/\/vieassociative.be\/actualites\/#\/schema\/person\/image\/\",\"url\":\"https:\/\/vieassociative.be\/actualites\/wp-content\/uploads\/2024\/09\/vie-associative-1-150x150.jpg\",\"contentUrl\":\"https:\/\/vieassociative.be\/actualites\/wp-content\/uploads\/2024\/09\/vie-associative-1-150x150.jpg\",\"caption\":\"Julien\"},\"description\":\"Je suis Julien, r\u00e9dacteur pour Vie Associative. Passionn\u00e9 par le monde associatif depuis plus de 10 ans, j'ai \u00e0 c\u0153ur de partager des histoires inspirantes et de mettre en lumi\u00e8re les initiatives locales. Mon objectif est de sensibiliser et d'encourager l'engagement communautaire \u00e0 travers mes articles.\",\"sameAs\":[\"https:\/\/vieassociative.be\/\"]}]}<\/script>\n<!-- \/ Yoast SEO plugin. -->","yoast_head_json":{"title":"Tous les nouveaux appareils que Samsung a annonc\u00e9s lors de son dernier \u00e9v\u00e9nement Galaxy | Vie Associative","robots":{"index":"index","follow":"follow","max-snippet":"max-snippet:-1","max-image-preview":"max-image-preview:large","max-video-preview":"max-video-preview:-1"},"canonical":"https:\/\/vieassociative.be\/actualites\/tous-les-nouveaux-appareils-que-samsung-a-annonces-lors-de-son-dernier-evenement-galaxy\/","og_locale":"fr_FR","og_type":"article","og_title":"Tous les nouveaux appareils que Samsung a annonc\u00e9s lors de son dernier \u00e9v\u00e9nement Galaxy | Vie Associative","og_description":"Le dernier smartphone Galaxy \u00ab\u00a0Fan Edition\u00a0\u00bb est l\u00e0. Saviez-vous que vous pouvez personnaliser Google pour filtrer les ordures? Prendre ces \u00e9tapes Pour de meilleurs r\u00e9sultats","og_url":"https:\/\/vieassociative.be\/actualites\/tous-les-nouveaux-appareils-que-samsung-a-annonces-lors-de-son-dernier-evenement-galaxy\/","og_site_name":"Vie Associative","article_published_time":"2025-09-05T12:17:23+00:00","og_image":[{"url":"https:\/\/vieassociative.be\/actualites\/wp-content\/uploads\/2025\/09\/Tous-les-nouveaux-appareils-que-Samsung-a-annonces-lors-de.jpg","type":"","width":"","height":""}],"author":"Julien","twitter_card":"summary_large_image","twitter_misc":{"\u00c9crit par":"Julien","Dur\u00e9e de lecture est.":"4 minutes"},"schema":{"@context":"https:\/\/schema.org","@graph":[{"@type":"Article","@id":"https:\/\/vieassociative.be\/actualites\/tous-les-nouveaux-appareils-que-samsung-a-annonces-lors-de-son-dernier-evenement-galaxy\/#article","isPartOf":{"@id":"https:\/\/vieassociative.be\/actualites\/tous-les-nouveaux-appareils-que-samsung-a-annonces-lors-de-son-dernier-evenement-galaxy\/"},"author":{"name":"Julien","@id":"https:\/\/vieassociative.be\/actualites\/#\/schema\/person\/b87ac4f82f9d4e7b7cec7395b679edc4"},"headline":"Tous les nouveaux appareils que Samsung a annonc\u00e9s lors de son dernier \u00e9v\u00e9nement Galaxy","datePublished":"2025-09-05T12:17:23+00:00","dateModified":"2025-09-05T12:17:23+00:00","mainEntityOfPage":{"@id":"https:\/\/vieassociative.be\/actualites\/tous-les-nouveaux-appareils-que-samsung-a-annonces-lors-de-son-dernier-evenement-galaxy\/"},"wordCount":919,"publisher":{"@id":"https:\/\/vieassociative.be\/actualites\/#organization"},"image":{"@id":"https:\/\/vieassociative.be\/actualites\/tous-les-nouveaux-appareils-que-samsung-a-annonces-lors-de-son-dernier-evenement-galaxy\/#primaryimage"},"thumbnailUrl":"https:\/\/vieassociative.be\/actualites\/wp-content\/uploads\/2025\/09\/1757074645_Tous-les-nouveaux-appareils-que-Samsung-a-annonces-lors-de.jpg","keywords":["annonces","appareils","dernier","\u00e9v\u00e9nement","Galaxy","Les","lors","nouveaux","Samsung","son","tous"],"articleSection":["Technologie"],"inLanguage":"fr-BE"},{"@type":"WebPage","@id":"https:\/\/vieassociative.be\/actualites\/tous-les-nouveaux-appareils-que-samsung-a-annonces-lors-de-son-dernier-evenement-galaxy\/","url":"https:\/\/vieassociative.be\/actualites\/tous-les-nouveaux-appareils-que-samsung-a-annonces-lors-de-son-dernier-evenement-galaxy\/","name":"Tous les nouveaux appareils que Samsung a annonc\u00e9s lors de son dernier \u00e9v\u00e9nement Galaxy | Vie Associative","isPartOf":{"@id":"https:\/\/vieassociative.be\/actualites\/#website"},"primaryImageOfPage":{"@id":"https:\/\/vieassociative.be\/actualites\/tous-les-nouveaux-appareils-que-samsung-a-annonces-lors-de-son-dernier-evenement-galaxy\/#primaryimage"},"image":{"@id":"https:\/\/vieassociative.be\/actualites\/tous-les-nouveaux-appareils-que-samsung-a-annonces-lors-de-son-dernier-evenement-galaxy\/#primaryimage"},"thumbnailUrl":"https:\/\/vieassociative.be\/actualites\/wp-content\/uploads\/2025\/09\/1757074645_Tous-les-nouveaux-appareils-que-Samsung-a-annonces-lors-de.jpg","datePublished":"2025-09-05T12:17:23+00:00","dateModified":"2025-09-05T12:17:23+00:00","breadcrumb":{"@id":"https:\/\/vieassociative.be\/actualites\/tous-les-nouveaux-appareils-que-samsung-a-annonces-lors-de-son-dernier-evenement-galaxy\/#breadcrumb"},"inLanguage":"fr-BE","potentialAction":[{"@type":"ReadAction","target":["https:\/\/vieassociative.be\/actualites\/tous-les-nouveaux-appareils-que-samsung-a-annonces-lors-de-son-dernier-evenement-galaxy\/"]}]},{"@type":"ImageObject","inLanguage":"fr-BE","@id":"https:\/\/vieassociative.be\/actualites\/tous-les-nouveaux-appareils-que-samsung-a-annonces-lors-de-son-dernier-evenement-galaxy\/#primaryimage","url":"https:\/\/vieassociative.be\/actualites\/wp-content\/uploads\/2025\/09\/1757074645_Tous-les-nouveaux-appareils-que-Samsung-a-annonces-lors-de.jpg","contentUrl":"https:\/\/vieassociative.be\/actualites\/wp-content\/uploads\/2025\/09\/1757074645_Tous-les-nouveaux-appareils-que-Samsung-a-annonces-lors-de.jpg","width":1200,"height":675,"caption":"Tous les nouveaux appareils que Samsung a annonc\u00e9s lors de son dernier \u00e9v\u00e9nement Galaxy"},{"@type":"BreadcrumbList","@id":"https:\/\/vieassociative.be\/actualites\/tous-les-nouveaux-appareils-que-samsung-a-annonces-lors-de-son-dernier-evenement-galaxy\/#breadcrumb","itemListElement":[{"@type":"ListItem","position":1,"name":"Accueil","item":"https:\/\/vieassociative.be\/actualites\/"},{"@type":"ListItem","position":2,"name":"Tous les nouveaux appareils que Samsung a annonc\u00e9s lors de son dernier \u00e9v\u00e9nement Galaxy"}]},{"@type":"WebSite","@id":"https:\/\/vieassociative.be\/actualites\/#website","url":"https:\/\/vieassociative.be\/actualites\/","name":"Vie Associative","description":"","publisher":{"@id":"https:\/\/vieassociative.be\/actualites\/#organization"},"potentialAction":[{"@type":"SearchAction","target":{"@type":"EntryPoint","urlTemplate":"https:\/\/vieassociative.be\/actualites\/?s={search_term_string}"},"query-input":{"@type":"PropertyValueSpecification","valueRequired":true,"valueName":"search_term_string"}}],"inLanguage":"fr-BE"},{"@type":"Organization","@id":"https:\/\/vieassociative.be\/actualites\/#organization","name":"Vie Associative","url":"https:\/\/vieassociative.be\/actualites\/","logo":{"@type":"ImageObject","inLanguage":"fr-BE","@id":"https:\/\/vieassociative.be\/actualites\/#\/schema\/logo\/image\/","url":"https:\/\/vieassociative.be\/actualites\/wp-content\/uploads\/2024\/09\/cropped-vieassociative_favicon.ico.png","contentUrl":"https:\/\/vieassociative.be\/actualites\/wp-content\/uploads\/2024\/09\/cropped-vieassociative_favicon.ico.png","width":512,"height":512,"caption":"Vie Associative"},"image":{"@id":"https:\/\/vieassociative.be\/actualites\/#\/schema\/logo\/image\/"}},{"@type":"Person","@id":"https:\/\/vieassociative.be\/actualites\/#\/schema\/person\/b87ac4f82f9d4e7b7cec7395b679edc4","name":"Julien","image":{"@type":"ImageObject","inLanguage":"fr-BE","@id":"https:\/\/vieassociative.be\/actualites\/#\/schema\/person\/image\/","url":"https:\/\/vieassociative.be\/actualites\/wp-content\/uploads\/2024\/09\/vie-associative-1-150x150.jpg","contentUrl":"https:\/\/vieassociative.be\/actualites\/wp-content\/uploads\/2024\/09\/vie-associative-1-150x150.jpg","caption":"Julien"},"description":"Je suis Julien, r\u00e9dacteur pour Vie Associative. Passionn\u00e9 par le monde associatif depuis plus de 10 ans, j'ai \u00e0 c\u0153ur de partager des histoires inspirantes et de mettre en lumi\u00e8re les initiatives locales. Mon objectif est de sensibiliser et d'encourager l'engagement communautaire \u00e0 travers mes articles.","sameAs":["https:\/\/vieassociative.be\/"]}]}},"_links":{"self":[{"href":"https:\/\/vieassociative.be\/actualites\/wp-json\/wp\/v2\/posts\/9836"}],"collection":[{"href":"https:\/\/vieassociative.be\/actualites\/wp-json\/wp\/v2\/posts"}],"about":[{"href":"https:\/\/vieassociative.be\/actualites\/wp-json\/wp\/v2\/types\/post"}],"author":[{"embeddable":true,"href":"https:\/\/vieassociative.be\/actualites\/wp-json\/wp\/v2\/users\/1"}],"replies":[{"embeddable":true,"href":"https:\/\/vieassociative.be\/actualites\/wp-json\/wp\/v2\/comments?post=9836"}],"version-history":[{"count":0,"href":"https:\/\/vieassociative.be\/actualites\/wp-json\/wp\/v2\/posts\/9836\/revisions"}],"wp:featuredmedia":[{"embeddable":true,"href":"https:\/\/vieassociative.be\/actualites\/wp-json\/wp\/v2\/media\/9837"}],"wp:attachment":[{"href":"https:\/\/vieassociative.be\/actualites\/wp-json\/wp\/v2\/media?parent=9836"}],"wp:term":[{"taxonomy":"category","embeddable":true,"href":"https:\/\/vieassociative.be\/actualites\/wp-json\/wp\/v2\/categories?post=9836"},{"taxonomy":"post_tag","embeddable":true,"href":"https:\/\/vieassociative.be\/actualites\/wp-json\/wp\/v2\/tags?post=9836"}],"curies":[{"name":"wp","href":"https:\/\/api.w.org\/{rel}","templated":true}]}}