{"id":9828,"date":"2025-09-05T04:17:06","date_gmt":"2025-09-05T02:17:06","guid":{"rendered":"https:\/\/vieassociative.be\/actualites\/6-0-victoire-dans-le-liechtenstein-red-teufel-en-tennis-form-0-2-faillite-pour-lequipe-allemande-en-slovaquie\/"},"modified":"2025-09-05T04:17:06","modified_gmt":"2025-09-05T02:17:06","slug":"6-0-victoire-dans-le-liechtenstein-red-teufel-en-tennis-form-0-2-faillite-pour-lequipe-allemande-en-slovaquie","status":"publish","type":"post","link":"https:\/\/vieassociative.be\/actualites\/6-0-victoire-dans-le-liechtenstein-red-teufel-en-tennis-form-0-2-faillite-pour-lequipe-allemande-en-slovaquie\/","title":{"rendered":"6-0 Victoire dans le Liechtenstein: Red Teufel en tennis Form-0: 2 Faillite pour l&rsquo;\u00e9quipe allemande en Slovaquie"},"content":{"rendered":"<p><strong>L&rsquo;\u00e9quipe nationale de football belge a commenc\u00e9 la nouvelle saison avec une victoire claire. Les Red Devils ont remport\u00e9 6-0 en qualification pour la Coupe du monde 2026 aux \u00c9tats-Unis, au Mexique et au Canada \u00e0 Liechtenstein jeudi.<\/strong><\/p>\n<p><span id=\"more-423803\"><\/span>Les experts du football s&rsquo;attendaient \u00e0 un Torregen pour la Belgique en premi\u00e8re mi-temps. Cependant, il n&rsquo;est pas tomb\u00e9 sur le terrain, mais du ciel.<\/p>\n<p>Les Red Devils ont clairement domin\u00e9 le premier tour, mais ils n&rsquo;ont r\u00e9ussi \u00e0 marquer un but avant la pause \u00e0 travers une belle t\u00eate de De Cuyper apr\u00e8s un croisement de Meunier. Un but d&rsquo;un complet \u00e0 un autre.<\/p>\n<div id=\"attachment_423812\" class=\"wp-caption alignleft\" style=\"max-width: 300px\"><img fetchpriority=\"high\" decoding=\"async\" class=\"wp-image-423812 size-medium\" src=\"https:\/\/vieassociative.be\/actualites\/wp-content\/uploads\/2025\/09\/6-0-Victoire-dans-le-Liechtenstein-Red-Teufel-en-tennis-Form-0.jpg\" alt=\"\" width=\"300\" height=\"200\"><\/div>\n<p>Sinon, le pied gauche de Brighton \u00e9tait le joueur le plus actif sur le terrain. Gr\u00e2ce \u00e0 ses flancs et aux coups francs, il a \u00e9t\u00e9 le plus grand danger pour l&rsquo;\u00e9quipe de l&rsquo;entra\u00eeneur national Rudi Garcia. Il aurait pu y avoir plus de buts en premi\u00e8re mi-temps, mais les joueurs manquaient d&rsquo;efficacit\u00e9 et aussi du bonheur n\u00e9cessaire.<\/p>\n<p>Certains joueurs ne pouvaient pas r\u00e9pondre aux attentes au premier tour. Ce fut le cas pour Openda et Doku.<\/p>\n<p>La premi\u00e8re moiti\u00e9 a \u00e9t\u00e9 d\u00e9cevante en ce qui concerne le r\u00e9sultat, heureusement, la seconde moiti\u00e9 devrait \u00eatre compl\u00e8tement diff\u00e9rente pour la Belgique. 25 secondes apr\u00e8s le d\u00e9but de la seconde moiti\u00e9, le nouveau capitaine de Tielemans a marqu\u00e9 le deuxi\u00e8me but belge. Un vrai bijou que les Red Devils ont \u00e0 nouveau agit\u00e9.<\/p>\n<div id=\"attachment_423823\" class=\"wp-caption alignleft\" style=\"max-width: 300px\"><img decoding=\"async\" class=\"wp-image-423823 size-medium\" src=\"https:\/\/vieassociative.be\/actualites\/wp-content\/uploads\/2025\/09\/1757038626_57_6-0-Victoire-dans-le-Liechtenstein-Red-Teufel-en-tennis-Form-0.jpg\" alt=\"\" width=\"300\" height=\"200\"><\/div>\n<p>Apr\u00e8s ce grand objectif, les Belges ont vraiment commenc\u00e9. THEAT a r\u00e9ussi son premier but dans l&rsquo;\u00e9quipe nationale. Apr\u00e8s un croisement de De Cuyper, le meilleur joueur sur le terrain, le d\u00e9fenseur d&rsquo;Eintracht Francfurt a marqu\u00e9 le troisi\u00e8me but avec une t\u00eate puissante. De Bruyne a \u00e9galement \u00e9t\u00e9 lib\u00e9r\u00e9. Apr\u00e8s une passe raide de Vanaken, le nouveau meneur de jeu SSC Naples a tir\u00e9 le 0: 4.<\/p>\n<p>Apr\u00e8s que KDB ait \u00e9t\u00e9 remplac\u00e9, le capitaine a pris le commandement. Tielemans a obtenu un double paquet avec une p\u00e9nalit\u00e9. Le joueur d&rsquo;Aston Villa a donn\u00e9 \u00e0 la Belgique 0: 5.<\/p>\n<p>Pour compl\u00e9ter le tout, Fofana a atteint son premier objectif pour l&rsquo;\u00e9quipe nationale gr\u00e2ce \u00e0 une excellente combinaison avec le rempla\u00e7ant Saelemaeker. Le joueur de l&rsquo;Olympique Lyon a ensuite tir\u00e9 une belle balle dans le but adverse. Le jeu a \u00e9t\u00e9 d\u00e9cid\u00e9 avec un r\u00e9sultat de tennis de 0: 6.<\/p>\n<p>Les Red Devils ont donc r\u00e9alis\u00e9 ce qu&rsquo;ils voulaient: une victoire claire. Dimanche, vous rencontrerez le Kazakhstan dans le parc Lotto depuis Anderlecht. Avec la m\u00eame mission: rechargez vos batteries. (Cre)<\/p>\n<h3>L&rsquo;Allemagne perd 0: 2 en Slovaquie<\/h3>\n<p><strong>L&rsquo;\u00e9quipe nationale de football allemande a mis une capitale \u00e0 l&rsquo;\u00e9cart de la qualification pour la Coupe du monde 2026. <\/strong><\/p>\n<p><!--more--><\/p>\n<div id=\"attachment_423825\" class=\"wp-caption alignleft\" style=\"max-width: 300px\"><img decoding=\"async\" class=\"wp-image-423825 size-medium\" src=\"https:\/\/vieassociative.be\/actualites\/wp-content\/uploads\/2025\/09\/1757038626_569_6-0-Victoire-dans-le-Liechtenstein-Red-Teufel-en-tennis-Form-0.jpg\" alt=\"\" width=\"300\" height=\"200\"><\/div>\n<p>L&rsquo;\u00e9quipe compl\u00e8tement instable de l&rsquo;entra\u00eeneur Julian Nagelsmann a perdu 0-2 (0: 1) \u00e0 Bratislava apr\u00e8s une faible performance \u00e0 Bratislava. Devant 20 013 spectateurs, David Hancko (42e minute) et David Strelec (55 ans) ont marqu\u00e9 les buts pour les Slovaques forts.<\/p>\n<p>Ce fut la premi\u00e8re d\u00e9faite \u00e0 l&rsquo;ext\u00e9rieur dans un match de qualification de la Coupe du monde pour une s\u00e9lection DFB. Dans le groupe A, le capitaine Joshua Kimmich et ses coll\u00e8gues se d\u00e9roulent maintenant apr\u00e8s le Slovaque. D\u00e9j\u00e0 dimanche (20 h 45\/RTL) \u00e0 Cologne, il y a une victoire convaincante contre l&rsquo;Irlande du Nord, sinon m\u00eame le billet direct fixe pour le tournoi Mammut en Am\u00e9rique pourrait m\u00eame \u00eatre en danger en Am\u00e9rique. Seul le groupe est qualifi\u00e9 pour les finales de la Coupe du monde aux \u00c9tats-Unis, au Canada et au Mexique. (DPA)<\/p>\n<p><em><strong>Sur le sujet, voir \u00e9galement l&rsquo;article suivant sur OD:<\/strong><\/em><\/p>\n<div class=\"responsive-embed widescreen\">\n<blockquote class=\"wp-embedded-content\" data-secret=\"Toa5HzgNbw\">\n<p>Belgique contre des terres plus petites que la DG et dans le stade encore plus petit que celui de l&rsquo;As Eupen<\/p>\n<\/blockquote>\n<p><iframe loading=\"lazy\" class=\"wp-embedded-content\" sandbox=\"allow-scripts\" security=\"restricted\" style=\"position: absolute; visibility: hidden;\" title=\"\u201eBelgien gegen Land kleiner als die DG und in noch kleinerem Stadion als dem der AS Eupen\u201c \u2014 Ostbelgien Direkt\" src=\"https:\/\/ostbelgiendirekt.be\/about:blank\" data-secret=\"Toa5HzgNbw\" width=\"500\" height=\"282\" frameborder=\"0\" marginwidth=\"0\" marginheight=\"0\" scrolling=\"no\" data-rocket-lazyload=\"fitvidscompatible\" data-lazy-src=\"https:\/\/ostbelgiendirekt.be\/rote-teufel-spielen-in-liechtenstein-423733\/embed#?secret=QQPD2CWmtJ#?secret=Toa5HzgNbw\"><\/iframe><noscript><iframe class=\"wp-embedded-content\" sandbox=\"allow-scripts\" security=\"restricted\" style=\"position: absolute; visibility: hidden;\" title=\"\u201eBelgien gegen Land kleiner als die DG und in noch kleinerem Stadion als dem der AS Eupen\u201c \u2014 Ostbelgien Direkt\" src=\"https:\/\/ostbelgiendirekt.be\/rote-teufel-spielen-in-liechtenstein-423733\/embed#?secret=QQPD2CWmtJ#?secret=Toa5HzgNbw\" data-secret=\"Toa5HzgNbw\" width=\"500\" height=\"282\" frameborder=\"0\" marginwidth=\"0\" marginheight=\"0\" scrolling=\"no\"><\/iframe><\/noscript><\/p>\n<\/div>\n","protected":false},"excerpt":{"rendered":"<p>L&rsquo;\u00e9quipe nationale de football belge a commenc\u00e9 la nouvelle saison avec une victoire claire. Les Red Devils ont remport\u00e9 6-0 en qualification pour la Coupe<\/p>\n","protected":false},"author":1,"featured_media":9829,"comment_status":"","ping_status":"","sticky":false,"template":"","format":"standard","meta":{"footnotes":""},"categories":[298],"tags":[7596,166,3947,8413,537,3999,81,3312,8414,5124,4999,784],"class_list":["post-9828","post","type-post","status-publish","format-standard","has-post-thumbnail","hentry","category-belgique","tag-allemande","tag-dans","tag-faillite","tag-form0","tag-lequipe","tag-liechtenstein","tag-pour","tag-red","tag-slovaquie","tag-tennis","tag-teufel","tag-victoire","generate-columns","tablet-grid-50","mobile-grid-100","grid-parent","grid-33"],"yoast_head":"<!-- This site is optimized with the Yoast SEO plugin v24.0 - https:\/\/yoast.com\/wordpress\/plugins\/seo\/ -->\n<title>6-0 Victoire dans le Liechtenstein: Red Teufel en tennis Form-0: 2 Faillite pour l&#039;\u00e9quipe allemande en Slovaquie | Vie Associative<\/title>\n<meta name=\"robots\" content=\"index, follow, max-snippet:-1, max-image-preview:large, max-video-preview:-1\" \/>\n<link rel=\"canonical\" href=\"https:\/\/vieassociative.be\/actualites\/6-0-victoire-dans-le-liechtenstein-red-teufel-en-tennis-form-0-2-faillite-pour-lequipe-allemande-en-slovaquie\/\" \/>\n<meta property=\"og:locale\" content=\"fr_FR\" \/>\n<meta property=\"og:type\" content=\"article\" \/>\n<meta property=\"og:title\" content=\"6-0 Victoire dans le Liechtenstein: Red Teufel en tennis Form-0: 2 Faillite pour l&#039;\u00e9quipe allemande en Slovaquie | Vie Associative\" \/>\n<meta property=\"og:description\" content=\"L&rsquo;\u00e9quipe nationale de football belge a commenc\u00e9 la nouvelle saison avec une victoire claire. Les Red Devils ont remport\u00e9 6-0 en qualification pour la Coupe\" \/>\n<meta property=\"og:url\" content=\"https:\/\/vieassociative.be\/actualites\/6-0-victoire-dans-le-liechtenstein-red-teufel-en-tennis-form-0-2-faillite-pour-lequipe-allemande-en-slovaquie\/\" \/>\n<meta property=\"og:site_name\" content=\"Vie Associative\" \/>\n<meta property=\"article:published_time\" content=\"2025-09-05T02:17:06+00:00\" \/>\n<meta property=\"og:image\" content=\"https:\/\/vieassociative.be\/actualites\/wp-content\/uploads\/2024\/09\/header_backgroundk-01-e1726694325946.png\" \/>\n\t<meta property=\"og:image:width\" content=\"279\" \/>\n\t<meta property=\"og:image:height\" content=\"92\" \/>\n\t<meta property=\"og:image:type\" content=\"image\/png\" \/>\n<meta name=\"author\" content=\"Julien\" \/>\n<meta name=\"twitter:card\" content=\"summary_large_image\" \/>\n<meta name=\"twitter:label1\" content=\"\u00c9crit par\" \/>\n\t<meta name=\"twitter:data1\" content=\"Julien\" \/>\n\t<meta name=\"twitter:label2\" content=\"Dur\u00e9e de lecture est.\" \/>\n\t<meta name=\"twitter:data2\" content=\"3 minutes\" \/>\n<script type=\"application\/ld+json\" class=\"yoast-schema-graph\">{\"@context\":\"https:\/\/schema.org\",\"@graph\":[{\"@type\":\"Article\",\"@id\":\"https:\/\/vieassociative.be\/actualites\/6-0-victoire-dans-le-liechtenstein-red-teufel-en-tennis-form-0-2-faillite-pour-lequipe-allemande-en-slovaquie\/#article\",\"isPartOf\":{\"@id\":\"https:\/\/vieassociative.be\/actualites\/6-0-victoire-dans-le-liechtenstein-red-teufel-en-tennis-form-0-2-faillite-pour-lequipe-allemande-en-slovaquie\/\"},\"author\":{\"name\":\"Julien\",\"@id\":\"https:\/\/vieassociative.be\/actualites\/#\/schema\/person\/b87ac4f82f9d4e7b7cec7395b679edc4\"},\"headline\":\"6-0 Victoire dans le Liechtenstein: Red Teufel en tennis Form-0: 2 Faillite pour l&rsquo;\u00e9quipe allemande en Slovaquie\",\"datePublished\":\"2025-09-05T02:17:06+00:00\",\"dateModified\":\"2025-09-05T02:17:06+00:00\",\"mainEntityOfPage\":{\"@id\":\"https:\/\/vieassociative.be\/actualites\/6-0-victoire-dans-le-liechtenstein-red-teufel-en-tennis-form-0-2-faillite-pour-lequipe-allemande-en-slovaquie\/\"},\"wordCount\":664,\"publisher\":{\"@id\":\"https:\/\/vieassociative.be\/actualites\/#organization\"},\"image\":{\"@id\":\"https:\/\/vieassociative.be\/actualites\/6-0-victoire-dans-le-liechtenstein-red-teufel-en-tennis-form-0-2-faillite-pour-lequipe-allemande-en-slovaquie\/#primaryimage\"},\"thumbnailUrl\":\"https:\/\/vieassociative.be\/actualites\/wp-content\/uploads\/2025\/09\/1757038626_6-0-Victoire-dans-le-Liechtenstein-Red-Teufel-en-tennis-Form-0.jpg\",\"keywords\":[\"allemande\",\"dans\",\"faillite\",\"Form0\",\"l\u00e9quipe\",\"Liechtenstein\",\"pour\",\"Red\",\"Slovaquie\",\"Tennis\",\"Teufel\",\"victoire\"],\"articleSection\":[\"Belgique\"],\"inLanguage\":\"fr-BE\"},{\"@type\":\"WebPage\",\"@id\":\"https:\/\/vieassociative.be\/actualites\/6-0-victoire-dans-le-liechtenstein-red-teufel-en-tennis-form-0-2-faillite-pour-lequipe-allemande-en-slovaquie\/\",\"url\":\"https:\/\/vieassociative.be\/actualites\/6-0-victoire-dans-le-liechtenstein-red-teufel-en-tennis-form-0-2-faillite-pour-lequipe-allemande-en-slovaquie\/\",\"name\":\"6-0 Victoire dans le Liechtenstein: Red Teufel en tennis Form-0: 2 Faillite pour l'\u00e9quipe allemande en Slovaquie | Vie Associative\",\"isPartOf\":{\"@id\":\"https:\/\/vieassociative.be\/actualites\/#website\"},\"primaryImageOfPage\":{\"@id\":\"https:\/\/vieassociative.be\/actualites\/6-0-victoire-dans-le-liechtenstein-red-teufel-en-tennis-form-0-2-faillite-pour-lequipe-allemande-en-slovaquie\/#primaryimage\"},\"image\":{\"@id\":\"https:\/\/vieassociative.be\/actualites\/6-0-victoire-dans-le-liechtenstein-red-teufel-en-tennis-form-0-2-faillite-pour-lequipe-allemande-en-slovaquie\/#primaryimage\"},\"thumbnailUrl\":\"https:\/\/vieassociative.be\/actualites\/wp-content\/uploads\/2025\/09\/1757038626_6-0-Victoire-dans-le-Liechtenstein-Red-Teufel-en-tennis-Form-0.jpg\",\"datePublished\":\"2025-09-05T02:17:06+00:00\",\"dateModified\":\"2025-09-05T02:17:06+00:00\",\"breadcrumb\":{\"@id\":\"https:\/\/vieassociative.be\/actualites\/6-0-victoire-dans-le-liechtenstein-red-teufel-en-tennis-form-0-2-faillite-pour-lequipe-allemande-en-slovaquie\/#breadcrumb\"},\"inLanguage\":\"fr-BE\",\"potentialAction\":[{\"@type\":\"ReadAction\",\"target\":[\"https:\/\/vieassociative.be\/actualites\/6-0-victoire-dans-le-liechtenstein-red-teufel-en-tennis-form-0-2-faillite-pour-lequipe-allemande-en-slovaquie\/\"]}]},{\"@type\":\"ImageObject\",\"inLanguage\":\"fr-BE\",\"@id\":\"https:\/\/vieassociative.be\/actualites\/6-0-victoire-dans-le-liechtenstein-red-teufel-en-tennis-form-0-2-faillite-pour-lequipe-allemande-en-slovaquie\/#primaryimage\",\"url\":\"https:\/\/vieassociative.be\/actualites\/wp-content\/uploads\/2025\/09\/1757038626_6-0-Victoire-dans-le-Liechtenstein-Red-Teufel-en-tennis-Form-0.jpg\",\"contentUrl\":\"https:\/\/vieassociative.be\/actualites\/wp-content\/uploads\/2025\/09\/1757038626_6-0-Victoire-dans-le-Liechtenstein-Red-Teufel-en-tennis-Form-0.jpg\",\"width\":1200,\"height\":800,\"caption\":\"6-0 Victoire dans le Liechtenstein: Red Teufel en tennis Form-0: 2 Faillite pour l'\u00e9quipe allemande en Slovaquie\"},{\"@type\":\"BreadcrumbList\",\"@id\":\"https:\/\/vieassociative.be\/actualites\/6-0-victoire-dans-le-liechtenstein-red-teufel-en-tennis-form-0-2-faillite-pour-lequipe-allemande-en-slovaquie\/#breadcrumb\",\"itemListElement\":[{\"@type\":\"ListItem\",\"position\":1,\"name\":\"Accueil\",\"item\":\"https:\/\/vieassociative.be\/actualites\/\"},{\"@type\":\"ListItem\",\"position\":2,\"name\":\"6-0 Victoire dans le Liechtenstein: Red Teufel en tennis Form-0: 2 Faillite pour l&rsquo;\u00e9quipe allemande en Slovaquie\"}]},{\"@type\":\"WebSite\",\"@id\":\"https:\/\/vieassociative.be\/actualites\/#website\",\"url\":\"https:\/\/vieassociative.be\/actualites\/\",\"name\":\"Vie Associative\",\"description\":\"\",\"publisher\":{\"@id\":\"https:\/\/vieassociative.be\/actualites\/#organization\"},\"potentialAction\":[{\"@type\":\"SearchAction\",\"target\":{\"@type\":\"EntryPoint\",\"urlTemplate\":\"https:\/\/vieassociative.be\/actualites\/?s={search_term_string}\"},\"query-input\":{\"@type\":\"PropertyValueSpecification\",\"valueRequired\":true,\"valueName\":\"search_term_string\"}}],\"inLanguage\":\"fr-BE\"},{\"@type\":\"Organization\",\"@id\":\"https:\/\/vieassociative.be\/actualites\/#organization\",\"name\":\"Vie Associative\",\"url\":\"https:\/\/vieassociative.be\/actualites\/\",\"logo\":{\"@type\":\"ImageObject\",\"inLanguage\":\"fr-BE\",\"@id\":\"https:\/\/vieassociative.be\/actualites\/#\/schema\/logo\/image\/\",\"url\":\"https:\/\/vieassociative.be\/actualites\/wp-content\/uploads\/2024\/09\/cropped-vieassociative_favicon.ico.png\",\"contentUrl\":\"https:\/\/vieassociative.be\/actualites\/wp-content\/uploads\/2024\/09\/cropped-vieassociative_favicon.ico.png\",\"width\":512,\"height\":512,\"caption\":\"Vie Associative\"},\"image\":{\"@id\":\"https:\/\/vieassociative.be\/actualites\/#\/schema\/logo\/image\/\"}},{\"@type\":\"Person\",\"@id\":\"https:\/\/vieassociative.be\/actualites\/#\/schema\/person\/b87ac4f82f9d4e7b7cec7395b679edc4\",\"name\":\"Julien\",\"image\":{\"@type\":\"ImageObject\",\"inLanguage\":\"fr-BE\",\"@id\":\"https:\/\/vieassociative.be\/actualites\/#\/schema\/person\/image\/\",\"url\":\"https:\/\/vieassociative.be\/actualites\/wp-content\/uploads\/2024\/09\/vie-associative-1-150x150.jpg\",\"contentUrl\":\"https:\/\/vieassociative.be\/actualites\/wp-content\/uploads\/2024\/09\/vie-associative-1-150x150.jpg\",\"caption\":\"Julien\"},\"description\":\"Je suis Julien, r\u00e9dacteur pour Vie Associative. Passionn\u00e9 par le monde associatif depuis plus de 10 ans, j'ai \u00e0 c\u0153ur de partager des histoires inspirantes et de mettre en lumi\u00e8re les initiatives locales. Mon objectif est de sensibiliser et d'encourager l'engagement communautaire \u00e0 travers mes articles.\",\"sameAs\":[\"https:\/\/vieassociative.be\/\"]}]}<\/script>\n<!-- \/ Yoast SEO plugin. -->","yoast_head_json":{"title":"6-0 Victoire dans le Liechtenstein: Red Teufel en tennis Form-0: 2 Faillite pour l'\u00e9quipe allemande en Slovaquie | Vie Associative","robots":{"index":"index","follow":"follow","max-snippet":"max-snippet:-1","max-image-preview":"max-image-preview:large","max-video-preview":"max-video-preview:-1"},"canonical":"https:\/\/vieassociative.be\/actualites\/6-0-victoire-dans-le-liechtenstein-red-teufel-en-tennis-form-0-2-faillite-pour-lequipe-allemande-en-slovaquie\/","og_locale":"fr_FR","og_type":"article","og_title":"6-0 Victoire dans le Liechtenstein: Red Teufel en tennis Form-0: 2 Faillite pour l'\u00e9quipe allemande en Slovaquie | Vie Associative","og_description":"L&rsquo;\u00e9quipe nationale de football belge a commenc\u00e9 la nouvelle saison avec une victoire claire. Les Red Devils ont remport\u00e9 6-0 en qualification pour la Coupe","og_url":"https:\/\/vieassociative.be\/actualites\/6-0-victoire-dans-le-liechtenstein-red-teufel-en-tennis-form-0-2-faillite-pour-lequipe-allemande-en-slovaquie\/","og_site_name":"Vie Associative","article_published_time":"2025-09-05T02:17:06+00:00","og_image":[{"width":279,"height":92,"url":"https:\/\/vieassociative.be\/actualites\/wp-content\/uploads\/2024\/09\/header_backgroundk-01-e1726694325946.png","type":"image\/png"}],"author":"Julien","twitter_card":"summary_large_image","twitter_misc":{"\u00c9crit par":"Julien","Dur\u00e9e de lecture est.":"3 minutes"},"schema":{"@context":"https:\/\/schema.org","@graph":[{"@type":"Article","@id":"https:\/\/vieassociative.be\/actualites\/6-0-victoire-dans-le-liechtenstein-red-teufel-en-tennis-form-0-2-faillite-pour-lequipe-allemande-en-slovaquie\/#article","isPartOf":{"@id":"https:\/\/vieassociative.be\/actualites\/6-0-victoire-dans-le-liechtenstein-red-teufel-en-tennis-form-0-2-faillite-pour-lequipe-allemande-en-slovaquie\/"},"author":{"name":"Julien","@id":"https:\/\/vieassociative.be\/actualites\/#\/schema\/person\/b87ac4f82f9d4e7b7cec7395b679edc4"},"headline":"6-0 Victoire dans le Liechtenstein: Red Teufel en tennis Form-0: 2 Faillite pour l&rsquo;\u00e9quipe allemande en Slovaquie","datePublished":"2025-09-05T02:17:06+00:00","dateModified":"2025-09-05T02:17:06+00:00","mainEntityOfPage":{"@id":"https:\/\/vieassociative.be\/actualites\/6-0-victoire-dans-le-liechtenstein-red-teufel-en-tennis-form-0-2-faillite-pour-lequipe-allemande-en-slovaquie\/"},"wordCount":664,"publisher":{"@id":"https:\/\/vieassociative.be\/actualites\/#organization"},"image":{"@id":"https:\/\/vieassociative.be\/actualites\/6-0-victoire-dans-le-liechtenstein-red-teufel-en-tennis-form-0-2-faillite-pour-lequipe-allemande-en-slovaquie\/#primaryimage"},"thumbnailUrl":"https:\/\/vieassociative.be\/actualites\/wp-content\/uploads\/2025\/09\/1757038626_6-0-Victoire-dans-le-Liechtenstein-Red-Teufel-en-tennis-Form-0.jpg","keywords":["allemande","dans","faillite","Form0","l\u00e9quipe","Liechtenstein","pour","Red","Slovaquie","Tennis","Teufel","victoire"],"articleSection":["Belgique"],"inLanguage":"fr-BE"},{"@type":"WebPage","@id":"https:\/\/vieassociative.be\/actualites\/6-0-victoire-dans-le-liechtenstein-red-teufel-en-tennis-form-0-2-faillite-pour-lequipe-allemande-en-slovaquie\/","url":"https:\/\/vieassociative.be\/actualites\/6-0-victoire-dans-le-liechtenstein-red-teufel-en-tennis-form-0-2-faillite-pour-lequipe-allemande-en-slovaquie\/","name":"6-0 Victoire dans le Liechtenstein: Red Teufel en tennis Form-0: 2 Faillite pour l'\u00e9quipe allemande en Slovaquie | Vie Associative","isPartOf":{"@id":"https:\/\/vieassociative.be\/actualites\/#website"},"primaryImageOfPage":{"@id":"https:\/\/vieassociative.be\/actualites\/6-0-victoire-dans-le-liechtenstein-red-teufel-en-tennis-form-0-2-faillite-pour-lequipe-allemande-en-slovaquie\/#primaryimage"},"image":{"@id":"https:\/\/vieassociative.be\/actualites\/6-0-victoire-dans-le-liechtenstein-red-teufel-en-tennis-form-0-2-faillite-pour-lequipe-allemande-en-slovaquie\/#primaryimage"},"thumbnailUrl":"https:\/\/vieassociative.be\/actualites\/wp-content\/uploads\/2025\/09\/1757038626_6-0-Victoire-dans-le-Liechtenstein-Red-Teufel-en-tennis-Form-0.jpg","datePublished":"2025-09-05T02:17:06+00:00","dateModified":"2025-09-05T02:17:06+00:00","breadcrumb":{"@id":"https:\/\/vieassociative.be\/actualites\/6-0-victoire-dans-le-liechtenstein-red-teufel-en-tennis-form-0-2-faillite-pour-lequipe-allemande-en-slovaquie\/#breadcrumb"},"inLanguage":"fr-BE","potentialAction":[{"@type":"ReadAction","target":["https:\/\/vieassociative.be\/actualites\/6-0-victoire-dans-le-liechtenstein-red-teufel-en-tennis-form-0-2-faillite-pour-lequipe-allemande-en-slovaquie\/"]}]},{"@type":"ImageObject","inLanguage":"fr-BE","@id":"https:\/\/vieassociative.be\/actualites\/6-0-victoire-dans-le-liechtenstein-red-teufel-en-tennis-form-0-2-faillite-pour-lequipe-allemande-en-slovaquie\/#primaryimage","url":"https:\/\/vieassociative.be\/actualites\/wp-content\/uploads\/2025\/09\/1757038626_6-0-Victoire-dans-le-Liechtenstein-Red-Teufel-en-tennis-Form-0.jpg","contentUrl":"https:\/\/vieassociative.be\/actualites\/wp-content\/uploads\/2025\/09\/1757038626_6-0-Victoire-dans-le-Liechtenstein-Red-Teufel-en-tennis-Form-0.jpg","width":1200,"height":800,"caption":"6-0 Victoire dans le Liechtenstein: Red Teufel en tennis Form-0: 2 Faillite pour l'\u00e9quipe allemande en Slovaquie"},{"@type":"BreadcrumbList","@id":"https:\/\/vieassociative.be\/actualites\/6-0-victoire-dans-le-liechtenstein-red-teufel-en-tennis-form-0-2-faillite-pour-lequipe-allemande-en-slovaquie\/#breadcrumb","itemListElement":[{"@type":"ListItem","position":1,"name":"Accueil","item":"https:\/\/vieassociative.be\/actualites\/"},{"@type":"ListItem","position":2,"name":"6-0 Victoire dans le Liechtenstein: Red Teufel en tennis Form-0: 2 Faillite pour l&rsquo;\u00e9quipe allemande en Slovaquie"}]},{"@type":"WebSite","@id":"https:\/\/vieassociative.be\/actualites\/#website","url":"https:\/\/vieassociative.be\/actualites\/","name":"Vie Associative","description":"","publisher":{"@id":"https:\/\/vieassociative.be\/actualites\/#organization"},"potentialAction":[{"@type":"SearchAction","target":{"@type":"EntryPoint","urlTemplate":"https:\/\/vieassociative.be\/actualites\/?s={search_term_string}"},"query-input":{"@type":"PropertyValueSpecification","valueRequired":true,"valueName":"search_term_string"}}],"inLanguage":"fr-BE"},{"@type":"Organization","@id":"https:\/\/vieassociative.be\/actualites\/#organization","name":"Vie Associative","url":"https:\/\/vieassociative.be\/actualites\/","logo":{"@type":"ImageObject","inLanguage":"fr-BE","@id":"https:\/\/vieassociative.be\/actualites\/#\/schema\/logo\/image\/","url":"https:\/\/vieassociative.be\/actualites\/wp-content\/uploads\/2024\/09\/cropped-vieassociative_favicon.ico.png","contentUrl":"https:\/\/vieassociative.be\/actualites\/wp-content\/uploads\/2024\/09\/cropped-vieassociative_favicon.ico.png","width":512,"height":512,"caption":"Vie Associative"},"image":{"@id":"https:\/\/vieassociative.be\/actualites\/#\/schema\/logo\/image\/"}},{"@type":"Person","@id":"https:\/\/vieassociative.be\/actualites\/#\/schema\/person\/b87ac4f82f9d4e7b7cec7395b679edc4","name":"Julien","image":{"@type":"ImageObject","inLanguage":"fr-BE","@id":"https:\/\/vieassociative.be\/actualites\/#\/schema\/person\/image\/","url":"https:\/\/vieassociative.be\/actualites\/wp-content\/uploads\/2024\/09\/vie-associative-1-150x150.jpg","contentUrl":"https:\/\/vieassociative.be\/actualites\/wp-content\/uploads\/2024\/09\/vie-associative-1-150x150.jpg","caption":"Julien"},"description":"Je suis Julien, r\u00e9dacteur pour Vie Associative. Passionn\u00e9 par le monde associatif depuis plus de 10 ans, j'ai \u00e0 c\u0153ur de partager des histoires inspirantes et de mettre en lumi\u00e8re les initiatives locales. Mon objectif est de sensibiliser et d'encourager l'engagement communautaire \u00e0 travers mes articles.","sameAs":["https:\/\/vieassociative.be\/"]}]}},"_links":{"self":[{"href":"https:\/\/vieassociative.be\/actualites\/wp-json\/wp\/v2\/posts\/9828"}],"collection":[{"href":"https:\/\/vieassociative.be\/actualites\/wp-json\/wp\/v2\/posts"}],"about":[{"href":"https:\/\/vieassociative.be\/actualites\/wp-json\/wp\/v2\/types\/post"}],"author":[{"embeddable":true,"href":"https:\/\/vieassociative.be\/actualites\/wp-json\/wp\/v2\/users\/1"}],"replies":[{"embeddable":true,"href":"https:\/\/vieassociative.be\/actualites\/wp-json\/wp\/v2\/comments?post=9828"}],"version-history":[{"count":0,"href":"https:\/\/vieassociative.be\/actualites\/wp-json\/wp\/v2\/posts\/9828\/revisions"}],"wp:featuredmedia":[{"embeddable":true,"href":"https:\/\/vieassociative.be\/actualites\/wp-json\/wp\/v2\/media\/9829"}],"wp:attachment":[{"href":"https:\/\/vieassociative.be\/actualites\/wp-json\/wp\/v2\/media?parent=9828"}],"wp:term":[{"taxonomy":"category","embeddable":true,"href":"https:\/\/vieassociative.be\/actualites\/wp-json\/wp\/v2\/categories?post=9828"},{"taxonomy":"post_tag","embeddable":true,"href":"https:\/\/vieassociative.be\/actualites\/wp-json\/wp\/v2\/tags?post=9828"}],"curies":[{"name":"wp","href":"https:\/\/api.w.org\/{rel}","templated":true}]}}