{"id":9826,"date":"2025-09-05T03:17:23","date_gmt":"2025-09-05T01:17:23","guid":{"rendered":"https:\/\/vieassociative.be\/actualites\/ce-sont-les-meilleures-offres-dordinateur-portable-en-ce-moment\/"},"modified":"2025-09-05T03:17:23","modified_gmt":"2025-09-05T01:17:23","slug":"ce-sont-les-meilleures-offres-dordinateur-portable-en-ce-moment","status":"publish","type":"post","link":"https:\/\/vieassociative.be\/actualites\/ce-sont-les-meilleures-offres-dordinateur-portable-en-ce-moment\/","title":{"rendered":"Ce sont les meilleures offres d&rsquo;ordinateur portable en ce moment"},"content":{"rendered":"<div class=\"mt-4 leading-6 md:mb-8\">Trouvez les meilleures offres en ce moment, que vous recherchiez un ordinateur portable haut de gamme, interm\u00e9diaire ou budg\u00e9taire.<\/div>\n<p><\/p>\n<p><em>Saviez-vous que vous pouvez personnaliser Google pour filtrer les ordures? Prendre ces \u00e9tapes<\/em><em> Pour de meilleurs r\u00e9sultats de recherche, notamment l&rsquo;ajout de Vie Associative comme source pr\u00e9f\u00e9r\u00e9e pour les nouvelles technologiques<\/em><em>.<\/em><\/p>\n<p>\u00catre un acheteur d&rsquo;ordinateur portable avis\u00e9 signifie avoir une id\u00e9e claire de ce qui est important et de ce que vous \u00eates pr\u00eat \u00e0 abandonner. Des choses comme la taille de l&rsquo;\u00e9cran, la dur\u00e9e de vie de la batterie, le syst\u00e8me d&rsquo;exploitation et s&rsquo;il a un clavier r\u00e9tro-\u00e9clair\u00e9 importera plus ou moins selon ce qui vous tient personnellement. J&rsquo;ai fait de mon mieux pour mettre en \u00e9vidence ces diff\u00e9rences et trouver les meilleures offres sur les ordinateurs portables pour les joueurs, les utilisateurs haut de gamme qui ont besoin d&rsquo;\u00e9nergie, les utilisateurs de milieu de niveau qui veulent un ordinateur portable solide sans d\u00e9penser un bras et une jambe, et ceux qui ont besoin d&rsquo;\u00e9conomiser de l&rsquo;argent.<\/p>\n<h2 id=\"best-budget-laptop-deals-right-now\">Meilleures offres d&rsquo;ordinateur portable budg\u00e9taire en ce moment<\/h2>\n<p>Les ordinateurs portables budg\u00e9taires sont parfaits pour tous ceux qui ont surtout besoin de v\u00e9rifier les e-mails, de parcourir le Web, de taper des documents et de sauter sur les appels de zoom. Ces ordinateurs portables seront limit\u00e9s dans leur capacit\u00e9 \u00e0 effectuer plusieurs t\u00e2ches, alors attendez-vous \u00e0 un bruit de ventilateur si vous essayez de partager une feuille Excel massive via Zoom avec plusieurs onglets ouverts en arri\u00e8re-plan.<\/p>\n<div class=\"pogoClear mb-12 mt-10 rounded-md border-2 border-gray-100 py-7 shadow-xl md:py-6\">\n<div class=\"flex flex-wrap justify-between px-7 text-black no-underline md:flex-nowrap md:px-8\">\n<div class=\"order-1 mx-auto flex flex-col justify-center md:order-2 md:ml-4 md:w-full md:grow\">\n<div class=\"block cursor-pointer text-center font-akshar text-2xl font-medium leading-7 text-brand-green duration-200 ease-in-out hover:text-brand-green-700 md:text-left md:text-xl md:leading-6\">Dell 15 ordinateur portable\n                <\/div>\n<div class=\"mt-4 hidden md:flex md:justify-between\">\n<div class=\"self-end\">\n<div class=\"mb-0 h-11 md:flex md:flex-col md:justify-center\">\n<div class=\" font-sans leading-4 text-black\">\n<div class=\"flex flex-wrap items-center justify-center gap-1 md:justify-start\">\n        <span class=\"font-bold\"><\/p>\n<p>            399,99 $<br \/>\n                            <span class=\"font-medium\">\u00e0 Dell<\/span><br \/>\n                    <\/span>\n            <\/div>\n<div class=\"flex items-center justify-center gap-x-1 font-bold md:justify-start\">\n            <span class=\"text-sm line-through\">649,99 $<\/span><br \/>\n            <span class=\"text-sm text-brand-green\">\u00c9conomisez 250,00 $<\/span>\n        <\/div>\n<\/p><\/div>\n<\/p><\/div>\n<\/p><\/div>\n<div class=\"w-44 self-end\">\n                            <button class=\"flex justify-center items-center w-full bg-brand-green text-white text-base font-sans font-medium rounded-md hover:bg-brand-green-700 hover:cursor-pointer md:text-sm h-11\"><\/p>\n<p>    Conclure un accord<br \/>\n<\/button>\n                        <\/div>\n<\/p><\/div>\n<\/p><\/div>\n<div class=\"order-2 mt-5 h-auto w-full md:order-1 md:mt-0 md:hidden\">\n<div class=\"flex aspect-video items-center justify-center\">\n                                            <img decoding=\"async\" class=\"m-0 max-h-full max-w-full rounded-md\" src=\"https:\/\/vieassociative.be\/actualites\/wp-content\/uploads\/2025\/09\/Ce-sont-les-meilleures-offres-dordinateur-portable-en-ce-moment.png\" alt=\"Dell 15 ordinateur portable\" width=\"auto\" height=\"auto\" loading=\"lazy\">\n                                    <\/div>\n<\/p><\/div>\n<div class=\"order-2 ml-2 hidden w-32 shrink-0 items-center md:order-1 md:ml-0 md:flex\">\n<div class=\"flex aspect-video items-center justify-center\">\n                                            <img decoding=\"async\" class=\"m-0 max-h-full max-w-full rounded-md\" src=\"https:\/\/vieassociative.be\/actualites\/wp-content\/uploads\/2025\/09\/Ce-sont-les-meilleures-offres-dordinateur-portable-en-ce-moment.png\" alt=\"Dell 15 ordinateur portable\" width=\"auto\" height=\"auto\" loading=\"lazy\">\n                                    <\/div>\n<\/p><\/div>\n<div class=\"order-3 flex grow flex-wrap md:hidden md:grow-0\">\n<div class=\"mt-4 w-full\">\n                        <button class=\"flex justify-center items-center w-full bg-brand-green text-white text-base font-sans font-medium rounded-md hover:bg-brand-green-700 hover:cursor-pointer md:text-sm h-11\"><\/p>\n<p>    Conclure un accord<br \/>\n<\/button>\n                    <\/div>\n<div class=\"mx-2 mt-4 w-full\">\n<div class=\" font-sans leading-4 text-black\">\n<div class=\"flex flex-wrap items-center justify-center gap-1 md:justify-start\">\n        <span class=\"font-bold\"><\/p>\n<p>            399,99 $<br \/>\n                            <span class=\"font-medium\">\u00e0 Dell<\/span><br \/>\n                    <\/span>\n            <\/div>\n<div class=\"flex items-center justify-center gap-x-1 font-bold md:justify-start\">\n            <span class=\"text-sm line-through\">649,99 $<\/span><br \/>\n            <span class=\"text-sm text-brand-green\">\u00c9conomisez 250,00 $<\/span>\n        <\/div>\n<\/p><\/div>\n<\/p><\/div>\n<\/p><\/div>\n<\/p><\/div>\n<\/div>\n<p>En ce moment, la meilleure offre pour <strong>399,99 $<\/strong> est l&rsquo;ordinateur portable Dell 15<strong> <\/strong>avec une AMD Ryzen 7, 16 Go de RAM et 1 To de stockage. Bien que le prix de cet ordinateur portable rel\u00e8ve de la cat\u00e9gorie \u00ab\u00a0budget\u00a0\u00bb, ne faites pas l&rsquo;erreur de penser que la performance est au niveau du budget. Il s&rsquo;agit d&rsquo;un ordinateur portable appropri\u00e9 capable de g\u00e9rer un peu plus que les bases. Ne vous attendez pas \u00e0 ce que les cloches et les sifflets de fantaisie que vous trouverez dans un ordinateur portable plus cher, comme un clavier r\u00e9tro-\u00e9clair\u00e9, un bel appareil photo ou un \u00e9cran super brillant.<\/p>\n<p>Plus d&rsquo;options budg\u00e9taires:<\/p>\n<ul>\n<li>\n<p>Inspiron 14 ordinateur portable: <strong>599,99 $<\/strong> (\u00e0 l&rsquo;origine 899,99 $).<\/p>\n<\/li>\n<li>\n<p>HP ordinateur portable 15Z-FC100: <strong>379,99 $<\/strong> (\u00e0 l&rsquo;origine 739,99 $).<\/p>\n<\/li>\n<\/ul>\n<h2 id=\"best-mid-tier-laptop-deals-right-now\">Meilleures offres d&rsquo;ordinateurs portables de milieu de niveau en ce moment<\/h2>\n<p>Les ordinateurs portables de milieu de niveau sont les meilleurs pour les personnes qui plongeront leurs orteils dans un travail plus exigeant, comme des draps d&rsquo;excel lourds, une retouche photo ou pour ceux qui ont l&rsquo;habitude de partager d&rsquo;\u00e9cran avec une douzaine d&rsquo;onglets Chrome ouverts.<\/p>\n<div class=\"pogoClear mb-12 mt-10 rounded-md border-2 border-gray-100 py-7 shadow-xl md:py-6\">\n<div class=\"flex flex-wrap justify-between px-7 text-black no-underline md:flex-nowrap md:px-8\">\n<div class=\"order-1 mx-auto flex flex-col justify-center md:order-2 md:ml-4 md:w-full md:grow\">\n<div class=\"block cursor-pointer text-center font-akshar text-2xl font-medium leading-7 text-brand-green duration-200 ease-in-out hover:text-brand-green-700 md:text-left md:text-xl md:leading-6\">Apple MacBook Air 13 pouces ordinateur portable &#8211; Chip M2\n                <\/div>\n<div class=\"mt-4 hidden md:flex md:justify-between\">\n<div class=\"self-end\">\n<div class=\"mb-0 h-11 md:flex md:flex-col md:justify-center\">\n<div class=\" font-sans leading-4 text-black\">\n<div class=\"flex flex-wrap items-center justify-center gap-1 md:justify-start\">\n        <span class=\"font-bold\"><\/p>\n<p>            699,00 $<br \/>\n                            <span class=\"font-medium\">\u00e0 Best Buy<\/span><br \/>\n                    <\/span>\n            <\/div>\n<div class=\"flex items-center justify-center gap-x-1 font-bold md:justify-start\">\n            <span class=\"text-sm line-through\">799,00 $<\/span><br \/>\n            <span class=\"text-sm text-brand-green\">\u00c9conomisez 100,00 $<\/span>\n        <\/div>\n<\/p><\/div>\n<\/p><\/div>\n<\/p><\/div>\n<div class=\"w-44 self-end\">\n                            <button class=\"flex justify-center items-center w-full bg-brand-green text-white text-base font-sans font-medium rounded-md hover:bg-brand-green-700 hover:cursor-pointer md:text-sm h-11\"><\/p>\n<p>    Conclure un accord<br \/>\n<\/button>\n                        <\/div>\n<\/p><\/div>\n<\/p><\/div>\n<div class=\"order-2 mt-5 h-auto w-full md:order-1 md:mt-0 md:hidden\">\n<div class=\"flex aspect-video items-center justify-center\">\n                                            <img decoding=\"async\" class=\"m-0 max-h-full max-w-full rounded-md\" src=\"https:\/\/vieassociative.be\/actualites\/wp-content\/uploads\/2025\/09\/1757035043_388_Ce-sont-les-meilleures-offres-dordinateur-portable-en-ce-moment.png\" alt=\"Apple - ordinateur portable MacBook Air 13 pouces - Apple M2\" width=\"auto\" height=\"auto\" loading=\"lazy\">\n                                    <\/div>\n<\/p><\/div>\n<div class=\"order-2 ml-2 hidden w-32 shrink-0 items-center md:order-1 md:ml-0 md:flex\">\n<div class=\"flex aspect-video items-center justify-center\">\n                                            <img decoding=\"async\" class=\"m-0 max-h-full max-w-full rounded-md\" src=\"https:\/\/vieassociative.be\/actualites\/wp-content\/uploads\/2025\/09\/1757035043_388_Ce-sont-les-meilleures-offres-dordinateur-portable-en-ce-moment.png\" alt=\"Apple - ordinateur portable MacBook Air 13 pouces - Apple M2\" width=\"auto\" height=\"auto\" loading=\"lazy\">\n                                    <\/div>\n<\/p><\/div>\n<div class=\"order-3 flex grow flex-wrap md:hidden md:grow-0\">\n<div class=\"mt-4 w-full\">\n                        <button class=\"flex justify-center items-center w-full bg-brand-green text-white text-base font-sans font-medium rounded-md hover:bg-brand-green-700 hover:cursor-pointer md:text-sm h-11\"><\/p>\n<p>    Conclure un accord<br \/>\n<\/button>\n                    <\/div>\n<div class=\"mx-2 mt-4 w-full\">\n<div class=\" font-sans leading-4 text-black\">\n<div class=\"flex flex-wrap items-center justify-center gap-1 md:justify-start\">\n        <span class=\"font-bold\"><\/p>\n<p>            699,00 $<br \/>\n                            <span class=\"font-medium\">\u00e0 Best Buy<\/span><br \/>\n                    <\/span>\n            <\/div>\n<div class=\"flex items-center justify-center gap-x-1 font-bold md:justify-start\">\n            <span class=\"text-sm line-through\">799,00 $<\/span><br \/>\n            <span class=\"text-sm text-brand-green\">\u00c9conomisez 100,00 $<\/span>\n        <\/div>\n<\/p><\/div>\n<\/p><\/div>\n<\/p><\/div>\n<\/p><\/div>\n<\/div>\n<p>Si vous \u00eates un utilisateur Apple, ne cherchez pas plus loin que le M2 MacBook Air. \u00c0 <strong>699 $<\/strong>cette machine offre la meilleure valeur pour tout ordinateur portable de niveau interm\u00e9diaire. Comme l&rsquo;a expliqu\u00e9 l&rsquo;an dernier le r\u00e9dacteur en chef senior de Vie Associative, le r\u00e9dacteur en technologie senior, ce pourrait \u00eatre le dernier ordinateur portable que vous ach\u00e8terez jamais. Il a le m\u00eame RAM et le m\u00eame stockage que le M3, mais il existe des diff\u00e9rences cl\u00e9s entre les deux machines que vous devriez \u00eatre conscientes. Si, cependant, vous avez 176 $ \u00e0 perdre, la mise \u00e0 niveau vers le M4 est une meilleure valeur.<\/p>\n<p>Plus d&rsquo;options de milieu de niveau:<\/p>\n<ul>\n<li>\n<p>LOQ 15 \u201dAMD avec RTX 5050: <strong>929,99 $<\/strong> (\u00e0 l&rsquo;origine 1 189,99 $).<\/p>\n<\/li>\n<li>\n<p>ThinkPad E16 Gen 3 AMD 16 \u2033: <strong>999 $ <\/strong>(\u00e0 l&rsquo;origine 1 369 $).<\/p>\n<\/li>\n<\/ul>\n<h2 id=\"best-high-end-laptop-deals-right-now\">Meilleures offres d&rsquo;ordinateur portable haut de gamme en ce moment<\/h2>\n<p>Les ordinateurs portables haut de gamme sont les meilleurs pour les personnes qui ont besoin de plus qu&rsquo;un simple ordinateur portable puissant qui peut g\u00e9rer des t\u00e2ches exigeantes telles que la modification des m\u00e9dias ou l&rsquo;ex\u00e9cution de logiciels de conception 3D complexes, mais qui appr\u00e9cient \u00e9galement la qualit\u00e9 de construction premium, les fonctionnalit\u00e9s avanc\u00e9es et la fiabilit\u00e9 \u00e0 long terme (et bien s\u00fbr, peuvent se permettre). <\/p>\n<div class=\"pogoClear mb-12 mt-10 rounded-md border-2 border-gray-100 py-7 shadow-xl md:py-6\">\n<div class=\"flex flex-wrap justify-between px-7 text-black no-underline md:flex-nowrap md:px-8\">\n<div class=\"order-1 mx-auto flex flex-col justify-center md:order-2 md:ml-4 md:w-full md:grow\">\n<div class=\"block cursor-pointer text-center font-akshar text-2xl font-medium leading-7 text-brand-green duration-200 ease-in-out hover:text-brand-green-700 md:text-left md:text-xl md:leading-6\">Dell 16 Plus 2 en 1 ordinateur portable\n                <\/div>\n<div class=\"mt-4 hidden md:flex md:justify-between\">\n<div class=\"self-end\">\n<div class=\"mb-0 h-11 md:flex md:flex-col md:justify-center\">\n<div class=\" font-sans leading-4 text-black\">\n<div class=\"flex flex-wrap items-center justify-center gap-1 md:justify-start\">\n        <span class=\"font-bold\"><\/p>\n<p>            1 249,99 $<br \/>\n                            <span class=\"font-medium\">\u00e0 Dell<\/span><br \/>\n                    <\/span>\n            <\/div>\n<div class=\"flex items-center justify-center gap-x-1 font-bold md:justify-start\">\n            <span class=\"text-sm line-through\">1 449,99 $<\/span><br \/>\n            <span class=\"text-sm text-brand-green\">\u00c9conomisez 200 $<\/span>\n        <\/div>\n<\/p><\/div>\n<\/p><\/div>\n<\/p><\/div>\n<div class=\"w-44 self-end\">\n                            <button class=\"flex justify-center items-center w-full bg-brand-green text-white text-base font-sans font-medium rounded-md hover:bg-brand-green-700 hover:cursor-pointer md:text-sm h-11\"><\/p>\n<p>    Conclure un accord<br \/>\n<\/button>\n                        <\/div>\n<\/p><\/div>\n<\/p><\/div>\n<div class=\"order-2 mt-5 h-auto w-full md:order-1 md:mt-0 md:hidden\">\n<div class=\"flex aspect-video items-center justify-center\">\n                                            <img decoding=\"async\" class=\"m-0 max-h-full max-w-full rounded-md\" src=\"https:\/\/vieassociative.be\/actualites\/wp-content\/uploads\/2025\/09\/1757035043_376_Ce-sont-les-meilleures-offres-dordinateur-portable-en-ce-moment.png\" alt=\"Dell 16 Plus 2 en 1 ordinateur portable\" width=\"auto\" height=\"auto\" loading=\"lazy\">\n                                    <\/div>\n<\/p><\/div>\n<div class=\"order-2 ml-2 hidden w-32 shrink-0 items-center md:order-1 md:ml-0 md:flex\">\n<div class=\"flex aspect-video items-center justify-center\">\n                                            <img decoding=\"async\" class=\"m-0 max-h-full max-w-full rounded-md\" src=\"https:\/\/vieassociative.be\/actualites\/wp-content\/uploads\/2025\/09\/1757035043_376_Ce-sont-les-meilleures-offres-dordinateur-portable-en-ce-moment.png\" alt=\"Dell 16 Plus 2 en 1 ordinateur portable\" width=\"auto\" height=\"auto\" loading=\"lazy\">\n                                    <\/div>\n<\/p><\/div>\n<div class=\"order-3 flex grow flex-wrap md:hidden md:grow-0\">\n<div class=\"mt-4 w-full\">\n                        <button class=\"flex justify-center items-center w-full bg-brand-green text-white text-base font-sans font-medium rounded-md hover:bg-brand-green-700 hover:cursor-pointer md:text-sm h-11\"><\/p>\n<p>    Conclure un accord<br \/>\n<\/button>\n                    <\/div>\n<div class=\"mx-2 mt-4 w-full\">\n<div class=\" font-sans leading-4 text-black\">\n<div class=\"flex flex-wrap items-center justify-center gap-1 md:justify-start\">\n        <span class=\"font-bold\"><\/p>\n<p>            1 249,99 $<br \/>\n                            <span class=\"font-medium\">\u00e0 Dell<\/span><br \/>\n                    <\/span>\n            <\/div>\n<div class=\"flex items-center justify-center gap-x-1 font-bold md:justify-start\">\n            <span class=\"text-sm line-through\">1 449,99 $<\/span><br \/>\n            <span class=\"text-sm text-brand-green\">\u00c9conomisez 200 $<\/span>\n        <\/div>\n<\/p><\/div>\n<\/p><\/div>\n<\/p><\/div>\n<\/p><\/div>\n<\/div>\n<p>L&rsquo;ordinateur portable Dell 16 Plus 2 en 1 est puissant, lisse et rempli de fonctionnalit\u00e9s. Il est livr\u00e9 avec une r\u00e9solution d&rsquo;affichage de 2,5k et est suffisamment brillant pour travailler \u00e0 l&rsquo;ext\u00e9rieur. Il peut g\u00e9rer les t\u00e2ches lourdes gr\u00e2ce \u00e0 son processeur Intel Ultra 7 et 32 \u200b\u200bGo de RAM. La webcam 1080p est id\u00e9ale pour les appels de zoom, et comme le nom l&rsquo;indique, il peut fonctionner comme un ordinateur portable ou une tablette. Il est livr\u00e9 avec le Dell Active Pen (PN5122W) afin que vous puissiez faire un travail pratique. Obtenir <strong>1 249,99 $<\/strong> (\u00e0 l&rsquo;origine 1 449,99 $).<\/p>\n<p>Plus d&rsquo;options haut de gamme:<\/p>\n<ul>\n<li>\n<p>XPS 13 ordinateur portable Intel 9 1 To<strong> 1 599,99 $ <\/strong>(\u00e0 l&rsquo;origine 2 049,99 $)<\/p>\n<\/li>\n<li>\n<p>MacBook Pro ordinateur portable avec M4 Pro <strong>1 699 $<\/strong> (\u00e0 l&rsquo;origine 1 999 $)<\/p>\n<\/li>\n<\/ul>\n<h2 id=\"best-laptop-deals-for-gamers-right-now\">Meilleures offres d&rsquo;ordinateur portable pour les joueurs en ce moment<\/h2>\n<p>Les ordinateurs portables de jeu sont un peu diff\u00e9rents des ordinateurs portables de productivit\u00e9. Bien que le processeur et la RAM soient toujours importants, les affichages, les taux de rafra\u00eechissement, les GPU et la capacit\u00e9 de stockage sont les mesures cl\u00e9s \u00e0 examiner.<\/p>\n<div class=\"pogoClear mb-12 mt-10 rounded-md border-2 border-gray-100 py-7 shadow-xl md:py-6\">\n<div class=\"flex flex-wrap justify-between px-7 text-black no-underline md:flex-nowrap md:px-8\">\n<div class=\"order-1 mx-auto flex flex-col justify-center md:order-2 md:ml-4 md:w-full md:grow\">\n<div class=\"block cursor-pointer text-center font-akshar text-2xl font-medium leading-7 text-brand-green duration-200 ease-in-out hover:text-brand-green-700 md:text-left md:text-xl md:leading-6\">LOQ (15 \u201dAMD) avec RTX 5050\n                <\/div>\n<div class=\"mt-4 hidden md:flex md:justify-between\">\n<div class=\"self-end\">\n<div class=\"mb-0 h-11 md:flex md:flex-col md:justify-center\">\n<div class=\" font-sans leading-4 text-black\">\n<div class=\"flex flex-wrap items-center justify-center gap-1 md:justify-start\">\n        <span class=\"font-bold\"><\/p>\n<p>            929,99 $<br \/>\n                            <span class=\"font-medium\">\u00e0 Lenovo<\/span><br \/>\n                    <\/span>\n            <\/div>\n<div class=\"flex items-center justify-center gap-x-1 font-bold md:justify-start\">\n            <span class=\"text-sm line-through\">1 189,99 $<\/span><br \/>\n            <span class=\"text-sm text-brand-green\">\u00c9conomisez 260,00 $<\/span>\n        <\/div>\n<\/p><\/div>\n<\/p><\/div>\n<\/p><\/div>\n<div class=\"w-44 self-end\">\n                            <button class=\"flex justify-center items-center w-full bg-brand-green text-white text-base font-sans font-medium rounded-md hover:bg-brand-green-700 hover:cursor-pointer md:text-sm h-11\"><\/p>\n<p>    Conclure un accord<br \/>\n<\/button>\n                        <\/div>\n<\/p><\/div>\n<\/p><\/div>\n<div class=\"order-2 mt-5 h-auto w-full md:order-1 md:mt-0 md:hidden\">\n<div class=\"flex aspect-video items-center justify-center\">\n                                            <img decoding=\"async\" class=\"m-0 max-h-full max-w-full rounded-md\" src=\"https:\/\/vieassociative.be\/actualites\/wp-content\/uploads\/2025\/09\/1757035043_616_Ce-sont-les-meilleures-offres-dordinateur-portable-en-ce-moment.png\" alt=\"LOQ (15 \u201dAMD) avec RTX 5050\" width=\"auto\" height=\"auto\" loading=\"lazy\">\n                                    <\/div>\n<\/p><\/div>\n<div class=\"order-2 ml-2 hidden w-32 shrink-0 items-center md:order-1 md:ml-0 md:flex\">\n<div class=\"flex aspect-video items-center justify-center\">\n                                            <img decoding=\"async\" class=\"m-0 max-h-full max-w-full rounded-md\" src=\"https:\/\/vieassociative.be\/actualites\/wp-content\/uploads\/2025\/09\/1757035043_616_Ce-sont-les-meilleures-offres-dordinateur-portable-en-ce-moment.png\" alt=\"LOQ (15 \u201dAMD) avec RTX 5050\" width=\"auto\" height=\"auto\" loading=\"lazy\">\n                                    <\/div>\n<\/p><\/div>\n<div class=\"order-3 flex grow flex-wrap md:hidden md:grow-0\">\n<div class=\"mt-4 w-full\">\n                        <button class=\"flex justify-center items-center w-full bg-brand-green text-white text-base font-sans font-medium rounded-md hover:bg-brand-green-700 hover:cursor-pointer md:text-sm h-11\"><\/p>\n<p>    Conclure un accord<br \/>\n<\/button>\n                    <\/div>\n<div class=\"mx-2 mt-4 w-full\">\n<div class=\" font-sans leading-4 text-black\">\n<div class=\"flex flex-wrap items-center justify-center gap-1 md:justify-start\">\n        <span class=\"font-bold\"><\/p>\n<p>            929,99 $<br \/>\n                            <span class=\"font-medium\">\u00e0 Lenovo<\/span><br \/>\n                    <\/span>\n            <\/div>\n<div class=\"flex items-center justify-center gap-x-1 font-bold md:justify-start\">\n            <span class=\"text-sm line-through\">1 189,99 $<\/span><br \/>\n            <span class=\"text-sm text-brand-green\">\u00c9conomisez 260,00 $<\/span>\n        <\/div>\n<\/p><\/div>\n<\/p><\/div>\n<\/p><\/div>\n<\/p><\/div>\n<\/div>\n<p>Le LOQ de 15,6 pouces avec RTX 5050 ne vous soufflera pas avec ses sp\u00e9cifications, mais il le fera avec sa valeur. Pour moins de 1 000 $, vous obtenez un ordinateur portable de jeu capable avec un large champ de vision, un taux de rafra\u00eechissement rapide de 144 Hz, un puissant processeur Ryzen 7, 16 Go de RAM, 1 To de stockage et un excellent clavier. Il peut r\u00e9sister \u00e0 des temp\u00e9ratures extr\u00eames, \u00e0 la poussi\u00e8re et \u00e0 un choc, donc m\u00eame si vous ne faites pas de randonn\u00e9e avec, vous pourriez si vous vous \u00eates jamais trouv\u00e9.<\/p>\n<p>Plus d&rsquo;options conviviales:<\/p>\n<ul>\n<li>\n<p>HP Omen Max Intel Ultra 7 RTX 5070 TI 512GB 16 \u00ab\u00a02K ordinateur portable: <strong>1 719,99 $ <\/strong>(\u00e0 l&rsquo;origine 2 319,99 $)<\/p>\n<\/li>\n<li>\n<p>Alienware 16 Aurora Gaming ordinateur portable: <strong>1 599,99 $<\/strong> (\u00e0 l&rsquo;origine 1 899,99 $)<\/p>\n<\/li>\n<\/ul>\n<hr>\n","protected":false},"excerpt":{"rendered":"<p>Trouvez les meilleures offres en ce moment, que vous recherchiez un ordinateur portable haut de gamme, interm\u00e9diaire ou budg\u00e9taire. Saviez-vous que vous pouvez personnaliser Google<\/p>\n","protected":false},"author":1,"featured_media":9827,"comment_status":"","ping_status":"","sticky":false,"template":"","format":"standard","meta":{"footnotes":""},"categories":[13],"tags":[8412,14,79,1429,345,170,18],"class_list":["post-9826","post","type-post","status-publish","format-standard","has-post-thumbnail","hentry","category-technologie","tag-dordinateur","tag-les","tag-meilleures","tag-moment","tag-offres","tag-portable","tag-sont","generate-columns","tablet-grid-50","mobile-grid-100","grid-parent","grid-33"],"yoast_head":"<!-- This site is optimized with the Yoast SEO plugin v24.0 - https:\/\/yoast.com\/wordpress\/plugins\/seo\/ -->\n<title>Ce sont les meilleures offres d&#039;ordinateur portable en ce moment | Vie Associative<\/title>\n<meta name=\"robots\" content=\"index, follow, max-snippet:-1, max-image-preview:large, max-video-preview:-1\" \/>\n<link rel=\"canonical\" href=\"https:\/\/vieassociative.be\/actualites\/ce-sont-les-meilleures-offres-dordinateur-portable-en-ce-moment\/\" \/>\n<meta property=\"og:locale\" content=\"fr_FR\" \/>\n<meta property=\"og:type\" content=\"article\" \/>\n<meta property=\"og:title\" content=\"Ce sont les meilleures offres d&#039;ordinateur portable en ce moment | Vie Associative\" \/>\n<meta property=\"og:description\" content=\"Trouvez les meilleures offres en ce moment, que vous recherchiez un ordinateur portable haut de gamme, interm\u00e9diaire ou budg\u00e9taire. Saviez-vous que vous pouvez personnaliser Google\" \/>\n<meta property=\"og:url\" content=\"https:\/\/vieassociative.be\/actualites\/ce-sont-les-meilleures-offres-dordinateur-portable-en-ce-moment\/\" \/>\n<meta property=\"og:site_name\" content=\"Vie Associative\" \/>\n<meta property=\"article:published_time\" content=\"2025-09-05T01:17:23+00:00\" \/>\n<meta property=\"og:image\" content=\"https:\/\/vieassociative.be\/actualites\/wp-content\/uploads\/2025\/09\/Ce-sont-les-meilleures-offres-dordinateur-portable-en-ce-moment.png\" \/>\n<meta name=\"author\" content=\"Julien\" \/>\n<meta name=\"twitter:card\" content=\"summary_large_image\" \/>\n<meta name=\"twitter:label1\" content=\"\u00c9crit par\" \/>\n\t<meta name=\"twitter:data1\" content=\"Julien\" \/>\n\t<meta name=\"twitter:label2\" content=\"Dur\u00e9e de lecture est.\" \/>\n\t<meta name=\"twitter:data2\" content=\"5 minutes\" \/>\n<script type=\"application\/ld+json\" class=\"yoast-schema-graph\">{\"@context\":\"https:\/\/schema.org\",\"@graph\":[{\"@type\":\"Article\",\"@id\":\"https:\/\/vieassociative.be\/actualites\/ce-sont-les-meilleures-offres-dordinateur-portable-en-ce-moment\/#article\",\"isPartOf\":{\"@id\":\"https:\/\/vieassociative.be\/actualites\/ce-sont-les-meilleures-offres-dordinateur-portable-en-ce-moment\/\"},\"author\":{\"name\":\"Julien\",\"@id\":\"https:\/\/vieassociative.be\/actualites\/#\/schema\/person\/b87ac4f82f9d4e7b7cec7395b679edc4\"},\"headline\":\"Ce sont les meilleures offres d&rsquo;ordinateur portable en ce moment\",\"datePublished\":\"2025-09-05T01:17:23+00:00\",\"dateModified\":\"2025-09-05T01:17:23+00:00\",\"mainEntityOfPage\":{\"@id\":\"https:\/\/vieassociative.be\/actualites\/ce-sont-les-meilleures-offres-dordinateur-portable-en-ce-moment\/\"},\"wordCount\":1042,\"publisher\":{\"@id\":\"https:\/\/vieassociative.be\/actualites\/#organization\"},\"image\":{\"@id\":\"https:\/\/vieassociative.be\/actualites\/ce-sont-les-meilleures-offres-dordinateur-portable-en-ce-moment\/#primaryimage\"},\"thumbnailUrl\":\"https:\/\/vieassociative.be\/actualites\/wp-content\/uploads\/2025\/09\/1757035045_Ce-sont-les-meilleures-offres-dordinateur-portable-en-ce-moment.png\",\"keywords\":[\"dordinateur\",\"Les\",\"meilleures\",\"moment\",\"offres\",\"portable\",\"sont\"],\"articleSection\":[\"Technologie\"],\"inLanguage\":\"fr-BE\"},{\"@type\":\"WebPage\",\"@id\":\"https:\/\/vieassociative.be\/actualites\/ce-sont-les-meilleures-offres-dordinateur-portable-en-ce-moment\/\",\"url\":\"https:\/\/vieassociative.be\/actualites\/ce-sont-les-meilleures-offres-dordinateur-portable-en-ce-moment\/\",\"name\":\"Ce sont les meilleures offres d'ordinateur portable en ce moment | Vie Associative\",\"isPartOf\":{\"@id\":\"https:\/\/vieassociative.be\/actualites\/#website\"},\"primaryImageOfPage\":{\"@id\":\"https:\/\/vieassociative.be\/actualites\/ce-sont-les-meilleures-offres-dordinateur-portable-en-ce-moment\/#primaryimage\"},\"image\":{\"@id\":\"https:\/\/vieassociative.be\/actualites\/ce-sont-les-meilleures-offres-dordinateur-portable-en-ce-moment\/#primaryimage\"},\"thumbnailUrl\":\"https:\/\/vieassociative.be\/actualites\/wp-content\/uploads\/2025\/09\/1757035045_Ce-sont-les-meilleures-offres-dordinateur-portable-en-ce-moment.png\",\"datePublished\":\"2025-09-05T01:17:23+00:00\",\"dateModified\":\"2025-09-05T01:17:23+00:00\",\"breadcrumb\":{\"@id\":\"https:\/\/vieassociative.be\/actualites\/ce-sont-les-meilleures-offres-dordinateur-portable-en-ce-moment\/#breadcrumb\"},\"inLanguage\":\"fr-BE\",\"potentialAction\":[{\"@type\":\"ReadAction\",\"target\":[\"https:\/\/vieassociative.be\/actualites\/ce-sont-les-meilleures-offres-dordinateur-portable-en-ce-moment\/\"]}]},{\"@type\":\"ImageObject\",\"inLanguage\":\"fr-BE\",\"@id\":\"https:\/\/vieassociative.be\/actualites\/ce-sont-les-meilleures-offres-dordinateur-portable-en-ce-moment\/#primaryimage\",\"url\":\"https:\/\/vieassociative.be\/actualites\/wp-content\/uploads\/2025\/09\/1757035045_Ce-sont-les-meilleures-offres-dordinateur-portable-en-ce-moment.png\",\"contentUrl\":\"https:\/\/vieassociative.be\/actualites\/wp-content\/uploads\/2025\/09\/1757035045_Ce-sont-les-meilleures-offres-dordinateur-portable-en-ce-moment.png\",\"width\":1200,\"height\":675,\"caption\":\"Ce sont les meilleures offres d'ordinateur portable en ce moment\"},{\"@type\":\"BreadcrumbList\",\"@id\":\"https:\/\/vieassociative.be\/actualites\/ce-sont-les-meilleures-offres-dordinateur-portable-en-ce-moment\/#breadcrumb\",\"itemListElement\":[{\"@type\":\"ListItem\",\"position\":1,\"name\":\"Accueil\",\"item\":\"https:\/\/vieassociative.be\/actualites\/\"},{\"@type\":\"ListItem\",\"position\":2,\"name\":\"Ce sont les meilleures offres d&rsquo;ordinateur portable en ce moment\"}]},{\"@type\":\"WebSite\",\"@id\":\"https:\/\/vieassociative.be\/actualites\/#website\",\"url\":\"https:\/\/vieassociative.be\/actualites\/\",\"name\":\"Vie Associative\",\"description\":\"\",\"publisher\":{\"@id\":\"https:\/\/vieassociative.be\/actualites\/#organization\"},\"potentialAction\":[{\"@type\":\"SearchAction\",\"target\":{\"@type\":\"EntryPoint\",\"urlTemplate\":\"https:\/\/vieassociative.be\/actualites\/?s={search_term_string}\"},\"query-input\":{\"@type\":\"PropertyValueSpecification\",\"valueRequired\":true,\"valueName\":\"search_term_string\"}}],\"inLanguage\":\"fr-BE\"},{\"@type\":\"Organization\",\"@id\":\"https:\/\/vieassociative.be\/actualites\/#organization\",\"name\":\"Vie Associative\",\"url\":\"https:\/\/vieassociative.be\/actualites\/\",\"logo\":{\"@type\":\"ImageObject\",\"inLanguage\":\"fr-BE\",\"@id\":\"https:\/\/vieassociative.be\/actualites\/#\/schema\/logo\/image\/\",\"url\":\"https:\/\/vieassociative.be\/actualites\/wp-content\/uploads\/2024\/09\/cropped-vieassociative_favicon.ico.png\",\"contentUrl\":\"https:\/\/vieassociative.be\/actualites\/wp-content\/uploads\/2024\/09\/cropped-vieassociative_favicon.ico.png\",\"width\":512,\"height\":512,\"caption\":\"Vie Associative\"},\"image\":{\"@id\":\"https:\/\/vieassociative.be\/actualites\/#\/schema\/logo\/image\/\"}},{\"@type\":\"Person\",\"@id\":\"https:\/\/vieassociative.be\/actualites\/#\/schema\/person\/b87ac4f82f9d4e7b7cec7395b679edc4\",\"name\":\"Julien\",\"image\":{\"@type\":\"ImageObject\",\"inLanguage\":\"fr-BE\",\"@id\":\"https:\/\/vieassociative.be\/actualites\/#\/schema\/person\/image\/\",\"url\":\"https:\/\/vieassociative.be\/actualites\/wp-content\/uploads\/2024\/09\/vie-associative-1-150x150.jpg\",\"contentUrl\":\"https:\/\/vieassociative.be\/actualites\/wp-content\/uploads\/2024\/09\/vie-associative-1-150x150.jpg\",\"caption\":\"Julien\"},\"description\":\"Je suis Julien, r\u00e9dacteur pour Vie Associative. Passionn\u00e9 par le monde associatif depuis plus de 10 ans, j'ai \u00e0 c\u0153ur de partager des histoires inspirantes et de mettre en lumi\u00e8re les initiatives locales. Mon objectif est de sensibiliser et d'encourager l'engagement communautaire \u00e0 travers mes articles.\",\"sameAs\":[\"https:\/\/vieassociative.be\/\"]}]}<\/script>\n<!-- \/ Yoast SEO plugin. -->","yoast_head_json":{"title":"Ce sont les meilleures offres d'ordinateur portable en ce moment | Vie Associative","robots":{"index":"index","follow":"follow","max-snippet":"max-snippet:-1","max-image-preview":"max-image-preview:large","max-video-preview":"max-video-preview:-1"},"canonical":"https:\/\/vieassociative.be\/actualites\/ce-sont-les-meilleures-offres-dordinateur-portable-en-ce-moment\/","og_locale":"fr_FR","og_type":"article","og_title":"Ce sont les meilleures offres d'ordinateur portable en ce moment | Vie Associative","og_description":"Trouvez les meilleures offres en ce moment, que vous recherchiez un ordinateur portable haut de gamme, interm\u00e9diaire ou budg\u00e9taire. Saviez-vous que vous pouvez personnaliser Google","og_url":"https:\/\/vieassociative.be\/actualites\/ce-sont-les-meilleures-offres-dordinateur-portable-en-ce-moment\/","og_site_name":"Vie Associative","article_published_time":"2025-09-05T01:17:23+00:00","og_image":[{"url":"https:\/\/vieassociative.be\/actualites\/wp-content\/uploads\/2025\/09\/Ce-sont-les-meilleures-offres-dordinateur-portable-en-ce-moment.png","type":"","width":"","height":""}],"author":"Julien","twitter_card":"summary_large_image","twitter_misc":{"\u00c9crit par":"Julien","Dur\u00e9e de lecture est.":"5 minutes"},"schema":{"@context":"https:\/\/schema.org","@graph":[{"@type":"Article","@id":"https:\/\/vieassociative.be\/actualites\/ce-sont-les-meilleures-offres-dordinateur-portable-en-ce-moment\/#article","isPartOf":{"@id":"https:\/\/vieassociative.be\/actualites\/ce-sont-les-meilleures-offres-dordinateur-portable-en-ce-moment\/"},"author":{"name":"Julien","@id":"https:\/\/vieassociative.be\/actualites\/#\/schema\/person\/b87ac4f82f9d4e7b7cec7395b679edc4"},"headline":"Ce sont les meilleures offres d&rsquo;ordinateur portable en ce moment","datePublished":"2025-09-05T01:17:23+00:00","dateModified":"2025-09-05T01:17:23+00:00","mainEntityOfPage":{"@id":"https:\/\/vieassociative.be\/actualites\/ce-sont-les-meilleures-offres-dordinateur-portable-en-ce-moment\/"},"wordCount":1042,"publisher":{"@id":"https:\/\/vieassociative.be\/actualites\/#organization"},"image":{"@id":"https:\/\/vieassociative.be\/actualites\/ce-sont-les-meilleures-offres-dordinateur-portable-en-ce-moment\/#primaryimage"},"thumbnailUrl":"https:\/\/vieassociative.be\/actualites\/wp-content\/uploads\/2025\/09\/1757035045_Ce-sont-les-meilleures-offres-dordinateur-portable-en-ce-moment.png","keywords":["dordinateur","Les","meilleures","moment","offres","portable","sont"],"articleSection":["Technologie"],"inLanguage":"fr-BE"},{"@type":"WebPage","@id":"https:\/\/vieassociative.be\/actualites\/ce-sont-les-meilleures-offres-dordinateur-portable-en-ce-moment\/","url":"https:\/\/vieassociative.be\/actualites\/ce-sont-les-meilleures-offres-dordinateur-portable-en-ce-moment\/","name":"Ce sont les meilleures offres d'ordinateur portable en ce moment | Vie Associative","isPartOf":{"@id":"https:\/\/vieassociative.be\/actualites\/#website"},"primaryImageOfPage":{"@id":"https:\/\/vieassociative.be\/actualites\/ce-sont-les-meilleures-offres-dordinateur-portable-en-ce-moment\/#primaryimage"},"image":{"@id":"https:\/\/vieassociative.be\/actualites\/ce-sont-les-meilleures-offres-dordinateur-portable-en-ce-moment\/#primaryimage"},"thumbnailUrl":"https:\/\/vieassociative.be\/actualites\/wp-content\/uploads\/2025\/09\/1757035045_Ce-sont-les-meilleures-offres-dordinateur-portable-en-ce-moment.png","datePublished":"2025-09-05T01:17:23+00:00","dateModified":"2025-09-05T01:17:23+00:00","breadcrumb":{"@id":"https:\/\/vieassociative.be\/actualites\/ce-sont-les-meilleures-offres-dordinateur-portable-en-ce-moment\/#breadcrumb"},"inLanguage":"fr-BE","potentialAction":[{"@type":"ReadAction","target":["https:\/\/vieassociative.be\/actualites\/ce-sont-les-meilleures-offres-dordinateur-portable-en-ce-moment\/"]}]},{"@type":"ImageObject","inLanguage":"fr-BE","@id":"https:\/\/vieassociative.be\/actualites\/ce-sont-les-meilleures-offres-dordinateur-portable-en-ce-moment\/#primaryimage","url":"https:\/\/vieassociative.be\/actualites\/wp-content\/uploads\/2025\/09\/1757035045_Ce-sont-les-meilleures-offres-dordinateur-portable-en-ce-moment.png","contentUrl":"https:\/\/vieassociative.be\/actualites\/wp-content\/uploads\/2025\/09\/1757035045_Ce-sont-les-meilleures-offres-dordinateur-portable-en-ce-moment.png","width":1200,"height":675,"caption":"Ce sont les meilleures offres d'ordinateur portable en ce moment"},{"@type":"BreadcrumbList","@id":"https:\/\/vieassociative.be\/actualites\/ce-sont-les-meilleures-offres-dordinateur-portable-en-ce-moment\/#breadcrumb","itemListElement":[{"@type":"ListItem","position":1,"name":"Accueil","item":"https:\/\/vieassociative.be\/actualites\/"},{"@type":"ListItem","position":2,"name":"Ce sont les meilleures offres d&rsquo;ordinateur portable en ce moment"}]},{"@type":"WebSite","@id":"https:\/\/vieassociative.be\/actualites\/#website","url":"https:\/\/vieassociative.be\/actualites\/","name":"Vie Associative","description":"","publisher":{"@id":"https:\/\/vieassociative.be\/actualites\/#organization"},"potentialAction":[{"@type":"SearchAction","target":{"@type":"EntryPoint","urlTemplate":"https:\/\/vieassociative.be\/actualites\/?s={search_term_string}"},"query-input":{"@type":"PropertyValueSpecification","valueRequired":true,"valueName":"search_term_string"}}],"inLanguage":"fr-BE"},{"@type":"Organization","@id":"https:\/\/vieassociative.be\/actualites\/#organization","name":"Vie Associative","url":"https:\/\/vieassociative.be\/actualites\/","logo":{"@type":"ImageObject","inLanguage":"fr-BE","@id":"https:\/\/vieassociative.be\/actualites\/#\/schema\/logo\/image\/","url":"https:\/\/vieassociative.be\/actualites\/wp-content\/uploads\/2024\/09\/cropped-vieassociative_favicon.ico.png","contentUrl":"https:\/\/vieassociative.be\/actualites\/wp-content\/uploads\/2024\/09\/cropped-vieassociative_favicon.ico.png","width":512,"height":512,"caption":"Vie Associative"},"image":{"@id":"https:\/\/vieassociative.be\/actualites\/#\/schema\/logo\/image\/"}},{"@type":"Person","@id":"https:\/\/vieassociative.be\/actualites\/#\/schema\/person\/b87ac4f82f9d4e7b7cec7395b679edc4","name":"Julien","image":{"@type":"ImageObject","inLanguage":"fr-BE","@id":"https:\/\/vieassociative.be\/actualites\/#\/schema\/person\/image\/","url":"https:\/\/vieassociative.be\/actualites\/wp-content\/uploads\/2024\/09\/vie-associative-1-150x150.jpg","contentUrl":"https:\/\/vieassociative.be\/actualites\/wp-content\/uploads\/2024\/09\/vie-associative-1-150x150.jpg","caption":"Julien"},"description":"Je suis Julien, r\u00e9dacteur pour Vie Associative. Passionn\u00e9 par le monde associatif depuis plus de 10 ans, j'ai \u00e0 c\u0153ur de partager des histoires inspirantes et de mettre en lumi\u00e8re les initiatives locales. Mon objectif est de sensibiliser et d'encourager l'engagement communautaire \u00e0 travers mes articles.","sameAs":["https:\/\/vieassociative.be\/"]}]}},"_links":{"self":[{"href":"https:\/\/vieassociative.be\/actualites\/wp-json\/wp\/v2\/posts\/9826"}],"collection":[{"href":"https:\/\/vieassociative.be\/actualites\/wp-json\/wp\/v2\/posts"}],"about":[{"href":"https:\/\/vieassociative.be\/actualites\/wp-json\/wp\/v2\/types\/post"}],"author":[{"embeddable":true,"href":"https:\/\/vieassociative.be\/actualites\/wp-json\/wp\/v2\/users\/1"}],"replies":[{"embeddable":true,"href":"https:\/\/vieassociative.be\/actualites\/wp-json\/wp\/v2\/comments?post=9826"}],"version-history":[{"count":0,"href":"https:\/\/vieassociative.be\/actualites\/wp-json\/wp\/v2\/posts\/9826\/revisions"}],"wp:featuredmedia":[{"embeddable":true,"href":"https:\/\/vieassociative.be\/actualites\/wp-json\/wp\/v2\/media\/9827"}],"wp:attachment":[{"href":"https:\/\/vieassociative.be\/actualites\/wp-json\/wp\/v2\/media?parent=9826"}],"wp:term":[{"taxonomy":"category","embeddable":true,"href":"https:\/\/vieassociative.be\/actualites\/wp-json\/wp\/v2\/categories?post=9826"},{"taxonomy":"post_tag","embeddable":true,"href":"https:\/\/vieassociative.be\/actualites\/wp-json\/wp\/v2\/tags?post=9826"}],"curies":[{"name":"wp","href":"https:\/\/api.w.org\/{rel}","templated":true}]}}