{"id":9816,"date":"2025-09-04T16:16:59","date_gmt":"2025-09-04T14:16:59","guid":{"rendered":"https:\/\/vieassociative.be\/actualites\/red-devil-aujourdhui-contre-un-pays-plus-petit-que-le-dg-et-dans-un-stade-encore-plus-petit-que-celui-de-las-eupen\/"},"modified":"2025-09-04T16:16:59","modified_gmt":"2025-09-04T14:16:59","slug":"red-devil-aujourdhui-contre-un-pays-plus-petit-que-le-dg-et-dans-un-stade-encore-plus-petit-que-celui-de-las-eupen","status":"publish","type":"post","link":"https:\/\/vieassociative.be\/actualites\/red-devil-aujourdhui-contre-un-pays-plus-petit-que-le-dg-et-dans-un-stade-encore-plus-petit-que-celui-de-las-eupen\/","title":{"rendered":"Red Devil aujourd&rsquo;hui contre un pays plus petit que le DG et dans un stade encore plus petit que celui de l&rsquo;As Eupen"},"content":{"rendered":"<p><strong>40 200 habitants et une superficie de 160,5 kilom\u00e8tres carr\u00e9s &#8211; c&rsquo;est le Liechtenstein, dont l&rsquo;\u00e9quipe nationale de football a re\u00e7u le Red Devorse jeudi \u00e0 20 h 45. Dans la qualification pour la Coupe du monde 2026 aux \u00c9tats-Unis, au Mexique et au Canada. \u00c0 titre de comparaison: notre petit DG compte deux fois plus d&rsquo;habitants (environ 80 000) et est \u00e9galement cinq fois la taille de la principaut\u00e9.<\/strong><\/p>\n<p><span id=\"more-423733\"><\/span>Lorsque la Belgique a d\u00fb traverser la plus longue crise publique \u00e0 ce jour en 2010 et 2010 et parlait de plus en plus d&rsquo;une \u00e9ventuelle division du pays au pays et \u00e0 l&rsquo;\u00e9tranger, la question \u00e9tait souvent aussi dans la salle ce qui allait devenir de la DG d&rsquo;aujourd&rsquo;hui dans ce cas.<\/p>\n<p>Lorsqu&rsquo;on lui a pos\u00e9 cette question, le Premier ministre de l&rsquo;\u00e9poque Karl-Heinz Lambertz (SP) a r\u00e9pondu que l&rsquo;Est Belgique ne serait m\u00eame pas le plus petit \u00c9tat d&rsquo;Europe en cas d&rsquo;ind\u00e9pendance \u00e0 cause du Liechtenstein \u00e9tait encore plus petit.<\/p>\n<div id=\"attachment_200903\" class=\"wp-caption alignleft\" style=\"max-width: 218px\"><img fetchpriority=\"high\" decoding=\"async\" class=\"wp-image-200903 size-medium\" src=\"https:\/\/vieassociative.be\/actualites\/wp-content\/uploads\/2025\/09\/Red-Devil-aujourdhui-contre-un-pays-plus-petit-que-le.jpeg\" alt=\"\" width=\"218\" height=\"300\"  ><\/div>\n<p>M\u00eame le stade Rheinpark de la capitale du Liechtenstein Vaduz, le lieu de la r\u00e9union de cette soir\u00e9e, est plus petit que le stade Kehrweg As Eupen (8 363) avec une capacit\u00e9 de 6,127 (internationaux) ou 7 838 places de spectateurs, dans lesquelles m\u00eame les jeux de Coupe europ\u00e9enne ne devraient pas se produire, le noir et blanc un jour devrait \u00eatre qualifi\u00e9 pour une comp\u00e9tition internationale.<\/p>\n<p>L&rsquo;\u00e9quipe nationale de football belge est des invit\u00e9s dans le petit stade Rheinpark ce soir (20 h 45 \/ Live sur RTBF1 \u00ab\u00a0La UNE\u00a0\u00bb ou VTM). Le stade ne sera m\u00eame pas plein. Selon les m\u00e9dias locaux, environ 3 000 spectateurs devraient jouer contre les Red Devils, dont environ 700 fans belges qui se sont rendus au Liechtenstein.<\/p>\n<p>Bien s\u00fbr, une seule victoire est une option pour la Belgique. N\u00e9anmoins, l&rsquo;entra\u00eeneur national belge Rudi Garcia reste sur son chapeau. \u00ab\u00a0En aucun cas, nous ne devons sous-estimer les Liechtensteiners\u00a0\u00bb, a d\u00e9clar\u00e9 le Fran\u00e7ais lors de la derni\u00e8re conf\u00e9rence de presse. \u00ab\u00a0Oui, vous avez perdu vos derniers matchs, mais pas clair. Nous devons donc les respecter et expirer 100% de nos qualit\u00e9s.\u00a0\u00bb<\/p>\n<p>Garcia veut y parvenir avec diverses options d&rsquo;attaque en l&rsquo;absence de buteur record Romelu Lukaku, qui est susceptible d&rsquo;\u00e9chouer pour tous les jeux de qualification restants. \u00ab\u00a0J&rsquo;ai un certain nombre de profils dans une temp\u00eate\u00a0\u00bb, a-t-il d\u00e9clar\u00e9. \u00ab\u00a0Openda diff\u00e8re de De Ketelaere, mais Bathshuayi et Trossard sont \u00e9galement des types compl\u00e8tement diff\u00e9rents. Nous avons donc plusieurs fa\u00e7ons de marquer des buts. Cependant, le danger vient de partout. Regardez simplement les petites \u00e9quipes.<\/p>\n<div id=\"attachment_423750\" class=\"wp-caption alignleft\" style=\"max-width: 300px\"><img decoding=\"async\" class=\"wp-image-423750 size-medium\" src=\"https:\/\/vieassociative.be\/actualites\/wp-content\/uploads\/2025\/09\/Red-Devil-aujourdhui-contre-un-pays-plus-petit-que-le.jpg\" alt=\"\" width=\"300\" height=\"198\"><\/div>\n<p>Garcia a \u00e9galement clarifi\u00e9 la question fastidieuse de Captain, qui avait conduit \u00e0 Courtois sous son pr\u00e9d\u00e9cesseur Domenico Tedesco parce que l&rsquo;entra\u00eeneur de l&rsquo;\u00e9poque avait choisi Kevin de Bruyne avant le qualificatif du championnat d&rsquo;Europe contre l&rsquo;Autriche, le 100e jeu international de Thibaut Courtois, mais pas pour le Real Madrid, mais pour Lukaku. Courtois a quitt\u00e9 l&rsquo;\u00e9quipe nationale apr\u00e8s le match, il y a eu une pause ouverte avec Tedesco.<\/p>\n<p>En attendant, Tedesco n&rsquo;est plus entra\u00eeneur du Red Devil, Courtois, mais Lukaku s&rsquo;est bless\u00e9. N\u00e9anmoins, le successeur de Tedesco, Garcia, n&rsquo;a pas choisi de Bruyne, qui n&rsquo;a pas coup\u00e9 une bonne figure en tant que capitaine d&rsquo;\u00e9quipe \u00e0 l&rsquo;EM 2024 en Allemagne \u00e0 la fin du match contre l&rsquo;Ukraine, mais pour Youri Tielemans (Aston Villa). \u00ab\u00a0Vous \u00eates incontestable dans le groupe\u00a0\u00bb, a expliqu\u00e9 Garcia: \u00ab\u00a0Il est le lien entre la g\u00e9n\u00e9ration plus \u00e2g\u00e9e et les plus jeunes. Il remplit tous les crit\u00e8res pour \u00eatre notre capitaine.\u00a0\u00bb<\/p>\n<p>Pendant ce temps, Joaquin Seys du FC Bruges, qui a auparavant rat\u00e9 un premier match international en raison d&rsquo;une blessure. Maintenant, il est, qui s&rsquo;est pr\u00e9sent\u00e9 contre les Glasgow Rangers sous une forme impressionnante et a marqu\u00e9 deux buts, doit \u00eatre patient et doit continuer \u00e0 \u00eatre patient. Cela fonctionnera peut-\u00eatre dimanche prochain lorsque les Red Devils ont re\u00e7u l&rsquo;\u00e9quipe nationale du Kazakhstan dans un autre match de qualification \u00e0 Lotto Park d&rsquo;Anderlecht. Bien s\u00fbr, une victoire est \u00e9galement obligatoire. (Cre)<\/p>\n","protected":false},"excerpt":{"rendered":"<p>40 200 habitants et une superficie de 160,5 kilom\u00e8tres carr\u00e9s &#8211; c&rsquo;est le Liechtenstein, dont l&rsquo;\u00e9quipe nationale de football a re\u00e7u le Red Devorse jeudi<\/p>\n","protected":false},"author":1,"featured_media":9817,"comment_status":"","ping_status":"","sticky":false,"template":"","format":"standard","meta":{"footnotes":""},"categories":[298],"tags":[2330,5406,796,166,4940,592,2329,2353,3513,2490,3312,2687],"class_list":["post-9816","post","type-post","status-publish","format-standard","has-post-thumbnail","hentry","category-belgique","tag-aujourdhui","tag-celui","tag-contre","tag-dans","tag-devil","tag-encore","tag-eupen","tag-las","tag-pays","tag-petit","tag-red","tag-stade","generate-columns","tablet-grid-50","mobile-grid-100","grid-parent","grid-33"],"yoast_head":"<!-- This site is optimized with the Yoast SEO plugin v24.0 - https:\/\/yoast.com\/wordpress\/plugins\/seo\/ -->\n<title>Red Devil aujourd&#039;hui contre un pays plus petit que le DG et dans un stade encore plus petit que celui de l&#039;As Eupen | Vie Associative<\/title>\n<meta name=\"robots\" content=\"index, follow, max-snippet:-1, max-image-preview:large, max-video-preview:-1\" \/>\n<link rel=\"canonical\" href=\"https:\/\/vieassociative.be\/actualites\/red-devil-aujourdhui-contre-un-pays-plus-petit-que-le-dg-et-dans-un-stade-encore-plus-petit-que-celui-de-las-eupen\/\" \/>\n<meta property=\"og:locale\" content=\"fr_FR\" \/>\n<meta property=\"og:type\" content=\"article\" \/>\n<meta property=\"og:title\" content=\"Red Devil aujourd&#039;hui contre un pays plus petit que le DG et dans un stade encore plus petit que celui de l&#039;As Eupen | Vie Associative\" \/>\n<meta property=\"og:description\" content=\"40 200 habitants et une superficie de 160,5 kilom\u00e8tres carr\u00e9s &#8211; c&rsquo;est le Liechtenstein, dont l&rsquo;\u00e9quipe nationale de football a re\u00e7u le Red Devorse jeudi\" \/>\n<meta property=\"og:url\" content=\"https:\/\/vieassociative.be\/actualites\/red-devil-aujourdhui-contre-un-pays-plus-petit-que-le-dg-et-dans-un-stade-encore-plus-petit-que-celui-de-las-eupen\/\" \/>\n<meta property=\"og:site_name\" content=\"Vie Associative\" \/>\n<meta property=\"article:published_time\" content=\"2025-09-04T14:16:59+00:00\" \/>\n<meta property=\"og:image\" content=\"https:\/\/vieassociative.be\/actualites\/wp-content\/uploads\/2024\/09\/header_backgroundk-01-e1726694325946.png\" \/>\n\t<meta property=\"og:image:width\" content=\"279\" \/>\n\t<meta property=\"og:image:height\" content=\"92\" \/>\n\t<meta property=\"og:image:type\" content=\"image\/png\" \/>\n<meta name=\"author\" content=\"Julien\" \/>\n<meta name=\"twitter:card\" content=\"summary_large_image\" \/>\n<meta name=\"twitter:label1\" content=\"\u00c9crit par\" \/>\n\t<meta name=\"twitter:data1\" content=\"Julien\" \/>\n\t<meta name=\"twitter:label2\" content=\"Dur\u00e9e de lecture est.\" \/>\n\t<meta name=\"twitter:data2\" content=\"3 minutes\" \/>\n<script type=\"application\/ld+json\" class=\"yoast-schema-graph\">{\"@context\":\"https:\/\/schema.org\",\"@graph\":[{\"@type\":\"Article\",\"@id\":\"https:\/\/vieassociative.be\/actualites\/red-devil-aujourdhui-contre-un-pays-plus-petit-que-le-dg-et-dans-un-stade-encore-plus-petit-que-celui-de-las-eupen\/#article\",\"isPartOf\":{\"@id\":\"https:\/\/vieassociative.be\/actualites\/red-devil-aujourdhui-contre-un-pays-plus-petit-que-le-dg-et-dans-un-stade-encore-plus-petit-que-celui-de-las-eupen\/\"},\"author\":{\"name\":\"Julien\",\"@id\":\"https:\/\/vieassociative.be\/actualites\/#\/schema\/person\/b87ac4f82f9d4e7b7cec7395b679edc4\"},\"headline\":\"Red Devil aujourd&rsquo;hui contre un pays plus petit que le DG et dans un stade encore plus petit que celui de l&rsquo;As Eupen\",\"datePublished\":\"2025-09-04T14:16:59+00:00\",\"dateModified\":\"2025-09-04T14:16:59+00:00\",\"mainEntityOfPage\":{\"@id\":\"https:\/\/vieassociative.be\/actualites\/red-devil-aujourdhui-contre-un-pays-plus-petit-que-le-dg-et-dans-un-stade-encore-plus-petit-que-celui-de-las-eupen\/\"},\"wordCount\":727,\"publisher\":{\"@id\":\"https:\/\/vieassociative.be\/actualites\/#organization\"},\"image\":{\"@id\":\"https:\/\/vieassociative.be\/actualites\/red-devil-aujourdhui-contre-un-pays-plus-petit-que-le-dg-et-dans-un-stade-encore-plus-petit-que-celui-de-las-eupen\/#primaryimage\"},\"thumbnailUrl\":\"https:\/\/vieassociative.be\/actualites\/wp-content\/uploads\/2025\/09\/1756995419_Red-Devil-aujourdhui-contre-un-pays-plus-petit-que-le.jpg\",\"keywords\":[\"aujourdhui\",\"celui\",\"contre\",\"dans\",\"Devil\",\"encore\",\"Eupen\",\"lAS\",\"pays\",\"petit\",\"Red\",\"stade\"],\"articleSection\":[\"Belgique\"],\"inLanguage\":\"fr-BE\"},{\"@type\":\"WebPage\",\"@id\":\"https:\/\/vieassociative.be\/actualites\/red-devil-aujourdhui-contre-un-pays-plus-petit-que-le-dg-et-dans-un-stade-encore-plus-petit-que-celui-de-las-eupen\/\",\"url\":\"https:\/\/vieassociative.be\/actualites\/red-devil-aujourdhui-contre-un-pays-plus-petit-que-le-dg-et-dans-un-stade-encore-plus-petit-que-celui-de-las-eupen\/\",\"name\":\"Red Devil aujourd'hui contre un pays plus petit que le DG et dans un stade encore plus petit que celui de l'As Eupen | Vie Associative\",\"isPartOf\":{\"@id\":\"https:\/\/vieassociative.be\/actualites\/#website\"},\"primaryImageOfPage\":{\"@id\":\"https:\/\/vieassociative.be\/actualites\/red-devil-aujourdhui-contre-un-pays-plus-petit-que-le-dg-et-dans-un-stade-encore-plus-petit-que-celui-de-las-eupen\/#primaryimage\"},\"image\":{\"@id\":\"https:\/\/vieassociative.be\/actualites\/red-devil-aujourdhui-contre-un-pays-plus-petit-que-le-dg-et-dans-un-stade-encore-plus-petit-que-celui-de-las-eupen\/#primaryimage\"},\"thumbnailUrl\":\"https:\/\/vieassociative.be\/actualites\/wp-content\/uploads\/2025\/09\/1756995419_Red-Devil-aujourdhui-contre-un-pays-plus-petit-que-le.jpg\",\"datePublished\":\"2025-09-04T14:16:59+00:00\",\"dateModified\":\"2025-09-04T14:16:59+00:00\",\"breadcrumb\":{\"@id\":\"https:\/\/vieassociative.be\/actualites\/red-devil-aujourdhui-contre-un-pays-plus-petit-que-le-dg-et-dans-un-stade-encore-plus-petit-que-celui-de-las-eupen\/#breadcrumb\"},\"inLanguage\":\"fr-BE\",\"potentialAction\":[{\"@type\":\"ReadAction\",\"target\":[\"https:\/\/vieassociative.be\/actualites\/red-devil-aujourdhui-contre-un-pays-plus-petit-que-le-dg-et-dans-un-stade-encore-plus-petit-que-celui-de-las-eupen\/\"]}]},{\"@type\":\"ImageObject\",\"inLanguage\":\"fr-BE\",\"@id\":\"https:\/\/vieassociative.be\/actualites\/red-devil-aujourdhui-contre-un-pays-plus-petit-que-le-dg-et-dans-un-stade-encore-plus-petit-que-celui-de-las-eupen\/#primaryimage\",\"url\":\"https:\/\/vieassociative.be\/actualites\/wp-content\/uploads\/2025\/09\/1756995419_Red-Devil-aujourdhui-contre-un-pays-plus-petit-que-le.jpg\",\"contentUrl\":\"https:\/\/vieassociative.be\/actualites\/wp-content\/uploads\/2025\/09\/1756995419_Red-Devil-aujourdhui-contre-un-pays-plus-petit-que-le.jpg\",\"width\":1200,\"height\":800,\"caption\":\"Red Devil aujourd'hui contre un pays plus petit que le DG et dans un stade encore plus petit que celui de l'As Eupen\"},{\"@type\":\"BreadcrumbList\",\"@id\":\"https:\/\/vieassociative.be\/actualites\/red-devil-aujourdhui-contre-un-pays-plus-petit-que-le-dg-et-dans-un-stade-encore-plus-petit-que-celui-de-las-eupen\/#breadcrumb\",\"itemListElement\":[{\"@type\":\"ListItem\",\"position\":1,\"name\":\"Accueil\",\"item\":\"https:\/\/vieassociative.be\/actualites\/\"},{\"@type\":\"ListItem\",\"position\":2,\"name\":\"Red Devil aujourd&rsquo;hui contre un pays plus petit que le DG et dans un stade encore plus petit que celui de l&rsquo;As Eupen\"}]},{\"@type\":\"WebSite\",\"@id\":\"https:\/\/vieassociative.be\/actualites\/#website\",\"url\":\"https:\/\/vieassociative.be\/actualites\/\",\"name\":\"Vie Associative\",\"description\":\"\",\"publisher\":{\"@id\":\"https:\/\/vieassociative.be\/actualites\/#organization\"},\"potentialAction\":[{\"@type\":\"SearchAction\",\"target\":{\"@type\":\"EntryPoint\",\"urlTemplate\":\"https:\/\/vieassociative.be\/actualites\/?s={search_term_string}\"},\"query-input\":{\"@type\":\"PropertyValueSpecification\",\"valueRequired\":true,\"valueName\":\"search_term_string\"}}],\"inLanguage\":\"fr-BE\"},{\"@type\":\"Organization\",\"@id\":\"https:\/\/vieassociative.be\/actualites\/#organization\",\"name\":\"Vie Associative\",\"url\":\"https:\/\/vieassociative.be\/actualites\/\",\"logo\":{\"@type\":\"ImageObject\",\"inLanguage\":\"fr-BE\",\"@id\":\"https:\/\/vieassociative.be\/actualites\/#\/schema\/logo\/image\/\",\"url\":\"https:\/\/vieassociative.be\/actualites\/wp-content\/uploads\/2024\/09\/cropped-vieassociative_favicon.ico.png\",\"contentUrl\":\"https:\/\/vieassociative.be\/actualites\/wp-content\/uploads\/2024\/09\/cropped-vieassociative_favicon.ico.png\",\"width\":512,\"height\":512,\"caption\":\"Vie Associative\"},\"image\":{\"@id\":\"https:\/\/vieassociative.be\/actualites\/#\/schema\/logo\/image\/\"}},{\"@type\":\"Person\",\"@id\":\"https:\/\/vieassociative.be\/actualites\/#\/schema\/person\/b87ac4f82f9d4e7b7cec7395b679edc4\",\"name\":\"Julien\",\"image\":{\"@type\":\"ImageObject\",\"inLanguage\":\"fr-BE\",\"@id\":\"https:\/\/vieassociative.be\/actualites\/#\/schema\/person\/image\/\",\"url\":\"https:\/\/vieassociative.be\/actualites\/wp-content\/uploads\/2024\/09\/vie-associative-1-150x150.jpg\",\"contentUrl\":\"https:\/\/vieassociative.be\/actualites\/wp-content\/uploads\/2024\/09\/vie-associative-1-150x150.jpg\",\"caption\":\"Julien\"},\"description\":\"Je suis Julien, r\u00e9dacteur pour Vie Associative. Passionn\u00e9 par le monde associatif depuis plus de 10 ans, j'ai \u00e0 c\u0153ur de partager des histoires inspirantes et de mettre en lumi\u00e8re les initiatives locales. Mon objectif est de sensibiliser et d'encourager l'engagement communautaire \u00e0 travers mes articles.\",\"sameAs\":[\"https:\/\/vieassociative.be\/\"]}]}<\/script>\n<!-- \/ Yoast SEO plugin. -->","yoast_head_json":{"title":"Red Devil aujourd'hui contre un pays plus petit que le DG et dans un stade encore plus petit que celui de l'As Eupen | Vie Associative","robots":{"index":"index","follow":"follow","max-snippet":"max-snippet:-1","max-image-preview":"max-image-preview:large","max-video-preview":"max-video-preview:-1"},"canonical":"https:\/\/vieassociative.be\/actualites\/red-devil-aujourdhui-contre-un-pays-plus-petit-que-le-dg-et-dans-un-stade-encore-plus-petit-que-celui-de-las-eupen\/","og_locale":"fr_FR","og_type":"article","og_title":"Red Devil aujourd'hui contre un pays plus petit que le DG et dans un stade encore plus petit que celui de l'As Eupen | Vie Associative","og_description":"40 200 habitants et une superficie de 160,5 kilom\u00e8tres carr\u00e9s &#8211; c&rsquo;est le Liechtenstein, dont l&rsquo;\u00e9quipe nationale de football a re\u00e7u le Red Devorse jeudi","og_url":"https:\/\/vieassociative.be\/actualites\/red-devil-aujourdhui-contre-un-pays-plus-petit-que-le-dg-et-dans-un-stade-encore-plus-petit-que-celui-de-las-eupen\/","og_site_name":"Vie Associative","article_published_time":"2025-09-04T14:16:59+00:00","og_image":[{"width":279,"height":92,"url":"https:\/\/vieassociative.be\/actualites\/wp-content\/uploads\/2024\/09\/header_backgroundk-01-e1726694325946.png","type":"image\/png"}],"author":"Julien","twitter_card":"summary_large_image","twitter_misc":{"\u00c9crit par":"Julien","Dur\u00e9e de lecture est.":"3 minutes"},"schema":{"@context":"https:\/\/schema.org","@graph":[{"@type":"Article","@id":"https:\/\/vieassociative.be\/actualites\/red-devil-aujourdhui-contre-un-pays-plus-petit-que-le-dg-et-dans-un-stade-encore-plus-petit-que-celui-de-las-eupen\/#article","isPartOf":{"@id":"https:\/\/vieassociative.be\/actualites\/red-devil-aujourdhui-contre-un-pays-plus-petit-que-le-dg-et-dans-un-stade-encore-plus-petit-que-celui-de-las-eupen\/"},"author":{"name":"Julien","@id":"https:\/\/vieassociative.be\/actualites\/#\/schema\/person\/b87ac4f82f9d4e7b7cec7395b679edc4"},"headline":"Red Devil aujourd&rsquo;hui contre un pays plus petit que le DG et dans un stade encore plus petit que celui de l&rsquo;As Eupen","datePublished":"2025-09-04T14:16:59+00:00","dateModified":"2025-09-04T14:16:59+00:00","mainEntityOfPage":{"@id":"https:\/\/vieassociative.be\/actualites\/red-devil-aujourdhui-contre-un-pays-plus-petit-que-le-dg-et-dans-un-stade-encore-plus-petit-que-celui-de-las-eupen\/"},"wordCount":727,"publisher":{"@id":"https:\/\/vieassociative.be\/actualites\/#organization"},"image":{"@id":"https:\/\/vieassociative.be\/actualites\/red-devil-aujourdhui-contre-un-pays-plus-petit-que-le-dg-et-dans-un-stade-encore-plus-petit-que-celui-de-las-eupen\/#primaryimage"},"thumbnailUrl":"https:\/\/vieassociative.be\/actualites\/wp-content\/uploads\/2025\/09\/1756995419_Red-Devil-aujourdhui-contre-un-pays-plus-petit-que-le.jpg","keywords":["aujourdhui","celui","contre","dans","Devil","encore","Eupen","lAS","pays","petit","Red","stade"],"articleSection":["Belgique"],"inLanguage":"fr-BE"},{"@type":"WebPage","@id":"https:\/\/vieassociative.be\/actualites\/red-devil-aujourdhui-contre-un-pays-plus-petit-que-le-dg-et-dans-un-stade-encore-plus-petit-que-celui-de-las-eupen\/","url":"https:\/\/vieassociative.be\/actualites\/red-devil-aujourdhui-contre-un-pays-plus-petit-que-le-dg-et-dans-un-stade-encore-plus-petit-que-celui-de-las-eupen\/","name":"Red Devil aujourd'hui contre un pays plus petit que le DG et dans un stade encore plus petit que celui de l'As Eupen | Vie Associative","isPartOf":{"@id":"https:\/\/vieassociative.be\/actualites\/#website"},"primaryImageOfPage":{"@id":"https:\/\/vieassociative.be\/actualites\/red-devil-aujourdhui-contre-un-pays-plus-petit-que-le-dg-et-dans-un-stade-encore-plus-petit-que-celui-de-las-eupen\/#primaryimage"},"image":{"@id":"https:\/\/vieassociative.be\/actualites\/red-devil-aujourdhui-contre-un-pays-plus-petit-que-le-dg-et-dans-un-stade-encore-plus-petit-que-celui-de-las-eupen\/#primaryimage"},"thumbnailUrl":"https:\/\/vieassociative.be\/actualites\/wp-content\/uploads\/2025\/09\/1756995419_Red-Devil-aujourdhui-contre-un-pays-plus-petit-que-le.jpg","datePublished":"2025-09-04T14:16:59+00:00","dateModified":"2025-09-04T14:16:59+00:00","breadcrumb":{"@id":"https:\/\/vieassociative.be\/actualites\/red-devil-aujourdhui-contre-un-pays-plus-petit-que-le-dg-et-dans-un-stade-encore-plus-petit-que-celui-de-las-eupen\/#breadcrumb"},"inLanguage":"fr-BE","potentialAction":[{"@type":"ReadAction","target":["https:\/\/vieassociative.be\/actualites\/red-devil-aujourdhui-contre-un-pays-plus-petit-que-le-dg-et-dans-un-stade-encore-plus-petit-que-celui-de-las-eupen\/"]}]},{"@type":"ImageObject","inLanguage":"fr-BE","@id":"https:\/\/vieassociative.be\/actualites\/red-devil-aujourdhui-contre-un-pays-plus-petit-que-le-dg-et-dans-un-stade-encore-plus-petit-que-celui-de-las-eupen\/#primaryimage","url":"https:\/\/vieassociative.be\/actualites\/wp-content\/uploads\/2025\/09\/1756995419_Red-Devil-aujourdhui-contre-un-pays-plus-petit-que-le.jpg","contentUrl":"https:\/\/vieassociative.be\/actualites\/wp-content\/uploads\/2025\/09\/1756995419_Red-Devil-aujourdhui-contre-un-pays-plus-petit-que-le.jpg","width":1200,"height":800,"caption":"Red Devil aujourd'hui contre un pays plus petit que le DG et dans un stade encore plus petit que celui de l'As Eupen"},{"@type":"BreadcrumbList","@id":"https:\/\/vieassociative.be\/actualites\/red-devil-aujourdhui-contre-un-pays-plus-petit-que-le-dg-et-dans-un-stade-encore-plus-petit-que-celui-de-las-eupen\/#breadcrumb","itemListElement":[{"@type":"ListItem","position":1,"name":"Accueil","item":"https:\/\/vieassociative.be\/actualites\/"},{"@type":"ListItem","position":2,"name":"Red Devil aujourd&rsquo;hui contre un pays plus petit que le DG et dans un stade encore plus petit que celui de l&rsquo;As Eupen"}]},{"@type":"WebSite","@id":"https:\/\/vieassociative.be\/actualites\/#website","url":"https:\/\/vieassociative.be\/actualites\/","name":"Vie Associative","description":"","publisher":{"@id":"https:\/\/vieassociative.be\/actualites\/#organization"},"potentialAction":[{"@type":"SearchAction","target":{"@type":"EntryPoint","urlTemplate":"https:\/\/vieassociative.be\/actualites\/?s={search_term_string}"},"query-input":{"@type":"PropertyValueSpecification","valueRequired":true,"valueName":"search_term_string"}}],"inLanguage":"fr-BE"},{"@type":"Organization","@id":"https:\/\/vieassociative.be\/actualites\/#organization","name":"Vie Associative","url":"https:\/\/vieassociative.be\/actualites\/","logo":{"@type":"ImageObject","inLanguage":"fr-BE","@id":"https:\/\/vieassociative.be\/actualites\/#\/schema\/logo\/image\/","url":"https:\/\/vieassociative.be\/actualites\/wp-content\/uploads\/2024\/09\/cropped-vieassociative_favicon.ico.png","contentUrl":"https:\/\/vieassociative.be\/actualites\/wp-content\/uploads\/2024\/09\/cropped-vieassociative_favicon.ico.png","width":512,"height":512,"caption":"Vie Associative"},"image":{"@id":"https:\/\/vieassociative.be\/actualites\/#\/schema\/logo\/image\/"}},{"@type":"Person","@id":"https:\/\/vieassociative.be\/actualites\/#\/schema\/person\/b87ac4f82f9d4e7b7cec7395b679edc4","name":"Julien","image":{"@type":"ImageObject","inLanguage":"fr-BE","@id":"https:\/\/vieassociative.be\/actualites\/#\/schema\/person\/image\/","url":"https:\/\/vieassociative.be\/actualites\/wp-content\/uploads\/2024\/09\/vie-associative-1-150x150.jpg","contentUrl":"https:\/\/vieassociative.be\/actualites\/wp-content\/uploads\/2024\/09\/vie-associative-1-150x150.jpg","caption":"Julien"},"description":"Je suis Julien, r\u00e9dacteur pour Vie Associative. Passionn\u00e9 par le monde associatif depuis plus de 10 ans, j'ai \u00e0 c\u0153ur de partager des histoires inspirantes et de mettre en lumi\u00e8re les initiatives locales. Mon objectif est de sensibiliser et d'encourager l'engagement communautaire \u00e0 travers mes articles.","sameAs":["https:\/\/vieassociative.be\/"]}]}},"_links":{"self":[{"href":"https:\/\/vieassociative.be\/actualites\/wp-json\/wp\/v2\/posts\/9816"}],"collection":[{"href":"https:\/\/vieassociative.be\/actualites\/wp-json\/wp\/v2\/posts"}],"about":[{"href":"https:\/\/vieassociative.be\/actualites\/wp-json\/wp\/v2\/types\/post"}],"author":[{"embeddable":true,"href":"https:\/\/vieassociative.be\/actualites\/wp-json\/wp\/v2\/users\/1"}],"replies":[{"embeddable":true,"href":"https:\/\/vieassociative.be\/actualites\/wp-json\/wp\/v2\/comments?post=9816"}],"version-history":[{"count":0,"href":"https:\/\/vieassociative.be\/actualites\/wp-json\/wp\/v2\/posts\/9816\/revisions"}],"wp:featuredmedia":[{"embeddable":true,"href":"https:\/\/vieassociative.be\/actualites\/wp-json\/wp\/v2\/media\/9817"}],"wp:attachment":[{"href":"https:\/\/vieassociative.be\/actualites\/wp-json\/wp\/v2\/media?parent=9816"}],"wp:term":[{"taxonomy":"category","embeddable":true,"href":"https:\/\/vieassociative.be\/actualites\/wp-json\/wp\/v2\/categories?post=9816"},{"taxonomy":"post_tag","embeddable":true,"href":"https:\/\/vieassociative.be\/actualites\/wp-json\/wp\/v2\/tags?post=9816"}],"curies":[{"name":"wp","href":"https:\/\/api.w.org\/{rel}","templated":true}]}}