{"id":9810,"date":"2025-09-04T10:17:00","date_gmt":"2025-09-04T08:17:00","guid":{"rendered":"https:\/\/vieassociative.be\/actualites\/bureau-pour-la-vie-auto-determinee-dsl-recherche-des-personnes-accompagnees-pour-les-personnes-ayant-une-deficience\/"},"modified":"2025-09-04T10:17:00","modified_gmt":"2025-09-04T08:17:00","slug":"bureau-pour-la-vie-auto-determinee-dsl-recherche-des-personnes-accompagnees-pour-les-personnes-ayant-une-deficience","status":"publish","type":"post","link":"https:\/\/vieassociative.be\/actualites\/bureau-pour-la-vie-auto-determinee-dsl-recherche-des-personnes-accompagnees-pour-les-personnes-ayant-une-deficience\/","title":{"rendered":"Bureau pour la vie auto-d\u00e9termin\u00e9e (DSL) recherche des personnes accompagn\u00e9es pour les personnes ayant une d\u00e9ficience"},"content":{"rendered":"<p><strong>Le D\u00e9partement de la vie auto-d\u00e9termin\u00e9e a diverses enqu\u00eates pour que les personnes accompagn\u00e9es soutiennent \u00e0 la maison et dans les activit\u00e9s de loisirs. Nous recherchons des gens aimants qui veulent accompagner les adultes de temps en temps ou r\u00e9guli\u00e8rement.<\/strong><\/p>\n<p><span id=\"more-423682\"><\/span>Selon les besoins et les possibilit\u00e9s des personnes qui l&rsquo;accompagnent, vous faites avec la personne atteinte de d\u00e9ficience, de cuisine, de cuisine, de promenade, de jeux de soci\u00e9t\u00e9, de bien-\u00eatre ou d&rsquo;autres activit\u00e9s amusantes. Les t\u00e2ches ou les achats des m\u00e9nages qui accompagnent peuvent \u00e9galement faire partie des activit\u00e9s.<\/p>\n<div id=\"attachment_423685\" class=\"wp-caption alignleft\" style=\"max-width: 300px\"><img fetchpriority=\"high\" decoding=\"async\" class=\"wp-image-423685 size-medium\" src=\"https:\/\/vieassociative.be\/actualites\/wp-content\/uploads\/2025\/09\/Bureau-pour-la-vie-auto-determinee-DSL-recherche-des-personnes-accompagnees.jpg\" alt=\"\" width=\"300\" height=\"200\"><\/div>\n<p><strong>&#8211; effort temporel et contenu concret:<\/strong> L&rsquo;engagement de la personne qui l&rsquo;accompagne est adapt\u00e9 \u00e0 vos options personnelles. L&rsquo;accompagnement peut contenir occasionnellement des jours entiers ou des inserts courts r\u00e9guliers. Les p\u00e9riodes recherch\u00e9es sont g\u00e9n\u00e9ralement le week-end ou les jours f\u00e9ri\u00e9s ou pendant les vacances pendant la journ\u00e9e et les jours ouvrables apr\u00e8s 16 heures.<\/p>\n<p><strong>&#8211; L&rsquo;offre du bureau pour la vie auto-d\u00e9termin\u00e9e:<\/strong> M\u00e9diation personnelle individuellement pour correspondre \u00e0 la disponibilit\u00e9 temporelle et aux comp\u00e9tences et aux int\u00e9r\u00eats respectifs de la personne qui l&rsquo;accompagne et, si possible, pr\u00e8s du lieu de r\u00e9sidence. Un superviseur sp\u00e9cialis\u00e9 s&rsquo;occupe des personnes d&rsquo;accompagnement tout au long de l&rsquo;accompagnement et offre des conseils et une formation plus approfondie. La personne qui l&rsquo;accompagne est assur\u00e9e par le bureau et re\u00e7oit une allocation sans imp\u00f4t.<\/p>\n<p><em>Info &#8211; De plus amples informations peuvent \u00eatre trouv\u00e9es \u00e0 <u>www.ostbelgienfamilie.be\/feitstegung<\/u> Ou directement \u00e0 Anne Mattar, bureau pour la vie auto-d\u00e9termin\u00e9e, <u>anne.mattar@selbstef .be<\/u>Mobile: +32 (0) 471 64 61 59.<\/em><\/p>\n","protected":false},"excerpt":{"rendered":"<p>Le D\u00e9partement de la vie auto-d\u00e9termin\u00e9e a diverses enqu\u00eates pour que les personnes accompagn\u00e9es soutiennent \u00e0 la maison et dans les activit\u00e9s de loisirs. Nous<\/p>\n","protected":false},"author":1,"featured_media":9811,"comment_status":"","ping_status":"","sticky":false,"template":"","format":"standard","meta":{"footnotes":""},"categories":[298],"tags":[8403,8401,5151,4737,8404,29,8402,14,714,81,718,110,58],"class_list":["post-9810","post","type-post","status-publish","format-standard","has-post-thumbnail","hentry","category-belgique","tag-accompagnees","tag-autodeterminee","tag-ayant","tag-bureau","tag-deficience","tag-des","tag-dsl","tag-les","tag-personnes","tag-pour","tag-recherche","tag-une","tag-vie","generate-columns","tablet-grid-50","mobile-grid-100","grid-parent","grid-33"],"yoast_head":"<!-- This site is optimized with the Yoast SEO plugin v24.0 - https:\/\/yoast.com\/wordpress\/plugins\/seo\/ -->\n<title>Bureau pour la vie auto-d\u00e9termin\u00e9e (DSL) recherche des personnes accompagn\u00e9es pour les personnes ayant une d\u00e9ficience | Vie Associative<\/title>\n<meta name=\"robots\" content=\"index, follow, max-snippet:-1, max-image-preview:large, max-video-preview:-1\" \/>\n<link rel=\"canonical\" href=\"https:\/\/vieassociative.be\/actualites\/bureau-pour-la-vie-auto-determinee-dsl-recherche-des-personnes-accompagnees-pour-les-personnes-ayant-une-deficience\/\" \/>\n<meta property=\"og:locale\" content=\"fr_FR\" \/>\n<meta property=\"og:type\" content=\"article\" \/>\n<meta property=\"og:title\" content=\"Bureau pour la vie auto-d\u00e9termin\u00e9e (DSL) recherche des personnes accompagn\u00e9es pour les personnes ayant une d\u00e9ficience | Vie Associative\" \/>\n<meta property=\"og:description\" content=\"Le D\u00e9partement de la vie auto-d\u00e9termin\u00e9e a diverses enqu\u00eates pour que les personnes accompagn\u00e9es soutiennent \u00e0 la maison et dans les activit\u00e9s de loisirs. Nous\" \/>\n<meta property=\"og:url\" content=\"https:\/\/vieassociative.be\/actualites\/bureau-pour-la-vie-auto-determinee-dsl-recherche-des-personnes-accompagnees-pour-les-personnes-ayant-une-deficience\/\" \/>\n<meta property=\"og:site_name\" content=\"Vie Associative\" \/>\n<meta property=\"article:published_time\" content=\"2025-09-04T08:17:00+00:00\" \/>\n<meta property=\"og:image\" content=\"https:\/\/vieassociative.be\/actualites\/wp-content\/uploads\/2024\/09\/header_backgroundk-01-e1726694325946.png\" \/>\n\t<meta property=\"og:image:width\" content=\"279\" \/>\n\t<meta property=\"og:image:height\" content=\"92\" \/>\n\t<meta property=\"og:image:type\" content=\"image\/png\" \/>\n<meta name=\"author\" content=\"Julien\" \/>\n<meta name=\"twitter:card\" content=\"summary_large_image\" \/>\n<meta name=\"twitter:label1\" content=\"\u00c9crit par\" \/>\n\t<meta name=\"twitter:data1\" content=\"Julien\" \/>\n\t<meta name=\"twitter:label2\" content=\"Dur\u00e9e de lecture est.\" \/>\n\t<meta name=\"twitter:data2\" content=\"1 minute\" \/>\n<script type=\"application\/ld+json\" class=\"yoast-schema-graph\">{\"@context\":\"https:\/\/schema.org\",\"@graph\":[{\"@type\":\"Article\",\"@id\":\"https:\/\/vieassociative.be\/actualites\/bureau-pour-la-vie-auto-determinee-dsl-recherche-des-personnes-accompagnees-pour-les-personnes-ayant-une-deficience\/#article\",\"isPartOf\":{\"@id\":\"https:\/\/vieassociative.be\/actualites\/bureau-pour-la-vie-auto-determinee-dsl-recherche-des-personnes-accompagnees-pour-les-personnes-ayant-une-deficience\/\"},\"author\":{\"name\":\"Julien\",\"@id\":\"https:\/\/vieassociative.be\/actualites\/#\/schema\/person\/b87ac4f82f9d4e7b7cec7395b679edc4\"},\"headline\":\"Bureau pour la vie auto-d\u00e9termin\u00e9e (DSL) recherche des personnes accompagn\u00e9es pour les personnes ayant une d\u00e9ficience\",\"datePublished\":\"2025-09-04T08:17:00+00:00\",\"dateModified\":\"2025-09-04T08:17:00+00:00\",\"mainEntityOfPage\":{\"@id\":\"https:\/\/vieassociative.be\/actualites\/bureau-pour-la-vie-auto-determinee-dsl-recherche-des-personnes-accompagnees-pour-les-personnes-ayant-une-deficience\/\"},\"wordCount\":310,\"publisher\":{\"@id\":\"https:\/\/vieassociative.be\/actualites\/#organization\"},\"image\":{\"@id\":\"https:\/\/vieassociative.be\/actualites\/bureau-pour-la-vie-auto-determinee-dsl-recherche-des-personnes-accompagnees-pour-les-personnes-ayant-une-deficience\/#primaryimage\"},\"thumbnailUrl\":\"https:\/\/vieassociative.be\/actualites\/wp-content\/uploads\/2025\/09\/1756973820_Bureau-pour-la-vie-auto-determinee-DSL-recherche-des-personnes-accompagnees.jpg\",\"keywords\":[\"accompagn\u00e9es\",\"autod\u00e9termin\u00e9e\",\"ayant\",\"bureau\",\"d\u00e9ficience\",\"Des\",\"DSL\",\"Les\",\"personnes\",\"pour\",\"recherche\",\"une\",\"vie\"],\"articleSection\":[\"Belgique\"],\"inLanguage\":\"fr-BE\"},{\"@type\":\"WebPage\",\"@id\":\"https:\/\/vieassociative.be\/actualites\/bureau-pour-la-vie-auto-determinee-dsl-recherche-des-personnes-accompagnees-pour-les-personnes-ayant-une-deficience\/\",\"url\":\"https:\/\/vieassociative.be\/actualites\/bureau-pour-la-vie-auto-determinee-dsl-recherche-des-personnes-accompagnees-pour-les-personnes-ayant-une-deficience\/\",\"name\":\"Bureau pour la vie auto-d\u00e9termin\u00e9e (DSL) recherche des personnes accompagn\u00e9es pour les personnes ayant une d\u00e9ficience | Vie Associative\",\"isPartOf\":{\"@id\":\"https:\/\/vieassociative.be\/actualites\/#website\"},\"primaryImageOfPage\":{\"@id\":\"https:\/\/vieassociative.be\/actualites\/bureau-pour-la-vie-auto-determinee-dsl-recherche-des-personnes-accompagnees-pour-les-personnes-ayant-une-deficience\/#primaryimage\"},\"image\":{\"@id\":\"https:\/\/vieassociative.be\/actualites\/bureau-pour-la-vie-auto-determinee-dsl-recherche-des-personnes-accompagnees-pour-les-personnes-ayant-une-deficience\/#primaryimage\"},\"thumbnailUrl\":\"https:\/\/vieassociative.be\/actualites\/wp-content\/uploads\/2025\/09\/1756973820_Bureau-pour-la-vie-auto-determinee-DSL-recherche-des-personnes-accompagnees.jpg\",\"datePublished\":\"2025-09-04T08:17:00+00:00\",\"dateModified\":\"2025-09-04T08:17:00+00:00\",\"breadcrumb\":{\"@id\":\"https:\/\/vieassociative.be\/actualites\/bureau-pour-la-vie-auto-determinee-dsl-recherche-des-personnes-accompagnees-pour-les-personnes-ayant-une-deficience\/#breadcrumb\"},\"inLanguage\":\"fr-BE\",\"potentialAction\":[{\"@type\":\"ReadAction\",\"target\":[\"https:\/\/vieassociative.be\/actualites\/bureau-pour-la-vie-auto-determinee-dsl-recherche-des-personnes-accompagnees-pour-les-personnes-ayant-une-deficience\/\"]}]},{\"@type\":\"ImageObject\",\"inLanguage\":\"fr-BE\",\"@id\":\"https:\/\/vieassociative.be\/actualites\/bureau-pour-la-vie-auto-determinee-dsl-recherche-des-personnes-accompagnees-pour-les-personnes-ayant-une-deficience\/#primaryimage\",\"url\":\"https:\/\/vieassociative.be\/actualites\/wp-content\/uploads\/2025\/09\/1756973820_Bureau-pour-la-vie-auto-determinee-DSL-recherche-des-personnes-accompagnees.jpg\",\"contentUrl\":\"https:\/\/vieassociative.be\/actualites\/wp-content\/uploads\/2025\/09\/1756973820_Bureau-pour-la-vie-auto-determinee-DSL-recherche-des-personnes-accompagnees.jpg\",\"width\":1200,\"height\":800,\"caption\":\"Bureau pour la vie auto-d\u00e9termin\u00e9e (DSL) recherche des personnes accompagn\u00e9es pour les personnes ayant une d\u00e9ficience\"},{\"@type\":\"BreadcrumbList\",\"@id\":\"https:\/\/vieassociative.be\/actualites\/bureau-pour-la-vie-auto-determinee-dsl-recherche-des-personnes-accompagnees-pour-les-personnes-ayant-une-deficience\/#breadcrumb\",\"itemListElement\":[{\"@type\":\"ListItem\",\"position\":1,\"name\":\"Accueil\",\"item\":\"https:\/\/vieassociative.be\/actualites\/\"},{\"@type\":\"ListItem\",\"position\":2,\"name\":\"Bureau pour la vie auto-d\u00e9termin\u00e9e (DSL) recherche des personnes accompagn\u00e9es pour les personnes ayant une d\u00e9ficience\"}]},{\"@type\":\"WebSite\",\"@id\":\"https:\/\/vieassociative.be\/actualites\/#website\",\"url\":\"https:\/\/vieassociative.be\/actualites\/\",\"name\":\"Vie Associative\",\"description\":\"\",\"publisher\":{\"@id\":\"https:\/\/vieassociative.be\/actualites\/#organization\"},\"potentialAction\":[{\"@type\":\"SearchAction\",\"target\":{\"@type\":\"EntryPoint\",\"urlTemplate\":\"https:\/\/vieassociative.be\/actualites\/?s={search_term_string}\"},\"query-input\":{\"@type\":\"PropertyValueSpecification\",\"valueRequired\":true,\"valueName\":\"search_term_string\"}}],\"inLanguage\":\"fr-BE\"},{\"@type\":\"Organization\",\"@id\":\"https:\/\/vieassociative.be\/actualites\/#organization\",\"name\":\"Vie Associative\",\"url\":\"https:\/\/vieassociative.be\/actualites\/\",\"logo\":{\"@type\":\"ImageObject\",\"inLanguage\":\"fr-BE\",\"@id\":\"https:\/\/vieassociative.be\/actualites\/#\/schema\/logo\/image\/\",\"url\":\"https:\/\/vieassociative.be\/actualites\/wp-content\/uploads\/2024\/09\/cropped-vieassociative_favicon.ico.png\",\"contentUrl\":\"https:\/\/vieassociative.be\/actualites\/wp-content\/uploads\/2024\/09\/cropped-vieassociative_favicon.ico.png\",\"width\":512,\"height\":512,\"caption\":\"Vie Associative\"},\"image\":{\"@id\":\"https:\/\/vieassociative.be\/actualites\/#\/schema\/logo\/image\/\"}},{\"@type\":\"Person\",\"@id\":\"https:\/\/vieassociative.be\/actualites\/#\/schema\/person\/b87ac4f82f9d4e7b7cec7395b679edc4\",\"name\":\"Julien\",\"image\":{\"@type\":\"ImageObject\",\"inLanguage\":\"fr-BE\",\"@id\":\"https:\/\/vieassociative.be\/actualites\/#\/schema\/person\/image\/\",\"url\":\"https:\/\/vieassociative.be\/actualites\/wp-content\/uploads\/2024\/09\/vie-associative-1-150x150.jpg\",\"contentUrl\":\"https:\/\/vieassociative.be\/actualites\/wp-content\/uploads\/2024\/09\/vie-associative-1-150x150.jpg\",\"caption\":\"Julien\"},\"description\":\"Je suis Julien, r\u00e9dacteur pour Vie Associative. Passionn\u00e9 par le monde associatif depuis plus de 10 ans, j'ai \u00e0 c\u0153ur de partager des histoires inspirantes et de mettre en lumi\u00e8re les initiatives locales. Mon objectif est de sensibiliser et d'encourager l'engagement communautaire \u00e0 travers mes articles.\",\"sameAs\":[\"https:\/\/vieassociative.be\/\"]}]}<\/script>\n<!-- \/ Yoast SEO plugin. -->","yoast_head_json":{"title":"Bureau pour la vie auto-d\u00e9termin\u00e9e (DSL) recherche des personnes accompagn\u00e9es pour les personnes ayant une d\u00e9ficience | Vie Associative","robots":{"index":"index","follow":"follow","max-snippet":"max-snippet:-1","max-image-preview":"max-image-preview:large","max-video-preview":"max-video-preview:-1"},"canonical":"https:\/\/vieassociative.be\/actualites\/bureau-pour-la-vie-auto-determinee-dsl-recherche-des-personnes-accompagnees-pour-les-personnes-ayant-une-deficience\/","og_locale":"fr_FR","og_type":"article","og_title":"Bureau pour la vie auto-d\u00e9termin\u00e9e (DSL) recherche des personnes accompagn\u00e9es pour les personnes ayant une d\u00e9ficience | Vie Associative","og_description":"Le D\u00e9partement de la vie auto-d\u00e9termin\u00e9e a diverses enqu\u00eates pour que les personnes accompagn\u00e9es soutiennent \u00e0 la maison et dans les activit\u00e9s de loisirs. Nous","og_url":"https:\/\/vieassociative.be\/actualites\/bureau-pour-la-vie-auto-determinee-dsl-recherche-des-personnes-accompagnees-pour-les-personnes-ayant-une-deficience\/","og_site_name":"Vie Associative","article_published_time":"2025-09-04T08:17:00+00:00","og_image":[{"width":279,"height":92,"url":"https:\/\/vieassociative.be\/actualites\/wp-content\/uploads\/2024\/09\/header_backgroundk-01-e1726694325946.png","type":"image\/png"}],"author":"Julien","twitter_card":"summary_large_image","twitter_misc":{"\u00c9crit par":"Julien","Dur\u00e9e de lecture est.":"1 minute"},"schema":{"@context":"https:\/\/schema.org","@graph":[{"@type":"Article","@id":"https:\/\/vieassociative.be\/actualites\/bureau-pour-la-vie-auto-determinee-dsl-recherche-des-personnes-accompagnees-pour-les-personnes-ayant-une-deficience\/#article","isPartOf":{"@id":"https:\/\/vieassociative.be\/actualites\/bureau-pour-la-vie-auto-determinee-dsl-recherche-des-personnes-accompagnees-pour-les-personnes-ayant-une-deficience\/"},"author":{"name":"Julien","@id":"https:\/\/vieassociative.be\/actualites\/#\/schema\/person\/b87ac4f82f9d4e7b7cec7395b679edc4"},"headline":"Bureau pour la vie auto-d\u00e9termin\u00e9e (DSL) recherche des personnes accompagn\u00e9es pour les personnes ayant une d\u00e9ficience","datePublished":"2025-09-04T08:17:00+00:00","dateModified":"2025-09-04T08:17:00+00:00","mainEntityOfPage":{"@id":"https:\/\/vieassociative.be\/actualites\/bureau-pour-la-vie-auto-determinee-dsl-recherche-des-personnes-accompagnees-pour-les-personnes-ayant-une-deficience\/"},"wordCount":310,"publisher":{"@id":"https:\/\/vieassociative.be\/actualites\/#organization"},"image":{"@id":"https:\/\/vieassociative.be\/actualites\/bureau-pour-la-vie-auto-determinee-dsl-recherche-des-personnes-accompagnees-pour-les-personnes-ayant-une-deficience\/#primaryimage"},"thumbnailUrl":"https:\/\/vieassociative.be\/actualites\/wp-content\/uploads\/2025\/09\/1756973820_Bureau-pour-la-vie-auto-determinee-DSL-recherche-des-personnes-accompagnees.jpg","keywords":["accompagn\u00e9es","autod\u00e9termin\u00e9e","ayant","bureau","d\u00e9ficience","Des","DSL","Les","personnes","pour","recherche","une","vie"],"articleSection":["Belgique"],"inLanguage":"fr-BE"},{"@type":"WebPage","@id":"https:\/\/vieassociative.be\/actualites\/bureau-pour-la-vie-auto-determinee-dsl-recherche-des-personnes-accompagnees-pour-les-personnes-ayant-une-deficience\/","url":"https:\/\/vieassociative.be\/actualites\/bureau-pour-la-vie-auto-determinee-dsl-recherche-des-personnes-accompagnees-pour-les-personnes-ayant-une-deficience\/","name":"Bureau pour la vie auto-d\u00e9termin\u00e9e (DSL) recherche des personnes accompagn\u00e9es pour les personnes ayant une d\u00e9ficience | Vie Associative","isPartOf":{"@id":"https:\/\/vieassociative.be\/actualites\/#website"},"primaryImageOfPage":{"@id":"https:\/\/vieassociative.be\/actualites\/bureau-pour-la-vie-auto-determinee-dsl-recherche-des-personnes-accompagnees-pour-les-personnes-ayant-une-deficience\/#primaryimage"},"image":{"@id":"https:\/\/vieassociative.be\/actualites\/bureau-pour-la-vie-auto-determinee-dsl-recherche-des-personnes-accompagnees-pour-les-personnes-ayant-une-deficience\/#primaryimage"},"thumbnailUrl":"https:\/\/vieassociative.be\/actualites\/wp-content\/uploads\/2025\/09\/1756973820_Bureau-pour-la-vie-auto-determinee-DSL-recherche-des-personnes-accompagnees.jpg","datePublished":"2025-09-04T08:17:00+00:00","dateModified":"2025-09-04T08:17:00+00:00","breadcrumb":{"@id":"https:\/\/vieassociative.be\/actualites\/bureau-pour-la-vie-auto-determinee-dsl-recherche-des-personnes-accompagnees-pour-les-personnes-ayant-une-deficience\/#breadcrumb"},"inLanguage":"fr-BE","potentialAction":[{"@type":"ReadAction","target":["https:\/\/vieassociative.be\/actualites\/bureau-pour-la-vie-auto-determinee-dsl-recherche-des-personnes-accompagnees-pour-les-personnes-ayant-une-deficience\/"]}]},{"@type":"ImageObject","inLanguage":"fr-BE","@id":"https:\/\/vieassociative.be\/actualites\/bureau-pour-la-vie-auto-determinee-dsl-recherche-des-personnes-accompagnees-pour-les-personnes-ayant-une-deficience\/#primaryimage","url":"https:\/\/vieassociative.be\/actualites\/wp-content\/uploads\/2025\/09\/1756973820_Bureau-pour-la-vie-auto-determinee-DSL-recherche-des-personnes-accompagnees.jpg","contentUrl":"https:\/\/vieassociative.be\/actualites\/wp-content\/uploads\/2025\/09\/1756973820_Bureau-pour-la-vie-auto-determinee-DSL-recherche-des-personnes-accompagnees.jpg","width":1200,"height":800,"caption":"Bureau pour la vie auto-d\u00e9termin\u00e9e (DSL) recherche des personnes accompagn\u00e9es pour les personnes ayant une d\u00e9ficience"},{"@type":"BreadcrumbList","@id":"https:\/\/vieassociative.be\/actualites\/bureau-pour-la-vie-auto-determinee-dsl-recherche-des-personnes-accompagnees-pour-les-personnes-ayant-une-deficience\/#breadcrumb","itemListElement":[{"@type":"ListItem","position":1,"name":"Accueil","item":"https:\/\/vieassociative.be\/actualites\/"},{"@type":"ListItem","position":2,"name":"Bureau pour la vie auto-d\u00e9termin\u00e9e (DSL) recherche des personnes accompagn\u00e9es pour les personnes ayant une d\u00e9ficience"}]},{"@type":"WebSite","@id":"https:\/\/vieassociative.be\/actualites\/#website","url":"https:\/\/vieassociative.be\/actualites\/","name":"Vie Associative","description":"","publisher":{"@id":"https:\/\/vieassociative.be\/actualites\/#organization"},"potentialAction":[{"@type":"SearchAction","target":{"@type":"EntryPoint","urlTemplate":"https:\/\/vieassociative.be\/actualites\/?s={search_term_string}"},"query-input":{"@type":"PropertyValueSpecification","valueRequired":true,"valueName":"search_term_string"}}],"inLanguage":"fr-BE"},{"@type":"Organization","@id":"https:\/\/vieassociative.be\/actualites\/#organization","name":"Vie Associative","url":"https:\/\/vieassociative.be\/actualites\/","logo":{"@type":"ImageObject","inLanguage":"fr-BE","@id":"https:\/\/vieassociative.be\/actualites\/#\/schema\/logo\/image\/","url":"https:\/\/vieassociative.be\/actualites\/wp-content\/uploads\/2024\/09\/cropped-vieassociative_favicon.ico.png","contentUrl":"https:\/\/vieassociative.be\/actualites\/wp-content\/uploads\/2024\/09\/cropped-vieassociative_favicon.ico.png","width":512,"height":512,"caption":"Vie Associative"},"image":{"@id":"https:\/\/vieassociative.be\/actualites\/#\/schema\/logo\/image\/"}},{"@type":"Person","@id":"https:\/\/vieassociative.be\/actualites\/#\/schema\/person\/b87ac4f82f9d4e7b7cec7395b679edc4","name":"Julien","image":{"@type":"ImageObject","inLanguage":"fr-BE","@id":"https:\/\/vieassociative.be\/actualites\/#\/schema\/person\/image\/","url":"https:\/\/vieassociative.be\/actualites\/wp-content\/uploads\/2024\/09\/vie-associative-1-150x150.jpg","contentUrl":"https:\/\/vieassociative.be\/actualites\/wp-content\/uploads\/2024\/09\/vie-associative-1-150x150.jpg","caption":"Julien"},"description":"Je suis Julien, r\u00e9dacteur pour Vie Associative. Passionn\u00e9 par le monde associatif depuis plus de 10 ans, j'ai \u00e0 c\u0153ur de partager des histoires inspirantes et de mettre en lumi\u00e8re les initiatives locales. Mon objectif est de sensibiliser et d'encourager l'engagement communautaire \u00e0 travers mes articles.","sameAs":["https:\/\/vieassociative.be\/"]}]}},"_links":{"self":[{"href":"https:\/\/vieassociative.be\/actualites\/wp-json\/wp\/v2\/posts\/9810"}],"collection":[{"href":"https:\/\/vieassociative.be\/actualites\/wp-json\/wp\/v2\/posts"}],"about":[{"href":"https:\/\/vieassociative.be\/actualites\/wp-json\/wp\/v2\/types\/post"}],"author":[{"embeddable":true,"href":"https:\/\/vieassociative.be\/actualites\/wp-json\/wp\/v2\/users\/1"}],"replies":[{"embeddable":true,"href":"https:\/\/vieassociative.be\/actualites\/wp-json\/wp\/v2\/comments?post=9810"}],"version-history":[{"count":0,"href":"https:\/\/vieassociative.be\/actualites\/wp-json\/wp\/v2\/posts\/9810\/revisions"}],"wp:featuredmedia":[{"embeddable":true,"href":"https:\/\/vieassociative.be\/actualites\/wp-json\/wp\/v2\/media\/9811"}],"wp:attachment":[{"href":"https:\/\/vieassociative.be\/actualites\/wp-json\/wp\/v2\/media?parent=9810"}],"wp:term":[{"taxonomy":"category","embeddable":true,"href":"https:\/\/vieassociative.be\/actualites\/wp-json\/wp\/v2\/categories?post=9810"},{"taxonomy":"post_tag","embeddable":true,"href":"https:\/\/vieassociative.be\/actualites\/wp-json\/wp\/v2\/tags?post=9810"}],"curies":[{"name":"wp","href":"https:\/\/api.w.org\/{rel}","templated":true}]}}