{"id":9808,"date":"2025-09-04T09:17:40","date_gmt":"2025-09-04T07:17:40","guid":{"rendered":"https:\/\/vieassociative.be\/actualites\/la-boucle-polaire-est-un-nouveau-concurrent-sans-abonnement-avec-un-prix-decevant\/"},"modified":"2025-09-04T09:17:40","modified_gmt":"2025-09-04T07:17:40","slug":"la-boucle-polaire-est-un-nouveau-concurrent-sans-abonnement-avec-un-prix-decevant","status":"publish","type":"post","link":"https:\/\/vieassociative.be\/actualites\/la-boucle-polaire-est-un-nouveau-concurrent-sans-abonnement-avec-un-prix-decevant\/","title":{"rendered":"La boucle polaire est un nouveau concurrent sans abonnement (avec un prix d\u00e9cevant)"},"content":{"rendered":"<div class=\"mt-4 leading-6 md:mb-8\">Le dispositif minimaliste tant attendu semble ne fournir que les bases.<\/div>\n<p><\/p>\n<p><em>Saviez-vous que vous pouvez personnaliser Google pour filtrer les ordures? Prendre ces \u00e9tapes<\/em><em> Pour de meilleurs r\u00e9sultats de recherche, notamment en ajoutant mon travail chez Vie Associative comme source pr\u00e9f\u00e9r\u00e9e<\/em><em>.<\/em><\/p>\n<hr>\n<p>Des trois groupes de fitness tr\u00e8s attendus qui auraient sorti cette ann\u00e9e, Polar a \u00e9t\u00e9 le premier \u00e0 confirmer les leurs et les derniers \u00e0 le publier. Aujourd&rsquo;hui, c&rsquo;est officiel: The Polar Loop est un bracelet de 199 $ sans abonnement qui peut suivre les s\u00e9ances d&rsquo;entra\u00eenement et plus encore. <\/p>\n<p>Les pr\u00e9commandes s&rsquo;ouvrent aujourd&rsquo;hui pour la boucle polaire, et elle commencera \u00e0 exp\u00e9dier le 10 septembre 2025. C&rsquo;est un appareil l\u00e9ger, seulement 29 grammes dont la sangle, 20 grammes sans lui, et il est disponible en trois couleurs: noir, brun et \u00abgreige\u00bb (gris-beige). Quant \u00e0 la taille physique, il est 42 x 27 x 9 millim\u00e8tres; C&rsquo;est similaire \u00e0 l&rsquo;appareil AmazFit Helio, mais plus grand que le Whoop 5.0. <\/p>\n<div class=\"mx-auto mb-12 mt-5 w-full max-w-3xl rounded-md border-2 border-gray-100 p-3 shadow-md md:px-7 md:pb-7 md:pt-5\" id=\"related-video\">\n<div class=\"mb-3 flex items-center md:mb-5\">\n        <img decoding=\"async\" class=\"mr-4 mt-0 h-10 w-10 md:mr-5 md:h-12 md:w-12\" src=\"https:\/\/vieassociative.be\/actualites\/wp-content\/uploads\/2025\/08\/1754414314_422_Les-brins-du-NYT-daujourdhui-indiquent-et-repondent-pour-le.jpg\" alt=\"Logo Lifehacker\"><\/p><\/div>\n<div class=\"aspect-video w-full overflow-hidden rounded-md\">\n<div id=\"video-container-01K49R72EGKHBWJ0EJHESDC31H\"><\/div>\n<\/p><\/div>\n<\/div>\n<h2 id=\"whats-in-the-polar-loop\">Qu&rsquo;y a-t-il dans la boucle polaire<\/h2>\n<p>L&rsquo;appareil ressemble \u00e0 la Polar 360, un bracelet que Polar a d\u00e9velopp\u00e9 en tant qu&rsquo;offre commerciale \u00e0 entreprise. J&rsquo;ai demand\u00e9 \u00e0 un repr\u00e9sentant polaire si la boucle est en effet bas\u00e9e sur le 360, et ils ont soulign\u00e9 que les principales diff\u00e9rences sont le style et la dur\u00e9e de vie suppl\u00e9mentaire de la batterie. <\/p>\n<p>La boucle polaire a un capteur de fr\u00e9quence cardiaque optique et (jusqu&rsquo;\u00e0 pr\u00e9sent?) N&rsquo;est disponible qu&rsquo;avec un bracelet, sans option de brassard. Il se connecte avec votre t\u00e9l\u00e9phone sur Bluetooth, et c&rsquo;est tout. Pas de GPS, pas d&rsquo;autres capteurs, pas d&rsquo;affichage. <\/p>\n<p>La batterie de la boucle polaire peut durer huit jours, selon la soci\u00e9t\u00e9. Vous pouvez commencer \u00e0 suivre une activit\u00e9 \u00e0 partir de l&rsquo;application Polar Flow sur votre t\u00e9l\u00e9phone ou d\u00e9finir l&rsquo;appareil sur des activit\u00e9s de d\u00e9tection automatique. <\/p>\n<p>L&rsquo;appareil peut \u00e9galement suivre votre sommeil, et l&rsquo;application utilisera vos donn\u00e9es HRV pour vous donner un score de r\u00e9cup\u00e9ration &#8211; il couvre donc les m\u00eames bases qu&rsquo;un whoop ou, d&rsquo;ailleurs, \u00e0 peu pr\u00e8s n&rsquo;importe quelle montre intelligente de base ces jours-ci. <\/p>\n<p>Les fonctionnalit\u00e9s de la boucle polaire sont \u00e0 peu pr\u00e8s ce \u00e0 quoi je m&rsquo;attendais, mais je dois admettre que le prix de 199 $ est d\u00e9cevant. C&rsquo;est le m\u00eame co\u00fbt que le polaire Unite, un <em>montre r\u00e9elle<\/em> avec un \u00e9cran tactile. Je ne suis pas clair sur les raisons pour lesquelles la boucle, en tant que dispositif \u00e9puis\u00e9, devrait avoir le m\u00eame prix. L&rsquo;H\u00e9lio AmazFit est la moiti\u00e9 de ce prix. Polar visait probablement \u00e0 rivaliser avec Whoop (qui commence \u00e0 199 $ \/ an), mais l&rsquo;application sophistiqu\u00e9e de Whoop est ce que les abonn\u00e9s paient vraiment. Pourtant, il est bon d&rsquo;avoir plus d&rsquo;options en ce qui concerne les trackers de fitness non-Watch &#8211; qui sont rest\u00e9s incontest\u00e9s sur ce march\u00e9 trop longtemps. <\/p>\n","protected":false},"excerpt":{"rendered":"<p>Le dispositif minimaliste tant attendu semble ne fournir que les bases. Saviez-vous que vous pouvez personnaliser Google pour filtrer les ordures? Prendre ces \u00e9tapes Pour<\/p>\n","protected":false},"author":1,"featured_media":9809,"comment_status":"","ping_status":"","sticky":false,"template":"","format":"standard","meta":{"footnotes":""},"categories":[38],"tags":[228,61,8398,8118,8400,76,553,8399,1399,130],"class_list":["post-9808","post","type-post","status-publish","format-standard","has-post-thumbnail","hentry","category-sante","tag-abonnement","tag-avec","tag-boucle","tag-concurrent","tag-decevant","tag-est","tag-nouveau","tag-polaire","tag-prix","tag-sans","generate-columns","tablet-grid-50","mobile-grid-100","grid-parent","grid-33"],"yoast_head":"<!-- This site is optimized with the Yoast SEO plugin v24.0 - https:\/\/yoast.com\/wordpress\/plugins\/seo\/ -->\n<title>La boucle polaire est un nouveau concurrent sans abonnement (avec un prix d\u00e9cevant) | Vie Associative<\/title>\n<meta name=\"robots\" content=\"index, follow, max-snippet:-1, max-image-preview:large, max-video-preview:-1\" \/>\n<link rel=\"canonical\" href=\"https:\/\/vieassociative.be\/actualites\/la-boucle-polaire-est-un-nouveau-concurrent-sans-abonnement-avec-un-prix-decevant\/\" \/>\n<meta property=\"og:locale\" content=\"fr_FR\" \/>\n<meta property=\"og:type\" content=\"article\" \/>\n<meta property=\"og:title\" content=\"La boucle polaire est un nouveau concurrent sans abonnement (avec un prix d\u00e9cevant) | Vie Associative\" \/>\n<meta property=\"og:description\" content=\"Le dispositif minimaliste tant attendu semble ne fournir que les bases. Saviez-vous que vous pouvez personnaliser Google pour filtrer les ordures? Prendre ces \u00e9tapes Pour\" \/>\n<meta property=\"og:url\" content=\"https:\/\/vieassociative.be\/actualites\/la-boucle-polaire-est-un-nouveau-concurrent-sans-abonnement-avec-un-prix-decevant\/\" \/>\n<meta property=\"og:site_name\" content=\"Vie Associative\" \/>\n<meta property=\"article:published_time\" content=\"2025-09-04T07:17:40+00:00\" \/>\n<meta property=\"og:image\" content=\"https:\/\/vieassociative.be\/actualites\/wp-content\/uploads\/2025\/08\/1754414314_422_Les-brins-du-NYT-daujourdhui-indiquent-et-repondent-pour-le.jpg\" \/>\n<meta name=\"author\" content=\"Julien\" \/>\n<meta name=\"twitter:card\" content=\"summary_large_image\" \/>\n<meta name=\"twitter:label1\" content=\"\u00c9crit par\" \/>\n\t<meta name=\"twitter:data1\" content=\"Julien\" \/>\n\t<meta name=\"twitter:label2\" content=\"Dur\u00e9e de lecture est.\" \/>\n\t<meta name=\"twitter:data2\" content=\"2 minutes\" \/>\n<script type=\"application\/ld+json\" class=\"yoast-schema-graph\">{\"@context\":\"https:\/\/schema.org\",\"@graph\":[{\"@type\":\"Article\",\"@id\":\"https:\/\/vieassociative.be\/actualites\/la-boucle-polaire-est-un-nouveau-concurrent-sans-abonnement-avec-un-prix-decevant\/#article\",\"isPartOf\":{\"@id\":\"https:\/\/vieassociative.be\/actualites\/la-boucle-polaire-est-un-nouveau-concurrent-sans-abonnement-avec-un-prix-decevant\/\"},\"author\":{\"name\":\"Julien\",\"@id\":\"https:\/\/vieassociative.be\/actualites\/#\/schema\/person\/b87ac4f82f9d4e7b7cec7395b679edc4\"},\"headline\":\"La boucle polaire est un nouveau concurrent sans abonnement (avec un prix d\u00e9cevant)\",\"datePublished\":\"2025-09-04T07:17:40+00:00\",\"dateModified\":\"2025-09-04T07:17:40+00:00\",\"mainEntityOfPage\":{\"@id\":\"https:\/\/vieassociative.be\/actualites\/la-boucle-polaire-est-un-nouveau-concurrent-sans-abonnement-avec-un-prix-decevant\/\"},\"wordCount\":521,\"publisher\":{\"@id\":\"https:\/\/vieassociative.be\/actualites\/#organization\"},\"image\":{\"@id\":\"https:\/\/vieassociative.be\/actualites\/la-boucle-polaire-est-un-nouveau-concurrent-sans-abonnement-avec-un-prix-decevant\/#primaryimage\"},\"thumbnailUrl\":\"https:\/\/vieassociative.be\/actualites\/wp-content\/uploads\/2025\/09\/La-boucle-polaire-est-un-nouveau-concurrent-sans-abonnement-avec.png\",\"keywords\":[\"abonnement\",\"avec\",\"boucle\",\"concurrent\",\"d\u00e9cevant\",\"est\",\"nouveau\",\"polaire\",\"prix\",\"sans\"],\"articleSection\":[\"Sant\u00e9\"],\"inLanguage\":\"fr-BE\"},{\"@type\":\"WebPage\",\"@id\":\"https:\/\/vieassociative.be\/actualites\/la-boucle-polaire-est-un-nouveau-concurrent-sans-abonnement-avec-un-prix-decevant\/\",\"url\":\"https:\/\/vieassociative.be\/actualites\/la-boucle-polaire-est-un-nouveau-concurrent-sans-abonnement-avec-un-prix-decevant\/\",\"name\":\"La boucle polaire est un nouveau concurrent sans abonnement (avec un prix d\u00e9cevant) | Vie Associative\",\"isPartOf\":{\"@id\":\"https:\/\/vieassociative.be\/actualites\/#website\"},\"primaryImageOfPage\":{\"@id\":\"https:\/\/vieassociative.be\/actualites\/la-boucle-polaire-est-un-nouveau-concurrent-sans-abonnement-avec-un-prix-decevant\/#primaryimage\"},\"image\":{\"@id\":\"https:\/\/vieassociative.be\/actualites\/la-boucle-polaire-est-un-nouveau-concurrent-sans-abonnement-avec-un-prix-decevant\/#primaryimage\"},\"thumbnailUrl\":\"https:\/\/vieassociative.be\/actualites\/wp-content\/uploads\/2025\/09\/La-boucle-polaire-est-un-nouveau-concurrent-sans-abonnement-avec.png\",\"datePublished\":\"2025-09-04T07:17:40+00:00\",\"dateModified\":\"2025-09-04T07:17:40+00:00\",\"breadcrumb\":{\"@id\":\"https:\/\/vieassociative.be\/actualites\/la-boucle-polaire-est-un-nouveau-concurrent-sans-abonnement-avec-un-prix-decevant\/#breadcrumb\"},\"inLanguage\":\"fr-BE\",\"potentialAction\":[{\"@type\":\"ReadAction\",\"target\":[\"https:\/\/vieassociative.be\/actualites\/la-boucle-polaire-est-un-nouveau-concurrent-sans-abonnement-avec-un-prix-decevant\/\"]}]},{\"@type\":\"ImageObject\",\"inLanguage\":\"fr-BE\",\"@id\":\"https:\/\/vieassociative.be\/actualites\/la-boucle-polaire-est-un-nouveau-concurrent-sans-abonnement-avec-un-prix-decevant\/#primaryimage\",\"url\":\"https:\/\/vieassociative.be\/actualites\/wp-content\/uploads\/2025\/09\/La-boucle-polaire-est-un-nouveau-concurrent-sans-abonnement-avec.png\",\"contentUrl\":\"https:\/\/vieassociative.be\/actualites\/wp-content\/uploads\/2025\/09\/La-boucle-polaire-est-un-nouveau-concurrent-sans-abonnement-avec.png\",\"width\":1200,\"height\":675,\"caption\":\"La boucle polaire est un nouveau concurrent sans abonnement (avec un prix d\u00e9cevant)\"},{\"@type\":\"BreadcrumbList\",\"@id\":\"https:\/\/vieassociative.be\/actualites\/la-boucle-polaire-est-un-nouveau-concurrent-sans-abonnement-avec-un-prix-decevant\/#breadcrumb\",\"itemListElement\":[{\"@type\":\"ListItem\",\"position\":1,\"name\":\"Accueil\",\"item\":\"https:\/\/vieassociative.be\/actualites\/\"},{\"@type\":\"ListItem\",\"position\":2,\"name\":\"La boucle polaire est un nouveau concurrent sans abonnement (avec un prix d\u00e9cevant)\"}]},{\"@type\":\"WebSite\",\"@id\":\"https:\/\/vieassociative.be\/actualites\/#website\",\"url\":\"https:\/\/vieassociative.be\/actualites\/\",\"name\":\"Vie Associative\",\"description\":\"\",\"publisher\":{\"@id\":\"https:\/\/vieassociative.be\/actualites\/#organization\"},\"potentialAction\":[{\"@type\":\"SearchAction\",\"target\":{\"@type\":\"EntryPoint\",\"urlTemplate\":\"https:\/\/vieassociative.be\/actualites\/?s={search_term_string}\"},\"query-input\":{\"@type\":\"PropertyValueSpecification\",\"valueRequired\":true,\"valueName\":\"search_term_string\"}}],\"inLanguage\":\"fr-BE\"},{\"@type\":\"Organization\",\"@id\":\"https:\/\/vieassociative.be\/actualites\/#organization\",\"name\":\"Vie Associative\",\"url\":\"https:\/\/vieassociative.be\/actualites\/\",\"logo\":{\"@type\":\"ImageObject\",\"inLanguage\":\"fr-BE\",\"@id\":\"https:\/\/vieassociative.be\/actualites\/#\/schema\/logo\/image\/\",\"url\":\"https:\/\/vieassociative.be\/actualites\/wp-content\/uploads\/2024\/09\/cropped-vieassociative_favicon.ico.png\",\"contentUrl\":\"https:\/\/vieassociative.be\/actualites\/wp-content\/uploads\/2024\/09\/cropped-vieassociative_favicon.ico.png\",\"width\":512,\"height\":512,\"caption\":\"Vie Associative\"},\"image\":{\"@id\":\"https:\/\/vieassociative.be\/actualites\/#\/schema\/logo\/image\/\"}},{\"@type\":\"Person\",\"@id\":\"https:\/\/vieassociative.be\/actualites\/#\/schema\/person\/b87ac4f82f9d4e7b7cec7395b679edc4\",\"name\":\"Julien\",\"image\":{\"@type\":\"ImageObject\",\"inLanguage\":\"fr-BE\",\"@id\":\"https:\/\/vieassociative.be\/actualites\/#\/schema\/person\/image\/\",\"url\":\"https:\/\/vieassociative.be\/actualites\/wp-content\/uploads\/2024\/09\/vie-associative-1-150x150.jpg\",\"contentUrl\":\"https:\/\/vieassociative.be\/actualites\/wp-content\/uploads\/2024\/09\/vie-associative-1-150x150.jpg\",\"caption\":\"Julien\"},\"description\":\"Je suis Julien, r\u00e9dacteur pour Vie Associative. Passionn\u00e9 par le monde associatif depuis plus de 10 ans, j'ai \u00e0 c\u0153ur de partager des histoires inspirantes et de mettre en lumi\u00e8re les initiatives locales. Mon objectif est de sensibiliser et d'encourager l'engagement communautaire \u00e0 travers mes articles.\",\"sameAs\":[\"https:\/\/vieassociative.be\/\"]}]}<\/script>\n<!-- \/ Yoast SEO plugin. -->","yoast_head_json":{"title":"La boucle polaire est un nouveau concurrent sans abonnement (avec un prix d\u00e9cevant) | Vie Associative","robots":{"index":"index","follow":"follow","max-snippet":"max-snippet:-1","max-image-preview":"max-image-preview:large","max-video-preview":"max-video-preview:-1"},"canonical":"https:\/\/vieassociative.be\/actualites\/la-boucle-polaire-est-un-nouveau-concurrent-sans-abonnement-avec-un-prix-decevant\/","og_locale":"fr_FR","og_type":"article","og_title":"La boucle polaire est un nouveau concurrent sans abonnement (avec un prix d\u00e9cevant) | Vie Associative","og_description":"Le dispositif minimaliste tant attendu semble ne fournir que les bases. Saviez-vous que vous pouvez personnaliser Google pour filtrer les ordures? Prendre ces \u00e9tapes Pour","og_url":"https:\/\/vieassociative.be\/actualites\/la-boucle-polaire-est-un-nouveau-concurrent-sans-abonnement-avec-un-prix-decevant\/","og_site_name":"Vie Associative","article_published_time":"2025-09-04T07:17:40+00:00","og_image":[{"url":"https:\/\/vieassociative.be\/actualites\/wp-content\/uploads\/2025\/08\/1754414314_422_Les-brins-du-NYT-daujourdhui-indiquent-et-repondent-pour-le.jpg","type":"","width":"","height":""}],"author":"Julien","twitter_card":"summary_large_image","twitter_misc":{"\u00c9crit par":"Julien","Dur\u00e9e de lecture est.":"2 minutes"},"schema":{"@context":"https:\/\/schema.org","@graph":[{"@type":"Article","@id":"https:\/\/vieassociative.be\/actualites\/la-boucle-polaire-est-un-nouveau-concurrent-sans-abonnement-avec-un-prix-decevant\/#article","isPartOf":{"@id":"https:\/\/vieassociative.be\/actualites\/la-boucle-polaire-est-un-nouveau-concurrent-sans-abonnement-avec-un-prix-decevant\/"},"author":{"name":"Julien","@id":"https:\/\/vieassociative.be\/actualites\/#\/schema\/person\/b87ac4f82f9d4e7b7cec7395b679edc4"},"headline":"La boucle polaire est un nouveau concurrent sans abonnement (avec un prix d\u00e9cevant)","datePublished":"2025-09-04T07:17:40+00:00","dateModified":"2025-09-04T07:17:40+00:00","mainEntityOfPage":{"@id":"https:\/\/vieassociative.be\/actualites\/la-boucle-polaire-est-un-nouveau-concurrent-sans-abonnement-avec-un-prix-decevant\/"},"wordCount":521,"publisher":{"@id":"https:\/\/vieassociative.be\/actualites\/#organization"},"image":{"@id":"https:\/\/vieassociative.be\/actualites\/la-boucle-polaire-est-un-nouveau-concurrent-sans-abonnement-avec-un-prix-decevant\/#primaryimage"},"thumbnailUrl":"https:\/\/vieassociative.be\/actualites\/wp-content\/uploads\/2025\/09\/La-boucle-polaire-est-un-nouveau-concurrent-sans-abonnement-avec.png","keywords":["abonnement","avec","boucle","concurrent","d\u00e9cevant","est","nouveau","polaire","prix","sans"],"articleSection":["Sant\u00e9"],"inLanguage":"fr-BE"},{"@type":"WebPage","@id":"https:\/\/vieassociative.be\/actualites\/la-boucle-polaire-est-un-nouveau-concurrent-sans-abonnement-avec-un-prix-decevant\/","url":"https:\/\/vieassociative.be\/actualites\/la-boucle-polaire-est-un-nouveau-concurrent-sans-abonnement-avec-un-prix-decevant\/","name":"La boucle polaire est un nouveau concurrent sans abonnement (avec un prix d\u00e9cevant) | Vie Associative","isPartOf":{"@id":"https:\/\/vieassociative.be\/actualites\/#website"},"primaryImageOfPage":{"@id":"https:\/\/vieassociative.be\/actualites\/la-boucle-polaire-est-un-nouveau-concurrent-sans-abonnement-avec-un-prix-decevant\/#primaryimage"},"image":{"@id":"https:\/\/vieassociative.be\/actualites\/la-boucle-polaire-est-un-nouveau-concurrent-sans-abonnement-avec-un-prix-decevant\/#primaryimage"},"thumbnailUrl":"https:\/\/vieassociative.be\/actualites\/wp-content\/uploads\/2025\/09\/La-boucle-polaire-est-un-nouveau-concurrent-sans-abonnement-avec.png","datePublished":"2025-09-04T07:17:40+00:00","dateModified":"2025-09-04T07:17:40+00:00","breadcrumb":{"@id":"https:\/\/vieassociative.be\/actualites\/la-boucle-polaire-est-un-nouveau-concurrent-sans-abonnement-avec-un-prix-decevant\/#breadcrumb"},"inLanguage":"fr-BE","potentialAction":[{"@type":"ReadAction","target":["https:\/\/vieassociative.be\/actualites\/la-boucle-polaire-est-un-nouveau-concurrent-sans-abonnement-avec-un-prix-decevant\/"]}]},{"@type":"ImageObject","inLanguage":"fr-BE","@id":"https:\/\/vieassociative.be\/actualites\/la-boucle-polaire-est-un-nouveau-concurrent-sans-abonnement-avec-un-prix-decevant\/#primaryimage","url":"https:\/\/vieassociative.be\/actualites\/wp-content\/uploads\/2025\/09\/La-boucle-polaire-est-un-nouveau-concurrent-sans-abonnement-avec.png","contentUrl":"https:\/\/vieassociative.be\/actualites\/wp-content\/uploads\/2025\/09\/La-boucle-polaire-est-un-nouveau-concurrent-sans-abonnement-avec.png","width":1200,"height":675,"caption":"La boucle polaire est un nouveau concurrent sans abonnement (avec un prix d\u00e9cevant)"},{"@type":"BreadcrumbList","@id":"https:\/\/vieassociative.be\/actualites\/la-boucle-polaire-est-un-nouveau-concurrent-sans-abonnement-avec-un-prix-decevant\/#breadcrumb","itemListElement":[{"@type":"ListItem","position":1,"name":"Accueil","item":"https:\/\/vieassociative.be\/actualites\/"},{"@type":"ListItem","position":2,"name":"La boucle polaire est un nouveau concurrent sans abonnement (avec un prix d\u00e9cevant)"}]},{"@type":"WebSite","@id":"https:\/\/vieassociative.be\/actualites\/#website","url":"https:\/\/vieassociative.be\/actualites\/","name":"Vie Associative","description":"","publisher":{"@id":"https:\/\/vieassociative.be\/actualites\/#organization"},"potentialAction":[{"@type":"SearchAction","target":{"@type":"EntryPoint","urlTemplate":"https:\/\/vieassociative.be\/actualites\/?s={search_term_string}"},"query-input":{"@type":"PropertyValueSpecification","valueRequired":true,"valueName":"search_term_string"}}],"inLanguage":"fr-BE"},{"@type":"Organization","@id":"https:\/\/vieassociative.be\/actualites\/#organization","name":"Vie Associative","url":"https:\/\/vieassociative.be\/actualites\/","logo":{"@type":"ImageObject","inLanguage":"fr-BE","@id":"https:\/\/vieassociative.be\/actualites\/#\/schema\/logo\/image\/","url":"https:\/\/vieassociative.be\/actualites\/wp-content\/uploads\/2024\/09\/cropped-vieassociative_favicon.ico.png","contentUrl":"https:\/\/vieassociative.be\/actualites\/wp-content\/uploads\/2024\/09\/cropped-vieassociative_favicon.ico.png","width":512,"height":512,"caption":"Vie Associative"},"image":{"@id":"https:\/\/vieassociative.be\/actualites\/#\/schema\/logo\/image\/"}},{"@type":"Person","@id":"https:\/\/vieassociative.be\/actualites\/#\/schema\/person\/b87ac4f82f9d4e7b7cec7395b679edc4","name":"Julien","image":{"@type":"ImageObject","inLanguage":"fr-BE","@id":"https:\/\/vieassociative.be\/actualites\/#\/schema\/person\/image\/","url":"https:\/\/vieassociative.be\/actualites\/wp-content\/uploads\/2024\/09\/vie-associative-1-150x150.jpg","contentUrl":"https:\/\/vieassociative.be\/actualites\/wp-content\/uploads\/2024\/09\/vie-associative-1-150x150.jpg","caption":"Julien"},"description":"Je suis Julien, r\u00e9dacteur pour Vie Associative. Passionn\u00e9 par le monde associatif depuis plus de 10 ans, j'ai \u00e0 c\u0153ur de partager des histoires inspirantes et de mettre en lumi\u00e8re les initiatives locales. Mon objectif est de sensibiliser et d'encourager l'engagement communautaire \u00e0 travers mes articles.","sameAs":["https:\/\/vieassociative.be\/"]}]}},"_links":{"self":[{"href":"https:\/\/vieassociative.be\/actualites\/wp-json\/wp\/v2\/posts\/9808"}],"collection":[{"href":"https:\/\/vieassociative.be\/actualites\/wp-json\/wp\/v2\/posts"}],"about":[{"href":"https:\/\/vieassociative.be\/actualites\/wp-json\/wp\/v2\/types\/post"}],"author":[{"embeddable":true,"href":"https:\/\/vieassociative.be\/actualites\/wp-json\/wp\/v2\/users\/1"}],"replies":[{"embeddable":true,"href":"https:\/\/vieassociative.be\/actualites\/wp-json\/wp\/v2\/comments?post=9808"}],"version-history":[{"count":0,"href":"https:\/\/vieassociative.be\/actualites\/wp-json\/wp\/v2\/posts\/9808\/revisions"}],"wp:featuredmedia":[{"embeddable":true,"href":"https:\/\/vieassociative.be\/actualites\/wp-json\/wp\/v2\/media\/9809"}],"wp:attachment":[{"href":"https:\/\/vieassociative.be\/actualites\/wp-json\/wp\/v2\/media?parent=9808"}],"wp:term":[{"taxonomy":"category","embeddable":true,"href":"https:\/\/vieassociative.be\/actualites\/wp-json\/wp\/v2\/categories?post=9808"},{"taxonomy":"post_tag","embeddable":true,"href":"https:\/\/vieassociative.be\/actualites\/wp-json\/wp\/v2\/tags?post=9808"}],"curies":[{"name":"wp","href":"https:\/\/api.w.org\/{rel}","templated":true}]}}