{"id":9804,"date":"2025-09-04T04:17:42","date_gmt":"2025-09-04T02:17:42","guid":{"rendered":"https:\/\/vieassociative.be\/actualites\/deraillement-funiculaires-populaires-a-lisbonne-15-morts\/"},"modified":"2025-09-04T04:17:42","modified_gmt":"2025-09-04T02:17:42","slug":"deraillement-funiculaires-populaires-a-lisbonne-15-morts","status":"publish","type":"post","link":"https:\/\/vieassociative.be\/actualites\/deraillement-funiculaires-populaires-a-lisbonne-15-morts\/","title":{"rendered":"D\u00e9raillement funiculaires populaires \u00e0 Lisbonne &#8211; 15 morts"},"content":{"rendered":"<p><strong>Choc \u00e0 Lisbonne: Apr\u00e8s l&rsquo;accident d&rsquo;un funiculaire, le maire parle d&rsquo;une \u00ab\u00a0terrible soir\u00e9e\u00a0\u00bb. On pense qu&rsquo;il y a aussi des touristes de l&rsquo;\u00e9tranger parmi les d\u00e9c\u00e8s.<\/strong><\/p>\n<p><span id=\"more-423726\"><\/span>\u00c0 Lisbonne, 15 personnes sont d\u00e9c\u00e9d\u00e9es dans le d\u00e9raillement du stand historique \u00ab\u00a0Elevada Da Gloria\u00a0\u00bb.<\/p>\n<p>L&rsquo;accident des moyens de transport populaires du touriste s&rsquo;est produit mercredi soir au centre de la capitale portugaise pour une cause m\u00eame inconnue. On peut supposer qu&rsquo;il y a des touristes de l&rsquo;\u00e9tranger parmi les victimes. Un porte-parole des \u00e9quipes de sauvetage n&rsquo;a fourni aucune information sur les nationalit\u00e9s des victimes. Il a d\u00e9clar\u00e9 le nombre de blessures \u00e0 18 ans.<\/p>\n<p>Le maire Carlos Moedas a d\u00e9clar\u00e9 dans une interview avec \u00ab\u00a0Sic Not\u00edcias\u00a0\u00bb: \u00ab\u00a0C&rsquo;est une terrible soir\u00e9e pour Lisbonne, tr\u00e8s terrible\u00a0\u00bb. Les photos de t\u00e9l\u00e9vision ont montr\u00e9 comment le train \u00e9tait sur le c\u00f4t\u00e9 et a \u00e9t\u00e9 gravement endommag\u00e9.<\/p>\n<div id=\"attachment_423730\" class=\"wp-caption alignleft\" style=\"max-width: 252px\"><img fetchpriority=\"high\" decoding=\"async\" class=\"wp-image-423730 size-medium\" src=\"https:\/\/vieassociative.be\/actualites\/wp-content\/uploads\/2025\/09\/Deraillement-funiculaires-populaires-a-Lisbonne-15-morts.jpg\" alt=\"\" width=\"252\" height=\"300\"><\/div>\n<p>Dans les \u00e9missions en direct de diff\u00e9rentes cha\u00eenes de t\u00e9l\u00e9vision, vous avez vu beaucoup de fum\u00e9e depuis longtemps, de nombreux d\u00e9bris. Les sir\u00e8nes hurlaient non-stop, les \u00e9quipes de sauvetage ont travaill\u00e9 mouvement\u00e9es et infatigables.<\/p>\n<p>Un t\u00e9moin oculaire a d\u00e9clar\u00e9 dans \u00ab\u00a0sic not\u00edcias\u00a0\u00bb que le chemin de fer avait gliss\u00e9 avec un rugissement fort, gliss\u00e9 sur la route en pente et s&rsquo;est \u00e9cras\u00e9 contre un b\u00e2timent sur la place des Restradores au centre de Lisbonne. \u00ab\u00a0C&rsquo;\u00e9tait assourdissant, moi et d&rsquo;autres passants &#8211; je me suis enfui.\u00a0\u00bb La jeune femme, qui \u00e9tait encore visiblement enlev\u00e9e, a d\u00e9clar\u00e9 que les ambulanciers param\u00e9dicaux et les policiers \u00e9taient sur les lieux de l&rsquo;accident.<\/p>\n<p><strong>&#8211; Le pr\u00e9sident appelle \u00e0 une clarification rapide:<\/strong> La cha\u00eene d&rsquo;information \u00ab\u00a0Sic Not\u00edcias\u00a0\u00bb a rapport\u00e9, citant l&rsquo;op\u00e9rateur ferroviaire, la soci\u00e9t\u00e9 de transport de Lisbonne Carris selon laquelle une d\u00e9faillance des freins serait suspect\u00e9e comme cause de l&rsquo;accident. La police criminelle est sur place avec plusieurs fonctionnaires et a d\u00e9j\u00e0 lanc\u00e9 des enqu\u00eates. Jusqu&rsquo;\u00e0 pr\u00e9sent, il n&rsquo;y a pas eu un tel accident avec l&rsquo;une des cordes de stand \u00e0 Lisbonne.<\/p>\n<p>Le chef de l&rsquo;\u00c9tat du Portugal, Marcelo Rebelo de Sousa, a regrett\u00e9 l&rsquo;accident \u00ab\u00a0profond\u00e9ment\u00a0\u00bb et a exig\u00e9 que l&rsquo;incident \u00ab\u00a0soit rapidement clarifi\u00e9 par les corps responsables\u00a0\u00bb. La pr\u00e9sidente de la Commission europ\u00e9enne, Ursula von der Leyen, a exprim\u00e9 sa sympathie pour les parents des victimes.<\/p>\n<p>Le \u00ab\u00a0Elevador da Gloria\u00a0\u00bb a \u00e9t\u00e9 ouvert en 1885 et est l&rsquo;une des trois pistes de corde de ville historiques \u00e0 Lisbonne. Il relie la place centrale des restauradores Pra\u00e7a dos avec le quartier sup\u00e9rieur de Bairro Alto et couvre une distance d&rsquo;environ 200 m\u00e8tres.<\/p>\n<p>Le train est principalement une attraction touristique aujourd&rsquo;hui, mais il est \u00e9galement utilis\u00e9 par de nombreux habitants pour lesquels l&rsquo;itin\u00e9raire est trop raide. (DPA)<\/p>\n","protected":false},"excerpt":{"rendered":"<p>Choc \u00e0 Lisbonne: Apr\u00e8s l&rsquo;accident d&rsquo;un funiculaire, le maire parle d&rsquo;une \u00ab\u00a0terrible soir\u00e9e\u00a0\u00bb. On pense qu&rsquo;il y a aussi des touristes de l&rsquo;\u00e9tranger parmi les<\/p>\n","protected":false},"author":1,"featured_media":9805,"comment_status":"","ping_status":"","sticky":false,"template":"","format":"standard","meta":{"footnotes":""},"categories":[298],"tags":[8396,8397,3933,439,2795],"class_list":["post-9804","post","type-post","status-publish","format-standard","has-post-thumbnail","hentry","category-belgique","tag-deraillement","tag-funiculaires","tag-lisbonne","tag-morts","tag-populaires","generate-columns","tablet-grid-50","mobile-grid-100","grid-parent","grid-33"],"yoast_head":"<!-- This site is optimized with the Yoast SEO plugin v24.0 - https:\/\/yoast.com\/wordpress\/plugins\/seo\/ -->\n<title>D\u00e9raillement funiculaires populaires \u00e0 Lisbonne - 15 morts | Vie Associative<\/title>\n<meta name=\"robots\" content=\"index, follow, max-snippet:-1, max-image-preview:large, max-video-preview:-1\" \/>\n<link rel=\"canonical\" href=\"https:\/\/vieassociative.be\/actualites\/deraillement-funiculaires-populaires-a-lisbonne-15-morts\/\" \/>\n<meta property=\"og:locale\" content=\"fr_FR\" \/>\n<meta property=\"og:type\" content=\"article\" \/>\n<meta property=\"og:title\" content=\"D\u00e9raillement funiculaires populaires \u00e0 Lisbonne - 15 morts | Vie Associative\" \/>\n<meta property=\"og:description\" content=\"Choc \u00e0 Lisbonne: Apr\u00e8s l&rsquo;accident d&rsquo;un funiculaire, le maire parle d&rsquo;une \u00ab\u00a0terrible soir\u00e9e\u00a0\u00bb. On pense qu&rsquo;il y a aussi des touristes de l&rsquo;\u00e9tranger parmi les\" \/>\n<meta property=\"og:url\" content=\"https:\/\/vieassociative.be\/actualites\/deraillement-funiculaires-populaires-a-lisbonne-15-morts\/\" \/>\n<meta property=\"og:site_name\" content=\"Vie Associative\" \/>\n<meta property=\"article:published_time\" content=\"2025-09-04T02:17:42+00:00\" \/>\n<meta property=\"og:image\" content=\"https:\/\/vieassociative.be\/actualites\/wp-content\/uploads\/2024\/09\/header_backgroundk-01-e1726694325946.png\" \/>\n\t<meta property=\"og:image:width\" content=\"279\" \/>\n\t<meta property=\"og:image:height\" content=\"92\" \/>\n\t<meta property=\"og:image:type\" content=\"image\/png\" \/>\n<meta name=\"author\" content=\"Julien\" \/>\n<meta name=\"twitter:card\" content=\"summary_large_image\" \/>\n<meta name=\"twitter:label1\" content=\"\u00c9crit par\" \/>\n\t<meta name=\"twitter:data1\" content=\"Julien\" \/>\n\t<meta name=\"twitter:label2\" content=\"Dur\u00e9e de lecture est.\" \/>\n\t<meta name=\"twitter:data2\" content=\"2 minutes\" \/>\n<script type=\"application\/ld+json\" class=\"yoast-schema-graph\">{\"@context\":\"https:\/\/schema.org\",\"@graph\":[{\"@type\":\"Article\",\"@id\":\"https:\/\/vieassociative.be\/actualites\/deraillement-funiculaires-populaires-a-lisbonne-15-morts\/#article\",\"isPartOf\":{\"@id\":\"https:\/\/vieassociative.be\/actualites\/deraillement-funiculaires-populaires-a-lisbonne-15-morts\/\"},\"author\":{\"name\":\"Julien\",\"@id\":\"https:\/\/vieassociative.be\/actualites\/#\/schema\/person\/b87ac4f82f9d4e7b7cec7395b679edc4\"},\"headline\":\"D\u00e9raillement funiculaires populaires \u00e0 Lisbonne &#8211; 15 morts\",\"datePublished\":\"2025-09-04T02:17:42+00:00\",\"dateModified\":\"2025-09-04T02:17:42+00:00\",\"mainEntityOfPage\":{\"@id\":\"https:\/\/vieassociative.be\/actualites\/deraillement-funiculaires-populaires-a-lisbonne-15-morts\/\"},\"wordCount\":506,\"publisher\":{\"@id\":\"https:\/\/vieassociative.be\/actualites\/#organization\"},\"image\":{\"@id\":\"https:\/\/vieassociative.be\/actualites\/deraillement-funiculaires-populaires-a-lisbonne-15-morts\/#primaryimage\"},\"thumbnailUrl\":\"https:\/\/vieassociative.be\/actualites\/wp-content\/uploads\/2025\/09\/1756952263_Deraillement-funiculaires-populaires-a-Lisbonne-15-morts.jpg\",\"keywords\":[\"D\u00e9raillement\",\"funiculaires\",\"Lisbonne\",\"morts\",\"populaires\"],\"articleSection\":[\"Belgique\"],\"inLanguage\":\"fr-BE\"},{\"@type\":\"WebPage\",\"@id\":\"https:\/\/vieassociative.be\/actualites\/deraillement-funiculaires-populaires-a-lisbonne-15-morts\/\",\"url\":\"https:\/\/vieassociative.be\/actualites\/deraillement-funiculaires-populaires-a-lisbonne-15-morts\/\",\"name\":\"D\u00e9raillement funiculaires populaires \u00e0 Lisbonne - 15 morts | Vie Associative\",\"isPartOf\":{\"@id\":\"https:\/\/vieassociative.be\/actualites\/#website\"},\"primaryImageOfPage\":{\"@id\":\"https:\/\/vieassociative.be\/actualites\/deraillement-funiculaires-populaires-a-lisbonne-15-morts\/#primaryimage\"},\"image\":{\"@id\":\"https:\/\/vieassociative.be\/actualites\/deraillement-funiculaires-populaires-a-lisbonne-15-morts\/#primaryimage\"},\"thumbnailUrl\":\"https:\/\/vieassociative.be\/actualites\/wp-content\/uploads\/2025\/09\/1756952263_Deraillement-funiculaires-populaires-a-Lisbonne-15-morts.jpg\",\"datePublished\":\"2025-09-04T02:17:42+00:00\",\"dateModified\":\"2025-09-04T02:17:42+00:00\",\"breadcrumb\":{\"@id\":\"https:\/\/vieassociative.be\/actualites\/deraillement-funiculaires-populaires-a-lisbonne-15-morts\/#breadcrumb\"},\"inLanguage\":\"fr-BE\",\"potentialAction\":[{\"@type\":\"ReadAction\",\"target\":[\"https:\/\/vieassociative.be\/actualites\/deraillement-funiculaires-populaires-a-lisbonne-15-morts\/\"]}]},{\"@type\":\"ImageObject\",\"inLanguage\":\"fr-BE\",\"@id\":\"https:\/\/vieassociative.be\/actualites\/deraillement-funiculaires-populaires-a-lisbonne-15-morts\/#primaryimage\",\"url\":\"https:\/\/vieassociative.be\/actualites\/wp-content\/uploads\/2025\/09\/1756952263_Deraillement-funiculaires-populaires-a-Lisbonne-15-morts.jpg\",\"contentUrl\":\"https:\/\/vieassociative.be\/actualites\/wp-content\/uploads\/2025\/09\/1756952263_Deraillement-funiculaires-populaires-a-Lisbonne-15-morts.jpg\",\"width\":2560,\"height\":1707,\"caption\":\"D\u00e9raillement funiculaires populaires \u00e0 Lisbonne - 15 morts\"},{\"@type\":\"BreadcrumbList\",\"@id\":\"https:\/\/vieassociative.be\/actualites\/deraillement-funiculaires-populaires-a-lisbonne-15-morts\/#breadcrumb\",\"itemListElement\":[{\"@type\":\"ListItem\",\"position\":1,\"name\":\"Accueil\",\"item\":\"https:\/\/vieassociative.be\/actualites\/\"},{\"@type\":\"ListItem\",\"position\":2,\"name\":\"D\u00e9raillement funiculaires populaires \u00e0 Lisbonne &#8211; 15 morts\"}]},{\"@type\":\"WebSite\",\"@id\":\"https:\/\/vieassociative.be\/actualites\/#website\",\"url\":\"https:\/\/vieassociative.be\/actualites\/\",\"name\":\"Vie Associative\",\"description\":\"\",\"publisher\":{\"@id\":\"https:\/\/vieassociative.be\/actualites\/#organization\"},\"potentialAction\":[{\"@type\":\"SearchAction\",\"target\":{\"@type\":\"EntryPoint\",\"urlTemplate\":\"https:\/\/vieassociative.be\/actualites\/?s={search_term_string}\"},\"query-input\":{\"@type\":\"PropertyValueSpecification\",\"valueRequired\":true,\"valueName\":\"search_term_string\"}}],\"inLanguage\":\"fr-BE\"},{\"@type\":\"Organization\",\"@id\":\"https:\/\/vieassociative.be\/actualites\/#organization\",\"name\":\"Vie Associative\",\"url\":\"https:\/\/vieassociative.be\/actualites\/\",\"logo\":{\"@type\":\"ImageObject\",\"inLanguage\":\"fr-BE\",\"@id\":\"https:\/\/vieassociative.be\/actualites\/#\/schema\/logo\/image\/\",\"url\":\"https:\/\/vieassociative.be\/actualites\/wp-content\/uploads\/2024\/09\/cropped-vieassociative_favicon.ico.png\",\"contentUrl\":\"https:\/\/vieassociative.be\/actualites\/wp-content\/uploads\/2024\/09\/cropped-vieassociative_favicon.ico.png\",\"width\":512,\"height\":512,\"caption\":\"Vie Associative\"},\"image\":{\"@id\":\"https:\/\/vieassociative.be\/actualites\/#\/schema\/logo\/image\/\"}},{\"@type\":\"Person\",\"@id\":\"https:\/\/vieassociative.be\/actualites\/#\/schema\/person\/b87ac4f82f9d4e7b7cec7395b679edc4\",\"name\":\"Julien\",\"image\":{\"@type\":\"ImageObject\",\"inLanguage\":\"fr-BE\",\"@id\":\"https:\/\/vieassociative.be\/actualites\/#\/schema\/person\/image\/\",\"url\":\"https:\/\/vieassociative.be\/actualites\/wp-content\/uploads\/2024\/09\/vie-associative-1-150x150.jpg\",\"contentUrl\":\"https:\/\/vieassociative.be\/actualites\/wp-content\/uploads\/2024\/09\/vie-associative-1-150x150.jpg\",\"caption\":\"Julien\"},\"description\":\"Je suis Julien, r\u00e9dacteur pour Vie Associative. Passionn\u00e9 par le monde associatif depuis plus de 10 ans, j'ai \u00e0 c\u0153ur de partager des histoires inspirantes et de mettre en lumi\u00e8re les initiatives locales. Mon objectif est de sensibiliser et d'encourager l'engagement communautaire \u00e0 travers mes articles.\",\"sameAs\":[\"https:\/\/vieassociative.be\/\"]}]}<\/script>\n<!-- \/ Yoast SEO plugin. -->","yoast_head_json":{"title":"D\u00e9raillement funiculaires populaires \u00e0 Lisbonne - 15 morts | Vie Associative","robots":{"index":"index","follow":"follow","max-snippet":"max-snippet:-1","max-image-preview":"max-image-preview:large","max-video-preview":"max-video-preview:-1"},"canonical":"https:\/\/vieassociative.be\/actualites\/deraillement-funiculaires-populaires-a-lisbonne-15-morts\/","og_locale":"fr_FR","og_type":"article","og_title":"D\u00e9raillement funiculaires populaires \u00e0 Lisbonne - 15 morts | Vie Associative","og_description":"Choc \u00e0 Lisbonne: Apr\u00e8s l&rsquo;accident d&rsquo;un funiculaire, le maire parle d&rsquo;une \u00ab\u00a0terrible soir\u00e9e\u00a0\u00bb. On pense qu&rsquo;il y a aussi des touristes de l&rsquo;\u00e9tranger parmi les","og_url":"https:\/\/vieassociative.be\/actualites\/deraillement-funiculaires-populaires-a-lisbonne-15-morts\/","og_site_name":"Vie Associative","article_published_time":"2025-09-04T02:17:42+00:00","og_image":[{"width":279,"height":92,"url":"https:\/\/vieassociative.be\/actualites\/wp-content\/uploads\/2024\/09\/header_backgroundk-01-e1726694325946.png","type":"image\/png"}],"author":"Julien","twitter_card":"summary_large_image","twitter_misc":{"\u00c9crit par":"Julien","Dur\u00e9e de lecture est.":"2 minutes"},"schema":{"@context":"https:\/\/schema.org","@graph":[{"@type":"Article","@id":"https:\/\/vieassociative.be\/actualites\/deraillement-funiculaires-populaires-a-lisbonne-15-morts\/#article","isPartOf":{"@id":"https:\/\/vieassociative.be\/actualites\/deraillement-funiculaires-populaires-a-lisbonne-15-morts\/"},"author":{"name":"Julien","@id":"https:\/\/vieassociative.be\/actualites\/#\/schema\/person\/b87ac4f82f9d4e7b7cec7395b679edc4"},"headline":"D\u00e9raillement funiculaires populaires \u00e0 Lisbonne &#8211; 15 morts","datePublished":"2025-09-04T02:17:42+00:00","dateModified":"2025-09-04T02:17:42+00:00","mainEntityOfPage":{"@id":"https:\/\/vieassociative.be\/actualites\/deraillement-funiculaires-populaires-a-lisbonne-15-morts\/"},"wordCount":506,"publisher":{"@id":"https:\/\/vieassociative.be\/actualites\/#organization"},"image":{"@id":"https:\/\/vieassociative.be\/actualites\/deraillement-funiculaires-populaires-a-lisbonne-15-morts\/#primaryimage"},"thumbnailUrl":"https:\/\/vieassociative.be\/actualites\/wp-content\/uploads\/2025\/09\/1756952263_Deraillement-funiculaires-populaires-a-Lisbonne-15-morts.jpg","keywords":["D\u00e9raillement","funiculaires","Lisbonne","morts","populaires"],"articleSection":["Belgique"],"inLanguage":"fr-BE"},{"@type":"WebPage","@id":"https:\/\/vieassociative.be\/actualites\/deraillement-funiculaires-populaires-a-lisbonne-15-morts\/","url":"https:\/\/vieassociative.be\/actualites\/deraillement-funiculaires-populaires-a-lisbonne-15-morts\/","name":"D\u00e9raillement funiculaires populaires \u00e0 Lisbonne - 15 morts | Vie Associative","isPartOf":{"@id":"https:\/\/vieassociative.be\/actualites\/#website"},"primaryImageOfPage":{"@id":"https:\/\/vieassociative.be\/actualites\/deraillement-funiculaires-populaires-a-lisbonne-15-morts\/#primaryimage"},"image":{"@id":"https:\/\/vieassociative.be\/actualites\/deraillement-funiculaires-populaires-a-lisbonne-15-morts\/#primaryimage"},"thumbnailUrl":"https:\/\/vieassociative.be\/actualites\/wp-content\/uploads\/2025\/09\/1756952263_Deraillement-funiculaires-populaires-a-Lisbonne-15-morts.jpg","datePublished":"2025-09-04T02:17:42+00:00","dateModified":"2025-09-04T02:17:42+00:00","breadcrumb":{"@id":"https:\/\/vieassociative.be\/actualites\/deraillement-funiculaires-populaires-a-lisbonne-15-morts\/#breadcrumb"},"inLanguage":"fr-BE","potentialAction":[{"@type":"ReadAction","target":["https:\/\/vieassociative.be\/actualites\/deraillement-funiculaires-populaires-a-lisbonne-15-morts\/"]}]},{"@type":"ImageObject","inLanguage":"fr-BE","@id":"https:\/\/vieassociative.be\/actualites\/deraillement-funiculaires-populaires-a-lisbonne-15-morts\/#primaryimage","url":"https:\/\/vieassociative.be\/actualites\/wp-content\/uploads\/2025\/09\/1756952263_Deraillement-funiculaires-populaires-a-Lisbonne-15-morts.jpg","contentUrl":"https:\/\/vieassociative.be\/actualites\/wp-content\/uploads\/2025\/09\/1756952263_Deraillement-funiculaires-populaires-a-Lisbonne-15-morts.jpg","width":2560,"height":1707,"caption":"D\u00e9raillement funiculaires populaires \u00e0 Lisbonne - 15 morts"},{"@type":"BreadcrumbList","@id":"https:\/\/vieassociative.be\/actualites\/deraillement-funiculaires-populaires-a-lisbonne-15-morts\/#breadcrumb","itemListElement":[{"@type":"ListItem","position":1,"name":"Accueil","item":"https:\/\/vieassociative.be\/actualites\/"},{"@type":"ListItem","position":2,"name":"D\u00e9raillement funiculaires populaires \u00e0 Lisbonne &#8211; 15 morts"}]},{"@type":"WebSite","@id":"https:\/\/vieassociative.be\/actualites\/#website","url":"https:\/\/vieassociative.be\/actualites\/","name":"Vie Associative","description":"","publisher":{"@id":"https:\/\/vieassociative.be\/actualites\/#organization"},"potentialAction":[{"@type":"SearchAction","target":{"@type":"EntryPoint","urlTemplate":"https:\/\/vieassociative.be\/actualites\/?s={search_term_string}"},"query-input":{"@type":"PropertyValueSpecification","valueRequired":true,"valueName":"search_term_string"}}],"inLanguage":"fr-BE"},{"@type":"Organization","@id":"https:\/\/vieassociative.be\/actualites\/#organization","name":"Vie Associative","url":"https:\/\/vieassociative.be\/actualites\/","logo":{"@type":"ImageObject","inLanguage":"fr-BE","@id":"https:\/\/vieassociative.be\/actualites\/#\/schema\/logo\/image\/","url":"https:\/\/vieassociative.be\/actualites\/wp-content\/uploads\/2024\/09\/cropped-vieassociative_favicon.ico.png","contentUrl":"https:\/\/vieassociative.be\/actualites\/wp-content\/uploads\/2024\/09\/cropped-vieassociative_favicon.ico.png","width":512,"height":512,"caption":"Vie Associative"},"image":{"@id":"https:\/\/vieassociative.be\/actualites\/#\/schema\/logo\/image\/"}},{"@type":"Person","@id":"https:\/\/vieassociative.be\/actualites\/#\/schema\/person\/b87ac4f82f9d4e7b7cec7395b679edc4","name":"Julien","image":{"@type":"ImageObject","inLanguage":"fr-BE","@id":"https:\/\/vieassociative.be\/actualites\/#\/schema\/person\/image\/","url":"https:\/\/vieassociative.be\/actualites\/wp-content\/uploads\/2024\/09\/vie-associative-1-150x150.jpg","contentUrl":"https:\/\/vieassociative.be\/actualites\/wp-content\/uploads\/2024\/09\/vie-associative-1-150x150.jpg","caption":"Julien"},"description":"Je suis Julien, r\u00e9dacteur pour Vie Associative. Passionn\u00e9 par le monde associatif depuis plus de 10 ans, j'ai \u00e0 c\u0153ur de partager des histoires inspirantes et de mettre en lumi\u00e8re les initiatives locales. Mon objectif est de sensibiliser et d'encourager l'engagement communautaire \u00e0 travers mes articles.","sameAs":["https:\/\/vieassociative.be\/"]}]}},"_links":{"self":[{"href":"https:\/\/vieassociative.be\/actualites\/wp-json\/wp\/v2\/posts\/9804"}],"collection":[{"href":"https:\/\/vieassociative.be\/actualites\/wp-json\/wp\/v2\/posts"}],"about":[{"href":"https:\/\/vieassociative.be\/actualites\/wp-json\/wp\/v2\/types\/post"}],"author":[{"embeddable":true,"href":"https:\/\/vieassociative.be\/actualites\/wp-json\/wp\/v2\/users\/1"}],"replies":[{"embeddable":true,"href":"https:\/\/vieassociative.be\/actualites\/wp-json\/wp\/v2\/comments?post=9804"}],"version-history":[{"count":0,"href":"https:\/\/vieassociative.be\/actualites\/wp-json\/wp\/v2\/posts\/9804\/revisions"}],"wp:featuredmedia":[{"embeddable":true,"href":"https:\/\/vieassociative.be\/actualites\/wp-json\/wp\/v2\/media\/9805"}],"wp:attachment":[{"href":"https:\/\/vieassociative.be\/actualites\/wp-json\/wp\/v2\/media?parent=9804"}],"wp:term":[{"taxonomy":"category","embeddable":true,"href":"https:\/\/vieassociative.be\/actualites\/wp-json\/wp\/v2\/categories?post=9804"},{"taxonomy":"post_tag","embeddable":true,"href":"https:\/\/vieassociative.be\/actualites\/wp-json\/wp\/v2\/tags?post=9804"}],"curies":[{"name":"wp","href":"https:\/\/api.w.org\/{rel}","templated":true}]}}