{"id":9798,"date":"2025-09-03T22:16:56","date_gmt":"2025-09-03T20:16:56","guid":{"rendered":"https:\/\/vieassociative.be\/actualites\/eastbelgica-est-a-la-recherche-de-flexi-jobber-pour-le-cafe-mort-et-le-comptoir\/"},"modified":"2025-09-03T22:16:56","modified_gmt":"2025-09-03T20:16:56","slug":"eastbelgica-est-a-la-recherche-de-flexi-jobber-pour-le-cafe-mort-et-le-comptoir","status":"publish","type":"post","link":"https:\/\/vieassociative.be\/actualites\/eastbelgica-est-a-la-recherche-de-flexi-jobber-pour-le-cafe-mort-et-le-comptoir\/","title":{"rendered":"Eastbelgica est \u00e0 la recherche de flexi -Jobber pour le caf\u00e9 mort et le comptoir"},"content":{"rendered":"<p><strong>Eastbelgica recherche Flexijobber &#8211; en particulier pour le caf\u00e9 mort. L&rsquo;offre s&rsquo;adresse aux personnes motiv\u00e9es qui ont du temps pendant la journ\u00e9e et peuvent \u00e9galement intervenir dans un court d\u00e9lai.<\/strong><\/p>\n<p><span id=\"more-423719\"><\/span>\u00ab\u00a0Le caf\u00e9 Toten est des rencontres importantes apr\u00e8s les fun\u00e9railles. Ensemble, nous nous assurons d&rsquo;un cadre digne avec des boissons et de petits plats. C&rsquo;est exactement ce dont nous avons besoin: sensible, fiable et ind\u00e9pendant\u00a0\u00bb, a d\u00e9clar\u00e9 Eastbelgica dans un communiqu\u00e9 de presse.<\/p>\n<p>De plus, le soutien au comptoir du Kolpinghaus Eupen et dans notre emplacement d&rsquo;\u00e9v\u00e9nement Eastbelgica est \u00e9galement utilis\u00e9 lors des \u00e9v\u00e9nements. Cependant, l&rsquo;accent est actuel sur le caf\u00e9 mort, c&rsquo;est pourquoi la flexibilit\u00e9 temporelle est particuli\u00e8rement importante.<\/p>\n<p>En 2020, Eastbelgica a cr\u00e9\u00e9 l&#8217;emplacement de l&rsquo;\u00e9v\u00e9nement popup dans l&rsquo;Eupen Plaza et l&rsquo;a maintenant \u00e9tabli comme un emplacement d&rsquo;\u00e9v\u00e9nement. L&rsquo;administration du Kolpinghaus a \u00e9t\u00e9 ajout\u00e9e en 2021.<\/p>\n<p>Donc, si vous \u00eates \u00e0 la retraite, travaillez au moins 80% sur au moins \u00be an ou si vous \u00eates int\u00e9ress\u00e9 par un travail de temps occasionnel. Plus d&rsquo;informations et le formulaire de demande \u00e0 <u>www.eastbelgica.be\/flexijob<\/u><\/p>\n","protected":false},"excerpt":{"rendered":"<p>Eastbelgica recherche Flexijobber &#8211; en particulier pour le caf\u00e9 mort. L&rsquo;offre s&rsquo;adresse aux personnes motiv\u00e9es qui ont du temps pendant la journ\u00e9e et peuvent \u00e9galement<\/p>\n","protected":false},"author":1,"featured_media":9799,"comment_status":"","ping_status":"","sticky":false,"template":"","format":"standard","meta":{"footnotes":""},"categories":[298],"tags":[5289,521,8393,76,8394,8395,1717,81,718],"class_list":["post-9798","post","type-post","status-publish","format-standard","has-post-thumbnail","hentry","category-belgique","tag-cafe","tag-comptoir","tag-eastbelgica","tag-est","tag-flexi","tag-jobber","tag-mort","tag-pour","tag-recherche","generate-columns","tablet-grid-50","mobile-grid-100","grid-parent","grid-33"],"yoast_head":"<!-- This site is optimized with the Yoast SEO plugin v24.0 - https:\/\/yoast.com\/wordpress\/plugins\/seo\/ -->\n<title>Eastbelgica est \u00e0 la recherche de flexi -Jobber pour le caf\u00e9 mort et le comptoir | Vie Associative<\/title>\n<meta name=\"robots\" content=\"index, follow, max-snippet:-1, max-image-preview:large, max-video-preview:-1\" \/>\n<link rel=\"canonical\" href=\"https:\/\/vieassociative.be\/actualites\/eastbelgica-est-a-la-recherche-de-flexi-jobber-pour-le-cafe-mort-et-le-comptoir\/\" \/>\n<meta property=\"og:locale\" content=\"fr_FR\" \/>\n<meta property=\"og:type\" content=\"article\" \/>\n<meta property=\"og:title\" content=\"Eastbelgica est \u00e0 la recherche de flexi -Jobber pour le caf\u00e9 mort et le comptoir | Vie Associative\" \/>\n<meta property=\"og:description\" content=\"Eastbelgica recherche Flexijobber &#8211; en particulier pour le caf\u00e9 mort. L&rsquo;offre s&rsquo;adresse aux personnes motiv\u00e9es qui ont du temps pendant la journ\u00e9e et peuvent \u00e9galement\" \/>\n<meta property=\"og:url\" content=\"https:\/\/vieassociative.be\/actualites\/eastbelgica-est-a-la-recherche-de-flexi-jobber-pour-le-cafe-mort-et-le-comptoir\/\" \/>\n<meta property=\"og:site_name\" content=\"Vie Associative\" \/>\n<meta property=\"article:published_time\" content=\"2025-09-03T20:16:56+00:00\" \/>\n<meta property=\"og:image\" content=\"https:\/\/vieassociative.be\/actualites\/wp-content\/uploads\/2024\/09\/header_backgroundk-01-e1726694325946.png\" \/>\n\t<meta property=\"og:image:width\" content=\"279\" \/>\n\t<meta property=\"og:image:height\" content=\"92\" \/>\n\t<meta property=\"og:image:type\" content=\"image\/png\" \/>\n<meta name=\"author\" content=\"Julien\" \/>\n<meta name=\"twitter:card\" content=\"summary_large_image\" \/>\n<meta name=\"twitter:label1\" content=\"\u00c9crit par\" \/>\n\t<meta name=\"twitter:data1\" content=\"Julien\" \/>\n\t<meta name=\"twitter:label2\" content=\"Dur\u00e9e de lecture est.\" \/>\n\t<meta name=\"twitter:data2\" content=\"1 minute\" \/>\n<script type=\"application\/ld+json\" class=\"yoast-schema-graph\">{\"@context\":\"https:\/\/schema.org\",\"@graph\":[{\"@type\":\"Article\",\"@id\":\"https:\/\/vieassociative.be\/actualites\/eastbelgica-est-a-la-recherche-de-flexi-jobber-pour-le-cafe-mort-et-le-comptoir\/#article\",\"isPartOf\":{\"@id\":\"https:\/\/vieassociative.be\/actualites\/eastbelgica-est-a-la-recherche-de-flexi-jobber-pour-le-cafe-mort-et-le-comptoir\/\"},\"author\":{\"name\":\"Julien\",\"@id\":\"https:\/\/vieassociative.be\/actualites\/#\/schema\/person\/b87ac4f82f9d4e7b7cec7395b679edc4\"},\"headline\":\"Eastbelgica est \u00e0 la recherche de flexi -Jobber pour le caf\u00e9 mort et le comptoir\",\"datePublished\":\"2025-09-03T20:16:56+00:00\",\"dateModified\":\"2025-09-03T20:16:56+00:00\",\"mainEntityOfPage\":{\"@id\":\"https:\/\/vieassociative.be\/actualites\/eastbelgica-est-a-la-recherche-de-flexi-jobber-pour-le-cafe-mort-et-le-comptoir\/\"},\"wordCount\":213,\"publisher\":{\"@id\":\"https:\/\/vieassociative.be\/actualites\/#organization\"},\"image\":{\"@id\":\"https:\/\/vieassociative.be\/actualites\/eastbelgica-est-a-la-recherche-de-flexi-jobber-pour-le-cafe-mort-et-le-comptoir\/#primaryimage\"},\"thumbnailUrl\":\"https:\/\/vieassociative.be\/actualites\/wp-content\/uploads\/2025\/09\/Eastbelgica-est-a-la-recherche-de-flexi-Jobber-pour-le.jpg\",\"keywords\":[\"Cafe\",\"comptoir\",\"Eastbelgica\",\"est\",\"flexi\",\"Jobber\",\"mort\",\"pour\",\"recherche\"],\"articleSection\":[\"Belgique\"],\"inLanguage\":\"fr-BE\"},{\"@type\":\"WebPage\",\"@id\":\"https:\/\/vieassociative.be\/actualites\/eastbelgica-est-a-la-recherche-de-flexi-jobber-pour-le-cafe-mort-et-le-comptoir\/\",\"url\":\"https:\/\/vieassociative.be\/actualites\/eastbelgica-est-a-la-recherche-de-flexi-jobber-pour-le-cafe-mort-et-le-comptoir\/\",\"name\":\"Eastbelgica est \u00e0 la recherche de flexi -Jobber pour le caf\u00e9 mort et le comptoir | Vie Associative\",\"isPartOf\":{\"@id\":\"https:\/\/vieassociative.be\/actualites\/#website\"},\"primaryImageOfPage\":{\"@id\":\"https:\/\/vieassociative.be\/actualites\/eastbelgica-est-a-la-recherche-de-flexi-jobber-pour-le-cafe-mort-et-le-comptoir\/#primaryimage\"},\"image\":{\"@id\":\"https:\/\/vieassociative.be\/actualites\/eastbelgica-est-a-la-recherche-de-flexi-jobber-pour-le-cafe-mort-et-le-comptoir\/#primaryimage\"},\"thumbnailUrl\":\"https:\/\/vieassociative.be\/actualites\/wp-content\/uploads\/2025\/09\/Eastbelgica-est-a-la-recherche-de-flexi-Jobber-pour-le.jpg\",\"datePublished\":\"2025-09-03T20:16:56+00:00\",\"dateModified\":\"2025-09-03T20:16:56+00:00\",\"breadcrumb\":{\"@id\":\"https:\/\/vieassociative.be\/actualites\/eastbelgica-est-a-la-recherche-de-flexi-jobber-pour-le-cafe-mort-et-le-comptoir\/#breadcrumb\"},\"inLanguage\":\"fr-BE\",\"potentialAction\":[{\"@type\":\"ReadAction\",\"target\":[\"https:\/\/vieassociative.be\/actualites\/eastbelgica-est-a-la-recherche-de-flexi-jobber-pour-le-cafe-mort-et-le-comptoir\/\"]}]},{\"@type\":\"ImageObject\",\"inLanguage\":\"fr-BE\",\"@id\":\"https:\/\/vieassociative.be\/actualites\/eastbelgica-est-a-la-recherche-de-flexi-jobber-pour-le-cafe-mort-et-le-comptoir\/#primaryimage\",\"url\":\"https:\/\/vieassociative.be\/actualites\/wp-content\/uploads\/2025\/09\/Eastbelgica-est-a-la-recherche-de-flexi-Jobber-pour-le.jpg\",\"contentUrl\":\"https:\/\/vieassociative.be\/actualites\/wp-content\/uploads\/2025\/09\/Eastbelgica-est-a-la-recherche-de-flexi-Jobber-pour-le.jpg\",\"width\":2560,\"height\":1707,\"caption\":\"Eastbelgica est \u00e0 la recherche de flexi -Jobber pour le caf\u00e9 mort et le comptoir\"},{\"@type\":\"BreadcrumbList\",\"@id\":\"https:\/\/vieassociative.be\/actualites\/eastbelgica-est-a-la-recherche-de-flexi-jobber-pour-le-cafe-mort-et-le-comptoir\/#breadcrumb\",\"itemListElement\":[{\"@type\":\"ListItem\",\"position\":1,\"name\":\"Accueil\",\"item\":\"https:\/\/vieassociative.be\/actualites\/\"},{\"@type\":\"ListItem\",\"position\":2,\"name\":\"Eastbelgica est \u00e0 la recherche de flexi -Jobber pour le caf\u00e9 mort et le comptoir\"}]},{\"@type\":\"WebSite\",\"@id\":\"https:\/\/vieassociative.be\/actualites\/#website\",\"url\":\"https:\/\/vieassociative.be\/actualites\/\",\"name\":\"Vie Associative\",\"description\":\"\",\"publisher\":{\"@id\":\"https:\/\/vieassociative.be\/actualites\/#organization\"},\"potentialAction\":[{\"@type\":\"SearchAction\",\"target\":{\"@type\":\"EntryPoint\",\"urlTemplate\":\"https:\/\/vieassociative.be\/actualites\/?s={search_term_string}\"},\"query-input\":{\"@type\":\"PropertyValueSpecification\",\"valueRequired\":true,\"valueName\":\"search_term_string\"}}],\"inLanguage\":\"fr-BE\"},{\"@type\":\"Organization\",\"@id\":\"https:\/\/vieassociative.be\/actualites\/#organization\",\"name\":\"Vie Associative\",\"url\":\"https:\/\/vieassociative.be\/actualites\/\",\"logo\":{\"@type\":\"ImageObject\",\"inLanguage\":\"fr-BE\",\"@id\":\"https:\/\/vieassociative.be\/actualites\/#\/schema\/logo\/image\/\",\"url\":\"https:\/\/vieassociative.be\/actualites\/wp-content\/uploads\/2024\/09\/cropped-vieassociative_favicon.ico.png\",\"contentUrl\":\"https:\/\/vieassociative.be\/actualites\/wp-content\/uploads\/2024\/09\/cropped-vieassociative_favicon.ico.png\",\"width\":512,\"height\":512,\"caption\":\"Vie Associative\"},\"image\":{\"@id\":\"https:\/\/vieassociative.be\/actualites\/#\/schema\/logo\/image\/\"}},{\"@type\":\"Person\",\"@id\":\"https:\/\/vieassociative.be\/actualites\/#\/schema\/person\/b87ac4f82f9d4e7b7cec7395b679edc4\",\"name\":\"Julien\",\"image\":{\"@type\":\"ImageObject\",\"inLanguage\":\"fr-BE\",\"@id\":\"https:\/\/vieassociative.be\/actualites\/#\/schema\/person\/image\/\",\"url\":\"https:\/\/vieassociative.be\/actualites\/wp-content\/uploads\/2024\/09\/vie-associative-1-150x150.jpg\",\"contentUrl\":\"https:\/\/vieassociative.be\/actualites\/wp-content\/uploads\/2024\/09\/vie-associative-1-150x150.jpg\",\"caption\":\"Julien\"},\"description\":\"Je suis Julien, r\u00e9dacteur pour Vie Associative. Passionn\u00e9 par le monde associatif depuis plus de 10 ans, j'ai \u00e0 c\u0153ur de partager des histoires inspirantes et de mettre en lumi\u00e8re les initiatives locales. Mon objectif est de sensibiliser et d'encourager l'engagement communautaire \u00e0 travers mes articles.\",\"sameAs\":[\"https:\/\/vieassociative.be\/\"]}]}<\/script>\n<!-- \/ Yoast SEO plugin. -->","yoast_head_json":{"title":"Eastbelgica est \u00e0 la recherche de flexi -Jobber pour le caf\u00e9 mort et le comptoir | Vie Associative","robots":{"index":"index","follow":"follow","max-snippet":"max-snippet:-1","max-image-preview":"max-image-preview:large","max-video-preview":"max-video-preview:-1"},"canonical":"https:\/\/vieassociative.be\/actualites\/eastbelgica-est-a-la-recherche-de-flexi-jobber-pour-le-cafe-mort-et-le-comptoir\/","og_locale":"fr_FR","og_type":"article","og_title":"Eastbelgica est \u00e0 la recherche de flexi -Jobber pour le caf\u00e9 mort et le comptoir | Vie Associative","og_description":"Eastbelgica recherche Flexijobber &#8211; en particulier pour le caf\u00e9 mort. L&rsquo;offre s&rsquo;adresse aux personnes motiv\u00e9es qui ont du temps pendant la journ\u00e9e et peuvent \u00e9galement","og_url":"https:\/\/vieassociative.be\/actualites\/eastbelgica-est-a-la-recherche-de-flexi-jobber-pour-le-cafe-mort-et-le-comptoir\/","og_site_name":"Vie Associative","article_published_time":"2025-09-03T20:16:56+00:00","og_image":[{"width":279,"height":92,"url":"https:\/\/vieassociative.be\/actualites\/wp-content\/uploads\/2024\/09\/header_backgroundk-01-e1726694325946.png","type":"image\/png"}],"author":"Julien","twitter_card":"summary_large_image","twitter_misc":{"\u00c9crit par":"Julien","Dur\u00e9e de lecture est.":"1 minute"},"schema":{"@context":"https:\/\/schema.org","@graph":[{"@type":"Article","@id":"https:\/\/vieassociative.be\/actualites\/eastbelgica-est-a-la-recherche-de-flexi-jobber-pour-le-cafe-mort-et-le-comptoir\/#article","isPartOf":{"@id":"https:\/\/vieassociative.be\/actualites\/eastbelgica-est-a-la-recherche-de-flexi-jobber-pour-le-cafe-mort-et-le-comptoir\/"},"author":{"name":"Julien","@id":"https:\/\/vieassociative.be\/actualites\/#\/schema\/person\/b87ac4f82f9d4e7b7cec7395b679edc4"},"headline":"Eastbelgica est \u00e0 la recherche de flexi -Jobber pour le caf\u00e9 mort et le comptoir","datePublished":"2025-09-03T20:16:56+00:00","dateModified":"2025-09-03T20:16:56+00:00","mainEntityOfPage":{"@id":"https:\/\/vieassociative.be\/actualites\/eastbelgica-est-a-la-recherche-de-flexi-jobber-pour-le-cafe-mort-et-le-comptoir\/"},"wordCount":213,"publisher":{"@id":"https:\/\/vieassociative.be\/actualites\/#organization"},"image":{"@id":"https:\/\/vieassociative.be\/actualites\/eastbelgica-est-a-la-recherche-de-flexi-jobber-pour-le-cafe-mort-et-le-comptoir\/#primaryimage"},"thumbnailUrl":"https:\/\/vieassociative.be\/actualites\/wp-content\/uploads\/2025\/09\/Eastbelgica-est-a-la-recherche-de-flexi-Jobber-pour-le.jpg","keywords":["Cafe","comptoir","Eastbelgica","est","flexi","Jobber","mort","pour","recherche"],"articleSection":["Belgique"],"inLanguage":"fr-BE"},{"@type":"WebPage","@id":"https:\/\/vieassociative.be\/actualites\/eastbelgica-est-a-la-recherche-de-flexi-jobber-pour-le-cafe-mort-et-le-comptoir\/","url":"https:\/\/vieassociative.be\/actualites\/eastbelgica-est-a-la-recherche-de-flexi-jobber-pour-le-cafe-mort-et-le-comptoir\/","name":"Eastbelgica est \u00e0 la recherche de flexi -Jobber pour le caf\u00e9 mort et le comptoir | Vie Associative","isPartOf":{"@id":"https:\/\/vieassociative.be\/actualites\/#website"},"primaryImageOfPage":{"@id":"https:\/\/vieassociative.be\/actualites\/eastbelgica-est-a-la-recherche-de-flexi-jobber-pour-le-cafe-mort-et-le-comptoir\/#primaryimage"},"image":{"@id":"https:\/\/vieassociative.be\/actualites\/eastbelgica-est-a-la-recherche-de-flexi-jobber-pour-le-cafe-mort-et-le-comptoir\/#primaryimage"},"thumbnailUrl":"https:\/\/vieassociative.be\/actualites\/wp-content\/uploads\/2025\/09\/Eastbelgica-est-a-la-recherche-de-flexi-Jobber-pour-le.jpg","datePublished":"2025-09-03T20:16:56+00:00","dateModified":"2025-09-03T20:16:56+00:00","breadcrumb":{"@id":"https:\/\/vieassociative.be\/actualites\/eastbelgica-est-a-la-recherche-de-flexi-jobber-pour-le-cafe-mort-et-le-comptoir\/#breadcrumb"},"inLanguage":"fr-BE","potentialAction":[{"@type":"ReadAction","target":["https:\/\/vieassociative.be\/actualites\/eastbelgica-est-a-la-recherche-de-flexi-jobber-pour-le-cafe-mort-et-le-comptoir\/"]}]},{"@type":"ImageObject","inLanguage":"fr-BE","@id":"https:\/\/vieassociative.be\/actualites\/eastbelgica-est-a-la-recherche-de-flexi-jobber-pour-le-cafe-mort-et-le-comptoir\/#primaryimage","url":"https:\/\/vieassociative.be\/actualites\/wp-content\/uploads\/2025\/09\/Eastbelgica-est-a-la-recherche-de-flexi-Jobber-pour-le.jpg","contentUrl":"https:\/\/vieassociative.be\/actualites\/wp-content\/uploads\/2025\/09\/Eastbelgica-est-a-la-recherche-de-flexi-Jobber-pour-le.jpg","width":2560,"height":1707,"caption":"Eastbelgica est \u00e0 la recherche de flexi -Jobber pour le caf\u00e9 mort et le comptoir"},{"@type":"BreadcrumbList","@id":"https:\/\/vieassociative.be\/actualites\/eastbelgica-est-a-la-recherche-de-flexi-jobber-pour-le-cafe-mort-et-le-comptoir\/#breadcrumb","itemListElement":[{"@type":"ListItem","position":1,"name":"Accueil","item":"https:\/\/vieassociative.be\/actualites\/"},{"@type":"ListItem","position":2,"name":"Eastbelgica est \u00e0 la recherche de flexi -Jobber pour le caf\u00e9 mort et le comptoir"}]},{"@type":"WebSite","@id":"https:\/\/vieassociative.be\/actualites\/#website","url":"https:\/\/vieassociative.be\/actualites\/","name":"Vie Associative","description":"","publisher":{"@id":"https:\/\/vieassociative.be\/actualites\/#organization"},"potentialAction":[{"@type":"SearchAction","target":{"@type":"EntryPoint","urlTemplate":"https:\/\/vieassociative.be\/actualites\/?s={search_term_string}"},"query-input":{"@type":"PropertyValueSpecification","valueRequired":true,"valueName":"search_term_string"}}],"inLanguage":"fr-BE"},{"@type":"Organization","@id":"https:\/\/vieassociative.be\/actualites\/#organization","name":"Vie Associative","url":"https:\/\/vieassociative.be\/actualites\/","logo":{"@type":"ImageObject","inLanguage":"fr-BE","@id":"https:\/\/vieassociative.be\/actualites\/#\/schema\/logo\/image\/","url":"https:\/\/vieassociative.be\/actualites\/wp-content\/uploads\/2024\/09\/cropped-vieassociative_favicon.ico.png","contentUrl":"https:\/\/vieassociative.be\/actualites\/wp-content\/uploads\/2024\/09\/cropped-vieassociative_favicon.ico.png","width":512,"height":512,"caption":"Vie Associative"},"image":{"@id":"https:\/\/vieassociative.be\/actualites\/#\/schema\/logo\/image\/"}},{"@type":"Person","@id":"https:\/\/vieassociative.be\/actualites\/#\/schema\/person\/b87ac4f82f9d4e7b7cec7395b679edc4","name":"Julien","image":{"@type":"ImageObject","inLanguage":"fr-BE","@id":"https:\/\/vieassociative.be\/actualites\/#\/schema\/person\/image\/","url":"https:\/\/vieassociative.be\/actualites\/wp-content\/uploads\/2024\/09\/vie-associative-1-150x150.jpg","contentUrl":"https:\/\/vieassociative.be\/actualites\/wp-content\/uploads\/2024\/09\/vie-associative-1-150x150.jpg","caption":"Julien"},"description":"Je suis Julien, r\u00e9dacteur pour Vie Associative. Passionn\u00e9 par le monde associatif depuis plus de 10 ans, j'ai \u00e0 c\u0153ur de partager des histoires inspirantes et de mettre en lumi\u00e8re les initiatives locales. Mon objectif est de sensibiliser et d'encourager l'engagement communautaire \u00e0 travers mes articles.","sameAs":["https:\/\/vieassociative.be\/"]}]}},"_links":{"self":[{"href":"https:\/\/vieassociative.be\/actualites\/wp-json\/wp\/v2\/posts\/9798"}],"collection":[{"href":"https:\/\/vieassociative.be\/actualites\/wp-json\/wp\/v2\/posts"}],"about":[{"href":"https:\/\/vieassociative.be\/actualites\/wp-json\/wp\/v2\/types\/post"}],"author":[{"embeddable":true,"href":"https:\/\/vieassociative.be\/actualites\/wp-json\/wp\/v2\/users\/1"}],"replies":[{"embeddable":true,"href":"https:\/\/vieassociative.be\/actualites\/wp-json\/wp\/v2\/comments?post=9798"}],"version-history":[{"count":0,"href":"https:\/\/vieassociative.be\/actualites\/wp-json\/wp\/v2\/posts\/9798\/revisions"}],"wp:featuredmedia":[{"embeddable":true,"href":"https:\/\/vieassociative.be\/actualites\/wp-json\/wp\/v2\/media\/9799"}],"wp:attachment":[{"href":"https:\/\/vieassociative.be\/actualites\/wp-json\/wp\/v2\/media?parent=9798"}],"wp:term":[{"taxonomy":"category","embeddable":true,"href":"https:\/\/vieassociative.be\/actualites\/wp-json\/wp\/v2\/categories?post=9798"},{"taxonomy":"post_tag","embeddable":true,"href":"https:\/\/vieassociative.be\/actualites\/wp-json\/wp\/v2\/tags?post=9798"}],"curies":[{"name":"wp","href":"https:\/\/api.w.org\/{rel}","templated":true}]}}